{"id":76631,"date":"2020-01-27T23:48:11","date_gmt":"2020-01-28T06:48:11","guid":{"rendered":"https:\/\/www.sonoraenequipo.com.mx\/?p=76631"},"modified":"2020-01-28T06:47:23","modified_gmt":"2020-01-28T13:47:23","slug":"liberacion-de-casetas-capufe-decide-retomar-cobro-en-casetas-jorge-taddei","status":"publish","type":"post","link":"https:\/\/www.sonoraenequipo.com.mx\/liberacion-de-casetas-capufe-decide-retomar-cobro-en-casetas-jorge-taddei\/","title":{"rendered":"Liberaci\u00f3n de casetas. Capufe decide retomar cobro en casetas: Jorge Taddei"},"content":{"rendered":"<p>HERMOSILLO, SONORA. MX. \u2014\u00a0 Fue decisi\u00f3n particular de Caminos y Puentes Federales (Capufe) retomar el cobro en las casetas del estado que se manten\u00edan liberadas por integrantes del M<em><strong>ovimiento Unidos por el Libre Tr\u00e1nsito<\/strong><\/em> y se desconoce sobre el supuesto acuerdo al que llegaron los manifestantes con diputados federales, indic\u00f3 Jorge Taddei Bringas.<\/p>\n<p> <\/p>\n<p>El delegado de Bienestar Social en Sonora y representante del gobierno federal dijo que se dio por entendido que los activistas se retiraron de los puntos de peaje debido a que ya no les fue permitido realizar \u2018boteo\u2019 con los automovilistas.<\/p>\n<p><em>\u201cEntiendo que ya los manifestantes se hicieron a un lado, se supone que hab\u00eda ah\u00ed un recurso que les daban para sobrevivir seg\u00fan sus propias declaraciones y al no haberlo se hicieron a un lado. Capufe tom\u00f3 la decisi\u00f3n sin que yo est\u00e9 enterado c\u00f3mo ni cu\u00e1ndo, ni d\u00f3nde regresaron a cobrar las cuotas\u201d,<\/em> coment\u00f3.<\/p>\n<p>Se\u00f1al\u00f3 que debe exigirse transparencia en cuanto a la aplicaci\u00f3n de los recursos por el cobro de las casetas a los veh\u00edculos que transitan por la v\u00eda federal.<\/p>\n<p>Taddei Bringas aclar\u00f3 que queda abierta la posibilidad de hacer efectivo, en caso de haberlo, un amparo a favor de los manifestantes, quienes exigen la cancelaci\u00f3n definitiva del cobro de peaje.<\/p>\n<p>https:\/\/www.facebook.com\/noticiashermosillo\/videos\/524660211488579\/<\/p>\n<p>PUBLICADO EL 27\/01\/2020 \/ M\u00f3nica Miranda \u2014 UNIRADIO)<\/p>\n","protected":false},"excerpt":{"rendered":"<p>HERMOSILLO, SONORA. MX. \u2014\u00a0 Fue decisi\u00f3n particular de Caminos y Puentes Federales (Capufe) retomar el&#8230;<\/p>\n","protected":false},"author":1,"featured_media":76632,"comment_status":"open","ping_status":"open","sticky":false,"template":"","format":"standard","meta":{"_monsterinsights_skip_tracking":false,"_monsterinsights_sitenote_active":false,"_monsterinsights_sitenote_note":"","_monsterinsights_sitenote_category":0,"footnotes":""},"categories":[5],"tags":[],"class_list":["post"],"yoast_head":" \n<title>Sonora en Equipo. Liberaci\u00f3n de casetas. Capufe decide retomar cobro en casetas: Jorge Taddei Rep\u00fablica<\/title>\n<meta name=\"description\" content=\"HERMOSILLO, SONORA. MX. \u2014\u00a0 Fue decisi\u00f3n particular de Caminos y Puentes Federales (Capufe) retomar el cobro en las casetas del estado que se manten\u00edan En Sonora en Equipo publicamos toda la informaci\u00f3n de Sonora, M\u00e9xico y el Mundo de manera oportuna y busca que la libertad de expresi\u00f3n sea real. Visita nuestro medio informativo publicado desde Hermosillo, Sonora. %\" \/>\n<meta name=\"robots\" content=\"index, follow, max-snippet:-1, max-image-preview:large, max-video-preview:-1\" \/>\n<link rel=\"canonical\" href=\"https:\/\/www.sonoraenequipo.com.mx\/liberacion-de-casetas-capufe-decide-retomar-cobro-en-casetas-jorge-taddei\/\" \/>\n<meta property=\"og:locale\" content=\"es_ES\" \/>\n<meta property=\"og:type\" content=\"article\" \/>\n<meta property=\"og:title\" content=\"Sonora en Equipo. Liberaci\u00f3n de casetas. Capufe decide retomar cobro en casetas: Jorge Taddei Rep\u00fablica\" \/>\n<meta property=\"og:description\" content=\"HERMOSILLO, SONORA. MX. \u2014\u00a0 Fue decisi\u00f3n particular de Caminos y Puentes Federales (Capufe) retomar el cobro en las casetas del estado que se manten\u00edan En Sonora en Equipo publicamos toda la informaci\u00f3n de Sonora, M\u00e9xico y el Mundo de manera oportuna y busca que la libertad de expresi\u00f3n sea real. Visita nuestro medio informativo publicado desde Hermosillo, Sonora. %\" \/>\n<meta property=\"og:url\" content=\"https:\/\/www.sonoraenequipo.com.mx\/liberacion-de-casetas-capufe-decide-retomar-cobro-en-casetas-jorge-taddei\/\" \/>\n<meta property=\"og:site_name\" content=\"Sonora en Equipo.\" \/>\n<meta property=\"article:publisher\" content=\"https:\/\/www.facebook.com\/SonoraEE\/\" \/>\n<meta property=\"article:author\" content=\"https:\/\/www.facebook.com\/SonoraEE\" \/>\n<meta property=\"article:published_time\" content=\"2020-01-28T06:48:11+00:00\" \/>\n<meta property=\"article:modified_time\" content=\"2020-01-28T13:47:23+00:00\" \/>\n<meta property=\"og:image\" content=\"https:\/\/www.sonoraenequipo.com.mx\/storage\/2020\/01\/caseta-liberada_opt.jpg\" \/>\n\t<meta property=\"og:image:width\" content=\"696\" \/>\n\t<meta property=\"og:image:height\" content=\"400\" \/>\n\t<meta property=\"og:image:type\" content=\"image\/jpeg\" \/>\n<meta name=\"author\" content=\"enequipo\" \/>\n<meta name=\"twitter:card\" content=\"summary_large_image\" \/>\n<meta name=\"twitter:creator\" content=\"@sonoraenequipo\" \/>\n<meta name=\"twitter:site\" content=\"@sonoraenequipo\" \/>\n<meta name=\"twitter:label1\" content=\"Escrito por\" \/>\n\t<meta name=\"twitter:data1\" content=\"enequipo\" \/>\n\t<meta name=\"twitter:label2\" content=\"Tiempo de lectura\" \/>\n\t<meta name=\"twitter:data2\" content=\"1 minuto\" \/>\n<script type=\"application\/ld+json\" class=\"yoast-schema-graph\">{\"@context\":\"https:\/\/schema.org\",\"@graph\":[{\"@type\":\"Article\",\"@id\":\"https:\/\/www.sonoraenequipo.com.mx\/liberacion-de-casetas-capufe-decide-retomar-cobro-en-casetas-jorge-taddei\/#article\",\"isPartOf\":{\"@id\":\"https:\/\/www.sonoraenequipo.com.mx\/liberacion-de-casetas-capufe-decide-retomar-cobro-en-casetas-jorge-taddei\/\"},\"author\":{\"name\":\"enequipo\",\"@id\":\"https:\/\/www.sonoraenequipo.com.mx\/#\/schema\/person\/50102df0fb23a8fa9e8effad8fa81386\"},\"headline\":\"Liberaci\u00f3n de casetas. Capufe decide retomar cobro en casetas: Jorge Taddei\",\"datePublished\":\"2020-01-28T06:48:11+00:00\",\"dateModified\":\"2020-01-28T13:47:23+00:00\",\"mainEntityOfPage\":{\"@id\":\"https:\/\/www.sonoraenequipo.com.mx\/liberacion-de-casetas-capufe-decide-retomar-cobro-en-casetas-jorge-taddei\/\"},\"wordCount\":246,\"commentCount\":0,\"publisher\":{\"@id\":\"https:\/\/www.sonoraenequipo.com.mx\/#organization\"},\"image\":{\"@id\":\"https:\/\/www.sonoraenequipo.com.mx\/liberacion-de-casetas-capufe-decide-retomar-cobro-en-casetas-jorge-taddei\/#primaryimage\"},\"thumbnailUrl\":\"https:\/\/www.sonoraenequipo.com.mx\/storage\/2020\/01\/caseta-liberada_opt.jpg\",\"articleSection\":[\"Rep\u00fablica\"],\"inLanguage\":\"es\",\"potentialAction\":[{\"@type\":\"CommentAction\",\"name\":\"Comment\",\"target\":[\"https:\/\/www.sonoraenequipo.com.mx\/liberacion-de-casetas-capufe-decide-retomar-cobro-en-casetas-jorge-taddei\/#respond\"]}]},{\"@type\":\"WebPage\",\"@id\":\"https:\/\/www.sonoraenequipo.com.mx\/liberacion-de-casetas-capufe-decide-retomar-cobro-en-casetas-jorge-taddei\/\",\"url\":\"https:\/\/www.sonoraenequipo.com.mx\/liberacion-de-casetas-capufe-decide-retomar-cobro-en-casetas-jorge-taddei\/\",\"name\":\"Sonora en Equipo. Liberaci\u00f3n de casetas. Capufe decide retomar cobro en casetas: Jorge Taddei Rep\u00fablica\",\"isPartOf\":{\"@id\":\"https:\/\/www.sonoraenequipo.com.mx\/#website\"},\"primaryImageOfPage\":{\"@id\":\"https:\/\/www.sonoraenequipo.com.mx\/liberacion-de-casetas-capufe-decide-retomar-cobro-en-casetas-jorge-taddei\/#primaryimage\"},\"image\":{\"@id\":\"https:\/\/www.sonoraenequipo.com.mx\/liberacion-de-casetas-capufe-decide-retomar-cobro-en-casetas-jorge-taddei\/#primaryimage\"},\"thumbnailUrl\":\"https:\/\/www.sonoraenequipo.com.mx\/storage\/2020\/01\/caseta-liberada_opt.jpg\",\"datePublished\":\"2020-01-28T06:48:11+00:00\",\"dateModified\":\"2020-01-28T13:47:23+00:00\",\"description\":\"HERMOSILLO, SONORA. MX. \u2014\u00a0 Fue decisi\u00f3n particular de Caminos y Puentes Federales (Capufe) retomar el cobro en las casetas del estado que se manten\u00edan En Sonora en Equipo publicamos toda la informaci\u00f3n de Sonora, M\u00e9xico y el Mundo de manera oportuna y busca que la libertad de expresi\u00f3n sea real. Visita nuestro medio informativo publicado desde Hermosillo, Sonora. %\",\"breadcrumb\":{\"@id\":\"https:\/\/www.sonoraenequipo.com.mx\/liberacion-de-casetas-capufe-decide-retomar-cobro-en-casetas-jorge-taddei\/#breadcrumb\"},\"inLanguage\":\"es\",\"potentialAction\":[{\"@type\":\"ReadAction\",\"target\":[\"https:\/\/www.sonoraenequipo.com.mx\/liberacion-de-casetas-capufe-decide-retomar-cobro-en-casetas-jorge-taddei\/\"]}]},{\"@type\":\"ImageObject\",\"inLanguage\":\"es\",\"@id\":\"https:\/\/www.sonoraenequipo.com.mx\/liberacion-de-casetas-capufe-decide-retomar-cobro-en-casetas-jorge-taddei\/#primaryimage\",\"url\":\"https:\/\/www.sonoraenequipo.com.mx\/storage\/2020\/01\/caseta-liberada_opt.jpg\",\"contentUrl\":\"https:\/\/www.sonoraenequipo.com.mx\/storage\/2020\/01\/caseta-liberada_opt.jpg\",\"width\":696,\"height\":400},{\"@type\":\"BreadcrumbList\",\"@id\":\"https:\/\/www.sonoraenequipo.com.mx\/liberacion-de-casetas-capufe-decide-retomar-cobro-en-casetas-jorge-taddei\/#breadcrumb\",\"itemListElement\":[{\"@type\":\"ListItem\",\"position\":1,\"name\":\"Portada\",\"item\":\"https:\/\/www.sonoraenequipo.com.mx\/\"},{\"@type\":\"ListItem\",\"position\":2,\"name\":\"Liberaci\u00f3n de casetas. Capufe decide retomar cobro en casetas: Jorge Taddei\"}]},{\"@type\":\"WebSite\",\"@id\":\"https:\/\/www.sonoraenequipo.com.mx\/#website\",\"url\":\"https:\/\/www.sonoraenequipo.com.mx\/\",\"name\":\"Sonora en Equipo.\",\"description\":\"Diario en l\u00ednea con Noticias desde Hermosillo, Sonora\",\"publisher\":{\"@id\":\"https:\/\/www.sonoraenequipo.com.mx\/#organization\"},\"potentialAction\":[{\"@type\":\"SearchAction\",\"target\":{\"@type\":\"EntryPoint\",\"urlTemplate\":\"https:\/\/www.sonoraenequipo.com.mx\/?s={search_term_string}\"},\"query-input\":{\"@type\":\"PropertyValueSpecification\",\"valueRequired\":true,\"valueName\":\"search_term_string\"}}],\"inLanguage\":\"es\"},{\"@type\":\"Organization\",\"@id\":\"https:\/\/www.sonoraenequipo.com.mx\/#organization\",\"name\":\"Sonoraenequipo.com.mx\",\"url\":\"https:\/\/www.sonoraenequipo.com.mx\/\",\"logo\":{\"@type\":\"ImageObject\",\"inLanguage\":\"es\",\"@id\":\"https:\/\/www.sonoraenequipo.com.mx\/#\/schema\/logo\/image\/\",\"url\":\"https:\/\/www.sonoraenequipo.com.mx\/storage\/2019\/01\/sonoraenequipo_opt.png\",\"contentUrl\":\"https:\/\/www.sonoraenequipo.com.mx\/storage\/2019\/01\/sonoraenequipo_opt.png\",\"width\":375,\"height\":125,\"caption\":\"Sonoraenequipo.com.mx\"},\"image\":{\"@id\":\"https:\/\/www.sonoraenequipo.com.mx\/#\/schema\/logo\/image\/\"},\"sameAs\":[\"https:\/\/www.facebook.com\/SonoraEE\/\",\"https:\/\/x.com\/sonoraenequipo\",\"https:\/\/www.youtube.com\/channel\/UC338nW-lPEYmJQs4ZABQ1SQ\"]},{\"@type\":\"Person\",\"@id\":\"https:\/\/www.sonoraenequipo.com.mx\/#\/schema\/person\/50102df0fb23a8fa9e8effad8fa81386\",\"name\":\"enequipo\",\"image\":{\"@type\":\"ImageObject\",\"inLanguage\":\"es\",\"@id\":\"https:\/\/www.sonoraenequipo.com.mx\/#\/schema\/person\/image\/\",\"url\":\"https:\/\/secure.gravatar.com\/avatar\/049821681b589dabc0bc20695993ccebb09f5b5d4d790cd9251b97faac7c652b?s=96&d=blank&r=g\",\"contentUrl\":\"https:\/\/secure.gravatar.com\/avatar\/049821681b589dabc0bc20695993ccebb09f5b5d4d790cd9251b97faac7c652b?s=96&d=blank&r=g\",\"caption\":\"enequipo\"},\"sameAs\":[\"https:\/\/www.facebook.com\/SonoraEE\"]}]}<\/script>\n ","yoast_head_json":{"title":"Sonora en Equipo. Liberaci\u00f3n de casetas. Capufe decide retomar cobro en casetas: Jorge Taddei Rep\u00fablica","description":"HERMOSILLO, SONORA. MX. \u2014\u00a0 Fue decisi\u00f3n particular de Caminos y Puentes Federales (Capufe) retomar el cobro en las casetas del estado que se manten\u00edan En Sonora en Equipo publicamos toda la informaci\u00f3n de Sonora, M\u00e9xico y el Mundo de manera oportuna y busca que la libertad de expresi\u00f3n sea real. Visita nuestro medio informativo publicado desde Hermosillo, Sonora. %","robots":{"index":"index","follow":"follow","max-snippet":"max-snippet:-1","max-image-preview":"max-image-preview:large","max-video-preview":"max-video-preview:-1"},"canonical":"https:\/\/www.sonoraenequipo.com.mx\/liberacion-de-casetas-capufe-decide-retomar-cobro-en-casetas-jorge-taddei\/","og_locale":"es_ES","og_type":"article","og_title":"Sonora en Equipo. Liberaci\u00f3n de casetas. Capufe decide retomar cobro en casetas: Jorge Taddei Rep\u00fablica","og_description":"HERMOSILLO, SONORA. MX. \u2014\u00a0 Fue decisi\u00f3n particular de Caminos y Puentes Federales (Capufe) retomar el cobro en las casetas del estado que se manten\u00edan En Sonora en Equipo publicamos toda la informaci\u00f3n de Sonora, M\u00e9xico y el Mundo de manera oportuna y busca que la libertad de expresi\u00f3n sea real. Visita nuestro medio informativo publicado desde Hermosillo, Sonora. %","og_url":"https:\/\/www.sonoraenequipo.com.mx\/liberacion-de-casetas-capufe-decide-retomar-cobro-en-casetas-jorge-taddei\/","og_site_name":"Sonora en Equipo.","article_publisher":"https:\/\/www.facebook.com\/SonoraEE\/","article_author":"https:\/\/www.facebook.com\/SonoraEE","article_published_time":"2020-01-28T06:48:11+00:00","article_modified_time":"2020-01-28T13:47:23+00:00","og_image":[{"width":696,"height":400,"url":"https:\/\/www.sonoraenequipo.com.mx\/storage\/2020\/01\/caseta-liberada_opt.jpg","type":"image\/jpeg"}],"author":"enequipo","twitter_card":"summary_large_image","twitter_creator":"@sonoraenequipo","twitter_site":"@sonoraenequipo","twitter_misc":{"Escrito por":"enequipo","Tiempo de lectura":"1 minuto"},"schema":{"@context":"https:\/\/schema.org","@graph":[{"@type":"Article","@id":"https:\/\/www.sonoraenequipo.com.mx\/liberacion-de-casetas-capufe-decide-retomar-cobro-en-casetas-jorge-taddei\/#article","isPartOf":{"@id":"https:\/\/www.sonoraenequipo.com.mx\/liberacion-de-casetas-capufe-decide-retomar-cobro-en-casetas-jorge-taddei\/"},"author":{"name":"enequipo","@id":"https:\/\/www.sonoraenequipo.com.mx\/#\/schema\/person\/50102df0fb23a8fa9e8effad8fa81386"},"headline":"Liberaci\u00f3n de casetas. Capufe decide retomar cobro en casetas: Jorge Taddei","datePublished":"2020-01-28T06:48:11+00:00","dateModified":"2020-01-28T13:47:23+00:00","mainEntityOfPage":{"@id":"https:\/\/www.sonoraenequipo.com.mx\/liberacion-de-casetas-capufe-decide-retomar-cobro-en-casetas-jorge-taddei\/"},"wordCount":246,"commentCount":0,"publisher":{"@id":"https:\/\/www.sonoraenequipo.com.mx\/#organization"},"image":{"@id":"https:\/\/www.sonoraenequipo.com.mx\/liberacion-de-casetas-capufe-decide-retomar-cobro-en-casetas-jorge-taddei\/#primaryimage"},"thumbnailUrl":"https:\/\/www.sonoraenequipo.com.mx\/storage\/2020\/01\/caseta-liberada_opt.jpg","articleSection":["Rep\u00fablica"],"inLanguage":"es","potentialAction":[{"@type":"CommentAction","name":"Comment","target":["https:\/\/www.sonoraenequipo.com.mx\/liberacion-de-casetas-capufe-decide-retomar-cobro-en-casetas-jorge-taddei\/#respond"]}]},{"@type":"WebPage","@id":"https:\/\/www.sonoraenequipo.com.mx\/liberacion-de-casetas-capufe-decide-retomar-cobro-en-casetas-jorge-taddei\/","url":"https:\/\/www.sonoraenequipo.com.mx\/liberacion-de-casetas-capufe-decide-retomar-cobro-en-casetas-jorge-taddei\/","name":"Sonora en Equipo. Liberaci\u00f3n de casetas. Capufe decide retomar cobro en casetas: Jorge Taddei Rep\u00fablica","isPartOf":{"@id":"https:\/\/www.sonoraenequipo.com.mx\/#website"},"primaryImageOfPage":{"@id":"https:\/\/www.sonoraenequipo.com.mx\/liberacion-de-casetas-capufe-decide-retomar-cobro-en-casetas-jorge-taddei\/#primaryimage"},"image":{"@id":"https:\/\/www.sonoraenequipo.com.mx\/liberacion-de-casetas-capufe-decide-retomar-cobro-en-casetas-jorge-taddei\/#primaryimage"},"thumbnailUrl":"https:\/\/www.sonoraenequipo.com.mx\/storage\/2020\/01\/caseta-liberada_opt.jpg","datePublished":"2020-01-28T06:48:11+00:00","dateModified":"2020-01-28T13:47:23+00:00","description":"HERMOSILLO, SONORA. MX. \u2014\u00a0 Fue decisi\u00f3n particular de Caminos y Puentes Federales (Capufe) retomar el cobro en las casetas del estado que se manten\u00edan En Sonora en Equipo publicamos toda la informaci\u00f3n de Sonora, M\u00e9xico y el Mundo de manera oportuna y busca que la libertad de expresi\u00f3n sea real. Visita nuestro medio informativo publicado desde Hermosillo, Sonora. %","breadcrumb":{"@id":"https:\/\/www.sonoraenequipo.com.mx\/liberacion-de-casetas-capufe-decide-retomar-cobro-en-casetas-jorge-taddei\/#breadcrumb"},"inLanguage":"es","potentialAction":[{"@type":"ReadAction","target":["https:\/\/www.sonoraenequipo.com.mx\/liberacion-de-casetas-capufe-decide-retomar-cobro-en-casetas-jorge-taddei\/"]}]},{"@type":"ImageObject","inLanguage":"es","@id":"https:\/\/www.sonoraenequipo.com.mx\/liberacion-de-casetas-capufe-decide-retomar-cobro-en-casetas-jorge-taddei\/#primaryimage","url":"https:\/\/www.sonoraenequipo.com.mx\/storage\/2020\/01\/caseta-liberada_opt.jpg","contentUrl":"https:\/\/www.sonoraenequipo.com.mx\/storage\/2020\/01\/caseta-liberada_opt.jpg","width":696,"height":400},{"@type":"BreadcrumbList","@id":"https:\/\/www.sonoraenequipo.com.mx\/liberacion-de-casetas-capufe-decide-retomar-cobro-en-casetas-jorge-taddei\/#breadcrumb","itemListElement":[{"@type":"ListItem","position":1,"name":"Portada","item":"https:\/\/www.sonoraenequipo.com.mx\/"},{"@type":"ListItem","position":2,"name":"Liberaci\u00f3n de casetas. Capufe decide retomar cobro en casetas: Jorge Taddei"}]},{"@type":"WebSite","@id":"https:\/\/www.sonoraenequipo.com.mx\/#website","url":"https:\/\/www.sonoraenequipo.com.mx\/","name":"Sonora en Equipo.","description":"Diario en l\u00ednea con Noticias desde Hermosillo, Sonora","publisher":{"@id":"https:\/\/www.sonoraenequipo.com.mx\/#organization"},"potentialAction":[{"@type":"SearchAction","target":{"@type":"EntryPoint","urlTemplate":"https:\/\/www.sonoraenequipo.com.mx\/?s={search_term_string}"},"query-input":{"@type":"PropertyValueSpecification","valueRequired":true,"valueName":"search_term_string"}}],"inLanguage":"es"},{"@type":"Organization","@id":"https:\/\/www.sonoraenequipo.com.mx\/#organization","name":"Sonoraenequipo.com.mx","url":"https:\/\/www.sonoraenequipo.com.mx\/","logo":{"@type":"ImageObject","inLanguage":"es","@id":"https:\/\/www.sonoraenequipo.com.mx\/#\/schema\/logo\/image\/","url":"https:\/\/www.sonoraenequipo.com.mx\/storage\/2019\/01\/sonoraenequipo_opt.png","contentUrl":"https:\/\/www.sonoraenequipo.com.mx\/storage\/2019\/01\/sonoraenequipo_opt.png","width":375,"height":125,"caption":"Sonoraenequipo.com.mx"},"image":{"@id":"https:\/\/www.sonoraenequipo.com.mx\/#\/schema\/logo\/image\/"},"sameAs":["https:\/\/www.facebook.com\/SonoraEE\/","https:\/\/x.com\/sonoraenequipo","https:\/\/www.youtube.com\/channel\/UC338nW-lPEYmJQs4ZABQ1SQ"]},{"@type":"Person","@id":"https:\/\/www.sonoraenequipo.com.mx\/#\/schema\/person\/50102df0fb23a8fa9e8effad8fa81386","name":"enequipo","image":{"@type":"ImageObject","inLanguage":"es","@id":"https:\/\/www.sonoraenequipo.com.mx\/#\/schema\/person\/image\/","url":"https:\/\/secure.gravatar.com\/avatar\/049821681b589dabc0bc20695993ccebb09f5b5d4d790cd9251b97faac7c652b?s=96&d=blank&r=g","contentUrl":"https:\/\/secure.gravatar.com\/avatar\/049821681b589dabc0bc20695993ccebb09f5b5d4d790cd9251b97faac7c652b?s=96&d=blank&r=g","caption":"enequipo"},"sameAs":["https:\/\/www.facebook.com\/SonoraEE"]}]}},"jetpack_featured_media_url":"https:\/\/www.sonoraenequipo.com.mx\/storage\/2020\/01\/caseta-liberada_opt.jpg","_links":{"self":[{"href":"https:\/\/www.sonoraenequipo.com.mx\/api\/wp\/v2\/posts\/76631","targetHints":{"allow":["GET"]}}],"collection":[{"href":"https:\/\/www.sonoraenequipo.com.mx\/api\/wp\/v2\/posts"}],"about":[{"href":"https:\/\/www.sonoraenequipo.com.mx\/api\/wp\/v2\/types\/post"}],"author":[{"embeddable":true,"href":"https:\/\/www.sonoraenequipo.com.mx\/api\/wp\/v2\/users\/1"}],"replies":[{"embeddable":true,"href":"https:\/\/www.sonoraenequipo.com.mx\/api\/wp\/v2\/comments?post=76631"}],"version-history":[{"count":0,"href":"https:\/\/www.sonoraenequipo.com.mx\/api\/wp\/v2\/posts\/76631\/revisions"}],"wp:featuredmedia":[{"embeddable":true,"href":"https:\/\/www.sonoraenequipo.com.mx\/api\/wp\/v2\/media\/76632"}],"wp:attachment":[{"href":"https:\/\/www.sonoraenequipo.com.mx\/api\/wp\/v2\/media?parent=76631"}],"wp:term":[{"taxonomy":"category","embeddable":true,"href":"https:\/\/www.sonoraenequipo.com.mx\/api\/wp\/v2\/categories?post=76631"},{"taxonomy":"post_tag","embeddable":true,"href":"https:\/\/www.sonoraenequipo.com.mx\/api\/wp\/v2\/tags?post=76631"}],"curies":[{"name":"wp","href":"https:\/\/api.w.org\/{rel}","templated":true}]}}