{"id":76641,"date":"2020-01-28T07:15:15","date_gmt":"2020-01-28T14:15:15","guid":{"rendered":"https:\/\/www.sonoraenequipo.com.mx\/?p=76641"},"modified":"2020-01-28T07:10:45","modified_gmt":"2020-01-28T14:10:45","slug":"vamos-a-respaldar-al-insabi-dicen-gobernadores-del-pri","status":"publish","type":"post","link":"https:\/\/www.sonoraenequipo.com.mx\/vamos-a-respaldar-al-insabi-dicen-gobernadores-del-pri\/","title":{"rendered":"Vamos a respaldar al Insabi, dicen gobernadores del PRI"},"content":{"rendered":"<p>CIUDAD DE M\u00c9XICO. MX. \u2014 Lo gobernadores del PRI le dan respaldo total al nuevo Instituto de Salud para el Bienestar (Insabi) y est\u00e1n listos para firmar los acuerdos de adhesi\u00f3n correspondientes, aseguraron los mandatarios de Hidalgo, Omar Fayad, y del Estado de M\u00e9xico, Alfredo del Mazo, al salir de una comida con el presidente Andr\u00e9s Manuel L\u00f3pez Obrador.<\/p>\n<p>&nbsp;<\/p>\n<p>&nbsp;<\/p>\n<p> <\/p>\n<p>&nbsp;<\/p>\n<p><em>\u00abHay consenso en los gobernadores del PRI respecto al Insabi, no hemos firmado pero vamos para adelante con esto, queremos que tenga \u00e9xito, que sea la instancia que nos permita atender a todas las personas que no tienen seguridad social\u00bb,<\/em> asegur\u00f3 Fayad.<\/p>\n<p>&nbsp;<\/p>\n<p>&nbsp;<\/p>\n<p>El pasado 14 de enero, el presidente Andr\u00e9s Manuel L\u00f3pez Obrador les prometi\u00f3 a todos los mandatarios que se reunir\u00eda con ellos en bloques, por partido, para abordar temas de inter\u00e9s com\u00fan como la seguridad y el Insabi.<\/p>\n<p>&nbsp;<\/p>\n<p>&nbsp;<\/p>\n<p>Este lunes inici\u00f3 con los gobernadores del PRI. A la cita acudieron todos los mandatarios de ese partido, con excepci\u00f3n de la de Sonora, <strong>Claudia Pavlovich,<\/strong> quien, de acuerdo a lo dicho por del Mazo, <strong>no asisti\u00f3 por<\/strong> <strong><em>\u00abuna cita m\u00e9dica\u00bb.<\/em><\/strong><\/p>\n<p>&nbsp;<\/p>\n<p>Fayad afirm\u00f3 que est\u00e1n de acuerdo en las medidas que van a adoptarse por parte del gobierno de la Rep\u00fablica en materia de salud. <em>\u00abSe aclararon las dudas y las que no, vamos a seguir platicando con Juan Ferrer, titular del Insabi, sobre cualquier preocupaci\u00f3n que hubiera: presupuestal, laboral, de infraestructura, pero todo eso se va a resolver en los anexos del convenio que vamos a firmar\u00bb.<\/em><\/p>\n<p>&nbsp;<\/p>\n<p>PUBLICADO EL 28\/01\/2020)<\/p>\n","protected":false},"excerpt":{"rendered":"<p>CIUDAD DE M\u00c9XICO. MX. \u2014 Lo gobernadores del PRI le dan respaldo total al nuevo&#8230;<\/p>\n","protected":false},"author":1,"featured_media":76642,"comment_status":"open","ping_status":"open","sticky":false,"template":"","format":"standard","meta":{"_monsterinsights_skip_tracking":false,"_monsterinsights_sitenote_active":false,"_monsterinsights_sitenote_note":"","_monsterinsights_sitenote_category":0,"footnotes":""},"categories":[5],"tags":[],"class_list":["post"],"yoast_head":" \n<title>Sonora en Equipo. Vamos a respaldar al Insabi, dicen gobernadores del PRI Rep\u00fablica<\/title>\n<meta name=\"description\" content=\"CIUDAD DE M\u00c9XICO. MX. \u2014 Lo gobernadores del PRI le dan respaldo total al nuevo Instituto de Salud para el Bienestar (Insabi) y est\u00e1n listos para firmar En Sonora en Equipo publicamos toda la informaci\u00f3n de Sonora, M\u00e9xico y el Mundo de manera oportuna y busca que la libertad de expresi\u00f3n sea real. Visita nuestro medio informativo publicado desde Hermosillo, Sonora. %\" \/>\n<meta name=\"robots\" content=\"index, follow, max-snippet:-1, max-image-preview:large, max-video-preview:-1\" \/>\n<link rel=\"canonical\" href=\"https:\/\/www.sonoraenequipo.com.mx\/vamos-a-respaldar-al-insabi-dicen-gobernadores-del-pri\/\" \/>\n<meta property=\"og:locale\" content=\"es_ES\" \/>\n<meta property=\"og:type\" content=\"article\" \/>\n<meta property=\"og:title\" content=\"Sonora en Equipo. Vamos a respaldar al Insabi, dicen gobernadores del PRI Rep\u00fablica\" \/>\n<meta property=\"og:description\" content=\"CIUDAD DE M\u00c9XICO. MX. \u2014 Lo gobernadores del PRI le dan respaldo total al nuevo Instituto de Salud para el Bienestar (Insabi) y est\u00e1n listos para firmar En Sonora en Equipo publicamos toda la informaci\u00f3n de Sonora, M\u00e9xico y el Mundo de manera oportuna y busca que la libertad de expresi\u00f3n sea real. Visita nuestro medio informativo publicado desde Hermosillo, Sonora. %\" \/>\n<meta property=\"og:url\" content=\"https:\/\/www.sonoraenequipo.com.mx\/vamos-a-respaldar-al-insabi-dicen-gobernadores-del-pri\/\" \/>\n<meta property=\"og:site_name\" content=\"Sonora en Equipo.\" \/>\n<meta property=\"article:publisher\" content=\"https:\/\/www.facebook.com\/SonoraEE\/\" \/>\n<meta property=\"article:author\" content=\"https:\/\/www.facebook.com\/SonoraEE\" \/>\n<meta property=\"article:published_time\" content=\"2020-01-28T14:15:15+00:00\" \/>\n<meta property=\"og:image\" content=\"https:\/\/www.sonoraenequipo.com.mx\/storage\/2020\/01\/insabi-pri-apoyar\u00e1_opt.jpg\" \/>\n\t<meta property=\"og:image:width\" content=\"671\" \/>\n\t<meta property=\"og:image:height\" content=\"350\" \/>\n\t<meta property=\"og:image:type\" content=\"image\/jpeg\" \/>\n<meta name=\"author\" content=\"enequipo\" \/>\n<meta name=\"twitter:card\" content=\"summary_large_image\" \/>\n<meta name=\"twitter:creator\" content=\"@sonoraenequipo\" \/>\n<meta name=\"twitter:site\" content=\"@sonoraenequipo\" \/>\n<meta name=\"twitter:label1\" content=\"Escrito por\" \/>\n\t<meta name=\"twitter:data1\" content=\"enequipo\" \/>\n\t<meta name=\"twitter:label2\" content=\"Tiempo de lectura\" \/>\n\t<meta name=\"twitter:data2\" content=\"1 minuto\" \/>\n<script type=\"application\/ld+json\" class=\"yoast-schema-graph\">{\"@context\":\"https:\/\/schema.org\",\"@graph\":[{\"@type\":\"Article\",\"@id\":\"https:\/\/www.sonoraenequipo.com.mx\/vamos-a-respaldar-al-insabi-dicen-gobernadores-del-pri\/#article\",\"isPartOf\":{\"@id\":\"https:\/\/www.sonoraenequipo.com.mx\/vamos-a-respaldar-al-insabi-dicen-gobernadores-del-pri\/\"},\"author\":{\"name\":\"enequipo\",\"@id\":\"https:\/\/www.sonoraenequipo.com.mx\/#\/schema\/person\/50102df0fb23a8fa9e8effad8fa81386\"},\"headline\":\"Vamos a respaldar al Insabi, dicen gobernadores del PRI\",\"datePublished\":\"2020-01-28T14:15:15+00:00\",\"mainEntityOfPage\":{\"@id\":\"https:\/\/www.sonoraenequipo.com.mx\/vamos-a-respaldar-al-insabi-dicen-gobernadores-del-pri\/\"},\"wordCount\":281,\"commentCount\":0,\"publisher\":{\"@id\":\"https:\/\/www.sonoraenequipo.com.mx\/#organization\"},\"image\":{\"@id\":\"https:\/\/www.sonoraenequipo.com.mx\/vamos-a-respaldar-al-insabi-dicen-gobernadores-del-pri\/#primaryimage\"},\"thumbnailUrl\":\"https:\/\/www.sonoraenequipo.com.mx\/storage\/2020\/01\/insabi-pri-apoyar\u00e1_opt.jpg\",\"articleSection\":[\"Rep\u00fablica\"],\"inLanguage\":\"es\",\"potentialAction\":[{\"@type\":\"CommentAction\",\"name\":\"Comment\",\"target\":[\"https:\/\/www.sonoraenequipo.com.mx\/vamos-a-respaldar-al-insabi-dicen-gobernadores-del-pri\/#respond\"]}]},{\"@type\":\"WebPage\",\"@id\":\"https:\/\/www.sonoraenequipo.com.mx\/vamos-a-respaldar-al-insabi-dicen-gobernadores-del-pri\/\",\"url\":\"https:\/\/www.sonoraenequipo.com.mx\/vamos-a-respaldar-al-insabi-dicen-gobernadores-del-pri\/\",\"name\":\"Sonora en Equipo. Vamos a respaldar al Insabi, dicen gobernadores del PRI Rep\u00fablica\",\"isPartOf\":{\"@id\":\"https:\/\/www.sonoraenequipo.com.mx\/#website\"},\"primaryImageOfPage\":{\"@id\":\"https:\/\/www.sonoraenequipo.com.mx\/vamos-a-respaldar-al-insabi-dicen-gobernadores-del-pri\/#primaryimage\"},\"image\":{\"@id\":\"https:\/\/www.sonoraenequipo.com.mx\/vamos-a-respaldar-al-insabi-dicen-gobernadores-del-pri\/#primaryimage\"},\"thumbnailUrl\":\"https:\/\/www.sonoraenequipo.com.mx\/storage\/2020\/01\/insabi-pri-apoyar\u00e1_opt.jpg\",\"datePublished\":\"2020-01-28T14:15:15+00:00\",\"description\":\"CIUDAD DE M\u00c9XICO. MX. \u2014 Lo gobernadores del PRI le dan respaldo total al nuevo Instituto de Salud para el Bienestar (Insabi) y est\u00e1n listos para firmar En Sonora en Equipo publicamos toda la informaci\u00f3n de Sonora, M\u00e9xico y el Mundo de manera oportuna y busca que la libertad de expresi\u00f3n sea real. Visita nuestro medio informativo publicado desde Hermosillo, Sonora. %\",\"breadcrumb\":{\"@id\":\"https:\/\/www.sonoraenequipo.com.mx\/vamos-a-respaldar-al-insabi-dicen-gobernadores-del-pri\/#breadcrumb\"},\"inLanguage\":\"es\",\"potentialAction\":[{\"@type\":\"ReadAction\",\"target\":[\"https:\/\/www.sonoraenequipo.com.mx\/vamos-a-respaldar-al-insabi-dicen-gobernadores-del-pri\/\"]}]},{\"@type\":\"ImageObject\",\"inLanguage\":\"es\",\"@id\":\"https:\/\/www.sonoraenequipo.com.mx\/vamos-a-respaldar-al-insabi-dicen-gobernadores-del-pri\/#primaryimage\",\"url\":\"https:\/\/www.sonoraenequipo.com.mx\/storage\/2020\/01\/insabi-pri-apoyar\u00e1_opt.jpg\",\"contentUrl\":\"https:\/\/www.sonoraenequipo.com.mx\/storage\/2020\/01\/insabi-pri-apoyar\u00e1_opt.jpg\",\"width\":671,\"height\":350},{\"@type\":\"BreadcrumbList\",\"@id\":\"https:\/\/www.sonoraenequipo.com.mx\/vamos-a-respaldar-al-insabi-dicen-gobernadores-del-pri\/#breadcrumb\",\"itemListElement\":[{\"@type\":\"ListItem\",\"position\":1,\"name\":\"Portada\",\"item\":\"https:\/\/www.sonoraenequipo.com.mx\/\"},{\"@type\":\"ListItem\",\"position\":2,\"name\":\"Vamos a respaldar al Insabi, dicen gobernadores del PRI\"}]},{\"@type\":\"WebSite\",\"@id\":\"https:\/\/www.sonoraenequipo.com.mx\/#website\",\"url\":\"https:\/\/www.sonoraenequipo.com.mx\/\",\"name\":\"Sonora en Equipo.\",\"description\":\"Diario en l\u00ednea con Noticias desde Hermosillo, Sonora\",\"publisher\":{\"@id\":\"https:\/\/www.sonoraenequipo.com.mx\/#organization\"},\"potentialAction\":[{\"@type\":\"SearchAction\",\"target\":{\"@type\":\"EntryPoint\",\"urlTemplate\":\"https:\/\/www.sonoraenequipo.com.mx\/?s={search_term_string}\"},\"query-input\":{\"@type\":\"PropertyValueSpecification\",\"valueRequired\":true,\"valueName\":\"search_term_string\"}}],\"inLanguage\":\"es\"},{\"@type\":\"Organization\",\"@id\":\"https:\/\/www.sonoraenequipo.com.mx\/#organization\",\"name\":\"Sonoraenequipo.com.mx\",\"url\":\"https:\/\/www.sonoraenequipo.com.mx\/\",\"logo\":{\"@type\":\"ImageObject\",\"inLanguage\":\"es\",\"@id\":\"https:\/\/www.sonoraenequipo.com.mx\/#\/schema\/logo\/image\/\",\"url\":\"https:\/\/www.sonoraenequipo.com.mx\/storage\/2019\/01\/sonoraenequipo_opt.png\",\"contentUrl\":\"https:\/\/www.sonoraenequipo.com.mx\/storage\/2019\/01\/sonoraenequipo_opt.png\",\"width\":375,\"height\":125,\"caption\":\"Sonoraenequipo.com.mx\"},\"image\":{\"@id\":\"https:\/\/www.sonoraenequipo.com.mx\/#\/schema\/logo\/image\/\"},\"sameAs\":[\"https:\/\/www.facebook.com\/SonoraEE\/\",\"https:\/\/x.com\/sonoraenequipo\",\"https:\/\/www.youtube.com\/channel\/UC338nW-lPEYmJQs4ZABQ1SQ\"]},{\"@type\":\"Person\",\"@id\":\"https:\/\/www.sonoraenequipo.com.mx\/#\/schema\/person\/50102df0fb23a8fa9e8effad8fa81386\",\"name\":\"enequipo\",\"image\":{\"@type\":\"ImageObject\",\"inLanguage\":\"es\",\"@id\":\"https:\/\/www.sonoraenequipo.com.mx\/#\/schema\/person\/image\/\",\"url\":\"https:\/\/secure.gravatar.com\/avatar\/049821681b589dabc0bc20695993ccebb09f5b5d4d790cd9251b97faac7c652b?s=96&d=blank&r=g\",\"contentUrl\":\"https:\/\/secure.gravatar.com\/avatar\/049821681b589dabc0bc20695993ccebb09f5b5d4d790cd9251b97faac7c652b?s=96&d=blank&r=g\",\"caption\":\"enequipo\"},\"sameAs\":[\"https:\/\/www.facebook.com\/SonoraEE\"]}]}<\/script>\n ","yoast_head_json":{"title":"Sonora en Equipo. Vamos a respaldar al Insabi, dicen gobernadores del PRI Rep\u00fablica","description":"CIUDAD DE M\u00c9XICO. MX. \u2014 Lo gobernadores del PRI le dan respaldo total al nuevo Instituto de Salud para el Bienestar (Insabi) y est\u00e1n listos para firmar En Sonora en Equipo publicamos toda la informaci\u00f3n de Sonora, M\u00e9xico y el Mundo de manera oportuna y busca que la libertad de expresi\u00f3n sea real. Visita nuestro medio informativo publicado desde Hermosillo, Sonora. %","robots":{"index":"index","follow":"follow","max-snippet":"max-snippet:-1","max-image-preview":"max-image-preview:large","max-video-preview":"max-video-preview:-1"},"canonical":"https:\/\/www.sonoraenequipo.com.mx\/vamos-a-respaldar-al-insabi-dicen-gobernadores-del-pri\/","og_locale":"es_ES","og_type":"article","og_title":"Sonora en Equipo. Vamos a respaldar al Insabi, dicen gobernadores del PRI Rep\u00fablica","og_description":"CIUDAD DE M\u00c9XICO. MX. \u2014 Lo gobernadores del PRI le dan respaldo total al nuevo Instituto de Salud para el Bienestar (Insabi) y est\u00e1n listos para firmar En Sonora en Equipo publicamos toda la informaci\u00f3n de Sonora, M\u00e9xico y el Mundo de manera oportuna y busca que la libertad de expresi\u00f3n sea real. Visita nuestro medio informativo publicado desde Hermosillo, Sonora. %","og_url":"https:\/\/www.sonoraenequipo.com.mx\/vamos-a-respaldar-al-insabi-dicen-gobernadores-del-pri\/","og_site_name":"Sonora en Equipo.","article_publisher":"https:\/\/www.facebook.com\/SonoraEE\/","article_author":"https:\/\/www.facebook.com\/SonoraEE","article_published_time":"2020-01-28T14:15:15+00:00","og_image":[{"width":671,"height":350,"url":"https:\/\/www.sonoraenequipo.com.mx\/storage\/2020\/01\/insabi-pri-apoyar\u00e1_opt.jpg","type":"image\/jpeg"}],"author":"enequipo","twitter_card":"summary_large_image","twitter_creator":"@sonoraenequipo","twitter_site":"@sonoraenequipo","twitter_misc":{"Escrito por":"enequipo","Tiempo de lectura":"1 minuto"},"schema":{"@context":"https:\/\/schema.org","@graph":[{"@type":"Article","@id":"https:\/\/www.sonoraenequipo.com.mx\/vamos-a-respaldar-al-insabi-dicen-gobernadores-del-pri\/#article","isPartOf":{"@id":"https:\/\/www.sonoraenequipo.com.mx\/vamos-a-respaldar-al-insabi-dicen-gobernadores-del-pri\/"},"author":{"name":"enequipo","@id":"https:\/\/www.sonoraenequipo.com.mx\/#\/schema\/person\/50102df0fb23a8fa9e8effad8fa81386"},"headline":"Vamos a respaldar al Insabi, dicen gobernadores del PRI","datePublished":"2020-01-28T14:15:15+00:00","mainEntityOfPage":{"@id":"https:\/\/www.sonoraenequipo.com.mx\/vamos-a-respaldar-al-insabi-dicen-gobernadores-del-pri\/"},"wordCount":281,"commentCount":0,"publisher":{"@id":"https:\/\/www.sonoraenequipo.com.mx\/#organization"},"image":{"@id":"https:\/\/www.sonoraenequipo.com.mx\/vamos-a-respaldar-al-insabi-dicen-gobernadores-del-pri\/#primaryimage"},"thumbnailUrl":"https:\/\/www.sonoraenequipo.com.mx\/storage\/2020\/01\/insabi-pri-apoyar\u00e1_opt.jpg","articleSection":["Rep\u00fablica"],"inLanguage":"es","potentialAction":[{"@type":"CommentAction","name":"Comment","target":["https:\/\/www.sonoraenequipo.com.mx\/vamos-a-respaldar-al-insabi-dicen-gobernadores-del-pri\/#respond"]}]},{"@type":"WebPage","@id":"https:\/\/www.sonoraenequipo.com.mx\/vamos-a-respaldar-al-insabi-dicen-gobernadores-del-pri\/","url":"https:\/\/www.sonoraenequipo.com.mx\/vamos-a-respaldar-al-insabi-dicen-gobernadores-del-pri\/","name":"Sonora en Equipo. Vamos a respaldar al Insabi, dicen gobernadores del PRI Rep\u00fablica","isPartOf":{"@id":"https:\/\/www.sonoraenequipo.com.mx\/#website"},"primaryImageOfPage":{"@id":"https:\/\/www.sonoraenequipo.com.mx\/vamos-a-respaldar-al-insabi-dicen-gobernadores-del-pri\/#primaryimage"},"image":{"@id":"https:\/\/www.sonoraenequipo.com.mx\/vamos-a-respaldar-al-insabi-dicen-gobernadores-del-pri\/#primaryimage"},"thumbnailUrl":"https:\/\/www.sonoraenequipo.com.mx\/storage\/2020\/01\/insabi-pri-apoyar\u00e1_opt.jpg","datePublished":"2020-01-28T14:15:15+00:00","description":"CIUDAD DE M\u00c9XICO. MX. \u2014 Lo gobernadores del PRI le dan respaldo total al nuevo Instituto de Salud para el Bienestar (Insabi) y est\u00e1n listos para firmar En Sonora en Equipo publicamos toda la informaci\u00f3n de Sonora, M\u00e9xico y el Mundo de manera oportuna y busca que la libertad de expresi\u00f3n sea real. Visita nuestro medio informativo publicado desde Hermosillo, Sonora. %","breadcrumb":{"@id":"https:\/\/www.sonoraenequipo.com.mx\/vamos-a-respaldar-al-insabi-dicen-gobernadores-del-pri\/#breadcrumb"},"inLanguage":"es","potentialAction":[{"@type":"ReadAction","target":["https:\/\/www.sonoraenequipo.com.mx\/vamos-a-respaldar-al-insabi-dicen-gobernadores-del-pri\/"]}]},{"@type":"ImageObject","inLanguage":"es","@id":"https:\/\/www.sonoraenequipo.com.mx\/vamos-a-respaldar-al-insabi-dicen-gobernadores-del-pri\/#primaryimage","url":"https:\/\/www.sonoraenequipo.com.mx\/storage\/2020\/01\/insabi-pri-apoyar\u00e1_opt.jpg","contentUrl":"https:\/\/www.sonoraenequipo.com.mx\/storage\/2020\/01\/insabi-pri-apoyar\u00e1_opt.jpg","width":671,"height":350},{"@type":"BreadcrumbList","@id":"https:\/\/www.sonoraenequipo.com.mx\/vamos-a-respaldar-al-insabi-dicen-gobernadores-del-pri\/#breadcrumb","itemListElement":[{"@type":"ListItem","position":1,"name":"Portada","item":"https:\/\/www.sonoraenequipo.com.mx\/"},{"@type":"ListItem","position":2,"name":"Vamos a respaldar al Insabi, dicen gobernadores del PRI"}]},{"@type":"WebSite","@id":"https:\/\/www.sonoraenequipo.com.mx\/#website","url":"https:\/\/www.sonoraenequipo.com.mx\/","name":"Sonora en Equipo.","description":"Diario en l\u00ednea con Noticias desde Hermosillo, Sonora","publisher":{"@id":"https:\/\/www.sonoraenequipo.com.mx\/#organization"},"potentialAction":[{"@type":"SearchAction","target":{"@type":"EntryPoint","urlTemplate":"https:\/\/www.sonoraenequipo.com.mx\/?s={search_term_string}"},"query-input":{"@type":"PropertyValueSpecification","valueRequired":true,"valueName":"search_term_string"}}],"inLanguage":"es"},{"@type":"Organization","@id":"https:\/\/www.sonoraenequipo.com.mx\/#organization","name":"Sonoraenequipo.com.mx","url":"https:\/\/www.sonoraenequipo.com.mx\/","logo":{"@type":"ImageObject","inLanguage":"es","@id":"https:\/\/www.sonoraenequipo.com.mx\/#\/schema\/logo\/image\/","url":"https:\/\/www.sonoraenequipo.com.mx\/storage\/2019\/01\/sonoraenequipo_opt.png","contentUrl":"https:\/\/www.sonoraenequipo.com.mx\/storage\/2019\/01\/sonoraenequipo_opt.png","width":375,"height":125,"caption":"Sonoraenequipo.com.mx"},"image":{"@id":"https:\/\/www.sonoraenequipo.com.mx\/#\/schema\/logo\/image\/"},"sameAs":["https:\/\/www.facebook.com\/SonoraEE\/","https:\/\/x.com\/sonoraenequipo","https:\/\/www.youtube.com\/channel\/UC338nW-lPEYmJQs4ZABQ1SQ"]},{"@type":"Person","@id":"https:\/\/www.sonoraenequipo.com.mx\/#\/schema\/person\/50102df0fb23a8fa9e8effad8fa81386","name":"enequipo","image":{"@type":"ImageObject","inLanguage":"es","@id":"https:\/\/www.sonoraenequipo.com.mx\/#\/schema\/person\/image\/","url":"https:\/\/secure.gravatar.com\/avatar\/049821681b589dabc0bc20695993ccebb09f5b5d4d790cd9251b97faac7c652b?s=96&d=blank&r=g","contentUrl":"https:\/\/secure.gravatar.com\/avatar\/049821681b589dabc0bc20695993ccebb09f5b5d4d790cd9251b97faac7c652b?s=96&d=blank&r=g","caption":"enequipo"},"sameAs":["https:\/\/www.facebook.com\/SonoraEE"]}]}},"jetpack_featured_media_url":"https:\/\/www.sonoraenequipo.com.mx\/storage\/2020\/01\/insabi-pri-apoyar\u00e1_opt.jpg","_links":{"self":[{"href":"https:\/\/www.sonoraenequipo.com.mx\/api\/wp\/v2\/posts\/76641","targetHints":{"allow":["GET"]}}],"collection":[{"href":"https:\/\/www.sonoraenequipo.com.mx\/api\/wp\/v2\/posts"}],"about":[{"href":"https:\/\/www.sonoraenequipo.com.mx\/api\/wp\/v2\/types\/post"}],"author":[{"embeddable":true,"href":"https:\/\/www.sonoraenequipo.com.mx\/api\/wp\/v2\/users\/1"}],"replies":[{"embeddable":true,"href":"https:\/\/www.sonoraenequipo.com.mx\/api\/wp\/v2\/comments?post=76641"}],"version-history":[{"count":0,"href":"https:\/\/www.sonoraenequipo.com.mx\/api\/wp\/v2\/posts\/76641\/revisions"}],"wp:featuredmedia":[{"embeddable":true,"href":"https:\/\/www.sonoraenequipo.com.mx\/api\/wp\/v2\/media\/76642"}],"wp:attachment":[{"href":"https:\/\/www.sonoraenequipo.com.mx\/api\/wp\/v2\/media?parent=76641"}],"wp:term":[{"taxonomy":"category","embeddable":true,"href":"https:\/\/www.sonoraenequipo.com.mx\/api\/wp\/v2\/categories?post=76641"},{"taxonomy":"post_tag","embeddable":true,"href":"https:\/\/www.sonoraenequipo.com.mx\/api\/wp\/v2\/tags?post=76641"}],"curies":[{"name":"wp","href":"https:\/\/api.w.org\/{rel}","templated":true}]}}