{"id":76664,"date":"2020-01-28T11:51:35","date_gmt":"2020-01-28T18:51:35","guid":{"rendered":"https:\/\/www.sonoraenequipo.com.mx\/?p=76664"},"modified":"2020-01-28T11:51:35","modified_gmt":"2020-01-28T18:51:35","slug":"entrega-clausen-iberri-equipamiento-en-el-hospital-general-de-guaymas","status":"publish","type":"post","link":"https:\/\/www.sonoraenequipo.com.mx\/entrega-clausen-iberri-equipamiento-en-el-hospital-general-de-guaymas\/","title":{"rendered":"Entrega Clausen Iberri equipamiento en el Hospital General de Guaymas"},"content":{"rendered":"<p>HERMOSILLO, SONORA,MX.\u2500 Para brindar un mejor servicio con calidad y calidez a los habitantes de la regi\u00f3n de Guaymas-Empalme, el secretario de Salud en la entidad, Enrique Clausen Iberri, entreg\u00f3 ayer equipamiento nuevo al Hospital General de Guaymas. <\/p>\n<p>&nbsp;<\/p>\n<p>En representaci\u00f3n de la gobernadora del Estado, Claudia Pavlovich Arellano, el titular de la dependencia estatal se\u00f1al\u00f3 que se est\u00e1 trabajando en equipo con el personal del hospital y con los sindicatos para determinar y atender las necesidades en materia de salud para beneficiar a los sonorenses.<\/p>\n<p>&nbsp;<\/p>\n<p>\u201cEstamos trabajando mucho y estamos cumpliendo en todos los centros de salud y hospitales de Sonora en el tema de la gratuidad, que es algo muy importante, vamos a trabajar para ir eficientando todos los procesos y la coordinaci\u00f3n que deberemos de tener con el Insabi y la Secretar\u00eda de Salud Federal\u201d, enfatiz\u00f3.<\/p>\n<p>&nbsp;<\/p>\n<p>El equipamiento que se adquiri\u00f3 con una inversi\u00f3n de m\u00e1s de 12 millones de pesos fue para fortalecer \u00e1reas cr\u00edticas del hospital, como urgencias, hospitalizaci\u00f3n y quir\u00f3fano, a\u00f1adi\u00f3, con el fin de modernizarlas y que sean m\u00e1s eficientes, para que en caso de cualquier accidente se tenga una mayor capacidad de respuesta y de atenci\u00f3n.<\/p>\n<p>&nbsp;<\/p>\n<p>Entre el equipamiento nuevo, detall\u00f3, se tienen camas de hospitalizaci\u00f3n, camillas de recuperaci\u00f3n, cama para cuidados intensivos, cunas de calor para reci\u00e9n nacidos, electrocardi\u00f3grafos, un carro rojo con equipo completo para reanimaci\u00f3n, Rayos X, silla de ruedas, ventiladores de traslado pedi\u00e1trico-adulto, entre otros.<\/p>\n<p>&nbsp;<\/p>\n<p>As\u00ed mismo, coment\u00f3 que se realizaron trabajos de remodelaci\u00f3n en la fachada principal y las puertas de acceso, el servicio y sustituci\u00f3n de aparatos de refrigeraci\u00f3n, la sustituci\u00f3n de las puertas en mal estado, de vidrios y ventanas quebrados y en mal estado, as\u00ed como el polarizado de vidrios.<\/p>\n<p>&nbsp;<\/p>\n<p>Tambi\u00e9n se realiz\u00f3 la impermeabilizaci\u00f3n general, reparaci\u00f3n de goteras, pintura en todas las \u00e1reas, sustituci\u00f3n de l\u00e1mparas por luz led, habilitaci\u00f3n de \u00e1rea para residentes, reparaciones, adaptaci\u00f3n de puertas de aluminio y vidrio en \u00e1rea de shock, urgencias y pediatr\u00eda.<\/p>\n<p>&nbsp;<\/p>\n<p>\u201cTenemos una convocatoria para 35 m\u00e9dicos especialistas en el Hospital General de Guaymas, hacemos una invitaci\u00f3n para que participen en la convocatoria los interesados, tenemos vacantes para cubrir las necesidades de m\u00e9dicos especialistas con el apoyo del Sindicato de Salud Federal\u201d, anunci\u00f3.<\/p>\n<p>&nbsp;<\/p>\n<p>Clausen Iberri detall\u00f3 que se requieren seis pediatras, dos neonat\u00f3logos, cinco internistas, cinco urgenci\u00f3logos, seis ginec\u00f3logos, tres ortopedistas, dos psiquiatras, cuatro cirujanos y cuatro psic\u00f3logos cl\u00ednicos.<\/p>\n<p>&nbsp;<\/p>\n<p>Para m\u00e1s informaci\u00f3n los interesados se pueden comunicar a la Direcci\u00f3n General de Ense\u00f1anza y Calidad, en los correos: dgec.sonora@gmail.com y dgec.particular@gmail.com.<\/p>\n<p>&nbsp;<\/p>\n<p>Fecha de publicaci\u00f3n 28\/ene\/2020<\/p>\n<p>&nbsp;<\/p>\n","protected":false},"excerpt":{"rendered":"<p>HERMOSILLO, SONORA,MX.\u2500 Para brindar un mejor servicio con calidad y calidez a los habitantes de&#8230;<\/p>\n","protected":false},"author":178,"featured_media":76665,"comment_status":"open","ping_status":"open","sticky":false,"template":"","format":"standard","meta":{"_monsterinsights_skip_tracking":false,"_monsterinsights_sitenote_active":false,"_monsterinsights_sitenote_note":"","_monsterinsights_sitenote_category":0,"footnotes":""},"categories":[22],"tags":[4051],"class_list":["post"],"yoast_head":" \n<title>Sonora en Equipo. Entrega Clausen Iberri equipamiento en el Hospital General de Guaymas Sonora<\/title>\n<meta name=\"description\" content=\"HERMOSILLO, SONORA,MX.\u2500 Para brindar un mejor servicio con calidad y calidez a los habitantes de la regi\u00f3n de Guaymas-Empalme, el secretario de Salud en En Sonora en Equipo publicamos toda la informaci\u00f3n de Sonora, M\u00e9xico y el Mundo de manera oportuna y busca que la libertad de expresi\u00f3n sea real. Visita nuestro medio informativo publicado desde Hermosillo, Sonora. %\" \/>\n<meta name=\"robots\" content=\"index, follow, max-snippet:-1, max-image-preview:large, max-video-preview:-1\" \/>\n<link rel=\"canonical\" href=\"https:\/\/www.sonoraenequipo.com.mx\/entrega-clausen-iberri-equipamiento-en-el-hospital-general-de-guaymas\/\" \/>\n<meta property=\"og:locale\" content=\"es_ES\" \/>\n<meta property=\"og:type\" content=\"article\" \/>\n<meta property=\"og:title\" content=\"Sonora en Equipo. Entrega Clausen Iberri equipamiento en el Hospital General de Guaymas Sonora\" \/>\n<meta property=\"og:description\" content=\"HERMOSILLO, SONORA,MX.\u2500 Para brindar un mejor servicio con calidad y calidez a los habitantes de la regi\u00f3n de Guaymas-Empalme, el secretario de Salud en En Sonora en Equipo publicamos toda la informaci\u00f3n de Sonora, M\u00e9xico y el Mundo de manera oportuna y busca que la libertad de expresi\u00f3n sea real. Visita nuestro medio informativo publicado desde Hermosillo, Sonora. %\" \/>\n<meta property=\"og:url\" content=\"https:\/\/www.sonoraenequipo.com.mx\/entrega-clausen-iberri-equipamiento-en-el-hospital-general-de-guaymas\/\" \/>\n<meta property=\"og:site_name\" content=\"Sonora en Equipo.\" \/>\n<meta property=\"article:publisher\" content=\"https:\/\/www.facebook.com\/SonoraEE\/\" \/>\n<meta property=\"article:published_time\" content=\"2020-01-28T18:51:35+00:00\" \/>\n<meta property=\"og:image\" content=\"https:\/\/www.sonoraenequipo.com.mx\/storage\/2020\/01\/salud-mat.jpg\" \/>\n\t<meta property=\"og:image:width\" content=\"613\" \/>\n\t<meta property=\"og:image:height\" content=\"409\" \/>\n\t<meta property=\"og:image:type\" content=\"image\/jpeg\" \/>\n<meta name=\"author\" content=\"enequipo\" \/>\n<meta name=\"twitter:card\" content=\"summary_large_image\" \/>\n<meta name=\"twitter:creator\" content=\"@sonoraenequipo\" \/>\n<meta name=\"twitter:site\" content=\"@sonoraenequipo\" \/>\n<meta name=\"twitter:label1\" content=\"Escrito por\" \/>\n\t<meta name=\"twitter:data1\" content=\"enequipo\" \/>\n\t<meta name=\"twitter:label2\" content=\"Tiempo de lectura\" \/>\n\t<meta name=\"twitter:data2\" content=\"2 minutos\" \/>\n<script type=\"application\/ld+json\" class=\"yoast-schema-graph\">{\"@context\":\"https:\/\/schema.org\",\"@graph\":[{\"@type\":\"Article\",\"@id\":\"https:\/\/www.sonoraenequipo.com.mx\/entrega-clausen-iberri-equipamiento-en-el-hospital-general-de-guaymas\/#article\",\"isPartOf\":{\"@id\":\"https:\/\/www.sonoraenequipo.com.mx\/entrega-clausen-iberri-equipamiento-en-el-hospital-general-de-guaymas\/\"},\"author\":{\"name\":\"enequipo\",\"@id\":\"https:\/\/www.sonoraenequipo.com.mx\/#\/schema\/person\/61a39de478a1763473ad55e8a95fddf6\"},\"headline\":\"Entrega Clausen Iberri equipamiento en el Hospital General de Guaymas\",\"datePublished\":\"2020-01-28T18:51:35+00:00\",\"mainEntityOfPage\":{\"@id\":\"https:\/\/www.sonoraenequipo.com.mx\/entrega-clausen-iberri-equipamiento-en-el-hospital-general-de-guaymas\/\"},\"wordCount\":489,\"commentCount\":0,\"publisher\":{\"@id\":\"https:\/\/www.sonoraenequipo.com.mx\/#organization\"},\"image\":{\"@id\":\"https:\/\/www.sonoraenequipo.com.mx\/entrega-clausen-iberri-equipamiento-en-el-hospital-general-de-guaymas\/#primaryimage\"},\"thumbnailUrl\":\"https:\/\/www.sonoraenequipo.com.mx\/storage\/2020\/01\/salud-mat.jpg\",\"keywords\":[\"Clausen Iberri\"],\"articleSection\":[\"Sonora\"],\"inLanguage\":\"es\",\"potentialAction\":[{\"@type\":\"CommentAction\",\"name\":\"Comment\",\"target\":[\"https:\/\/www.sonoraenequipo.com.mx\/entrega-clausen-iberri-equipamiento-en-el-hospital-general-de-guaymas\/#respond\"]}]},{\"@type\":\"WebPage\",\"@id\":\"https:\/\/www.sonoraenequipo.com.mx\/entrega-clausen-iberri-equipamiento-en-el-hospital-general-de-guaymas\/\",\"url\":\"https:\/\/www.sonoraenequipo.com.mx\/entrega-clausen-iberri-equipamiento-en-el-hospital-general-de-guaymas\/\",\"name\":\"Sonora en Equipo. Entrega Clausen Iberri equipamiento en el Hospital General de Guaymas Sonora\",\"isPartOf\":{\"@id\":\"https:\/\/www.sonoraenequipo.com.mx\/#website\"},\"primaryImageOfPage\":{\"@id\":\"https:\/\/www.sonoraenequipo.com.mx\/entrega-clausen-iberri-equipamiento-en-el-hospital-general-de-guaymas\/#primaryimage\"},\"image\":{\"@id\":\"https:\/\/www.sonoraenequipo.com.mx\/entrega-clausen-iberri-equipamiento-en-el-hospital-general-de-guaymas\/#primaryimage\"},\"thumbnailUrl\":\"https:\/\/www.sonoraenequipo.com.mx\/storage\/2020\/01\/salud-mat.jpg\",\"datePublished\":\"2020-01-28T18:51:35+00:00\",\"description\":\"HERMOSILLO, SONORA,MX.\u2500 Para brindar un mejor servicio con calidad y calidez a los habitantes de la regi\u00f3n de Guaymas-Empalme, el secretario de Salud en En Sonora en Equipo publicamos toda la informaci\u00f3n de Sonora, M\u00e9xico y el Mundo de manera oportuna y busca que la libertad de expresi\u00f3n sea real. Visita nuestro medio informativo publicado desde Hermosillo, Sonora. %\",\"breadcrumb\":{\"@id\":\"https:\/\/www.sonoraenequipo.com.mx\/entrega-clausen-iberri-equipamiento-en-el-hospital-general-de-guaymas\/#breadcrumb\"},\"inLanguage\":\"es\",\"potentialAction\":[{\"@type\":\"ReadAction\",\"target\":[\"https:\/\/www.sonoraenequipo.com.mx\/entrega-clausen-iberri-equipamiento-en-el-hospital-general-de-guaymas\/\"]}]},{\"@type\":\"ImageObject\",\"inLanguage\":\"es\",\"@id\":\"https:\/\/www.sonoraenequipo.com.mx\/entrega-clausen-iberri-equipamiento-en-el-hospital-general-de-guaymas\/#primaryimage\",\"url\":\"https:\/\/www.sonoraenequipo.com.mx\/storage\/2020\/01\/salud-mat.jpg\",\"contentUrl\":\"https:\/\/www.sonoraenequipo.com.mx\/storage\/2020\/01\/salud-mat.jpg\",\"width\":613,\"height\":409},{\"@type\":\"BreadcrumbList\",\"@id\":\"https:\/\/www.sonoraenequipo.com.mx\/entrega-clausen-iberri-equipamiento-en-el-hospital-general-de-guaymas\/#breadcrumb\",\"itemListElement\":[{\"@type\":\"ListItem\",\"position\":1,\"name\":\"Portada\",\"item\":\"https:\/\/www.sonoraenequipo.com.mx\/\"},{\"@type\":\"ListItem\",\"position\":2,\"name\":\"Entrega Clausen Iberri equipamiento en el Hospital General de Guaymas\"}]},{\"@type\":\"WebSite\",\"@id\":\"https:\/\/www.sonoraenequipo.com.mx\/#website\",\"url\":\"https:\/\/www.sonoraenequipo.com.mx\/\",\"name\":\"Sonora en Equipo.\",\"description\":\"Diario en l\u00ednea con Noticias desde Hermosillo, Sonora\",\"publisher\":{\"@id\":\"https:\/\/www.sonoraenequipo.com.mx\/#organization\"},\"potentialAction\":[{\"@type\":\"SearchAction\",\"target\":{\"@type\":\"EntryPoint\",\"urlTemplate\":\"https:\/\/www.sonoraenequipo.com.mx\/?s={search_term_string}\"},\"query-input\":{\"@type\":\"PropertyValueSpecification\",\"valueRequired\":true,\"valueName\":\"search_term_string\"}}],\"inLanguage\":\"es\"},{\"@type\":\"Organization\",\"@id\":\"https:\/\/www.sonoraenequipo.com.mx\/#organization\",\"name\":\"Sonoraenequipo.com.mx\",\"url\":\"https:\/\/www.sonoraenequipo.com.mx\/\",\"logo\":{\"@type\":\"ImageObject\",\"inLanguage\":\"es\",\"@id\":\"https:\/\/www.sonoraenequipo.com.mx\/#\/schema\/logo\/image\/\",\"url\":\"https:\/\/www.sonoraenequipo.com.mx\/storage\/2019\/01\/sonoraenequipo_opt.png\",\"contentUrl\":\"https:\/\/www.sonoraenequipo.com.mx\/storage\/2019\/01\/sonoraenequipo_opt.png\",\"width\":375,\"height\":125,\"caption\":\"Sonoraenequipo.com.mx\"},\"image\":{\"@id\":\"https:\/\/www.sonoraenequipo.com.mx\/#\/schema\/logo\/image\/\"},\"sameAs\":[\"https:\/\/www.facebook.com\/SonoraEE\/\",\"https:\/\/x.com\/sonoraenequipo\",\"https:\/\/www.youtube.com\/channel\/UC338nW-lPEYmJQs4ZABQ1SQ\"]},{\"@type\":\"Person\",\"@id\":\"https:\/\/www.sonoraenequipo.com.mx\/#\/schema\/person\/61a39de478a1763473ad55e8a95fddf6\",\"name\":\"enequipo\",\"image\":{\"@type\":\"ImageObject\",\"inLanguage\":\"es\",\"@id\":\"https:\/\/www.sonoraenequipo.com.mx\/#\/schema\/person\/image\/\",\"url\":\"https:\/\/secure.gravatar.com\/avatar\/e39bc3016d8af598aed3d770c9510dfc2795f37ea1733d99fcc6e97d2c3c9f5e?s=96&d=blank&r=g\",\"contentUrl\":\"https:\/\/secure.gravatar.com\/avatar\/e39bc3016d8af598aed3d770c9510dfc2795f37ea1733d99fcc6e97d2c3c9f5e?s=96&d=blank&r=g\",\"caption\":\"enequipo\"}}]}<\/script>\n ","yoast_head_json":{"title":"Sonora en Equipo. Entrega Clausen Iberri equipamiento en el Hospital General de Guaymas Sonora","description":"HERMOSILLO, SONORA,MX.\u2500 Para brindar un mejor servicio con calidad y calidez a los habitantes de la regi\u00f3n de Guaymas-Empalme, el secretario de Salud en En Sonora en Equipo publicamos toda la informaci\u00f3n de Sonora, M\u00e9xico y el Mundo de manera oportuna y busca que la libertad de expresi\u00f3n sea real. Visita nuestro medio informativo publicado desde Hermosillo, Sonora. %","robots":{"index":"index","follow":"follow","max-snippet":"max-snippet:-1","max-image-preview":"max-image-preview:large","max-video-preview":"max-video-preview:-1"},"canonical":"https:\/\/www.sonoraenequipo.com.mx\/entrega-clausen-iberri-equipamiento-en-el-hospital-general-de-guaymas\/","og_locale":"es_ES","og_type":"article","og_title":"Sonora en Equipo. Entrega Clausen Iberri equipamiento en el Hospital General de Guaymas Sonora","og_description":"HERMOSILLO, SONORA,MX.\u2500 Para brindar un mejor servicio con calidad y calidez a los habitantes de la regi\u00f3n de Guaymas-Empalme, el secretario de Salud en En Sonora en Equipo publicamos toda la informaci\u00f3n de Sonora, M\u00e9xico y el Mundo de manera oportuna y busca que la libertad de expresi\u00f3n sea real. Visita nuestro medio informativo publicado desde Hermosillo, Sonora. %","og_url":"https:\/\/www.sonoraenequipo.com.mx\/entrega-clausen-iberri-equipamiento-en-el-hospital-general-de-guaymas\/","og_site_name":"Sonora en Equipo.","article_publisher":"https:\/\/www.facebook.com\/SonoraEE\/","article_published_time":"2020-01-28T18:51:35+00:00","og_image":[{"width":613,"height":409,"url":"https:\/\/www.sonoraenequipo.com.mx\/storage\/2020\/01\/salud-mat.jpg","type":"image\/jpeg"}],"author":"enequipo","twitter_card":"summary_large_image","twitter_creator":"@sonoraenequipo","twitter_site":"@sonoraenequipo","twitter_misc":{"Escrito por":"enequipo","Tiempo de lectura":"2 minutos"},"schema":{"@context":"https:\/\/schema.org","@graph":[{"@type":"Article","@id":"https:\/\/www.sonoraenequipo.com.mx\/entrega-clausen-iberri-equipamiento-en-el-hospital-general-de-guaymas\/#article","isPartOf":{"@id":"https:\/\/www.sonoraenequipo.com.mx\/entrega-clausen-iberri-equipamiento-en-el-hospital-general-de-guaymas\/"},"author":{"name":"enequipo","@id":"https:\/\/www.sonoraenequipo.com.mx\/#\/schema\/person\/61a39de478a1763473ad55e8a95fddf6"},"headline":"Entrega Clausen Iberri equipamiento en el Hospital General de Guaymas","datePublished":"2020-01-28T18:51:35+00:00","mainEntityOfPage":{"@id":"https:\/\/www.sonoraenequipo.com.mx\/entrega-clausen-iberri-equipamiento-en-el-hospital-general-de-guaymas\/"},"wordCount":489,"commentCount":0,"publisher":{"@id":"https:\/\/www.sonoraenequipo.com.mx\/#organization"},"image":{"@id":"https:\/\/www.sonoraenequipo.com.mx\/entrega-clausen-iberri-equipamiento-en-el-hospital-general-de-guaymas\/#primaryimage"},"thumbnailUrl":"https:\/\/www.sonoraenequipo.com.mx\/storage\/2020\/01\/salud-mat.jpg","keywords":["Clausen Iberri"],"articleSection":["Sonora"],"inLanguage":"es","potentialAction":[{"@type":"CommentAction","name":"Comment","target":["https:\/\/www.sonoraenequipo.com.mx\/entrega-clausen-iberri-equipamiento-en-el-hospital-general-de-guaymas\/#respond"]}]},{"@type":"WebPage","@id":"https:\/\/www.sonoraenequipo.com.mx\/entrega-clausen-iberri-equipamiento-en-el-hospital-general-de-guaymas\/","url":"https:\/\/www.sonoraenequipo.com.mx\/entrega-clausen-iberri-equipamiento-en-el-hospital-general-de-guaymas\/","name":"Sonora en Equipo. Entrega Clausen Iberri equipamiento en el Hospital General de Guaymas Sonora","isPartOf":{"@id":"https:\/\/www.sonoraenequipo.com.mx\/#website"},"primaryImageOfPage":{"@id":"https:\/\/www.sonoraenequipo.com.mx\/entrega-clausen-iberri-equipamiento-en-el-hospital-general-de-guaymas\/#primaryimage"},"image":{"@id":"https:\/\/www.sonoraenequipo.com.mx\/entrega-clausen-iberri-equipamiento-en-el-hospital-general-de-guaymas\/#primaryimage"},"thumbnailUrl":"https:\/\/www.sonoraenequipo.com.mx\/storage\/2020\/01\/salud-mat.jpg","datePublished":"2020-01-28T18:51:35+00:00","description":"HERMOSILLO, SONORA,MX.\u2500 Para brindar un mejor servicio con calidad y calidez a los habitantes de la regi\u00f3n de Guaymas-Empalme, el secretario de Salud en En Sonora en Equipo publicamos toda la informaci\u00f3n de Sonora, M\u00e9xico y el Mundo de manera oportuna y busca que la libertad de expresi\u00f3n sea real. Visita nuestro medio informativo publicado desde Hermosillo, Sonora. %","breadcrumb":{"@id":"https:\/\/www.sonoraenequipo.com.mx\/entrega-clausen-iberri-equipamiento-en-el-hospital-general-de-guaymas\/#breadcrumb"},"inLanguage":"es","potentialAction":[{"@type":"ReadAction","target":["https:\/\/www.sonoraenequipo.com.mx\/entrega-clausen-iberri-equipamiento-en-el-hospital-general-de-guaymas\/"]}]},{"@type":"ImageObject","inLanguage":"es","@id":"https:\/\/www.sonoraenequipo.com.mx\/entrega-clausen-iberri-equipamiento-en-el-hospital-general-de-guaymas\/#primaryimage","url":"https:\/\/www.sonoraenequipo.com.mx\/storage\/2020\/01\/salud-mat.jpg","contentUrl":"https:\/\/www.sonoraenequipo.com.mx\/storage\/2020\/01\/salud-mat.jpg","width":613,"height":409},{"@type":"BreadcrumbList","@id":"https:\/\/www.sonoraenequipo.com.mx\/entrega-clausen-iberri-equipamiento-en-el-hospital-general-de-guaymas\/#breadcrumb","itemListElement":[{"@type":"ListItem","position":1,"name":"Portada","item":"https:\/\/www.sonoraenequipo.com.mx\/"},{"@type":"ListItem","position":2,"name":"Entrega Clausen Iberri equipamiento en el Hospital General de Guaymas"}]},{"@type":"WebSite","@id":"https:\/\/www.sonoraenequipo.com.mx\/#website","url":"https:\/\/www.sonoraenequipo.com.mx\/","name":"Sonora en Equipo.","description":"Diario en l\u00ednea con Noticias desde Hermosillo, Sonora","publisher":{"@id":"https:\/\/www.sonoraenequipo.com.mx\/#organization"},"potentialAction":[{"@type":"SearchAction","target":{"@type":"EntryPoint","urlTemplate":"https:\/\/www.sonoraenequipo.com.mx\/?s={search_term_string}"},"query-input":{"@type":"PropertyValueSpecification","valueRequired":true,"valueName":"search_term_string"}}],"inLanguage":"es"},{"@type":"Organization","@id":"https:\/\/www.sonoraenequipo.com.mx\/#organization","name":"Sonoraenequipo.com.mx","url":"https:\/\/www.sonoraenequipo.com.mx\/","logo":{"@type":"ImageObject","inLanguage":"es","@id":"https:\/\/www.sonoraenequipo.com.mx\/#\/schema\/logo\/image\/","url":"https:\/\/www.sonoraenequipo.com.mx\/storage\/2019\/01\/sonoraenequipo_opt.png","contentUrl":"https:\/\/www.sonoraenequipo.com.mx\/storage\/2019\/01\/sonoraenequipo_opt.png","width":375,"height":125,"caption":"Sonoraenequipo.com.mx"},"image":{"@id":"https:\/\/www.sonoraenequipo.com.mx\/#\/schema\/logo\/image\/"},"sameAs":["https:\/\/www.facebook.com\/SonoraEE\/","https:\/\/x.com\/sonoraenequipo","https:\/\/www.youtube.com\/channel\/UC338nW-lPEYmJQs4ZABQ1SQ"]},{"@type":"Person","@id":"https:\/\/www.sonoraenequipo.com.mx\/#\/schema\/person\/61a39de478a1763473ad55e8a95fddf6","name":"enequipo","image":{"@type":"ImageObject","inLanguage":"es","@id":"https:\/\/www.sonoraenequipo.com.mx\/#\/schema\/person\/image\/","url":"https:\/\/secure.gravatar.com\/avatar\/e39bc3016d8af598aed3d770c9510dfc2795f37ea1733d99fcc6e97d2c3c9f5e?s=96&d=blank&r=g","contentUrl":"https:\/\/secure.gravatar.com\/avatar\/e39bc3016d8af598aed3d770c9510dfc2795f37ea1733d99fcc6e97d2c3c9f5e?s=96&d=blank&r=g","caption":"enequipo"}}]}},"jetpack_featured_media_url":"https:\/\/www.sonoraenequipo.com.mx\/storage\/2020\/01\/salud-mat.jpg","_links":{"self":[{"href":"https:\/\/www.sonoraenequipo.com.mx\/api\/wp\/v2\/posts\/76664","targetHints":{"allow":["GET"]}}],"collection":[{"href":"https:\/\/www.sonoraenequipo.com.mx\/api\/wp\/v2\/posts"}],"about":[{"href":"https:\/\/www.sonoraenequipo.com.mx\/api\/wp\/v2\/types\/post"}],"author":[{"embeddable":true,"href":"https:\/\/www.sonoraenequipo.com.mx\/api\/wp\/v2\/users\/178"}],"replies":[{"embeddable":true,"href":"https:\/\/www.sonoraenequipo.com.mx\/api\/wp\/v2\/comments?post=76664"}],"version-history":[{"count":0,"href":"https:\/\/www.sonoraenequipo.com.mx\/api\/wp\/v2\/posts\/76664\/revisions"}],"wp:featuredmedia":[{"embeddable":true,"href":"https:\/\/www.sonoraenequipo.com.mx\/api\/wp\/v2\/media\/76665"}],"wp:attachment":[{"href":"https:\/\/www.sonoraenequipo.com.mx\/api\/wp\/v2\/media?parent=76664"}],"wp:term":[{"taxonomy":"category","embeddable":true,"href":"https:\/\/www.sonoraenequipo.com.mx\/api\/wp\/v2\/categories?post=76664"},{"taxonomy":"post_tag","embeddable":true,"href":"https:\/\/www.sonoraenequipo.com.mx\/api\/wp\/v2\/tags?post=76664"}],"curies":[{"name":"wp","href":"https:\/\/api.w.org\/{rel}","templated":true}]}}