{"id":76673,"date":"2020-01-28T11:20:47","date_gmt":"2020-01-28T18:20:47","guid":{"rendered":"https:\/\/www.sonoraenequipo.com.mx\/?p=76673"},"modified":"2020-01-28T13:05:00","modified_gmt":"2020-01-28T20:05:00","slug":"inauguran-en-sinaloa-materia-un-museo-con-grandes-avances-tecnologicos","status":"publish","type":"post","link":"https:\/\/www.sonoraenequipo.com.mx\/inauguran-en-sinaloa-materia-un-museo-con-grandes-avances-tecnologicos\/","title":{"rendered":"Inauguran en Sinaloa  \u00abMateria\u00bb, un museo con grandes avances tecnol\u00f3gicos"},"content":{"rendered":"<p>CULIAC\u00c1N, SINALOA. MX. \u2014 Culiac\u00e1n tendr\u00e1 a partir de hoy uno de los museos m\u00e1s innovadores y grandes de Am\u00e9rica Latina: <strong>Materia.<\/strong><\/p>\n<p> <\/p>\n<p>Esta primera etapa se encuentra en las instalaciones de lo que es el Centro de Ciencias, el cual fue remodelado para tener nueva vida, donde la ciudadan\u00eda pueda mantener una conexi\u00f3n cercana con las diferentes atracciones y las obras que se estar\u00e1n presentando.<\/p>\n<p>En este espacio se motivar\u00e1 el acercamiento a la ciencia, al arte y a la tecnolog\u00eda, que servir\u00e1 para desarrollar el pensamiento cr\u00edtico de los j\u00f3venes sinaloenses.<\/p>\n<p><img loading=\"lazy\" decoding=\"async\" class=\"size-medium  x-right\" src=\"https:\/\/www.sonoraenequipo.com.mx\/storage\/2020\/01\/museo_grandes_avances_tecnologicos_opt-600x338.jpg\" alt=\"\" width=\"600\" height=\"338\" \/>Acorde a los nuevos tiempos, la infraestructura del lugar es incluyente y facilita el ingreso y el recorrido en su interior y exterior a toda personas con alguna discapacidad, adem\u00e1s est\u00e1 enfocado en el desarrollo sustentable.<\/p>\n<p>El gobernador del estado Quirino Ordaz Coppel y parte del gabinete de su Administraci\u00f3n inauguraron este m\u00e1gico lugar, el cual fue dise\u00f1ado para ni\u00f1os, j\u00f3venes y adultos. Cada una de sus obras est\u00e1 enfocadas con sentido social, a la ciencia y al arte; adem\u00e1s de elevar el aprendizaje y disipar dudas sobre c\u00f3mo funciona el planeta.<\/p>\n<p>En esta remodelaci\u00f3n se cont\u00f3 con la participaci\u00f3n del arquitecto Alberto Kalach, considerado uno de los mejores arquitectos del pa\u00eds, quien fue el creador de la biblioteca Jos\u00e9 Vasconcelos. Una de las instrucciones fue que se recuperaran los cimientos del viejo edificio y convertirlo en uno moderno.<\/p>\n<h3>Innovaciones<\/h3>\n<p>Una de las principales atracciones del Centro de Ciencias es el Cubo Negro 8k, donde los visitantes experimentar\u00e1n la realidad virtual aumentada en un formato de 8k, tecnolog\u00eda que solo existe en Austria, y ahora en Sinaloa.<\/p>\n<p>Adem\u00e1s, una vez a la semana, a trav\u00e9s del video mapping podr\u00e1 ver proyecciones en video o im\u00e1genes en la fachada principal del edificio. Se har\u00e1n espect\u00e1culos relacionados con la ciencia y la tecnolog\u00eda en un espacio abierto y amigable con el medio ambiente.<\/p>\n<p>El museo tambi\u00e9n cuenta con el santuario de Bacubirito, donde se encuentra el meteorito m\u00e1s largo del mundo; la esfera led m\u00e1s grande de M\u00e9xico, donde transmitir\u00e1n contenidos sobre el cambio clim\u00e1tico; as\u00ed como el \u00fanico laboratorio de fabricaci\u00f3n digital p\u00fablico, donde emprendedores podr\u00e1n realizar proyectos usando la tecnolog\u00eda 3D.<\/p>\n<h3>Horarios<\/h3>\n<p>Hoy, a las 09:00 horas, el museo Materia ya estar\u00e1 abierto al p\u00fablico hasta las 19:00 horas, de lunes a domingo. El costo de entrada es de 55 pesos los primeros tres meses, promoci\u00f3n que se aplicar\u00e1 por ser la etapa inaugural. Posteriormente el costo ser\u00e1 de 120 pesos.<\/p>\n<p>El Centro de Ciencias estar\u00e1 conectado con el Jard\u00edn Bot\u00e1nico, y tendr\u00e1 apertura para todos los sectores educativos, empresariales y sociales.<\/p>\n<h2>Reducir\u00e1n costo de entrada a Centro de Ciencias de Sinaloa: Quirino<\/h2>\n<p>Ante las cr\u00edticas de la poblaci\u00f3n por el costo de 120 pesos para entrar al nuevo museo llamado \u00ab<strong>Materia\u00bb<\/strong> que se encuentra en el centro de ciencias , el gobernador del estado , Quirino Ordaz Coppel anunci\u00f3 que se est\u00e1 analizando hacer un cobro justo.<\/p>\n<p>El mandatario neg\u00f3 que vaya a costar 120 pesos, por lo que pronto dar\u00e1n a conocer la nueva tarifa.<\/p>\n<p>Por lo pronto el d\u00eda de hoy la entrada para conocer Materia ser\u00e1 gratuita y a partir de ma\u00f1ana el costo provisional es de 55 pesos.<\/p>\n<p>PUBLICADO EL 28\/01\/2020 \/ Mar\u00eda Elizalde )<\/p>\n","protected":false},"excerpt":{"rendered":"<p>CULIAC\u00c1N, SINALOA. MX. \u2014 Culiac\u00e1n tendr\u00e1 a partir de hoy uno de los museos m\u00e1s&#8230;<\/p>\n","protected":false},"author":1,"featured_media":76675,"comment_status":"open","ping_status":"open","sticky":false,"template":"","format":"standard","meta":{"_monsterinsights_skip_tracking":false,"_monsterinsights_sitenote_active":false,"_monsterinsights_sitenote_note":"","_monsterinsights_sitenote_category":0,"footnotes":""},"categories":[12,5],"tags":[4053,4052,4054,4055,2885],"class_list":["post"],"yoast_head":" \n<title>Sonora en Equipo. Inauguran en Sinaloa &quot;Materia&quot;, un museo con grandes avances tecnol\u00f3gicos Rep\u00fablica<\/title>\n<meta name=\"description\" content=\"CULIAC\u00c1N, SINALOA. MX. \u2014 Culiac\u00e1n tendr\u00e1 a partir de hoy uno de los museos m\u00e1s innovadores y grandes de Am\u00e9rica Latina: Materia. Esta primera etapa se En Sonora en Equipo publicamos toda la informaci\u00f3n de Sonora, M\u00e9xico y el Mundo de manera oportuna y busca que la libertad de expresi\u00f3n sea real. Visita nuestro medio informativo publicado desde Hermosillo, Sonora. %\" \/>\n<meta name=\"robots\" content=\"index, follow, max-snippet:-1, max-image-preview:large, max-video-preview:-1\" \/>\n<link rel=\"canonical\" href=\"https:\/\/www.sonoraenequipo.com.mx\/inauguran-en-sinaloa-materia-un-museo-con-grandes-avances-tecnologicos\/\" \/>\n<meta property=\"og:locale\" content=\"es_ES\" \/>\n<meta property=\"og:type\" content=\"article\" \/>\n<meta property=\"og:title\" content=\"Sonora en Equipo. Inauguran en Sinaloa &quot;Materia&quot;, un museo con grandes avances tecnol\u00f3gicos Rep\u00fablica\" \/>\n<meta property=\"og:description\" content=\"CULIAC\u00c1N, SINALOA. MX. \u2014 Culiac\u00e1n tendr\u00e1 a partir de hoy uno de los museos m\u00e1s innovadores y grandes de Am\u00e9rica Latina: Materia. Esta primera etapa se En Sonora en Equipo publicamos toda la informaci\u00f3n de Sonora, M\u00e9xico y el Mundo de manera oportuna y busca que la libertad de expresi\u00f3n sea real. Visita nuestro medio informativo publicado desde Hermosillo, Sonora. %\" \/>\n<meta property=\"og:url\" content=\"https:\/\/www.sonoraenequipo.com.mx\/inauguran-en-sinaloa-materia-un-museo-con-grandes-avances-tecnologicos\/\" \/>\n<meta property=\"og:site_name\" content=\"Sonora en Equipo.\" \/>\n<meta property=\"article:publisher\" content=\"https:\/\/www.facebook.com\/SonoraEE\/\" \/>\n<meta property=\"article:author\" content=\"https:\/\/www.facebook.com\/SonoraEE\" \/>\n<meta property=\"article:published_time\" content=\"2020-01-28T18:20:47+00:00\" \/>\n<meta property=\"article:modified_time\" content=\"2020-01-28T20:05:00+00:00\" \/>\n<meta property=\"og:image\" content=\"https:\/\/www.sonoraenequipo.com.mx\/storage\/2020\/01\/centro_de_ciencias_de_sinaloa_quirino_opt.jpg\" \/>\n\t<meta property=\"og:image:width\" content=\"711\" \/>\n\t<meta property=\"og:image:height\" content=\"400\" \/>\n\t<meta property=\"og:image:type\" content=\"image\/jpeg\" \/>\n<meta name=\"author\" content=\"enequipo\" \/>\n<meta name=\"twitter:card\" content=\"summary_large_image\" \/>\n<meta name=\"twitter:creator\" content=\"@sonoraenequipo\" \/>\n<meta name=\"twitter:site\" content=\"@sonoraenequipo\" \/>\n<meta name=\"twitter:label1\" content=\"Escrito por\" \/>\n\t<meta name=\"twitter:data1\" content=\"enequipo\" \/>\n\t<meta name=\"twitter:label2\" content=\"Tiempo de lectura\" \/>\n\t<meta name=\"twitter:data2\" content=\"3 minutos\" \/>\n<script type=\"application\/ld+json\" class=\"yoast-schema-graph\">{\"@context\":\"https:\/\/schema.org\",\"@graph\":[{\"@type\":\"Article\",\"@id\":\"https:\/\/www.sonoraenequipo.com.mx\/inauguran-en-sinaloa-materia-un-museo-con-grandes-avances-tecnologicos\/#article\",\"isPartOf\":{\"@id\":\"https:\/\/www.sonoraenequipo.com.mx\/inauguran-en-sinaloa-materia-un-museo-con-grandes-avances-tecnologicos\/\"},\"author\":{\"name\":\"enequipo\",\"@id\":\"https:\/\/www.sonoraenequipo.com.mx\/#\/schema\/person\/50102df0fb23a8fa9e8effad8fa81386\"},\"headline\":\"Inauguran en Sinaloa \u00abMateria\u00bb, un museo con grandes avances tecnol\u00f3gicos\",\"datePublished\":\"2020-01-28T18:20:47+00:00\",\"dateModified\":\"2020-01-28T20:05:00+00:00\",\"mainEntityOfPage\":{\"@id\":\"https:\/\/www.sonoraenequipo.com.mx\/inauguran-en-sinaloa-materia-un-museo-con-grandes-avances-tecnologicos\/\"},\"wordCount\":590,\"commentCount\":0,\"publisher\":{\"@id\":\"https:\/\/www.sonoraenequipo.com.mx\/#organization\"},\"image\":{\"@id\":\"https:\/\/www.sonoraenequipo.com.mx\/inauguran-en-sinaloa-materia-un-museo-con-grandes-avances-tecnologicos\/#primaryimage\"},\"thumbnailUrl\":\"https:\/\/www.sonoraenequipo.com.mx\/storage\/2020\/01\/centro_de_ciencias_de_sinaloa_quirino_opt.jpg\",\"keywords\":[\"Centro de Ciencias de Sinaloa\",\"Culiac\u00e1n Sinaloa\",\"Gobierno del Estado Sinaloa\",\"Imagen de Quirino Ordaz Coppel\",\"Quirino Ordaz Coppel\"],\"articleSection\":[\"Especiales\",\"Rep\u00fablica\"],\"inLanguage\":\"es\",\"potentialAction\":[{\"@type\":\"CommentAction\",\"name\":\"Comment\",\"target\":[\"https:\/\/www.sonoraenequipo.com.mx\/inauguran-en-sinaloa-materia-un-museo-con-grandes-avances-tecnologicos\/#respond\"]}]},{\"@type\":\"WebPage\",\"@id\":\"https:\/\/www.sonoraenequipo.com.mx\/inauguran-en-sinaloa-materia-un-museo-con-grandes-avances-tecnologicos\/\",\"url\":\"https:\/\/www.sonoraenequipo.com.mx\/inauguran-en-sinaloa-materia-un-museo-con-grandes-avances-tecnologicos\/\",\"name\":\"Sonora en Equipo. Inauguran en Sinaloa \\\"Materia\\\", un museo con grandes avances tecnol\u00f3gicos Rep\u00fablica\",\"isPartOf\":{\"@id\":\"https:\/\/www.sonoraenequipo.com.mx\/#website\"},\"primaryImageOfPage\":{\"@id\":\"https:\/\/www.sonoraenequipo.com.mx\/inauguran-en-sinaloa-materia-un-museo-con-grandes-avances-tecnologicos\/#primaryimage\"},\"image\":{\"@id\":\"https:\/\/www.sonoraenequipo.com.mx\/inauguran-en-sinaloa-materia-un-museo-con-grandes-avances-tecnologicos\/#primaryimage\"},\"thumbnailUrl\":\"https:\/\/www.sonoraenequipo.com.mx\/storage\/2020\/01\/centro_de_ciencias_de_sinaloa_quirino_opt.jpg\",\"datePublished\":\"2020-01-28T18:20:47+00:00\",\"dateModified\":\"2020-01-28T20:05:00+00:00\",\"description\":\"CULIAC\u00c1N, SINALOA. MX. \u2014 Culiac\u00e1n tendr\u00e1 a partir de hoy uno de los museos m\u00e1s innovadores y grandes de Am\u00e9rica Latina: Materia. Esta primera etapa se En Sonora en Equipo publicamos toda la informaci\u00f3n de Sonora, M\u00e9xico y el Mundo de manera oportuna y busca que la libertad de expresi\u00f3n sea real. Visita nuestro medio informativo publicado desde Hermosillo, Sonora. %\",\"breadcrumb\":{\"@id\":\"https:\/\/www.sonoraenequipo.com.mx\/inauguran-en-sinaloa-materia-un-museo-con-grandes-avances-tecnologicos\/#breadcrumb\"},\"inLanguage\":\"es\",\"potentialAction\":[{\"@type\":\"ReadAction\",\"target\":[\"https:\/\/www.sonoraenequipo.com.mx\/inauguran-en-sinaloa-materia-un-museo-con-grandes-avances-tecnologicos\/\"]}]},{\"@type\":\"ImageObject\",\"inLanguage\":\"es\",\"@id\":\"https:\/\/www.sonoraenequipo.com.mx\/inauguran-en-sinaloa-materia-un-museo-con-grandes-avances-tecnologicos\/#primaryimage\",\"url\":\"https:\/\/www.sonoraenequipo.com.mx\/storage\/2020\/01\/centro_de_ciencias_de_sinaloa_quirino_opt.jpg\",\"contentUrl\":\"https:\/\/www.sonoraenequipo.com.mx\/storage\/2020\/01\/centro_de_ciencias_de_sinaloa_quirino_opt.jpg\",\"width\":711,\"height\":400},{\"@type\":\"BreadcrumbList\",\"@id\":\"https:\/\/www.sonoraenequipo.com.mx\/inauguran-en-sinaloa-materia-un-museo-con-grandes-avances-tecnologicos\/#breadcrumb\",\"itemListElement\":[{\"@type\":\"ListItem\",\"position\":1,\"name\":\"Portada\",\"item\":\"https:\/\/www.sonoraenequipo.com.mx\/\"},{\"@type\":\"ListItem\",\"position\":2,\"name\":\"Inauguran en Sinaloa \u00abMateria\u00bb, un museo con grandes avances tecnol\u00f3gicos\"}]},{\"@type\":\"WebSite\",\"@id\":\"https:\/\/www.sonoraenequipo.com.mx\/#website\",\"url\":\"https:\/\/www.sonoraenequipo.com.mx\/\",\"name\":\"Sonora en Equipo.\",\"description\":\"Diario en l\u00ednea con Noticias desde Hermosillo, Sonora\",\"publisher\":{\"@id\":\"https:\/\/www.sonoraenequipo.com.mx\/#organization\"},\"potentialAction\":[{\"@type\":\"SearchAction\",\"target\":{\"@type\":\"EntryPoint\",\"urlTemplate\":\"https:\/\/www.sonoraenequipo.com.mx\/?s={search_term_string}\"},\"query-input\":{\"@type\":\"PropertyValueSpecification\",\"valueRequired\":true,\"valueName\":\"search_term_string\"}}],\"inLanguage\":\"es\"},{\"@type\":\"Organization\",\"@id\":\"https:\/\/www.sonoraenequipo.com.mx\/#organization\",\"name\":\"Sonoraenequipo.com.mx\",\"url\":\"https:\/\/www.sonoraenequipo.com.mx\/\",\"logo\":{\"@type\":\"ImageObject\",\"inLanguage\":\"es\",\"@id\":\"https:\/\/www.sonoraenequipo.com.mx\/#\/schema\/logo\/image\/\",\"url\":\"https:\/\/www.sonoraenequipo.com.mx\/storage\/2019\/01\/sonoraenequipo_opt.png\",\"contentUrl\":\"https:\/\/www.sonoraenequipo.com.mx\/storage\/2019\/01\/sonoraenequipo_opt.png\",\"width\":375,\"height\":125,\"caption\":\"Sonoraenequipo.com.mx\"},\"image\":{\"@id\":\"https:\/\/www.sonoraenequipo.com.mx\/#\/schema\/logo\/image\/\"},\"sameAs\":[\"https:\/\/www.facebook.com\/SonoraEE\/\",\"https:\/\/x.com\/sonoraenequipo\",\"https:\/\/www.youtube.com\/channel\/UC338nW-lPEYmJQs4ZABQ1SQ\"]},{\"@type\":\"Person\",\"@id\":\"https:\/\/www.sonoraenequipo.com.mx\/#\/schema\/person\/50102df0fb23a8fa9e8effad8fa81386\",\"name\":\"enequipo\",\"image\":{\"@type\":\"ImageObject\",\"inLanguage\":\"es\",\"@id\":\"https:\/\/www.sonoraenequipo.com.mx\/#\/schema\/person\/image\/\",\"url\":\"https:\/\/secure.gravatar.com\/avatar\/049821681b589dabc0bc20695993ccebb09f5b5d4d790cd9251b97faac7c652b?s=96&d=blank&r=g\",\"contentUrl\":\"https:\/\/secure.gravatar.com\/avatar\/049821681b589dabc0bc20695993ccebb09f5b5d4d790cd9251b97faac7c652b?s=96&d=blank&r=g\",\"caption\":\"enequipo\"},\"sameAs\":[\"https:\/\/www.facebook.com\/SonoraEE\"]}]}<\/script>\n ","yoast_head_json":{"title":"Sonora en Equipo. Inauguran en Sinaloa \"Materia\", un museo con grandes avances tecnol\u00f3gicos Rep\u00fablica","description":"CULIAC\u00c1N, SINALOA. MX. \u2014 Culiac\u00e1n tendr\u00e1 a partir de hoy uno de los museos m\u00e1s innovadores y grandes de Am\u00e9rica Latina: Materia. Esta primera etapa se En Sonora en Equipo publicamos toda la informaci\u00f3n de Sonora, M\u00e9xico y el Mundo de manera oportuna y busca que la libertad de expresi\u00f3n sea real. Visita nuestro medio informativo publicado desde Hermosillo, Sonora. %","robots":{"index":"index","follow":"follow","max-snippet":"max-snippet:-1","max-image-preview":"max-image-preview:large","max-video-preview":"max-video-preview:-1"},"canonical":"https:\/\/www.sonoraenequipo.com.mx\/inauguran-en-sinaloa-materia-un-museo-con-grandes-avances-tecnologicos\/","og_locale":"es_ES","og_type":"article","og_title":"Sonora en Equipo. Inauguran en Sinaloa \"Materia\", un museo con grandes avances tecnol\u00f3gicos Rep\u00fablica","og_description":"CULIAC\u00c1N, SINALOA. MX. \u2014 Culiac\u00e1n tendr\u00e1 a partir de hoy uno de los museos m\u00e1s innovadores y grandes de Am\u00e9rica Latina: Materia. Esta primera etapa se En Sonora en Equipo publicamos toda la informaci\u00f3n de Sonora, M\u00e9xico y el Mundo de manera oportuna y busca que la libertad de expresi\u00f3n sea real. Visita nuestro medio informativo publicado desde Hermosillo, Sonora. %","og_url":"https:\/\/www.sonoraenequipo.com.mx\/inauguran-en-sinaloa-materia-un-museo-con-grandes-avances-tecnologicos\/","og_site_name":"Sonora en Equipo.","article_publisher":"https:\/\/www.facebook.com\/SonoraEE\/","article_author":"https:\/\/www.facebook.com\/SonoraEE","article_published_time":"2020-01-28T18:20:47+00:00","article_modified_time":"2020-01-28T20:05:00+00:00","og_image":[{"width":711,"height":400,"url":"https:\/\/www.sonoraenequipo.com.mx\/storage\/2020\/01\/centro_de_ciencias_de_sinaloa_quirino_opt.jpg","type":"image\/jpeg"}],"author":"enequipo","twitter_card":"summary_large_image","twitter_creator":"@sonoraenequipo","twitter_site":"@sonoraenequipo","twitter_misc":{"Escrito por":"enequipo","Tiempo de lectura":"3 minutos"},"schema":{"@context":"https:\/\/schema.org","@graph":[{"@type":"Article","@id":"https:\/\/www.sonoraenequipo.com.mx\/inauguran-en-sinaloa-materia-un-museo-con-grandes-avances-tecnologicos\/#article","isPartOf":{"@id":"https:\/\/www.sonoraenequipo.com.mx\/inauguran-en-sinaloa-materia-un-museo-con-grandes-avances-tecnologicos\/"},"author":{"name":"enequipo","@id":"https:\/\/www.sonoraenequipo.com.mx\/#\/schema\/person\/50102df0fb23a8fa9e8effad8fa81386"},"headline":"Inauguran en Sinaloa \u00abMateria\u00bb, un museo con grandes avances tecnol\u00f3gicos","datePublished":"2020-01-28T18:20:47+00:00","dateModified":"2020-01-28T20:05:00+00:00","mainEntityOfPage":{"@id":"https:\/\/www.sonoraenequipo.com.mx\/inauguran-en-sinaloa-materia-un-museo-con-grandes-avances-tecnologicos\/"},"wordCount":590,"commentCount":0,"publisher":{"@id":"https:\/\/www.sonoraenequipo.com.mx\/#organization"},"image":{"@id":"https:\/\/www.sonoraenequipo.com.mx\/inauguran-en-sinaloa-materia-un-museo-con-grandes-avances-tecnologicos\/#primaryimage"},"thumbnailUrl":"https:\/\/www.sonoraenequipo.com.mx\/storage\/2020\/01\/centro_de_ciencias_de_sinaloa_quirino_opt.jpg","keywords":["Centro de Ciencias de Sinaloa","Culiac\u00e1n Sinaloa","Gobierno del Estado Sinaloa","Imagen de Quirino Ordaz Coppel","Quirino Ordaz Coppel"],"articleSection":["Especiales","Rep\u00fablica"],"inLanguage":"es","potentialAction":[{"@type":"CommentAction","name":"Comment","target":["https:\/\/www.sonoraenequipo.com.mx\/inauguran-en-sinaloa-materia-un-museo-con-grandes-avances-tecnologicos\/#respond"]}]},{"@type":"WebPage","@id":"https:\/\/www.sonoraenequipo.com.mx\/inauguran-en-sinaloa-materia-un-museo-con-grandes-avances-tecnologicos\/","url":"https:\/\/www.sonoraenequipo.com.mx\/inauguran-en-sinaloa-materia-un-museo-con-grandes-avances-tecnologicos\/","name":"Sonora en Equipo. Inauguran en Sinaloa \"Materia\", un museo con grandes avances tecnol\u00f3gicos Rep\u00fablica","isPartOf":{"@id":"https:\/\/www.sonoraenequipo.com.mx\/#website"},"primaryImageOfPage":{"@id":"https:\/\/www.sonoraenequipo.com.mx\/inauguran-en-sinaloa-materia-un-museo-con-grandes-avances-tecnologicos\/#primaryimage"},"image":{"@id":"https:\/\/www.sonoraenequipo.com.mx\/inauguran-en-sinaloa-materia-un-museo-con-grandes-avances-tecnologicos\/#primaryimage"},"thumbnailUrl":"https:\/\/www.sonoraenequipo.com.mx\/storage\/2020\/01\/centro_de_ciencias_de_sinaloa_quirino_opt.jpg","datePublished":"2020-01-28T18:20:47+00:00","dateModified":"2020-01-28T20:05:00+00:00","description":"CULIAC\u00c1N, SINALOA. MX. \u2014 Culiac\u00e1n tendr\u00e1 a partir de hoy uno de los museos m\u00e1s innovadores y grandes de Am\u00e9rica Latina: Materia. Esta primera etapa se En Sonora en Equipo publicamos toda la informaci\u00f3n de Sonora, M\u00e9xico y el Mundo de manera oportuna y busca que la libertad de expresi\u00f3n sea real. Visita nuestro medio informativo publicado desde Hermosillo, Sonora. %","breadcrumb":{"@id":"https:\/\/www.sonoraenequipo.com.mx\/inauguran-en-sinaloa-materia-un-museo-con-grandes-avances-tecnologicos\/#breadcrumb"},"inLanguage":"es","potentialAction":[{"@type":"ReadAction","target":["https:\/\/www.sonoraenequipo.com.mx\/inauguran-en-sinaloa-materia-un-museo-con-grandes-avances-tecnologicos\/"]}]},{"@type":"ImageObject","inLanguage":"es","@id":"https:\/\/www.sonoraenequipo.com.mx\/inauguran-en-sinaloa-materia-un-museo-con-grandes-avances-tecnologicos\/#primaryimage","url":"https:\/\/www.sonoraenequipo.com.mx\/storage\/2020\/01\/centro_de_ciencias_de_sinaloa_quirino_opt.jpg","contentUrl":"https:\/\/www.sonoraenequipo.com.mx\/storage\/2020\/01\/centro_de_ciencias_de_sinaloa_quirino_opt.jpg","width":711,"height":400},{"@type":"BreadcrumbList","@id":"https:\/\/www.sonoraenequipo.com.mx\/inauguran-en-sinaloa-materia-un-museo-con-grandes-avances-tecnologicos\/#breadcrumb","itemListElement":[{"@type":"ListItem","position":1,"name":"Portada","item":"https:\/\/www.sonoraenequipo.com.mx\/"},{"@type":"ListItem","position":2,"name":"Inauguran en Sinaloa \u00abMateria\u00bb, un museo con grandes avances tecnol\u00f3gicos"}]},{"@type":"WebSite","@id":"https:\/\/www.sonoraenequipo.com.mx\/#website","url":"https:\/\/www.sonoraenequipo.com.mx\/","name":"Sonora en Equipo.","description":"Diario en l\u00ednea con Noticias desde Hermosillo, Sonora","publisher":{"@id":"https:\/\/www.sonoraenequipo.com.mx\/#organization"},"potentialAction":[{"@type":"SearchAction","target":{"@type":"EntryPoint","urlTemplate":"https:\/\/www.sonoraenequipo.com.mx\/?s={search_term_string}"},"query-input":{"@type":"PropertyValueSpecification","valueRequired":true,"valueName":"search_term_string"}}],"inLanguage":"es"},{"@type":"Organization","@id":"https:\/\/www.sonoraenequipo.com.mx\/#organization","name":"Sonoraenequipo.com.mx","url":"https:\/\/www.sonoraenequipo.com.mx\/","logo":{"@type":"ImageObject","inLanguage":"es","@id":"https:\/\/www.sonoraenequipo.com.mx\/#\/schema\/logo\/image\/","url":"https:\/\/www.sonoraenequipo.com.mx\/storage\/2019\/01\/sonoraenequipo_opt.png","contentUrl":"https:\/\/www.sonoraenequipo.com.mx\/storage\/2019\/01\/sonoraenequipo_opt.png","width":375,"height":125,"caption":"Sonoraenequipo.com.mx"},"image":{"@id":"https:\/\/www.sonoraenequipo.com.mx\/#\/schema\/logo\/image\/"},"sameAs":["https:\/\/www.facebook.com\/SonoraEE\/","https:\/\/x.com\/sonoraenequipo","https:\/\/www.youtube.com\/channel\/UC338nW-lPEYmJQs4ZABQ1SQ"]},{"@type":"Person","@id":"https:\/\/www.sonoraenequipo.com.mx\/#\/schema\/person\/50102df0fb23a8fa9e8effad8fa81386","name":"enequipo","image":{"@type":"ImageObject","inLanguage":"es","@id":"https:\/\/www.sonoraenequipo.com.mx\/#\/schema\/person\/image\/","url":"https:\/\/secure.gravatar.com\/avatar\/049821681b589dabc0bc20695993ccebb09f5b5d4d790cd9251b97faac7c652b?s=96&d=blank&r=g","contentUrl":"https:\/\/secure.gravatar.com\/avatar\/049821681b589dabc0bc20695993ccebb09f5b5d4d790cd9251b97faac7c652b?s=96&d=blank&r=g","caption":"enequipo"},"sameAs":["https:\/\/www.facebook.com\/SonoraEE"]}]}},"jetpack_featured_media_url":"https:\/\/www.sonoraenequipo.com.mx\/storage\/2020\/01\/centro_de_ciencias_de_sinaloa_quirino_opt.jpg","_links":{"self":[{"href":"https:\/\/www.sonoraenequipo.com.mx\/api\/wp\/v2\/posts\/76673","targetHints":{"allow":["GET"]}}],"collection":[{"href":"https:\/\/www.sonoraenequipo.com.mx\/api\/wp\/v2\/posts"}],"about":[{"href":"https:\/\/www.sonoraenequipo.com.mx\/api\/wp\/v2\/types\/post"}],"author":[{"embeddable":true,"href":"https:\/\/www.sonoraenequipo.com.mx\/api\/wp\/v2\/users\/1"}],"replies":[{"embeddable":true,"href":"https:\/\/www.sonoraenequipo.com.mx\/api\/wp\/v2\/comments?post=76673"}],"version-history":[{"count":0,"href":"https:\/\/www.sonoraenequipo.com.mx\/api\/wp\/v2\/posts\/76673\/revisions"}],"wp:featuredmedia":[{"embeddable":true,"href":"https:\/\/www.sonoraenequipo.com.mx\/api\/wp\/v2\/media\/76675"}],"wp:attachment":[{"href":"https:\/\/www.sonoraenequipo.com.mx\/api\/wp\/v2\/media?parent=76673"}],"wp:term":[{"taxonomy":"category","embeddable":true,"href":"https:\/\/www.sonoraenequipo.com.mx\/api\/wp\/v2\/categories?post=76673"},{"taxonomy":"post_tag","embeddable":true,"href":"https:\/\/www.sonoraenequipo.com.mx\/api\/wp\/v2\/tags?post=76673"}],"curies":[{"name":"wp","href":"https:\/\/api.w.org\/{rel}","templated":true}]}}