{"id":76676,"date":"2020-01-28T12:50:15","date_gmt":"2020-01-28T19:50:15","guid":{"rendered":"https:\/\/www.sonoraenequipo.com.mx\/?p=76676"},"modified":"2020-01-28T12:50:15","modified_gmt":"2020-01-28T19:50:15","slug":"detectan-alzheimer-en-tamaulipas-a-mujer-de-38-anos","status":"publish","type":"post","link":"https:\/\/www.sonoraenequipo.com.mx\/detectan-alzheimer-en-tamaulipas-a-mujer-de-38-anos\/","title":{"rendered":"Detectan Alzheimer en Tamaulipas a mujer de 38 a\u00f1os"},"content":{"rendered":"<p>REYNOSA TAMAULIPAS.\u2500Se ha detectado un caso en una mujer de 38 a\u00f1os de edad con residencia en Ciudad Reynosa, Tamaulipas a quien le fue diagnosticado Alzheimer lo que pone en alerta a los especialistas de la salud en esta entidad. <\/p>\n<p>&nbsp;<\/p>\n<p>Laura Acevedo de la Garza, directora de la Casa de D\u00eda \u00abFlorentino Ter\u00e1n Ram\u00f3n\u00bb de la Asociaci\u00f3n Alzheimer Tampico, explic\u00f3 que se trata de la persona m\u00e1s joven en todo Tamaulipas con la enfermedad del olvido seguida de una residente de esta zona de 55 a\u00f1os de edad.<\/p>\n<p>Refiri\u00f3 que este caso es la muestra de que a\u00f1o tras a\u00f1o se registran personas j\u00f3venes con la demencia, aun cuando es una enfermedad propia de la tercera edad, por lo que se debe de presentar arriba de los 60 a\u00f1os de vida. Acevedo de la Garza refiri\u00f3 que al ser una enfermedad de poco m\u00e1s de cien a\u00f1os, no se tienen muchos estudios sobre la misma, aunque los expertos indican cuidar el nivel del estr\u00e9s laboral y familiar a fin de no presentar la sintomatolog\u00eda.<\/p>\n<p>&nbsp;<\/p>\n<p>\u00abCuidar el nivel del estr\u00e9s laboral y familiar, buscando alternativas como nadar, bailar, hacer yoga, lo que se quiera para bajar el nivel del estr\u00e9s, adem\u00e1s la recomendaci\u00f3n es tener una vida sana, comer nueces es muy efectivo, tener una alimentaci\u00f3n alta en frutas y verduras, tener una vida social activa\u00bb.<\/p>\n<p>La Organizaci\u00f3n Mundial de la Salud ha advertido que para el 2030 se tendr\u00e1n 14.8 millones de personas con demencia en el mundo, calculando el mayor porcentaje del aumento acelerado en Am\u00e9rica Latina y el Caribe pasando de 3.4 a 7.6 millones de personas diagnosticadas.<\/p>\n<p>Fecha de publicaci\u00f3n 28\/ene\/2020 \u00a0\/ El Sol de Tampico<\/p>\n<p>&nbsp;<\/p>\n","protected":false},"excerpt":{"rendered":"<p>REYNOSA TAMAULIPAS.\u2500Se ha detectado un caso en una mujer de 38 a\u00f1os de edad con&#8230;<\/p>\n","protected":false},"author":178,"featured_media":76677,"comment_status":"open","ping_status":"open","sticky":false,"template":"","format":"standard","meta":{"_monsterinsights_skip_tracking":false,"_monsterinsights_sitenote_active":false,"_monsterinsights_sitenote_note":"","_monsterinsights_sitenote_category":0,"footnotes":""},"categories":[2216],"tags":[3161],"class_list":["post"],"yoast_head":" \n<title>Sonora en Equipo. Detectan Alzheimer en Tamaulipas a mujer de 38 a\u00f1os Ciencia y Tecnolog\u00eda<\/title>\n<meta name=\"description\" content=\"REYNOSA TAMAULIPAS.\u2500Se ha detectado un caso en una mujer de 38 a\u00f1os de edad con residencia en Ciudad Reynosa, Tamaulipas a quien le fue diagnosticado En Sonora en Equipo publicamos toda la informaci\u00f3n de Sonora, M\u00e9xico y el Mundo de manera oportuna y busca que la libertad de expresi\u00f3n sea real. Visita nuestro medio informativo publicado desde Hermosillo, Sonora. %\" \/>\n<meta name=\"robots\" content=\"index, follow, max-snippet:-1, max-image-preview:large, max-video-preview:-1\" \/>\n<link rel=\"canonical\" href=\"https:\/\/www.sonoraenequipo.com.mx\/detectan-alzheimer-en-tamaulipas-a-mujer-de-38-anos\/\" \/>\n<meta property=\"og:locale\" content=\"es_ES\" \/>\n<meta property=\"og:type\" content=\"article\" \/>\n<meta property=\"og:title\" content=\"Sonora en Equipo. Detectan Alzheimer en Tamaulipas a mujer de 38 a\u00f1os Ciencia y Tecnolog\u00eda\" \/>\n<meta property=\"og:description\" content=\"REYNOSA TAMAULIPAS.\u2500Se ha detectado un caso en una mujer de 38 a\u00f1os de edad con residencia en Ciudad Reynosa, Tamaulipas a quien le fue diagnosticado En Sonora en Equipo publicamos toda la informaci\u00f3n de Sonora, M\u00e9xico y el Mundo de manera oportuna y busca que la libertad de expresi\u00f3n sea real. Visita nuestro medio informativo publicado desde Hermosillo, Sonora. %\" \/>\n<meta property=\"og:url\" content=\"https:\/\/www.sonoraenequipo.com.mx\/detectan-alzheimer-en-tamaulipas-a-mujer-de-38-anos\/\" \/>\n<meta property=\"og:site_name\" content=\"Sonora en Equipo.\" \/>\n<meta property=\"article:publisher\" content=\"https:\/\/www.facebook.com\/SonoraEE\/\" \/>\n<meta property=\"article:published_time\" content=\"2020-01-28T19:50:15+00:00\" \/>\n<meta property=\"og:image\" content=\"https:\/\/www.sonoraenequipo.com.mx\/storage\/2020\/01\/Alzheimer.jpg\" \/>\n\t<meta property=\"og:image:width\" content=\"600\" \/>\n\t<meta property=\"og:image:height\" content=\"400\" \/>\n\t<meta property=\"og:image:type\" content=\"image\/jpeg\" \/>\n<meta name=\"author\" content=\"enequipo\" \/>\n<meta name=\"twitter:card\" content=\"summary_large_image\" \/>\n<meta name=\"twitter:creator\" content=\"@sonoraenequipo\" \/>\n<meta name=\"twitter:site\" content=\"@sonoraenequipo\" \/>\n<meta name=\"twitter:label1\" content=\"Escrito por\" \/>\n\t<meta name=\"twitter:data1\" content=\"enequipo\" \/>\n\t<meta name=\"twitter:label2\" content=\"Tiempo de lectura\" \/>\n\t<meta name=\"twitter:data2\" content=\"1 minuto\" \/>\n<script type=\"application\/ld+json\" class=\"yoast-schema-graph\">{\"@context\":\"https:\/\/schema.org\",\"@graph\":[{\"@type\":\"Article\",\"@id\":\"https:\/\/www.sonoraenequipo.com.mx\/detectan-alzheimer-en-tamaulipas-a-mujer-de-38-anos\/#article\",\"isPartOf\":{\"@id\":\"https:\/\/www.sonoraenequipo.com.mx\/detectan-alzheimer-en-tamaulipas-a-mujer-de-38-anos\/\"},\"author\":{\"name\":\"enequipo\",\"@id\":\"https:\/\/www.sonoraenequipo.com.mx\/#\/schema\/person\/61a39de478a1763473ad55e8a95fddf6\"},\"headline\":\"Detectan Alzheimer en Tamaulipas a mujer de 38 a\u00f1os\",\"datePublished\":\"2020-01-28T19:50:15+00:00\",\"mainEntityOfPage\":{\"@id\":\"https:\/\/www.sonoraenequipo.com.mx\/detectan-alzheimer-en-tamaulipas-a-mujer-de-38-anos\/\"},\"wordCount\":308,\"commentCount\":0,\"publisher\":{\"@id\":\"https:\/\/www.sonoraenequipo.com.mx\/#organization\"},\"image\":{\"@id\":\"https:\/\/www.sonoraenequipo.com.mx\/detectan-alzheimer-en-tamaulipas-a-mujer-de-38-anos\/#primaryimage\"},\"thumbnailUrl\":\"https:\/\/www.sonoraenequipo.com.mx\/storage\/2020\/01\/Alzheimer.jpg\",\"keywords\":[\"Alzh\u00e9imer\"],\"articleSection\":[\"Ciencia y Tecnolog\u00eda\"],\"inLanguage\":\"es\",\"potentialAction\":[{\"@type\":\"CommentAction\",\"name\":\"Comment\",\"target\":[\"https:\/\/www.sonoraenequipo.com.mx\/detectan-alzheimer-en-tamaulipas-a-mujer-de-38-anos\/#respond\"]}]},{\"@type\":\"WebPage\",\"@id\":\"https:\/\/www.sonoraenequipo.com.mx\/detectan-alzheimer-en-tamaulipas-a-mujer-de-38-anos\/\",\"url\":\"https:\/\/www.sonoraenequipo.com.mx\/detectan-alzheimer-en-tamaulipas-a-mujer-de-38-anos\/\",\"name\":\"Sonora en Equipo. Detectan Alzheimer en Tamaulipas a mujer de 38 a\u00f1os Ciencia y Tecnolog\u00eda\",\"isPartOf\":{\"@id\":\"https:\/\/www.sonoraenequipo.com.mx\/#website\"},\"primaryImageOfPage\":{\"@id\":\"https:\/\/www.sonoraenequipo.com.mx\/detectan-alzheimer-en-tamaulipas-a-mujer-de-38-anos\/#primaryimage\"},\"image\":{\"@id\":\"https:\/\/www.sonoraenequipo.com.mx\/detectan-alzheimer-en-tamaulipas-a-mujer-de-38-anos\/#primaryimage\"},\"thumbnailUrl\":\"https:\/\/www.sonoraenequipo.com.mx\/storage\/2020\/01\/Alzheimer.jpg\",\"datePublished\":\"2020-01-28T19:50:15+00:00\",\"description\":\"REYNOSA TAMAULIPAS.\u2500Se ha detectado un caso en una mujer de 38 a\u00f1os de edad con residencia en Ciudad Reynosa, Tamaulipas a quien le fue diagnosticado En Sonora en Equipo publicamos toda la informaci\u00f3n de Sonora, M\u00e9xico y el Mundo de manera oportuna y busca que la libertad de expresi\u00f3n sea real. Visita nuestro medio informativo publicado desde Hermosillo, Sonora. %\",\"breadcrumb\":{\"@id\":\"https:\/\/www.sonoraenequipo.com.mx\/detectan-alzheimer-en-tamaulipas-a-mujer-de-38-anos\/#breadcrumb\"},\"inLanguage\":\"es\",\"potentialAction\":[{\"@type\":\"ReadAction\",\"target\":[\"https:\/\/www.sonoraenequipo.com.mx\/detectan-alzheimer-en-tamaulipas-a-mujer-de-38-anos\/\"]}]},{\"@type\":\"ImageObject\",\"inLanguage\":\"es\",\"@id\":\"https:\/\/www.sonoraenequipo.com.mx\/detectan-alzheimer-en-tamaulipas-a-mujer-de-38-anos\/#primaryimage\",\"url\":\"https:\/\/www.sonoraenequipo.com.mx\/storage\/2020\/01\/Alzheimer.jpg\",\"contentUrl\":\"https:\/\/www.sonoraenequipo.com.mx\/storage\/2020\/01\/Alzheimer.jpg\",\"width\":600,\"height\":400},{\"@type\":\"BreadcrumbList\",\"@id\":\"https:\/\/www.sonoraenequipo.com.mx\/detectan-alzheimer-en-tamaulipas-a-mujer-de-38-anos\/#breadcrumb\",\"itemListElement\":[{\"@type\":\"ListItem\",\"position\":1,\"name\":\"Portada\",\"item\":\"https:\/\/www.sonoraenequipo.com.mx\/\"},{\"@type\":\"ListItem\",\"position\":2,\"name\":\"Detectan Alzheimer en Tamaulipas a mujer de 38 a\u00f1os\"}]},{\"@type\":\"WebSite\",\"@id\":\"https:\/\/www.sonoraenequipo.com.mx\/#website\",\"url\":\"https:\/\/www.sonoraenequipo.com.mx\/\",\"name\":\"Sonora en Equipo.\",\"description\":\"Diario en l\u00ednea con Noticias desde Hermosillo, Sonora\",\"publisher\":{\"@id\":\"https:\/\/www.sonoraenequipo.com.mx\/#organization\"},\"potentialAction\":[{\"@type\":\"SearchAction\",\"target\":{\"@type\":\"EntryPoint\",\"urlTemplate\":\"https:\/\/www.sonoraenequipo.com.mx\/?s={search_term_string}\"},\"query-input\":{\"@type\":\"PropertyValueSpecification\",\"valueRequired\":true,\"valueName\":\"search_term_string\"}}],\"inLanguage\":\"es\"},{\"@type\":\"Organization\",\"@id\":\"https:\/\/www.sonoraenequipo.com.mx\/#organization\",\"name\":\"Sonoraenequipo.com.mx\",\"url\":\"https:\/\/www.sonoraenequipo.com.mx\/\",\"logo\":{\"@type\":\"ImageObject\",\"inLanguage\":\"es\",\"@id\":\"https:\/\/www.sonoraenequipo.com.mx\/#\/schema\/logo\/image\/\",\"url\":\"https:\/\/www.sonoraenequipo.com.mx\/storage\/2019\/01\/sonoraenequipo_opt.png\",\"contentUrl\":\"https:\/\/www.sonoraenequipo.com.mx\/storage\/2019\/01\/sonoraenequipo_opt.png\",\"width\":375,\"height\":125,\"caption\":\"Sonoraenequipo.com.mx\"},\"image\":{\"@id\":\"https:\/\/www.sonoraenequipo.com.mx\/#\/schema\/logo\/image\/\"},\"sameAs\":[\"https:\/\/www.facebook.com\/SonoraEE\/\",\"https:\/\/x.com\/sonoraenequipo\",\"https:\/\/www.youtube.com\/channel\/UC338nW-lPEYmJQs4ZABQ1SQ\"]},{\"@type\":\"Person\",\"@id\":\"https:\/\/www.sonoraenequipo.com.mx\/#\/schema\/person\/61a39de478a1763473ad55e8a95fddf6\",\"name\":\"enequipo\",\"image\":{\"@type\":\"ImageObject\",\"inLanguage\":\"es\",\"@id\":\"https:\/\/www.sonoraenequipo.com.mx\/#\/schema\/person\/image\/\",\"url\":\"https:\/\/secure.gravatar.com\/avatar\/e39bc3016d8af598aed3d770c9510dfc2795f37ea1733d99fcc6e97d2c3c9f5e?s=96&d=blank&r=g\",\"contentUrl\":\"https:\/\/secure.gravatar.com\/avatar\/e39bc3016d8af598aed3d770c9510dfc2795f37ea1733d99fcc6e97d2c3c9f5e?s=96&d=blank&r=g\",\"caption\":\"enequipo\"}}]}<\/script>\n ","yoast_head_json":{"title":"Sonora en Equipo. Detectan Alzheimer en Tamaulipas a mujer de 38 a\u00f1os Ciencia y Tecnolog\u00eda","description":"REYNOSA TAMAULIPAS.\u2500Se ha detectado un caso en una mujer de 38 a\u00f1os de edad con residencia en Ciudad Reynosa, Tamaulipas a quien le fue diagnosticado En Sonora en Equipo publicamos toda la informaci\u00f3n de Sonora, M\u00e9xico y el Mundo de manera oportuna y busca que la libertad de expresi\u00f3n sea real. Visita nuestro medio informativo publicado desde Hermosillo, Sonora. %","robots":{"index":"index","follow":"follow","max-snippet":"max-snippet:-1","max-image-preview":"max-image-preview:large","max-video-preview":"max-video-preview:-1"},"canonical":"https:\/\/www.sonoraenequipo.com.mx\/detectan-alzheimer-en-tamaulipas-a-mujer-de-38-anos\/","og_locale":"es_ES","og_type":"article","og_title":"Sonora en Equipo. Detectan Alzheimer en Tamaulipas a mujer de 38 a\u00f1os Ciencia y Tecnolog\u00eda","og_description":"REYNOSA TAMAULIPAS.\u2500Se ha detectado un caso en una mujer de 38 a\u00f1os de edad con residencia en Ciudad Reynosa, Tamaulipas a quien le fue diagnosticado En Sonora en Equipo publicamos toda la informaci\u00f3n de Sonora, M\u00e9xico y el Mundo de manera oportuna y busca que la libertad de expresi\u00f3n sea real. Visita nuestro medio informativo publicado desde Hermosillo, Sonora. %","og_url":"https:\/\/www.sonoraenequipo.com.mx\/detectan-alzheimer-en-tamaulipas-a-mujer-de-38-anos\/","og_site_name":"Sonora en Equipo.","article_publisher":"https:\/\/www.facebook.com\/SonoraEE\/","article_published_time":"2020-01-28T19:50:15+00:00","og_image":[{"width":600,"height":400,"url":"https:\/\/www.sonoraenequipo.com.mx\/storage\/2020\/01\/Alzheimer.jpg","type":"image\/jpeg"}],"author":"enequipo","twitter_card":"summary_large_image","twitter_creator":"@sonoraenequipo","twitter_site":"@sonoraenequipo","twitter_misc":{"Escrito por":"enequipo","Tiempo de lectura":"1 minuto"},"schema":{"@context":"https:\/\/schema.org","@graph":[{"@type":"Article","@id":"https:\/\/www.sonoraenequipo.com.mx\/detectan-alzheimer-en-tamaulipas-a-mujer-de-38-anos\/#article","isPartOf":{"@id":"https:\/\/www.sonoraenequipo.com.mx\/detectan-alzheimer-en-tamaulipas-a-mujer-de-38-anos\/"},"author":{"name":"enequipo","@id":"https:\/\/www.sonoraenequipo.com.mx\/#\/schema\/person\/61a39de478a1763473ad55e8a95fddf6"},"headline":"Detectan Alzheimer en Tamaulipas a mujer de 38 a\u00f1os","datePublished":"2020-01-28T19:50:15+00:00","mainEntityOfPage":{"@id":"https:\/\/www.sonoraenequipo.com.mx\/detectan-alzheimer-en-tamaulipas-a-mujer-de-38-anos\/"},"wordCount":308,"commentCount":0,"publisher":{"@id":"https:\/\/www.sonoraenequipo.com.mx\/#organization"},"image":{"@id":"https:\/\/www.sonoraenequipo.com.mx\/detectan-alzheimer-en-tamaulipas-a-mujer-de-38-anos\/#primaryimage"},"thumbnailUrl":"https:\/\/www.sonoraenequipo.com.mx\/storage\/2020\/01\/Alzheimer.jpg","keywords":["Alzh\u00e9imer"],"articleSection":["Ciencia y Tecnolog\u00eda"],"inLanguage":"es","potentialAction":[{"@type":"CommentAction","name":"Comment","target":["https:\/\/www.sonoraenequipo.com.mx\/detectan-alzheimer-en-tamaulipas-a-mujer-de-38-anos\/#respond"]}]},{"@type":"WebPage","@id":"https:\/\/www.sonoraenequipo.com.mx\/detectan-alzheimer-en-tamaulipas-a-mujer-de-38-anos\/","url":"https:\/\/www.sonoraenequipo.com.mx\/detectan-alzheimer-en-tamaulipas-a-mujer-de-38-anos\/","name":"Sonora en Equipo. Detectan Alzheimer en Tamaulipas a mujer de 38 a\u00f1os Ciencia y Tecnolog\u00eda","isPartOf":{"@id":"https:\/\/www.sonoraenequipo.com.mx\/#website"},"primaryImageOfPage":{"@id":"https:\/\/www.sonoraenequipo.com.mx\/detectan-alzheimer-en-tamaulipas-a-mujer-de-38-anos\/#primaryimage"},"image":{"@id":"https:\/\/www.sonoraenequipo.com.mx\/detectan-alzheimer-en-tamaulipas-a-mujer-de-38-anos\/#primaryimage"},"thumbnailUrl":"https:\/\/www.sonoraenequipo.com.mx\/storage\/2020\/01\/Alzheimer.jpg","datePublished":"2020-01-28T19:50:15+00:00","description":"REYNOSA TAMAULIPAS.\u2500Se ha detectado un caso en una mujer de 38 a\u00f1os de edad con residencia en Ciudad Reynosa, Tamaulipas a quien le fue diagnosticado En Sonora en Equipo publicamos toda la informaci\u00f3n de Sonora, M\u00e9xico y el Mundo de manera oportuna y busca que la libertad de expresi\u00f3n sea real. Visita nuestro medio informativo publicado desde Hermosillo, Sonora. %","breadcrumb":{"@id":"https:\/\/www.sonoraenequipo.com.mx\/detectan-alzheimer-en-tamaulipas-a-mujer-de-38-anos\/#breadcrumb"},"inLanguage":"es","potentialAction":[{"@type":"ReadAction","target":["https:\/\/www.sonoraenequipo.com.mx\/detectan-alzheimer-en-tamaulipas-a-mujer-de-38-anos\/"]}]},{"@type":"ImageObject","inLanguage":"es","@id":"https:\/\/www.sonoraenequipo.com.mx\/detectan-alzheimer-en-tamaulipas-a-mujer-de-38-anos\/#primaryimage","url":"https:\/\/www.sonoraenequipo.com.mx\/storage\/2020\/01\/Alzheimer.jpg","contentUrl":"https:\/\/www.sonoraenequipo.com.mx\/storage\/2020\/01\/Alzheimer.jpg","width":600,"height":400},{"@type":"BreadcrumbList","@id":"https:\/\/www.sonoraenequipo.com.mx\/detectan-alzheimer-en-tamaulipas-a-mujer-de-38-anos\/#breadcrumb","itemListElement":[{"@type":"ListItem","position":1,"name":"Portada","item":"https:\/\/www.sonoraenequipo.com.mx\/"},{"@type":"ListItem","position":2,"name":"Detectan Alzheimer en Tamaulipas a mujer de 38 a\u00f1os"}]},{"@type":"WebSite","@id":"https:\/\/www.sonoraenequipo.com.mx\/#website","url":"https:\/\/www.sonoraenequipo.com.mx\/","name":"Sonora en Equipo.","description":"Diario en l\u00ednea con Noticias desde Hermosillo, Sonora","publisher":{"@id":"https:\/\/www.sonoraenequipo.com.mx\/#organization"},"potentialAction":[{"@type":"SearchAction","target":{"@type":"EntryPoint","urlTemplate":"https:\/\/www.sonoraenequipo.com.mx\/?s={search_term_string}"},"query-input":{"@type":"PropertyValueSpecification","valueRequired":true,"valueName":"search_term_string"}}],"inLanguage":"es"},{"@type":"Organization","@id":"https:\/\/www.sonoraenequipo.com.mx\/#organization","name":"Sonoraenequipo.com.mx","url":"https:\/\/www.sonoraenequipo.com.mx\/","logo":{"@type":"ImageObject","inLanguage":"es","@id":"https:\/\/www.sonoraenequipo.com.mx\/#\/schema\/logo\/image\/","url":"https:\/\/www.sonoraenequipo.com.mx\/storage\/2019\/01\/sonoraenequipo_opt.png","contentUrl":"https:\/\/www.sonoraenequipo.com.mx\/storage\/2019\/01\/sonoraenequipo_opt.png","width":375,"height":125,"caption":"Sonoraenequipo.com.mx"},"image":{"@id":"https:\/\/www.sonoraenequipo.com.mx\/#\/schema\/logo\/image\/"},"sameAs":["https:\/\/www.facebook.com\/SonoraEE\/","https:\/\/x.com\/sonoraenequipo","https:\/\/www.youtube.com\/channel\/UC338nW-lPEYmJQs4ZABQ1SQ"]},{"@type":"Person","@id":"https:\/\/www.sonoraenequipo.com.mx\/#\/schema\/person\/61a39de478a1763473ad55e8a95fddf6","name":"enequipo","image":{"@type":"ImageObject","inLanguage":"es","@id":"https:\/\/www.sonoraenequipo.com.mx\/#\/schema\/person\/image\/","url":"https:\/\/secure.gravatar.com\/avatar\/e39bc3016d8af598aed3d770c9510dfc2795f37ea1733d99fcc6e97d2c3c9f5e?s=96&d=blank&r=g","contentUrl":"https:\/\/secure.gravatar.com\/avatar\/e39bc3016d8af598aed3d770c9510dfc2795f37ea1733d99fcc6e97d2c3c9f5e?s=96&d=blank&r=g","caption":"enequipo"}}]}},"jetpack_featured_media_url":"https:\/\/www.sonoraenequipo.com.mx\/storage\/2020\/01\/Alzheimer.jpg","_links":{"self":[{"href":"https:\/\/www.sonoraenequipo.com.mx\/api\/wp\/v2\/posts\/76676","targetHints":{"allow":["GET"]}}],"collection":[{"href":"https:\/\/www.sonoraenequipo.com.mx\/api\/wp\/v2\/posts"}],"about":[{"href":"https:\/\/www.sonoraenequipo.com.mx\/api\/wp\/v2\/types\/post"}],"author":[{"embeddable":true,"href":"https:\/\/www.sonoraenequipo.com.mx\/api\/wp\/v2\/users\/178"}],"replies":[{"embeddable":true,"href":"https:\/\/www.sonoraenequipo.com.mx\/api\/wp\/v2\/comments?post=76676"}],"version-history":[{"count":0,"href":"https:\/\/www.sonoraenequipo.com.mx\/api\/wp\/v2\/posts\/76676\/revisions"}],"wp:featuredmedia":[{"embeddable":true,"href":"https:\/\/www.sonoraenequipo.com.mx\/api\/wp\/v2\/media\/76677"}],"wp:attachment":[{"href":"https:\/\/www.sonoraenequipo.com.mx\/api\/wp\/v2\/media?parent=76676"}],"wp:term":[{"taxonomy":"category","embeddable":true,"href":"https:\/\/www.sonoraenequipo.com.mx\/api\/wp\/v2\/categories?post=76676"},{"taxonomy":"post_tag","embeddable":true,"href":"https:\/\/www.sonoraenequipo.com.mx\/api\/wp\/v2\/tags?post=76676"}],"curies":[{"name":"wp","href":"https:\/\/api.w.org\/{rel}","templated":true}]}}