{"id":76707,"date":"2020-01-28T15:58:20","date_gmt":"2020-01-28T22:58:20","guid":{"rendered":"https:\/\/www.sonoraenequipo.com.mx\/?p=76707"},"modified":"2020-01-28T19:15:56","modified_gmt":"2020-01-29T02:15:56","slug":"cuenta-hospital-de-isssteson-en-nogales-con-nueva-ambulancia","status":"publish","type":"post","link":"https:\/\/www.sonoraenequipo.com.mx\/cuenta-hospital-de-isssteson-en-nogales-con-nueva-ambulancia\/","title":{"rendered":"Cuenta Hospital de Isssteson en Nogales con nueva ambulancia"},"content":{"rendered":"<p>NOGALES, SONORA. MX. \u2014 Una ambulancia totalmente equipada con camilla hidr\u00e1ulica, ox\u00edgeno, material para curaciones, entre otros accesorios, fue entregada por el director general del Isssteson, Pedro \u00c1ngel Contreras L\u00f3pez, para beneficio de derechohabientes del Hospital del Instituto en Nogales.<\/p>\n<p>&nbsp;<\/p>\n<p> <\/p>\n<p>&nbsp;<\/p>\n<p>&nbsp;<\/p>\n<p><em>\u00abEste es un compromiso cumplido por la gobernadora Claudia Pavlovich Arellano en beneficio de los derechohabientes en la frontera y es tambi\u00e9n un compromiso de Isssteson para seguir fortaleciendo el servicio<\/em>\u00ab, expres\u00f3 el titular de la Instituci\u00f3n.<\/p>\n<p>&nbsp;<\/p>\n<p>&nbsp;<\/p>\n<p><img loading=\"lazy\" decoding=\"async\" class=\"size-medium  x-right\" src=\"https:\/\/www.sonoraenequipo.com.mx\/storage\/2020\/01\/Isssteson-en-Nogales_opt-600x400.jpg\" alt=\"\" width=\"600\" height=\"400\" \/>Detall\u00f3 que la nueva unidad, cuya inversi\u00f3n es de 1.2 millones de pesos, se suma a los servicios que el Instituto ofrece a casi 9 mil derechohabientes en la ciudad.<\/p>\n<p>&nbsp;<\/p>\n<p>&nbsp;<\/p>\n<p>Contreras L\u00f3pez, acompa\u00f1ado del subdirector de servicios m\u00e9dicos, Luis Becerra Hurtado, as\u00ed como de Ram\u00f3n Rodr\u00edguez Estrella, director del Hospital del Isssteson en la frontera, recorri\u00f3 las instalaciones donde atendi\u00f3 personalmente a los derechohabientes.<\/p>\n<p>&nbsp;<\/p>\n<p>&nbsp;<\/p>\n<p>Adem\u00e1s, charl\u00f3 con el personal a quienes reiter\u00f3 el llamado a seguir ofreciendo un servicio de calidad y con calidez en beneficio de los afiliados.<\/p>\n<p>&nbsp;<\/p>\n<p>&nbsp;<\/p>\n<p>Aunado a la entrega de la nueva ambulancia, Damas del Voluntariado Isssteson, que encabeza la se\u00f1ora Elva Garza de Contreras, recibieron cobijas, pa\u00f1ales para adulto, toallas de ba\u00f1o, lentes graduados y bastones para beneficio de familias vulnerables de la regi\u00f3n.<\/p>\n<p>&nbsp;<\/p>\n<p>&nbsp;<\/p>\n<p>Durante la gira por Nogales, el director General del Isssteson visit\u00f3 tambi\u00e9n las nuevas instalaciones de la Casa Club del Jubilado y Pensionado que ofrece en un espacio m\u00e1s amplio y c\u00e9ntrico, talleres de artes, manualidades y desarrollo para m\u00e1s de 500 adultos mayores.<\/p>\n<p>&nbsp;<\/p>\n<p>&nbsp;<\/p>\n<p>Adem\u00e1s, supervis\u00f3 el trabajo de atenci\u00f3n en salud que Isssteson brinda en el M\u00f3dulo ubicado en Magdalena de Kino, donde se entrevist\u00f3 con el personal<\/p>\n<p>&nbsp;<\/p>\n<p>&nbsp;<\/p>\n<p>PUBLICADO EL 28\/01\/2020)<\/p>\n","protected":false},"excerpt":{"rendered":"<p>NOGALES, SONORA. MX. \u2014 Una ambulancia totalmente equipada con camilla hidr\u00e1ulica, ox\u00edgeno, material para curaciones,&#8230;<\/p>\n","protected":false},"author":1,"featured_media":76715,"comment_status":"open","ping_status":"open","sticky":false,"template":"","format":"standard","meta":{"_monsterinsights_skip_tracking":false,"_monsterinsights_sitenote_active":false,"_monsterinsights_sitenote_note":"","_monsterinsights_sitenote_category":0,"footnotes":""},"categories":[22],"tags":[],"class_list":["post"],"yoast_head":" \n<title>Sonora en Equipo. Cuenta Hospital de Isssteson en Nogales con nueva ambulancia Sonora<\/title>\n<meta name=\"description\" content=\"NOGALES, SONORA. MX. \u2014 Una ambulancia totalmente equipada con camilla hidr\u00e1ulica, ox\u00edgeno, material para curaciones, entre otros accesorios, fue entregada En Sonora en Equipo publicamos toda la informaci\u00f3n de Sonora, M\u00e9xico y el Mundo de manera oportuna y busca que la libertad de expresi\u00f3n sea real. Visita nuestro medio informativo publicado desde Hermosillo, Sonora. %\" \/>\n<meta name=\"robots\" content=\"index, follow, max-snippet:-1, max-image-preview:large, max-video-preview:-1\" \/>\n<link rel=\"canonical\" href=\"https:\/\/www.sonoraenequipo.com.mx\/cuenta-hospital-de-isssteson-en-nogales-con-nueva-ambulancia\/\" \/>\n<meta property=\"og:locale\" content=\"es_ES\" \/>\n<meta property=\"og:type\" content=\"article\" \/>\n<meta property=\"og:title\" content=\"Sonora en Equipo. Cuenta Hospital de Isssteson en Nogales con nueva ambulancia Sonora\" \/>\n<meta property=\"og:description\" content=\"NOGALES, SONORA. MX. \u2014 Una ambulancia totalmente equipada con camilla hidr\u00e1ulica, ox\u00edgeno, material para curaciones, entre otros accesorios, fue entregada En Sonora en Equipo publicamos toda la informaci\u00f3n de Sonora, M\u00e9xico y el Mundo de manera oportuna y busca que la libertad de expresi\u00f3n sea real. Visita nuestro medio informativo publicado desde Hermosillo, Sonora. %\" \/>\n<meta property=\"og:url\" content=\"https:\/\/www.sonoraenequipo.com.mx\/cuenta-hospital-de-isssteson-en-nogales-con-nueva-ambulancia\/\" \/>\n<meta property=\"og:site_name\" content=\"Sonora en Equipo.\" \/>\n<meta property=\"article:publisher\" content=\"https:\/\/www.facebook.com\/SonoraEE\/\" \/>\n<meta property=\"article:author\" content=\"https:\/\/www.facebook.com\/SonoraEE\" \/>\n<meta property=\"article:published_time\" content=\"2020-01-28T22:58:20+00:00\" \/>\n<meta property=\"article:modified_time\" content=\"2020-01-29T02:15:56+00:00\" \/>\n<meta property=\"og:image\" content=\"https:\/\/www.sonoraenequipo.com.mx\/storage\/2020\/01\/Isssteson-en-Nogales2801-1_opt.jpg\" \/>\n\t<meta property=\"og:image:width\" content=\"589\" \/>\n\t<meta property=\"og:image:height\" content=\"400\" \/>\n\t<meta property=\"og:image:type\" content=\"image\/jpeg\" \/>\n<meta name=\"author\" content=\"enequipo\" \/>\n<meta name=\"twitter:card\" content=\"summary_large_image\" \/>\n<meta name=\"twitter:creator\" content=\"@sonoraenequipo\" \/>\n<meta name=\"twitter:site\" content=\"@sonoraenequipo\" \/>\n<meta name=\"twitter:label1\" content=\"Escrito por\" \/>\n\t<meta name=\"twitter:data1\" content=\"enequipo\" \/>\n\t<meta name=\"twitter:label2\" content=\"Tiempo de lectura\" \/>\n\t<meta name=\"twitter:data2\" content=\"2 minutos\" \/>\n<script type=\"application\/ld+json\" class=\"yoast-schema-graph\">{\"@context\":\"https:\/\/schema.org\",\"@graph\":[{\"@type\":\"Article\",\"@id\":\"https:\/\/www.sonoraenequipo.com.mx\/cuenta-hospital-de-isssteson-en-nogales-con-nueva-ambulancia\/#article\",\"isPartOf\":{\"@id\":\"https:\/\/www.sonoraenequipo.com.mx\/cuenta-hospital-de-isssteson-en-nogales-con-nueva-ambulancia\/\"},\"author\":{\"name\":\"enequipo\",\"@id\":\"https:\/\/www.sonoraenequipo.com.mx\/#\/schema\/person\/50102df0fb23a8fa9e8effad8fa81386\"},\"headline\":\"Cuenta Hospital de Isssteson en Nogales con nueva ambulancia\",\"datePublished\":\"2020-01-28T22:58:20+00:00\",\"dateModified\":\"2020-01-29T02:15:56+00:00\",\"mainEntityOfPage\":{\"@id\":\"https:\/\/www.sonoraenequipo.com.mx\/cuenta-hospital-de-isssteson-en-nogales-con-nueva-ambulancia\/\"},\"wordCount\":322,\"commentCount\":0,\"publisher\":{\"@id\":\"https:\/\/www.sonoraenequipo.com.mx\/#organization\"},\"image\":{\"@id\":\"https:\/\/www.sonoraenequipo.com.mx\/cuenta-hospital-de-isssteson-en-nogales-con-nueva-ambulancia\/#primaryimage\"},\"thumbnailUrl\":\"https:\/\/www.sonoraenequipo.com.mx\/storage\/2020\/01\/Isssteson-en-Nogales2801-1_opt.jpg\",\"articleSection\":[\"Sonora\"],\"inLanguage\":\"es\",\"potentialAction\":[{\"@type\":\"CommentAction\",\"name\":\"Comment\",\"target\":[\"https:\/\/www.sonoraenequipo.com.mx\/cuenta-hospital-de-isssteson-en-nogales-con-nueva-ambulancia\/#respond\"]}]},{\"@type\":\"WebPage\",\"@id\":\"https:\/\/www.sonoraenequipo.com.mx\/cuenta-hospital-de-isssteson-en-nogales-con-nueva-ambulancia\/\",\"url\":\"https:\/\/www.sonoraenequipo.com.mx\/cuenta-hospital-de-isssteson-en-nogales-con-nueva-ambulancia\/\",\"name\":\"Sonora en Equipo. Cuenta Hospital de Isssteson en Nogales con nueva ambulancia Sonora\",\"isPartOf\":{\"@id\":\"https:\/\/www.sonoraenequipo.com.mx\/#website\"},\"primaryImageOfPage\":{\"@id\":\"https:\/\/www.sonoraenequipo.com.mx\/cuenta-hospital-de-isssteson-en-nogales-con-nueva-ambulancia\/#primaryimage\"},\"image\":{\"@id\":\"https:\/\/www.sonoraenequipo.com.mx\/cuenta-hospital-de-isssteson-en-nogales-con-nueva-ambulancia\/#primaryimage\"},\"thumbnailUrl\":\"https:\/\/www.sonoraenequipo.com.mx\/storage\/2020\/01\/Isssteson-en-Nogales2801-1_opt.jpg\",\"datePublished\":\"2020-01-28T22:58:20+00:00\",\"dateModified\":\"2020-01-29T02:15:56+00:00\",\"description\":\"NOGALES, SONORA. MX. \u2014 Una ambulancia totalmente equipada con camilla hidr\u00e1ulica, ox\u00edgeno, material para curaciones, entre otros accesorios, fue entregada En Sonora en Equipo publicamos toda la informaci\u00f3n de Sonora, M\u00e9xico y el Mundo de manera oportuna y busca que la libertad de expresi\u00f3n sea real. Visita nuestro medio informativo publicado desde Hermosillo, Sonora. %\",\"breadcrumb\":{\"@id\":\"https:\/\/www.sonoraenequipo.com.mx\/cuenta-hospital-de-isssteson-en-nogales-con-nueva-ambulancia\/#breadcrumb\"},\"inLanguage\":\"es\",\"potentialAction\":[{\"@type\":\"ReadAction\",\"target\":[\"https:\/\/www.sonoraenequipo.com.mx\/cuenta-hospital-de-isssteson-en-nogales-con-nueva-ambulancia\/\"]}]},{\"@type\":\"ImageObject\",\"inLanguage\":\"es\",\"@id\":\"https:\/\/www.sonoraenequipo.com.mx\/cuenta-hospital-de-isssteson-en-nogales-con-nueva-ambulancia\/#primaryimage\",\"url\":\"https:\/\/www.sonoraenequipo.com.mx\/storage\/2020\/01\/Isssteson-en-Nogales2801-1_opt.jpg\",\"contentUrl\":\"https:\/\/www.sonoraenequipo.com.mx\/storage\/2020\/01\/Isssteson-en-Nogales2801-1_opt.jpg\",\"width\":589,\"height\":400},{\"@type\":\"BreadcrumbList\",\"@id\":\"https:\/\/www.sonoraenequipo.com.mx\/cuenta-hospital-de-isssteson-en-nogales-con-nueva-ambulancia\/#breadcrumb\",\"itemListElement\":[{\"@type\":\"ListItem\",\"position\":1,\"name\":\"Portada\",\"item\":\"https:\/\/www.sonoraenequipo.com.mx\/\"},{\"@type\":\"ListItem\",\"position\":2,\"name\":\"Cuenta Hospital de Isssteson en Nogales con nueva ambulancia\"}]},{\"@type\":\"WebSite\",\"@id\":\"https:\/\/www.sonoraenequipo.com.mx\/#website\",\"url\":\"https:\/\/www.sonoraenequipo.com.mx\/\",\"name\":\"Sonora en Equipo.\",\"description\":\"Diario en l\u00ednea con Noticias desde Hermosillo, Sonora\",\"publisher\":{\"@id\":\"https:\/\/www.sonoraenequipo.com.mx\/#organization\"},\"potentialAction\":[{\"@type\":\"SearchAction\",\"target\":{\"@type\":\"EntryPoint\",\"urlTemplate\":\"https:\/\/www.sonoraenequipo.com.mx\/?s={search_term_string}\"},\"query-input\":{\"@type\":\"PropertyValueSpecification\",\"valueRequired\":true,\"valueName\":\"search_term_string\"}}],\"inLanguage\":\"es\"},{\"@type\":\"Organization\",\"@id\":\"https:\/\/www.sonoraenequipo.com.mx\/#organization\",\"name\":\"Sonoraenequipo.com.mx\",\"url\":\"https:\/\/www.sonoraenequipo.com.mx\/\",\"logo\":{\"@type\":\"ImageObject\",\"inLanguage\":\"es\",\"@id\":\"https:\/\/www.sonoraenequipo.com.mx\/#\/schema\/logo\/image\/\",\"url\":\"https:\/\/www.sonoraenequipo.com.mx\/storage\/2019\/01\/sonoraenequipo_opt.png\",\"contentUrl\":\"https:\/\/www.sonoraenequipo.com.mx\/storage\/2019\/01\/sonoraenequipo_opt.png\",\"width\":375,\"height\":125,\"caption\":\"Sonoraenequipo.com.mx\"},\"image\":{\"@id\":\"https:\/\/www.sonoraenequipo.com.mx\/#\/schema\/logo\/image\/\"},\"sameAs\":[\"https:\/\/www.facebook.com\/SonoraEE\/\",\"https:\/\/x.com\/sonoraenequipo\",\"https:\/\/www.youtube.com\/channel\/UC338nW-lPEYmJQs4ZABQ1SQ\"]},{\"@type\":\"Person\",\"@id\":\"https:\/\/www.sonoraenequipo.com.mx\/#\/schema\/person\/50102df0fb23a8fa9e8effad8fa81386\",\"name\":\"enequipo\",\"image\":{\"@type\":\"ImageObject\",\"inLanguage\":\"es\",\"@id\":\"https:\/\/www.sonoraenequipo.com.mx\/#\/schema\/person\/image\/\",\"url\":\"https:\/\/secure.gravatar.com\/avatar\/049821681b589dabc0bc20695993ccebb09f5b5d4d790cd9251b97faac7c652b?s=96&d=blank&r=g\",\"contentUrl\":\"https:\/\/secure.gravatar.com\/avatar\/049821681b589dabc0bc20695993ccebb09f5b5d4d790cd9251b97faac7c652b?s=96&d=blank&r=g\",\"caption\":\"enequipo\"},\"sameAs\":[\"https:\/\/www.facebook.com\/SonoraEE\"]}]}<\/script>\n ","yoast_head_json":{"title":"Sonora en Equipo. Cuenta Hospital de Isssteson en Nogales con nueva ambulancia Sonora","description":"NOGALES, SONORA. MX. \u2014 Una ambulancia totalmente equipada con camilla hidr\u00e1ulica, ox\u00edgeno, material para curaciones, entre otros accesorios, fue entregada En Sonora en Equipo publicamos toda la informaci\u00f3n de Sonora, M\u00e9xico y el Mundo de manera oportuna y busca que la libertad de expresi\u00f3n sea real. Visita nuestro medio informativo publicado desde Hermosillo, Sonora. %","robots":{"index":"index","follow":"follow","max-snippet":"max-snippet:-1","max-image-preview":"max-image-preview:large","max-video-preview":"max-video-preview:-1"},"canonical":"https:\/\/www.sonoraenequipo.com.mx\/cuenta-hospital-de-isssteson-en-nogales-con-nueva-ambulancia\/","og_locale":"es_ES","og_type":"article","og_title":"Sonora en Equipo. Cuenta Hospital de Isssteson en Nogales con nueva ambulancia Sonora","og_description":"NOGALES, SONORA. MX. \u2014 Una ambulancia totalmente equipada con camilla hidr\u00e1ulica, ox\u00edgeno, material para curaciones, entre otros accesorios, fue entregada En Sonora en Equipo publicamos toda la informaci\u00f3n de Sonora, M\u00e9xico y el Mundo de manera oportuna y busca que la libertad de expresi\u00f3n sea real. Visita nuestro medio informativo publicado desde Hermosillo, Sonora. %","og_url":"https:\/\/www.sonoraenequipo.com.mx\/cuenta-hospital-de-isssteson-en-nogales-con-nueva-ambulancia\/","og_site_name":"Sonora en Equipo.","article_publisher":"https:\/\/www.facebook.com\/SonoraEE\/","article_author":"https:\/\/www.facebook.com\/SonoraEE","article_published_time":"2020-01-28T22:58:20+00:00","article_modified_time":"2020-01-29T02:15:56+00:00","og_image":[{"width":589,"height":400,"url":"https:\/\/www.sonoraenequipo.com.mx\/storage\/2020\/01\/Isssteson-en-Nogales2801-1_opt.jpg","type":"image\/jpeg"}],"author":"enequipo","twitter_card":"summary_large_image","twitter_creator":"@sonoraenequipo","twitter_site":"@sonoraenequipo","twitter_misc":{"Escrito por":"enequipo","Tiempo de lectura":"2 minutos"},"schema":{"@context":"https:\/\/schema.org","@graph":[{"@type":"Article","@id":"https:\/\/www.sonoraenequipo.com.mx\/cuenta-hospital-de-isssteson-en-nogales-con-nueva-ambulancia\/#article","isPartOf":{"@id":"https:\/\/www.sonoraenequipo.com.mx\/cuenta-hospital-de-isssteson-en-nogales-con-nueva-ambulancia\/"},"author":{"name":"enequipo","@id":"https:\/\/www.sonoraenequipo.com.mx\/#\/schema\/person\/50102df0fb23a8fa9e8effad8fa81386"},"headline":"Cuenta Hospital de Isssteson en Nogales con nueva ambulancia","datePublished":"2020-01-28T22:58:20+00:00","dateModified":"2020-01-29T02:15:56+00:00","mainEntityOfPage":{"@id":"https:\/\/www.sonoraenequipo.com.mx\/cuenta-hospital-de-isssteson-en-nogales-con-nueva-ambulancia\/"},"wordCount":322,"commentCount":0,"publisher":{"@id":"https:\/\/www.sonoraenequipo.com.mx\/#organization"},"image":{"@id":"https:\/\/www.sonoraenequipo.com.mx\/cuenta-hospital-de-isssteson-en-nogales-con-nueva-ambulancia\/#primaryimage"},"thumbnailUrl":"https:\/\/www.sonoraenequipo.com.mx\/storage\/2020\/01\/Isssteson-en-Nogales2801-1_opt.jpg","articleSection":["Sonora"],"inLanguage":"es","potentialAction":[{"@type":"CommentAction","name":"Comment","target":["https:\/\/www.sonoraenequipo.com.mx\/cuenta-hospital-de-isssteson-en-nogales-con-nueva-ambulancia\/#respond"]}]},{"@type":"WebPage","@id":"https:\/\/www.sonoraenequipo.com.mx\/cuenta-hospital-de-isssteson-en-nogales-con-nueva-ambulancia\/","url":"https:\/\/www.sonoraenequipo.com.mx\/cuenta-hospital-de-isssteson-en-nogales-con-nueva-ambulancia\/","name":"Sonora en Equipo. Cuenta Hospital de Isssteson en Nogales con nueva ambulancia Sonora","isPartOf":{"@id":"https:\/\/www.sonoraenequipo.com.mx\/#website"},"primaryImageOfPage":{"@id":"https:\/\/www.sonoraenequipo.com.mx\/cuenta-hospital-de-isssteson-en-nogales-con-nueva-ambulancia\/#primaryimage"},"image":{"@id":"https:\/\/www.sonoraenequipo.com.mx\/cuenta-hospital-de-isssteson-en-nogales-con-nueva-ambulancia\/#primaryimage"},"thumbnailUrl":"https:\/\/www.sonoraenequipo.com.mx\/storage\/2020\/01\/Isssteson-en-Nogales2801-1_opt.jpg","datePublished":"2020-01-28T22:58:20+00:00","dateModified":"2020-01-29T02:15:56+00:00","description":"NOGALES, SONORA. MX. \u2014 Una ambulancia totalmente equipada con camilla hidr\u00e1ulica, ox\u00edgeno, material para curaciones, entre otros accesorios, fue entregada En Sonora en Equipo publicamos toda la informaci\u00f3n de Sonora, M\u00e9xico y el Mundo de manera oportuna y busca que la libertad de expresi\u00f3n sea real. Visita nuestro medio informativo publicado desde Hermosillo, Sonora. %","breadcrumb":{"@id":"https:\/\/www.sonoraenequipo.com.mx\/cuenta-hospital-de-isssteson-en-nogales-con-nueva-ambulancia\/#breadcrumb"},"inLanguage":"es","potentialAction":[{"@type":"ReadAction","target":["https:\/\/www.sonoraenequipo.com.mx\/cuenta-hospital-de-isssteson-en-nogales-con-nueva-ambulancia\/"]}]},{"@type":"ImageObject","inLanguage":"es","@id":"https:\/\/www.sonoraenequipo.com.mx\/cuenta-hospital-de-isssteson-en-nogales-con-nueva-ambulancia\/#primaryimage","url":"https:\/\/www.sonoraenequipo.com.mx\/storage\/2020\/01\/Isssteson-en-Nogales2801-1_opt.jpg","contentUrl":"https:\/\/www.sonoraenequipo.com.mx\/storage\/2020\/01\/Isssteson-en-Nogales2801-1_opt.jpg","width":589,"height":400},{"@type":"BreadcrumbList","@id":"https:\/\/www.sonoraenequipo.com.mx\/cuenta-hospital-de-isssteson-en-nogales-con-nueva-ambulancia\/#breadcrumb","itemListElement":[{"@type":"ListItem","position":1,"name":"Portada","item":"https:\/\/www.sonoraenequipo.com.mx\/"},{"@type":"ListItem","position":2,"name":"Cuenta Hospital de Isssteson en Nogales con nueva ambulancia"}]},{"@type":"WebSite","@id":"https:\/\/www.sonoraenequipo.com.mx\/#website","url":"https:\/\/www.sonoraenequipo.com.mx\/","name":"Sonora en Equipo.","description":"Diario en l\u00ednea con Noticias desde Hermosillo, Sonora","publisher":{"@id":"https:\/\/www.sonoraenequipo.com.mx\/#organization"},"potentialAction":[{"@type":"SearchAction","target":{"@type":"EntryPoint","urlTemplate":"https:\/\/www.sonoraenequipo.com.mx\/?s={search_term_string}"},"query-input":{"@type":"PropertyValueSpecification","valueRequired":true,"valueName":"search_term_string"}}],"inLanguage":"es"},{"@type":"Organization","@id":"https:\/\/www.sonoraenequipo.com.mx\/#organization","name":"Sonoraenequipo.com.mx","url":"https:\/\/www.sonoraenequipo.com.mx\/","logo":{"@type":"ImageObject","inLanguage":"es","@id":"https:\/\/www.sonoraenequipo.com.mx\/#\/schema\/logo\/image\/","url":"https:\/\/www.sonoraenequipo.com.mx\/storage\/2019\/01\/sonoraenequipo_opt.png","contentUrl":"https:\/\/www.sonoraenequipo.com.mx\/storage\/2019\/01\/sonoraenequipo_opt.png","width":375,"height":125,"caption":"Sonoraenequipo.com.mx"},"image":{"@id":"https:\/\/www.sonoraenequipo.com.mx\/#\/schema\/logo\/image\/"},"sameAs":["https:\/\/www.facebook.com\/SonoraEE\/","https:\/\/x.com\/sonoraenequipo","https:\/\/www.youtube.com\/channel\/UC338nW-lPEYmJQs4ZABQ1SQ"]},{"@type":"Person","@id":"https:\/\/www.sonoraenequipo.com.mx\/#\/schema\/person\/50102df0fb23a8fa9e8effad8fa81386","name":"enequipo","image":{"@type":"ImageObject","inLanguage":"es","@id":"https:\/\/www.sonoraenequipo.com.mx\/#\/schema\/person\/image\/","url":"https:\/\/secure.gravatar.com\/avatar\/049821681b589dabc0bc20695993ccebb09f5b5d4d790cd9251b97faac7c652b?s=96&d=blank&r=g","contentUrl":"https:\/\/secure.gravatar.com\/avatar\/049821681b589dabc0bc20695993ccebb09f5b5d4d790cd9251b97faac7c652b?s=96&d=blank&r=g","caption":"enequipo"},"sameAs":["https:\/\/www.facebook.com\/SonoraEE"]}]}},"jetpack_featured_media_url":"https:\/\/www.sonoraenequipo.com.mx\/storage\/2020\/01\/Isssteson-en-Nogales2801-1_opt.jpg","_links":{"self":[{"href":"https:\/\/www.sonoraenequipo.com.mx\/api\/wp\/v2\/posts\/76707","targetHints":{"allow":["GET"]}}],"collection":[{"href":"https:\/\/www.sonoraenequipo.com.mx\/api\/wp\/v2\/posts"}],"about":[{"href":"https:\/\/www.sonoraenequipo.com.mx\/api\/wp\/v2\/types\/post"}],"author":[{"embeddable":true,"href":"https:\/\/www.sonoraenequipo.com.mx\/api\/wp\/v2\/users\/1"}],"replies":[{"embeddable":true,"href":"https:\/\/www.sonoraenequipo.com.mx\/api\/wp\/v2\/comments?post=76707"}],"version-history":[{"count":0,"href":"https:\/\/www.sonoraenequipo.com.mx\/api\/wp\/v2\/posts\/76707\/revisions"}],"wp:featuredmedia":[{"embeddable":true,"href":"https:\/\/www.sonoraenequipo.com.mx\/api\/wp\/v2\/media\/76715"}],"wp:attachment":[{"href":"https:\/\/www.sonoraenequipo.com.mx\/api\/wp\/v2\/media?parent=76707"}],"wp:term":[{"taxonomy":"category","embeddable":true,"href":"https:\/\/www.sonoraenequipo.com.mx\/api\/wp\/v2\/categories?post=76707"},{"taxonomy":"post_tag","embeddable":true,"href":"https:\/\/www.sonoraenequipo.com.mx\/api\/wp\/v2\/tags?post=76707"}],"curies":[{"name":"wp","href":"https:\/\/api.w.org\/{rel}","templated":true}]}}