{"id":76727,"date":"2020-01-28T19:32:49","date_gmt":"2020-01-29T02:32:49","guid":{"rendered":"https:\/\/www.sonoraenequipo.com.mx\/?p=76727"},"modified":"2020-01-28T19:34:07","modified_gmt":"2020-01-29T02:34:07","slug":"entrega-gobernadora-certificado-sonora-ambiental-a-empresas","status":"publish","type":"post","link":"https:\/\/www.sonoraenequipo.com.mx\/entrega-gobernadora-certificado-sonora-ambiental-a-empresas\/","title":{"rendered":"Entrega Gobernadora certificado \u201cSonora Ambiental\u201d a empresas"},"content":{"rendered":"<p>HERMOSILLO, SONORA.MX. \u2014 Por no limitarse al cumplimiento total de la normatividad ecol\u00f3gica sino haber asumido con \u00e9xito el compromiso social de ser promoventes de la cultura del respeto y cuidado del medio ambiente, dentro y fuera de sus establecimientos, la gobernadora Claudia Pavlovich Arellano entreg\u00f3 el certificado \u201c<em>Sonora Ambiental\u201d<\/em> a 25 empresas sonorenses.<\/p>\n<p> <\/p>\n<p>La mandataria estatal destac\u00f3 el beneficio que las empresas est\u00e1n aportando a la sociedad con ir m\u00e1s all\u00e1 de lo que exige la legislaci\u00f3n en la materia y haberse adherido a este programa que impulsa la Procuradur\u00eda Ambiental del Estado de Sonora (Proaes) lo cual deja un impacto favorable no s\u00f3lo para \u00e9sta sino para las futuras generaciones.<\/p>\n<p><em>\u201cMe da much\u00edsimo gusto ver las caras de estas empresas que son responsables, s\u00e9 que han cumplido con todo lo establecido por la norma y m\u00e1s all\u00e1, s\u00e9 que han hecho un gran esfuerzo por ser empresas responsables ambientalmente; nos lo vamos agradecer nosotros mismos, pero sin duda nos lo van agradecer las futuras generaciones, porque es un tema que quiz\u00e1 no estaba en nuestra agenda hace a\u00f1os, pero lo tiene que estar ahora, realmente si no cuidamos el medio ambiente vamos a vivir en un mundo muy complicado\u201d,<\/em> indic\u00f3.<\/p>\n<p>La entrega de esta certificaci\u00f3n tuvo lugar en las instalaciones de la C\u00e1mara Mexicana de la Industria de la Construcci\u00f3n (CMIC Sonora), por ser la primera aliada estrat\u00e9gica de Proaes para promover la certificaci\u00f3n ambiental entre sus agremiados y lograr que ocho de ellos consigan certificarse en los primeros tres meses de este programa.<\/p>\n<p>Jos\u00e9 Jes\u00fas Roch\u00edn Morales, procurador Ambiental de Sonora, coment\u00f3 que este programa de certificaci\u00f3n es voluntario, basado en un modelo interactivo y de autogesti\u00f3n que facilita a las empresas realizar acciones encaminadas al cumplimiento normativo pero a su vez a la promoci\u00f3n de una actitud y compromiso entre sus colaboradores, sus trabajadores y su red de proveedores.<\/p>\n<p><em>\u201cEs decir, todas las empresas que hoy nos acompa\u00f1an, para recibir su certificado, se han convertido no solo en empresas ambientalmente responsables, sino en brazos ejecutores de una pol\u00edtica de cuidado y respeto al medio ambiente\u201d,<\/em> se\u00f1al\u00f3 el procurador Ambiental de Sonora qui\u00e9n detall\u00f3 que estas acciones incluyen acciones que han impactado a 5 mil trabajadores y sus familias y han derivado ya en mil \u00e1rboles adoptados y 25 espacios p\u00fablicos apadrinados.<\/p>\n<p><img loading=\"lazy\" decoding=\"async\" class=\"size-medium  x-left\" src=\"https:\/\/www.sonoraenequipo.com.mx\/storage\/2020\/01\/Sonora-Ambiental2801-2_opt-1-600x400.jpg\" alt=\"\" width=\"600\" height=\"400\" \/>Durante la reuni\u00f3n donde estuvieron Luis Mario Rivera Aguilar y H\u00e9ctor Ra\u00fal Castelo Monta\u00f1o, diputados locales, as\u00ed como representantes de C\u00e1maras Empresariales a quienes se convoc\u00f3 a sumarse como aliados estrat\u00e9gicos de este programa, Ana Karina Maldonado Andrews, presidenta de CMIC Sonora, reconoci\u00f3 la responsabilidad social que asumen las empresas en materia ambiental, cuyas acciones representan un impacto positivo en el cuidado de recursos naturales.<\/p>\n<p><em>\u201cEs una responsabilidad social y ambiental, para nosotros como C\u00e1mara Mexicana de Industria de la Construcci\u00f3n parte de nuestra misi\u00f3n es impulsar la responsabilidad social y ambiental; cuando firmamos el convenio de colaboraci\u00f3n y viene esta iniciativa que estamos muy convencidos de que impacta de manera positiva, por eso la tomamos y es por eso que CMIC se certifica y adem\u00e1s va poder ser verificadora, y con esto vamos a impulsar a m\u00e1s empresas de diferentes sectores productivos\u201d<\/em>, se\u00f1al\u00f3.<\/p>\n<p>En representaci\u00f3n de las empresas que recibieron la Certificaci\u00f3n Sonora Ambiental Santiago Ren\u00e9 Gluyas Ozuna, director administrativo de Gluyas Construcciones, mencion\u00f3 que los empresarios deben de implementar acciones para reducir sus emisiones al ambiente y hacer buen uso de los recursos naturales.<\/p>\n<p><em>\u201cLos empresarios debemos de ser no solo participantes, sino l\u00edderes en la creaci\u00f3n e implementaci\u00f3n de acciones encaminadas a mitigar estos efectos, y reducir nuestras emisiones al ambiente, y disponer correctamente de los residuos generados por nuestra actividad, y procurar todas las medidas de prevenci\u00f3n que se encuentren a nuestro alcance para evitar cualquier afectaci\u00f3n a nuestros recursos naturales\u201d<\/em>, coment\u00f3.<\/p>\n<h3>Recibieron la certificaci\u00f3n Sonora Ambiental:<\/h3>\n<p>1.-MTD Consumer Products M\u00e9xico S.A de C.V (Planta 1)<br \/>\n2.-MTD Consumer Products M\u00e9xico S.A de C.V (Planta 2)<br \/>\n3.-MTD Consumer Products M\u00e9xico S.A de C.V (Planta 3)<br \/>\n4.-Bao Ingenier\u00eda y Servicios S.A de C.V. (Planta La Victoria)<br \/>\n5.-Badger Metter de M\u00e9xico S.A. de C.V. (Planta Nogales)<br \/>\n6.-AMP Amemex S.A. de C.V. (Planta Industrial)<br \/>\n7.-Transformadora de M\u00e9xico S.A. de C.V. (Planta Nogales)<br \/>\n8.-Caf\u00e9 del Pac\u00edfico S.A. de C.V. (Planta Hermosillo)<br \/>\n9.-Fanosa S.A. de C.V (Planta Hermosillo)<br \/>\n10.-Calhidra de Sonora S.A. de C.V.<br \/>\n11.-Sanitizadora de Sonora S. de R.L de C.V.<br \/>\n12.-Kofanor de M\u00e9xico S. de R.L. de C.V.<br \/>\n13.-Suain S. de R.L. de C.V. (Granja San Armando)<br \/>\n14.-TCA Global S.A. de C.V. (Granja San Pedro)<br \/>\n15.-Reyma del Noroeste S.A. de C.V.<br \/>\n16.-Continental Automotive Maquila de M\u00e9xico S. de R.L. de C.V.<br \/>\n17.-Magna Sonora Forming Thechnologies S.A. de C.V.<br \/>\n18.-Gluyas Construcciones S.A. de C.V. (Oficinas Administrativas)<br \/>\n19.-C\u00e1mara Mexicana de la Industria de la Construcci\u00f3n (CMIC Sonora)<br \/>\n20.-Gastro Park y Terraza Hmo<br \/>\n21.-Fitmax<br \/>\n22.-Oposon Construcciones y Servicios S.A. de C.V.<br \/>\n23.-CW Metal S.A. de C.V.<br \/>\n24.-Construpima S.A. de C.V. (Planta Asfaltera)<br \/>\n25.-Grupo Construcciones Planificadas S.A. de C.V. (Taller Mec\u00e1nico Central Construplan)<\/p>\n<p>PUBLICADO EL 28\/01\/2020)<\/p>\n","protected":false},"excerpt":{"rendered":"<p>HERMOSILLO, SONORA.MX. \u2014 Por no limitarse al cumplimiento total de la normatividad ecol\u00f3gica sino haber&#8230;<\/p>\n","protected":false},"author":1,"featured_media":76721,"comment_status":"open","ping_status":"open","sticky":false,"template":"","format":"standard","meta":{"_monsterinsights_skip_tracking":false,"_monsterinsights_sitenote_active":false,"_monsterinsights_sitenote_note":"","_monsterinsights_sitenote_category":0,"footnotes":""},"categories":[22],"tags":[],"class_list":["post"],"yoast_head":" \n<title>Sonora en Equipo. Entrega Gobernadora certificado \u201cSonora Ambiental\u201d a empresas Sonora<\/title>\n<meta name=\"description\" content=\"HERMOSILLO, SONORA.MX. \u2014 Por no limitarse al cumplimiento total de la normatividad ecol\u00f3gica sino haber asumido con \u00e9xito el compromiso social de ser En Sonora en Equipo publicamos toda la informaci\u00f3n de Sonora, M\u00e9xico y el Mundo de manera oportuna y busca que la libertad de expresi\u00f3n sea real. Visita nuestro medio informativo publicado desde Hermosillo, Sonora. %\" \/>\n<meta name=\"robots\" content=\"index, follow, max-snippet:-1, max-image-preview:large, max-video-preview:-1\" \/>\n<link rel=\"canonical\" href=\"https:\/\/www.sonoraenequipo.com.mx\/entrega-gobernadora-certificado-sonora-ambiental-a-empresas\/\" \/>\n<meta property=\"og:locale\" content=\"es_ES\" \/>\n<meta property=\"og:type\" content=\"article\" \/>\n<meta property=\"og:title\" content=\"Sonora en Equipo. Entrega Gobernadora certificado \u201cSonora Ambiental\u201d a empresas Sonora\" \/>\n<meta property=\"og:description\" content=\"HERMOSILLO, SONORA.MX. \u2014 Por no limitarse al cumplimiento total de la normatividad ecol\u00f3gica sino haber asumido con \u00e9xito el compromiso social de ser En Sonora en Equipo publicamos toda la informaci\u00f3n de Sonora, M\u00e9xico y el Mundo de manera oportuna y busca que la libertad de expresi\u00f3n sea real. Visita nuestro medio informativo publicado desde Hermosillo, Sonora. %\" \/>\n<meta property=\"og:url\" content=\"https:\/\/www.sonoraenequipo.com.mx\/entrega-gobernadora-certificado-sonora-ambiental-a-empresas\/\" \/>\n<meta property=\"og:site_name\" content=\"Sonora en Equipo.\" \/>\n<meta property=\"article:publisher\" content=\"https:\/\/www.facebook.com\/SonoraEE\/\" \/>\n<meta property=\"article:author\" content=\"https:\/\/www.facebook.com\/SonoraEE\" \/>\n<meta property=\"article:published_time\" content=\"2020-01-29T02:32:49+00:00\" \/>\n<meta property=\"article:modified_time\" content=\"2020-01-29T02:34:07+00:00\" \/>\n<meta property=\"og:image\" content=\"https:\/\/www.sonoraenequipo.com.mx\/storage\/2020\/01\/Sonora-Ambiental2801-4_opt-1.jpg\" \/>\n\t<meta property=\"og:image:width\" content=\"601\" \/>\n\t<meta property=\"og:image:height\" content=\"400\" \/>\n\t<meta property=\"og:image:type\" content=\"image\/jpeg\" \/>\n<meta name=\"author\" content=\"enequipo\" \/>\n<meta name=\"twitter:card\" content=\"summary_large_image\" \/>\n<meta name=\"twitter:creator\" content=\"@sonoraenequipo\" \/>\n<meta name=\"twitter:site\" content=\"@sonoraenequipo\" \/>\n<meta name=\"twitter:label1\" content=\"Escrito por\" \/>\n\t<meta name=\"twitter:data1\" content=\"enequipo\" \/>\n\t<meta name=\"twitter:label2\" content=\"Tiempo de lectura\" \/>\n\t<meta name=\"twitter:data2\" content=\"5 minutos\" \/>\n<script type=\"application\/ld+json\" class=\"yoast-schema-graph\">{\"@context\":\"https:\/\/schema.org\",\"@graph\":[{\"@type\":\"Article\",\"@id\":\"https:\/\/www.sonoraenequipo.com.mx\/entrega-gobernadora-certificado-sonora-ambiental-a-empresas\/#article\",\"isPartOf\":{\"@id\":\"https:\/\/www.sonoraenequipo.com.mx\/entrega-gobernadora-certificado-sonora-ambiental-a-empresas\/\"},\"author\":{\"name\":\"enequipo\",\"@id\":\"https:\/\/www.sonoraenequipo.com.mx\/#\/schema\/person\/50102df0fb23a8fa9e8effad8fa81386\"},\"headline\":\"Entrega Gobernadora certificado \u201cSonora Ambiental\u201d a empresas\",\"datePublished\":\"2020-01-29T02:32:49+00:00\",\"dateModified\":\"2020-01-29T02:34:07+00:00\",\"mainEntityOfPage\":{\"@id\":\"https:\/\/www.sonoraenequipo.com.mx\/entrega-gobernadora-certificado-sonora-ambiental-a-empresas\/\"},\"wordCount\":928,\"commentCount\":0,\"publisher\":{\"@id\":\"https:\/\/www.sonoraenequipo.com.mx\/#organization\"},\"image\":{\"@id\":\"https:\/\/www.sonoraenequipo.com.mx\/entrega-gobernadora-certificado-sonora-ambiental-a-empresas\/#primaryimage\"},\"thumbnailUrl\":\"https:\/\/www.sonoraenequipo.com.mx\/storage\/2020\/01\/Sonora-Ambiental2801-4_opt-1.jpg\",\"articleSection\":[\"Sonora\"],\"inLanguage\":\"es\",\"potentialAction\":[{\"@type\":\"CommentAction\",\"name\":\"Comment\",\"target\":[\"https:\/\/www.sonoraenequipo.com.mx\/entrega-gobernadora-certificado-sonora-ambiental-a-empresas\/#respond\"]}]},{\"@type\":\"WebPage\",\"@id\":\"https:\/\/www.sonoraenequipo.com.mx\/entrega-gobernadora-certificado-sonora-ambiental-a-empresas\/\",\"url\":\"https:\/\/www.sonoraenequipo.com.mx\/entrega-gobernadora-certificado-sonora-ambiental-a-empresas\/\",\"name\":\"Sonora en Equipo. Entrega Gobernadora certificado \u201cSonora Ambiental\u201d a empresas Sonora\",\"isPartOf\":{\"@id\":\"https:\/\/www.sonoraenequipo.com.mx\/#website\"},\"primaryImageOfPage\":{\"@id\":\"https:\/\/www.sonoraenequipo.com.mx\/entrega-gobernadora-certificado-sonora-ambiental-a-empresas\/#primaryimage\"},\"image\":{\"@id\":\"https:\/\/www.sonoraenequipo.com.mx\/entrega-gobernadora-certificado-sonora-ambiental-a-empresas\/#primaryimage\"},\"thumbnailUrl\":\"https:\/\/www.sonoraenequipo.com.mx\/storage\/2020\/01\/Sonora-Ambiental2801-4_opt-1.jpg\",\"datePublished\":\"2020-01-29T02:32:49+00:00\",\"dateModified\":\"2020-01-29T02:34:07+00:00\",\"description\":\"HERMOSILLO, SONORA.MX. \u2014 Por no limitarse al cumplimiento total de la normatividad ecol\u00f3gica sino haber asumido con \u00e9xito el compromiso social de ser En Sonora en Equipo publicamos toda la informaci\u00f3n de Sonora, M\u00e9xico y el Mundo de manera oportuna y busca que la libertad de expresi\u00f3n sea real. Visita nuestro medio informativo publicado desde Hermosillo, Sonora. %\",\"breadcrumb\":{\"@id\":\"https:\/\/www.sonoraenequipo.com.mx\/entrega-gobernadora-certificado-sonora-ambiental-a-empresas\/#breadcrumb\"},\"inLanguage\":\"es\",\"potentialAction\":[{\"@type\":\"ReadAction\",\"target\":[\"https:\/\/www.sonoraenequipo.com.mx\/entrega-gobernadora-certificado-sonora-ambiental-a-empresas\/\"]}]},{\"@type\":\"ImageObject\",\"inLanguage\":\"es\",\"@id\":\"https:\/\/www.sonoraenequipo.com.mx\/entrega-gobernadora-certificado-sonora-ambiental-a-empresas\/#primaryimage\",\"url\":\"https:\/\/www.sonoraenequipo.com.mx\/storage\/2020\/01\/Sonora-Ambiental2801-4_opt-1.jpg\",\"contentUrl\":\"https:\/\/www.sonoraenequipo.com.mx\/storage\/2020\/01\/Sonora-Ambiental2801-4_opt-1.jpg\",\"width\":601,\"height\":400},{\"@type\":\"BreadcrumbList\",\"@id\":\"https:\/\/www.sonoraenequipo.com.mx\/entrega-gobernadora-certificado-sonora-ambiental-a-empresas\/#breadcrumb\",\"itemListElement\":[{\"@type\":\"ListItem\",\"position\":1,\"name\":\"Portada\",\"item\":\"https:\/\/www.sonoraenequipo.com.mx\/\"},{\"@type\":\"ListItem\",\"position\":2,\"name\":\"Entrega Gobernadora certificado \u201cSonora Ambiental\u201d a empresas\"}]},{\"@type\":\"WebSite\",\"@id\":\"https:\/\/www.sonoraenequipo.com.mx\/#website\",\"url\":\"https:\/\/www.sonoraenequipo.com.mx\/\",\"name\":\"Sonora en Equipo.\",\"description\":\"Diario en l\u00ednea con Noticias desde Hermosillo, Sonora\",\"publisher\":{\"@id\":\"https:\/\/www.sonoraenequipo.com.mx\/#organization\"},\"potentialAction\":[{\"@type\":\"SearchAction\",\"target\":{\"@type\":\"EntryPoint\",\"urlTemplate\":\"https:\/\/www.sonoraenequipo.com.mx\/?s={search_term_string}\"},\"query-input\":{\"@type\":\"PropertyValueSpecification\",\"valueRequired\":true,\"valueName\":\"search_term_string\"}}],\"inLanguage\":\"es\"},{\"@type\":\"Organization\",\"@id\":\"https:\/\/www.sonoraenequipo.com.mx\/#organization\",\"name\":\"Sonoraenequipo.com.mx\",\"url\":\"https:\/\/www.sonoraenequipo.com.mx\/\",\"logo\":{\"@type\":\"ImageObject\",\"inLanguage\":\"es\",\"@id\":\"https:\/\/www.sonoraenequipo.com.mx\/#\/schema\/logo\/image\/\",\"url\":\"https:\/\/www.sonoraenequipo.com.mx\/storage\/2019\/01\/sonoraenequipo_opt.png\",\"contentUrl\":\"https:\/\/www.sonoraenequipo.com.mx\/storage\/2019\/01\/sonoraenequipo_opt.png\",\"width\":375,\"height\":125,\"caption\":\"Sonoraenequipo.com.mx\"},\"image\":{\"@id\":\"https:\/\/www.sonoraenequipo.com.mx\/#\/schema\/logo\/image\/\"},\"sameAs\":[\"https:\/\/www.facebook.com\/SonoraEE\/\",\"https:\/\/x.com\/sonoraenequipo\",\"https:\/\/www.youtube.com\/channel\/UC338nW-lPEYmJQs4ZABQ1SQ\"]},{\"@type\":\"Person\",\"@id\":\"https:\/\/www.sonoraenequipo.com.mx\/#\/schema\/person\/50102df0fb23a8fa9e8effad8fa81386\",\"name\":\"enequipo\",\"image\":{\"@type\":\"ImageObject\",\"inLanguage\":\"es\",\"@id\":\"https:\/\/www.sonoraenequipo.com.mx\/#\/schema\/person\/image\/\",\"url\":\"https:\/\/secure.gravatar.com\/avatar\/049821681b589dabc0bc20695993ccebb09f5b5d4d790cd9251b97faac7c652b?s=96&d=blank&r=g\",\"contentUrl\":\"https:\/\/secure.gravatar.com\/avatar\/049821681b589dabc0bc20695993ccebb09f5b5d4d790cd9251b97faac7c652b?s=96&d=blank&r=g\",\"caption\":\"enequipo\"},\"sameAs\":[\"https:\/\/www.facebook.com\/SonoraEE\"]}]}<\/script>\n ","yoast_head_json":{"title":"Sonora en Equipo. Entrega Gobernadora certificado \u201cSonora Ambiental\u201d a empresas Sonora","description":"HERMOSILLO, SONORA.MX. \u2014 Por no limitarse al cumplimiento total de la normatividad ecol\u00f3gica sino haber asumido con \u00e9xito el compromiso social de ser En Sonora en Equipo publicamos toda la informaci\u00f3n de Sonora, M\u00e9xico y el Mundo de manera oportuna y busca que la libertad de expresi\u00f3n sea real. Visita nuestro medio informativo publicado desde Hermosillo, Sonora. %","robots":{"index":"index","follow":"follow","max-snippet":"max-snippet:-1","max-image-preview":"max-image-preview:large","max-video-preview":"max-video-preview:-1"},"canonical":"https:\/\/www.sonoraenequipo.com.mx\/entrega-gobernadora-certificado-sonora-ambiental-a-empresas\/","og_locale":"es_ES","og_type":"article","og_title":"Sonora en Equipo. Entrega Gobernadora certificado \u201cSonora Ambiental\u201d a empresas Sonora","og_description":"HERMOSILLO, SONORA.MX. \u2014 Por no limitarse al cumplimiento total de la normatividad ecol\u00f3gica sino haber asumido con \u00e9xito el compromiso social de ser En Sonora en Equipo publicamos toda la informaci\u00f3n de Sonora, M\u00e9xico y el Mundo de manera oportuna y busca que la libertad de expresi\u00f3n sea real. Visita nuestro medio informativo publicado desde Hermosillo, Sonora. %","og_url":"https:\/\/www.sonoraenequipo.com.mx\/entrega-gobernadora-certificado-sonora-ambiental-a-empresas\/","og_site_name":"Sonora en Equipo.","article_publisher":"https:\/\/www.facebook.com\/SonoraEE\/","article_author":"https:\/\/www.facebook.com\/SonoraEE","article_published_time":"2020-01-29T02:32:49+00:00","article_modified_time":"2020-01-29T02:34:07+00:00","og_image":[{"width":601,"height":400,"url":"https:\/\/www.sonoraenequipo.com.mx\/storage\/2020\/01\/Sonora-Ambiental2801-4_opt-1.jpg","type":"image\/jpeg"}],"author":"enequipo","twitter_card":"summary_large_image","twitter_creator":"@sonoraenequipo","twitter_site":"@sonoraenequipo","twitter_misc":{"Escrito por":"enequipo","Tiempo de lectura":"5 minutos"},"schema":{"@context":"https:\/\/schema.org","@graph":[{"@type":"Article","@id":"https:\/\/www.sonoraenequipo.com.mx\/entrega-gobernadora-certificado-sonora-ambiental-a-empresas\/#article","isPartOf":{"@id":"https:\/\/www.sonoraenequipo.com.mx\/entrega-gobernadora-certificado-sonora-ambiental-a-empresas\/"},"author":{"name":"enequipo","@id":"https:\/\/www.sonoraenequipo.com.mx\/#\/schema\/person\/50102df0fb23a8fa9e8effad8fa81386"},"headline":"Entrega Gobernadora certificado \u201cSonora Ambiental\u201d a empresas","datePublished":"2020-01-29T02:32:49+00:00","dateModified":"2020-01-29T02:34:07+00:00","mainEntityOfPage":{"@id":"https:\/\/www.sonoraenequipo.com.mx\/entrega-gobernadora-certificado-sonora-ambiental-a-empresas\/"},"wordCount":928,"commentCount":0,"publisher":{"@id":"https:\/\/www.sonoraenequipo.com.mx\/#organization"},"image":{"@id":"https:\/\/www.sonoraenequipo.com.mx\/entrega-gobernadora-certificado-sonora-ambiental-a-empresas\/#primaryimage"},"thumbnailUrl":"https:\/\/www.sonoraenequipo.com.mx\/storage\/2020\/01\/Sonora-Ambiental2801-4_opt-1.jpg","articleSection":["Sonora"],"inLanguage":"es","potentialAction":[{"@type":"CommentAction","name":"Comment","target":["https:\/\/www.sonoraenequipo.com.mx\/entrega-gobernadora-certificado-sonora-ambiental-a-empresas\/#respond"]}]},{"@type":"WebPage","@id":"https:\/\/www.sonoraenequipo.com.mx\/entrega-gobernadora-certificado-sonora-ambiental-a-empresas\/","url":"https:\/\/www.sonoraenequipo.com.mx\/entrega-gobernadora-certificado-sonora-ambiental-a-empresas\/","name":"Sonora en Equipo. Entrega Gobernadora certificado \u201cSonora Ambiental\u201d a empresas Sonora","isPartOf":{"@id":"https:\/\/www.sonoraenequipo.com.mx\/#website"},"primaryImageOfPage":{"@id":"https:\/\/www.sonoraenequipo.com.mx\/entrega-gobernadora-certificado-sonora-ambiental-a-empresas\/#primaryimage"},"image":{"@id":"https:\/\/www.sonoraenequipo.com.mx\/entrega-gobernadora-certificado-sonora-ambiental-a-empresas\/#primaryimage"},"thumbnailUrl":"https:\/\/www.sonoraenequipo.com.mx\/storage\/2020\/01\/Sonora-Ambiental2801-4_opt-1.jpg","datePublished":"2020-01-29T02:32:49+00:00","dateModified":"2020-01-29T02:34:07+00:00","description":"HERMOSILLO, SONORA.MX. \u2014 Por no limitarse al cumplimiento total de la normatividad ecol\u00f3gica sino haber asumido con \u00e9xito el compromiso social de ser En Sonora en Equipo publicamos toda la informaci\u00f3n de Sonora, M\u00e9xico y el Mundo de manera oportuna y busca que la libertad de expresi\u00f3n sea real. Visita nuestro medio informativo publicado desde Hermosillo, Sonora. %","breadcrumb":{"@id":"https:\/\/www.sonoraenequipo.com.mx\/entrega-gobernadora-certificado-sonora-ambiental-a-empresas\/#breadcrumb"},"inLanguage":"es","potentialAction":[{"@type":"ReadAction","target":["https:\/\/www.sonoraenequipo.com.mx\/entrega-gobernadora-certificado-sonora-ambiental-a-empresas\/"]}]},{"@type":"ImageObject","inLanguage":"es","@id":"https:\/\/www.sonoraenequipo.com.mx\/entrega-gobernadora-certificado-sonora-ambiental-a-empresas\/#primaryimage","url":"https:\/\/www.sonoraenequipo.com.mx\/storage\/2020\/01\/Sonora-Ambiental2801-4_opt-1.jpg","contentUrl":"https:\/\/www.sonoraenequipo.com.mx\/storage\/2020\/01\/Sonora-Ambiental2801-4_opt-1.jpg","width":601,"height":400},{"@type":"BreadcrumbList","@id":"https:\/\/www.sonoraenequipo.com.mx\/entrega-gobernadora-certificado-sonora-ambiental-a-empresas\/#breadcrumb","itemListElement":[{"@type":"ListItem","position":1,"name":"Portada","item":"https:\/\/www.sonoraenequipo.com.mx\/"},{"@type":"ListItem","position":2,"name":"Entrega Gobernadora certificado \u201cSonora Ambiental\u201d a empresas"}]},{"@type":"WebSite","@id":"https:\/\/www.sonoraenequipo.com.mx\/#website","url":"https:\/\/www.sonoraenequipo.com.mx\/","name":"Sonora en Equipo.","description":"Diario en l\u00ednea con Noticias desde Hermosillo, Sonora","publisher":{"@id":"https:\/\/www.sonoraenequipo.com.mx\/#organization"},"potentialAction":[{"@type":"SearchAction","target":{"@type":"EntryPoint","urlTemplate":"https:\/\/www.sonoraenequipo.com.mx\/?s={search_term_string}"},"query-input":{"@type":"PropertyValueSpecification","valueRequired":true,"valueName":"search_term_string"}}],"inLanguage":"es"},{"@type":"Organization","@id":"https:\/\/www.sonoraenequipo.com.mx\/#organization","name":"Sonoraenequipo.com.mx","url":"https:\/\/www.sonoraenequipo.com.mx\/","logo":{"@type":"ImageObject","inLanguage":"es","@id":"https:\/\/www.sonoraenequipo.com.mx\/#\/schema\/logo\/image\/","url":"https:\/\/www.sonoraenequipo.com.mx\/storage\/2019\/01\/sonoraenequipo_opt.png","contentUrl":"https:\/\/www.sonoraenequipo.com.mx\/storage\/2019\/01\/sonoraenequipo_opt.png","width":375,"height":125,"caption":"Sonoraenequipo.com.mx"},"image":{"@id":"https:\/\/www.sonoraenequipo.com.mx\/#\/schema\/logo\/image\/"},"sameAs":["https:\/\/www.facebook.com\/SonoraEE\/","https:\/\/x.com\/sonoraenequipo","https:\/\/www.youtube.com\/channel\/UC338nW-lPEYmJQs4ZABQ1SQ"]},{"@type":"Person","@id":"https:\/\/www.sonoraenequipo.com.mx\/#\/schema\/person\/50102df0fb23a8fa9e8effad8fa81386","name":"enequipo","image":{"@type":"ImageObject","inLanguage":"es","@id":"https:\/\/www.sonoraenequipo.com.mx\/#\/schema\/person\/image\/","url":"https:\/\/secure.gravatar.com\/avatar\/049821681b589dabc0bc20695993ccebb09f5b5d4d790cd9251b97faac7c652b?s=96&d=blank&r=g","contentUrl":"https:\/\/secure.gravatar.com\/avatar\/049821681b589dabc0bc20695993ccebb09f5b5d4d790cd9251b97faac7c652b?s=96&d=blank&r=g","caption":"enequipo"},"sameAs":["https:\/\/www.facebook.com\/SonoraEE"]}]}},"jetpack_featured_media_url":"https:\/\/www.sonoraenequipo.com.mx\/storage\/2020\/01\/Sonora-Ambiental2801-4_opt-1.jpg","_links":{"self":[{"href":"https:\/\/www.sonoraenequipo.com.mx\/api\/wp\/v2\/posts\/76727","targetHints":{"allow":["GET"]}}],"collection":[{"href":"https:\/\/www.sonoraenequipo.com.mx\/api\/wp\/v2\/posts"}],"about":[{"href":"https:\/\/www.sonoraenequipo.com.mx\/api\/wp\/v2\/types\/post"}],"author":[{"embeddable":true,"href":"https:\/\/www.sonoraenequipo.com.mx\/api\/wp\/v2\/users\/1"}],"replies":[{"embeddable":true,"href":"https:\/\/www.sonoraenequipo.com.mx\/api\/wp\/v2\/comments?post=76727"}],"version-history":[{"count":0,"href":"https:\/\/www.sonoraenequipo.com.mx\/api\/wp\/v2\/posts\/76727\/revisions"}],"wp:featuredmedia":[{"embeddable":true,"href":"https:\/\/www.sonoraenequipo.com.mx\/api\/wp\/v2\/media\/76721"}],"wp:attachment":[{"href":"https:\/\/www.sonoraenequipo.com.mx\/api\/wp\/v2\/media?parent=76727"}],"wp:term":[{"taxonomy":"category","embeddable":true,"href":"https:\/\/www.sonoraenequipo.com.mx\/api\/wp\/v2\/categories?post=76727"},{"taxonomy":"post_tag","embeddable":true,"href":"https:\/\/www.sonoraenequipo.com.mx\/api\/wp\/v2\/tags?post=76727"}],"curies":[{"name":"wp","href":"https:\/\/api.w.org\/{rel}","templated":true}]}}