{"id":76738,"date":"2020-01-28T17:50:59","date_gmt":"2020-01-29T00:50:59","guid":{"rendered":"https:\/\/www.sonoraenequipo.com.mx\/?p=76738"},"modified":"2020-01-28T19:44:56","modified_gmt":"2020-01-29T02:44:56","slug":"mexicanos-piden-salir-de-china-por-brote-de-coronavirus","status":"publish","type":"post","link":"https:\/\/www.sonoraenequipo.com.mx\/mexicanos-piden-salir-de-china-por-brote-de-coronavirus\/","title":{"rendered":"Mexicanos piden salir de China por brote de coronavirus"},"content":{"rendered":"<p>CIUDAD DE M\u00c9XICO. MX. \u2014 Cuatro mexicanos pidieron este martes salir de China por el brote de coronavirus en la ciudad de Wuhan.<\/p>\n<p>&nbsp;<\/p>\n<p> <\/p>\n<p>&nbsp;<\/p>\n<p>La Secretar\u00eda de Relaciones Exteriores (SRE) detall\u00f3 que la representaci\u00f3n de M\u00e9xico en China mantiene permanente comunicaci\u00f3n con integrantes de la comunidad mexicana en ese pa\u00eds y destac\u00f3 que hasta el momento no existe ning\u00fan registro de contagio del alg\u00fan connacional.<\/p>\n<p>&nbsp;<\/p>\n<p><em>\u201cHasta este momento no hay registro de personas mexicanas que hayan enfermado a causa del nuevo coronavirus. La Embajada en Beijing est\u00e1 en contacto directo con personas mexicanas en la ciudad Wuhan. Todas se\u00f1alan estar en buen estado de salud. Hasta este momento, cuatro de ellas han manifestado su deseo de salir del pa\u00eds, lo cual no ha ocurrido\u201d,<\/em> detall\u00f3 la canciller\u00eda en un comunicado.<\/p>\n<p>&nbsp;<\/p>\n<p>&nbsp;<\/p>\n<p>Agreg\u00f3 que el gobierno de M\u00e9xico explora la forma de atender a los mexicanos en China en el \u201ccontexto de sanidad y bajo las restricciones a la movilidad existentes\u201d, incluso se estableci\u00f3 di\u00e1logo con otras naciones.<\/p>\n<p>&nbsp;<\/p>\n<p>&nbsp;<\/p>\n<p>Tambi\u00e9n se solicit\u00f3 a la comunidad mexicana en China mantenerse en contacto con la embajada o el consulado correspondiente, as\u00ed como permanecer atentos a las indicaciones de las autoridades nacionales y locales chinas.<\/p>\n<p>&nbsp;<\/p>\n<p>&nbsp;<\/p>\n<p><em>\u201cEl Gobierno de M\u00e9xico ha determinado que la Secretar\u00eda de Salud ser\u00e1 la dependencia que fungir\u00e1 como vocera, en la que se ha designado al director general de Epidemiolog\u00eda como su portavoz. Todos los d\u00edas a las 21:00 horas la Secretar\u00eda de Salud p\u00fablica un informe actualizado al respecto\u201d<\/em>, refiri\u00f3 la SRE.<\/p>\n<p>&nbsp;<\/p>\n<p>&nbsp;<\/p>\n<p>PUBLICADO EL 28\/01\/2020)<\/p>\n","protected":false},"excerpt":{"rendered":"<p>CIUDAD DE M\u00c9XICO. MX. \u2014 Cuatro mexicanos pidieron este martes salir de China por el&#8230;<\/p>\n","protected":false},"author":1,"featured_media":76740,"comment_status":"open","ping_status":"open","sticky":false,"template":"","format":"standard","meta":{"_monsterinsights_skip_tracking":false,"_monsterinsights_sitenote_active":false,"_monsterinsights_sitenote_note":"","_monsterinsights_sitenote_category":0,"footnotes":""},"categories":[3],"tags":[],"class_list":["post"],"yoast_head":" \n<title>Sonora en Equipo. Mexicanos piden salir de China por brote de coronavirus MUNDO<\/title>\n<meta name=\"description\" content=\"CIUDAD DE M\u00c9XICO. MX. \u2014 Cuatro mexicanos pidieron este martes salir de China por el brote de coronavirus en la ciudad de Wuhan. &nbsp; &nbsp; La En Sonora en Equipo publicamos toda la informaci\u00f3n de Sonora, M\u00e9xico y el Mundo de manera oportuna y busca que la libertad de expresi\u00f3n sea real. Visita nuestro medio informativo publicado desde Hermosillo, Sonora. %\" \/>\n<meta name=\"robots\" content=\"index, follow, max-snippet:-1, max-image-preview:large, max-video-preview:-1\" \/>\n<link rel=\"canonical\" href=\"https:\/\/www.sonoraenequipo.com.mx\/mexicanos-piden-salir-de-china-por-brote-de-coronavirus\/\" \/>\n<meta property=\"og:locale\" content=\"es_ES\" \/>\n<meta property=\"og:type\" content=\"article\" \/>\n<meta property=\"og:title\" content=\"Sonora en Equipo. Mexicanos piden salir de China por brote de coronavirus MUNDO\" \/>\n<meta property=\"og:description\" content=\"CIUDAD DE M\u00c9XICO. MX. \u2014 Cuatro mexicanos pidieron este martes salir de China por el brote de coronavirus en la ciudad de Wuhan. &nbsp; &nbsp; La En Sonora en Equipo publicamos toda la informaci\u00f3n de Sonora, M\u00e9xico y el Mundo de manera oportuna y busca que la libertad de expresi\u00f3n sea real. Visita nuestro medio informativo publicado desde Hermosillo, Sonora. %\" \/>\n<meta property=\"og:url\" content=\"https:\/\/www.sonoraenequipo.com.mx\/mexicanos-piden-salir-de-china-por-brote-de-coronavirus\/\" \/>\n<meta property=\"og:site_name\" content=\"Sonora en Equipo.\" \/>\n<meta property=\"article:publisher\" content=\"https:\/\/www.facebook.com\/SonoraEE\/\" \/>\n<meta property=\"article:author\" content=\"https:\/\/www.facebook.com\/SonoraEE\" \/>\n<meta property=\"article:published_time\" content=\"2020-01-29T00:50:59+00:00\" \/>\n<meta property=\"article:modified_time\" content=\"2020-01-29T02:44:56+00:00\" \/>\n<meta property=\"og:image\" content=\"https:\/\/www.sonoraenequipo.com.mx\/storage\/2020\/01\/coronavirus-mexicanos-salir_opt.jpg\" \/>\n\t<meta property=\"og:image:width\" content=\"711\" \/>\n\t<meta property=\"og:image:height\" content=\"400\" \/>\n\t<meta property=\"og:image:type\" content=\"image\/jpeg\" \/>\n<meta name=\"author\" content=\"enequipo\" \/>\n<meta name=\"twitter:card\" content=\"summary_large_image\" \/>\n<meta name=\"twitter:creator\" content=\"@sonoraenequipo\" \/>\n<meta name=\"twitter:site\" content=\"@sonoraenequipo\" \/>\n<meta name=\"twitter:label1\" content=\"Escrito por\" \/>\n\t<meta name=\"twitter:data1\" content=\"enequipo\" \/>\n\t<meta name=\"twitter:label2\" content=\"Tiempo de lectura\" \/>\n\t<meta name=\"twitter:data2\" content=\"1 minuto\" \/>\n<script type=\"application\/ld+json\" class=\"yoast-schema-graph\">{\"@context\":\"https:\/\/schema.org\",\"@graph\":[{\"@type\":\"Article\",\"@id\":\"https:\/\/www.sonoraenequipo.com.mx\/mexicanos-piden-salir-de-china-por-brote-de-coronavirus\/#article\",\"isPartOf\":{\"@id\":\"https:\/\/www.sonoraenequipo.com.mx\/mexicanos-piden-salir-de-china-por-brote-de-coronavirus\/\"},\"author\":{\"name\":\"enequipo\",\"@id\":\"https:\/\/www.sonoraenequipo.com.mx\/#\/schema\/person\/50102df0fb23a8fa9e8effad8fa81386\"},\"headline\":\"Mexicanos piden salir de China por brote de coronavirus\",\"datePublished\":\"2020-01-29T00:50:59+00:00\",\"dateModified\":\"2020-01-29T02:44:56+00:00\",\"mainEntityOfPage\":{\"@id\":\"https:\/\/www.sonoraenequipo.com.mx\/mexicanos-piden-salir-de-china-por-brote-de-coronavirus\/\"},\"wordCount\":290,\"commentCount\":0,\"publisher\":{\"@id\":\"https:\/\/www.sonoraenequipo.com.mx\/#organization\"},\"image\":{\"@id\":\"https:\/\/www.sonoraenequipo.com.mx\/mexicanos-piden-salir-de-china-por-brote-de-coronavirus\/#primaryimage\"},\"thumbnailUrl\":\"https:\/\/www.sonoraenequipo.com.mx\/storage\/2020\/01\/coronavirus-mexicanos-salir_opt.jpg\",\"articleSection\":[\"MUNDO\"],\"inLanguage\":\"es\",\"potentialAction\":[{\"@type\":\"CommentAction\",\"name\":\"Comment\",\"target\":[\"https:\/\/www.sonoraenequipo.com.mx\/mexicanos-piden-salir-de-china-por-brote-de-coronavirus\/#respond\"]}]},{\"@type\":\"WebPage\",\"@id\":\"https:\/\/www.sonoraenequipo.com.mx\/mexicanos-piden-salir-de-china-por-brote-de-coronavirus\/\",\"url\":\"https:\/\/www.sonoraenequipo.com.mx\/mexicanos-piden-salir-de-china-por-brote-de-coronavirus\/\",\"name\":\"Sonora en Equipo. Mexicanos piden salir de China por brote de coronavirus MUNDO\",\"isPartOf\":{\"@id\":\"https:\/\/www.sonoraenequipo.com.mx\/#website\"},\"primaryImageOfPage\":{\"@id\":\"https:\/\/www.sonoraenequipo.com.mx\/mexicanos-piden-salir-de-china-por-brote-de-coronavirus\/#primaryimage\"},\"image\":{\"@id\":\"https:\/\/www.sonoraenequipo.com.mx\/mexicanos-piden-salir-de-china-por-brote-de-coronavirus\/#primaryimage\"},\"thumbnailUrl\":\"https:\/\/www.sonoraenequipo.com.mx\/storage\/2020\/01\/coronavirus-mexicanos-salir_opt.jpg\",\"datePublished\":\"2020-01-29T00:50:59+00:00\",\"dateModified\":\"2020-01-29T02:44:56+00:00\",\"description\":\"CIUDAD DE M\u00c9XICO. MX. \u2014 Cuatro mexicanos pidieron este martes salir de China por el brote de coronavirus en la ciudad de Wuhan. &nbsp; &nbsp; La En Sonora en Equipo publicamos toda la informaci\u00f3n de Sonora, M\u00e9xico y el Mundo de manera oportuna y busca que la libertad de expresi\u00f3n sea real. Visita nuestro medio informativo publicado desde Hermosillo, Sonora. %\",\"breadcrumb\":{\"@id\":\"https:\/\/www.sonoraenequipo.com.mx\/mexicanos-piden-salir-de-china-por-brote-de-coronavirus\/#breadcrumb\"},\"inLanguage\":\"es\",\"potentialAction\":[{\"@type\":\"ReadAction\",\"target\":[\"https:\/\/www.sonoraenequipo.com.mx\/mexicanos-piden-salir-de-china-por-brote-de-coronavirus\/\"]}]},{\"@type\":\"ImageObject\",\"inLanguage\":\"es\",\"@id\":\"https:\/\/www.sonoraenequipo.com.mx\/mexicanos-piden-salir-de-china-por-brote-de-coronavirus\/#primaryimage\",\"url\":\"https:\/\/www.sonoraenequipo.com.mx\/storage\/2020\/01\/coronavirus-mexicanos-salir_opt.jpg\",\"contentUrl\":\"https:\/\/www.sonoraenequipo.com.mx\/storage\/2020\/01\/coronavirus-mexicanos-salir_opt.jpg\",\"width\":711,\"height\":400},{\"@type\":\"BreadcrumbList\",\"@id\":\"https:\/\/www.sonoraenequipo.com.mx\/mexicanos-piden-salir-de-china-por-brote-de-coronavirus\/#breadcrumb\",\"itemListElement\":[{\"@type\":\"ListItem\",\"position\":1,\"name\":\"Portada\",\"item\":\"https:\/\/www.sonoraenequipo.com.mx\/\"},{\"@type\":\"ListItem\",\"position\":2,\"name\":\"Mexicanos piden salir de China por brote de coronavirus\"}]},{\"@type\":\"WebSite\",\"@id\":\"https:\/\/www.sonoraenequipo.com.mx\/#website\",\"url\":\"https:\/\/www.sonoraenequipo.com.mx\/\",\"name\":\"Sonora en Equipo.\",\"description\":\"Diario en l\u00ednea con Noticias desde Hermosillo, Sonora\",\"publisher\":{\"@id\":\"https:\/\/www.sonoraenequipo.com.mx\/#organization\"},\"potentialAction\":[{\"@type\":\"SearchAction\",\"target\":{\"@type\":\"EntryPoint\",\"urlTemplate\":\"https:\/\/www.sonoraenequipo.com.mx\/?s={search_term_string}\"},\"query-input\":{\"@type\":\"PropertyValueSpecification\",\"valueRequired\":true,\"valueName\":\"search_term_string\"}}],\"inLanguage\":\"es\"},{\"@type\":\"Organization\",\"@id\":\"https:\/\/www.sonoraenequipo.com.mx\/#organization\",\"name\":\"Sonoraenequipo.com.mx\",\"url\":\"https:\/\/www.sonoraenequipo.com.mx\/\",\"logo\":{\"@type\":\"ImageObject\",\"inLanguage\":\"es\",\"@id\":\"https:\/\/www.sonoraenequipo.com.mx\/#\/schema\/logo\/image\/\",\"url\":\"https:\/\/www.sonoraenequipo.com.mx\/storage\/2019\/01\/sonoraenequipo_opt.png\",\"contentUrl\":\"https:\/\/www.sonoraenequipo.com.mx\/storage\/2019\/01\/sonoraenequipo_opt.png\",\"width\":375,\"height\":125,\"caption\":\"Sonoraenequipo.com.mx\"},\"image\":{\"@id\":\"https:\/\/www.sonoraenequipo.com.mx\/#\/schema\/logo\/image\/\"},\"sameAs\":[\"https:\/\/www.facebook.com\/SonoraEE\/\",\"https:\/\/x.com\/sonoraenequipo\",\"https:\/\/www.youtube.com\/channel\/UC338nW-lPEYmJQs4ZABQ1SQ\"]},{\"@type\":\"Person\",\"@id\":\"https:\/\/www.sonoraenequipo.com.mx\/#\/schema\/person\/50102df0fb23a8fa9e8effad8fa81386\",\"name\":\"enequipo\",\"image\":{\"@type\":\"ImageObject\",\"inLanguage\":\"es\",\"@id\":\"https:\/\/www.sonoraenequipo.com.mx\/#\/schema\/person\/image\/\",\"url\":\"https:\/\/secure.gravatar.com\/avatar\/049821681b589dabc0bc20695993ccebb09f5b5d4d790cd9251b97faac7c652b?s=96&d=blank&r=g\",\"contentUrl\":\"https:\/\/secure.gravatar.com\/avatar\/049821681b589dabc0bc20695993ccebb09f5b5d4d790cd9251b97faac7c652b?s=96&d=blank&r=g\",\"caption\":\"enequipo\"},\"sameAs\":[\"https:\/\/www.facebook.com\/SonoraEE\"]}]}<\/script>\n ","yoast_head_json":{"title":"Sonora en Equipo. Mexicanos piden salir de China por brote de coronavirus MUNDO","description":"CIUDAD DE M\u00c9XICO. MX. \u2014 Cuatro mexicanos pidieron este martes salir de China por el brote de coronavirus en la ciudad de Wuhan. &nbsp; &nbsp; La En Sonora en Equipo publicamos toda la informaci\u00f3n de Sonora, M\u00e9xico y el Mundo de manera oportuna y busca que la libertad de expresi\u00f3n sea real. Visita nuestro medio informativo publicado desde Hermosillo, Sonora. %","robots":{"index":"index","follow":"follow","max-snippet":"max-snippet:-1","max-image-preview":"max-image-preview:large","max-video-preview":"max-video-preview:-1"},"canonical":"https:\/\/www.sonoraenequipo.com.mx\/mexicanos-piden-salir-de-china-por-brote-de-coronavirus\/","og_locale":"es_ES","og_type":"article","og_title":"Sonora en Equipo. Mexicanos piden salir de China por brote de coronavirus MUNDO","og_description":"CIUDAD DE M\u00c9XICO. MX. \u2014 Cuatro mexicanos pidieron este martes salir de China por el brote de coronavirus en la ciudad de Wuhan. &nbsp; &nbsp; La En Sonora en Equipo publicamos toda la informaci\u00f3n de Sonora, M\u00e9xico y el Mundo de manera oportuna y busca que la libertad de expresi\u00f3n sea real. Visita nuestro medio informativo publicado desde Hermosillo, Sonora. %","og_url":"https:\/\/www.sonoraenequipo.com.mx\/mexicanos-piden-salir-de-china-por-brote-de-coronavirus\/","og_site_name":"Sonora en Equipo.","article_publisher":"https:\/\/www.facebook.com\/SonoraEE\/","article_author":"https:\/\/www.facebook.com\/SonoraEE","article_published_time":"2020-01-29T00:50:59+00:00","article_modified_time":"2020-01-29T02:44:56+00:00","og_image":[{"width":711,"height":400,"url":"https:\/\/www.sonoraenequipo.com.mx\/storage\/2020\/01\/coronavirus-mexicanos-salir_opt.jpg","type":"image\/jpeg"}],"author":"enequipo","twitter_card":"summary_large_image","twitter_creator":"@sonoraenequipo","twitter_site":"@sonoraenequipo","twitter_misc":{"Escrito por":"enequipo","Tiempo de lectura":"1 minuto"},"schema":{"@context":"https:\/\/schema.org","@graph":[{"@type":"Article","@id":"https:\/\/www.sonoraenequipo.com.mx\/mexicanos-piden-salir-de-china-por-brote-de-coronavirus\/#article","isPartOf":{"@id":"https:\/\/www.sonoraenequipo.com.mx\/mexicanos-piden-salir-de-china-por-brote-de-coronavirus\/"},"author":{"name":"enequipo","@id":"https:\/\/www.sonoraenequipo.com.mx\/#\/schema\/person\/50102df0fb23a8fa9e8effad8fa81386"},"headline":"Mexicanos piden salir de China por brote de coronavirus","datePublished":"2020-01-29T00:50:59+00:00","dateModified":"2020-01-29T02:44:56+00:00","mainEntityOfPage":{"@id":"https:\/\/www.sonoraenequipo.com.mx\/mexicanos-piden-salir-de-china-por-brote-de-coronavirus\/"},"wordCount":290,"commentCount":0,"publisher":{"@id":"https:\/\/www.sonoraenequipo.com.mx\/#organization"},"image":{"@id":"https:\/\/www.sonoraenequipo.com.mx\/mexicanos-piden-salir-de-china-por-brote-de-coronavirus\/#primaryimage"},"thumbnailUrl":"https:\/\/www.sonoraenequipo.com.mx\/storage\/2020\/01\/coronavirus-mexicanos-salir_opt.jpg","articleSection":["MUNDO"],"inLanguage":"es","potentialAction":[{"@type":"CommentAction","name":"Comment","target":["https:\/\/www.sonoraenequipo.com.mx\/mexicanos-piden-salir-de-china-por-brote-de-coronavirus\/#respond"]}]},{"@type":"WebPage","@id":"https:\/\/www.sonoraenequipo.com.mx\/mexicanos-piden-salir-de-china-por-brote-de-coronavirus\/","url":"https:\/\/www.sonoraenequipo.com.mx\/mexicanos-piden-salir-de-china-por-brote-de-coronavirus\/","name":"Sonora en Equipo. Mexicanos piden salir de China por brote de coronavirus MUNDO","isPartOf":{"@id":"https:\/\/www.sonoraenequipo.com.mx\/#website"},"primaryImageOfPage":{"@id":"https:\/\/www.sonoraenequipo.com.mx\/mexicanos-piden-salir-de-china-por-brote-de-coronavirus\/#primaryimage"},"image":{"@id":"https:\/\/www.sonoraenequipo.com.mx\/mexicanos-piden-salir-de-china-por-brote-de-coronavirus\/#primaryimage"},"thumbnailUrl":"https:\/\/www.sonoraenequipo.com.mx\/storage\/2020\/01\/coronavirus-mexicanos-salir_opt.jpg","datePublished":"2020-01-29T00:50:59+00:00","dateModified":"2020-01-29T02:44:56+00:00","description":"CIUDAD DE M\u00c9XICO. MX. \u2014 Cuatro mexicanos pidieron este martes salir de China por el brote de coronavirus en la ciudad de Wuhan. &nbsp; &nbsp; La En Sonora en Equipo publicamos toda la informaci\u00f3n de Sonora, M\u00e9xico y el Mundo de manera oportuna y busca que la libertad de expresi\u00f3n sea real. Visita nuestro medio informativo publicado desde Hermosillo, Sonora. %","breadcrumb":{"@id":"https:\/\/www.sonoraenequipo.com.mx\/mexicanos-piden-salir-de-china-por-brote-de-coronavirus\/#breadcrumb"},"inLanguage":"es","potentialAction":[{"@type":"ReadAction","target":["https:\/\/www.sonoraenequipo.com.mx\/mexicanos-piden-salir-de-china-por-brote-de-coronavirus\/"]}]},{"@type":"ImageObject","inLanguage":"es","@id":"https:\/\/www.sonoraenequipo.com.mx\/mexicanos-piden-salir-de-china-por-brote-de-coronavirus\/#primaryimage","url":"https:\/\/www.sonoraenequipo.com.mx\/storage\/2020\/01\/coronavirus-mexicanos-salir_opt.jpg","contentUrl":"https:\/\/www.sonoraenequipo.com.mx\/storage\/2020\/01\/coronavirus-mexicanos-salir_opt.jpg","width":711,"height":400},{"@type":"BreadcrumbList","@id":"https:\/\/www.sonoraenequipo.com.mx\/mexicanos-piden-salir-de-china-por-brote-de-coronavirus\/#breadcrumb","itemListElement":[{"@type":"ListItem","position":1,"name":"Portada","item":"https:\/\/www.sonoraenequipo.com.mx\/"},{"@type":"ListItem","position":2,"name":"Mexicanos piden salir de China por brote de coronavirus"}]},{"@type":"WebSite","@id":"https:\/\/www.sonoraenequipo.com.mx\/#website","url":"https:\/\/www.sonoraenequipo.com.mx\/","name":"Sonora en Equipo.","description":"Diario en l\u00ednea con Noticias desde Hermosillo, Sonora","publisher":{"@id":"https:\/\/www.sonoraenequipo.com.mx\/#organization"},"potentialAction":[{"@type":"SearchAction","target":{"@type":"EntryPoint","urlTemplate":"https:\/\/www.sonoraenequipo.com.mx\/?s={search_term_string}"},"query-input":{"@type":"PropertyValueSpecification","valueRequired":true,"valueName":"search_term_string"}}],"inLanguage":"es"},{"@type":"Organization","@id":"https:\/\/www.sonoraenequipo.com.mx\/#organization","name":"Sonoraenequipo.com.mx","url":"https:\/\/www.sonoraenequipo.com.mx\/","logo":{"@type":"ImageObject","inLanguage":"es","@id":"https:\/\/www.sonoraenequipo.com.mx\/#\/schema\/logo\/image\/","url":"https:\/\/www.sonoraenequipo.com.mx\/storage\/2019\/01\/sonoraenequipo_opt.png","contentUrl":"https:\/\/www.sonoraenequipo.com.mx\/storage\/2019\/01\/sonoraenequipo_opt.png","width":375,"height":125,"caption":"Sonoraenequipo.com.mx"},"image":{"@id":"https:\/\/www.sonoraenequipo.com.mx\/#\/schema\/logo\/image\/"},"sameAs":["https:\/\/www.facebook.com\/SonoraEE\/","https:\/\/x.com\/sonoraenequipo","https:\/\/www.youtube.com\/channel\/UC338nW-lPEYmJQs4ZABQ1SQ"]},{"@type":"Person","@id":"https:\/\/www.sonoraenequipo.com.mx\/#\/schema\/person\/50102df0fb23a8fa9e8effad8fa81386","name":"enequipo","image":{"@type":"ImageObject","inLanguage":"es","@id":"https:\/\/www.sonoraenequipo.com.mx\/#\/schema\/person\/image\/","url":"https:\/\/secure.gravatar.com\/avatar\/049821681b589dabc0bc20695993ccebb09f5b5d4d790cd9251b97faac7c652b?s=96&d=blank&r=g","contentUrl":"https:\/\/secure.gravatar.com\/avatar\/049821681b589dabc0bc20695993ccebb09f5b5d4d790cd9251b97faac7c652b?s=96&d=blank&r=g","caption":"enequipo"},"sameAs":["https:\/\/www.facebook.com\/SonoraEE"]}]}},"jetpack_featured_media_url":"https:\/\/www.sonoraenequipo.com.mx\/storage\/2020\/01\/coronavirus-mexicanos-salir_opt.jpg","_links":{"self":[{"href":"https:\/\/www.sonoraenequipo.com.mx\/api\/wp\/v2\/posts\/76738","targetHints":{"allow":["GET"]}}],"collection":[{"href":"https:\/\/www.sonoraenequipo.com.mx\/api\/wp\/v2\/posts"}],"about":[{"href":"https:\/\/www.sonoraenequipo.com.mx\/api\/wp\/v2\/types\/post"}],"author":[{"embeddable":true,"href":"https:\/\/www.sonoraenequipo.com.mx\/api\/wp\/v2\/users\/1"}],"replies":[{"embeddable":true,"href":"https:\/\/www.sonoraenequipo.com.mx\/api\/wp\/v2\/comments?post=76738"}],"version-history":[{"count":0,"href":"https:\/\/www.sonoraenequipo.com.mx\/api\/wp\/v2\/posts\/76738\/revisions"}],"wp:featuredmedia":[{"embeddable":true,"href":"https:\/\/www.sonoraenequipo.com.mx\/api\/wp\/v2\/media\/76740"}],"wp:attachment":[{"href":"https:\/\/www.sonoraenequipo.com.mx\/api\/wp\/v2\/media?parent=76738"}],"wp:term":[{"taxonomy":"category","embeddable":true,"href":"https:\/\/www.sonoraenequipo.com.mx\/api\/wp\/v2\/categories?post=76738"},{"taxonomy":"post_tag","embeddable":true,"href":"https:\/\/www.sonoraenequipo.com.mx\/api\/wp\/v2\/tags?post=76738"}],"curies":[{"name":"wp","href":"https:\/\/api.w.org\/{rel}","templated":true}]}}