{"id":76745,"date":"2020-01-28T20:22:25","date_gmt":"2020-01-29T03:22:25","guid":{"rendered":"https:\/\/www.sonoraenequipo.com.mx\/?p=76745"},"modified":"2020-01-28T20:22:25","modified_gmt":"2020-01-29T03:22:25","slug":"buscaran-unison-y-productores-de-bacanora-alcanzar-crecimiento-del-sector","status":"publish","type":"post","link":"https:\/\/www.sonoraenequipo.com.mx\/buscaran-unison-y-productores-de-bacanora-alcanzar-crecimiento-del-sector\/","title":{"rendered":"Buscar\u00e1n Unison y productores de bacanora alcanzar crecimiento del sector"},"content":{"rendered":"<p>HERMOSILLO, SONORA,MX.\u2500 Desarrollar un modelo de integraci\u00f3n y profesionalizaci\u00f3n de los eslabones de la cadena productiva y la generaci\u00f3n de paquetes tecnol\u00f3gicos que permitan alcanzar un crecimiento econ\u00f3mico sustentable para la producci\u00f3n de bacanora, es el objetivo central del convenio firmado entre la Universidad de Sonora y el Consejo Sonorense Regulador del Bacanora. <\/p>\n<p>El acuerdo fue suscrito por el rector Enrique Fernando Vel\u00e1zquez Contreras y Jos\u00e9 Luis Hern\u00e1ndez Ibarra, titular del Consejo Sonorense Regulador del Bacanora, y como testigo de honor el secretario de Econom\u00eda, Jorge Vidal Ahumada.<\/p>\n<p>Durante el arranque del primer m\u00f3dulo de plantaci\u00f3n de agave, que ser\u00e1 coordinado por acad\u00e9micos del Departamento de Agricultura y Ganader\u00eda de la instituci\u00f3n, el rector Vel\u00e1zquez Contreras dijo que este proyecto es muy acertado, pues hab\u00eda un reclamo a las instituciones de educaci\u00f3n superior por la falta de vinculaci\u00f3n con el sector productivo y gubernamental. \u201cAfortunadamente las universidades del pa\u00eds han comprendido la importancia de interactuar y que los recursos que aporta la sociedad se vean reflejados en un mejor nivel de vida en la poblaci\u00f3n\u201d, coment\u00f3.<\/p>\n<p>Indic\u00f3 que a trav\u00e9s de este convenio se aprovechar\u00e1 el conocimiento que posee la planta acad\u00e9mica del programa de Ingeniero Agr\u00f3nomo, as\u00ed como interacci\u00f3n de otras disciplinas, como la biolog\u00eda y ciencias gen\u00f3micas, para llevar a cabo capacitaci\u00f3n, transferencia de tecnolog\u00eda y fortalecimiento de la industria de bacanora en el estado de Sonora.<\/p>\n<p>La Universidad se compromete a facilitar las instalaciones del Departamento para la plantaci\u00f3n de los agaves y permitir el acceso a los productores y personal del organismo estatal, con el fin de que sea una parcela demostrativa donde se instalar\u00e1n alrededor de 6,600 plantas de agave angustifolia haw.<\/p>\n<p>\u201cNuestra casa de estudios es la \u00fanica instituci\u00f3n en Sonora que tiene todas las \u00e1reas del saber, se cuenta con infraestructura de punta y estamos dispuestos hacer alianzas con todos los sectores de la sociedad; estas acciones las vamos a enmarcar en la Agenda 2030 de la ONU, pues se impactan varios objetivos sostenibles, entre ellos: Alianzas, Empleo de Calidad, Fin de la Pobreza, entre otros\u201d, abund\u00f3.<\/p>\n<p>&nbsp;<\/p>\n<p>Se conjuntar\u00e1n experiencias de acad\u00e9micos y productores de bacanora<\/p>\n<p>&nbsp;<\/p>\n<p>Por su parte, Jorge Vidal Ahumada expres\u00f3 que tiempo atr\u00e1s la siembra de bacanora era muy limitada y la comercializaci\u00f3n no exist\u00eda, fue hasta en esta administraci\u00f3n estatal cuando se hicieron dise\u00f1os para proyectar la bebida sonorense para que compitiera con el tequila, originario de Jalisco, y el mezcal de Oaxaca.<\/p>\n<p>&nbsp;<\/p>\n<p>\u201cEste d\u00eda es importante porque la Unison, con su bondad, apoya con un espacio de dos hect\u00e1reas para iniciar con m\u00e1s de 6,000 plantas; es un proceso que conjuntar\u00e1 la experiencia y t\u00e9cnica de los docentes y productores para potencializar la calidad de esta bebida originaria de nuestras tierras\u201d, afirm\u00f3.<\/p>\n<p>Asegur\u00f3 que la calidad del bacanora es \u00fanica y que actualmente solamente se producen 300,000 litros al a\u00f1o en territorio sonorense, existen 300 hect\u00e1reas para la plantaci\u00f3n del agave y 44 empresas, y muy pocas exportan su producto a otras latitudes.<\/p>\n<p>Asimismo, Jos\u00e9 Luis Hern\u00e1ndez Ibarra, titular del Consejo Sonorense Regulador del Bacanora, declar\u00f3 que esta firma de convenio se ha replicado con otras instituciones de educaci\u00f3n media superior en Altar, Ures y V\u00edcam, los cuales tiene como prop\u00f3sito apostarle a la plantaci\u00f3n del agave. \u201cHace m\u00e1s de 100 a\u00f1os se produc\u00edan en Sonora 800,000 litros, y actualmente s\u00f3lo 300,000\u201d, refiri\u00f3.<\/p>\n<p>En el mes de abril se contaba con 300 hect\u00e1reas para sembrad\u00edo del agave, y en este momento se tienen 500 hect\u00e1reas; la apuesta que tiene el Consejo es llegar a 5,000 hect\u00e1reas para llegar a ser un producto competitivo en el mercado internacional, asever\u00f3.<\/p>\n<p>Al finalizar la ceremonia, se ofreci\u00f3 a los asistentes un recorrido por la parcela demostrativa, que estuvo a cargo del acad\u00e9mico Andr\u00e9s Ochoa Meza, coordinador del programa de Ingeniero Agr\u00f3nomo, y Fernando Aguayo, director de proyectos del Consejo Sonorense Regulador del Bacanora.<\/p>\n<p>Fecha de publicaci\u00f3n 28\/ene\/2020<\/p>\n<p>&nbsp;<\/p>\n","protected":false},"excerpt":{"rendered":"<p>HERMOSILLO, SONORA,MX.\u2500 Desarrollar un modelo de integraci\u00f3n y profesionalizaci\u00f3n de los eslabones de la cadena&#8230;<\/p>\n","protected":false},"author":178,"featured_media":76753,"comment_status":"open","ping_status":"open","sticky":false,"template":"","format":"standard","meta":{"_monsterinsights_skip_tracking":false,"_monsterinsights_sitenote_active":false,"_monsterinsights_sitenote_note":"","_monsterinsights_sitenote_category":0,"footnotes":""},"categories":[22],"tags":[4059],"class_list":["post"],"yoast_head":" \n<title>Sonora en Equipo. Buscar\u00e1n Unison y productores de bacanora alcanzar crecimiento del sector Sonora<\/title>\n<meta name=\"description\" content=\"HERMOSILLO, SONORA,MX.\u2500 Desarrollar un modelo de integraci\u00f3n y profesionalizaci\u00f3n de los eslabones de la cadena productiva y la generaci\u00f3n de paquetes En Sonora en Equipo publicamos toda la informaci\u00f3n de Sonora, M\u00e9xico y el Mundo de manera oportuna y busca que la libertad de expresi\u00f3n sea real. Visita nuestro medio informativo publicado desde Hermosillo, Sonora. %\" \/>\n<meta name=\"robots\" content=\"index, follow, max-snippet:-1, max-image-preview:large, max-video-preview:-1\" \/>\n<link rel=\"canonical\" href=\"https:\/\/www.sonoraenequipo.com.mx\/buscaran-unison-y-productores-de-bacanora-alcanzar-crecimiento-del-sector\/\" \/>\n<meta property=\"og:locale\" content=\"es_ES\" \/>\n<meta property=\"og:type\" content=\"article\" \/>\n<meta property=\"og:title\" content=\"Sonora en Equipo. Buscar\u00e1n Unison y productores de bacanora alcanzar crecimiento del sector Sonora\" \/>\n<meta property=\"og:description\" content=\"HERMOSILLO, SONORA,MX.\u2500 Desarrollar un modelo de integraci\u00f3n y profesionalizaci\u00f3n de los eslabones de la cadena productiva y la generaci\u00f3n de paquetes En Sonora en Equipo publicamos toda la informaci\u00f3n de Sonora, M\u00e9xico y el Mundo de manera oportuna y busca que la libertad de expresi\u00f3n sea real. Visita nuestro medio informativo publicado desde Hermosillo, Sonora. %\" \/>\n<meta property=\"og:url\" content=\"https:\/\/www.sonoraenequipo.com.mx\/buscaran-unison-y-productores-de-bacanora-alcanzar-crecimiento-del-sector\/\" \/>\n<meta property=\"og:site_name\" content=\"Sonora en Equipo.\" \/>\n<meta property=\"article:publisher\" content=\"https:\/\/www.facebook.com\/SonoraEE\/\" \/>\n<meta property=\"article:published_time\" content=\"2020-01-29T03:22:25+00:00\" \/>\n<meta property=\"og:image\" content=\"https:\/\/www.sonoraenequipo.com.mx\/storage\/2020\/01\/unison280120.jpg\" \/>\n\t<meta property=\"og:image:width\" content=\"600\" \/>\n\t<meta property=\"og:image:height\" content=\"400\" \/>\n\t<meta property=\"og:image:type\" content=\"image\/jpeg\" \/>\n<meta name=\"author\" content=\"enequipo\" \/>\n<meta name=\"twitter:card\" content=\"summary_large_image\" \/>\n<meta name=\"twitter:creator\" content=\"@sonoraenequipo\" \/>\n<meta name=\"twitter:site\" content=\"@sonoraenequipo\" \/>\n<meta name=\"twitter:label1\" content=\"Escrito por\" \/>\n\t<meta name=\"twitter:data1\" content=\"enequipo\" \/>\n\t<meta name=\"twitter:label2\" content=\"Tiempo de lectura\" \/>\n\t<meta name=\"twitter:data2\" content=\"4 minutos\" \/>\n<script type=\"application\/ld+json\" class=\"yoast-schema-graph\">{\"@context\":\"https:\/\/schema.org\",\"@graph\":[{\"@type\":\"Article\",\"@id\":\"https:\/\/www.sonoraenequipo.com.mx\/buscaran-unison-y-productores-de-bacanora-alcanzar-crecimiento-del-sector\/#article\",\"isPartOf\":{\"@id\":\"https:\/\/www.sonoraenequipo.com.mx\/buscaran-unison-y-productores-de-bacanora-alcanzar-crecimiento-del-sector\/\"},\"author\":{\"name\":\"enequipo\",\"@id\":\"https:\/\/www.sonoraenequipo.com.mx\/#\/schema\/person\/61a39de478a1763473ad55e8a95fddf6\"},\"headline\":\"Buscar\u00e1n Unison y productores de bacanora alcanzar crecimiento del sector\",\"datePublished\":\"2020-01-29T03:22:25+00:00\",\"mainEntityOfPage\":{\"@id\":\"https:\/\/www.sonoraenequipo.com.mx\/buscaran-unison-y-productores-de-bacanora-alcanzar-crecimiento-del-sector\/\"},\"wordCount\":712,\"commentCount\":0,\"publisher\":{\"@id\":\"https:\/\/www.sonoraenequipo.com.mx\/#organization\"},\"image\":{\"@id\":\"https:\/\/www.sonoraenequipo.com.mx\/buscaran-unison-y-productores-de-bacanora-alcanzar-crecimiento-del-sector\/#primaryimage\"},\"thumbnailUrl\":\"https:\/\/www.sonoraenequipo.com.mx\/storage\/2020\/01\/unison280120.jpg\",\"keywords\":[\"Bacanora\"],\"articleSection\":[\"Sonora\"],\"inLanguage\":\"es\",\"potentialAction\":[{\"@type\":\"CommentAction\",\"name\":\"Comment\",\"target\":[\"https:\/\/www.sonoraenequipo.com.mx\/buscaran-unison-y-productores-de-bacanora-alcanzar-crecimiento-del-sector\/#respond\"]}]},{\"@type\":\"WebPage\",\"@id\":\"https:\/\/www.sonoraenequipo.com.mx\/buscaran-unison-y-productores-de-bacanora-alcanzar-crecimiento-del-sector\/\",\"url\":\"https:\/\/www.sonoraenequipo.com.mx\/buscaran-unison-y-productores-de-bacanora-alcanzar-crecimiento-del-sector\/\",\"name\":\"Sonora en Equipo. Buscar\u00e1n Unison y productores de bacanora alcanzar crecimiento del sector Sonora\",\"isPartOf\":{\"@id\":\"https:\/\/www.sonoraenequipo.com.mx\/#website\"},\"primaryImageOfPage\":{\"@id\":\"https:\/\/www.sonoraenequipo.com.mx\/buscaran-unison-y-productores-de-bacanora-alcanzar-crecimiento-del-sector\/#primaryimage\"},\"image\":{\"@id\":\"https:\/\/www.sonoraenequipo.com.mx\/buscaran-unison-y-productores-de-bacanora-alcanzar-crecimiento-del-sector\/#primaryimage\"},\"thumbnailUrl\":\"https:\/\/www.sonoraenequipo.com.mx\/storage\/2020\/01\/unison280120.jpg\",\"datePublished\":\"2020-01-29T03:22:25+00:00\",\"description\":\"HERMOSILLO, SONORA,MX.\u2500 Desarrollar un modelo de integraci\u00f3n y profesionalizaci\u00f3n de los eslabones de la cadena productiva y la generaci\u00f3n de paquetes En Sonora en Equipo publicamos toda la informaci\u00f3n de Sonora, M\u00e9xico y el Mundo de manera oportuna y busca que la libertad de expresi\u00f3n sea real. Visita nuestro medio informativo publicado desde Hermosillo, Sonora. %\",\"breadcrumb\":{\"@id\":\"https:\/\/www.sonoraenequipo.com.mx\/buscaran-unison-y-productores-de-bacanora-alcanzar-crecimiento-del-sector\/#breadcrumb\"},\"inLanguage\":\"es\",\"potentialAction\":[{\"@type\":\"ReadAction\",\"target\":[\"https:\/\/www.sonoraenequipo.com.mx\/buscaran-unison-y-productores-de-bacanora-alcanzar-crecimiento-del-sector\/\"]}]},{\"@type\":\"ImageObject\",\"inLanguage\":\"es\",\"@id\":\"https:\/\/www.sonoraenequipo.com.mx\/buscaran-unison-y-productores-de-bacanora-alcanzar-crecimiento-del-sector\/#primaryimage\",\"url\":\"https:\/\/www.sonoraenequipo.com.mx\/storage\/2020\/01\/unison280120.jpg\",\"contentUrl\":\"https:\/\/www.sonoraenequipo.com.mx\/storage\/2020\/01\/unison280120.jpg\",\"width\":600,\"height\":400},{\"@type\":\"BreadcrumbList\",\"@id\":\"https:\/\/www.sonoraenequipo.com.mx\/buscaran-unison-y-productores-de-bacanora-alcanzar-crecimiento-del-sector\/#breadcrumb\",\"itemListElement\":[{\"@type\":\"ListItem\",\"position\":1,\"name\":\"Portada\",\"item\":\"https:\/\/www.sonoraenequipo.com.mx\/\"},{\"@type\":\"ListItem\",\"position\":2,\"name\":\"Buscar\u00e1n Unison y productores de bacanora alcanzar crecimiento del sector\"}]},{\"@type\":\"WebSite\",\"@id\":\"https:\/\/www.sonoraenequipo.com.mx\/#website\",\"url\":\"https:\/\/www.sonoraenequipo.com.mx\/\",\"name\":\"Sonora en Equipo.\",\"description\":\"Diario en l\u00ednea con Noticias desde Hermosillo, Sonora\",\"publisher\":{\"@id\":\"https:\/\/www.sonoraenequipo.com.mx\/#organization\"},\"potentialAction\":[{\"@type\":\"SearchAction\",\"target\":{\"@type\":\"EntryPoint\",\"urlTemplate\":\"https:\/\/www.sonoraenequipo.com.mx\/?s={search_term_string}\"},\"query-input\":{\"@type\":\"PropertyValueSpecification\",\"valueRequired\":true,\"valueName\":\"search_term_string\"}}],\"inLanguage\":\"es\"},{\"@type\":\"Organization\",\"@id\":\"https:\/\/www.sonoraenequipo.com.mx\/#organization\",\"name\":\"Sonoraenequipo.com.mx\",\"url\":\"https:\/\/www.sonoraenequipo.com.mx\/\",\"logo\":{\"@type\":\"ImageObject\",\"inLanguage\":\"es\",\"@id\":\"https:\/\/www.sonoraenequipo.com.mx\/#\/schema\/logo\/image\/\",\"url\":\"https:\/\/www.sonoraenequipo.com.mx\/storage\/2019\/01\/sonoraenequipo_opt.png\",\"contentUrl\":\"https:\/\/www.sonoraenequipo.com.mx\/storage\/2019\/01\/sonoraenequipo_opt.png\",\"width\":375,\"height\":125,\"caption\":\"Sonoraenequipo.com.mx\"},\"image\":{\"@id\":\"https:\/\/www.sonoraenequipo.com.mx\/#\/schema\/logo\/image\/\"},\"sameAs\":[\"https:\/\/www.facebook.com\/SonoraEE\/\",\"https:\/\/x.com\/sonoraenequipo\",\"https:\/\/www.youtube.com\/channel\/UC338nW-lPEYmJQs4ZABQ1SQ\"]},{\"@type\":\"Person\",\"@id\":\"https:\/\/www.sonoraenequipo.com.mx\/#\/schema\/person\/61a39de478a1763473ad55e8a95fddf6\",\"name\":\"enequipo\",\"image\":{\"@type\":\"ImageObject\",\"inLanguage\":\"es\",\"@id\":\"https:\/\/www.sonoraenequipo.com.mx\/#\/schema\/person\/image\/\",\"url\":\"https:\/\/secure.gravatar.com\/avatar\/e39bc3016d8af598aed3d770c9510dfc2795f37ea1733d99fcc6e97d2c3c9f5e?s=96&d=blank&r=g\",\"contentUrl\":\"https:\/\/secure.gravatar.com\/avatar\/e39bc3016d8af598aed3d770c9510dfc2795f37ea1733d99fcc6e97d2c3c9f5e?s=96&d=blank&r=g\",\"caption\":\"enequipo\"}}]}<\/script>\n ","yoast_head_json":{"title":"Sonora en Equipo. Buscar\u00e1n Unison y productores de bacanora alcanzar crecimiento del sector Sonora","description":"HERMOSILLO, SONORA,MX.\u2500 Desarrollar un modelo de integraci\u00f3n y profesionalizaci\u00f3n de los eslabones de la cadena productiva y la generaci\u00f3n de paquetes En Sonora en Equipo publicamos toda la informaci\u00f3n de Sonora, M\u00e9xico y el Mundo de manera oportuna y busca que la libertad de expresi\u00f3n sea real. Visita nuestro medio informativo publicado desde Hermosillo, Sonora. %","robots":{"index":"index","follow":"follow","max-snippet":"max-snippet:-1","max-image-preview":"max-image-preview:large","max-video-preview":"max-video-preview:-1"},"canonical":"https:\/\/www.sonoraenequipo.com.mx\/buscaran-unison-y-productores-de-bacanora-alcanzar-crecimiento-del-sector\/","og_locale":"es_ES","og_type":"article","og_title":"Sonora en Equipo. Buscar\u00e1n Unison y productores de bacanora alcanzar crecimiento del sector Sonora","og_description":"HERMOSILLO, SONORA,MX.\u2500 Desarrollar un modelo de integraci\u00f3n y profesionalizaci\u00f3n de los eslabones de la cadena productiva y la generaci\u00f3n de paquetes En Sonora en Equipo publicamos toda la informaci\u00f3n de Sonora, M\u00e9xico y el Mundo de manera oportuna y busca que la libertad de expresi\u00f3n sea real. Visita nuestro medio informativo publicado desde Hermosillo, Sonora. %","og_url":"https:\/\/www.sonoraenequipo.com.mx\/buscaran-unison-y-productores-de-bacanora-alcanzar-crecimiento-del-sector\/","og_site_name":"Sonora en Equipo.","article_publisher":"https:\/\/www.facebook.com\/SonoraEE\/","article_published_time":"2020-01-29T03:22:25+00:00","og_image":[{"width":600,"height":400,"url":"https:\/\/www.sonoraenequipo.com.mx\/storage\/2020\/01\/unison280120.jpg","type":"image\/jpeg"}],"author":"enequipo","twitter_card":"summary_large_image","twitter_creator":"@sonoraenequipo","twitter_site":"@sonoraenequipo","twitter_misc":{"Escrito por":"enequipo","Tiempo de lectura":"4 minutos"},"schema":{"@context":"https:\/\/schema.org","@graph":[{"@type":"Article","@id":"https:\/\/www.sonoraenequipo.com.mx\/buscaran-unison-y-productores-de-bacanora-alcanzar-crecimiento-del-sector\/#article","isPartOf":{"@id":"https:\/\/www.sonoraenequipo.com.mx\/buscaran-unison-y-productores-de-bacanora-alcanzar-crecimiento-del-sector\/"},"author":{"name":"enequipo","@id":"https:\/\/www.sonoraenequipo.com.mx\/#\/schema\/person\/61a39de478a1763473ad55e8a95fddf6"},"headline":"Buscar\u00e1n Unison y productores de bacanora alcanzar crecimiento del sector","datePublished":"2020-01-29T03:22:25+00:00","mainEntityOfPage":{"@id":"https:\/\/www.sonoraenequipo.com.mx\/buscaran-unison-y-productores-de-bacanora-alcanzar-crecimiento-del-sector\/"},"wordCount":712,"commentCount":0,"publisher":{"@id":"https:\/\/www.sonoraenequipo.com.mx\/#organization"},"image":{"@id":"https:\/\/www.sonoraenequipo.com.mx\/buscaran-unison-y-productores-de-bacanora-alcanzar-crecimiento-del-sector\/#primaryimage"},"thumbnailUrl":"https:\/\/www.sonoraenequipo.com.mx\/storage\/2020\/01\/unison280120.jpg","keywords":["Bacanora"],"articleSection":["Sonora"],"inLanguage":"es","potentialAction":[{"@type":"CommentAction","name":"Comment","target":["https:\/\/www.sonoraenequipo.com.mx\/buscaran-unison-y-productores-de-bacanora-alcanzar-crecimiento-del-sector\/#respond"]}]},{"@type":"WebPage","@id":"https:\/\/www.sonoraenequipo.com.mx\/buscaran-unison-y-productores-de-bacanora-alcanzar-crecimiento-del-sector\/","url":"https:\/\/www.sonoraenequipo.com.mx\/buscaran-unison-y-productores-de-bacanora-alcanzar-crecimiento-del-sector\/","name":"Sonora en Equipo. Buscar\u00e1n Unison y productores de bacanora alcanzar crecimiento del sector Sonora","isPartOf":{"@id":"https:\/\/www.sonoraenequipo.com.mx\/#website"},"primaryImageOfPage":{"@id":"https:\/\/www.sonoraenequipo.com.mx\/buscaran-unison-y-productores-de-bacanora-alcanzar-crecimiento-del-sector\/#primaryimage"},"image":{"@id":"https:\/\/www.sonoraenequipo.com.mx\/buscaran-unison-y-productores-de-bacanora-alcanzar-crecimiento-del-sector\/#primaryimage"},"thumbnailUrl":"https:\/\/www.sonoraenequipo.com.mx\/storage\/2020\/01\/unison280120.jpg","datePublished":"2020-01-29T03:22:25+00:00","description":"HERMOSILLO, SONORA,MX.\u2500 Desarrollar un modelo de integraci\u00f3n y profesionalizaci\u00f3n de los eslabones de la cadena productiva y la generaci\u00f3n de paquetes En Sonora en Equipo publicamos toda la informaci\u00f3n de Sonora, M\u00e9xico y el Mundo de manera oportuna y busca que la libertad de expresi\u00f3n sea real. Visita nuestro medio informativo publicado desde Hermosillo, Sonora. %","breadcrumb":{"@id":"https:\/\/www.sonoraenequipo.com.mx\/buscaran-unison-y-productores-de-bacanora-alcanzar-crecimiento-del-sector\/#breadcrumb"},"inLanguage":"es","potentialAction":[{"@type":"ReadAction","target":["https:\/\/www.sonoraenequipo.com.mx\/buscaran-unison-y-productores-de-bacanora-alcanzar-crecimiento-del-sector\/"]}]},{"@type":"ImageObject","inLanguage":"es","@id":"https:\/\/www.sonoraenequipo.com.mx\/buscaran-unison-y-productores-de-bacanora-alcanzar-crecimiento-del-sector\/#primaryimage","url":"https:\/\/www.sonoraenequipo.com.mx\/storage\/2020\/01\/unison280120.jpg","contentUrl":"https:\/\/www.sonoraenequipo.com.mx\/storage\/2020\/01\/unison280120.jpg","width":600,"height":400},{"@type":"BreadcrumbList","@id":"https:\/\/www.sonoraenequipo.com.mx\/buscaran-unison-y-productores-de-bacanora-alcanzar-crecimiento-del-sector\/#breadcrumb","itemListElement":[{"@type":"ListItem","position":1,"name":"Portada","item":"https:\/\/www.sonoraenequipo.com.mx\/"},{"@type":"ListItem","position":2,"name":"Buscar\u00e1n Unison y productores de bacanora alcanzar crecimiento del sector"}]},{"@type":"WebSite","@id":"https:\/\/www.sonoraenequipo.com.mx\/#website","url":"https:\/\/www.sonoraenequipo.com.mx\/","name":"Sonora en Equipo.","description":"Diario en l\u00ednea con Noticias desde Hermosillo, Sonora","publisher":{"@id":"https:\/\/www.sonoraenequipo.com.mx\/#organization"},"potentialAction":[{"@type":"SearchAction","target":{"@type":"EntryPoint","urlTemplate":"https:\/\/www.sonoraenequipo.com.mx\/?s={search_term_string}"},"query-input":{"@type":"PropertyValueSpecification","valueRequired":true,"valueName":"search_term_string"}}],"inLanguage":"es"},{"@type":"Organization","@id":"https:\/\/www.sonoraenequipo.com.mx\/#organization","name":"Sonoraenequipo.com.mx","url":"https:\/\/www.sonoraenequipo.com.mx\/","logo":{"@type":"ImageObject","inLanguage":"es","@id":"https:\/\/www.sonoraenequipo.com.mx\/#\/schema\/logo\/image\/","url":"https:\/\/www.sonoraenequipo.com.mx\/storage\/2019\/01\/sonoraenequipo_opt.png","contentUrl":"https:\/\/www.sonoraenequipo.com.mx\/storage\/2019\/01\/sonoraenequipo_opt.png","width":375,"height":125,"caption":"Sonoraenequipo.com.mx"},"image":{"@id":"https:\/\/www.sonoraenequipo.com.mx\/#\/schema\/logo\/image\/"},"sameAs":["https:\/\/www.facebook.com\/SonoraEE\/","https:\/\/x.com\/sonoraenequipo","https:\/\/www.youtube.com\/channel\/UC338nW-lPEYmJQs4ZABQ1SQ"]},{"@type":"Person","@id":"https:\/\/www.sonoraenequipo.com.mx\/#\/schema\/person\/61a39de478a1763473ad55e8a95fddf6","name":"enequipo","image":{"@type":"ImageObject","inLanguage":"es","@id":"https:\/\/www.sonoraenequipo.com.mx\/#\/schema\/person\/image\/","url":"https:\/\/secure.gravatar.com\/avatar\/e39bc3016d8af598aed3d770c9510dfc2795f37ea1733d99fcc6e97d2c3c9f5e?s=96&d=blank&r=g","contentUrl":"https:\/\/secure.gravatar.com\/avatar\/e39bc3016d8af598aed3d770c9510dfc2795f37ea1733d99fcc6e97d2c3c9f5e?s=96&d=blank&r=g","caption":"enequipo"}}]}},"jetpack_featured_media_url":"https:\/\/www.sonoraenequipo.com.mx\/storage\/2020\/01\/unison280120.jpg","_links":{"self":[{"href":"https:\/\/www.sonoraenequipo.com.mx\/api\/wp\/v2\/posts\/76745","targetHints":{"allow":["GET"]}}],"collection":[{"href":"https:\/\/www.sonoraenequipo.com.mx\/api\/wp\/v2\/posts"}],"about":[{"href":"https:\/\/www.sonoraenequipo.com.mx\/api\/wp\/v2\/types\/post"}],"author":[{"embeddable":true,"href":"https:\/\/www.sonoraenequipo.com.mx\/api\/wp\/v2\/users\/178"}],"replies":[{"embeddable":true,"href":"https:\/\/www.sonoraenequipo.com.mx\/api\/wp\/v2\/comments?post=76745"}],"version-history":[{"count":0,"href":"https:\/\/www.sonoraenequipo.com.mx\/api\/wp\/v2\/posts\/76745\/revisions"}],"wp:featuredmedia":[{"embeddable":true,"href":"https:\/\/www.sonoraenequipo.com.mx\/api\/wp\/v2\/media\/76753"}],"wp:attachment":[{"href":"https:\/\/www.sonoraenequipo.com.mx\/api\/wp\/v2\/media?parent=76745"}],"wp:term":[{"taxonomy":"category","embeddable":true,"href":"https:\/\/www.sonoraenequipo.com.mx\/api\/wp\/v2\/categories?post=76745"},{"taxonomy":"post_tag","embeddable":true,"href":"https:\/\/www.sonoraenequipo.com.mx\/api\/wp\/v2\/tags?post=76745"}],"curies":[{"name":"wp","href":"https:\/\/api.w.org\/{rel}","templated":true}]}}