{"id":76889,"date":"2020-01-30T17:19:29","date_gmt":"2020-01-31T00:19:29","guid":{"rendered":"https:\/\/www.sonoraenequipo.com.mx\/?p=76889"},"modified":"2020-01-30T17:27:12","modified_gmt":"2020-01-31T00:27:12","slug":"76889-2","status":"publish","type":"post","link":"https:\/\/www.sonoraenequipo.com.mx\/76889-2\/","title":{"rendered":"Invita Cedes al 2\u00ba Coloquio de Investigaci\u00f3n Estero El Soldado"},"content":{"rendered":"<p>HERMOSILLO, SONORA. MX. \u2014 Impulsar la investigaci\u00f3n y monitoreo cient\u00edfico, as\u00ed como fomentar la conciencia ecol\u00f3gica y ambiental, son los objetivos que busca el 2\u00ba Coloquio de Investigaci\u00f3n y Curso-Taller \u201cEcolog\u00eda de Zonas Costeras\u201d a realizarse en el \u00c1rea Natural Protegida Estero El Soldado, los pr\u00f3ximos 7 y 8 de febrero.<\/p>\n<p>&nbsp;<\/p>\n<p>&nbsp;<\/p>\n<p> <\/p>\n<p>&nbsp;<\/p>\n<p>&nbsp;<\/p>\n<p>Leonardo Corrales Vargas, director general de Conservaci\u00f3n de la Comisi\u00f3n de Ecolog\u00eda y Desarrollo Sustentable del Estado de Sonora (Cedes) manifest\u00f3 que este evento se realiza en el contexto de la celebraci\u00f3n del D\u00eda Mundial de los Humedales, e invit\u00f3 a cient\u00edficos, acad\u00e9micos, miembros de distintas agrupaciones y estudiantes, a presentar ponencias sobre sus trabajos y carteles en la materia.<\/p>\n<p>&nbsp;<\/p>\n<p>&nbsp;<\/p>\n<p>Se\u00f1al\u00f3 que, para su realizaci\u00f3n, coordinan esfuerzos Cedes, el Consejo Asesor del Estero El Soldado, la Comisi\u00f3n Nacional de \u00c1reas Naturales Protegidas, el Ayuntamiento de Guaymas, el Instituto del Valle del Yaqui, Centro de Investigaci\u00f3n en Alimentaci\u00f3n y Desarrollo, A.C y el Instituto Tecnol\u00f3gico de Sonora (Itson).<\/p>\n<p>&nbsp;<\/p>\n<p>&nbsp;<\/p>\n<p>Corrales Vargas record\u00f3 que en el Estero El Soldado se promueve el desarrollo de actividades de investigaci\u00f3n y monitoreo cient\u00edfico sobre los recursos naturales del \u00e1rea, se busca fomentar la conciencia ecol\u00f3gica de los visitantes con programas de sensibilizaci\u00f3n y cuidado de la flora y fauna silvestre y se ha trabajado en la creaci\u00f3n de \u00e1reas destinadas a la educaci\u00f3n ambiental incluso con el establecimiento de zonas de esparcimiento y recreaci\u00f3n.<\/p>\n<p>&nbsp;<\/p>\n<p>&nbsp;<\/p>\n<p>El 2\u00ba Coloquio de Investigaci\u00f3n se llevar\u00e1 a cabo en El Estero el Soldado los d\u00edas 7 y 8 de febrero en el Centro de Visitantes. El primer d\u00eda, se realizar\u00e1 la presentaci\u00f3n de trabajos cient\u00edficos que iniciar\u00e1n con la conferencia magistral <em>\u201cBiodiversidad-Turismo\u201d,<\/em> que ser\u00e1 impartida por Pavel Giap P\u00e9rez, maestro del Itson, as\u00ed como una mesa redonda sobre Biodiversidad en Estero El Soldado.<\/p>\n<p>&nbsp;<\/p>\n<p>&nbsp;<\/p>\n<p>Los temas que se abordar\u00e1n en este Coloquio ser\u00e1n: Atributos estructurales y producci\u00f3n de hojarasca del manglar; Condiciones f\u00edsico qu\u00edmicas del agua en el Estero; Producci\u00f3n y biomasa de ra\u00edces del manglar en relaci\u00f3n al hidro per\u00edodo; f\u00edsico-qu\u00edmica del suelo en Estero El Soldado, Cultura ambiental; Caracterizaci\u00f3n de procesos intr\u00ednsecos de la microcuenca del Estero El Soldado, Regionalizaci\u00f3n de nuevas t\u00e9cnicas de crecimiento para mangle rojo, Peces, Calidad del agua, entre otros.<\/p>\n<p>&nbsp;<\/p>\n<p>&nbsp;<\/p>\n<p>El segundo d\u00eda de trabajo se llevar\u00e1 a cabo el Curso-Taller \u201cEcolog\u00eda de Zonas Costeras\u201d (Marco Metodol\u00f3gico para el Estudio in Situ, Ecolog\u00eda del Manglar y Aves Acu\u00e1ticas), con los temas: Ecolog\u00eda del Manglar y su Ambiente, Metodolog\u00edas para el monitoreo del ecosistema de manglar, Introducci\u00f3n a las Aves Acu\u00e1ticas y Protocolos de muestreo\/conteos de aves acu\u00e1ticas.<\/p>\n<p>&nbsp;<\/p>\n<p>&nbsp;<\/p>\n<p>Corrales Vargas, invit\u00f3 a todos los interesados en participar en el Coloquio a obtener m\u00e1s informaci\u00f3n en la p\u00e1gina www.cedes.gob.mx e inscribir sus trabajos en el correo <a href=\"mailto:ees.coloquio@gmail.com\">ees.coloquio@gmail.com<\/a><\/p>\n<p>&nbsp;<\/p>\n<p>&nbsp;<\/p>\n<p>PUBLICADO EL 30\/01\/2020)<\/p>\n","protected":false},"excerpt":{"rendered":"<p>HERMOSILLO, SONORA. MX. \u2014 Impulsar la investigaci\u00f3n y monitoreo cient\u00edfico, as\u00ed como fomentar la conciencia&#8230;<\/p>\n","protected":false},"author":1,"featured_media":76890,"comment_status":"open","ping_status":"open","sticky":false,"template":"","format":"standard","meta":{"_monsterinsights_skip_tracking":false,"_monsterinsights_sitenote_active":false,"_monsterinsights_sitenote_note":"","_monsterinsights_sitenote_category":0,"footnotes":""},"categories":[9],"tags":[],"class_list":["post"],"yoast_head":" \n<title>Sonora en Equipo. Invita Cedes al 2\u00ba Coloquio de Investigaci\u00f3n Estero El Soldado Etc\u00e9tera<\/title>\n<meta name=\"description\" content=\"HERMOSILLO, SONORA. MX. \u2014 Impulsar la investigaci\u00f3n y monitoreo cient\u00edfico, as\u00ed como fomentar la conciencia ecol\u00f3gica y ambiental, son los objetivos que En Sonora en Equipo publicamos toda la informaci\u00f3n de Sonora, M\u00e9xico y el Mundo de manera oportuna y busca que la libertad de expresi\u00f3n sea real. Visita nuestro medio informativo publicado desde Hermosillo, Sonora. %\" \/>\n<meta name=\"robots\" content=\"index, follow, max-snippet:-1, max-image-preview:large, max-video-preview:-1\" \/>\n<link rel=\"canonical\" href=\"https:\/\/www.sonoraenequipo.com.mx\/76889-2\/\" \/>\n<meta property=\"og:locale\" content=\"es_ES\" \/>\n<meta property=\"og:type\" content=\"article\" \/>\n<meta property=\"og:title\" content=\"Sonora en Equipo. Invita Cedes al 2\u00ba Coloquio de Investigaci\u00f3n Estero El Soldado Etc\u00e9tera\" \/>\n<meta property=\"og:description\" content=\"HERMOSILLO, SONORA. MX. \u2014 Impulsar la investigaci\u00f3n y monitoreo cient\u00edfico, as\u00ed como fomentar la conciencia ecol\u00f3gica y ambiental, son los objetivos que En Sonora en Equipo publicamos toda la informaci\u00f3n de Sonora, M\u00e9xico y el Mundo de manera oportuna y busca que la libertad de expresi\u00f3n sea real. Visita nuestro medio informativo publicado desde Hermosillo, Sonora. %\" \/>\n<meta property=\"og:url\" content=\"https:\/\/www.sonoraenequipo.com.mx\/76889-2\/\" \/>\n<meta property=\"og:site_name\" content=\"Sonora en Equipo.\" \/>\n<meta property=\"article:publisher\" content=\"https:\/\/www.facebook.com\/SonoraEE\/\" \/>\n<meta property=\"article:author\" content=\"https:\/\/www.facebook.com\/SonoraEE\" \/>\n<meta property=\"article:published_time\" content=\"2020-01-31T00:19:29+00:00\" \/>\n<meta property=\"article:modified_time\" content=\"2020-01-31T00:27:12+00:00\" \/>\n<meta property=\"og:image\" content=\"https:\/\/www.sonoraenequipo.com.mx\/storage\/2020\/01\/cedes_opt.jpg\" \/>\n\t<meta property=\"og:image:width\" content=\"600\" \/>\n\t<meta property=\"og:image:height\" content=\"420\" \/>\n\t<meta property=\"og:image:type\" content=\"image\/jpeg\" \/>\n<meta name=\"author\" content=\"enequipo\" \/>\n<meta name=\"twitter:card\" content=\"summary_large_image\" \/>\n<meta name=\"twitter:creator\" content=\"@sonoraenequipo\" \/>\n<meta name=\"twitter:site\" content=\"@sonoraenequipo\" \/>\n<meta name=\"twitter:label1\" content=\"Escrito por\" \/>\n\t<meta name=\"twitter:data1\" content=\"enequipo\" \/>\n\t<meta name=\"twitter:label2\" content=\"Tiempo de lectura\" \/>\n\t<meta name=\"twitter:data2\" content=\"3 minutos\" \/>\n<script type=\"application\/ld+json\" class=\"yoast-schema-graph\">{\"@context\":\"https:\/\/schema.org\",\"@graph\":[{\"@type\":\"Article\",\"@id\":\"https:\/\/www.sonoraenequipo.com.mx\/76889-2\/#article\",\"isPartOf\":{\"@id\":\"https:\/\/www.sonoraenequipo.com.mx\/76889-2\/\"},\"author\":{\"name\":\"enequipo\",\"@id\":\"https:\/\/www.sonoraenequipo.com.mx\/#\/schema\/person\/50102df0fb23a8fa9e8effad8fa81386\"},\"headline\":\"Invita Cedes al 2\u00ba Coloquio de Investigaci\u00f3n Estero El Soldado\",\"datePublished\":\"2020-01-31T00:19:29+00:00\",\"dateModified\":\"2020-01-31T00:27:12+00:00\",\"mainEntityOfPage\":{\"@id\":\"https:\/\/www.sonoraenequipo.com.mx\/76889-2\/\"},\"wordCount\":542,\"commentCount\":0,\"publisher\":{\"@id\":\"https:\/\/www.sonoraenequipo.com.mx\/#organization\"},\"image\":{\"@id\":\"https:\/\/www.sonoraenequipo.com.mx\/76889-2\/#primaryimage\"},\"thumbnailUrl\":\"https:\/\/www.sonoraenequipo.com.mx\/storage\/2020\/01\/cedes_opt.jpg\",\"articleSection\":[\"Etc\u00e9tera\"],\"inLanguage\":\"es\",\"potentialAction\":[{\"@type\":\"CommentAction\",\"name\":\"Comment\",\"target\":[\"https:\/\/www.sonoraenequipo.com.mx\/76889-2\/#respond\"]}]},{\"@type\":\"WebPage\",\"@id\":\"https:\/\/www.sonoraenequipo.com.mx\/76889-2\/\",\"url\":\"https:\/\/www.sonoraenequipo.com.mx\/76889-2\/\",\"name\":\"Sonora en Equipo. Invita Cedes al 2\u00ba Coloquio de Investigaci\u00f3n Estero El Soldado Etc\u00e9tera\",\"isPartOf\":{\"@id\":\"https:\/\/www.sonoraenequipo.com.mx\/#website\"},\"primaryImageOfPage\":{\"@id\":\"https:\/\/www.sonoraenequipo.com.mx\/76889-2\/#primaryimage\"},\"image\":{\"@id\":\"https:\/\/www.sonoraenequipo.com.mx\/76889-2\/#primaryimage\"},\"thumbnailUrl\":\"https:\/\/www.sonoraenequipo.com.mx\/storage\/2020\/01\/cedes_opt.jpg\",\"datePublished\":\"2020-01-31T00:19:29+00:00\",\"dateModified\":\"2020-01-31T00:27:12+00:00\",\"description\":\"HERMOSILLO, SONORA. MX. \u2014 Impulsar la investigaci\u00f3n y monitoreo cient\u00edfico, as\u00ed como fomentar la conciencia ecol\u00f3gica y ambiental, son los objetivos que En Sonora en Equipo publicamos toda la informaci\u00f3n de Sonora, M\u00e9xico y el Mundo de manera oportuna y busca que la libertad de expresi\u00f3n sea real. Visita nuestro medio informativo publicado desde Hermosillo, Sonora. %\",\"breadcrumb\":{\"@id\":\"https:\/\/www.sonoraenequipo.com.mx\/76889-2\/#breadcrumb\"},\"inLanguage\":\"es\",\"potentialAction\":[{\"@type\":\"ReadAction\",\"target\":[\"https:\/\/www.sonoraenequipo.com.mx\/76889-2\/\"]}]},{\"@type\":\"ImageObject\",\"inLanguage\":\"es\",\"@id\":\"https:\/\/www.sonoraenequipo.com.mx\/76889-2\/#primaryimage\",\"url\":\"https:\/\/www.sonoraenequipo.com.mx\/storage\/2020\/01\/cedes_opt.jpg\",\"contentUrl\":\"https:\/\/www.sonoraenequipo.com.mx\/storage\/2020\/01\/cedes_opt.jpg\",\"width\":600,\"height\":420},{\"@type\":\"BreadcrumbList\",\"@id\":\"https:\/\/www.sonoraenequipo.com.mx\/76889-2\/#breadcrumb\",\"itemListElement\":[{\"@type\":\"ListItem\",\"position\":1,\"name\":\"Portada\",\"item\":\"https:\/\/www.sonoraenequipo.com.mx\/\"},{\"@type\":\"ListItem\",\"position\":2,\"name\":\"Invita Cedes al 2\u00ba Coloquio de Investigaci\u00f3n Estero El Soldado\"}]},{\"@type\":\"WebSite\",\"@id\":\"https:\/\/www.sonoraenequipo.com.mx\/#website\",\"url\":\"https:\/\/www.sonoraenequipo.com.mx\/\",\"name\":\"Sonora en Equipo.\",\"description\":\"Diario en l\u00ednea con Noticias desde Hermosillo, Sonora\",\"publisher\":{\"@id\":\"https:\/\/www.sonoraenequipo.com.mx\/#organization\"},\"potentialAction\":[{\"@type\":\"SearchAction\",\"target\":{\"@type\":\"EntryPoint\",\"urlTemplate\":\"https:\/\/www.sonoraenequipo.com.mx\/?s={search_term_string}\"},\"query-input\":{\"@type\":\"PropertyValueSpecification\",\"valueRequired\":true,\"valueName\":\"search_term_string\"}}],\"inLanguage\":\"es\"},{\"@type\":\"Organization\",\"@id\":\"https:\/\/www.sonoraenequipo.com.mx\/#organization\",\"name\":\"Sonoraenequipo.com.mx\",\"url\":\"https:\/\/www.sonoraenequipo.com.mx\/\",\"logo\":{\"@type\":\"ImageObject\",\"inLanguage\":\"es\",\"@id\":\"https:\/\/www.sonoraenequipo.com.mx\/#\/schema\/logo\/image\/\",\"url\":\"https:\/\/www.sonoraenequipo.com.mx\/storage\/2019\/01\/sonoraenequipo_opt.png\",\"contentUrl\":\"https:\/\/www.sonoraenequipo.com.mx\/storage\/2019\/01\/sonoraenequipo_opt.png\",\"width\":375,\"height\":125,\"caption\":\"Sonoraenequipo.com.mx\"},\"image\":{\"@id\":\"https:\/\/www.sonoraenequipo.com.mx\/#\/schema\/logo\/image\/\"},\"sameAs\":[\"https:\/\/www.facebook.com\/SonoraEE\/\",\"https:\/\/x.com\/sonoraenequipo\",\"https:\/\/www.youtube.com\/channel\/UC338nW-lPEYmJQs4ZABQ1SQ\"]},{\"@type\":\"Person\",\"@id\":\"https:\/\/www.sonoraenequipo.com.mx\/#\/schema\/person\/50102df0fb23a8fa9e8effad8fa81386\",\"name\":\"enequipo\",\"image\":{\"@type\":\"ImageObject\",\"inLanguage\":\"es\",\"@id\":\"https:\/\/www.sonoraenequipo.com.mx\/#\/schema\/person\/image\/\",\"url\":\"https:\/\/secure.gravatar.com\/avatar\/049821681b589dabc0bc20695993ccebb09f5b5d4d790cd9251b97faac7c652b?s=96&d=blank&r=g\",\"contentUrl\":\"https:\/\/secure.gravatar.com\/avatar\/049821681b589dabc0bc20695993ccebb09f5b5d4d790cd9251b97faac7c652b?s=96&d=blank&r=g\",\"caption\":\"enequipo\"},\"sameAs\":[\"https:\/\/www.facebook.com\/SonoraEE\"]}]}<\/script>\n ","yoast_head_json":{"title":"Sonora en Equipo. Invita Cedes al 2\u00ba Coloquio de Investigaci\u00f3n Estero El Soldado Etc\u00e9tera","description":"HERMOSILLO, SONORA. MX. \u2014 Impulsar la investigaci\u00f3n y monitoreo cient\u00edfico, as\u00ed como fomentar la conciencia ecol\u00f3gica y ambiental, son los objetivos que En Sonora en Equipo publicamos toda la informaci\u00f3n de Sonora, M\u00e9xico y el Mundo de manera oportuna y busca que la libertad de expresi\u00f3n sea real. Visita nuestro medio informativo publicado desde Hermosillo, Sonora. %","robots":{"index":"index","follow":"follow","max-snippet":"max-snippet:-1","max-image-preview":"max-image-preview:large","max-video-preview":"max-video-preview:-1"},"canonical":"https:\/\/www.sonoraenequipo.com.mx\/76889-2\/","og_locale":"es_ES","og_type":"article","og_title":"Sonora en Equipo. Invita Cedes al 2\u00ba Coloquio de Investigaci\u00f3n Estero El Soldado Etc\u00e9tera","og_description":"HERMOSILLO, SONORA. MX. \u2014 Impulsar la investigaci\u00f3n y monitoreo cient\u00edfico, as\u00ed como fomentar la conciencia ecol\u00f3gica y ambiental, son los objetivos que En Sonora en Equipo publicamos toda la informaci\u00f3n de Sonora, M\u00e9xico y el Mundo de manera oportuna y busca que la libertad de expresi\u00f3n sea real. Visita nuestro medio informativo publicado desde Hermosillo, Sonora. %","og_url":"https:\/\/www.sonoraenequipo.com.mx\/76889-2\/","og_site_name":"Sonora en Equipo.","article_publisher":"https:\/\/www.facebook.com\/SonoraEE\/","article_author":"https:\/\/www.facebook.com\/SonoraEE","article_published_time":"2020-01-31T00:19:29+00:00","article_modified_time":"2020-01-31T00:27:12+00:00","og_image":[{"width":600,"height":420,"url":"https:\/\/www.sonoraenequipo.com.mx\/storage\/2020\/01\/cedes_opt.jpg","type":"image\/jpeg"}],"author":"enequipo","twitter_card":"summary_large_image","twitter_creator":"@sonoraenequipo","twitter_site":"@sonoraenequipo","twitter_misc":{"Escrito por":"enequipo","Tiempo de lectura":"3 minutos"},"schema":{"@context":"https:\/\/schema.org","@graph":[{"@type":"Article","@id":"https:\/\/www.sonoraenequipo.com.mx\/76889-2\/#article","isPartOf":{"@id":"https:\/\/www.sonoraenequipo.com.mx\/76889-2\/"},"author":{"name":"enequipo","@id":"https:\/\/www.sonoraenequipo.com.mx\/#\/schema\/person\/50102df0fb23a8fa9e8effad8fa81386"},"headline":"Invita Cedes al 2\u00ba Coloquio de Investigaci\u00f3n Estero El Soldado","datePublished":"2020-01-31T00:19:29+00:00","dateModified":"2020-01-31T00:27:12+00:00","mainEntityOfPage":{"@id":"https:\/\/www.sonoraenequipo.com.mx\/76889-2\/"},"wordCount":542,"commentCount":0,"publisher":{"@id":"https:\/\/www.sonoraenequipo.com.mx\/#organization"},"image":{"@id":"https:\/\/www.sonoraenequipo.com.mx\/76889-2\/#primaryimage"},"thumbnailUrl":"https:\/\/www.sonoraenequipo.com.mx\/storage\/2020\/01\/cedes_opt.jpg","articleSection":["Etc\u00e9tera"],"inLanguage":"es","potentialAction":[{"@type":"CommentAction","name":"Comment","target":["https:\/\/www.sonoraenequipo.com.mx\/76889-2\/#respond"]}]},{"@type":"WebPage","@id":"https:\/\/www.sonoraenequipo.com.mx\/76889-2\/","url":"https:\/\/www.sonoraenequipo.com.mx\/76889-2\/","name":"Sonora en Equipo. Invita Cedes al 2\u00ba Coloquio de Investigaci\u00f3n Estero El Soldado Etc\u00e9tera","isPartOf":{"@id":"https:\/\/www.sonoraenequipo.com.mx\/#website"},"primaryImageOfPage":{"@id":"https:\/\/www.sonoraenequipo.com.mx\/76889-2\/#primaryimage"},"image":{"@id":"https:\/\/www.sonoraenequipo.com.mx\/76889-2\/#primaryimage"},"thumbnailUrl":"https:\/\/www.sonoraenequipo.com.mx\/storage\/2020\/01\/cedes_opt.jpg","datePublished":"2020-01-31T00:19:29+00:00","dateModified":"2020-01-31T00:27:12+00:00","description":"HERMOSILLO, SONORA. MX. \u2014 Impulsar la investigaci\u00f3n y monitoreo cient\u00edfico, as\u00ed como fomentar la conciencia ecol\u00f3gica y ambiental, son los objetivos que En Sonora en Equipo publicamos toda la informaci\u00f3n de Sonora, M\u00e9xico y el Mundo de manera oportuna y busca que la libertad de expresi\u00f3n sea real. Visita nuestro medio informativo publicado desde Hermosillo, Sonora. %","breadcrumb":{"@id":"https:\/\/www.sonoraenequipo.com.mx\/76889-2\/#breadcrumb"},"inLanguage":"es","potentialAction":[{"@type":"ReadAction","target":["https:\/\/www.sonoraenequipo.com.mx\/76889-2\/"]}]},{"@type":"ImageObject","inLanguage":"es","@id":"https:\/\/www.sonoraenequipo.com.mx\/76889-2\/#primaryimage","url":"https:\/\/www.sonoraenequipo.com.mx\/storage\/2020\/01\/cedes_opt.jpg","contentUrl":"https:\/\/www.sonoraenequipo.com.mx\/storage\/2020\/01\/cedes_opt.jpg","width":600,"height":420},{"@type":"BreadcrumbList","@id":"https:\/\/www.sonoraenequipo.com.mx\/76889-2\/#breadcrumb","itemListElement":[{"@type":"ListItem","position":1,"name":"Portada","item":"https:\/\/www.sonoraenequipo.com.mx\/"},{"@type":"ListItem","position":2,"name":"Invita Cedes al 2\u00ba Coloquio de Investigaci\u00f3n Estero El Soldado"}]},{"@type":"WebSite","@id":"https:\/\/www.sonoraenequipo.com.mx\/#website","url":"https:\/\/www.sonoraenequipo.com.mx\/","name":"Sonora en Equipo.","description":"Diario en l\u00ednea con Noticias desde Hermosillo, Sonora","publisher":{"@id":"https:\/\/www.sonoraenequipo.com.mx\/#organization"},"potentialAction":[{"@type":"SearchAction","target":{"@type":"EntryPoint","urlTemplate":"https:\/\/www.sonoraenequipo.com.mx\/?s={search_term_string}"},"query-input":{"@type":"PropertyValueSpecification","valueRequired":true,"valueName":"search_term_string"}}],"inLanguage":"es"},{"@type":"Organization","@id":"https:\/\/www.sonoraenequipo.com.mx\/#organization","name":"Sonoraenequipo.com.mx","url":"https:\/\/www.sonoraenequipo.com.mx\/","logo":{"@type":"ImageObject","inLanguage":"es","@id":"https:\/\/www.sonoraenequipo.com.mx\/#\/schema\/logo\/image\/","url":"https:\/\/www.sonoraenequipo.com.mx\/storage\/2019\/01\/sonoraenequipo_opt.png","contentUrl":"https:\/\/www.sonoraenequipo.com.mx\/storage\/2019\/01\/sonoraenequipo_opt.png","width":375,"height":125,"caption":"Sonoraenequipo.com.mx"},"image":{"@id":"https:\/\/www.sonoraenequipo.com.mx\/#\/schema\/logo\/image\/"},"sameAs":["https:\/\/www.facebook.com\/SonoraEE\/","https:\/\/x.com\/sonoraenequipo","https:\/\/www.youtube.com\/channel\/UC338nW-lPEYmJQs4ZABQ1SQ"]},{"@type":"Person","@id":"https:\/\/www.sonoraenequipo.com.mx\/#\/schema\/person\/50102df0fb23a8fa9e8effad8fa81386","name":"enequipo","image":{"@type":"ImageObject","inLanguage":"es","@id":"https:\/\/www.sonoraenequipo.com.mx\/#\/schema\/person\/image\/","url":"https:\/\/secure.gravatar.com\/avatar\/049821681b589dabc0bc20695993ccebb09f5b5d4d790cd9251b97faac7c652b?s=96&d=blank&r=g","contentUrl":"https:\/\/secure.gravatar.com\/avatar\/049821681b589dabc0bc20695993ccebb09f5b5d4d790cd9251b97faac7c652b?s=96&d=blank&r=g","caption":"enequipo"},"sameAs":["https:\/\/www.facebook.com\/SonoraEE"]}]}},"jetpack_featured_media_url":"https:\/\/www.sonoraenequipo.com.mx\/storage\/2020\/01\/cedes_opt.jpg","_links":{"self":[{"href":"https:\/\/www.sonoraenequipo.com.mx\/api\/wp\/v2\/posts\/76889","targetHints":{"allow":["GET"]}}],"collection":[{"href":"https:\/\/www.sonoraenequipo.com.mx\/api\/wp\/v2\/posts"}],"about":[{"href":"https:\/\/www.sonoraenequipo.com.mx\/api\/wp\/v2\/types\/post"}],"author":[{"embeddable":true,"href":"https:\/\/www.sonoraenequipo.com.mx\/api\/wp\/v2\/users\/1"}],"replies":[{"embeddable":true,"href":"https:\/\/www.sonoraenequipo.com.mx\/api\/wp\/v2\/comments?post=76889"}],"version-history":[{"count":0,"href":"https:\/\/www.sonoraenequipo.com.mx\/api\/wp\/v2\/posts\/76889\/revisions"}],"wp:featuredmedia":[{"embeddable":true,"href":"https:\/\/www.sonoraenequipo.com.mx\/api\/wp\/v2\/media\/76890"}],"wp:attachment":[{"href":"https:\/\/www.sonoraenequipo.com.mx\/api\/wp\/v2\/media?parent=76889"}],"wp:term":[{"taxonomy":"category","embeddable":true,"href":"https:\/\/www.sonoraenequipo.com.mx\/api\/wp\/v2\/categories?post=76889"},{"taxonomy":"post_tag","embeddable":true,"href":"https:\/\/www.sonoraenequipo.com.mx\/api\/wp\/v2\/tags?post=76889"}],"curies":[{"name":"wp","href":"https:\/\/api.w.org\/{rel}","templated":true}]}}