{"id":76894,"date":"2020-01-30T19:15:41","date_gmt":"2020-01-31T02:15:41","guid":{"rendered":"https:\/\/www.sonoraenequipo.com.mx\/?p=76894"},"modified":"2020-01-30T17:41:40","modified_gmt":"2020-01-31T00:41:40","slug":"coordina-salud-sonora-atencion-de-jornaleros-en-accidente-carretero","status":"publish","type":"post","link":"https:\/\/www.sonoraenequipo.com.mx\/coordina-salud-sonora-atencion-de-jornaleros-en-accidente-carretero\/","title":{"rendered":"Coordina Salud Sonora atenci\u00f3n de jornaleros en accidente carretero"},"content":{"rendered":"<p>HERMOSILLO, SONORA. MX. \u2014 La Secretar\u00eda de Salud en el estado, a trav\u00e9s del Centro Regulador de Urgencias M\u00e9dicas (CRUM), coordin\u00f3 la atenci\u00f3n y traslado de 19 personas lesionadas en el accidente carretero ocurrido este jueves en el Poblado Miguel Alem\u00e1n, inform\u00f3 Jorge Arturo Vega Soto.<\/p>\n<p>&nbsp;<\/p>\n<p> <\/p>\n<p>&nbsp;<\/p>\n<p>&nbsp;<\/p>\n<p>Cerca de las 5:50 horas se report\u00f3 al C5i Hermosillo el choque de un taxi tipo Van de pasajeros jornaleros de un campo, detall\u00f3 el coordinador del CRUM Sonora, en la carretera 4 Norte, kil\u00f3metro 5, donde se registraron varios heridos.<\/p>\n<p>&nbsp;<\/p>\n<p>&nbsp;<\/p>\n<p>Inform\u00f3 que se activ\u00f3 la alerta hospitalaria para notificar a la Unidad de Estabilizaci\u00f3n R\u00e1pida del Centro de Salud del Poblado Miguel Alem\u00e1n, as\u00ed como al Hospital General de Zona N\u00famero 6 del IMSS de la Costa para la atenci\u00f3n de los pacientes.<\/p>\n<p>&nbsp;<\/p>\n<p>&nbsp;<\/p>\n<p><em>\u201cAl lugar de los hechos acudieron ambulancias de la Cruz Roja Mexicana, del Centro de Salud del Poblado Miguel Alem\u00e1n y del Hospital General de Zona N\u00famero 6 del IMSS, adem\u00e1s se cont\u00f3 con el apoyo de unidades locales de Bomberos desde que ocurri\u00f3 el incidente\u201d<\/em>, indic\u00f3.<\/p>\n<p>&nbsp;<\/p>\n<p>&nbsp;<\/p>\n<p>Luego del accidente carretero y de la llegada de las unidades de emergencia, agreg\u00f3 el funcionario estatal, en la Unidad de Estabilizaci\u00f3n R\u00e1pida del Centro de Salud del Poblado Miguel Alem\u00e1n se atendi\u00f3 a una paciente embarazada que posteriormente fue trasladada estable al Hospital Integral de la Mujer (Himes).<\/p>\n<p>&nbsp;<\/p>\n<p>&nbsp;<\/p>\n<p>As\u00ed mismo, apunt\u00f3, en el Centro de Salud de Miguel Alem\u00e1n se recibieron a tres pacientes policontundidos que fueron trasladados estables para protocolo de gabinete al Hospital General del Estado (HGE) y ocho personas m\u00e1s no aceptaron la atenci\u00f3n.<\/p>\n<p>&nbsp;<\/p>\n<p>&nbsp;<\/p>\n<p>En el Hospital General de Zona se atendieron a siete personas, puntualiz\u00f3, de las cuales seis fueron dadas de alta en la misma unidad y un paciente fue trasladado estable al Hospital General de Zona N\u00famero 14 del IMSS en Hermosillo.<\/p>\n<p>&nbsp;<\/p>\n<p>&nbsp;<\/p>\n<p>Expuso que el CRUM Sonora realiz\u00f3 la regulaci\u00f3n de los traslados de los pacientes referidos a las unidades m\u00e9dicas del Himes, HGE y HGZ 14 con respuesta positiva, donde las personas llegaron estables sin eventualidades.<\/p>\n<p>&nbsp;<\/p>\n<p>&nbsp;<\/p>\n<p>Por \u00faltimo, Vega Soto record\u00f3 que, en casos de emergencia como este, CRUM Sonora analiza y decide qu\u00e9 unidad de salud es la mejor opci\u00f3n para continuar con la atenci\u00f3n de los lesionados.<\/p>\n<p>&nbsp;<\/p>\n<p>&nbsp;<\/p>\n<p>PUBLICADO EL 30\/01\/2020)<\/p>\n","protected":false},"excerpt":{"rendered":"<p>HERMOSILLO, SONORA. MX. \u2014 La Secretar\u00eda de Salud en el estado, a trav\u00e9s del Centro&#8230;<\/p>\n","protected":false},"author":1,"featured_media":76895,"comment_status":"open","ping_status":"open","sticky":false,"template":"","format":"standard","meta":{"_monsterinsights_skip_tracking":false,"_monsterinsights_sitenote_active":false,"_monsterinsights_sitenote_note":"","_monsterinsights_sitenote_category":0,"footnotes":""},"categories":[22],"tags":[],"class_list":["post"],"yoast_head":" \n<title>Sonora en Equipo. Coordina Salud Sonora atenci\u00f3n de jornaleros en accidente carretero Sonora<\/title>\n<meta name=\"description\" content=\"HERMOSILLO, SONORA. MX. \u2014 La Secretar\u00eda de Salud en el estado, a trav\u00e9s del Centro Regulador de Urgencias M\u00e9dicas (CRUM), coordin\u00f3 la atenci\u00f3n y traslado En Sonora en Equipo publicamos toda la informaci\u00f3n de Sonora, M\u00e9xico y el Mundo de manera oportuna y busca que la libertad de expresi\u00f3n sea real. Visita nuestro medio informativo publicado desde Hermosillo, Sonora. %\" \/>\n<meta name=\"robots\" content=\"index, follow, max-snippet:-1, max-image-preview:large, max-video-preview:-1\" \/>\n<link rel=\"canonical\" href=\"https:\/\/www.sonoraenequipo.com.mx\/coordina-salud-sonora-atencion-de-jornaleros-en-accidente-carretero\/\" \/>\n<meta property=\"og:locale\" content=\"es_ES\" \/>\n<meta property=\"og:type\" content=\"article\" \/>\n<meta property=\"og:title\" content=\"Sonora en Equipo. Coordina Salud Sonora atenci\u00f3n de jornaleros en accidente carretero Sonora\" \/>\n<meta property=\"og:description\" content=\"HERMOSILLO, SONORA. MX. \u2014 La Secretar\u00eda de Salud en el estado, a trav\u00e9s del Centro Regulador de Urgencias M\u00e9dicas (CRUM), coordin\u00f3 la atenci\u00f3n y traslado En Sonora en Equipo publicamos toda la informaci\u00f3n de Sonora, M\u00e9xico y el Mundo de manera oportuna y busca que la libertad de expresi\u00f3n sea real. Visita nuestro medio informativo publicado desde Hermosillo, Sonora. %\" \/>\n<meta property=\"og:url\" content=\"https:\/\/www.sonoraenequipo.com.mx\/coordina-salud-sonora-atencion-de-jornaleros-en-accidente-carretero\/\" \/>\n<meta property=\"og:site_name\" content=\"Sonora en Equipo.\" \/>\n<meta property=\"article:publisher\" content=\"https:\/\/www.facebook.com\/SonoraEE\/\" \/>\n<meta property=\"article:author\" content=\"https:\/\/www.facebook.com\/SonoraEE\" \/>\n<meta property=\"article:published_time\" content=\"2020-01-31T02:15:41+00:00\" \/>\n<meta property=\"og:image\" content=\"https:\/\/www.sonoraenequipo.com.mx\/storage\/2020\/01\/medicoregulador_opt.jpg\" \/>\n\t<meta property=\"og:image:width\" content=\"600\" \/>\n\t<meta property=\"og:image:height\" content=\"600\" \/>\n\t<meta property=\"og:image:type\" content=\"image\/jpeg\" \/>\n<meta name=\"author\" content=\"enequipo\" \/>\n<meta name=\"twitter:card\" content=\"summary_large_image\" \/>\n<meta name=\"twitter:creator\" content=\"@sonoraenequipo\" \/>\n<meta name=\"twitter:site\" content=\"@sonoraenequipo\" \/>\n<meta name=\"twitter:label1\" content=\"Escrito por\" \/>\n\t<meta name=\"twitter:data1\" content=\"enequipo\" \/>\n\t<meta name=\"twitter:label2\" content=\"Tiempo de lectura\" \/>\n\t<meta name=\"twitter:data2\" content=\"2 minutos\" \/>\n<script type=\"application\/ld+json\" class=\"yoast-schema-graph\">{\"@context\":\"https:\/\/schema.org\",\"@graph\":[{\"@type\":\"Article\",\"@id\":\"https:\/\/www.sonoraenequipo.com.mx\/coordina-salud-sonora-atencion-de-jornaleros-en-accidente-carretero\/#article\",\"isPartOf\":{\"@id\":\"https:\/\/www.sonoraenequipo.com.mx\/coordina-salud-sonora-atencion-de-jornaleros-en-accidente-carretero\/\"},\"author\":{\"name\":\"enequipo\",\"@id\":\"https:\/\/www.sonoraenequipo.com.mx\/#\/schema\/person\/50102df0fb23a8fa9e8effad8fa81386\"},\"headline\":\"Coordina Salud Sonora atenci\u00f3n de jornaleros en accidente carretero\",\"datePublished\":\"2020-01-31T02:15:41+00:00\",\"mainEntityOfPage\":{\"@id\":\"https:\/\/www.sonoraenequipo.com.mx\/coordina-salud-sonora-atencion-de-jornaleros-en-accidente-carretero\/\"},\"wordCount\":422,\"commentCount\":0,\"publisher\":{\"@id\":\"https:\/\/www.sonoraenequipo.com.mx\/#organization\"},\"image\":{\"@id\":\"https:\/\/www.sonoraenequipo.com.mx\/coordina-salud-sonora-atencion-de-jornaleros-en-accidente-carretero\/#primaryimage\"},\"thumbnailUrl\":\"https:\/\/www.sonoraenequipo.com.mx\/storage\/2020\/01\/medicoregulador_opt.jpg\",\"articleSection\":[\"Sonora\"],\"inLanguage\":\"es\",\"potentialAction\":[{\"@type\":\"CommentAction\",\"name\":\"Comment\",\"target\":[\"https:\/\/www.sonoraenequipo.com.mx\/coordina-salud-sonora-atencion-de-jornaleros-en-accidente-carretero\/#respond\"]}]},{\"@type\":\"WebPage\",\"@id\":\"https:\/\/www.sonoraenequipo.com.mx\/coordina-salud-sonora-atencion-de-jornaleros-en-accidente-carretero\/\",\"url\":\"https:\/\/www.sonoraenequipo.com.mx\/coordina-salud-sonora-atencion-de-jornaleros-en-accidente-carretero\/\",\"name\":\"Sonora en Equipo. Coordina Salud Sonora atenci\u00f3n de jornaleros en accidente carretero Sonora\",\"isPartOf\":{\"@id\":\"https:\/\/www.sonoraenequipo.com.mx\/#website\"},\"primaryImageOfPage\":{\"@id\":\"https:\/\/www.sonoraenequipo.com.mx\/coordina-salud-sonora-atencion-de-jornaleros-en-accidente-carretero\/#primaryimage\"},\"image\":{\"@id\":\"https:\/\/www.sonoraenequipo.com.mx\/coordina-salud-sonora-atencion-de-jornaleros-en-accidente-carretero\/#primaryimage\"},\"thumbnailUrl\":\"https:\/\/www.sonoraenequipo.com.mx\/storage\/2020\/01\/medicoregulador_opt.jpg\",\"datePublished\":\"2020-01-31T02:15:41+00:00\",\"description\":\"HERMOSILLO, SONORA. MX. \u2014 La Secretar\u00eda de Salud en el estado, a trav\u00e9s del Centro Regulador de Urgencias M\u00e9dicas (CRUM), coordin\u00f3 la atenci\u00f3n y traslado En Sonora en Equipo publicamos toda la informaci\u00f3n de Sonora, M\u00e9xico y el Mundo de manera oportuna y busca que la libertad de expresi\u00f3n sea real. Visita nuestro medio informativo publicado desde Hermosillo, Sonora. %\",\"breadcrumb\":{\"@id\":\"https:\/\/www.sonoraenequipo.com.mx\/coordina-salud-sonora-atencion-de-jornaleros-en-accidente-carretero\/#breadcrumb\"},\"inLanguage\":\"es\",\"potentialAction\":[{\"@type\":\"ReadAction\",\"target\":[\"https:\/\/www.sonoraenequipo.com.mx\/coordina-salud-sonora-atencion-de-jornaleros-en-accidente-carretero\/\"]}]},{\"@type\":\"ImageObject\",\"inLanguage\":\"es\",\"@id\":\"https:\/\/www.sonoraenequipo.com.mx\/coordina-salud-sonora-atencion-de-jornaleros-en-accidente-carretero\/#primaryimage\",\"url\":\"https:\/\/www.sonoraenequipo.com.mx\/storage\/2020\/01\/medicoregulador_opt.jpg\",\"contentUrl\":\"https:\/\/www.sonoraenequipo.com.mx\/storage\/2020\/01\/medicoregulador_opt.jpg\",\"width\":600,\"height\":600},{\"@type\":\"BreadcrumbList\",\"@id\":\"https:\/\/www.sonoraenequipo.com.mx\/coordina-salud-sonora-atencion-de-jornaleros-en-accidente-carretero\/#breadcrumb\",\"itemListElement\":[{\"@type\":\"ListItem\",\"position\":1,\"name\":\"Portada\",\"item\":\"https:\/\/www.sonoraenequipo.com.mx\/\"},{\"@type\":\"ListItem\",\"position\":2,\"name\":\"Coordina Salud Sonora atenci\u00f3n de jornaleros en accidente carretero\"}]},{\"@type\":\"WebSite\",\"@id\":\"https:\/\/www.sonoraenequipo.com.mx\/#website\",\"url\":\"https:\/\/www.sonoraenequipo.com.mx\/\",\"name\":\"Sonora en Equipo.\",\"description\":\"Diario en l\u00ednea con Noticias desde Hermosillo, Sonora\",\"publisher\":{\"@id\":\"https:\/\/www.sonoraenequipo.com.mx\/#organization\"},\"potentialAction\":[{\"@type\":\"SearchAction\",\"target\":{\"@type\":\"EntryPoint\",\"urlTemplate\":\"https:\/\/www.sonoraenequipo.com.mx\/?s={search_term_string}\"},\"query-input\":{\"@type\":\"PropertyValueSpecification\",\"valueRequired\":true,\"valueName\":\"search_term_string\"}}],\"inLanguage\":\"es\"},{\"@type\":\"Organization\",\"@id\":\"https:\/\/www.sonoraenequipo.com.mx\/#organization\",\"name\":\"Sonoraenequipo.com.mx\",\"url\":\"https:\/\/www.sonoraenequipo.com.mx\/\",\"logo\":{\"@type\":\"ImageObject\",\"inLanguage\":\"es\",\"@id\":\"https:\/\/www.sonoraenequipo.com.mx\/#\/schema\/logo\/image\/\",\"url\":\"https:\/\/www.sonoraenequipo.com.mx\/storage\/2019\/01\/sonoraenequipo_opt.png\",\"contentUrl\":\"https:\/\/www.sonoraenequipo.com.mx\/storage\/2019\/01\/sonoraenequipo_opt.png\",\"width\":375,\"height\":125,\"caption\":\"Sonoraenequipo.com.mx\"},\"image\":{\"@id\":\"https:\/\/www.sonoraenequipo.com.mx\/#\/schema\/logo\/image\/\"},\"sameAs\":[\"https:\/\/www.facebook.com\/SonoraEE\/\",\"https:\/\/x.com\/sonoraenequipo\",\"https:\/\/www.youtube.com\/channel\/UC338nW-lPEYmJQs4ZABQ1SQ\"]},{\"@type\":\"Person\",\"@id\":\"https:\/\/www.sonoraenequipo.com.mx\/#\/schema\/person\/50102df0fb23a8fa9e8effad8fa81386\",\"name\":\"enequipo\",\"image\":{\"@type\":\"ImageObject\",\"inLanguage\":\"es\",\"@id\":\"https:\/\/www.sonoraenequipo.com.mx\/#\/schema\/person\/image\/\",\"url\":\"https:\/\/secure.gravatar.com\/avatar\/049821681b589dabc0bc20695993ccebb09f5b5d4d790cd9251b97faac7c652b?s=96&d=blank&r=g\",\"contentUrl\":\"https:\/\/secure.gravatar.com\/avatar\/049821681b589dabc0bc20695993ccebb09f5b5d4d790cd9251b97faac7c652b?s=96&d=blank&r=g\",\"caption\":\"enequipo\"},\"sameAs\":[\"https:\/\/www.facebook.com\/SonoraEE\"]}]}<\/script>\n ","yoast_head_json":{"title":"Sonora en Equipo. Coordina Salud Sonora atenci\u00f3n de jornaleros en accidente carretero Sonora","description":"HERMOSILLO, SONORA. MX. \u2014 La Secretar\u00eda de Salud en el estado, a trav\u00e9s del Centro Regulador de Urgencias M\u00e9dicas (CRUM), coordin\u00f3 la atenci\u00f3n y traslado En Sonora en Equipo publicamos toda la informaci\u00f3n de Sonora, M\u00e9xico y el Mundo de manera oportuna y busca que la libertad de expresi\u00f3n sea real. Visita nuestro medio informativo publicado desde Hermosillo, Sonora. %","robots":{"index":"index","follow":"follow","max-snippet":"max-snippet:-1","max-image-preview":"max-image-preview:large","max-video-preview":"max-video-preview:-1"},"canonical":"https:\/\/www.sonoraenequipo.com.mx\/coordina-salud-sonora-atencion-de-jornaleros-en-accidente-carretero\/","og_locale":"es_ES","og_type":"article","og_title":"Sonora en Equipo. Coordina Salud Sonora atenci\u00f3n de jornaleros en accidente carretero Sonora","og_description":"HERMOSILLO, SONORA. MX. \u2014 La Secretar\u00eda de Salud en el estado, a trav\u00e9s del Centro Regulador de Urgencias M\u00e9dicas (CRUM), coordin\u00f3 la atenci\u00f3n y traslado En Sonora en Equipo publicamos toda la informaci\u00f3n de Sonora, M\u00e9xico y el Mundo de manera oportuna y busca que la libertad de expresi\u00f3n sea real. Visita nuestro medio informativo publicado desde Hermosillo, Sonora. %","og_url":"https:\/\/www.sonoraenequipo.com.mx\/coordina-salud-sonora-atencion-de-jornaleros-en-accidente-carretero\/","og_site_name":"Sonora en Equipo.","article_publisher":"https:\/\/www.facebook.com\/SonoraEE\/","article_author":"https:\/\/www.facebook.com\/SonoraEE","article_published_time":"2020-01-31T02:15:41+00:00","og_image":[{"width":600,"height":600,"url":"https:\/\/www.sonoraenequipo.com.mx\/storage\/2020\/01\/medicoregulador_opt.jpg","type":"image\/jpeg"}],"author":"enequipo","twitter_card":"summary_large_image","twitter_creator":"@sonoraenequipo","twitter_site":"@sonoraenequipo","twitter_misc":{"Escrito por":"enequipo","Tiempo de lectura":"2 minutos"},"schema":{"@context":"https:\/\/schema.org","@graph":[{"@type":"Article","@id":"https:\/\/www.sonoraenequipo.com.mx\/coordina-salud-sonora-atencion-de-jornaleros-en-accidente-carretero\/#article","isPartOf":{"@id":"https:\/\/www.sonoraenequipo.com.mx\/coordina-salud-sonora-atencion-de-jornaleros-en-accidente-carretero\/"},"author":{"name":"enequipo","@id":"https:\/\/www.sonoraenequipo.com.mx\/#\/schema\/person\/50102df0fb23a8fa9e8effad8fa81386"},"headline":"Coordina Salud Sonora atenci\u00f3n de jornaleros en accidente carretero","datePublished":"2020-01-31T02:15:41+00:00","mainEntityOfPage":{"@id":"https:\/\/www.sonoraenequipo.com.mx\/coordina-salud-sonora-atencion-de-jornaleros-en-accidente-carretero\/"},"wordCount":422,"commentCount":0,"publisher":{"@id":"https:\/\/www.sonoraenequipo.com.mx\/#organization"},"image":{"@id":"https:\/\/www.sonoraenequipo.com.mx\/coordina-salud-sonora-atencion-de-jornaleros-en-accidente-carretero\/#primaryimage"},"thumbnailUrl":"https:\/\/www.sonoraenequipo.com.mx\/storage\/2020\/01\/medicoregulador_opt.jpg","articleSection":["Sonora"],"inLanguage":"es","potentialAction":[{"@type":"CommentAction","name":"Comment","target":["https:\/\/www.sonoraenequipo.com.mx\/coordina-salud-sonora-atencion-de-jornaleros-en-accidente-carretero\/#respond"]}]},{"@type":"WebPage","@id":"https:\/\/www.sonoraenequipo.com.mx\/coordina-salud-sonora-atencion-de-jornaleros-en-accidente-carretero\/","url":"https:\/\/www.sonoraenequipo.com.mx\/coordina-salud-sonora-atencion-de-jornaleros-en-accidente-carretero\/","name":"Sonora en Equipo. Coordina Salud Sonora atenci\u00f3n de jornaleros en accidente carretero Sonora","isPartOf":{"@id":"https:\/\/www.sonoraenequipo.com.mx\/#website"},"primaryImageOfPage":{"@id":"https:\/\/www.sonoraenequipo.com.mx\/coordina-salud-sonora-atencion-de-jornaleros-en-accidente-carretero\/#primaryimage"},"image":{"@id":"https:\/\/www.sonoraenequipo.com.mx\/coordina-salud-sonora-atencion-de-jornaleros-en-accidente-carretero\/#primaryimage"},"thumbnailUrl":"https:\/\/www.sonoraenequipo.com.mx\/storage\/2020\/01\/medicoregulador_opt.jpg","datePublished":"2020-01-31T02:15:41+00:00","description":"HERMOSILLO, SONORA. MX. \u2014 La Secretar\u00eda de Salud en el estado, a trav\u00e9s del Centro Regulador de Urgencias M\u00e9dicas (CRUM), coordin\u00f3 la atenci\u00f3n y traslado En Sonora en Equipo publicamos toda la informaci\u00f3n de Sonora, M\u00e9xico y el Mundo de manera oportuna y busca que la libertad de expresi\u00f3n sea real. Visita nuestro medio informativo publicado desde Hermosillo, Sonora. %","breadcrumb":{"@id":"https:\/\/www.sonoraenequipo.com.mx\/coordina-salud-sonora-atencion-de-jornaleros-en-accidente-carretero\/#breadcrumb"},"inLanguage":"es","potentialAction":[{"@type":"ReadAction","target":["https:\/\/www.sonoraenequipo.com.mx\/coordina-salud-sonora-atencion-de-jornaleros-en-accidente-carretero\/"]}]},{"@type":"ImageObject","inLanguage":"es","@id":"https:\/\/www.sonoraenequipo.com.mx\/coordina-salud-sonora-atencion-de-jornaleros-en-accidente-carretero\/#primaryimage","url":"https:\/\/www.sonoraenequipo.com.mx\/storage\/2020\/01\/medicoregulador_opt.jpg","contentUrl":"https:\/\/www.sonoraenequipo.com.mx\/storage\/2020\/01\/medicoregulador_opt.jpg","width":600,"height":600},{"@type":"BreadcrumbList","@id":"https:\/\/www.sonoraenequipo.com.mx\/coordina-salud-sonora-atencion-de-jornaleros-en-accidente-carretero\/#breadcrumb","itemListElement":[{"@type":"ListItem","position":1,"name":"Portada","item":"https:\/\/www.sonoraenequipo.com.mx\/"},{"@type":"ListItem","position":2,"name":"Coordina Salud Sonora atenci\u00f3n de jornaleros en accidente carretero"}]},{"@type":"WebSite","@id":"https:\/\/www.sonoraenequipo.com.mx\/#website","url":"https:\/\/www.sonoraenequipo.com.mx\/","name":"Sonora en Equipo.","description":"Diario en l\u00ednea con Noticias desde Hermosillo, Sonora","publisher":{"@id":"https:\/\/www.sonoraenequipo.com.mx\/#organization"},"potentialAction":[{"@type":"SearchAction","target":{"@type":"EntryPoint","urlTemplate":"https:\/\/www.sonoraenequipo.com.mx\/?s={search_term_string}"},"query-input":{"@type":"PropertyValueSpecification","valueRequired":true,"valueName":"search_term_string"}}],"inLanguage":"es"},{"@type":"Organization","@id":"https:\/\/www.sonoraenequipo.com.mx\/#organization","name":"Sonoraenequipo.com.mx","url":"https:\/\/www.sonoraenequipo.com.mx\/","logo":{"@type":"ImageObject","inLanguage":"es","@id":"https:\/\/www.sonoraenequipo.com.mx\/#\/schema\/logo\/image\/","url":"https:\/\/www.sonoraenequipo.com.mx\/storage\/2019\/01\/sonoraenequipo_opt.png","contentUrl":"https:\/\/www.sonoraenequipo.com.mx\/storage\/2019\/01\/sonoraenequipo_opt.png","width":375,"height":125,"caption":"Sonoraenequipo.com.mx"},"image":{"@id":"https:\/\/www.sonoraenequipo.com.mx\/#\/schema\/logo\/image\/"},"sameAs":["https:\/\/www.facebook.com\/SonoraEE\/","https:\/\/x.com\/sonoraenequipo","https:\/\/www.youtube.com\/channel\/UC338nW-lPEYmJQs4ZABQ1SQ"]},{"@type":"Person","@id":"https:\/\/www.sonoraenequipo.com.mx\/#\/schema\/person\/50102df0fb23a8fa9e8effad8fa81386","name":"enequipo","image":{"@type":"ImageObject","inLanguage":"es","@id":"https:\/\/www.sonoraenequipo.com.mx\/#\/schema\/person\/image\/","url":"https:\/\/secure.gravatar.com\/avatar\/049821681b589dabc0bc20695993ccebb09f5b5d4d790cd9251b97faac7c652b?s=96&d=blank&r=g","contentUrl":"https:\/\/secure.gravatar.com\/avatar\/049821681b589dabc0bc20695993ccebb09f5b5d4d790cd9251b97faac7c652b?s=96&d=blank&r=g","caption":"enequipo"},"sameAs":["https:\/\/www.facebook.com\/SonoraEE"]}]}},"jetpack_featured_media_url":"https:\/\/www.sonoraenequipo.com.mx\/storage\/2020\/01\/medicoregulador_opt.jpg","_links":{"self":[{"href":"https:\/\/www.sonoraenequipo.com.mx\/api\/wp\/v2\/posts\/76894","targetHints":{"allow":["GET"]}}],"collection":[{"href":"https:\/\/www.sonoraenequipo.com.mx\/api\/wp\/v2\/posts"}],"about":[{"href":"https:\/\/www.sonoraenequipo.com.mx\/api\/wp\/v2\/types\/post"}],"author":[{"embeddable":true,"href":"https:\/\/www.sonoraenequipo.com.mx\/api\/wp\/v2\/users\/1"}],"replies":[{"embeddable":true,"href":"https:\/\/www.sonoraenequipo.com.mx\/api\/wp\/v2\/comments?post=76894"}],"version-history":[{"count":0,"href":"https:\/\/www.sonoraenequipo.com.mx\/api\/wp\/v2\/posts\/76894\/revisions"}],"wp:featuredmedia":[{"embeddable":true,"href":"https:\/\/www.sonoraenequipo.com.mx\/api\/wp\/v2\/media\/76895"}],"wp:attachment":[{"href":"https:\/\/www.sonoraenequipo.com.mx\/api\/wp\/v2\/media?parent=76894"}],"wp:term":[{"taxonomy":"category","embeddable":true,"href":"https:\/\/www.sonoraenequipo.com.mx\/api\/wp\/v2\/categories?post=76894"},{"taxonomy":"post_tag","embeddable":true,"href":"https:\/\/www.sonoraenequipo.com.mx\/api\/wp\/v2\/tags?post=76894"}],"curies":[{"name":"wp","href":"https:\/\/api.w.org\/{rel}","templated":true}]}}