{"id":76898,"date":"2020-01-30T19:08:22","date_gmt":"2020-01-31T02:08:22","guid":{"rendered":"https:\/\/www.sonoraenequipo.com.mx\/?p=76898"},"modified":"2020-01-30T19:08:22","modified_gmt":"2020-01-31T02:08:22","slug":"gobierno-de-hermosillo-monitorea-la-calidad-del-aire","status":"publish","type":"post","link":"https:\/\/www.sonoraenequipo.com.mx\/gobierno-de-hermosillo-monitorea-la-calidad-del-aire\/","title":{"rendered":"Gobierno de Hermosillo monitorea  la calidad del aire"},"content":{"rendered":"<p>HERMOSILLO, SONORA,MX.\u2500 Desde su arranque como plan piloto en el a\u00f1o 2000, la Red de Monitoreo de Calidad del Aire, que opera el Instituto Municipal de Ecolog\u00eda (IME), mide a trav\u00e9s de filtros la concentraci\u00f3n de part\u00edculas suspendidas y colabora con instituciones que analizan la composici\u00f3n de los elementos detectados, inform\u00f3 Santa N\u00e1poles Trujillo. <\/p>\n<p>&nbsp;<\/p>\n<p>La directora del IME, perteneciente a la Coordinaci\u00f3n de Infraestructura, Desarrollo Urbano y Ecolog\u00eda (CIDUE), explic\u00f3 que las estaciones de monitoreo proporcionan muestras, las cuales una vez liberadas de humedad se pesan. Dichas substancias son variadas e incluyen polvos, polen, microorganismos vivos, emanaciones producto de combusti\u00f3n y veh\u00edculos, abund\u00f3.<\/p>\n<p>&nbsp;<\/p>\n<p>\u201cLo que nosotros medimos son las concentraciones, es decir, del polvo que est\u00e1 all\u00ed qu\u00e9 concentraci\u00f3n hay, dependiendo de dicha concentraci\u00f3n podemos decir que es un riesgo o no a la salud, como lo marcan las normas federales\u201d, expres\u00f3.<\/p>\n<p>&nbsp;<\/p>\n<p>&nbsp;<\/p>\n<p>Revel\u00f3 durante la mayor parte del a\u00f1o las part\u00edculas suspendidas en el aire de Hermosillo se mantienen por debajo de los rangos m\u00e1ximos que son de 75 microgramos por metro c\u00fabico para part\u00edculas PM10 y para part\u00edculas PM2.5 de 45 microgramos, en promedio diario.<\/p>\n<p>&nbsp;<\/p>\n<p>Reconoci\u00f3 que en \u00e9poca invernal se detectan algunos repuntes en las concentraciones, y mayor tiempo de permanencia suspendida de los contaminantes del aire, debido a que as\u00ed lo favorecen las condiciones clim\u00e1ticas, sin embargo en los \u00faltimos tres reportes de monitoreo los resultados se encuentran dentro de la norma.<\/p>\n<p>&nbsp;<\/p>\n<p>La directora del Instituto Municipal de Ecolog\u00eda revel\u00f3 que los filtros cargados se les proporcionan a instituciones acad\u00e9micas y de investigaci\u00f3n que manejan programas de detecci\u00f3n de los elementos espec\u00edficos de que se componen las muestras. \u201cNosotros solo sabemos cu\u00e1nto pesan los polvos, pero no sabemos qu\u00e9 traen\u201d, extern\u00f3.<\/p>\n<p>&nbsp;<\/p>\n<p>\u201cObviamente estamos muy pendientes de las investigaciones que hacen los acad\u00e9micos, para, dependiendo de los resultados, aplicar pol\u00edticas p\u00fablicas que vayan en beneficio de la ciudadan\u00eda, y sobre todo para prevenir riesgos al ambiente y a la salud\u201d, estableci\u00f3.<\/p>\n<p>&nbsp;<\/p>\n<p>El Gobierno Municipal mantiene gestiones constantes con miras a mejorar la tecnolog\u00eda y procesos de medici\u00f3n de la calidad del aire de la ciudad, as\u00ed como reducir los tiempos para la presentaci\u00f3n de resultados, explic\u00f3.<\/p>\n<p>&nbsp;<\/p>\n<p>Independientemente de la composici\u00f3n espec\u00edfica de las part\u00edculas suspendidas, es muy importante que su concentraci\u00f3n se encuentre dentro de los m\u00e1rgenes establecidos por las normas federales, finaliz\u00f3.<\/p>\n<p>Fecha de publicaci\u00f3n 30\/ene\/2020<\/p>\n<p>&nbsp;<\/p>\n","protected":false},"excerpt":{"rendered":"<p>HERMOSILLO, SONORA,MX.\u2500 Desde su arranque como plan piloto en el a\u00f1o 2000, la Red de&#8230;<\/p>\n","protected":false},"author":178,"featured_media":76899,"comment_status":"open","ping_status":"open","sticky":false,"template":"","format":"standard","meta":{"_monsterinsights_skip_tracking":false,"_monsterinsights_sitenote_active":false,"_monsterinsights_sitenote_note":"","_monsterinsights_sitenote_category":0,"footnotes":""},"categories":[4],"tags":[4067],"class_list":["post"],"yoast_head":" \n<title>Sonora en Equipo. Gobierno de Hermosillo monitorea la calidad del aire Municipios<\/title>\n<meta name=\"description\" content=\"HERMOSILLO, SONORA,MX.\u2500 Desde su arranque como plan piloto en el a\u00f1o 2000, la Red de Monitoreo de Calidad del Aire, que opera el Instituto Municipal de En Sonora en Equipo publicamos toda la informaci\u00f3n de Sonora, M\u00e9xico y el Mundo de manera oportuna y busca que la libertad de expresi\u00f3n sea real. Visita nuestro medio informativo publicado desde Hermosillo, Sonora. %\" \/>\n<meta name=\"robots\" content=\"index, follow, max-snippet:-1, max-image-preview:large, max-video-preview:-1\" \/>\n<link rel=\"canonical\" href=\"https:\/\/www.sonoraenequipo.com.mx\/gobierno-de-hermosillo-monitorea-la-calidad-del-aire\/\" \/>\n<meta property=\"og:locale\" content=\"es_ES\" \/>\n<meta property=\"og:type\" content=\"article\" \/>\n<meta property=\"og:title\" content=\"Sonora en Equipo. Gobierno de Hermosillo monitorea la calidad del aire Municipios\" \/>\n<meta property=\"og:description\" content=\"HERMOSILLO, SONORA,MX.\u2500 Desde su arranque como plan piloto en el a\u00f1o 2000, la Red de Monitoreo de Calidad del Aire, que opera el Instituto Municipal de En Sonora en Equipo publicamos toda la informaci\u00f3n de Sonora, M\u00e9xico y el Mundo de manera oportuna y busca que la libertad de expresi\u00f3n sea real. Visita nuestro medio informativo publicado desde Hermosillo, Sonora. %\" \/>\n<meta property=\"og:url\" content=\"https:\/\/www.sonoraenequipo.com.mx\/gobierno-de-hermosillo-monitorea-la-calidad-del-aire\/\" \/>\n<meta property=\"og:site_name\" content=\"Sonora en Equipo.\" \/>\n<meta property=\"article:publisher\" content=\"https:\/\/www.facebook.com\/SonoraEE\/\" \/>\n<meta property=\"article:published_time\" content=\"2020-01-31T02:08:22+00:00\" \/>\n<meta property=\"og:image\" content=\"https:\/\/www.sonoraenequipo.com.mx\/storage\/2020\/01\/santa-napoles.jpg\" \/>\n\t<meta property=\"og:image:width\" content=\"600\" \/>\n\t<meta property=\"og:image:height\" content=\"400\" \/>\n\t<meta property=\"og:image:type\" content=\"image\/jpeg\" \/>\n<meta name=\"author\" content=\"enequipo\" \/>\n<meta name=\"twitter:card\" content=\"summary_large_image\" \/>\n<meta name=\"twitter:creator\" content=\"@sonoraenequipo\" \/>\n<meta name=\"twitter:site\" content=\"@sonoraenequipo\" \/>\n<meta name=\"twitter:label1\" content=\"Escrito por\" \/>\n\t<meta name=\"twitter:data1\" content=\"enequipo\" \/>\n\t<meta name=\"twitter:label2\" content=\"Tiempo de lectura\" \/>\n\t<meta name=\"twitter:data2\" content=\"2 minutos\" \/>\n<script type=\"application\/ld+json\" class=\"yoast-schema-graph\">{\"@context\":\"https:\/\/schema.org\",\"@graph\":[{\"@type\":\"Article\",\"@id\":\"https:\/\/www.sonoraenequipo.com.mx\/gobierno-de-hermosillo-monitorea-la-calidad-del-aire\/#article\",\"isPartOf\":{\"@id\":\"https:\/\/www.sonoraenequipo.com.mx\/gobierno-de-hermosillo-monitorea-la-calidad-del-aire\/\"},\"author\":{\"name\":\"enequipo\",\"@id\":\"https:\/\/www.sonoraenequipo.com.mx\/#\/schema\/person\/61a39de478a1763473ad55e8a95fddf6\"},\"headline\":\"Gobierno de Hermosillo monitorea la calidad del aire\",\"datePublished\":\"2020-01-31T02:08:22+00:00\",\"mainEntityOfPage\":{\"@id\":\"https:\/\/www.sonoraenequipo.com.mx\/gobierno-de-hermosillo-monitorea-la-calidad-del-aire\/\"},\"wordCount\":444,\"commentCount\":0,\"publisher\":{\"@id\":\"https:\/\/www.sonoraenequipo.com.mx\/#organization\"},\"image\":{\"@id\":\"https:\/\/www.sonoraenequipo.com.mx\/gobierno-de-hermosillo-monitorea-la-calidad-del-aire\/#primaryimage\"},\"thumbnailUrl\":\"https:\/\/www.sonoraenequipo.com.mx\/storage\/2020\/01\/santa-napoles.jpg\",\"keywords\":[\"Calidad del Aire\"],\"articleSection\":[\"Municipios\"],\"inLanguage\":\"es\",\"potentialAction\":[{\"@type\":\"CommentAction\",\"name\":\"Comment\",\"target\":[\"https:\/\/www.sonoraenequipo.com.mx\/gobierno-de-hermosillo-monitorea-la-calidad-del-aire\/#respond\"]}]},{\"@type\":\"WebPage\",\"@id\":\"https:\/\/www.sonoraenequipo.com.mx\/gobierno-de-hermosillo-monitorea-la-calidad-del-aire\/\",\"url\":\"https:\/\/www.sonoraenequipo.com.mx\/gobierno-de-hermosillo-monitorea-la-calidad-del-aire\/\",\"name\":\"Sonora en Equipo. Gobierno de Hermosillo monitorea la calidad del aire Municipios\",\"isPartOf\":{\"@id\":\"https:\/\/www.sonoraenequipo.com.mx\/#website\"},\"primaryImageOfPage\":{\"@id\":\"https:\/\/www.sonoraenequipo.com.mx\/gobierno-de-hermosillo-monitorea-la-calidad-del-aire\/#primaryimage\"},\"image\":{\"@id\":\"https:\/\/www.sonoraenequipo.com.mx\/gobierno-de-hermosillo-monitorea-la-calidad-del-aire\/#primaryimage\"},\"thumbnailUrl\":\"https:\/\/www.sonoraenequipo.com.mx\/storage\/2020\/01\/santa-napoles.jpg\",\"datePublished\":\"2020-01-31T02:08:22+00:00\",\"description\":\"HERMOSILLO, SONORA,MX.\u2500 Desde su arranque como plan piloto en el a\u00f1o 2000, la Red de Monitoreo de Calidad del Aire, que opera el Instituto Municipal de En Sonora en Equipo publicamos toda la informaci\u00f3n de Sonora, M\u00e9xico y el Mundo de manera oportuna y busca que la libertad de expresi\u00f3n sea real. Visita nuestro medio informativo publicado desde Hermosillo, Sonora. %\",\"breadcrumb\":{\"@id\":\"https:\/\/www.sonoraenequipo.com.mx\/gobierno-de-hermosillo-monitorea-la-calidad-del-aire\/#breadcrumb\"},\"inLanguage\":\"es\",\"potentialAction\":[{\"@type\":\"ReadAction\",\"target\":[\"https:\/\/www.sonoraenequipo.com.mx\/gobierno-de-hermosillo-monitorea-la-calidad-del-aire\/\"]}]},{\"@type\":\"ImageObject\",\"inLanguage\":\"es\",\"@id\":\"https:\/\/www.sonoraenequipo.com.mx\/gobierno-de-hermosillo-monitorea-la-calidad-del-aire\/#primaryimage\",\"url\":\"https:\/\/www.sonoraenequipo.com.mx\/storage\/2020\/01\/santa-napoles.jpg\",\"contentUrl\":\"https:\/\/www.sonoraenequipo.com.mx\/storage\/2020\/01\/santa-napoles.jpg\",\"width\":600,\"height\":400},{\"@type\":\"BreadcrumbList\",\"@id\":\"https:\/\/www.sonoraenequipo.com.mx\/gobierno-de-hermosillo-monitorea-la-calidad-del-aire\/#breadcrumb\",\"itemListElement\":[{\"@type\":\"ListItem\",\"position\":1,\"name\":\"Portada\",\"item\":\"https:\/\/www.sonoraenequipo.com.mx\/\"},{\"@type\":\"ListItem\",\"position\":2,\"name\":\"Gobierno de Hermosillo monitorea la calidad del aire\"}]},{\"@type\":\"WebSite\",\"@id\":\"https:\/\/www.sonoraenequipo.com.mx\/#website\",\"url\":\"https:\/\/www.sonoraenequipo.com.mx\/\",\"name\":\"Sonora en Equipo.\",\"description\":\"Diario en l\u00ednea con Noticias desde Hermosillo, Sonora\",\"publisher\":{\"@id\":\"https:\/\/www.sonoraenequipo.com.mx\/#organization\"},\"potentialAction\":[{\"@type\":\"SearchAction\",\"target\":{\"@type\":\"EntryPoint\",\"urlTemplate\":\"https:\/\/www.sonoraenequipo.com.mx\/?s={search_term_string}\"},\"query-input\":{\"@type\":\"PropertyValueSpecification\",\"valueRequired\":true,\"valueName\":\"search_term_string\"}}],\"inLanguage\":\"es\"},{\"@type\":\"Organization\",\"@id\":\"https:\/\/www.sonoraenequipo.com.mx\/#organization\",\"name\":\"Sonoraenequipo.com.mx\",\"url\":\"https:\/\/www.sonoraenequipo.com.mx\/\",\"logo\":{\"@type\":\"ImageObject\",\"inLanguage\":\"es\",\"@id\":\"https:\/\/www.sonoraenequipo.com.mx\/#\/schema\/logo\/image\/\",\"url\":\"https:\/\/www.sonoraenequipo.com.mx\/storage\/2019\/01\/sonoraenequipo_opt.png\",\"contentUrl\":\"https:\/\/www.sonoraenequipo.com.mx\/storage\/2019\/01\/sonoraenequipo_opt.png\",\"width\":375,\"height\":125,\"caption\":\"Sonoraenequipo.com.mx\"},\"image\":{\"@id\":\"https:\/\/www.sonoraenequipo.com.mx\/#\/schema\/logo\/image\/\"},\"sameAs\":[\"https:\/\/www.facebook.com\/SonoraEE\/\",\"https:\/\/x.com\/sonoraenequipo\",\"https:\/\/www.youtube.com\/channel\/UC338nW-lPEYmJQs4ZABQ1SQ\"]},{\"@type\":\"Person\",\"@id\":\"https:\/\/www.sonoraenequipo.com.mx\/#\/schema\/person\/61a39de478a1763473ad55e8a95fddf6\",\"name\":\"enequipo\",\"image\":{\"@type\":\"ImageObject\",\"inLanguage\":\"es\",\"@id\":\"https:\/\/www.sonoraenequipo.com.mx\/#\/schema\/person\/image\/\",\"url\":\"https:\/\/secure.gravatar.com\/avatar\/e39bc3016d8af598aed3d770c9510dfc2795f37ea1733d99fcc6e97d2c3c9f5e?s=96&d=blank&r=g\",\"contentUrl\":\"https:\/\/secure.gravatar.com\/avatar\/e39bc3016d8af598aed3d770c9510dfc2795f37ea1733d99fcc6e97d2c3c9f5e?s=96&d=blank&r=g\",\"caption\":\"enequipo\"}}]}<\/script>\n ","yoast_head_json":{"title":"Sonora en Equipo. Gobierno de Hermosillo monitorea la calidad del aire Municipios","description":"HERMOSILLO, SONORA,MX.\u2500 Desde su arranque como plan piloto en el a\u00f1o 2000, la Red de Monitoreo de Calidad del Aire, que opera el Instituto Municipal de En Sonora en Equipo publicamos toda la informaci\u00f3n de Sonora, M\u00e9xico y el Mundo de manera oportuna y busca que la libertad de expresi\u00f3n sea real. Visita nuestro medio informativo publicado desde Hermosillo, Sonora. %","robots":{"index":"index","follow":"follow","max-snippet":"max-snippet:-1","max-image-preview":"max-image-preview:large","max-video-preview":"max-video-preview:-1"},"canonical":"https:\/\/www.sonoraenequipo.com.mx\/gobierno-de-hermosillo-monitorea-la-calidad-del-aire\/","og_locale":"es_ES","og_type":"article","og_title":"Sonora en Equipo. Gobierno de Hermosillo monitorea la calidad del aire Municipios","og_description":"HERMOSILLO, SONORA,MX.\u2500 Desde su arranque como plan piloto en el a\u00f1o 2000, la Red de Monitoreo de Calidad del Aire, que opera el Instituto Municipal de En Sonora en Equipo publicamos toda la informaci\u00f3n de Sonora, M\u00e9xico y el Mundo de manera oportuna y busca que la libertad de expresi\u00f3n sea real. Visita nuestro medio informativo publicado desde Hermosillo, Sonora. %","og_url":"https:\/\/www.sonoraenequipo.com.mx\/gobierno-de-hermosillo-monitorea-la-calidad-del-aire\/","og_site_name":"Sonora en Equipo.","article_publisher":"https:\/\/www.facebook.com\/SonoraEE\/","article_published_time":"2020-01-31T02:08:22+00:00","og_image":[{"width":600,"height":400,"url":"https:\/\/www.sonoraenequipo.com.mx\/storage\/2020\/01\/santa-napoles.jpg","type":"image\/jpeg"}],"author":"enequipo","twitter_card":"summary_large_image","twitter_creator":"@sonoraenequipo","twitter_site":"@sonoraenequipo","twitter_misc":{"Escrito por":"enequipo","Tiempo de lectura":"2 minutos"},"schema":{"@context":"https:\/\/schema.org","@graph":[{"@type":"Article","@id":"https:\/\/www.sonoraenequipo.com.mx\/gobierno-de-hermosillo-monitorea-la-calidad-del-aire\/#article","isPartOf":{"@id":"https:\/\/www.sonoraenequipo.com.mx\/gobierno-de-hermosillo-monitorea-la-calidad-del-aire\/"},"author":{"name":"enequipo","@id":"https:\/\/www.sonoraenequipo.com.mx\/#\/schema\/person\/61a39de478a1763473ad55e8a95fddf6"},"headline":"Gobierno de Hermosillo monitorea la calidad del aire","datePublished":"2020-01-31T02:08:22+00:00","mainEntityOfPage":{"@id":"https:\/\/www.sonoraenequipo.com.mx\/gobierno-de-hermosillo-monitorea-la-calidad-del-aire\/"},"wordCount":444,"commentCount":0,"publisher":{"@id":"https:\/\/www.sonoraenequipo.com.mx\/#organization"},"image":{"@id":"https:\/\/www.sonoraenequipo.com.mx\/gobierno-de-hermosillo-monitorea-la-calidad-del-aire\/#primaryimage"},"thumbnailUrl":"https:\/\/www.sonoraenequipo.com.mx\/storage\/2020\/01\/santa-napoles.jpg","keywords":["Calidad del Aire"],"articleSection":["Municipios"],"inLanguage":"es","potentialAction":[{"@type":"CommentAction","name":"Comment","target":["https:\/\/www.sonoraenequipo.com.mx\/gobierno-de-hermosillo-monitorea-la-calidad-del-aire\/#respond"]}]},{"@type":"WebPage","@id":"https:\/\/www.sonoraenequipo.com.mx\/gobierno-de-hermosillo-monitorea-la-calidad-del-aire\/","url":"https:\/\/www.sonoraenequipo.com.mx\/gobierno-de-hermosillo-monitorea-la-calidad-del-aire\/","name":"Sonora en Equipo. Gobierno de Hermosillo monitorea la calidad del aire Municipios","isPartOf":{"@id":"https:\/\/www.sonoraenequipo.com.mx\/#website"},"primaryImageOfPage":{"@id":"https:\/\/www.sonoraenequipo.com.mx\/gobierno-de-hermosillo-monitorea-la-calidad-del-aire\/#primaryimage"},"image":{"@id":"https:\/\/www.sonoraenequipo.com.mx\/gobierno-de-hermosillo-monitorea-la-calidad-del-aire\/#primaryimage"},"thumbnailUrl":"https:\/\/www.sonoraenequipo.com.mx\/storage\/2020\/01\/santa-napoles.jpg","datePublished":"2020-01-31T02:08:22+00:00","description":"HERMOSILLO, SONORA,MX.\u2500 Desde su arranque como plan piloto en el a\u00f1o 2000, la Red de Monitoreo de Calidad del Aire, que opera el Instituto Municipal de En Sonora en Equipo publicamos toda la informaci\u00f3n de Sonora, M\u00e9xico y el Mundo de manera oportuna y busca que la libertad de expresi\u00f3n sea real. Visita nuestro medio informativo publicado desde Hermosillo, Sonora. %","breadcrumb":{"@id":"https:\/\/www.sonoraenequipo.com.mx\/gobierno-de-hermosillo-monitorea-la-calidad-del-aire\/#breadcrumb"},"inLanguage":"es","potentialAction":[{"@type":"ReadAction","target":["https:\/\/www.sonoraenequipo.com.mx\/gobierno-de-hermosillo-monitorea-la-calidad-del-aire\/"]}]},{"@type":"ImageObject","inLanguage":"es","@id":"https:\/\/www.sonoraenequipo.com.mx\/gobierno-de-hermosillo-monitorea-la-calidad-del-aire\/#primaryimage","url":"https:\/\/www.sonoraenequipo.com.mx\/storage\/2020\/01\/santa-napoles.jpg","contentUrl":"https:\/\/www.sonoraenequipo.com.mx\/storage\/2020\/01\/santa-napoles.jpg","width":600,"height":400},{"@type":"BreadcrumbList","@id":"https:\/\/www.sonoraenequipo.com.mx\/gobierno-de-hermosillo-monitorea-la-calidad-del-aire\/#breadcrumb","itemListElement":[{"@type":"ListItem","position":1,"name":"Portada","item":"https:\/\/www.sonoraenequipo.com.mx\/"},{"@type":"ListItem","position":2,"name":"Gobierno de Hermosillo monitorea la calidad del aire"}]},{"@type":"WebSite","@id":"https:\/\/www.sonoraenequipo.com.mx\/#website","url":"https:\/\/www.sonoraenequipo.com.mx\/","name":"Sonora en Equipo.","description":"Diario en l\u00ednea con Noticias desde Hermosillo, Sonora","publisher":{"@id":"https:\/\/www.sonoraenequipo.com.mx\/#organization"},"potentialAction":[{"@type":"SearchAction","target":{"@type":"EntryPoint","urlTemplate":"https:\/\/www.sonoraenequipo.com.mx\/?s={search_term_string}"},"query-input":{"@type":"PropertyValueSpecification","valueRequired":true,"valueName":"search_term_string"}}],"inLanguage":"es"},{"@type":"Organization","@id":"https:\/\/www.sonoraenequipo.com.mx\/#organization","name":"Sonoraenequipo.com.mx","url":"https:\/\/www.sonoraenequipo.com.mx\/","logo":{"@type":"ImageObject","inLanguage":"es","@id":"https:\/\/www.sonoraenequipo.com.mx\/#\/schema\/logo\/image\/","url":"https:\/\/www.sonoraenequipo.com.mx\/storage\/2019\/01\/sonoraenequipo_opt.png","contentUrl":"https:\/\/www.sonoraenequipo.com.mx\/storage\/2019\/01\/sonoraenequipo_opt.png","width":375,"height":125,"caption":"Sonoraenequipo.com.mx"},"image":{"@id":"https:\/\/www.sonoraenequipo.com.mx\/#\/schema\/logo\/image\/"},"sameAs":["https:\/\/www.facebook.com\/SonoraEE\/","https:\/\/x.com\/sonoraenequipo","https:\/\/www.youtube.com\/channel\/UC338nW-lPEYmJQs4ZABQ1SQ"]},{"@type":"Person","@id":"https:\/\/www.sonoraenequipo.com.mx\/#\/schema\/person\/61a39de478a1763473ad55e8a95fddf6","name":"enequipo","image":{"@type":"ImageObject","inLanguage":"es","@id":"https:\/\/www.sonoraenequipo.com.mx\/#\/schema\/person\/image\/","url":"https:\/\/secure.gravatar.com\/avatar\/e39bc3016d8af598aed3d770c9510dfc2795f37ea1733d99fcc6e97d2c3c9f5e?s=96&d=blank&r=g","contentUrl":"https:\/\/secure.gravatar.com\/avatar\/e39bc3016d8af598aed3d770c9510dfc2795f37ea1733d99fcc6e97d2c3c9f5e?s=96&d=blank&r=g","caption":"enequipo"}}]}},"jetpack_featured_media_url":"https:\/\/www.sonoraenequipo.com.mx\/storage\/2020\/01\/santa-napoles.jpg","_links":{"self":[{"href":"https:\/\/www.sonoraenequipo.com.mx\/api\/wp\/v2\/posts\/76898","targetHints":{"allow":["GET"]}}],"collection":[{"href":"https:\/\/www.sonoraenequipo.com.mx\/api\/wp\/v2\/posts"}],"about":[{"href":"https:\/\/www.sonoraenequipo.com.mx\/api\/wp\/v2\/types\/post"}],"author":[{"embeddable":true,"href":"https:\/\/www.sonoraenequipo.com.mx\/api\/wp\/v2\/users\/178"}],"replies":[{"embeddable":true,"href":"https:\/\/www.sonoraenequipo.com.mx\/api\/wp\/v2\/comments?post=76898"}],"version-history":[{"count":0,"href":"https:\/\/www.sonoraenequipo.com.mx\/api\/wp\/v2\/posts\/76898\/revisions"}],"wp:featuredmedia":[{"embeddable":true,"href":"https:\/\/www.sonoraenequipo.com.mx\/api\/wp\/v2\/media\/76899"}],"wp:attachment":[{"href":"https:\/\/www.sonoraenequipo.com.mx\/api\/wp\/v2\/media?parent=76898"}],"wp:term":[{"taxonomy":"category","embeddable":true,"href":"https:\/\/www.sonoraenequipo.com.mx\/api\/wp\/v2\/categories?post=76898"},{"taxonomy":"post_tag","embeddable":true,"href":"https:\/\/www.sonoraenequipo.com.mx\/api\/wp\/v2\/tags?post=76898"}],"curies":[{"name":"wp","href":"https:\/\/api.w.org\/{rel}","templated":true}]}}