{"id":76901,"date":"2020-01-30T19:15:15","date_gmt":"2020-01-31T02:15:15","guid":{"rendered":"https:\/\/www.sonoraenequipo.com.mx\/?p=76901"},"modified":"2020-01-30T19:15:15","modified_gmt":"2020-01-31T02:15:15","slug":"sabado-del-tilichero-de-febrero-beneficiara-a-dos-familias-con-el-apoyo-de-la-comunidad","status":"publish","type":"post","link":"https:\/\/www.sonoraenequipo.com.mx\/sabado-del-tilichero-de-febrero-beneficiara-a-dos-familias-con-el-apoyo-de-la-comunidad\/","title":{"rendered":"S\u00e1bado del Tilichero de Febrero Beneficiar\u00e1 a dos familias con el \u00a0apoyo de la comunidad"},"content":{"rendered":"<p>HERMOSILLO, SONORA,MX.\u2500 Este s\u00e1bado primero de febrero los ciudadanos de vocaci\u00f3n altruista de Hermosillo tendr\u00e1n oportunidad de ayudar a salir de su dif\u00edcil trance a dos familias que perdieron todas sus posesiones materiales al incendiarse sus viviendas, anunci\u00f3 Norberto Barraza Almaz\u00e1n. <\/p>\n<p>&nbsp;<\/p>\n<p>El coordinador de Servicios P\u00fablicos Municipales reiter\u00f3 el llamado a la solidaridad para apoyar a quienes estar\u00e1n esperando en dos puntos de acopio los objetos \u00fatiles que a otros ciudadanos ya no les sean de utilidad.<\/p>\n<p>&nbsp;<\/p>\n<p>En el que se instalar\u00e1 por fuera de Soriana Bachoco estar\u00e1 Karla Morales, una joven jefa de familia con dos ni\u00f1os varones, de 5 y 7 a\u00f1os, cuya casa en la colonia San Luis fue consumida por el fuego con todo su contenido a inicios de enero, detall\u00f3 el funcionario municipal.<\/p>\n<p>&nbsp;<\/p>\n<p>Ese mismo d\u00eda, pero en la explanada frontal del estadio H\u00e9ctor Espino, habr\u00e1 miembros de la familia Garc\u00eda Arvizu, quienes la semana pasada vieron consumirse en un incendio sus bienes materiales en la colonia Villa Verde. En este caso tienen cuatro hijos varones de 16, 14, 6 y 4 a\u00f1os, as\u00ed como una ni\u00f1a de 8, abund\u00f3.<\/p>\n<p>&nbsp;<\/p>\n<p>Ofreci\u00f3 el n\u00famero telef\u00f3nico 62 04 03 76 a quienes deseen donar un art\u00edculo y no tengan forma de llevarlo, para que llamen y se les apoyar\u00e1 con dicho traslado.<\/p>\n<p>&nbsp;<\/p>\n<p>Barraza Almaz\u00e1n record\u00f3 que los S\u00e1bados del Tilichero que se organizan a inicios de cada mes durante todo el a\u00f1o tienen tambi\u00e9n la funci\u00f3n de recibir toda clase de desechos no dom\u00e9sticos y de gran volumen de los que necesiten deshacerse los hermosillenses.<\/p>\n<p>&nbsp;<\/p>\n<p>Lista la chocolatiza para celebrar este s\u00e1bado el \u201cD\u00eda del Recolector de Basura\u201d<\/p>\n<p>&nbsp;<\/p>\n<p>Como una forma de sumarse al reconocimiento de la comunidad hermosillense a la importante funci\u00f3n que cumple el personal del \u00e1rea de recolecci\u00f3n de la ciudad, el Gobierno Municipal de Hermosillo les ofrecer\u00e1 durante las primeras horas de este primero de febrero su ya tradicional chocolatiza.<\/p>\n<p>&nbsp;<\/p>\n<p>El coordinador de Servicios P\u00fablicos Municipales inform\u00f3 que durante este sencillo festejo, previo al inicio de la jornada laboral del d\u00eda, que tendr\u00e1 lugar en los patios de la dependencia, se les entregar\u00e1n reconocimientos y est\u00edmulos econ\u00f3micos a quienes suman 30 a\u00f1os de servicio, as\u00ed como a los empleados que han destacado en el a\u00f1o como la mejor tripulaci\u00f3n, la mejor cuadrilla y el mejor supervisor.<\/p>\n<p>&nbsp;<\/p>\n<p>Mencion\u00f3 que ya es tradici\u00f3n que los ciudadanos hermosillenses entreguen obsequios a los recolectores que retiran los desechos dom\u00e9sticos de sus hogares, lo cual es una forma de reconocimiento por un arduo y dif\u00edcil trabajo. Aclar\u00f3 que cualquier regalo, en efectivo o en especie, es completamente voluntario.<\/p>\n<p>Fecha de publicaci\u00f3n 30\/ene\/2020<\/p>\n<p>&nbsp;<\/p>\n","protected":false},"excerpt":{"rendered":"<p>HERMOSILLO, SONORA,MX.\u2500 Este s\u00e1bado primero de febrero los ciudadanos de vocaci\u00f3n altruista de Hermosillo tendr\u00e1n&#8230;<\/p>\n","protected":false},"author":178,"featured_media":51814,"comment_status":"open","ping_status":"open","sticky":false,"template":"","format":"standard","meta":{"_monsterinsights_skip_tracking":false,"_monsterinsights_sitenote_active":false,"_monsterinsights_sitenote_note":"","_monsterinsights_sitenote_category":0,"footnotes":""},"categories":[4],"tags":[4068],"class_list":["post"],"yoast_head":" \n<title>Sonora en Equipo. S\u00e1bado del Tilichero de Febrero Beneficiar\u00e1 a dos familias con el \u00a0apoyo de la comunidad Municipios<\/title>\n<meta name=\"description\" content=\"HERMOSILLO, SONORA,MX.\u2500 Este s\u00e1bado primero de febrero los ciudadanos de vocaci\u00f3n altruista de Hermosillo tendr\u00e1n oportunidad de ayudar a salir de su En Sonora en Equipo publicamos toda la informaci\u00f3n de Sonora, M\u00e9xico y el Mundo de manera oportuna y busca que la libertad de expresi\u00f3n sea real. Visita nuestro medio informativo publicado desde Hermosillo, Sonora. %\" \/>\n<meta name=\"robots\" content=\"index, follow, max-snippet:-1, max-image-preview:large, max-video-preview:-1\" \/>\n<link rel=\"canonical\" href=\"https:\/\/www.sonoraenequipo.com.mx\/sabado-del-tilichero-de-febrero-beneficiara-a-dos-familias-con-el-apoyo-de-la-comunidad\/\" \/>\n<meta property=\"og:locale\" content=\"es_ES\" \/>\n<meta property=\"og:type\" content=\"article\" \/>\n<meta property=\"og:title\" content=\"Sonora en Equipo. S\u00e1bado del Tilichero de Febrero Beneficiar\u00e1 a dos familias con el \u00a0apoyo de la comunidad Municipios\" \/>\n<meta property=\"og:description\" content=\"HERMOSILLO, SONORA,MX.\u2500 Este s\u00e1bado primero de febrero los ciudadanos de vocaci\u00f3n altruista de Hermosillo tendr\u00e1n oportunidad de ayudar a salir de su En Sonora en Equipo publicamos toda la informaci\u00f3n de Sonora, M\u00e9xico y el Mundo de manera oportuna y busca que la libertad de expresi\u00f3n sea real. Visita nuestro medio informativo publicado desde Hermosillo, Sonora. %\" \/>\n<meta property=\"og:url\" content=\"https:\/\/www.sonoraenequipo.com.mx\/sabado-del-tilichero-de-febrero-beneficiara-a-dos-familias-con-el-apoyo-de-la-comunidad\/\" \/>\n<meta property=\"og:site_name\" content=\"Sonora en Equipo.\" \/>\n<meta property=\"article:publisher\" content=\"https:\/\/www.facebook.com\/SonoraEE\/\" \/>\n<meta property=\"article:published_time\" content=\"2020-01-31T02:15:15+00:00\" \/>\n<meta property=\"og:image\" content=\"https:\/\/www.sonoraenequipo.com.mx\/storage\/2019\/01\/tilichero_opt1.jpg\" \/>\n\t<meta property=\"og:image:width\" content=\"600\" \/>\n\t<meta property=\"og:image:height\" content=\"400\" \/>\n\t<meta property=\"og:image:type\" content=\"image\/jpeg\" \/>\n<meta name=\"author\" content=\"enequipo\" \/>\n<meta name=\"twitter:card\" content=\"summary_large_image\" \/>\n<meta name=\"twitter:creator\" content=\"@sonoraenequipo\" \/>\n<meta name=\"twitter:site\" content=\"@sonoraenequipo\" \/>\n<meta name=\"twitter:label1\" content=\"Escrito por\" \/>\n\t<meta name=\"twitter:data1\" content=\"enequipo\" \/>\n\t<meta name=\"twitter:label2\" content=\"Tiempo de lectura\" \/>\n\t<meta name=\"twitter:data2\" content=\"2 minutos\" \/>\n<script type=\"application\/ld+json\" class=\"yoast-schema-graph\">{\"@context\":\"https:\/\/schema.org\",\"@graph\":[{\"@type\":\"Article\",\"@id\":\"https:\/\/www.sonoraenequipo.com.mx\/sabado-del-tilichero-de-febrero-beneficiara-a-dos-familias-con-el-apoyo-de-la-comunidad\/#article\",\"isPartOf\":{\"@id\":\"https:\/\/www.sonoraenequipo.com.mx\/sabado-del-tilichero-de-febrero-beneficiara-a-dos-familias-con-el-apoyo-de-la-comunidad\/\"},\"author\":{\"name\":\"enequipo\",\"@id\":\"https:\/\/www.sonoraenequipo.com.mx\/#\/schema\/person\/61a39de478a1763473ad55e8a95fddf6\"},\"headline\":\"S\u00e1bado del Tilichero de Febrero Beneficiar\u00e1 a dos familias con el \u00a0apoyo de la comunidad\",\"datePublished\":\"2020-01-31T02:15:15+00:00\",\"mainEntityOfPage\":{\"@id\":\"https:\/\/www.sonoraenequipo.com.mx\/sabado-del-tilichero-de-febrero-beneficiara-a-dos-familias-con-el-apoyo-de-la-comunidad\/\"},\"wordCount\":488,\"commentCount\":0,\"publisher\":{\"@id\":\"https:\/\/www.sonoraenequipo.com.mx\/#organization\"},\"image\":{\"@id\":\"https:\/\/www.sonoraenequipo.com.mx\/sabado-del-tilichero-de-febrero-beneficiara-a-dos-familias-con-el-apoyo-de-la-comunidad\/#primaryimage\"},\"thumbnailUrl\":\"https:\/\/www.sonoraenequipo.com.mx\/storage\/2019\/01\/tilichero_opt1.jpg\",\"keywords\":[\"Norberto Barraza\"],\"articleSection\":[\"Municipios\"],\"inLanguage\":\"es\",\"potentialAction\":[{\"@type\":\"CommentAction\",\"name\":\"Comment\",\"target\":[\"https:\/\/www.sonoraenequipo.com.mx\/sabado-del-tilichero-de-febrero-beneficiara-a-dos-familias-con-el-apoyo-de-la-comunidad\/#respond\"]}]},{\"@type\":\"WebPage\",\"@id\":\"https:\/\/www.sonoraenequipo.com.mx\/sabado-del-tilichero-de-febrero-beneficiara-a-dos-familias-con-el-apoyo-de-la-comunidad\/\",\"url\":\"https:\/\/www.sonoraenequipo.com.mx\/sabado-del-tilichero-de-febrero-beneficiara-a-dos-familias-con-el-apoyo-de-la-comunidad\/\",\"name\":\"Sonora en Equipo. S\u00e1bado del Tilichero de Febrero Beneficiar\u00e1 a dos familias con el \u00a0apoyo de la comunidad Municipios\",\"isPartOf\":{\"@id\":\"https:\/\/www.sonoraenequipo.com.mx\/#website\"},\"primaryImageOfPage\":{\"@id\":\"https:\/\/www.sonoraenequipo.com.mx\/sabado-del-tilichero-de-febrero-beneficiara-a-dos-familias-con-el-apoyo-de-la-comunidad\/#primaryimage\"},\"image\":{\"@id\":\"https:\/\/www.sonoraenequipo.com.mx\/sabado-del-tilichero-de-febrero-beneficiara-a-dos-familias-con-el-apoyo-de-la-comunidad\/#primaryimage\"},\"thumbnailUrl\":\"https:\/\/www.sonoraenequipo.com.mx\/storage\/2019\/01\/tilichero_opt1.jpg\",\"datePublished\":\"2020-01-31T02:15:15+00:00\",\"description\":\"HERMOSILLO, SONORA,MX.\u2500 Este s\u00e1bado primero de febrero los ciudadanos de vocaci\u00f3n altruista de Hermosillo tendr\u00e1n oportunidad de ayudar a salir de su En Sonora en Equipo publicamos toda la informaci\u00f3n de Sonora, M\u00e9xico y el Mundo de manera oportuna y busca que la libertad de expresi\u00f3n sea real. Visita nuestro medio informativo publicado desde Hermosillo, Sonora. %\",\"breadcrumb\":{\"@id\":\"https:\/\/www.sonoraenequipo.com.mx\/sabado-del-tilichero-de-febrero-beneficiara-a-dos-familias-con-el-apoyo-de-la-comunidad\/#breadcrumb\"},\"inLanguage\":\"es\",\"potentialAction\":[{\"@type\":\"ReadAction\",\"target\":[\"https:\/\/www.sonoraenequipo.com.mx\/sabado-del-tilichero-de-febrero-beneficiara-a-dos-familias-con-el-apoyo-de-la-comunidad\/\"]}]},{\"@type\":\"ImageObject\",\"inLanguage\":\"es\",\"@id\":\"https:\/\/www.sonoraenequipo.com.mx\/sabado-del-tilichero-de-febrero-beneficiara-a-dos-familias-con-el-apoyo-de-la-comunidad\/#primaryimage\",\"url\":\"https:\/\/www.sonoraenequipo.com.mx\/storage\/2019\/01\/tilichero_opt1.jpg\",\"contentUrl\":\"https:\/\/www.sonoraenequipo.com.mx\/storage\/2019\/01\/tilichero_opt1.jpg\",\"width\":600,\"height\":400},{\"@type\":\"BreadcrumbList\",\"@id\":\"https:\/\/www.sonoraenequipo.com.mx\/sabado-del-tilichero-de-febrero-beneficiara-a-dos-familias-con-el-apoyo-de-la-comunidad\/#breadcrumb\",\"itemListElement\":[{\"@type\":\"ListItem\",\"position\":1,\"name\":\"Portada\",\"item\":\"https:\/\/www.sonoraenequipo.com.mx\/\"},{\"@type\":\"ListItem\",\"position\":2,\"name\":\"S\u00e1bado del Tilichero de Febrero Beneficiar\u00e1 a dos familias con el \u00a0apoyo de la comunidad\"}]},{\"@type\":\"WebSite\",\"@id\":\"https:\/\/www.sonoraenequipo.com.mx\/#website\",\"url\":\"https:\/\/www.sonoraenequipo.com.mx\/\",\"name\":\"Sonora en Equipo.\",\"description\":\"Diario en l\u00ednea con Noticias desde Hermosillo, Sonora\",\"publisher\":{\"@id\":\"https:\/\/www.sonoraenequipo.com.mx\/#organization\"},\"potentialAction\":[{\"@type\":\"SearchAction\",\"target\":{\"@type\":\"EntryPoint\",\"urlTemplate\":\"https:\/\/www.sonoraenequipo.com.mx\/?s={search_term_string}\"},\"query-input\":{\"@type\":\"PropertyValueSpecification\",\"valueRequired\":true,\"valueName\":\"search_term_string\"}}],\"inLanguage\":\"es\"},{\"@type\":\"Organization\",\"@id\":\"https:\/\/www.sonoraenequipo.com.mx\/#organization\",\"name\":\"Sonoraenequipo.com.mx\",\"url\":\"https:\/\/www.sonoraenequipo.com.mx\/\",\"logo\":{\"@type\":\"ImageObject\",\"inLanguage\":\"es\",\"@id\":\"https:\/\/www.sonoraenequipo.com.mx\/#\/schema\/logo\/image\/\",\"url\":\"https:\/\/www.sonoraenequipo.com.mx\/storage\/2019\/01\/sonoraenequipo_opt.png\",\"contentUrl\":\"https:\/\/www.sonoraenequipo.com.mx\/storage\/2019\/01\/sonoraenequipo_opt.png\",\"width\":375,\"height\":125,\"caption\":\"Sonoraenequipo.com.mx\"},\"image\":{\"@id\":\"https:\/\/www.sonoraenequipo.com.mx\/#\/schema\/logo\/image\/\"},\"sameAs\":[\"https:\/\/www.facebook.com\/SonoraEE\/\",\"https:\/\/x.com\/sonoraenequipo\",\"https:\/\/www.youtube.com\/channel\/UC338nW-lPEYmJQs4ZABQ1SQ\"]},{\"@type\":\"Person\",\"@id\":\"https:\/\/www.sonoraenequipo.com.mx\/#\/schema\/person\/61a39de478a1763473ad55e8a95fddf6\",\"name\":\"enequipo\",\"image\":{\"@type\":\"ImageObject\",\"inLanguage\":\"es\",\"@id\":\"https:\/\/www.sonoraenequipo.com.mx\/#\/schema\/person\/image\/\",\"url\":\"https:\/\/secure.gravatar.com\/avatar\/e39bc3016d8af598aed3d770c9510dfc2795f37ea1733d99fcc6e97d2c3c9f5e?s=96&d=blank&r=g\",\"contentUrl\":\"https:\/\/secure.gravatar.com\/avatar\/e39bc3016d8af598aed3d770c9510dfc2795f37ea1733d99fcc6e97d2c3c9f5e?s=96&d=blank&r=g\",\"caption\":\"enequipo\"}}]}<\/script>\n ","yoast_head_json":{"title":"Sonora en Equipo. S\u00e1bado del Tilichero de Febrero Beneficiar\u00e1 a dos familias con el \u00a0apoyo de la comunidad Municipios","description":"HERMOSILLO, SONORA,MX.\u2500 Este s\u00e1bado primero de febrero los ciudadanos de vocaci\u00f3n altruista de Hermosillo tendr\u00e1n oportunidad de ayudar a salir de su En Sonora en Equipo publicamos toda la informaci\u00f3n de Sonora, M\u00e9xico y el Mundo de manera oportuna y busca que la libertad de expresi\u00f3n sea real. Visita nuestro medio informativo publicado desde Hermosillo, Sonora. %","robots":{"index":"index","follow":"follow","max-snippet":"max-snippet:-1","max-image-preview":"max-image-preview:large","max-video-preview":"max-video-preview:-1"},"canonical":"https:\/\/www.sonoraenequipo.com.mx\/sabado-del-tilichero-de-febrero-beneficiara-a-dos-familias-con-el-apoyo-de-la-comunidad\/","og_locale":"es_ES","og_type":"article","og_title":"Sonora en Equipo. S\u00e1bado del Tilichero de Febrero Beneficiar\u00e1 a dos familias con el \u00a0apoyo de la comunidad Municipios","og_description":"HERMOSILLO, SONORA,MX.\u2500 Este s\u00e1bado primero de febrero los ciudadanos de vocaci\u00f3n altruista de Hermosillo tendr\u00e1n oportunidad de ayudar a salir de su En Sonora en Equipo publicamos toda la informaci\u00f3n de Sonora, M\u00e9xico y el Mundo de manera oportuna y busca que la libertad de expresi\u00f3n sea real. Visita nuestro medio informativo publicado desde Hermosillo, Sonora. %","og_url":"https:\/\/www.sonoraenequipo.com.mx\/sabado-del-tilichero-de-febrero-beneficiara-a-dos-familias-con-el-apoyo-de-la-comunidad\/","og_site_name":"Sonora en Equipo.","article_publisher":"https:\/\/www.facebook.com\/SonoraEE\/","article_published_time":"2020-01-31T02:15:15+00:00","og_image":[{"width":600,"height":400,"url":"https:\/\/www.sonoraenequipo.com.mx\/storage\/2019\/01\/tilichero_opt1.jpg","type":"image\/jpeg"}],"author":"enequipo","twitter_card":"summary_large_image","twitter_creator":"@sonoraenequipo","twitter_site":"@sonoraenequipo","twitter_misc":{"Escrito por":"enequipo","Tiempo de lectura":"2 minutos"},"schema":{"@context":"https:\/\/schema.org","@graph":[{"@type":"Article","@id":"https:\/\/www.sonoraenequipo.com.mx\/sabado-del-tilichero-de-febrero-beneficiara-a-dos-familias-con-el-apoyo-de-la-comunidad\/#article","isPartOf":{"@id":"https:\/\/www.sonoraenequipo.com.mx\/sabado-del-tilichero-de-febrero-beneficiara-a-dos-familias-con-el-apoyo-de-la-comunidad\/"},"author":{"name":"enequipo","@id":"https:\/\/www.sonoraenequipo.com.mx\/#\/schema\/person\/61a39de478a1763473ad55e8a95fddf6"},"headline":"S\u00e1bado del Tilichero de Febrero Beneficiar\u00e1 a dos familias con el \u00a0apoyo de la comunidad","datePublished":"2020-01-31T02:15:15+00:00","mainEntityOfPage":{"@id":"https:\/\/www.sonoraenequipo.com.mx\/sabado-del-tilichero-de-febrero-beneficiara-a-dos-familias-con-el-apoyo-de-la-comunidad\/"},"wordCount":488,"commentCount":0,"publisher":{"@id":"https:\/\/www.sonoraenequipo.com.mx\/#organization"},"image":{"@id":"https:\/\/www.sonoraenequipo.com.mx\/sabado-del-tilichero-de-febrero-beneficiara-a-dos-familias-con-el-apoyo-de-la-comunidad\/#primaryimage"},"thumbnailUrl":"https:\/\/www.sonoraenequipo.com.mx\/storage\/2019\/01\/tilichero_opt1.jpg","keywords":["Norberto Barraza"],"articleSection":["Municipios"],"inLanguage":"es","potentialAction":[{"@type":"CommentAction","name":"Comment","target":["https:\/\/www.sonoraenequipo.com.mx\/sabado-del-tilichero-de-febrero-beneficiara-a-dos-familias-con-el-apoyo-de-la-comunidad\/#respond"]}]},{"@type":"WebPage","@id":"https:\/\/www.sonoraenequipo.com.mx\/sabado-del-tilichero-de-febrero-beneficiara-a-dos-familias-con-el-apoyo-de-la-comunidad\/","url":"https:\/\/www.sonoraenequipo.com.mx\/sabado-del-tilichero-de-febrero-beneficiara-a-dos-familias-con-el-apoyo-de-la-comunidad\/","name":"Sonora en Equipo. S\u00e1bado del Tilichero de Febrero Beneficiar\u00e1 a dos familias con el \u00a0apoyo de la comunidad Municipios","isPartOf":{"@id":"https:\/\/www.sonoraenequipo.com.mx\/#website"},"primaryImageOfPage":{"@id":"https:\/\/www.sonoraenequipo.com.mx\/sabado-del-tilichero-de-febrero-beneficiara-a-dos-familias-con-el-apoyo-de-la-comunidad\/#primaryimage"},"image":{"@id":"https:\/\/www.sonoraenequipo.com.mx\/sabado-del-tilichero-de-febrero-beneficiara-a-dos-familias-con-el-apoyo-de-la-comunidad\/#primaryimage"},"thumbnailUrl":"https:\/\/www.sonoraenequipo.com.mx\/storage\/2019\/01\/tilichero_opt1.jpg","datePublished":"2020-01-31T02:15:15+00:00","description":"HERMOSILLO, SONORA,MX.\u2500 Este s\u00e1bado primero de febrero los ciudadanos de vocaci\u00f3n altruista de Hermosillo tendr\u00e1n oportunidad de ayudar a salir de su En Sonora en Equipo publicamos toda la informaci\u00f3n de Sonora, M\u00e9xico y el Mundo de manera oportuna y busca que la libertad de expresi\u00f3n sea real. Visita nuestro medio informativo publicado desde Hermosillo, Sonora. %","breadcrumb":{"@id":"https:\/\/www.sonoraenequipo.com.mx\/sabado-del-tilichero-de-febrero-beneficiara-a-dos-familias-con-el-apoyo-de-la-comunidad\/#breadcrumb"},"inLanguage":"es","potentialAction":[{"@type":"ReadAction","target":["https:\/\/www.sonoraenequipo.com.mx\/sabado-del-tilichero-de-febrero-beneficiara-a-dos-familias-con-el-apoyo-de-la-comunidad\/"]}]},{"@type":"ImageObject","inLanguage":"es","@id":"https:\/\/www.sonoraenequipo.com.mx\/sabado-del-tilichero-de-febrero-beneficiara-a-dos-familias-con-el-apoyo-de-la-comunidad\/#primaryimage","url":"https:\/\/www.sonoraenequipo.com.mx\/storage\/2019\/01\/tilichero_opt1.jpg","contentUrl":"https:\/\/www.sonoraenequipo.com.mx\/storage\/2019\/01\/tilichero_opt1.jpg","width":600,"height":400},{"@type":"BreadcrumbList","@id":"https:\/\/www.sonoraenequipo.com.mx\/sabado-del-tilichero-de-febrero-beneficiara-a-dos-familias-con-el-apoyo-de-la-comunidad\/#breadcrumb","itemListElement":[{"@type":"ListItem","position":1,"name":"Portada","item":"https:\/\/www.sonoraenequipo.com.mx\/"},{"@type":"ListItem","position":2,"name":"S\u00e1bado del Tilichero de Febrero Beneficiar\u00e1 a dos familias con el \u00a0apoyo de la comunidad"}]},{"@type":"WebSite","@id":"https:\/\/www.sonoraenequipo.com.mx\/#website","url":"https:\/\/www.sonoraenequipo.com.mx\/","name":"Sonora en Equipo.","description":"Diario en l\u00ednea con Noticias desde Hermosillo, Sonora","publisher":{"@id":"https:\/\/www.sonoraenequipo.com.mx\/#organization"},"potentialAction":[{"@type":"SearchAction","target":{"@type":"EntryPoint","urlTemplate":"https:\/\/www.sonoraenequipo.com.mx\/?s={search_term_string}"},"query-input":{"@type":"PropertyValueSpecification","valueRequired":true,"valueName":"search_term_string"}}],"inLanguage":"es"},{"@type":"Organization","@id":"https:\/\/www.sonoraenequipo.com.mx\/#organization","name":"Sonoraenequipo.com.mx","url":"https:\/\/www.sonoraenequipo.com.mx\/","logo":{"@type":"ImageObject","inLanguage":"es","@id":"https:\/\/www.sonoraenequipo.com.mx\/#\/schema\/logo\/image\/","url":"https:\/\/www.sonoraenequipo.com.mx\/storage\/2019\/01\/sonoraenequipo_opt.png","contentUrl":"https:\/\/www.sonoraenequipo.com.mx\/storage\/2019\/01\/sonoraenequipo_opt.png","width":375,"height":125,"caption":"Sonoraenequipo.com.mx"},"image":{"@id":"https:\/\/www.sonoraenequipo.com.mx\/#\/schema\/logo\/image\/"},"sameAs":["https:\/\/www.facebook.com\/SonoraEE\/","https:\/\/x.com\/sonoraenequipo","https:\/\/www.youtube.com\/channel\/UC338nW-lPEYmJQs4ZABQ1SQ"]},{"@type":"Person","@id":"https:\/\/www.sonoraenequipo.com.mx\/#\/schema\/person\/61a39de478a1763473ad55e8a95fddf6","name":"enequipo","image":{"@type":"ImageObject","inLanguage":"es","@id":"https:\/\/www.sonoraenequipo.com.mx\/#\/schema\/person\/image\/","url":"https:\/\/secure.gravatar.com\/avatar\/e39bc3016d8af598aed3d770c9510dfc2795f37ea1733d99fcc6e97d2c3c9f5e?s=96&d=blank&r=g","contentUrl":"https:\/\/secure.gravatar.com\/avatar\/e39bc3016d8af598aed3d770c9510dfc2795f37ea1733d99fcc6e97d2c3c9f5e?s=96&d=blank&r=g","caption":"enequipo"}}]}},"jetpack_featured_media_url":"https:\/\/www.sonoraenequipo.com.mx\/storage\/2019\/01\/tilichero_opt1.jpg","_links":{"self":[{"href":"https:\/\/www.sonoraenequipo.com.mx\/api\/wp\/v2\/posts\/76901","targetHints":{"allow":["GET"]}}],"collection":[{"href":"https:\/\/www.sonoraenequipo.com.mx\/api\/wp\/v2\/posts"}],"about":[{"href":"https:\/\/www.sonoraenequipo.com.mx\/api\/wp\/v2\/types\/post"}],"author":[{"embeddable":true,"href":"https:\/\/www.sonoraenequipo.com.mx\/api\/wp\/v2\/users\/178"}],"replies":[{"embeddable":true,"href":"https:\/\/www.sonoraenequipo.com.mx\/api\/wp\/v2\/comments?post=76901"}],"version-history":[{"count":0,"href":"https:\/\/www.sonoraenequipo.com.mx\/api\/wp\/v2\/posts\/76901\/revisions"}],"wp:featuredmedia":[{"embeddable":true,"href":"https:\/\/www.sonoraenequipo.com.mx\/api\/wp\/v2\/media\/51814"}],"wp:attachment":[{"href":"https:\/\/www.sonoraenequipo.com.mx\/api\/wp\/v2\/media?parent=76901"}],"wp:term":[{"taxonomy":"category","embeddable":true,"href":"https:\/\/www.sonoraenequipo.com.mx\/api\/wp\/v2\/categories?post=76901"},{"taxonomy":"post_tag","embeddable":true,"href":"https:\/\/www.sonoraenequipo.com.mx\/api\/wp\/v2\/tags?post=76901"}],"curies":[{"name":"wp","href":"https:\/\/api.w.org\/{rel}","templated":true}]}}