{"id":76903,"date":"2020-01-30T19:32:38","date_gmt":"2020-01-31T02:32:38","guid":{"rendered":"https:\/\/www.sonoraenequipo.com.mx\/?p=76903"},"modified":"2020-01-30T19:32:38","modified_gmt":"2020-01-31T02:32:38","slug":"participa-congreso-del-estado-en-el-iii-foro-isaf-integridad-2020","status":"publish","type":"post","link":"https:\/\/www.sonoraenequipo.com.mx\/participa-congreso-del-estado-en-el-iii-foro-isaf-integridad-2020\/","title":{"rendered":"Participa Congreso del Estado en el III Foro ISAF: Integridad 2020"},"content":{"rendered":"<p>HERMOSILLO, SONORA,MX.\u2500 Con la participaci\u00f3n de integrantes de la LXII Legislatura, j\u00f3venes estudiantes de la Universidad Kino, Colegio de Bachilleres del Estado de Sonora, servidores p\u00fablicos e iniciativa privada, este d\u00eda continu\u00f3 el III Foro convocado por Instituto Superior de Auditoria y Fiscalizaci\u00f3n: Integridad 2020, \u00bfd\u00f3nde estamos en el combate a la corrupci\u00f3n? <\/p>\n<p>Ante los diputados L\u00e1zaro Espinoza Mend\u00edvil, presidente del Congreso del Estado, Ferm\u00edn Trujillo Fuentes y Mar\u00eda Dolores Del R\u00edo S\u00e1nchez, presidentes de la Comisi\u00f3n de Fiscalizaci\u00f3n y Anticorrupci\u00f3n, respectivamente, y Mart\u00edn Matrecitos Flores, el Auditor Mayor del ISAF, Jes\u00fas Ram\u00f3n Moya Grijalva, dio la bienvenida a los asistentes, a quienes dijo que es importante hacer una evaluaci\u00f3n de lo que se hace para mejorar el trabajo que se realiza a\u00f1o con a\u00f1o.<\/p>\n<p>\u201cLas metas que nos hemos propuesto son complejas, de largo plazo, y el poder obtener resultados por m\u00ednimos que sean, nos permiten llegar a la meta y cada a\u00f1o volver a evaluar lo que se realiza, en un trabajo que no es sencillo porque estamos sujetos al escrutinio p\u00fablico ante un Sistema Estatal Anticorrupci\u00f3n (SEA) que es cuestionado, sin embargo, se iniciar\u00e1n acciones que permitir\u00e1n crear ciudadan\u00eda desde los niveles elementales de educaci\u00f3n\u201d, expres\u00f3.<\/p>\n<p>&nbsp;<\/p>\n<p>Correspondi\u00f3 a Natalia Rivera Grijalva, jefe de la oficina del Poder Ejecutivo declarar inaugurados los trabajos del foro, en el que invit\u00f3 a cada funcionario p\u00fablico a trabajar conforme al marco legal para que el Sistema Estatal Anticorrupci\u00f3n avance a favor de los ciudadanos que as\u00ed lo exigen.<\/p>\n<p>La jornada de trabajos de este d\u00eda inici\u00f3 con la conferencia de Lourdes Morales, representante de la Red por la Rendici\u00f3n de Cuentas, y continu\u00f3 con el panel de di\u00e1logo, \u00bfd\u00f3nde estamos en el combate a la corrupci\u00f3n?, con la participaci\u00f3n de la diputada Mar\u00eda Dolores Del R\u00edo S\u00e1nchez, presidenta de la Comisi\u00f3n Anticorrupci\u00f3n.<\/p>\n<p>Tambi\u00e9n Miguel \u00c1ngel Murillo Aispuro, Secretario de la Contralor\u00eda General del Estado; Muna Buchahin, Auditora Forense y experta en corrupci\u00f3n; Irma Laura Murillo Lozoya, integrante del Comit\u00e9 de Participaci\u00f3n Ciudadana del SEA; Arturo Fern\u00e1ndez D\u00edaz Gonz\u00e1lez, presidente de Coparmex, Sonora Norte; y como moderador el Auditor Mayor Moya Grijalva.<\/p>\n<p>Durante las participaciones de los integrantes del panel, coincidieron en la importancia de que, cada uno desde sus responsabilidades, trabajar para que el Sistema Estatal Anticorrupci\u00f3n sea mejorado e incluir a los municipios como parte primordial de la atenci\u00f3n que la ciudadan\u00eda demanda.<\/p>\n<p>Con la conferencia basada en el tema \u00bfd\u00f3nde estamos en el combate a la corrupci\u00f3n?, Jos\u00e9 Luis Ch\u00e1vez, titular de la Unidad de Control y Evaluaci\u00f3n de la Gesti\u00f3n P\u00fablica de la Secretar\u00eda de la Funci\u00f3n P\u00fablica, cerr\u00f3 el programa de este d\u00eda.<\/p>\n<p>El foro concluye este viernes con las conferencias de Tania Decanini, socio a cargo de Cumplimiento Anticorrupci\u00f3n, y Pr\u00e1ctica Corporativa en Cohen Decanini Abogados y Aar\u00f3n Grageda Bustamante, director de Monitor Anticorrupci\u00f3n M\u00e9xico, A. C., con los temas: integridad empresarial y combate a la corrupci\u00f3n; y, participaci\u00f3n de la iniciativa privada en el fortalecimiento de la integridad como medio de combate a la corrupci\u00f3n y participaci\u00f3n con las instituciones del SEA.<\/p>\n<p>&nbsp;<\/p>\n<p>Al evento asistieron tambi\u00e9n Arturo V\u00e1zquez Espinosa, Director General de Asuntos Jur\u00eddicos de la Auditor\u00eda Superior de la Ciudad de M\u00e9xico; Jes\u00fas Flores Mier, consejero presidente del Instituto Coahuilense de Acceso a la Informaci\u00f3n P\u00fablica; y Odracir Ricardo Espinoza Valdez, Fiscal Anticorrupci\u00f3n.<\/p>\n<p>Asimismo Aquiles Fuentes Fierros, Miriam Monreal Vidales, Iv\u00e1n Eduardo Andrade Rembau y Rafael Enrique Valenzuela Mendoza, presidente e integrantes del CPC del SEA; Francisco Cuevas S\u00e1enz, comisionado presidente del Instituto Sonorense de Transparencia y Acceso a la Informaci\u00f3n P\u00fablica y Protecci\u00f3n de Datos Personales, ISTAI, y funcionarios estatales y p\u00fablico en general.<\/p>\n<p>Fecha de publicaci\u00f3n 30\/ene\/2020<\/p>\n<p>&nbsp;<\/p>\n","protected":false},"excerpt":{"rendered":"<p>HERMOSILLO, SONORA,MX.\u2500 Con la participaci\u00f3n de integrantes de la LXII Legislatura, j\u00f3venes estudiantes de la&#8230;<\/p>\n","protected":false},"author":178,"featured_media":76904,"comment_status":"open","ping_status":"open","sticky":false,"template":"","format":"standard","meta":{"_monsterinsights_skip_tracking":false,"_monsterinsights_sitenote_active":false,"_monsterinsights_sitenote_note":"","_monsterinsights_sitenote_category":0,"footnotes":""},"categories":[3281],"tags":[3885],"class_list":["post"],"yoast_head":" \n<title>Sonora en Equipo. Participa Congreso del Estado en el III Foro ISAF: Integridad 2020 Congreso<\/title>\n<meta name=\"description\" content=\"HERMOSILLO, SONORA,MX.\u2500 Con la participaci\u00f3n de integrantes de la LXII Legislatura, j\u00f3venes estudiantes de la Universidad Kino, Colegio de Bachilleres del En Sonora en Equipo publicamos toda la informaci\u00f3n de Sonora, M\u00e9xico y el Mundo de manera oportuna y busca que la libertad de expresi\u00f3n sea real. Visita nuestro medio informativo publicado desde Hermosillo, Sonora. %\" \/>\n<meta name=\"robots\" content=\"index, follow, max-snippet:-1, max-image-preview:large, max-video-preview:-1\" \/>\n<link rel=\"canonical\" href=\"https:\/\/www.sonoraenequipo.com.mx\/participa-congreso-del-estado-en-el-iii-foro-isaf-integridad-2020\/\" \/>\n<meta property=\"og:locale\" content=\"es_ES\" \/>\n<meta property=\"og:type\" content=\"article\" \/>\n<meta property=\"og:title\" content=\"Sonora en Equipo. Participa Congreso del Estado en el III Foro ISAF: Integridad 2020 Congreso\" \/>\n<meta property=\"og:description\" content=\"HERMOSILLO, SONORA,MX.\u2500 Con la participaci\u00f3n de integrantes de la LXII Legislatura, j\u00f3venes estudiantes de la Universidad Kino, Colegio de Bachilleres del En Sonora en Equipo publicamos toda la informaci\u00f3n de Sonora, M\u00e9xico y el Mundo de manera oportuna y busca que la libertad de expresi\u00f3n sea real. Visita nuestro medio informativo publicado desde Hermosillo, Sonora. %\" \/>\n<meta property=\"og:url\" content=\"https:\/\/www.sonoraenequipo.com.mx\/participa-congreso-del-estado-en-el-iii-foro-isaf-integridad-2020\/\" \/>\n<meta property=\"og:site_name\" content=\"Sonora en Equipo.\" \/>\n<meta property=\"article:publisher\" content=\"https:\/\/www.facebook.com\/SonoraEE\/\" \/>\n<meta property=\"article:published_time\" content=\"2020-01-31T02:32:38+00:00\" \/>\n<meta property=\"og:image\" content=\"https:\/\/www.sonoraenequipo.com.mx\/storage\/2020\/01\/cong-isaf.jpg\" \/>\n\t<meta property=\"og:image:width\" content=\"600\" \/>\n\t<meta property=\"og:image:height\" content=\"356\" \/>\n\t<meta property=\"og:image:type\" content=\"image\/jpeg\" \/>\n<meta name=\"author\" content=\"enequipo\" \/>\n<meta name=\"twitter:card\" content=\"summary_large_image\" \/>\n<meta name=\"twitter:creator\" content=\"@sonoraenequipo\" \/>\n<meta name=\"twitter:site\" content=\"@sonoraenequipo\" \/>\n<meta name=\"twitter:label1\" content=\"Escrito por\" \/>\n\t<meta name=\"twitter:data1\" content=\"enequipo\" \/>\n\t<meta name=\"twitter:label2\" content=\"Tiempo de lectura\" \/>\n\t<meta name=\"twitter:data2\" content=\"3 minutos\" \/>\n<script type=\"application\/ld+json\" class=\"yoast-schema-graph\">{\"@context\":\"https:\/\/schema.org\",\"@graph\":[{\"@type\":\"Article\",\"@id\":\"https:\/\/www.sonoraenequipo.com.mx\/participa-congreso-del-estado-en-el-iii-foro-isaf-integridad-2020\/#article\",\"isPartOf\":{\"@id\":\"https:\/\/www.sonoraenequipo.com.mx\/participa-congreso-del-estado-en-el-iii-foro-isaf-integridad-2020\/\"},\"author\":{\"name\":\"enequipo\",\"@id\":\"https:\/\/www.sonoraenequipo.com.mx\/#\/schema\/person\/61a39de478a1763473ad55e8a95fddf6\"},\"headline\":\"Participa Congreso del Estado en el III Foro ISAF: Integridad 2020\",\"datePublished\":\"2020-01-31T02:32:38+00:00\",\"mainEntityOfPage\":{\"@id\":\"https:\/\/www.sonoraenequipo.com.mx\/participa-congreso-del-estado-en-el-iii-foro-isaf-integridad-2020\/\"},\"wordCount\":706,\"commentCount\":0,\"publisher\":{\"@id\":\"https:\/\/www.sonoraenequipo.com.mx\/#organization\"},\"image\":{\"@id\":\"https:\/\/www.sonoraenequipo.com.mx\/participa-congreso-del-estado-en-el-iii-foro-isaf-integridad-2020\/#primaryimage\"},\"thumbnailUrl\":\"https:\/\/www.sonoraenequipo.com.mx\/storage\/2020\/01\/cong-isaf.jpg\",\"keywords\":[\"LXII Legislatura\"],\"articleSection\":[\"Congreso\"],\"inLanguage\":\"es\",\"potentialAction\":[{\"@type\":\"CommentAction\",\"name\":\"Comment\",\"target\":[\"https:\/\/www.sonoraenequipo.com.mx\/participa-congreso-del-estado-en-el-iii-foro-isaf-integridad-2020\/#respond\"]}]},{\"@type\":\"WebPage\",\"@id\":\"https:\/\/www.sonoraenequipo.com.mx\/participa-congreso-del-estado-en-el-iii-foro-isaf-integridad-2020\/\",\"url\":\"https:\/\/www.sonoraenequipo.com.mx\/participa-congreso-del-estado-en-el-iii-foro-isaf-integridad-2020\/\",\"name\":\"Sonora en Equipo. Participa Congreso del Estado en el III Foro ISAF: Integridad 2020 Congreso\",\"isPartOf\":{\"@id\":\"https:\/\/www.sonoraenequipo.com.mx\/#website\"},\"primaryImageOfPage\":{\"@id\":\"https:\/\/www.sonoraenequipo.com.mx\/participa-congreso-del-estado-en-el-iii-foro-isaf-integridad-2020\/#primaryimage\"},\"image\":{\"@id\":\"https:\/\/www.sonoraenequipo.com.mx\/participa-congreso-del-estado-en-el-iii-foro-isaf-integridad-2020\/#primaryimage\"},\"thumbnailUrl\":\"https:\/\/www.sonoraenequipo.com.mx\/storage\/2020\/01\/cong-isaf.jpg\",\"datePublished\":\"2020-01-31T02:32:38+00:00\",\"description\":\"HERMOSILLO, SONORA,MX.\u2500 Con la participaci\u00f3n de integrantes de la LXII Legislatura, j\u00f3venes estudiantes de la Universidad Kino, Colegio de Bachilleres del En Sonora en Equipo publicamos toda la informaci\u00f3n de Sonora, M\u00e9xico y el Mundo de manera oportuna y busca que la libertad de expresi\u00f3n sea real. Visita nuestro medio informativo publicado desde Hermosillo, Sonora. %\",\"breadcrumb\":{\"@id\":\"https:\/\/www.sonoraenequipo.com.mx\/participa-congreso-del-estado-en-el-iii-foro-isaf-integridad-2020\/#breadcrumb\"},\"inLanguage\":\"es\",\"potentialAction\":[{\"@type\":\"ReadAction\",\"target\":[\"https:\/\/www.sonoraenequipo.com.mx\/participa-congreso-del-estado-en-el-iii-foro-isaf-integridad-2020\/\"]}]},{\"@type\":\"ImageObject\",\"inLanguage\":\"es\",\"@id\":\"https:\/\/www.sonoraenequipo.com.mx\/participa-congreso-del-estado-en-el-iii-foro-isaf-integridad-2020\/#primaryimage\",\"url\":\"https:\/\/www.sonoraenequipo.com.mx\/storage\/2020\/01\/cong-isaf.jpg\",\"contentUrl\":\"https:\/\/www.sonoraenequipo.com.mx\/storage\/2020\/01\/cong-isaf.jpg\",\"width\":600,\"height\":356},{\"@type\":\"BreadcrumbList\",\"@id\":\"https:\/\/www.sonoraenequipo.com.mx\/participa-congreso-del-estado-en-el-iii-foro-isaf-integridad-2020\/#breadcrumb\",\"itemListElement\":[{\"@type\":\"ListItem\",\"position\":1,\"name\":\"Portada\",\"item\":\"https:\/\/www.sonoraenequipo.com.mx\/\"},{\"@type\":\"ListItem\",\"position\":2,\"name\":\"Participa Congreso del Estado en el III Foro ISAF: Integridad 2020\"}]},{\"@type\":\"WebSite\",\"@id\":\"https:\/\/www.sonoraenequipo.com.mx\/#website\",\"url\":\"https:\/\/www.sonoraenequipo.com.mx\/\",\"name\":\"Sonora en Equipo.\",\"description\":\"Diario en l\u00ednea con Noticias desde Hermosillo, Sonora\",\"publisher\":{\"@id\":\"https:\/\/www.sonoraenequipo.com.mx\/#organization\"},\"potentialAction\":[{\"@type\":\"SearchAction\",\"target\":{\"@type\":\"EntryPoint\",\"urlTemplate\":\"https:\/\/www.sonoraenequipo.com.mx\/?s={search_term_string}\"},\"query-input\":{\"@type\":\"PropertyValueSpecification\",\"valueRequired\":true,\"valueName\":\"search_term_string\"}}],\"inLanguage\":\"es\"},{\"@type\":\"Organization\",\"@id\":\"https:\/\/www.sonoraenequipo.com.mx\/#organization\",\"name\":\"Sonoraenequipo.com.mx\",\"url\":\"https:\/\/www.sonoraenequipo.com.mx\/\",\"logo\":{\"@type\":\"ImageObject\",\"inLanguage\":\"es\",\"@id\":\"https:\/\/www.sonoraenequipo.com.mx\/#\/schema\/logo\/image\/\",\"url\":\"https:\/\/www.sonoraenequipo.com.mx\/storage\/2019\/01\/sonoraenequipo_opt.png\",\"contentUrl\":\"https:\/\/www.sonoraenequipo.com.mx\/storage\/2019\/01\/sonoraenequipo_opt.png\",\"width\":375,\"height\":125,\"caption\":\"Sonoraenequipo.com.mx\"},\"image\":{\"@id\":\"https:\/\/www.sonoraenequipo.com.mx\/#\/schema\/logo\/image\/\"},\"sameAs\":[\"https:\/\/www.facebook.com\/SonoraEE\/\",\"https:\/\/x.com\/sonoraenequipo\",\"https:\/\/www.youtube.com\/channel\/UC338nW-lPEYmJQs4ZABQ1SQ\"]},{\"@type\":\"Person\",\"@id\":\"https:\/\/www.sonoraenequipo.com.mx\/#\/schema\/person\/61a39de478a1763473ad55e8a95fddf6\",\"name\":\"enequipo\",\"image\":{\"@type\":\"ImageObject\",\"inLanguage\":\"es\",\"@id\":\"https:\/\/www.sonoraenequipo.com.mx\/#\/schema\/person\/image\/\",\"url\":\"https:\/\/secure.gravatar.com\/avatar\/e39bc3016d8af598aed3d770c9510dfc2795f37ea1733d99fcc6e97d2c3c9f5e?s=96&d=blank&r=g\",\"contentUrl\":\"https:\/\/secure.gravatar.com\/avatar\/e39bc3016d8af598aed3d770c9510dfc2795f37ea1733d99fcc6e97d2c3c9f5e?s=96&d=blank&r=g\",\"caption\":\"enequipo\"}}]}<\/script>\n ","yoast_head_json":{"title":"Sonora en Equipo. Participa Congreso del Estado en el III Foro ISAF: Integridad 2020 Congreso","description":"HERMOSILLO, SONORA,MX.\u2500 Con la participaci\u00f3n de integrantes de la LXII Legislatura, j\u00f3venes estudiantes de la Universidad Kino, Colegio de Bachilleres del En Sonora en Equipo publicamos toda la informaci\u00f3n de Sonora, M\u00e9xico y el Mundo de manera oportuna y busca que la libertad de expresi\u00f3n sea real. Visita nuestro medio informativo publicado desde Hermosillo, Sonora. %","robots":{"index":"index","follow":"follow","max-snippet":"max-snippet:-1","max-image-preview":"max-image-preview:large","max-video-preview":"max-video-preview:-1"},"canonical":"https:\/\/www.sonoraenequipo.com.mx\/participa-congreso-del-estado-en-el-iii-foro-isaf-integridad-2020\/","og_locale":"es_ES","og_type":"article","og_title":"Sonora en Equipo. Participa Congreso del Estado en el III Foro ISAF: Integridad 2020 Congreso","og_description":"HERMOSILLO, SONORA,MX.\u2500 Con la participaci\u00f3n de integrantes de la LXII Legislatura, j\u00f3venes estudiantes de la Universidad Kino, Colegio de Bachilleres del En Sonora en Equipo publicamos toda la informaci\u00f3n de Sonora, M\u00e9xico y el Mundo de manera oportuna y busca que la libertad de expresi\u00f3n sea real. Visita nuestro medio informativo publicado desde Hermosillo, Sonora. %","og_url":"https:\/\/www.sonoraenequipo.com.mx\/participa-congreso-del-estado-en-el-iii-foro-isaf-integridad-2020\/","og_site_name":"Sonora en Equipo.","article_publisher":"https:\/\/www.facebook.com\/SonoraEE\/","article_published_time":"2020-01-31T02:32:38+00:00","og_image":[{"width":600,"height":356,"url":"https:\/\/www.sonoraenequipo.com.mx\/storage\/2020\/01\/cong-isaf.jpg","type":"image\/jpeg"}],"author":"enequipo","twitter_card":"summary_large_image","twitter_creator":"@sonoraenequipo","twitter_site":"@sonoraenequipo","twitter_misc":{"Escrito por":"enequipo","Tiempo de lectura":"3 minutos"},"schema":{"@context":"https:\/\/schema.org","@graph":[{"@type":"Article","@id":"https:\/\/www.sonoraenequipo.com.mx\/participa-congreso-del-estado-en-el-iii-foro-isaf-integridad-2020\/#article","isPartOf":{"@id":"https:\/\/www.sonoraenequipo.com.mx\/participa-congreso-del-estado-en-el-iii-foro-isaf-integridad-2020\/"},"author":{"name":"enequipo","@id":"https:\/\/www.sonoraenequipo.com.mx\/#\/schema\/person\/61a39de478a1763473ad55e8a95fddf6"},"headline":"Participa Congreso del Estado en el III Foro ISAF: Integridad 2020","datePublished":"2020-01-31T02:32:38+00:00","mainEntityOfPage":{"@id":"https:\/\/www.sonoraenequipo.com.mx\/participa-congreso-del-estado-en-el-iii-foro-isaf-integridad-2020\/"},"wordCount":706,"commentCount":0,"publisher":{"@id":"https:\/\/www.sonoraenequipo.com.mx\/#organization"},"image":{"@id":"https:\/\/www.sonoraenequipo.com.mx\/participa-congreso-del-estado-en-el-iii-foro-isaf-integridad-2020\/#primaryimage"},"thumbnailUrl":"https:\/\/www.sonoraenequipo.com.mx\/storage\/2020\/01\/cong-isaf.jpg","keywords":["LXII Legislatura"],"articleSection":["Congreso"],"inLanguage":"es","potentialAction":[{"@type":"CommentAction","name":"Comment","target":["https:\/\/www.sonoraenequipo.com.mx\/participa-congreso-del-estado-en-el-iii-foro-isaf-integridad-2020\/#respond"]}]},{"@type":"WebPage","@id":"https:\/\/www.sonoraenequipo.com.mx\/participa-congreso-del-estado-en-el-iii-foro-isaf-integridad-2020\/","url":"https:\/\/www.sonoraenequipo.com.mx\/participa-congreso-del-estado-en-el-iii-foro-isaf-integridad-2020\/","name":"Sonora en Equipo. Participa Congreso del Estado en el III Foro ISAF: Integridad 2020 Congreso","isPartOf":{"@id":"https:\/\/www.sonoraenequipo.com.mx\/#website"},"primaryImageOfPage":{"@id":"https:\/\/www.sonoraenequipo.com.mx\/participa-congreso-del-estado-en-el-iii-foro-isaf-integridad-2020\/#primaryimage"},"image":{"@id":"https:\/\/www.sonoraenequipo.com.mx\/participa-congreso-del-estado-en-el-iii-foro-isaf-integridad-2020\/#primaryimage"},"thumbnailUrl":"https:\/\/www.sonoraenequipo.com.mx\/storage\/2020\/01\/cong-isaf.jpg","datePublished":"2020-01-31T02:32:38+00:00","description":"HERMOSILLO, SONORA,MX.\u2500 Con la participaci\u00f3n de integrantes de la LXII Legislatura, j\u00f3venes estudiantes de la Universidad Kino, Colegio de Bachilleres del En Sonora en Equipo publicamos toda la informaci\u00f3n de Sonora, M\u00e9xico y el Mundo de manera oportuna y busca que la libertad de expresi\u00f3n sea real. Visita nuestro medio informativo publicado desde Hermosillo, Sonora. %","breadcrumb":{"@id":"https:\/\/www.sonoraenequipo.com.mx\/participa-congreso-del-estado-en-el-iii-foro-isaf-integridad-2020\/#breadcrumb"},"inLanguage":"es","potentialAction":[{"@type":"ReadAction","target":["https:\/\/www.sonoraenequipo.com.mx\/participa-congreso-del-estado-en-el-iii-foro-isaf-integridad-2020\/"]}]},{"@type":"ImageObject","inLanguage":"es","@id":"https:\/\/www.sonoraenequipo.com.mx\/participa-congreso-del-estado-en-el-iii-foro-isaf-integridad-2020\/#primaryimage","url":"https:\/\/www.sonoraenequipo.com.mx\/storage\/2020\/01\/cong-isaf.jpg","contentUrl":"https:\/\/www.sonoraenequipo.com.mx\/storage\/2020\/01\/cong-isaf.jpg","width":600,"height":356},{"@type":"BreadcrumbList","@id":"https:\/\/www.sonoraenequipo.com.mx\/participa-congreso-del-estado-en-el-iii-foro-isaf-integridad-2020\/#breadcrumb","itemListElement":[{"@type":"ListItem","position":1,"name":"Portada","item":"https:\/\/www.sonoraenequipo.com.mx\/"},{"@type":"ListItem","position":2,"name":"Participa Congreso del Estado en el III Foro ISAF: Integridad 2020"}]},{"@type":"WebSite","@id":"https:\/\/www.sonoraenequipo.com.mx\/#website","url":"https:\/\/www.sonoraenequipo.com.mx\/","name":"Sonora en Equipo.","description":"Diario en l\u00ednea con Noticias desde Hermosillo, Sonora","publisher":{"@id":"https:\/\/www.sonoraenequipo.com.mx\/#organization"},"potentialAction":[{"@type":"SearchAction","target":{"@type":"EntryPoint","urlTemplate":"https:\/\/www.sonoraenequipo.com.mx\/?s={search_term_string}"},"query-input":{"@type":"PropertyValueSpecification","valueRequired":true,"valueName":"search_term_string"}}],"inLanguage":"es"},{"@type":"Organization","@id":"https:\/\/www.sonoraenequipo.com.mx\/#organization","name":"Sonoraenequipo.com.mx","url":"https:\/\/www.sonoraenequipo.com.mx\/","logo":{"@type":"ImageObject","inLanguage":"es","@id":"https:\/\/www.sonoraenequipo.com.mx\/#\/schema\/logo\/image\/","url":"https:\/\/www.sonoraenequipo.com.mx\/storage\/2019\/01\/sonoraenequipo_opt.png","contentUrl":"https:\/\/www.sonoraenequipo.com.mx\/storage\/2019\/01\/sonoraenequipo_opt.png","width":375,"height":125,"caption":"Sonoraenequipo.com.mx"},"image":{"@id":"https:\/\/www.sonoraenequipo.com.mx\/#\/schema\/logo\/image\/"},"sameAs":["https:\/\/www.facebook.com\/SonoraEE\/","https:\/\/x.com\/sonoraenequipo","https:\/\/www.youtube.com\/channel\/UC338nW-lPEYmJQs4ZABQ1SQ"]},{"@type":"Person","@id":"https:\/\/www.sonoraenequipo.com.mx\/#\/schema\/person\/61a39de478a1763473ad55e8a95fddf6","name":"enequipo","image":{"@type":"ImageObject","inLanguage":"es","@id":"https:\/\/www.sonoraenequipo.com.mx\/#\/schema\/person\/image\/","url":"https:\/\/secure.gravatar.com\/avatar\/e39bc3016d8af598aed3d770c9510dfc2795f37ea1733d99fcc6e97d2c3c9f5e?s=96&d=blank&r=g","contentUrl":"https:\/\/secure.gravatar.com\/avatar\/e39bc3016d8af598aed3d770c9510dfc2795f37ea1733d99fcc6e97d2c3c9f5e?s=96&d=blank&r=g","caption":"enequipo"}}]}},"jetpack_featured_media_url":"https:\/\/www.sonoraenequipo.com.mx\/storage\/2020\/01\/cong-isaf.jpg","_links":{"self":[{"href":"https:\/\/www.sonoraenequipo.com.mx\/api\/wp\/v2\/posts\/76903","targetHints":{"allow":["GET"]}}],"collection":[{"href":"https:\/\/www.sonoraenequipo.com.mx\/api\/wp\/v2\/posts"}],"about":[{"href":"https:\/\/www.sonoraenequipo.com.mx\/api\/wp\/v2\/types\/post"}],"author":[{"embeddable":true,"href":"https:\/\/www.sonoraenequipo.com.mx\/api\/wp\/v2\/users\/178"}],"replies":[{"embeddable":true,"href":"https:\/\/www.sonoraenequipo.com.mx\/api\/wp\/v2\/comments?post=76903"}],"version-history":[{"count":0,"href":"https:\/\/www.sonoraenequipo.com.mx\/api\/wp\/v2\/posts\/76903\/revisions"}],"wp:featuredmedia":[{"embeddable":true,"href":"https:\/\/www.sonoraenequipo.com.mx\/api\/wp\/v2\/media\/76904"}],"wp:attachment":[{"href":"https:\/\/www.sonoraenequipo.com.mx\/api\/wp\/v2\/media?parent=76903"}],"wp:term":[{"taxonomy":"category","embeddable":true,"href":"https:\/\/www.sonoraenequipo.com.mx\/api\/wp\/v2\/categories?post=76903"},{"taxonomy":"post_tag","embeddable":true,"href":"https:\/\/www.sonoraenequipo.com.mx\/api\/wp\/v2\/tags?post=76903"}],"curies":[{"name":"wp","href":"https:\/\/api.w.org\/{rel}","templated":true}]}}