{"id":76922,"date":"2020-01-30T21:43:39","date_gmt":"2020-01-31T04:43:39","guid":{"rendered":"https:\/\/www.sonoraenequipo.com.mx\/?p=76922"},"modified":"2020-01-30T21:43:39","modified_gmt":"2020-01-31T04:43:39","slug":"se-reunieron-representantes-yaquis-y-seris-con-presidente-del-congreso","status":"publish","type":"post","link":"https:\/\/www.sonoraenequipo.com.mx\/se-reunieron-representantes-yaquis-y-seris-con-presidente-del-congreso\/","title":{"rendered":"Se reunieron representantes yaquis y seris con presidente del Congreso"},"content":{"rendered":"<p>HERMOSILLO, SONORA,MX.\u2500 El presidente del Congreso del Estado, diputado L\u00e1zaro Espinoza Mend\u00edvil, se reuni\u00f3 con integrantes de las etnias Seri y Yaqui, con quienes acord\u00f3 darle seguimiento a las diversas propuestas que han presentado ante el Poder Legislativo. <\/p>\n<p>&nbsp;<\/p>\n<p>&nbsp;<\/p>\n<p>&nbsp;<\/p>\n<p>En su casa de enlace correspondiente al distrito II local, el legislador recibi\u00f3 a la representante de la etnia Seri, Guadalupe Camargo, con quien dialog\u00f3 sobre la participaci\u00f3n social de los Comca\u00b4ac en el Estado de Sonora.<\/p>\n<p>&nbsp;<\/p>\n<p>En este encuentro se acord\u00f3 una reuni\u00f3n con el gobernador del territorio Seri y posteriormente con otros funcionarios p\u00fablicos involucrados en los temas que tienen que ver con el desarrollo de los pueblos y comunidades ind\u00edgenas de Sonora, inform\u00f3 el Presidente de la Diputaci\u00f3n Permanente.<\/p>\n<p>&nbsp;<\/p>\n<p>En la sede del Poder Legislativo, el diputado Espinoza Mend\u00edvil recibi\u00f3 a autoridades de la etnia Yaqui, quienes solicitaron que los apoyos que ha prometido el Presidente de la Rep\u00fablica a los pueblos ind\u00edgenas, lleguen pronto.<\/p>\n<p>&nbsp;<\/p>\n<p>El Presidente del Congreso del Estado confi\u00f3 que esto sea realidad pr\u00f3ximamente, ya que son muchas las carencias a las que se enfrentan los pueblos originarios, relativos a servicios p\u00fablicos, educaci\u00f3n, empleo y desarrollo econ\u00f3mico, entre otros.<\/p>\n<p>&nbsp;<\/p>\n<p>Sostiene tambi\u00e9n otras actividades<\/p>\n<p>Para atestiguar la instalaci\u00f3n del Consejo Consultivo del Sistema Estatal de Planeaci\u00f3n Democr\u00e1tica, el diputado L\u00e1zaro Espinoza Mend\u00edvil estuvo como invitado especial en representaci\u00f3n del Poder Legislativo el pasado 16 de enero en esta capital.<\/p>\n<p>&nbsp;<\/p>\n<p>&nbsp;<\/p>\n<p>&nbsp;<\/p>\n<p>En esta reuni\u00f3n se inform\u00f3 que el objetivo es crear una nueva Ley de Planeaci\u00f3n y mejorar la reglamentaci\u00f3n en este rubro, para lo cual se implementaron diversos instrumentos normativos para que las instituciones puedan brindar un servicio transparente y eficaz a los sonorenses.<\/p>\n<p>&nbsp;<\/p>\n<p>&nbsp;<\/p>\n<p>&nbsp;<\/p>\n<p>El Presidente del Congreso del Estado celebr\u00f3 la conformaci\u00f3n del Consejo Consultivo del Sistema Estatal de Planeaci\u00f3n Democr\u00e1tica que preside la gobernadora Claudia Pavlovich Arellano.<\/p>\n<p>&nbsp;<\/p>\n<p>&nbsp;<\/p>\n<p>&nbsp;<\/p>\n<p>Por otra parte, el pasado 18 de enero, Espinoza Mend\u00edvil se reuni\u00f3 en el municipio de Puerto Pe\u00f1asco con productores del sector pesquero de altura para hablar sobre la pesca industrial de camar\u00f3n, merluza y otras especies marinas en el Estado.<\/p>\n<p>&nbsp;<\/p>\n<p>&nbsp;<\/p>\n<p>&nbsp;<\/p>\n<p>Los pescadores solicitaron al Presidente de la Diputaci\u00f3n Permanente que se concrete lo m\u00e1s pronto posible una reuni\u00f3n con la titular del Poder Ejecutivo estatal, pues consideran es importante plantear ciertos puntos que son necesarios para mejorar las condiciones laborales de sus comunidades.<\/p>\n<p>&nbsp;<\/p>\n<p>&nbsp;<\/p>\n<p>&nbsp;<\/p>\n<p>El legislador les refrend\u00f3 su compromiso de continuar con el impulso de proyectos que beneficien al sector pesquero y confi\u00f3 que los apoyos autorizados les sean entregados en corto plazo.<\/p>\n<p>Fecha de publicaci\u00f3n 30\/ene\/2020<\/p>\n<p>&nbsp;<\/p>\n","protected":false},"excerpt":{"rendered":"<p>HERMOSILLO, SONORA,MX.\u2500 El presidente del Congreso del Estado, diputado L\u00e1zaro Espinoza Mend\u00edvil, se reuni\u00f3 con&#8230;<\/p>\n","protected":false},"author":178,"featured_media":76923,"comment_status":"open","ping_status":"open","sticky":false,"template":"","format":"standard","meta":{"_monsterinsights_skip_tracking":false,"_monsterinsights_sitenote_active":false,"_monsterinsights_sitenote_note":"","_monsterinsights_sitenote_category":0,"footnotes":""},"categories":[3281],"tags":[3368],"class_list":["post"],"yoast_head":" \n<title>Sonora en Equipo. Se reunieron representantes yaquis y seris con presidente del Congreso Congreso<\/title>\n<meta name=\"description\" content=\"HERMOSILLO, SONORA,MX.\u2500 El presidente del Congreso del Estado, diputado L\u00e1zaro Espinoza Mend\u00edvil, se reuni\u00f3 con integrantes de las etnias Seri y Yaqui, En Sonora en Equipo publicamos toda la informaci\u00f3n de Sonora, M\u00e9xico y el Mundo de manera oportuna y busca que la libertad de expresi\u00f3n sea real. Visita nuestro medio informativo publicado desde Hermosillo, Sonora. %\" \/>\n<meta name=\"robots\" content=\"index, follow, max-snippet:-1, max-image-preview:large, max-video-preview:-1\" \/>\n<link rel=\"canonical\" href=\"https:\/\/www.sonoraenequipo.com.mx\/se-reunieron-representantes-yaquis-y-seris-con-presidente-del-congreso\/\" \/>\n<meta property=\"og:locale\" content=\"es_ES\" \/>\n<meta property=\"og:type\" content=\"article\" \/>\n<meta property=\"og:title\" content=\"Sonora en Equipo. Se reunieron representantes yaquis y seris con presidente del Congreso Congreso\" \/>\n<meta property=\"og:description\" content=\"HERMOSILLO, SONORA,MX.\u2500 El presidente del Congreso del Estado, diputado L\u00e1zaro Espinoza Mend\u00edvil, se reuni\u00f3 con integrantes de las etnias Seri y Yaqui, En Sonora en Equipo publicamos toda la informaci\u00f3n de Sonora, M\u00e9xico y el Mundo de manera oportuna y busca que la libertad de expresi\u00f3n sea real. Visita nuestro medio informativo publicado desde Hermosillo, Sonora. %\" \/>\n<meta property=\"og:url\" content=\"https:\/\/www.sonoraenequipo.com.mx\/se-reunieron-representantes-yaquis-y-seris-con-presidente-del-congreso\/\" \/>\n<meta property=\"og:site_name\" content=\"Sonora en Equipo.\" \/>\n<meta property=\"article:publisher\" content=\"https:\/\/www.facebook.com\/SonoraEE\/\" \/>\n<meta property=\"article:published_time\" content=\"2020-01-31T04:43:39+00:00\" \/>\n<meta property=\"og:image\" content=\"https:\/\/www.sonoraenequipo.com.mx\/storage\/2020\/01\/seris-yaquis-congreso.jpg\" \/>\n\t<meta property=\"og:image:width\" content=\"600\" \/>\n\t<meta property=\"og:image:height\" content=\"400\" \/>\n\t<meta property=\"og:image:type\" content=\"image\/jpeg\" \/>\n<meta name=\"author\" content=\"enequipo\" \/>\n<meta name=\"twitter:card\" content=\"summary_large_image\" \/>\n<meta name=\"twitter:creator\" content=\"@sonoraenequipo\" \/>\n<meta name=\"twitter:site\" content=\"@sonoraenequipo\" \/>\n<meta name=\"twitter:label1\" content=\"Escrito por\" \/>\n\t<meta name=\"twitter:data1\" content=\"enequipo\" \/>\n\t<meta name=\"twitter:label2\" content=\"Tiempo de lectura\" \/>\n\t<meta name=\"twitter:data2\" content=\"2 minutos\" \/>\n<script type=\"application\/ld+json\" class=\"yoast-schema-graph\">{\"@context\":\"https:\/\/schema.org\",\"@graph\":[{\"@type\":\"Article\",\"@id\":\"https:\/\/www.sonoraenequipo.com.mx\/se-reunieron-representantes-yaquis-y-seris-con-presidente-del-congreso\/#article\",\"isPartOf\":{\"@id\":\"https:\/\/www.sonoraenequipo.com.mx\/se-reunieron-representantes-yaquis-y-seris-con-presidente-del-congreso\/\"},\"author\":{\"name\":\"enequipo\",\"@id\":\"https:\/\/www.sonoraenequipo.com.mx\/#\/schema\/person\/61a39de478a1763473ad55e8a95fddf6\"},\"headline\":\"Se reunieron representantes yaquis y seris con presidente del Congreso\",\"datePublished\":\"2020-01-31T04:43:39+00:00\",\"mainEntityOfPage\":{\"@id\":\"https:\/\/www.sonoraenequipo.com.mx\/se-reunieron-representantes-yaquis-y-seris-con-presidente-del-congreso\/\"},\"wordCount\":486,\"commentCount\":0,\"publisher\":{\"@id\":\"https:\/\/www.sonoraenequipo.com.mx\/#organization\"},\"image\":{\"@id\":\"https:\/\/www.sonoraenequipo.com.mx\/se-reunieron-representantes-yaquis-y-seris-con-presidente-del-congreso\/#primaryimage\"},\"thumbnailUrl\":\"https:\/\/www.sonoraenequipo.com.mx\/storage\/2020\/01\/seris-yaquis-congreso.jpg\",\"keywords\":[\"L\u00e1zaro Espinoza\"],\"articleSection\":[\"Congreso\"],\"inLanguage\":\"es\",\"potentialAction\":[{\"@type\":\"CommentAction\",\"name\":\"Comment\",\"target\":[\"https:\/\/www.sonoraenequipo.com.mx\/se-reunieron-representantes-yaquis-y-seris-con-presidente-del-congreso\/#respond\"]}]},{\"@type\":\"WebPage\",\"@id\":\"https:\/\/www.sonoraenequipo.com.mx\/se-reunieron-representantes-yaquis-y-seris-con-presidente-del-congreso\/\",\"url\":\"https:\/\/www.sonoraenequipo.com.mx\/se-reunieron-representantes-yaquis-y-seris-con-presidente-del-congreso\/\",\"name\":\"Sonora en Equipo. Se reunieron representantes yaquis y seris con presidente del Congreso Congreso\",\"isPartOf\":{\"@id\":\"https:\/\/www.sonoraenequipo.com.mx\/#website\"},\"primaryImageOfPage\":{\"@id\":\"https:\/\/www.sonoraenequipo.com.mx\/se-reunieron-representantes-yaquis-y-seris-con-presidente-del-congreso\/#primaryimage\"},\"image\":{\"@id\":\"https:\/\/www.sonoraenequipo.com.mx\/se-reunieron-representantes-yaquis-y-seris-con-presidente-del-congreso\/#primaryimage\"},\"thumbnailUrl\":\"https:\/\/www.sonoraenequipo.com.mx\/storage\/2020\/01\/seris-yaquis-congreso.jpg\",\"datePublished\":\"2020-01-31T04:43:39+00:00\",\"description\":\"HERMOSILLO, SONORA,MX.\u2500 El presidente del Congreso del Estado, diputado L\u00e1zaro Espinoza Mend\u00edvil, se reuni\u00f3 con integrantes de las etnias Seri y Yaqui, En Sonora en Equipo publicamos toda la informaci\u00f3n de Sonora, M\u00e9xico y el Mundo de manera oportuna y busca que la libertad de expresi\u00f3n sea real. Visita nuestro medio informativo publicado desde Hermosillo, Sonora. %\",\"breadcrumb\":{\"@id\":\"https:\/\/www.sonoraenequipo.com.mx\/se-reunieron-representantes-yaquis-y-seris-con-presidente-del-congreso\/#breadcrumb\"},\"inLanguage\":\"es\",\"potentialAction\":[{\"@type\":\"ReadAction\",\"target\":[\"https:\/\/www.sonoraenequipo.com.mx\/se-reunieron-representantes-yaquis-y-seris-con-presidente-del-congreso\/\"]}]},{\"@type\":\"ImageObject\",\"inLanguage\":\"es\",\"@id\":\"https:\/\/www.sonoraenequipo.com.mx\/se-reunieron-representantes-yaquis-y-seris-con-presidente-del-congreso\/#primaryimage\",\"url\":\"https:\/\/www.sonoraenequipo.com.mx\/storage\/2020\/01\/seris-yaquis-congreso.jpg\",\"contentUrl\":\"https:\/\/www.sonoraenequipo.com.mx\/storage\/2020\/01\/seris-yaquis-congreso.jpg\",\"width\":600,\"height\":400},{\"@type\":\"BreadcrumbList\",\"@id\":\"https:\/\/www.sonoraenequipo.com.mx\/se-reunieron-representantes-yaquis-y-seris-con-presidente-del-congreso\/#breadcrumb\",\"itemListElement\":[{\"@type\":\"ListItem\",\"position\":1,\"name\":\"Portada\",\"item\":\"https:\/\/www.sonoraenequipo.com.mx\/\"},{\"@type\":\"ListItem\",\"position\":2,\"name\":\"Se reunieron representantes yaquis y seris con presidente del Congreso\"}]},{\"@type\":\"WebSite\",\"@id\":\"https:\/\/www.sonoraenequipo.com.mx\/#website\",\"url\":\"https:\/\/www.sonoraenequipo.com.mx\/\",\"name\":\"Sonora en Equipo.\",\"description\":\"Diario en l\u00ednea con Noticias desde Hermosillo, Sonora\",\"publisher\":{\"@id\":\"https:\/\/www.sonoraenequipo.com.mx\/#organization\"},\"potentialAction\":[{\"@type\":\"SearchAction\",\"target\":{\"@type\":\"EntryPoint\",\"urlTemplate\":\"https:\/\/www.sonoraenequipo.com.mx\/?s={search_term_string}\"},\"query-input\":{\"@type\":\"PropertyValueSpecification\",\"valueRequired\":true,\"valueName\":\"search_term_string\"}}],\"inLanguage\":\"es\"},{\"@type\":\"Organization\",\"@id\":\"https:\/\/www.sonoraenequipo.com.mx\/#organization\",\"name\":\"Sonoraenequipo.com.mx\",\"url\":\"https:\/\/www.sonoraenequipo.com.mx\/\",\"logo\":{\"@type\":\"ImageObject\",\"inLanguage\":\"es\",\"@id\":\"https:\/\/www.sonoraenequipo.com.mx\/#\/schema\/logo\/image\/\",\"url\":\"https:\/\/www.sonoraenequipo.com.mx\/storage\/2019\/01\/sonoraenequipo_opt.png\",\"contentUrl\":\"https:\/\/www.sonoraenequipo.com.mx\/storage\/2019\/01\/sonoraenequipo_opt.png\",\"width\":375,\"height\":125,\"caption\":\"Sonoraenequipo.com.mx\"},\"image\":{\"@id\":\"https:\/\/www.sonoraenequipo.com.mx\/#\/schema\/logo\/image\/\"},\"sameAs\":[\"https:\/\/www.facebook.com\/SonoraEE\/\",\"https:\/\/x.com\/sonoraenequipo\",\"https:\/\/www.youtube.com\/channel\/UC338nW-lPEYmJQs4ZABQ1SQ\"]},{\"@type\":\"Person\",\"@id\":\"https:\/\/www.sonoraenequipo.com.mx\/#\/schema\/person\/61a39de478a1763473ad55e8a95fddf6\",\"name\":\"enequipo\",\"image\":{\"@type\":\"ImageObject\",\"inLanguage\":\"es\",\"@id\":\"https:\/\/www.sonoraenequipo.com.mx\/#\/schema\/person\/image\/\",\"url\":\"https:\/\/secure.gravatar.com\/avatar\/e39bc3016d8af598aed3d770c9510dfc2795f37ea1733d99fcc6e97d2c3c9f5e?s=96&d=blank&r=g\",\"contentUrl\":\"https:\/\/secure.gravatar.com\/avatar\/e39bc3016d8af598aed3d770c9510dfc2795f37ea1733d99fcc6e97d2c3c9f5e?s=96&d=blank&r=g\",\"caption\":\"enequipo\"}}]}<\/script>\n ","yoast_head_json":{"title":"Sonora en Equipo. Se reunieron representantes yaquis y seris con presidente del Congreso Congreso","description":"HERMOSILLO, SONORA,MX.\u2500 El presidente del Congreso del Estado, diputado L\u00e1zaro Espinoza Mend\u00edvil, se reuni\u00f3 con integrantes de las etnias Seri y Yaqui, En Sonora en Equipo publicamos toda la informaci\u00f3n de Sonora, M\u00e9xico y el Mundo de manera oportuna y busca que la libertad de expresi\u00f3n sea real. Visita nuestro medio informativo publicado desde Hermosillo, Sonora. %","robots":{"index":"index","follow":"follow","max-snippet":"max-snippet:-1","max-image-preview":"max-image-preview:large","max-video-preview":"max-video-preview:-1"},"canonical":"https:\/\/www.sonoraenequipo.com.mx\/se-reunieron-representantes-yaquis-y-seris-con-presidente-del-congreso\/","og_locale":"es_ES","og_type":"article","og_title":"Sonora en Equipo. Se reunieron representantes yaquis y seris con presidente del Congreso Congreso","og_description":"HERMOSILLO, SONORA,MX.\u2500 El presidente del Congreso del Estado, diputado L\u00e1zaro Espinoza Mend\u00edvil, se reuni\u00f3 con integrantes de las etnias Seri y Yaqui, En Sonora en Equipo publicamos toda la informaci\u00f3n de Sonora, M\u00e9xico y el Mundo de manera oportuna y busca que la libertad de expresi\u00f3n sea real. Visita nuestro medio informativo publicado desde Hermosillo, Sonora. %","og_url":"https:\/\/www.sonoraenequipo.com.mx\/se-reunieron-representantes-yaquis-y-seris-con-presidente-del-congreso\/","og_site_name":"Sonora en Equipo.","article_publisher":"https:\/\/www.facebook.com\/SonoraEE\/","article_published_time":"2020-01-31T04:43:39+00:00","og_image":[{"width":600,"height":400,"url":"https:\/\/www.sonoraenequipo.com.mx\/storage\/2020\/01\/seris-yaquis-congreso.jpg","type":"image\/jpeg"}],"author":"enequipo","twitter_card":"summary_large_image","twitter_creator":"@sonoraenequipo","twitter_site":"@sonoraenequipo","twitter_misc":{"Escrito por":"enequipo","Tiempo de lectura":"2 minutos"},"schema":{"@context":"https:\/\/schema.org","@graph":[{"@type":"Article","@id":"https:\/\/www.sonoraenequipo.com.mx\/se-reunieron-representantes-yaquis-y-seris-con-presidente-del-congreso\/#article","isPartOf":{"@id":"https:\/\/www.sonoraenequipo.com.mx\/se-reunieron-representantes-yaquis-y-seris-con-presidente-del-congreso\/"},"author":{"name":"enequipo","@id":"https:\/\/www.sonoraenequipo.com.mx\/#\/schema\/person\/61a39de478a1763473ad55e8a95fddf6"},"headline":"Se reunieron representantes yaquis y seris con presidente del Congreso","datePublished":"2020-01-31T04:43:39+00:00","mainEntityOfPage":{"@id":"https:\/\/www.sonoraenequipo.com.mx\/se-reunieron-representantes-yaquis-y-seris-con-presidente-del-congreso\/"},"wordCount":486,"commentCount":0,"publisher":{"@id":"https:\/\/www.sonoraenequipo.com.mx\/#organization"},"image":{"@id":"https:\/\/www.sonoraenequipo.com.mx\/se-reunieron-representantes-yaquis-y-seris-con-presidente-del-congreso\/#primaryimage"},"thumbnailUrl":"https:\/\/www.sonoraenequipo.com.mx\/storage\/2020\/01\/seris-yaquis-congreso.jpg","keywords":["L\u00e1zaro Espinoza"],"articleSection":["Congreso"],"inLanguage":"es","potentialAction":[{"@type":"CommentAction","name":"Comment","target":["https:\/\/www.sonoraenequipo.com.mx\/se-reunieron-representantes-yaquis-y-seris-con-presidente-del-congreso\/#respond"]}]},{"@type":"WebPage","@id":"https:\/\/www.sonoraenequipo.com.mx\/se-reunieron-representantes-yaquis-y-seris-con-presidente-del-congreso\/","url":"https:\/\/www.sonoraenequipo.com.mx\/se-reunieron-representantes-yaquis-y-seris-con-presidente-del-congreso\/","name":"Sonora en Equipo. Se reunieron representantes yaquis y seris con presidente del Congreso Congreso","isPartOf":{"@id":"https:\/\/www.sonoraenequipo.com.mx\/#website"},"primaryImageOfPage":{"@id":"https:\/\/www.sonoraenequipo.com.mx\/se-reunieron-representantes-yaquis-y-seris-con-presidente-del-congreso\/#primaryimage"},"image":{"@id":"https:\/\/www.sonoraenequipo.com.mx\/se-reunieron-representantes-yaquis-y-seris-con-presidente-del-congreso\/#primaryimage"},"thumbnailUrl":"https:\/\/www.sonoraenequipo.com.mx\/storage\/2020\/01\/seris-yaquis-congreso.jpg","datePublished":"2020-01-31T04:43:39+00:00","description":"HERMOSILLO, SONORA,MX.\u2500 El presidente del Congreso del Estado, diputado L\u00e1zaro Espinoza Mend\u00edvil, se reuni\u00f3 con integrantes de las etnias Seri y Yaqui, En Sonora en Equipo publicamos toda la informaci\u00f3n de Sonora, M\u00e9xico y el Mundo de manera oportuna y busca que la libertad de expresi\u00f3n sea real. Visita nuestro medio informativo publicado desde Hermosillo, Sonora. %","breadcrumb":{"@id":"https:\/\/www.sonoraenequipo.com.mx\/se-reunieron-representantes-yaquis-y-seris-con-presidente-del-congreso\/#breadcrumb"},"inLanguage":"es","potentialAction":[{"@type":"ReadAction","target":["https:\/\/www.sonoraenequipo.com.mx\/se-reunieron-representantes-yaquis-y-seris-con-presidente-del-congreso\/"]}]},{"@type":"ImageObject","inLanguage":"es","@id":"https:\/\/www.sonoraenequipo.com.mx\/se-reunieron-representantes-yaquis-y-seris-con-presidente-del-congreso\/#primaryimage","url":"https:\/\/www.sonoraenequipo.com.mx\/storage\/2020\/01\/seris-yaquis-congreso.jpg","contentUrl":"https:\/\/www.sonoraenequipo.com.mx\/storage\/2020\/01\/seris-yaquis-congreso.jpg","width":600,"height":400},{"@type":"BreadcrumbList","@id":"https:\/\/www.sonoraenequipo.com.mx\/se-reunieron-representantes-yaquis-y-seris-con-presidente-del-congreso\/#breadcrumb","itemListElement":[{"@type":"ListItem","position":1,"name":"Portada","item":"https:\/\/www.sonoraenequipo.com.mx\/"},{"@type":"ListItem","position":2,"name":"Se reunieron representantes yaquis y seris con presidente del Congreso"}]},{"@type":"WebSite","@id":"https:\/\/www.sonoraenequipo.com.mx\/#website","url":"https:\/\/www.sonoraenequipo.com.mx\/","name":"Sonora en Equipo.","description":"Diario en l\u00ednea con Noticias desde Hermosillo, Sonora","publisher":{"@id":"https:\/\/www.sonoraenequipo.com.mx\/#organization"},"potentialAction":[{"@type":"SearchAction","target":{"@type":"EntryPoint","urlTemplate":"https:\/\/www.sonoraenequipo.com.mx\/?s={search_term_string}"},"query-input":{"@type":"PropertyValueSpecification","valueRequired":true,"valueName":"search_term_string"}}],"inLanguage":"es"},{"@type":"Organization","@id":"https:\/\/www.sonoraenequipo.com.mx\/#organization","name":"Sonoraenequipo.com.mx","url":"https:\/\/www.sonoraenequipo.com.mx\/","logo":{"@type":"ImageObject","inLanguage":"es","@id":"https:\/\/www.sonoraenequipo.com.mx\/#\/schema\/logo\/image\/","url":"https:\/\/www.sonoraenequipo.com.mx\/storage\/2019\/01\/sonoraenequipo_opt.png","contentUrl":"https:\/\/www.sonoraenequipo.com.mx\/storage\/2019\/01\/sonoraenequipo_opt.png","width":375,"height":125,"caption":"Sonoraenequipo.com.mx"},"image":{"@id":"https:\/\/www.sonoraenequipo.com.mx\/#\/schema\/logo\/image\/"},"sameAs":["https:\/\/www.facebook.com\/SonoraEE\/","https:\/\/x.com\/sonoraenequipo","https:\/\/www.youtube.com\/channel\/UC338nW-lPEYmJQs4ZABQ1SQ"]},{"@type":"Person","@id":"https:\/\/www.sonoraenequipo.com.mx\/#\/schema\/person\/61a39de478a1763473ad55e8a95fddf6","name":"enequipo","image":{"@type":"ImageObject","inLanguage":"es","@id":"https:\/\/www.sonoraenequipo.com.mx\/#\/schema\/person\/image\/","url":"https:\/\/secure.gravatar.com\/avatar\/e39bc3016d8af598aed3d770c9510dfc2795f37ea1733d99fcc6e97d2c3c9f5e?s=96&d=blank&r=g","contentUrl":"https:\/\/secure.gravatar.com\/avatar\/e39bc3016d8af598aed3d770c9510dfc2795f37ea1733d99fcc6e97d2c3c9f5e?s=96&d=blank&r=g","caption":"enequipo"}}]}},"jetpack_featured_media_url":"https:\/\/www.sonoraenequipo.com.mx\/storage\/2020\/01\/seris-yaquis-congreso.jpg","_links":{"self":[{"href":"https:\/\/www.sonoraenequipo.com.mx\/api\/wp\/v2\/posts\/76922","targetHints":{"allow":["GET"]}}],"collection":[{"href":"https:\/\/www.sonoraenequipo.com.mx\/api\/wp\/v2\/posts"}],"about":[{"href":"https:\/\/www.sonoraenequipo.com.mx\/api\/wp\/v2\/types\/post"}],"author":[{"embeddable":true,"href":"https:\/\/www.sonoraenequipo.com.mx\/api\/wp\/v2\/users\/178"}],"replies":[{"embeddable":true,"href":"https:\/\/www.sonoraenequipo.com.mx\/api\/wp\/v2\/comments?post=76922"}],"version-history":[{"count":0,"href":"https:\/\/www.sonoraenequipo.com.mx\/api\/wp\/v2\/posts\/76922\/revisions"}],"wp:featuredmedia":[{"embeddable":true,"href":"https:\/\/www.sonoraenequipo.com.mx\/api\/wp\/v2\/media\/76923"}],"wp:attachment":[{"href":"https:\/\/www.sonoraenequipo.com.mx\/api\/wp\/v2\/media?parent=76922"}],"wp:term":[{"taxonomy":"category","embeddable":true,"href":"https:\/\/www.sonoraenequipo.com.mx\/api\/wp\/v2\/categories?post=76922"},{"taxonomy":"post_tag","embeddable":true,"href":"https:\/\/www.sonoraenequipo.com.mx\/api\/wp\/v2\/tags?post=76922"}],"curies":[{"name":"wp","href":"https:\/\/api.w.org\/{rel}","templated":true}]}}