{"id":76936,"date":"2020-01-31T07:20:43","date_gmt":"2020-01-31T14:20:43","guid":{"rendered":"https:\/\/www.sonoraenequipo.com.mx\/?p=76936"},"modified":"2020-01-31T09:01:40","modified_gmt":"2020-01-31T16:01:40","slug":"en-hermosillo-se-monitorea-la-concentracion-de-particulas-en-aire-no-su-composicion","status":"publish","type":"post","link":"https:\/\/www.sonoraenequipo.com.mx\/en-hermosillo-se-monitorea-la-concentracion-de-particulas-en-aire-no-su-composicion\/","title":{"rendered":"En Hermosillo se monitorea la concentraci\u00f3n de part\u00edculas en aire no su composici\u00f3n"},"content":{"rendered":"<p>HERMOSILLO, SONORA. MX. \u2014En la capital de Sonora las estaciones de la Red de Monitoreo de Calidad del Aire proporciona muestras de las part\u00edculas suspendidas en el aire como polen, mocroorganismos vivos, polvo y humo por combusti\u00f3n y veh\u00edculos, pero no se sabe qu\u00e9 tipo de part\u00edculas respiran los ciudadanos en el medio ambiente, sobre todo porque esta red mide su concentraci\u00f3n pero no su composici\u00f3n.<\/p>\n<p>&nbsp;<\/p>\n<p>&nbsp;<\/p>\n<p> <\/p>\n<p>&nbsp;<\/p>\n<p>La titular de la dependencia, Santa N\u00e1poles Trujillo, explic\u00f3 que <em>\u201cLo que nosotros medimos son las concentraciones, es decir, el polvo que est\u00e1 all\u00ed, qu\u00e9 concentraci\u00f3n hay, dependiendo de esa concentraci\u00f3n podemos decir que es un riesgo o no a la salud, como lo marcan las normas federales\u201d<\/em>, dijo.<\/p>\n<p>&nbsp;<\/p>\n<p>N\u00e1poles Trujillo, afirm\u00f3 que durante la gran parte del a\u00f1o las part\u00edculas suspendidas en el aire de Hermosillo se mantienen por debajo del rango que establece la Norma, que son de 75 microgramos por metro c\u00fabico para part\u00edculas PM10 y de 45 microgramos para part\u00edculas PM2.5 en promedio diario.<\/p>\n<p>&nbsp;<\/p>\n<p>Reconoci\u00f3 que en \u00e9poca invernal se detectan algunos repuntes en las concentraciones, y tienen mayor tiempo de permanencia en el aire, debido a que as\u00ed lo favorecen las condiciones clim\u00e1ticas, sin embargo en los \u00faltimos tres mediciones de monitoreo los resultados se encuentran dentro de la Norma.<\/p>\n<p>&nbsp;<\/p>\n<p>Dijo que entregan muestras a las instituciones acad\u00e9micas y de investigaci\u00f3n que manejan programas de detecci\u00f3n de los elementos espec\u00edficos y dependiendo del resultado, aplicar pol\u00edticas p\u00fablicas en beneficio de la ciudadan\u00eda.<\/p>\n<p>&nbsp;<\/p>\n<p><em>\u201cNosotros solo sabemos cu\u00e1nto pesan los polvos, pero no sabemos qu\u00e9 traen\u201d,<\/em> extern\u00f3 la funcionaria.<\/p>\n<p>&nbsp;<\/p>\n<p>Mencion\u00f3 que est\u00e1n gestionando equipos para hacer el monitoreo en tiempo real, y tambi\u00e9n las part\u00edculas, ya que los que cuentan son manuales y los resultados tardan hasta una semana, y de esta manera determinar qu\u00e9 porcentaje es de ozono, que porcentaje es que part\u00edculas, etc\u00e9tera.<\/p>\n<p>&nbsp;<\/p>\n<p>PUBLICADO EL 31\/01\/2020)<\/p>\n","protected":false},"excerpt":{"rendered":"<p>HERMOSILLO, SONORA. MX. \u2014En la capital de Sonora las estaciones de la Red de Monitoreo&#8230;<\/p>\n","protected":false},"author":1,"featured_media":76937,"comment_status":"open","ping_status":"open","sticky":false,"template":"","format":"standard","meta":{"_monsterinsights_skip_tracking":false,"_monsterinsights_sitenote_active":false,"_monsterinsights_sitenote_note":"","_monsterinsights_sitenote_category":0,"footnotes":""},"categories":[22],"tags":[],"class_list":["post"],"yoast_head":" \n<title>Sonora en Equipo. En Hermosillo se monitorea la concentraci\u00f3n de part\u00edculas en aire no su composici\u00f3n Sonora<\/title>\n<meta name=\"description\" content=\"HERMOSILLO, SONORA. MX. \u2014En la capital de Sonora las estaciones de la Red de Monitoreo de Calidad del Aire proporciona muestras de las part\u00edculas En Sonora en Equipo publicamos toda la informaci\u00f3n de Sonora, M\u00e9xico y el Mundo de manera oportuna y busca que la libertad de expresi\u00f3n sea real. Visita nuestro medio informativo publicado desde Hermosillo, Sonora. %\" \/>\n<meta name=\"robots\" content=\"index, follow, max-snippet:-1, max-image-preview:large, max-video-preview:-1\" \/>\n<link rel=\"canonical\" href=\"https:\/\/www.sonoraenequipo.com.mx\/en-hermosillo-se-monitorea-la-concentracion-de-particulas-en-aire-no-su-composicion\/\" \/>\n<meta property=\"og:locale\" content=\"es_ES\" \/>\n<meta property=\"og:type\" content=\"article\" \/>\n<meta property=\"og:title\" content=\"Sonora en Equipo. En Hermosillo se monitorea la concentraci\u00f3n de part\u00edculas en aire no su composici\u00f3n Sonora\" \/>\n<meta property=\"og:description\" content=\"HERMOSILLO, SONORA. MX. \u2014En la capital de Sonora las estaciones de la Red de Monitoreo de Calidad del Aire proporciona muestras de las part\u00edculas En Sonora en Equipo publicamos toda la informaci\u00f3n de Sonora, M\u00e9xico y el Mundo de manera oportuna y busca que la libertad de expresi\u00f3n sea real. Visita nuestro medio informativo publicado desde Hermosillo, Sonora. %\" \/>\n<meta property=\"og:url\" content=\"https:\/\/www.sonoraenequipo.com.mx\/en-hermosillo-se-monitorea-la-concentracion-de-particulas-en-aire-no-su-composicion\/\" \/>\n<meta property=\"og:site_name\" content=\"Sonora en Equipo.\" \/>\n<meta property=\"article:publisher\" content=\"https:\/\/www.facebook.com\/SonoraEE\/\" \/>\n<meta property=\"article:author\" content=\"https:\/\/www.facebook.com\/SonoraEE\" \/>\n<meta property=\"article:published_time\" content=\"2020-01-31T14:20:43+00:00\" \/>\n<meta property=\"article:modified_time\" content=\"2020-01-31T16:01:40+00:00\" \/>\n<meta property=\"og:image\" content=\"https:\/\/www.sonoraenequipo.com.mx\/storage\/2020\/01\/particulas-de-polvo_opt.jpg\" \/>\n\t<meta property=\"og:image:width\" content=\"880\" \/>\n\t<meta property=\"og:image:height\" content=\"413\" \/>\n\t<meta property=\"og:image:type\" content=\"image\/jpeg\" \/>\n<meta name=\"author\" content=\"enequipo\" \/>\n<meta name=\"twitter:card\" content=\"summary_large_image\" \/>\n<meta name=\"twitter:creator\" content=\"@sonoraenequipo\" \/>\n<meta name=\"twitter:site\" content=\"@sonoraenequipo\" \/>\n<meta name=\"twitter:label1\" content=\"Escrito por\" \/>\n\t<meta name=\"twitter:data1\" content=\"enequipo\" \/>\n\t<meta name=\"twitter:label2\" content=\"Tiempo de lectura\" \/>\n\t<meta name=\"twitter:data2\" content=\"2 minutos\" \/>\n<script type=\"application\/ld+json\" class=\"yoast-schema-graph\">{\"@context\":\"https:\/\/schema.org\",\"@graph\":[{\"@type\":\"Article\",\"@id\":\"https:\/\/www.sonoraenequipo.com.mx\/en-hermosillo-se-monitorea-la-concentracion-de-particulas-en-aire-no-su-composicion\/#article\",\"isPartOf\":{\"@id\":\"https:\/\/www.sonoraenequipo.com.mx\/en-hermosillo-se-monitorea-la-concentracion-de-particulas-en-aire-no-su-composicion\/\"},\"author\":{\"name\":\"enequipo\",\"@id\":\"https:\/\/www.sonoraenequipo.com.mx\/#\/schema\/person\/50102df0fb23a8fa9e8effad8fa81386\"},\"headline\":\"En Hermosillo se monitorea la concentraci\u00f3n de part\u00edculas en aire no su composici\u00f3n\",\"datePublished\":\"2020-01-31T14:20:43+00:00\",\"dateModified\":\"2020-01-31T16:01:40+00:00\",\"mainEntityOfPage\":{\"@id\":\"https:\/\/www.sonoraenequipo.com.mx\/en-hermosillo-se-monitorea-la-concentracion-de-particulas-en-aire-no-su-composicion\/\"},\"wordCount\":358,\"commentCount\":0,\"publisher\":{\"@id\":\"https:\/\/www.sonoraenequipo.com.mx\/#organization\"},\"image\":{\"@id\":\"https:\/\/www.sonoraenequipo.com.mx\/en-hermosillo-se-monitorea-la-concentracion-de-particulas-en-aire-no-su-composicion\/#primaryimage\"},\"thumbnailUrl\":\"https:\/\/www.sonoraenequipo.com.mx\/storage\/2020\/01\/particulas-de-polvo_opt.jpg\",\"articleSection\":[\"Sonora\"],\"inLanguage\":\"es\",\"potentialAction\":[{\"@type\":\"CommentAction\",\"name\":\"Comment\",\"target\":[\"https:\/\/www.sonoraenequipo.com.mx\/en-hermosillo-se-monitorea-la-concentracion-de-particulas-en-aire-no-su-composicion\/#respond\"]}]},{\"@type\":\"WebPage\",\"@id\":\"https:\/\/www.sonoraenequipo.com.mx\/en-hermosillo-se-monitorea-la-concentracion-de-particulas-en-aire-no-su-composicion\/\",\"url\":\"https:\/\/www.sonoraenequipo.com.mx\/en-hermosillo-se-monitorea-la-concentracion-de-particulas-en-aire-no-su-composicion\/\",\"name\":\"Sonora en Equipo. En Hermosillo se monitorea la concentraci\u00f3n de part\u00edculas en aire no su composici\u00f3n Sonora\",\"isPartOf\":{\"@id\":\"https:\/\/www.sonoraenequipo.com.mx\/#website\"},\"primaryImageOfPage\":{\"@id\":\"https:\/\/www.sonoraenequipo.com.mx\/en-hermosillo-se-monitorea-la-concentracion-de-particulas-en-aire-no-su-composicion\/#primaryimage\"},\"image\":{\"@id\":\"https:\/\/www.sonoraenequipo.com.mx\/en-hermosillo-se-monitorea-la-concentracion-de-particulas-en-aire-no-su-composicion\/#primaryimage\"},\"thumbnailUrl\":\"https:\/\/www.sonoraenequipo.com.mx\/storage\/2020\/01\/particulas-de-polvo_opt.jpg\",\"datePublished\":\"2020-01-31T14:20:43+00:00\",\"dateModified\":\"2020-01-31T16:01:40+00:00\",\"description\":\"HERMOSILLO, SONORA. MX. \u2014En la capital de Sonora las estaciones de la Red de Monitoreo de Calidad del Aire proporciona muestras de las part\u00edculas En Sonora en Equipo publicamos toda la informaci\u00f3n de Sonora, M\u00e9xico y el Mundo de manera oportuna y busca que la libertad de expresi\u00f3n sea real. Visita nuestro medio informativo publicado desde Hermosillo, Sonora. %\",\"breadcrumb\":{\"@id\":\"https:\/\/www.sonoraenequipo.com.mx\/en-hermosillo-se-monitorea-la-concentracion-de-particulas-en-aire-no-su-composicion\/#breadcrumb\"},\"inLanguage\":\"es\",\"potentialAction\":[{\"@type\":\"ReadAction\",\"target\":[\"https:\/\/www.sonoraenequipo.com.mx\/en-hermosillo-se-monitorea-la-concentracion-de-particulas-en-aire-no-su-composicion\/\"]}]},{\"@type\":\"ImageObject\",\"inLanguage\":\"es\",\"@id\":\"https:\/\/www.sonoraenequipo.com.mx\/en-hermosillo-se-monitorea-la-concentracion-de-particulas-en-aire-no-su-composicion\/#primaryimage\",\"url\":\"https:\/\/www.sonoraenequipo.com.mx\/storage\/2020\/01\/particulas-de-polvo_opt.jpg\",\"contentUrl\":\"https:\/\/www.sonoraenequipo.com.mx\/storage\/2020\/01\/particulas-de-polvo_opt.jpg\",\"width\":880,\"height\":413},{\"@type\":\"BreadcrumbList\",\"@id\":\"https:\/\/www.sonoraenequipo.com.mx\/en-hermosillo-se-monitorea-la-concentracion-de-particulas-en-aire-no-su-composicion\/#breadcrumb\",\"itemListElement\":[{\"@type\":\"ListItem\",\"position\":1,\"name\":\"Portada\",\"item\":\"https:\/\/www.sonoraenequipo.com.mx\/\"},{\"@type\":\"ListItem\",\"position\":2,\"name\":\"En Hermosillo se monitorea la concentraci\u00f3n de part\u00edculas en aire no su composici\u00f3n\"}]},{\"@type\":\"WebSite\",\"@id\":\"https:\/\/www.sonoraenequipo.com.mx\/#website\",\"url\":\"https:\/\/www.sonoraenequipo.com.mx\/\",\"name\":\"Sonora en Equipo.\",\"description\":\"Diario en l\u00ednea con Noticias desde Hermosillo, Sonora\",\"publisher\":{\"@id\":\"https:\/\/www.sonoraenequipo.com.mx\/#organization\"},\"potentialAction\":[{\"@type\":\"SearchAction\",\"target\":{\"@type\":\"EntryPoint\",\"urlTemplate\":\"https:\/\/www.sonoraenequipo.com.mx\/?s={search_term_string}\"},\"query-input\":{\"@type\":\"PropertyValueSpecification\",\"valueRequired\":true,\"valueName\":\"search_term_string\"}}],\"inLanguage\":\"es\"},{\"@type\":\"Organization\",\"@id\":\"https:\/\/www.sonoraenequipo.com.mx\/#organization\",\"name\":\"Sonoraenequipo.com.mx\",\"url\":\"https:\/\/www.sonoraenequipo.com.mx\/\",\"logo\":{\"@type\":\"ImageObject\",\"inLanguage\":\"es\",\"@id\":\"https:\/\/www.sonoraenequipo.com.mx\/#\/schema\/logo\/image\/\",\"url\":\"https:\/\/www.sonoraenequipo.com.mx\/storage\/2019\/01\/sonoraenequipo_opt.png\",\"contentUrl\":\"https:\/\/www.sonoraenequipo.com.mx\/storage\/2019\/01\/sonoraenequipo_opt.png\",\"width\":375,\"height\":125,\"caption\":\"Sonoraenequipo.com.mx\"},\"image\":{\"@id\":\"https:\/\/www.sonoraenequipo.com.mx\/#\/schema\/logo\/image\/\"},\"sameAs\":[\"https:\/\/www.facebook.com\/SonoraEE\/\",\"https:\/\/x.com\/sonoraenequipo\",\"https:\/\/www.youtube.com\/channel\/UC338nW-lPEYmJQs4ZABQ1SQ\"]},{\"@type\":\"Person\",\"@id\":\"https:\/\/www.sonoraenequipo.com.mx\/#\/schema\/person\/50102df0fb23a8fa9e8effad8fa81386\",\"name\":\"enequipo\",\"image\":{\"@type\":\"ImageObject\",\"inLanguage\":\"es\",\"@id\":\"https:\/\/www.sonoraenequipo.com.mx\/#\/schema\/person\/image\/\",\"url\":\"https:\/\/secure.gravatar.com\/avatar\/049821681b589dabc0bc20695993ccebb09f5b5d4d790cd9251b97faac7c652b?s=96&d=blank&r=g\",\"contentUrl\":\"https:\/\/secure.gravatar.com\/avatar\/049821681b589dabc0bc20695993ccebb09f5b5d4d790cd9251b97faac7c652b?s=96&d=blank&r=g\",\"caption\":\"enequipo\"},\"sameAs\":[\"https:\/\/www.facebook.com\/SonoraEE\"]}]}<\/script>\n ","yoast_head_json":{"title":"Sonora en Equipo. En Hermosillo se monitorea la concentraci\u00f3n de part\u00edculas en aire no su composici\u00f3n Sonora","description":"HERMOSILLO, SONORA. MX. \u2014En la capital de Sonora las estaciones de la Red de Monitoreo de Calidad del Aire proporciona muestras de las part\u00edculas En Sonora en Equipo publicamos toda la informaci\u00f3n de Sonora, M\u00e9xico y el Mundo de manera oportuna y busca que la libertad de expresi\u00f3n sea real. Visita nuestro medio informativo publicado desde Hermosillo, Sonora. %","robots":{"index":"index","follow":"follow","max-snippet":"max-snippet:-1","max-image-preview":"max-image-preview:large","max-video-preview":"max-video-preview:-1"},"canonical":"https:\/\/www.sonoraenequipo.com.mx\/en-hermosillo-se-monitorea-la-concentracion-de-particulas-en-aire-no-su-composicion\/","og_locale":"es_ES","og_type":"article","og_title":"Sonora en Equipo. En Hermosillo se monitorea la concentraci\u00f3n de part\u00edculas en aire no su composici\u00f3n Sonora","og_description":"HERMOSILLO, SONORA. MX. \u2014En la capital de Sonora las estaciones de la Red de Monitoreo de Calidad del Aire proporciona muestras de las part\u00edculas En Sonora en Equipo publicamos toda la informaci\u00f3n de Sonora, M\u00e9xico y el Mundo de manera oportuna y busca que la libertad de expresi\u00f3n sea real. Visita nuestro medio informativo publicado desde Hermosillo, Sonora. %","og_url":"https:\/\/www.sonoraenequipo.com.mx\/en-hermosillo-se-monitorea-la-concentracion-de-particulas-en-aire-no-su-composicion\/","og_site_name":"Sonora en Equipo.","article_publisher":"https:\/\/www.facebook.com\/SonoraEE\/","article_author":"https:\/\/www.facebook.com\/SonoraEE","article_published_time":"2020-01-31T14:20:43+00:00","article_modified_time":"2020-01-31T16:01:40+00:00","og_image":[{"width":880,"height":413,"url":"https:\/\/www.sonoraenequipo.com.mx\/storage\/2020\/01\/particulas-de-polvo_opt.jpg","type":"image\/jpeg"}],"author":"enequipo","twitter_card":"summary_large_image","twitter_creator":"@sonoraenequipo","twitter_site":"@sonoraenequipo","twitter_misc":{"Escrito por":"enequipo","Tiempo de lectura":"2 minutos"},"schema":{"@context":"https:\/\/schema.org","@graph":[{"@type":"Article","@id":"https:\/\/www.sonoraenequipo.com.mx\/en-hermosillo-se-monitorea-la-concentracion-de-particulas-en-aire-no-su-composicion\/#article","isPartOf":{"@id":"https:\/\/www.sonoraenequipo.com.mx\/en-hermosillo-se-monitorea-la-concentracion-de-particulas-en-aire-no-su-composicion\/"},"author":{"name":"enequipo","@id":"https:\/\/www.sonoraenequipo.com.mx\/#\/schema\/person\/50102df0fb23a8fa9e8effad8fa81386"},"headline":"En Hermosillo se monitorea la concentraci\u00f3n de part\u00edculas en aire no su composici\u00f3n","datePublished":"2020-01-31T14:20:43+00:00","dateModified":"2020-01-31T16:01:40+00:00","mainEntityOfPage":{"@id":"https:\/\/www.sonoraenequipo.com.mx\/en-hermosillo-se-monitorea-la-concentracion-de-particulas-en-aire-no-su-composicion\/"},"wordCount":358,"commentCount":0,"publisher":{"@id":"https:\/\/www.sonoraenequipo.com.mx\/#organization"},"image":{"@id":"https:\/\/www.sonoraenequipo.com.mx\/en-hermosillo-se-monitorea-la-concentracion-de-particulas-en-aire-no-su-composicion\/#primaryimage"},"thumbnailUrl":"https:\/\/www.sonoraenequipo.com.mx\/storage\/2020\/01\/particulas-de-polvo_opt.jpg","articleSection":["Sonora"],"inLanguage":"es","potentialAction":[{"@type":"CommentAction","name":"Comment","target":["https:\/\/www.sonoraenequipo.com.mx\/en-hermosillo-se-monitorea-la-concentracion-de-particulas-en-aire-no-su-composicion\/#respond"]}]},{"@type":"WebPage","@id":"https:\/\/www.sonoraenequipo.com.mx\/en-hermosillo-se-monitorea-la-concentracion-de-particulas-en-aire-no-su-composicion\/","url":"https:\/\/www.sonoraenequipo.com.mx\/en-hermosillo-se-monitorea-la-concentracion-de-particulas-en-aire-no-su-composicion\/","name":"Sonora en Equipo. En Hermosillo se monitorea la concentraci\u00f3n de part\u00edculas en aire no su composici\u00f3n Sonora","isPartOf":{"@id":"https:\/\/www.sonoraenequipo.com.mx\/#website"},"primaryImageOfPage":{"@id":"https:\/\/www.sonoraenequipo.com.mx\/en-hermosillo-se-monitorea-la-concentracion-de-particulas-en-aire-no-su-composicion\/#primaryimage"},"image":{"@id":"https:\/\/www.sonoraenequipo.com.mx\/en-hermosillo-se-monitorea-la-concentracion-de-particulas-en-aire-no-su-composicion\/#primaryimage"},"thumbnailUrl":"https:\/\/www.sonoraenequipo.com.mx\/storage\/2020\/01\/particulas-de-polvo_opt.jpg","datePublished":"2020-01-31T14:20:43+00:00","dateModified":"2020-01-31T16:01:40+00:00","description":"HERMOSILLO, SONORA. MX. \u2014En la capital de Sonora las estaciones de la Red de Monitoreo de Calidad del Aire proporciona muestras de las part\u00edculas En Sonora en Equipo publicamos toda la informaci\u00f3n de Sonora, M\u00e9xico y el Mundo de manera oportuna y busca que la libertad de expresi\u00f3n sea real. Visita nuestro medio informativo publicado desde Hermosillo, Sonora. %","breadcrumb":{"@id":"https:\/\/www.sonoraenequipo.com.mx\/en-hermosillo-se-monitorea-la-concentracion-de-particulas-en-aire-no-su-composicion\/#breadcrumb"},"inLanguage":"es","potentialAction":[{"@type":"ReadAction","target":["https:\/\/www.sonoraenequipo.com.mx\/en-hermosillo-se-monitorea-la-concentracion-de-particulas-en-aire-no-su-composicion\/"]}]},{"@type":"ImageObject","inLanguage":"es","@id":"https:\/\/www.sonoraenequipo.com.mx\/en-hermosillo-se-monitorea-la-concentracion-de-particulas-en-aire-no-su-composicion\/#primaryimage","url":"https:\/\/www.sonoraenequipo.com.mx\/storage\/2020\/01\/particulas-de-polvo_opt.jpg","contentUrl":"https:\/\/www.sonoraenequipo.com.mx\/storage\/2020\/01\/particulas-de-polvo_opt.jpg","width":880,"height":413},{"@type":"BreadcrumbList","@id":"https:\/\/www.sonoraenequipo.com.mx\/en-hermosillo-se-monitorea-la-concentracion-de-particulas-en-aire-no-su-composicion\/#breadcrumb","itemListElement":[{"@type":"ListItem","position":1,"name":"Portada","item":"https:\/\/www.sonoraenequipo.com.mx\/"},{"@type":"ListItem","position":2,"name":"En Hermosillo se monitorea la concentraci\u00f3n de part\u00edculas en aire no su composici\u00f3n"}]},{"@type":"WebSite","@id":"https:\/\/www.sonoraenequipo.com.mx\/#website","url":"https:\/\/www.sonoraenequipo.com.mx\/","name":"Sonora en Equipo.","description":"Diario en l\u00ednea con Noticias desde Hermosillo, Sonora","publisher":{"@id":"https:\/\/www.sonoraenequipo.com.mx\/#organization"},"potentialAction":[{"@type":"SearchAction","target":{"@type":"EntryPoint","urlTemplate":"https:\/\/www.sonoraenequipo.com.mx\/?s={search_term_string}"},"query-input":{"@type":"PropertyValueSpecification","valueRequired":true,"valueName":"search_term_string"}}],"inLanguage":"es"},{"@type":"Organization","@id":"https:\/\/www.sonoraenequipo.com.mx\/#organization","name":"Sonoraenequipo.com.mx","url":"https:\/\/www.sonoraenequipo.com.mx\/","logo":{"@type":"ImageObject","inLanguage":"es","@id":"https:\/\/www.sonoraenequipo.com.mx\/#\/schema\/logo\/image\/","url":"https:\/\/www.sonoraenequipo.com.mx\/storage\/2019\/01\/sonoraenequipo_opt.png","contentUrl":"https:\/\/www.sonoraenequipo.com.mx\/storage\/2019\/01\/sonoraenequipo_opt.png","width":375,"height":125,"caption":"Sonoraenequipo.com.mx"},"image":{"@id":"https:\/\/www.sonoraenequipo.com.mx\/#\/schema\/logo\/image\/"},"sameAs":["https:\/\/www.facebook.com\/SonoraEE\/","https:\/\/x.com\/sonoraenequipo","https:\/\/www.youtube.com\/channel\/UC338nW-lPEYmJQs4ZABQ1SQ"]},{"@type":"Person","@id":"https:\/\/www.sonoraenequipo.com.mx\/#\/schema\/person\/50102df0fb23a8fa9e8effad8fa81386","name":"enequipo","image":{"@type":"ImageObject","inLanguage":"es","@id":"https:\/\/www.sonoraenequipo.com.mx\/#\/schema\/person\/image\/","url":"https:\/\/secure.gravatar.com\/avatar\/049821681b589dabc0bc20695993ccebb09f5b5d4d790cd9251b97faac7c652b?s=96&d=blank&r=g","contentUrl":"https:\/\/secure.gravatar.com\/avatar\/049821681b589dabc0bc20695993ccebb09f5b5d4d790cd9251b97faac7c652b?s=96&d=blank&r=g","caption":"enequipo"},"sameAs":["https:\/\/www.facebook.com\/SonoraEE"]}]}},"jetpack_featured_media_url":"https:\/\/www.sonoraenequipo.com.mx\/storage\/2020\/01\/particulas-de-polvo_opt.jpg","_links":{"self":[{"href":"https:\/\/www.sonoraenequipo.com.mx\/api\/wp\/v2\/posts\/76936","targetHints":{"allow":["GET"]}}],"collection":[{"href":"https:\/\/www.sonoraenequipo.com.mx\/api\/wp\/v2\/posts"}],"about":[{"href":"https:\/\/www.sonoraenequipo.com.mx\/api\/wp\/v2\/types\/post"}],"author":[{"embeddable":true,"href":"https:\/\/www.sonoraenequipo.com.mx\/api\/wp\/v2\/users\/1"}],"replies":[{"embeddable":true,"href":"https:\/\/www.sonoraenequipo.com.mx\/api\/wp\/v2\/comments?post=76936"}],"version-history":[{"count":0,"href":"https:\/\/www.sonoraenequipo.com.mx\/api\/wp\/v2\/posts\/76936\/revisions"}],"wp:featuredmedia":[{"embeddable":true,"href":"https:\/\/www.sonoraenequipo.com.mx\/api\/wp\/v2\/media\/76937"}],"wp:attachment":[{"href":"https:\/\/www.sonoraenequipo.com.mx\/api\/wp\/v2\/media?parent=76936"}],"wp:term":[{"taxonomy":"category","embeddable":true,"href":"https:\/\/www.sonoraenequipo.com.mx\/api\/wp\/v2\/categories?post=76936"},{"taxonomy":"post_tag","embeddable":true,"href":"https:\/\/www.sonoraenequipo.com.mx\/api\/wp\/v2\/tags?post=76936"}],"curies":[{"name":"wp","href":"https:\/\/api.w.org\/{rel}","templated":true}]}}