{"id":76943,"date":"2020-01-31T19:47:06","date_gmt":"2020-02-01T02:47:06","guid":{"rendered":"https:\/\/www.sonoraenequipo.com.mx\/?p=76943"},"modified":"2020-01-31T11:58:48","modified_gmt":"2020-01-31T18:58:48","slug":"esta-medianoche-el-reino-unido-dejara-de-pertenecer-a-la-union-europea","status":"publish","type":"post","link":"https:\/\/www.sonoraenequipo.com.mx\/esta-medianoche-el-reino-unido-dejara-de-pertenecer-a-la-union-europea\/","title":{"rendered":"Esta medianoche el Reino Unido dejar\u00e1 de pertenecer a la Uni\u00f3n Europea"},"content":{"rendered":"<p>LONDRES. REINO UNIDO. \u2014 La medianoche de este viernes el Reino Unido pondr\u00e1 fin a 47 a\u00f1os de pertenencia a la Uni\u00f3n Europea, tres a\u00f1os despu\u00e9s de que los brit\u00e1nicos aprobaran la salida en un refer\u00e9ndum. Han sido a\u00f1os de negociaciones, debates parlamentarios interminables y votaciones de madrugada que han dividido al pa\u00eds. El mi\u00e9rcoles, Bruselas aprobaba el tr\u00e1mite final para la salida del Reino Unido en una sesi\u00f3n emotiva y que finaliz\u00f3 con los eurodiputados cogidos de la mano despidi\u00e9ndose en un d\u00eda para la historia.<\/p>\n<p>&nbsp;<\/p>\n<p>&nbsp;<\/p>\n<p> <\/p>\n<p>&nbsp;<\/p>\n<p>&nbsp;<\/p>\n<p>Pero las cosas no cambiar\u00e1n del d\u00eda a la noche para brit\u00e1nicos y europeos. A partir de ma\u00f1ana no ser\u00e1 necesario el pasaporte para cruzar la frontera, ni se expulsar\u00e1 a todos los estudiantes o residentes comunitarios del pa\u00eds. Este s\u00e1bado se abre un periodo de transici\u00f3n de once meses que debe servir para negociar las nuevas relaciones entre Londres y Bruselas.<\/p>\n<p>&nbsp;<\/p>\n<h2>\nVisitar el Reino Unido<\/h2>\n<p>&nbsp;<\/p>\n<p>A pesar de haber abandonado la UE, el Reino Unido sigue formando parte del mercado \u00fanico y de otros tratados que garantizan la libre circulaci\u00f3n dentro de sus fronteras. Por lo tanto, si quieres visitar el pa\u00eds brit\u00e1nico lo podr\u00e1s hacer tanto con tu pasaporte como con tu DNi, como hasta ahora.<\/p>\n<p>&nbsp;<\/p>\n<p>&nbsp;<\/p>\n<p>Tampoco cambian, al menos hasta el 31 de diciembre de este a\u00f1o, los servicios de roaming que tenemos asegurados en todo Europa o la cobertura sanitaria asegurada con la Tarjeta Sanitaria Europea. Adem\u00e1s, podr\u00e1s alquilar un coche y recorrer la geograf\u00eda brit\u00e1nica sin ning\u00fan problema con tu carnet de conducir.<\/p>\n<p>&nbsp;<\/p>\n<h3>El 1 de enero de 2021 finaliza el periodo de transici\u00f3n<\/h3>\n<p>&nbsp;<\/p>\n<p>As\u00ed pues, la nueva fecha marcada en rojo en el calendario se desplaza al 1 de enero de 2021. Hasta entonces, todo seguir\u00e1 igual para los ciudadanos de a pie que, no obstante, deber\u00e1n prepararse para lo que vendr\u00e1. En caso de alcanzar acuerdos con Bruselas, el \u2018divorcio\u2019 no deber\u00eda ser traum\u00e1tico, pero el escenario tampoco es tan amable como el que dibuja el primer ministro Boris Johnson.<\/p>\n<h3>\nVivir en el Reino Unido<\/h3>\n<p>&nbsp;<\/p>\n<p>Una vez finalice el periodo de transici\u00f3n, cualquier ciudadano comunitario que quiera seguir viviendo en el pa\u00eds deber\u00e1 pasar por un procedimiento llamado EU Settlment Scheme (EUSS). Un nuevo requisito que otorgar\u00e1 al ciudadano el permiso para poder seguir residiendo en el pa\u00eds a partir del 1 de enero de 2021.<\/p>\n<p>&nbsp;<\/p>\n<p>El Ministerio del Interior brit\u00e1nico otorga dos estatus, seg\u00fan la temporalidad del permiso: un permiso de residencia indefinido (settled status), al que podr\u00e1n optar los que lleven residiendo de forma continuada m\u00e1s de 5 a\u00f1os en el pa\u00eds; o un permiso de car\u00e1cter temporal (pre-settled status) en caso de que el per\u00edodo de residencia sea inferior a un lustro. Esta condici\u00f3n ser\u00e1 v\u00e1lida durante 5 a\u00f1os, tras los cuales \u2013si se acredita la residencia sin ausentarse del pa\u00eds m\u00e1s de 6 meses en un a\u00f1o- podr\u00e1s solicitar de manera gratuita tu permiso indefinido.<\/p>\n<p>&nbsp;<\/p>\n<h3>Estudiar en el Reino Unido<\/h3>\n<p>&nbsp;<\/p>\n<p><img loading=\"lazy\" decoding=\"async\" class=\"size-full  x-left\" src=\"https:\/\/www.sonoraenequipo.com.mx\/storage\/2020\/01\/estudiar-en-reino-unido_opt.jpg\" alt=\"\" width=\"599\" height=\"400\" \/>Todos los estudiantes, sean brit\u00e1nicos o de cualquier otro pa\u00eds europeo, que hayan empezado un Erasmus antes del Brexit podr\u00e1n continuar con el programa hasta acabarlo gracias al Reglamento de contingencia de Erasmus+ de la UE. La finalidad de este reglamento es la de \u201cevitar el impacto sumamente negativo que un supuesto de ausencia de acuerdo pueda tener\u201d para los estudiantes europeos, pero este reglamento no se aplicar\u00e1 a partir del 1 de enero de 2021.<\/p>\n<p>&nbsp;<\/p>\n<p>Una vez finalizado el periodo de transici\u00f3n, depender\u00e1 de los acuerdos que hayan alcanzado Londres y Bruselas, pero el escenario en este \u00e1mbito es bastante complicado pues el Parlamento brit\u00e1nico rechaz\u00f3 una moci\u00f3n para obligar al Gobierno a negociar para garantizar la permanencia del Reino Unido dentro de este programa. A pesar de que Boris Johnson ha tratado de calmar a la poblaci\u00f3n manifestando su voluntad de que todo siga igual tras la salida, este es uno de los puntos que se tendr\u00e1n que negociar.<\/p>\n<p>&nbsp;<\/p>\n<p>&nbsp;<\/p>\n<p>PUBLICADO EL 31\/01\/2020)<\/p>\n","protected":false},"excerpt":{"rendered":"<p>LONDRES. REINO UNIDO. \u2014 La medianoche de este viernes el Reino Unido pondr\u00e1 fin a&#8230;<\/p>\n","protected":false},"author":1,"featured_media":76944,"comment_status":"open","ping_status":"open","sticky":false,"template":"","format":"standard","meta":{"_monsterinsights_skip_tracking":false,"_monsterinsights_sitenote_active":false,"_monsterinsights_sitenote_note":"","_monsterinsights_sitenote_category":0,"footnotes":""},"categories":[3],"tags":[],"class_list":["post"],"yoast_head":" \n<title>Sonora en Equipo. Esta medianoche el Reino Unido dejar\u00e1 de pertenecer a la Uni\u00f3n Europea MUNDO<\/title>\n<meta name=\"description\" content=\"LONDRES. REINO UNIDO. \u2014 La medianoche de este viernes el Reino Unido pondr\u00e1 fin a 47 a\u00f1os de pertenencia a la Uni\u00f3n Europea, tres a\u00f1os despu\u00e9s de que los En Sonora en Equipo publicamos toda la informaci\u00f3n de Sonora, M\u00e9xico y el Mundo de manera oportuna y busca que la libertad de expresi\u00f3n sea real. Visita nuestro medio informativo publicado desde Hermosillo, Sonora. %\" \/>\n<meta name=\"robots\" content=\"index, follow, max-snippet:-1, max-image-preview:large, max-video-preview:-1\" \/>\n<link rel=\"canonical\" href=\"https:\/\/www.sonoraenequipo.com.mx\/esta-medianoche-el-reino-unido-dejara-de-pertenecer-a-la-union-europea\/\" \/>\n<meta property=\"og:locale\" content=\"es_ES\" \/>\n<meta property=\"og:type\" content=\"article\" \/>\n<meta property=\"og:title\" content=\"Sonora en Equipo. Esta medianoche el Reino Unido dejar\u00e1 de pertenecer a la Uni\u00f3n Europea MUNDO\" \/>\n<meta property=\"og:description\" content=\"LONDRES. REINO UNIDO. \u2014 La medianoche de este viernes el Reino Unido pondr\u00e1 fin a 47 a\u00f1os de pertenencia a la Uni\u00f3n Europea, tres a\u00f1os despu\u00e9s de que los En Sonora en Equipo publicamos toda la informaci\u00f3n de Sonora, M\u00e9xico y el Mundo de manera oportuna y busca que la libertad de expresi\u00f3n sea real. Visita nuestro medio informativo publicado desde Hermosillo, Sonora. %\" \/>\n<meta property=\"og:url\" content=\"https:\/\/www.sonoraenequipo.com.mx\/esta-medianoche-el-reino-unido-dejara-de-pertenecer-a-la-union-europea\/\" \/>\n<meta property=\"og:site_name\" content=\"Sonora en Equipo.\" \/>\n<meta property=\"article:publisher\" content=\"https:\/\/www.facebook.com\/SonoraEE\/\" \/>\n<meta property=\"article:author\" content=\"https:\/\/www.facebook.com\/SonoraEE\" \/>\n<meta property=\"article:published_time\" content=\"2020-02-01T02:47:06+00:00\" \/>\n<meta property=\"og:image\" content=\"https:\/\/www.sonoraenequipo.com.mx\/storage\/2020\/01\/londres_opt.jpg\" \/>\n\t<meta property=\"og:image:width\" content=\"599\" \/>\n\t<meta property=\"og:image:height\" content=\"400\" \/>\n\t<meta property=\"og:image:type\" content=\"image\/jpeg\" \/>\n<meta name=\"author\" content=\"enequipo\" \/>\n<meta name=\"twitter:card\" content=\"summary_large_image\" \/>\n<meta name=\"twitter:creator\" content=\"@sonoraenequipo\" \/>\n<meta name=\"twitter:site\" content=\"@sonoraenequipo\" \/>\n<meta name=\"twitter:label1\" content=\"Escrito por\" \/>\n\t<meta name=\"twitter:data1\" content=\"enequipo\" \/>\n\t<meta name=\"twitter:label2\" content=\"Tiempo de lectura\" \/>\n\t<meta name=\"twitter:data2\" content=\"4 minutos\" \/>\n<script type=\"application\/ld+json\" class=\"yoast-schema-graph\">{\"@context\":\"https:\/\/schema.org\",\"@graph\":[{\"@type\":\"Article\",\"@id\":\"https:\/\/www.sonoraenequipo.com.mx\/esta-medianoche-el-reino-unido-dejara-de-pertenecer-a-la-union-europea\/#article\",\"isPartOf\":{\"@id\":\"https:\/\/www.sonoraenequipo.com.mx\/esta-medianoche-el-reino-unido-dejara-de-pertenecer-a-la-union-europea\/\"},\"author\":{\"name\":\"enequipo\",\"@id\":\"https:\/\/www.sonoraenequipo.com.mx\/#\/schema\/person\/50102df0fb23a8fa9e8effad8fa81386\"},\"headline\":\"Esta medianoche el Reino Unido dejar\u00e1 de pertenecer a la Uni\u00f3n Europea\",\"datePublished\":\"2020-02-01T02:47:06+00:00\",\"mainEntityOfPage\":{\"@id\":\"https:\/\/www.sonoraenequipo.com.mx\/esta-medianoche-el-reino-unido-dejara-de-pertenecer-a-la-union-europea\/\"},\"wordCount\":727,\"commentCount\":0,\"publisher\":{\"@id\":\"https:\/\/www.sonoraenequipo.com.mx\/#organization\"},\"image\":{\"@id\":\"https:\/\/www.sonoraenequipo.com.mx\/esta-medianoche-el-reino-unido-dejara-de-pertenecer-a-la-union-europea\/#primaryimage\"},\"thumbnailUrl\":\"https:\/\/www.sonoraenequipo.com.mx\/storage\/2020\/01\/londres_opt.jpg\",\"articleSection\":[\"MUNDO\"],\"inLanguage\":\"es\",\"potentialAction\":[{\"@type\":\"CommentAction\",\"name\":\"Comment\",\"target\":[\"https:\/\/www.sonoraenequipo.com.mx\/esta-medianoche-el-reino-unido-dejara-de-pertenecer-a-la-union-europea\/#respond\"]}]},{\"@type\":\"WebPage\",\"@id\":\"https:\/\/www.sonoraenequipo.com.mx\/esta-medianoche-el-reino-unido-dejara-de-pertenecer-a-la-union-europea\/\",\"url\":\"https:\/\/www.sonoraenequipo.com.mx\/esta-medianoche-el-reino-unido-dejara-de-pertenecer-a-la-union-europea\/\",\"name\":\"Sonora en Equipo. Esta medianoche el Reino Unido dejar\u00e1 de pertenecer a la Uni\u00f3n Europea MUNDO\",\"isPartOf\":{\"@id\":\"https:\/\/www.sonoraenequipo.com.mx\/#website\"},\"primaryImageOfPage\":{\"@id\":\"https:\/\/www.sonoraenequipo.com.mx\/esta-medianoche-el-reino-unido-dejara-de-pertenecer-a-la-union-europea\/#primaryimage\"},\"image\":{\"@id\":\"https:\/\/www.sonoraenequipo.com.mx\/esta-medianoche-el-reino-unido-dejara-de-pertenecer-a-la-union-europea\/#primaryimage\"},\"thumbnailUrl\":\"https:\/\/www.sonoraenequipo.com.mx\/storage\/2020\/01\/londres_opt.jpg\",\"datePublished\":\"2020-02-01T02:47:06+00:00\",\"description\":\"LONDRES. REINO UNIDO. \u2014 La medianoche de este viernes el Reino Unido pondr\u00e1 fin a 47 a\u00f1os de pertenencia a la Uni\u00f3n Europea, tres a\u00f1os despu\u00e9s de que los En Sonora en Equipo publicamos toda la informaci\u00f3n de Sonora, M\u00e9xico y el Mundo de manera oportuna y busca que la libertad de expresi\u00f3n sea real. Visita nuestro medio informativo publicado desde Hermosillo, Sonora. %\",\"breadcrumb\":{\"@id\":\"https:\/\/www.sonoraenequipo.com.mx\/esta-medianoche-el-reino-unido-dejara-de-pertenecer-a-la-union-europea\/#breadcrumb\"},\"inLanguage\":\"es\",\"potentialAction\":[{\"@type\":\"ReadAction\",\"target\":[\"https:\/\/www.sonoraenequipo.com.mx\/esta-medianoche-el-reino-unido-dejara-de-pertenecer-a-la-union-europea\/\"]}]},{\"@type\":\"ImageObject\",\"inLanguage\":\"es\",\"@id\":\"https:\/\/www.sonoraenequipo.com.mx\/esta-medianoche-el-reino-unido-dejara-de-pertenecer-a-la-union-europea\/#primaryimage\",\"url\":\"https:\/\/www.sonoraenequipo.com.mx\/storage\/2020\/01\/londres_opt.jpg\",\"contentUrl\":\"https:\/\/www.sonoraenequipo.com.mx\/storage\/2020\/01\/londres_opt.jpg\",\"width\":599,\"height\":400},{\"@type\":\"BreadcrumbList\",\"@id\":\"https:\/\/www.sonoraenequipo.com.mx\/esta-medianoche-el-reino-unido-dejara-de-pertenecer-a-la-union-europea\/#breadcrumb\",\"itemListElement\":[{\"@type\":\"ListItem\",\"position\":1,\"name\":\"Portada\",\"item\":\"https:\/\/www.sonoraenequipo.com.mx\/\"},{\"@type\":\"ListItem\",\"position\":2,\"name\":\"Esta medianoche el Reino Unido dejar\u00e1 de pertenecer a la Uni\u00f3n Europea\"}]},{\"@type\":\"WebSite\",\"@id\":\"https:\/\/www.sonoraenequipo.com.mx\/#website\",\"url\":\"https:\/\/www.sonoraenequipo.com.mx\/\",\"name\":\"Sonora en Equipo.\",\"description\":\"Diario en l\u00ednea con Noticias desde Hermosillo, Sonora\",\"publisher\":{\"@id\":\"https:\/\/www.sonoraenequipo.com.mx\/#organization\"},\"potentialAction\":[{\"@type\":\"SearchAction\",\"target\":{\"@type\":\"EntryPoint\",\"urlTemplate\":\"https:\/\/www.sonoraenequipo.com.mx\/?s={search_term_string}\"},\"query-input\":{\"@type\":\"PropertyValueSpecification\",\"valueRequired\":true,\"valueName\":\"search_term_string\"}}],\"inLanguage\":\"es\"},{\"@type\":\"Organization\",\"@id\":\"https:\/\/www.sonoraenequipo.com.mx\/#organization\",\"name\":\"Sonoraenequipo.com.mx\",\"url\":\"https:\/\/www.sonoraenequipo.com.mx\/\",\"logo\":{\"@type\":\"ImageObject\",\"inLanguage\":\"es\",\"@id\":\"https:\/\/www.sonoraenequipo.com.mx\/#\/schema\/logo\/image\/\",\"url\":\"https:\/\/www.sonoraenequipo.com.mx\/storage\/2019\/01\/sonoraenequipo_opt.png\",\"contentUrl\":\"https:\/\/www.sonoraenequipo.com.mx\/storage\/2019\/01\/sonoraenequipo_opt.png\",\"width\":375,\"height\":125,\"caption\":\"Sonoraenequipo.com.mx\"},\"image\":{\"@id\":\"https:\/\/www.sonoraenequipo.com.mx\/#\/schema\/logo\/image\/\"},\"sameAs\":[\"https:\/\/www.facebook.com\/SonoraEE\/\",\"https:\/\/x.com\/sonoraenequipo\",\"https:\/\/www.youtube.com\/channel\/UC338nW-lPEYmJQs4ZABQ1SQ\"]},{\"@type\":\"Person\",\"@id\":\"https:\/\/www.sonoraenequipo.com.mx\/#\/schema\/person\/50102df0fb23a8fa9e8effad8fa81386\",\"name\":\"enequipo\",\"image\":{\"@type\":\"ImageObject\",\"inLanguage\":\"es\",\"@id\":\"https:\/\/www.sonoraenequipo.com.mx\/#\/schema\/person\/image\/\",\"url\":\"https:\/\/secure.gravatar.com\/avatar\/049821681b589dabc0bc20695993ccebb09f5b5d4d790cd9251b97faac7c652b?s=96&d=blank&r=g\",\"contentUrl\":\"https:\/\/secure.gravatar.com\/avatar\/049821681b589dabc0bc20695993ccebb09f5b5d4d790cd9251b97faac7c652b?s=96&d=blank&r=g\",\"caption\":\"enequipo\"},\"sameAs\":[\"https:\/\/www.facebook.com\/SonoraEE\"]}]}<\/script>\n ","yoast_head_json":{"title":"Sonora en Equipo. Esta medianoche el Reino Unido dejar\u00e1 de pertenecer a la Uni\u00f3n Europea MUNDO","description":"LONDRES. REINO UNIDO. \u2014 La medianoche de este viernes el Reino Unido pondr\u00e1 fin a 47 a\u00f1os de pertenencia a la Uni\u00f3n Europea, tres a\u00f1os despu\u00e9s de que los En Sonora en Equipo publicamos toda la informaci\u00f3n de Sonora, M\u00e9xico y el Mundo de manera oportuna y busca que la libertad de expresi\u00f3n sea real. Visita nuestro medio informativo publicado desde Hermosillo, Sonora. %","robots":{"index":"index","follow":"follow","max-snippet":"max-snippet:-1","max-image-preview":"max-image-preview:large","max-video-preview":"max-video-preview:-1"},"canonical":"https:\/\/www.sonoraenequipo.com.mx\/esta-medianoche-el-reino-unido-dejara-de-pertenecer-a-la-union-europea\/","og_locale":"es_ES","og_type":"article","og_title":"Sonora en Equipo. Esta medianoche el Reino Unido dejar\u00e1 de pertenecer a la Uni\u00f3n Europea MUNDO","og_description":"LONDRES. REINO UNIDO. \u2014 La medianoche de este viernes el Reino Unido pondr\u00e1 fin a 47 a\u00f1os de pertenencia a la Uni\u00f3n Europea, tres a\u00f1os despu\u00e9s de que los En Sonora en Equipo publicamos toda la informaci\u00f3n de Sonora, M\u00e9xico y el Mundo de manera oportuna y busca que la libertad de expresi\u00f3n sea real. Visita nuestro medio informativo publicado desde Hermosillo, Sonora. %","og_url":"https:\/\/www.sonoraenequipo.com.mx\/esta-medianoche-el-reino-unido-dejara-de-pertenecer-a-la-union-europea\/","og_site_name":"Sonora en Equipo.","article_publisher":"https:\/\/www.facebook.com\/SonoraEE\/","article_author":"https:\/\/www.facebook.com\/SonoraEE","article_published_time":"2020-02-01T02:47:06+00:00","og_image":[{"width":599,"height":400,"url":"https:\/\/www.sonoraenequipo.com.mx\/storage\/2020\/01\/londres_opt.jpg","type":"image\/jpeg"}],"author":"enequipo","twitter_card":"summary_large_image","twitter_creator":"@sonoraenequipo","twitter_site":"@sonoraenequipo","twitter_misc":{"Escrito por":"enequipo","Tiempo de lectura":"4 minutos"},"schema":{"@context":"https:\/\/schema.org","@graph":[{"@type":"Article","@id":"https:\/\/www.sonoraenequipo.com.mx\/esta-medianoche-el-reino-unido-dejara-de-pertenecer-a-la-union-europea\/#article","isPartOf":{"@id":"https:\/\/www.sonoraenequipo.com.mx\/esta-medianoche-el-reino-unido-dejara-de-pertenecer-a-la-union-europea\/"},"author":{"name":"enequipo","@id":"https:\/\/www.sonoraenequipo.com.mx\/#\/schema\/person\/50102df0fb23a8fa9e8effad8fa81386"},"headline":"Esta medianoche el Reino Unido dejar\u00e1 de pertenecer a la Uni\u00f3n Europea","datePublished":"2020-02-01T02:47:06+00:00","mainEntityOfPage":{"@id":"https:\/\/www.sonoraenequipo.com.mx\/esta-medianoche-el-reino-unido-dejara-de-pertenecer-a-la-union-europea\/"},"wordCount":727,"commentCount":0,"publisher":{"@id":"https:\/\/www.sonoraenequipo.com.mx\/#organization"},"image":{"@id":"https:\/\/www.sonoraenequipo.com.mx\/esta-medianoche-el-reino-unido-dejara-de-pertenecer-a-la-union-europea\/#primaryimage"},"thumbnailUrl":"https:\/\/www.sonoraenequipo.com.mx\/storage\/2020\/01\/londres_opt.jpg","articleSection":["MUNDO"],"inLanguage":"es","potentialAction":[{"@type":"CommentAction","name":"Comment","target":["https:\/\/www.sonoraenequipo.com.mx\/esta-medianoche-el-reino-unido-dejara-de-pertenecer-a-la-union-europea\/#respond"]}]},{"@type":"WebPage","@id":"https:\/\/www.sonoraenequipo.com.mx\/esta-medianoche-el-reino-unido-dejara-de-pertenecer-a-la-union-europea\/","url":"https:\/\/www.sonoraenequipo.com.mx\/esta-medianoche-el-reino-unido-dejara-de-pertenecer-a-la-union-europea\/","name":"Sonora en Equipo. Esta medianoche el Reino Unido dejar\u00e1 de pertenecer a la Uni\u00f3n Europea MUNDO","isPartOf":{"@id":"https:\/\/www.sonoraenequipo.com.mx\/#website"},"primaryImageOfPage":{"@id":"https:\/\/www.sonoraenequipo.com.mx\/esta-medianoche-el-reino-unido-dejara-de-pertenecer-a-la-union-europea\/#primaryimage"},"image":{"@id":"https:\/\/www.sonoraenequipo.com.mx\/esta-medianoche-el-reino-unido-dejara-de-pertenecer-a-la-union-europea\/#primaryimage"},"thumbnailUrl":"https:\/\/www.sonoraenequipo.com.mx\/storage\/2020\/01\/londres_opt.jpg","datePublished":"2020-02-01T02:47:06+00:00","description":"LONDRES. REINO UNIDO. \u2014 La medianoche de este viernes el Reino Unido pondr\u00e1 fin a 47 a\u00f1os de pertenencia a la Uni\u00f3n Europea, tres a\u00f1os despu\u00e9s de que los En Sonora en Equipo publicamos toda la informaci\u00f3n de Sonora, M\u00e9xico y el Mundo de manera oportuna y busca que la libertad de expresi\u00f3n sea real. Visita nuestro medio informativo publicado desde Hermosillo, Sonora. %","breadcrumb":{"@id":"https:\/\/www.sonoraenequipo.com.mx\/esta-medianoche-el-reino-unido-dejara-de-pertenecer-a-la-union-europea\/#breadcrumb"},"inLanguage":"es","potentialAction":[{"@type":"ReadAction","target":["https:\/\/www.sonoraenequipo.com.mx\/esta-medianoche-el-reino-unido-dejara-de-pertenecer-a-la-union-europea\/"]}]},{"@type":"ImageObject","inLanguage":"es","@id":"https:\/\/www.sonoraenequipo.com.mx\/esta-medianoche-el-reino-unido-dejara-de-pertenecer-a-la-union-europea\/#primaryimage","url":"https:\/\/www.sonoraenequipo.com.mx\/storage\/2020\/01\/londres_opt.jpg","contentUrl":"https:\/\/www.sonoraenequipo.com.mx\/storage\/2020\/01\/londres_opt.jpg","width":599,"height":400},{"@type":"BreadcrumbList","@id":"https:\/\/www.sonoraenequipo.com.mx\/esta-medianoche-el-reino-unido-dejara-de-pertenecer-a-la-union-europea\/#breadcrumb","itemListElement":[{"@type":"ListItem","position":1,"name":"Portada","item":"https:\/\/www.sonoraenequipo.com.mx\/"},{"@type":"ListItem","position":2,"name":"Esta medianoche el Reino Unido dejar\u00e1 de pertenecer a la Uni\u00f3n Europea"}]},{"@type":"WebSite","@id":"https:\/\/www.sonoraenequipo.com.mx\/#website","url":"https:\/\/www.sonoraenequipo.com.mx\/","name":"Sonora en Equipo.","description":"Diario en l\u00ednea con Noticias desde Hermosillo, Sonora","publisher":{"@id":"https:\/\/www.sonoraenequipo.com.mx\/#organization"},"potentialAction":[{"@type":"SearchAction","target":{"@type":"EntryPoint","urlTemplate":"https:\/\/www.sonoraenequipo.com.mx\/?s={search_term_string}"},"query-input":{"@type":"PropertyValueSpecification","valueRequired":true,"valueName":"search_term_string"}}],"inLanguage":"es"},{"@type":"Organization","@id":"https:\/\/www.sonoraenequipo.com.mx\/#organization","name":"Sonoraenequipo.com.mx","url":"https:\/\/www.sonoraenequipo.com.mx\/","logo":{"@type":"ImageObject","inLanguage":"es","@id":"https:\/\/www.sonoraenequipo.com.mx\/#\/schema\/logo\/image\/","url":"https:\/\/www.sonoraenequipo.com.mx\/storage\/2019\/01\/sonoraenequipo_opt.png","contentUrl":"https:\/\/www.sonoraenequipo.com.mx\/storage\/2019\/01\/sonoraenequipo_opt.png","width":375,"height":125,"caption":"Sonoraenequipo.com.mx"},"image":{"@id":"https:\/\/www.sonoraenequipo.com.mx\/#\/schema\/logo\/image\/"},"sameAs":["https:\/\/www.facebook.com\/SonoraEE\/","https:\/\/x.com\/sonoraenequipo","https:\/\/www.youtube.com\/channel\/UC338nW-lPEYmJQs4ZABQ1SQ"]},{"@type":"Person","@id":"https:\/\/www.sonoraenequipo.com.mx\/#\/schema\/person\/50102df0fb23a8fa9e8effad8fa81386","name":"enequipo","image":{"@type":"ImageObject","inLanguage":"es","@id":"https:\/\/www.sonoraenequipo.com.mx\/#\/schema\/person\/image\/","url":"https:\/\/secure.gravatar.com\/avatar\/049821681b589dabc0bc20695993ccebb09f5b5d4d790cd9251b97faac7c652b?s=96&d=blank&r=g","contentUrl":"https:\/\/secure.gravatar.com\/avatar\/049821681b589dabc0bc20695993ccebb09f5b5d4d790cd9251b97faac7c652b?s=96&d=blank&r=g","caption":"enequipo"},"sameAs":["https:\/\/www.facebook.com\/SonoraEE"]}]}},"jetpack_featured_media_url":"https:\/\/www.sonoraenequipo.com.mx\/storage\/2020\/01\/londres_opt.jpg","_links":{"self":[{"href":"https:\/\/www.sonoraenequipo.com.mx\/api\/wp\/v2\/posts\/76943","targetHints":{"allow":["GET"]}}],"collection":[{"href":"https:\/\/www.sonoraenequipo.com.mx\/api\/wp\/v2\/posts"}],"about":[{"href":"https:\/\/www.sonoraenequipo.com.mx\/api\/wp\/v2\/types\/post"}],"author":[{"embeddable":true,"href":"https:\/\/www.sonoraenequipo.com.mx\/api\/wp\/v2\/users\/1"}],"replies":[{"embeddable":true,"href":"https:\/\/www.sonoraenequipo.com.mx\/api\/wp\/v2\/comments?post=76943"}],"version-history":[{"count":0,"href":"https:\/\/www.sonoraenequipo.com.mx\/api\/wp\/v2\/posts\/76943\/revisions"}],"wp:featuredmedia":[{"embeddable":true,"href":"https:\/\/www.sonoraenequipo.com.mx\/api\/wp\/v2\/media\/76944"}],"wp:attachment":[{"href":"https:\/\/www.sonoraenequipo.com.mx\/api\/wp\/v2\/media?parent=76943"}],"wp:term":[{"taxonomy":"category","embeddable":true,"href":"https:\/\/www.sonoraenequipo.com.mx\/api\/wp\/v2\/categories?post=76943"},{"taxonomy":"post_tag","embeddable":true,"href":"https:\/\/www.sonoraenequipo.com.mx\/api\/wp\/v2\/tags?post=76943"}],"curies":[{"name":"wp","href":"https:\/\/api.w.org\/{rel}","templated":true}]}}