{"id":76949,"date":"2020-01-31T09:15:12","date_gmt":"2020-01-31T16:15:12","guid":{"rendered":"https:\/\/www.sonoraenequipo.com.mx\/?p=76949"},"modified":"2020-01-31T12:05:55","modified_gmt":"2020-01-31T19:05:55","slug":"un-exito-la-expo-business-nogales-que-organizo-la-secretaria-de-economia-estatal","status":"publish","type":"post","link":"https:\/\/www.sonoraenequipo.com.mx\/un-exito-la-expo-business-nogales-que-organizo-la-secretaria-de-economia-estatal\/","title":{"rendered":"Un \u00e9xito la Expo Business Nogales que organiz\u00f3 la Secretar\u00eda de Econom\u00eda Estatal"},"content":{"rendered":"<p>NOGALES, SONORA. MX. \u2014 Con el objetivo de continuar impulsando la micro, peque\u00f1a y mediana empresa, la Secretar\u00eda de Econom\u00eda del Estado de Sonora realiz\u00f3 la Expo Business Nogales, que logr\u00f3 reunir a 95 empresas en donde se atendieron a m\u00e1s de 3 mil personas, inform\u00f3 Jorge Vidal Ahumada.<\/p>\n<p>&nbsp;<\/p>\n<p> <\/p>\n<p>&nbsp;<\/p>\n<p>&nbsp;<\/p>\n<p>El secretario de Econom\u00eda destac\u00f3 la importancia de este tipo de evento, ya que dijo que alrededor del 60 o 70 por ciento de micro, peque\u00f1as y medianas empresas, se quedan en el camino por la falta de coaching, financiamiento y comercializaci\u00f3n, por lo que con estos eventos se ayuda para que salgan adelante.<\/p>\n<p>&nbsp;<\/p>\n<p>&nbsp;<\/p>\n<p><em>\u201cEstos eventos los hemos estado promocionando porque es muy importante esta vinculaci\u00f3n que existe entre los comerciantes y los compradores o distribuidores de los productos, en este caso las cadenas comerciales y los productores, se trata de un gran espacio para los distintos tipos de negocios\u201d,<\/em> expres\u00f3 Vidal Ahumada.<\/p>\n<p>&nbsp;<\/p>\n<p>&nbsp;<\/p>\n<p>Mencion\u00f3 que para la gobernadora Claudia Pavlovich Arellano es de suma importancia que se contin\u00fae contribuyendo al desarrollo del estado y Nogales trae una muy buena actividad en ello.<\/p>\n<p>&nbsp;<\/p>\n<p>&nbsp;<\/p>\n<p><em>\u201cNos da mucho gusto ver una gran cantidad de marca sonorense en esta expo, en franquiciatarios Sonora es el estado que m\u00e1s tiene en el pa\u00eds, es una vocaci\u00f3n mucho muy importante y despertar en este rengl\u00f3n en la parte de franquicias, ser\u00e1 muy interesante para que se incorpore productores de Nogales, que nos ayuden, que se ayuden y puedan exportar sus productos tanto al exterior, como al interior del pa\u00eds\u201d<\/em>, dijo el Secretario de Econom\u00eda.<\/p>\n<p>&nbsp;<\/p>\n<p>Destac\u00f3 la actividad econ\u00f3mica en Nogales y dijo que prueba de ello son los 2 mil empleos que se ofertaron en la pasada feria que se realiz\u00f3 apenas el mi\u00e9rcoles; agreg\u00f3 que adem\u00e1s est\u00e1n por instalarse cuatro nuevas empresas m\u00e1s el crecimiento org\u00e1nico de las ya existentes.<\/p>\n<p>&nbsp;<\/p>\n<p>&nbsp;<\/p>\n<p>Precis\u00f3 que adem\u00e1s vienen inversiones muy interesantes en infraestructura para esta ciudad fronteriza como la que se har\u00e1 en el perif\u00e9rico Luis Donaldo Colosio y record\u00f3 que la gobernadora Pavlovich no quita el dedo del rengl\u00f3n para que se haga la contraparte del lado mexicano en la Garita Mariposas, ya que Estados Unidos ya hizo su parte.<\/p>\n<p>&nbsp;<\/p>\n<p>&nbsp;<\/p>\n<p><em>\u201cEstamos muy contentos por el ritmo de crecimiento que trae no s\u00f3lo Nogales, sino todo el estado y habr\u00e1 todav\u00eda m\u00e1s certidumbre con la firma del tratado comercial entre Estados Unidos, Canad\u00e1 y M\u00e9xico, pues en Sonora estamos preparados para recibir toda la inversi\u00f3n extranjera que llegue\u201d<\/em>, mencion\u00f3 Vidal Ahumada.<\/p>\n<p>&nbsp;<\/p>\n<p>&nbsp;<\/p>\n<p>Agreg\u00f3 que el estado cuenta con agua y adem\u00e1s Sonora va a ser superavitario en creaci\u00f3n de energ\u00eda que padecen otros estados, se tiene gas, adem\u00e1s de la conectividad por la cercan\u00eda con Estados Unidos.<\/p>\n<p>&nbsp;<\/p>\n<p>&nbsp;<\/p>\n<p><em>\u201cSeguimos creciendo en Sonora econ\u00f3micamente, con el cierre del \u00faltimo trimestre de 2019 alcanzamos entre el 1.2 y 1.3 por ciento, adem\u00e1s con 90 mil empleados generados<\/em>\u201d, inform\u00f3 Vidal Ahumada.<\/p>\n<p>&nbsp;<\/p>\n<p>&nbsp;<\/p>\n<p>Durante la inauguraci\u00f3n de la expo se inform\u00f3 por parte de Omar Guill\u00e9n Partida, subsecretario de Impulso a la Comercializaci\u00f3n de la Secretar\u00eda de Econom\u00eda, que fueron 95 las empresas participantes entre franquicias, de servicios, productores regionales, tecnolog\u00eda, empresas de bacanora y cerveza artesanal, as\u00ed como algunas propias de Nogales de comercio, servicio y turismo.<\/p>\n<p>&nbsp;<\/p>\n<p>&nbsp;<\/p>\n<p><img loading=\"lazy\" decoding=\"async\" class=\"size-full  x-left\" src=\"https:\/\/www.sonoraenequipo.com.mx\/storage\/2020\/01\/expo-nogales-n_opt.jpg\" alt=\"\" width=\"533\" height=\"400\" \/>Agreg\u00f3 que adem\u00e1s se sumaron cuatro cadenas comerciales: Casa Ley Abarrey, S\u00faper del Norte y Economax de Nogales, quienes tienen encuentro de negocios en la b\u00fasqueda de subir a cadena productos locales, esto con 60 empresarios.<\/p>\n<p>&nbsp;<\/p>\n<p>&nbsp;<\/p>\n<p>La autoridad estatal agradeci\u00f3 a los distintos organismos camarales de Nogales, as\u00ed como al Ayuntamiento de esta ciudad y a los participantes que se sumaron a esta Expo Business.<\/p>\n<p>&nbsp;<\/p>\n<p>&nbsp;<\/p>\n<p>En el evento presentes Perla M\u00e9ndez Cota, coordinadora de Econom\u00eda y Turismo del municipio de Nogales, representante del alcalde Jes\u00fas Pujol Irastorza; Francisco Huerta Aldaz, director del Tecnol\u00f3gico Nacional de M\u00e9xico campus Nogales; Manuel Corral Avenchuco, coordinador de Fondos para el Municipio de Nogales.<\/p>\n<p>&nbsp;<\/p>\n<p>&nbsp;<\/p>\n<p>Tambi\u00e9n participaron H\u00e9ctor Nicola Monroy, coordinador ejecutivo de la Financiera para el Desarrollo Econ\u00f3mico del Estado de Sonora (Fideson); Pavel Denis Qui\u00f1ones, director administrativo del Consejo Regulador del Bacanora de Sonora; Ana Mar\u00eda Gallego Lechuga, presidente de Canacintra-Nogales; Juan Carlos Ruiz Campillo, presidente de Canaco Nogales; Josel\u00edn C\u00e1rdenas, directora del Consejo Empresarial de Nogales; Olivia Ainza, presidente de la C\u00e1mara de Comercio condado de Santa Cruz Arizona; V\u00edctor Manuel Romo Gerardo, presidente de la Asociaci\u00f3n de Franquicias del Norte de M\u00e9xico y V\u00edctor Verdugo, de la Secretar\u00eda del Trabajo.<\/p>\n<p>&nbsp;<\/p>\n<p>&nbsp;<\/p>\n<p>PUBLICADO EL 31\/01\/2020)<\/p>\n","protected":false},"excerpt":{"rendered":"<p>NOGALES, SONORA. MX. \u2014 Con el objetivo de continuar impulsando la micro, peque\u00f1a y mediana&#8230;<\/p>\n","protected":false},"author":1,"featured_media":76953,"comment_status":"open","ping_status":"open","sticky":false,"template":"","format":"standard","meta":{"_monsterinsights_skip_tracking":false,"_monsterinsights_sitenote_active":false,"_monsterinsights_sitenote_note":"","_monsterinsights_sitenote_category":0,"footnotes":""},"categories":[22],"tags":[],"class_list":["post"],"yoast_head":" \n<title>Sonora en Equipo. Un \u00e9xito la Expo Business Nogales que organiz\u00f3 la Secretar\u00eda de Econom\u00eda Estatal Sonora<\/title>\n<meta name=\"description\" content=\"NOGALES, SONORA. MX. \u2014 Con el objetivo de continuar impulsando la micro, peque\u00f1a y mediana empresa, la Secretar\u00eda de Econom\u00eda del Estado de Sonora realiz\u00f3 En Sonora en Equipo publicamos toda la informaci\u00f3n de Sonora, M\u00e9xico y el Mundo de manera oportuna y busca que la libertad de expresi\u00f3n sea real. Visita nuestro medio informativo publicado desde Hermosillo, Sonora. %\" \/>\n<meta name=\"robots\" content=\"index, follow, max-snippet:-1, max-image-preview:large, max-video-preview:-1\" \/>\n<link rel=\"canonical\" href=\"https:\/\/www.sonoraenequipo.com.mx\/un-exito-la-expo-business-nogales-que-organizo-la-secretaria-de-economia-estatal\/\" \/>\n<meta property=\"og:locale\" content=\"es_ES\" \/>\n<meta property=\"og:type\" content=\"article\" \/>\n<meta property=\"og:title\" content=\"Sonora en Equipo. Un \u00e9xito la Expo Business Nogales que organiz\u00f3 la Secretar\u00eda de Econom\u00eda Estatal Sonora\" \/>\n<meta property=\"og:description\" content=\"NOGALES, SONORA. MX. \u2014 Con el objetivo de continuar impulsando la micro, peque\u00f1a y mediana empresa, la Secretar\u00eda de Econom\u00eda del Estado de Sonora realiz\u00f3 En Sonora en Equipo publicamos toda la informaci\u00f3n de Sonora, M\u00e9xico y el Mundo de manera oportuna y busca que la libertad de expresi\u00f3n sea real. Visita nuestro medio informativo publicado desde Hermosillo, Sonora. %\" \/>\n<meta property=\"og:url\" content=\"https:\/\/www.sonoraenequipo.com.mx\/un-exito-la-expo-business-nogales-que-organizo-la-secretaria-de-economia-estatal\/\" \/>\n<meta property=\"og:site_name\" content=\"Sonora en Equipo.\" \/>\n<meta property=\"article:publisher\" content=\"https:\/\/www.facebook.com\/SonoraEE\/\" \/>\n<meta property=\"article:author\" content=\"https:\/\/www.facebook.com\/SonoraEE\" \/>\n<meta property=\"article:published_time\" content=\"2020-01-31T16:15:12+00:00\" \/>\n<meta property=\"article:modified_time\" content=\"2020-01-31T19:05:55+00:00\" \/>\n<meta property=\"og:image\" content=\"https:\/\/www.sonoraenequipo.com.mx\/storage\/2020\/01\/expo-nogales_opt.jpg\" \/>\n\t<meta property=\"og:image:width\" content=\"533\" \/>\n\t<meta property=\"og:image:height\" content=\"400\" \/>\n\t<meta property=\"og:image:type\" content=\"image\/jpeg\" \/>\n<meta name=\"author\" content=\"enequipo\" \/>\n<meta name=\"twitter:card\" content=\"summary_large_image\" \/>\n<meta name=\"twitter:creator\" content=\"@sonoraenequipo\" \/>\n<meta name=\"twitter:site\" content=\"@sonoraenequipo\" \/>\n<meta name=\"twitter:label1\" content=\"Escrito por\" \/>\n\t<meta name=\"twitter:data1\" content=\"enequipo\" \/>\n\t<meta name=\"twitter:label2\" content=\"Tiempo de lectura\" \/>\n\t<meta name=\"twitter:data2\" content=\"4 minutos\" \/>\n<script type=\"application\/ld+json\" class=\"yoast-schema-graph\">{\"@context\":\"https:\/\/schema.org\",\"@graph\":[{\"@type\":\"Article\",\"@id\":\"https:\/\/www.sonoraenequipo.com.mx\/un-exito-la-expo-business-nogales-que-organizo-la-secretaria-de-economia-estatal\/#article\",\"isPartOf\":{\"@id\":\"https:\/\/www.sonoraenequipo.com.mx\/un-exito-la-expo-business-nogales-que-organizo-la-secretaria-de-economia-estatal\/\"},\"author\":{\"name\":\"enequipo\",\"@id\":\"https:\/\/www.sonoraenequipo.com.mx\/#\/schema\/person\/50102df0fb23a8fa9e8effad8fa81386\"},\"headline\":\"Un \u00e9xito la Expo Business Nogales que organiz\u00f3 la Secretar\u00eda de Econom\u00eda Estatal\",\"datePublished\":\"2020-01-31T16:15:12+00:00\",\"dateModified\":\"2020-01-31T19:05:55+00:00\",\"mainEntityOfPage\":{\"@id\":\"https:\/\/www.sonoraenequipo.com.mx\/un-exito-la-expo-business-nogales-que-organizo-la-secretaria-de-economia-estatal\/\"},\"wordCount\":827,\"commentCount\":0,\"publisher\":{\"@id\":\"https:\/\/www.sonoraenequipo.com.mx\/#organization\"},\"image\":{\"@id\":\"https:\/\/www.sonoraenequipo.com.mx\/un-exito-la-expo-business-nogales-que-organizo-la-secretaria-de-economia-estatal\/#primaryimage\"},\"thumbnailUrl\":\"https:\/\/www.sonoraenequipo.com.mx\/storage\/2020\/01\/expo-nogales_opt.jpg\",\"articleSection\":[\"Sonora\"],\"inLanguage\":\"es\",\"potentialAction\":[{\"@type\":\"CommentAction\",\"name\":\"Comment\",\"target\":[\"https:\/\/www.sonoraenequipo.com.mx\/un-exito-la-expo-business-nogales-que-organizo-la-secretaria-de-economia-estatal\/#respond\"]}]},{\"@type\":\"WebPage\",\"@id\":\"https:\/\/www.sonoraenequipo.com.mx\/un-exito-la-expo-business-nogales-que-organizo-la-secretaria-de-economia-estatal\/\",\"url\":\"https:\/\/www.sonoraenequipo.com.mx\/un-exito-la-expo-business-nogales-que-organizo-la-secretaria-de-economia-estatal\/\",\"name\":\"Sonora en Equipo. Un \u00e9xito la Expo Business Nogales que organiz\u00f3 la Secretar\u00eda de Econom\u00eda Estatal Sonora\",\"isPartOf\":{\"@id\":\"https:\/\/www.sonoraenequipo.com.mx\/#website\"},\"primaryImageOfPage\":{\"@id\":\"https:\/\/www.sonoraenequipo.com.mx\/un-exito-la-expo-business-nogales-que-organizo-la-secretaria-de-economia-estatal\/#primaryimage\"},\"image\":{\"@id\":\"https:\/\/www.sonoraenequipo.com.mx\/un-exito-la-expo-business-nogales-que-organizo-la-secretaria-de-economia-estatal\/#primaryimage\"},\"thumbnailUrl\":\"https:\/\/www.sonoraenequipo.com.mx\/storage\/2020\/01\/expo-nogales_opt.jpg\",\"datePublished\":\"2020-01-31T16:15:12+00:00\",\"dateModified\":\"2020-01-31T19:05:55+00:00\",\"description\":\"NOGALES, SONORA. MX. \u2014 Con el objetivo de continuar impulsando la micro, peque\u00f1a y mediana empresa, la Secretar\u00eda de Econom\u00eda del Estado de Sonora realiz\u00f3 En Sonora en Equipo publicamos toda la informaci\u00f3n de Sonora, M\u00e9xico y el Mundo de manera oportuna y busca que la libertad de expresi\u00f3n sea real. Visita nuestro medio informativo publicado desde Hermosillo, Sonora. %\",\"breadcrumb\":{\"@id\":\"https:\/\/www.sonoraenequipo.com.mx\/un-exito-la-expo-business-nogales-que-organizo-la-secretaria-de-economia-estatal\/#breadcrumb\"},\"inLanguage\":\"es\",\"potentialAction\":[{\"@type\":\"ReadAction\",\"target\":[\"https:\/\/www.sonoraenequipo.com.mx\/un-exito-la-expo-business-nogales-que-organizo-la-secretaria-de-economia-estatal\/\"]}]},{\"@type\":\"ImageObject\",\"inLanguage\":\"es\",\"@id\":\"https:\/\/www.sonoraenequipo.com.mx\/un-exito-la-expo-business-nogales-que-organizo-la-secretaria-de-economia-estatal\/#primaryimage\",\"url\":\"https:\/\/www.sonoraenequipo.com.mx\/storage\/2020\/01\/expo-nogales_opt.jpg\",\"contentUrl\":\"https:\/\/www.sonoraenequipo.com.mx\/storage\/2020\/01\/expo-nogales_opt.jpg\",\"width\":533,\"height\":400},{\"@type\":\"BreadcrumbList\",\"@id\":\"https:\/\/www.sonoraenequipo.com.mx\/un-exito-la-expo-business-nogales-que-organizo-la-secretaria-de-economia-estatal\/#breadcrumb\",\"itemListElement\":[{\"@type\":\"ListItem\",\"position\":1,\"name\":\"Portada\",\"item\":\"https:\/\/www.sonoraenequipo.com.mx\/\"},{\"@type\":\"ListItem\",\"position\":2,\"name\":\"Un \u00e9xito la Expo Business Nogales que organiz\u00f3 la Secretar\u00eda de Econom\u00eda Estatal\"}]},{\"@type\":\"WebSite\",\"@id\":\"https:\/\/www.sonoraenequipo.com.mx\/#website\",\"url\":\"https:\/\/www.sonoraenequipo.com.mx\/\",\"name\":\"Sonora en Equipo.\",\"description\":\"Diario en l\u00ednea con Noticias desde Hermosillo, Sonora\",\"publisher\":{\"@id\":\"https:\/\/www.sonoraenequipo.com.mx\/#organization\"},\"potentialAction\":[{\"@type\":\"SearchAction\",\"target\":{\"@type\":\"EntryPoint\",\"urlTemplate\":\"https:\/\/www.sonoraenequipo.com.mx\/?s={search_term_string}\"},\"query-input\":{\"@type\":\"PropertyValueSpecification\",\"valueRequired\":true,\"valueName\":\"search_term_string\"}}],\"inLanguage\":\"es\"},{\"@type\":\"Organization\",\"@id\":\"https:\/\/www.sonoraenequipo.com.mx\/#organization\",\"name\":\"Sonoraenequipo.com.mx\",\"url\":\"https:\/\/www.sonoraenequipo.com.mx\/\",\"logo\":{\"@type\":\"ImageObject\",\"inLanguage\":\"es\",\"@id\":\"https:\/\/www.sonoraenequipo.com.mx\/#\/schema\/logo\/image\/\",\"url\":\"https:\/\/www.sonoraenequipo.com.mx\/storage\/2019\/01\/sonoraenequipo_opt.png\",\"contentUrl\":\"https:\/\/www.sonoraenequipo.com.mx\/storage\/2019\/01\/sonoraenequipo_opt.png\",\"width\":375,\"height\":125,\"caption\":\"Sonoraenequipo.com.mx\"},\"image\":{\"@id\":\"https:\/\/www.sonoraenequipo.com.mx\/#\/schema\/logo\/image\/\"},\"sameAs\":[\"https:\/\/www.facebook.com\/SonoraEE\/\",\"https:\/\/x.com\/sonoraenequipo\",\"https:\/\/www.youtube.com\/channel\/UC338nW-lPEYmJQs4ZABQ1SQ\"]},{\"@type\":\"Person\",\"@id\":\"https:\/\/www.sonoraenequipo.com.mx\/#\/schema\/person\/50102df0fb23a8fa9e8effad8fa81386\",\"name\":\"enequipo\",\"image\":{\"@type\":\"ImageObject\",\"inLanguage\":\"es\",\"@id\":\"https:\/\/www.sonoraenequipo.com.mx\/#\/schema\/person\/image\/\",\"url\":\"https:\/\/secure.gravatar.com\/avatar\/049821681b589dabc0bc20695993ccebb09f5b5d4d790cd9251b97faac7c652b?s=96&d=blank&r=g\",\"contentUrl\":\"https:\/\/secure.gravatar.com\/avatar\/049821681b589dabc0bc20695993ccebb09f5b5d4d790cd9251b97faac7c652b?s=96&d=blank&r=g\",\"caption\":\"enequipo\"},\"sameAs\":[\"https:\/\/www.facebook.com\/SonoraEE\"]}]}<\/script>\n ","yoast_head_json":{"title":"Sonora en Equipo. Un \u00e9xito la Expo Business Nogales que organiz\u00f3 la Secretar\u00eda de Econom\u00eda Estatal Sonora","description":"NOGALES, SONORA. MX. \u2014 Con el objetivo de continuar impulsando la micro, peque\u00f1a y mediana empresa, la Secretar\u00eda de Econom\u00eda del Estado de Sonora realiz\u00f3 En Sonora en Equipo publicamos toda la informaci\u00f3n de Sonora, M\u00e9xico y el Mundo de manera oportuna y busca que la libertad de expresi\u00f3n sea real. Visita nuestro medio informativo publicado desde Hermosillo, Sonora. %","robots":{"index":"index","follow":"follow","max-snippet":"max-snippet:-1","max-image-preview":"max-image-preview:large","max-video-preview":"max-video-preview:-1"},"canonical":"https:\/\/www.sonoraenequipo.com.mx\/un-exito-la-expo-business-nogales-que-organizo-la-secretaria-de-economia-estatal\/","og_locale":"es_ES","og_type":"article","og_title":"Sonora en Equipo. Un \u00e9xito la Expo Business Nogales que organiz\u00f3 la Secretar\u00eda de Econom\u00eda Estatal Sonora","og_description":"NOGALES, SONORA. MX. \u2014 Con el objetivo de continuar impulsando la micro, peque\u00f1a y mediana empresa, la Secretar\u00eda de Econom\u00eda del Estado de Sonora realiz\u00f3 En Sonora en Equipo publicamos toda la informaci\u00f3n de Sonora, M\u00e9xico y el Mundo de manera oportuna y busca que la libertad de expresi\u00f3n sea real. Visita nuestro medio informativo publicado desde Hermosillo, Sonora. %","og_url":"https:\/\/www.sonoraenequipo.com.mx\/un-exito-la-expo-business-nogales-que-organizo-la-secretaria-de-economia-estatal\/","og_site_name":"Sonora en Equipo.","article_publisher":"https:\/\/www.facebook.com\/SonoraEE\/","article_author":"https:\/\/www.facebook.com\/SonoraEE","article_published_time":"2020-01-31T16:15:12+00:00","article_modified_time":"2020-01-31T19:05:55+00:00","og_image":[{"width":533,"height":400,"url":"https:\/\/www.sonoraenequipo.com.mx\/storage\/2020\/01\/expo-nogales_opt.jpg","type":"image\/jpeg"}],"author":"enequipo","twitter_card":"summary_large_image","twitter_creator":"@sonoraenequipo","twitter_site":"@sonoraenequipo","twitter_misc":{"Escrito por":"enequipo","Tiempo de lectura":"4 minutos"},"schema":{"@context":"https:\/\/schema.org","@graph":[{"@type":"Article","@id":"https:\/\/www.sonoraenequipo.com.mx\/un-exito-la-expo-business-nogales-que-organizo-la-secretaria-de-economia-estatal\/#article","isPartOf":{"@id":"https:\/\/www.sonoraenequipo.com.mx\/un-exito-la-expo-business-nogales-que-organizo-la-secretaria-de-economia-estatal\/"},"author":{"name":"enequipo","@id":"https:\/\/www.sonoraenequipo.com.mx\/#\/schema\/person\/50102df0fb23a8fa9e8effad8fa81386"},"headline":"Un \u00e9xito la Expo Business Nogales que organiz\u00f3 la Secretar\u00eda de Econom\u00eda Estatal","datePublished":"2020-01-31T16:15:12+00:00","dateModified":"2020-01-31T19:05:55+00:00","mainEntityOfPage":{"@id":"https:\/\/www.sonoraenequipo.com.mx\/un-exito-la-expo-business-nogales-que-organizo-la-secretaria-de-economia-estatal\/"},"wordCount":827,"commentCount":0,"publisher":{"@id":"https:\/\/www.sonoraenequipo.com.mx\/#organization"},"image":{"@id":"https:\/\/www.sonoraenequipo.com.mx\/un-exito-la-expo-business-nogales-que-organizo-la-secretaria-de-economia-estatal\/#primaryimage"},"thumbnailUrl":"https:\/\/www.sonoraenequipo.com.mx\/storage\/2020\/01\/expo-nogales_opt.jpg","articleSection":["Sonora"],"inLanguage":"es","potentialAction":[{"@type":"CommentAction","name":"Comment","target":["https:\/\/www.sonoraenequipo.com.mx\/un-exito-la-expo-business-nogales-que-organizo-la-secretaria-de-economia-estatal\/#respond"]}]},{"@type":"WebPage","@id":"https:\/\/www.sonoraenequipo.com.mx\/un-exito-la-expo-business-nogales-que-organizo-la-secretaria-de-economia-estatal\/","url":"https:\/\/www.sonoraenequipo.com.mx\/un-exito-la-expo-business-nogales-que-organizo-la-secretaria-de-economia-estatal\/","name":"Sonora en Equipo. Un \u00e9xito la Expo Business Nogales que organiz\u00f3 la Secretar\u00eda de Econom\u00eda Estatal Sonora","isPartOf":{"@id":"https:\/\/www.sonoraenequipo.com.mx\/#website"},"primaryImageOfPage":{"@id":"https:\/\/www.sonoraenequipo.com.mx\/un-exito-la-expo-business-nogales-que-organizo-la-secretaria-de-economia-estatal\/#primaryimage"},"image":{"@id":"https:\/\/www.sonoraenequipo.com.mx\/un-exito-la-expo-business-nogales-que-organizo-la-secretaria-de-economia-estatal\/#primaryimage"},"thumbnailUrl":"https:\/\/www.sonoraenequipo.com.mx\/storage\/2020\/01\/expo-nogales_opt.jpg","datePublished":"2020-01-31T16:15:12+00:00","dateModified":"2020-01-31T19:05:55+00:00","description":"NOGALES, SONORA. MX. \u2014 Con el objetivo de continuar impulsando la micro, peque\u00f1a y mediana empresa, la Secretar\u00eda de Econom\u00eda del Estado de Sonora realiz\u00f3 En Sonora en Equipo publicamos toda la informaci\u00f3n de Sonora, M\u00e9xico y el Mundo de manera oportuna y busca que la libertad de expresi\u00f3n sea real. Visita nuestro medio informativo publicado desde Hermosillo, Sonora. %","breadcrumb":{"@id":"https:\/\/www.sonoraenequipo.com.mx\/un-exito-la-expo-business-nogales-que-organizo-la-secretaria-de-economia-estatal\/#breadcrumb"},"inLanguage":"es","potentialAction":[{"@type":"ReadAction","target":["https:\/\/www.sonoraenequipo.com.mx\/un-exito-la-expo-business-nogales-que-organizo-la-secretaria-de-economia-estatal\/"]}]},{"@type":"ImageObject","inLanguage":"es","@id":"https:\/\/www.sonoraenequipo.com.mx\/un-exito-la-expo-business-nogales-que-organizo-la-secretaria-de-economia-estatal\/#primaryimage","url":"https:\/\/www.sonoraenequipo.com.mx\/storage\/2020\/01\/expo-nogales_opt.jpg","contentUrl":"https:\/\/www.sonoraenequipo.com.mx\/storage\/2020\/01\/expo-nogales_opt.jpg","width":533,"height":400},{"@type":"BreadcrumbList","@id":"https:\/\/www.sonoraenequipo.com.mx\/un-exito-la-expo-business-nogales-que-organizo-la-secretaria-de-economia-estatal\/#breadcrumb","itemListElement":[{"@type":"ListItem","position":1,"name":"Portada","item":"https:\/\/www.sonoraenequipo.com.mx\/"},{"@type":"ListItem","position":2,"name":"Un \u00e9xito la Expo Business Nogales que organiz\u00f3 la Secretar\u00eda de Econom\u00eda Estatal"}]},{"@type":"WebSite","@id":"https:\/\/www.sonoraenequipo.com.mx\/#website","url":"https:\/\/www.sonoraenequipo.com.mx\/","name":"Sonora en Equipo.","description":"Diario en l\u00ednea con Noticias desde Hermosillo, Sonora","publisher":{"@id":"https:\/\/www.sonoraenequipo.com.mx\/#organization"},"potentialAction":[{"@type":"SearchAction","target":{"@type":"EntryPoint","urlTemplate":"https:\/\/www.sonoraenequipo.com.mx\/?s={search_term_string}"},"query-input":{"@type":"PropertyValueSpecification","valueRequired":true,"valueName":"search_term_string"}}],"inLanguage":"es"},{"@type":"Organization","@id":"https:\/\/www.sonoraenequipo.com.mx\/#organization","name":"Sonoraenequipo.com.mx","url":"https:\/\/www.sonoraenequipo.com.mx\/","logo":{"@type":"ImageObject","inLanguage":"es","@id":"https:\/\/www.sonoraenequipo.com.mx\/#\/schema\/logo\/image\/","url":"https:\/\/www.sonoraenequipo.com.mx\/storage\/2019\/01\/sonoraenequipo_opt.png","contentUrl":"https:\/\/www.sonoraenequipo.com.mx\/storage\/2019\/01\/sonoraenequipo_opt.png","width":375,"height":125,"caption":"Sonoraenequipo.com.mx"},"image":{"@id":"https:\/\/www.sonoraenequipo.com.mx\/#\/schema\/logo\/image\/"},"sameAs":["https:\/\/www.facebook.com\/SonoraEE\/","https:\/\/x.com\/sonoraenequipo","https:\/\/www.youtube.com\/channel\/UC338nW-lPEYmJQs4ZABQ1SQ"]},{"@type":"Person","@id":"https:\/\/www.sonoraenequipo.com.mx\/#\/schema\/person\/50102df0fb23a8fa9e8effad8fa81386","name":"enequipo","image":{"@type":"ImageObject","inLanguage":"es","@id":"https:\/\/www.sonoraenequipo.com.mx\/#\/schema\/person\/image\/","url":"https:\/\/secure.gravatar.com\/avatar\/049821681b589dabc0bc20695993ccebb09f5b5d4d790cd9251b97faac7c652b?s=96&d=blank&r=g","contentUrl":"https:\/\/secure.gravatar.com\/avatar\/049821681b589dabc0bc20695993ccebb09f5b5d4d790cd9251b97faac7c652b?s=96&d=blank&r=g","caption":"enequipo"},"sameAs":["https:\/\/www.facebook.com\/SonoraEE"]}]}},"jetpack_featured_media_url":"https:\/\/www.sonoraenequipo.com.mx\/storage\/2020\/01\/expo-nogales_opt.jpg","_links":{"self":[{"href":"https:\/\/www.sonoraenequipo.com.mx\/api\/wp\/v2\/posts\/76949","targetHints":{"allow":["GET"]}}],"collection":[{"href":"https:\/\/www.sonoraenequipo.com.mx\/api\/wp\/v2\/posts"}],"about":[{"href":"https:\/\/www.sonoraenequipo.com.mx\/api\/wp\/v2\/types\/post"}],"author":[{"embeddable":true,"href":"https:\/\/www.sonoraenequipo.com.mx\/api\/wp\/v2\/users\/1"}],"replies":[{"embeddable":true,"href":"https:\/\/www.sonoraenequipo.com.mx\/api\/wp\/v2\/comments?post=76949"}],"version-history":[{"count":0,"href":"https:\/\/www.sonoraenequipo.com.mx\/api\/wp\/v2\/posts\/76949\/revisions"}],"wp:featuredmedia":[{"embeddable":true,"href":"https:\/\/www.sonoraenequipo.com.mx\/api\/wp\/v2\/media\/76953"}],"wp:attachment":[{"href":"https:\/\/www.sonoraenequipo.com.mx\/api\/wp\/v2\/media?parent=76949"}],"wp:term":[{"taxonomy":"category","embeddable":true,"href":"https:\/\/www.sonoraenequipo.com.mx\/api\/wp\/v2\/categories?post=76949"},{"taxonomy":"post_tag","embeddable":true,"href":"https:\/\/www.sonoraenequipo.com.mx\/api\/wp\/v2\/tags?post=76949"}],"curies":[{"name":"wp","href":"https:\/\/api.w.org\/{rel}","templated":true}]}}