{"id":76967,"date":"2020-01-31T14:17:39","date_gmt":"2020-01-31T21:17:39","guid":{"rendered":"https:\/\/www.sonoraenequipo.com.mx\/?p=76967"},"modified":"2020-01-31T14:17:39","modified_gmt":"2020-01-31T21:17:39","slug":"salud-sonora-refuerza-vigilancia-epidemiologica-en-aeropuertos-y-puertos-fronterizos","status":"publish","type":"post","link":"https:\/\/www.sonoraenequipo.com.mx\/salud-sonora-refuerza-vigilancia-epidemiologica-en-aeropuertos-y-puertos-fronterizos\/","title":{"rendered":"Salud Sonora refuerza vigilancia epidemiol\u00f3gica en aeropuertos y puertos fronterizos"},"content":{"rendered":"<p>HERMOSILLO, SONORA,MX.\u2500 Ante la declaraci\u00f3n por parte de la Organizaci\u00f3n Mundial de la Salud (OMS) del Coronavirus como emergencia de salud p\u00fablica de preocupaci\u00f3n internacional, la Secretar\u00eda de Salud en el estado refuerza la vigilancia epidemiol\u00f3gica en aeropuertos y puertos fronterizos. <\/p>\n<p>&nbsp;<\/p>\n<p>Gerardo \u00c1lvarez Hern\u00e1ndez, director general de Promoci\u00f3n a la Salud y Prevenci\u00f3n de Enfermedades, inform\u00f3 que la OMS recomienda fortalecer la vigilancia epidemiol\u00f3gica, detecci\u00f3n temprana, aislamiento de los casos primarios, as\u00ed como las medidas de prevenci\u00f3n y protecci\u00f3n personal.<\/p>\n<p>&nbsp;<\/p>\n<p>En Sonora, indic\u00f3, se siguen las recomendaciones emitidas por la OMS y adem\u00e1s se cuenta con una coordinaci\u00f3n binacional con el estado de Arizona para el fortalecimiento de la vigilancia entre ambas fronteras, pues es un tema de preocupaci\u00f3n internacional.<\/p>\n<p>&nbsp;<\/p>\n<p>\u0093Se solicita que a las personas que procedan de alg\u00fan pa\u00eds con casos confirmados avisen a las autoridades aeroportuarias de este hecho; si no tienen s\u00edntomas, solo se toman sus datos para seguimiento epidemiol\u00f3gico por dos semanas; si presentan s\u00edntomas de inmediato se har\u00e1n medidas est\u00e1ndar de control respiratorio\u0094, apunt\u00f3.<\/p>\n<p>&nbsp;<\/p>\n<p>As\u00ed mismo, a\u00f1adi\u00f3, se les brinda la recomendaci\u00f3n de monitorear su salud por al menos dos semanas, sobre todo si se presenta fiebre, tos, malestar general, dolor de cabeza y catarro, en caso de presentar alguno de los s\u00edntomas, se debe acudir de inmediato al m\u00e9dico y referir haber llegado de un lugar de riesgo.<\/p>\n<p>&nbsp;<\/p>\n<p>Tambi\u00e9n se les recomienda, coment\u00f3, que si no presentan s\u00edntomas, continuar con las actividades diarias, evitar viajar a lugares con casos confirmados, abrigarse bien, evitar cambios bruscos de temperatura, beber abundantes l\u00edquidos, comer saludablemente y seguir los cuidados para evitar s\u00edntomas respiratorios.<\/p>\n<p>&nbsp;<\/p>\n<p>\u00c1lvarez Hern\u00e1ndez enfatiz\u00f3 que no hay motivo alguno de alarma para entrar en p\u00e1nico, ya que por las caracter\u00edsticas del nuevo virus es poco probable que ocasione cuadros graves en personas sanas.<\/p>\n<p>&nbsp;<\/p>\n<p>\u0093De acuerdo a los estudios recientes publicados en revistas de investigaci\u00f3n internacional se ha encontrado que la mayor proporci\u00f3n de pacientes graves son los menores de 5 a\u00f1os, mayores de 60 a\u00f1os, embarazadas, personas con obesidad, diabetes, problemas del coraz\u00f3n, c\u00e1ncer o VIH, entre otros\u0094, puntualiz\u00f3.<\/p>\n<p>Las personas que se encuentran en riesgo para el Coronavirus, se\u00f1al\u00f3, son las mismas que para la influenza, un padecimiento m\u00e1s grave debido a la mortalidad, severidad del cuadro y por la cantidad de personas que pueden infectarse y que se encuentra en nuestra entidad, por lo que es importante acudir a vacunarse.<\/p>\n<p>Fecha de publicaci\u00f3n 31\/ene\/2020<\/p>\n<p>&nbsp;<\/p>\n","protected":false},"excerpt":{"rendered":"<p>HERMOSILLO, SONORA,MX.\u2500 Ante la declaraci\u00f3n por parte de la Organizaci\u00f3n Mundial de la Salud (OMS)&#8230;<\/p>\n","protected":false},"author":178,"featured_media":76968,"comment_status":"open","ping_status":"open","sticky":false,"template":"","format":"standard","meta":{"_monsterinsights_skip_tracking":false,"_monsterinsights_sitenote_active":false,"_monsterinsights_sitenote_note":"","_monsterinsights_sitenote_category":0,"footnotes":""},"categories":[22],"tags":[75],"class_list":["post"],"yoast_head":" \n<title>Sonora en Equipo. Salud Sonora refuerza vigilancia epidemiol\u00f3gica en aeropuertos y puertos fronterizos Sonora<\/title>\n<meta name=\"description\" content=\"HERMOSILLO, SONORA,MX.\u2500 Ante la declaraci\u00f3n por parte de la Organizaci\u00f3n Mundial de la Salud (OMS) del Coronavirus como emergencia de salud p\u00fablica de En Sonora en Equipo publicamos toda la informaci\u00f3n de Sonora, M\u00e9xico y el Mundo de manera oportuna y busca que la libertad de expresi\u00f3n sea real. Visita nuestro medio informativo publicado desde Hermosillo, Sonora. %\" \/>\n<meta name=\"robots\" content=\"index, follow, max-snippet:-1, max-image-preview:large, max-video-preview:-1\" \/>\n<link rel=\"canonical\" href=\"https:\/\/www.sonoraenequipo.com.mx\/salud-sonora-refuerza-vigilancia-epidemiologica-en-aeropuertos-y-puertos-fronterizos\/\" \/>\n<meta property=\"og:locale\" content=\"es_ES\" \/>\n<meta property=\"og:type\" content=\"article\" \/>\n<meta property=\"og:title\" content=\"Sonora en Equipo. Salud Sonora refuerza vigilancia epidemiol\u00f3gica en aeropuertos y puertos fronterizos Sonora\" \/>\n<meta property=\"og:description\" content=\"HERMOSILLO, SONORA,MX.\u2500 Ante la declaraci\u00f3n por parte de la Organizaci\u00f3n Mundial de la Salud (OMS) del Coronavirus como emergencia de salud p\u00fablica de En Sonora en Equipo publicamos toda la informaci\u00f3n de Sonora, M\u00e9xico y el Mundo de manera oportuna y busca que la libertad de expresi\u00f3n sea real. Visita nuestro medio informativo publicado desde Hermosillo, Sonora. %\" \/>\n<meta property=\"og:url\" content=\"https:\/\/www.sonoraenequipo.com.mx\/salud-sonora-refuerza-vigilancia-epidemiologica-en-aeropuertos-y-puertos-fronterizos\/\" \/>\n<meta property=\"og:site_name\" content=\"Sonora en Equipo.\" \/>\n<meta property=\"article:publisher\" content=\"https:\/\/www.facebook.com\/SonoraEE\/\" \/>\n<meta property=\"article:published_time\" content=\"2020-01-31T21:17:39+00:00\" \/>\n<meta property=\"og:image\" content=\"https:\/\/www.sonoraenequipo.com.mx\/storage\/2020\/01\/aeropuerto-hmo.jpg\" \/>\n\t<meta property=\"og:image:width\" content=\"600\" \/>\n\t<meta property=\"og:image:height\" content=\"400\" \/>\n\t<meta property=\"og:image:type\" content=\"image\/jpeg\" \/>\n<meta name=\"author\" content=\"enequipo\" \/>\n<meta name=\"twitter:card\" content=\"summary_large_image\" \/>\n<meta name=\"twitter:creator\" content=\"@sonoraenequipo\" \/>\n<meta name=\"twitter:site\" content=\"@sonoraenequipo\" \/>\n<meta name=\"twitter:label1\" content=\"Escrito por\" \/>\n\t<meta name=\"twitter:data1\" content=\"enequipo\" \/>\n\t<meta name=\"twitter:label2\" content=\"Tiempo de lectura\" \/>\n\t<meta name=\"twitter:data2\" content=\"2 minutos\" \/>\n<script type=\"application\/ld+json\" class=\"yoast-schema-graph\">{\"@context\":\"https:\/\/schema.org\",\"@graph\":[{\"@type\":\"Article\",\"@id\":\"https:\/\/www.sonoraenequipo.com.mx\/salud-sonora-refuerza-vigilancia-epidemiologica-en-aeropuertos-y-puertos-fronterizos\/#article\",\"isPartOf\":{\"@id\":\"https:\/\/www.sonoraenequipo.com.mx\/salud-sonora-refuerza-vigilancia-epidemiologica-en-aeropuertos-y-puertos-fronterizos\/\"},\"author\":{\"name\":\"enequipo\",\"@id\":\"https:\/\/www.sonoraenequipo.com.mx\/#\/schema\/person\/61a39de478a1763473ad55e8a95fddf6\"},\"headline\":\"Salud Sonora refuerza vigilancia epidemiol\u00f3gica en aeropuertos y puertos fronterizos\",\"datePublished\":\"2020-01-31T21:17:39+00:00\",\"mainEntityOfPage\":{\"@id\":\"https:\/\/www.sonoraenequipo.com.mx\/salud-sonora-refuerza-vigilancia-epidemiologica-en-aeropuertos-y-puertos-fronterizos\/\"},\"wordCount\":463,\"commentCount\":0,\"publisher\":{\"@id\":\"https:\/\/www.sonoraenequipo.com.mx\/#organization\"},\"image\":{\"@id\":\"https:\/\/www.sonoraenequipo.com.mx\/salud-sonora-refuerza-vigilancia-epidemiologica-en-aeropuertos-y-puertos-fronterizos\/#primaryimage\"},\"thumbnailUrl\":\"https:\/\/www.sonoraenequipo.com.mx\/storage\/2020\/01\/aeropuerto-hmo.jpg\",\"keywords\":[\"secretaria de salud\"],\"articleSection\":[\"Sonora\"],\"inLanguage\":\"es\",\"potentialAction\":[{\"@type\":\"CommentAction\",\"name\":\"Comment\",\"target\":[\"https:\/\/www.sonoraenequipo.com.mx\/salud-sonora-refuerza-vigilancia-epidemiologica-en-aeropuertos-y-puertos-fronterizos\/#respond\"]}]},{\"@type\":\"WebPage\",\"@id\":\"https:\/\/www.sonoraenequipo.com.mx\/salud-sonora-refuerza-vigilancia-epidemiologica-en-aeropuertos-y-puertos-fronterizos\/\",\"url\":\"https:\/\/www.sonoraenequipo.com.mx\/salud-sonora-refuerza-vigilancia-epidemiologica-en-aeropuertos-y-puertos-fronterizos\/\",\"name\":\"Sonora en Equipo. Salud Sonora refuerza vigilancia epidemiol\u00f3gica en aeropuertos y puertos fronterizos Sonora\",\"isPartOf\":{\"@id\":\"https:\/\/www.sonoraenequipo.com.mx\/#website\"},\"primaryImageOfPage\":{\"@id\":\"https:\/\/www.sonoraenequipo.com.mx\/salud-sonora-refuerza-vigilancia-epidemiologica-en-aeropuertos-y-puertos-fronterizos\/#primaryimage\"},\"image\":{\"@id\":\"https:\/\/www.sonoraenequipo.com.mx\/salud-sonora-refuerza-vigilancia-epidemiologica-en-aeropuertos-y-puertos-fronterizos\/#primaryimage\"},\"thumbnailUrl\":\"https:\/\/www.sonoraenequipo.com.mx\/storage\/2020\/01\/aeropuerto-hmo.jpg\",\"datePublished\":\"2020-01-31T21:17:39+00:00\",\"description\":\"HERMOSILLO, SONORA,MX.\u2500 Ante la declaraci\u00f3n por parte de la Organizaci\u00f3n Mundial de la Salud (OMS) del Coronavirus como emergencia de salud p\u00fablica de En Sonora en Equipo publicamos toda la informaci\u00f3n de Sonora, M\u00e9xico y el Mundo de manera oportuna y busca que la libertad de expresi\u00f3n sea real. Visita nuestro medio informativo publicado desde Hermosillo, Sonora. %\",\"breadcrumb\":{\"@id\":\"https:\/\/www.sonoraenequipo.com.mx\/salud-sonora-refuerza-vigilancia-epidemiologica-en-aeropuertos-y-puertos-fronterizos\/#breadcrumb\"},\"inLanguage\":\"es\",\"potentialAction\":[{\"@type\":\"ReadAction\",\"target\":[\"https:\/\/www.sonoraenequipo.com.mx\/salud-sonora-refuerza-vigilancia-epidemiologica-en-aeropuertos-y-puertos-fronterizos\/\"]}]},{\"@type\":\"ImageObject\",\"inLanguage\":\"es\",\"@id\":\"https:\/\/www.sonoraenequipo.com.mx\/salud-sonora-refuerza-vigilancia-epidemiologica-en-aeropuertos-y-puertos-fronterizos\/#primaryimage\",\"url\":\"https:\/\/www.sonoraenequipo.com.mx\/storage\/2020\/01\/aeropuerto-hmo.jpg\",\"contentUrl\":\"https:\/\/www.sonoraenequipo.com.mx\/storage\/2020\/01\/aeropuerto-hmo.jpg\",\"width\":600,\"height\":400},{\"@type\":\"BreadcrumbList\",\"@id\":\"https:\/\/www.sonoraenequipo.com.mx\/salud-sonora-refuerza-vigilancia-epidemiologica-en-aeropuertos-y-puertos-fronterizos\/#breadcrumb\",\"itemListElement\":[{\"@type\":\"ListItem\",\"position\":1,\"name\":\"Portada\",\"item\":\"https:\/\/www.sonoraenequipo.com.mx\/\"},{\"@type\":\"ListItem\",\"position\":2,\"name\":\"Salud Sonora refuerza vigilancia epidemiol\u00f3gica en aeropuertos y puertos fronterizos\"}]},{\"@type\":\"WebSite\",\"@id\":\"https:\/\/www.sonoraenequipo.com.mx\/#website\",\"url\":\"https:\/\/www.sonoraenequipo.com.mx\/\",\"name\":\"Sonora en Equipo.\",\"description\":\"Diario en l\u00ednea con Noticias desde Hermosillo, Sonora\",\"publisher\":{\"@id\":\"https:\/\/www.sonoraenequipo.com.mx\/#organization\"},\"potentialAction\":[{\"@type\":\"SearchAction\",\"target\":{\"@type\":\"EntryPoint\",\"urlTemplate\":\"https:\/\/www.sonoraenequipo.com.mx\/?s={search_term_string}\"},\"query-input\":{\"@type\":\"PropertyValueSpecification\",\"valueRequired\":true,\"valueName\":\"search_term_string\"}}],\"inLanguage\":\"es\"},{\"@type\":\"Organization\",\"@id\":\"https:\/\/www.sonoraenequipo.com.mx\/#organization\",\"name\":\"Sonoraenequipo.com.mx\",\"url\":\"https:\/\/www.sonoraenequipo.com.mx\/\",\"logo\":{\"@type\":\"ImageObject\",\"inLanguage\":\"es\",\"@id\":\"https:\/\/www.sonoraenequipo.com.mx\/#\/schema\/logo\/image\/\",\"url\":\"https:\/\/www.sonoraenequipo.com.mx\/storage\/2019\/01\/sonoraenequipo_opt.png\",\"contentUrl\":\"https:\/\/www.sonoraenequipo.com.mx\/storage\/2019\/01\/sonoraenequipo_opt.png\",\"width\":375,\"height\":125,\"caption\":\"Sonoraenequipo.com.mx\"},\"image\":{\"@id\":\"https:\/\/www.sonoraenequipo.com.mx\/#\/schema\/logo\/image\/\"},\"sameAs\":[\"https:\/\/www.facebook.com\/SonoraEE\/\",\"https:\/\/x.com\/sonoraenequipo\",\"https:\/\/www.youtube.com\/channel\/UC338nW-lPEYmJQs4ZABQ1SQ\"]},{\"@type\":\"Person\",\"@id\":\"https:\/\/www.sonoraenequipo.com.mx\/#\/schema\/person\/61a39de478a1763473ad55e8a95fddf6\",\"name\":\"enequipo\",\"image\":{\"@type\":\"ImageObject\",\"inLanguage\":\"es\",\"@id\":\"https:\/\/www.sonoraenequipo.com.mx\/#\/schema\/person\/image\/\",\"url\":\"https:\/\/secure.gravatar.com\/avatar\/e39bc3016d8af598aed3d770c9510dfc2795f37ea1733d99fcc6e97d2c3c9f5e?s=96&d=blank&r=g\",\"contentUrl\":\"https:\/\/secure.gravatar.com\/avatar\/e39bc3016d8af598aed3d770c9510dfc2795f37ea1733d99fcc6e97d2c3c9f5e?s=96&d=blank&r=g\",\"caption\":\"enequipo\"}}]}<\/script>\n ","yoast_head_json":{"title":"Sonora en Equipo. Salud Sonora refuerza vigilancia epidemiol\u00f3gica en aeropuertos y puertos fronterizos Sonora","description":"HERMOSILLO, SONORA,MX.\u2500 Ante la declaraci\u00f3n por parte de la Organizaci\u00f3n Mundial de la Salud (OMS) del Coronavirus como emergencia de salud p\u00fablica de En Sonora en Equipo publicamos toda la informaci\u00f3n de Sonora, M\u00e9xico y el Mundo de manera oportuna y busca que la libertad de expresi\u00f3n sea real. Visita nuestro medio informativo publicado desde Hermosillo, Sonora. %","robots":{"index":"index","follow":"follow","max-snippet":"max-snippet:-1","max-image-preview":"max-image-preview:large","max-video-preview":"max-video-preview:-1"},"canonical":"https:\/\/www.sonoraenequipo.com.mx\/salud-sonora-refuerza-vigilancia-epidemiologica-en-aeropuertos-y-puertos-fronterizos\/","og_locale":"es_ES","og_type":"article","og_title":"Sonora en Equipo. Salud Sonora refuerza vigilancia epidemiol\u00f3gica en aeropuertos y puertos fronterizos Sonora","og_description":"HERMOSILLO, SONORA,MX.\u2500 Ante la declaraci\u00f3n por parte de la Organizaci\u00f3n Mundial de la Salud (OMS) del Coronavirus como emergencia de salud p\u00fablica de En Sonora en Equipo publicamos toda la informaci\u00f3n de Sonora, M\u00e9xico y el Mundo de manera oportuna y busca que la libertad de expresi\u00f3n sea real. Visita nuestro medio informativo publicado desde Hermosillo, Sonora. %","og_url":"https:\/\/www.sonoraenequipo.com.mx\/salud-sonora-refuerza-vigilancia-epidemiologica-en-aeropuertos-y-puertos-fronterizos\/","og_site_name":"Sonora en Equipo.","article_publisher":"https:\/\/www.facebook.com\/SonoraEE\/","article_published_time":"2020-01-31T21:17:39+00:00","og_image":[{"width":600,"height":400,"url":"https:\/\/www.sonoraenequipo.com.mx\/storage\/2020\/01\/aeropuerto-hmo.jpg","type":"image\/jpeg"}],"author":"enequipo","twitter_card":"summary_large_image","twitter_creator":"@sonoraenequipo","twitter_site":"@sonoraenequipo","twitter_misc":{"Escrito por":"enequipo","Tiempo de lectura":"2 minutos"},"schema":{"@context":"https:\/\/schema.org","@graph":[{"@type":"Article","@id":"https:\/\/www.sonoraenequipo.com.mx\/salud-sonora-refuerza-vigilancia-epidemiologica-en-aeropuertos-y-puertos-fronterizos\/#article","isPartOf":{"@id":"https:\/\/www.sonoraenequipo.com.mx\/salud-sonora-refuerza-vigilancia-epidemiologica-en-aeropuertos-y-puertos-fronterizos\/"},"author":{"name":"enequipo","@id":"https:\/\/www.sonoraenequipo.com.mx\/#\/schema\/person\/61a39de478a1763473ad55e8a95fddf6"},"headline":"Salud Sonora refuerza vigilancia epidemiol\u00f3gica en aeropuertos y puertos fronterizos","datePublished":"2020-01-31T21:17:39+00:00","mainEntityOfPage":{"@id":"https:\/\/www.sonoraenequipo.com.mx\/salud-sonora-refuerza-vigilancia-epidemiologica-en-aeropuertos-y-puertos-fronterizos\/"},"wordCount":463,"commentCount":0,"publisher":{"@id":"https:\/\/www.sonoraenequipo.com.mx\/#organization"},"image":{"@id":"https:\/\/www.sonoraenequipo.com.mx\/salud-sonora-refuerza-vigilancia-epidemiologica-en-aeropuertos-y-puertos-fronterizos\/#primaryimage"},"thumbnailUrl":"https:\/\/www.sonoraenequipo.com.mx\/storage\/2020\/01\/aeropuerto-hmo.jpg","keywords":["secretaria de salud"],"articleSection":["Sonora"],"inLanguage":"es","potentialAction":[{"@type":"CommentAction","name":"Comment","target":["https:\/\/www.sonoraenequipo.com.mx\/salud-sonora-refuerza-vigilancia-epidemiologica-en-aeropuertos-y-puertos-fronterizos\/#respond"]}]},{"@type":"WebPage","@id":"https:\/\/www.sonoraenequipo.com.mx\/salud-sonora-refuerza-vigilancia-epidemiologica-en-aeropuertos-y-puertos-fronterizos\/","url":"https:\/\/www.sonoraenequipo.com.mx\/salud-sonora-refuerza-vigilancia-epidemiologica-en-aeropuertos-y-puertos-fronterizos\/","name":"Sonora en Equipo. Salud Sonora refuerza vigilancia epidemiol\u00f3gica en aeropuertos y puertos fronterizos Sonora","isPartOf":{"@id":"https:\/\/www.sonoraenequipo.com.mx\/#website"},"primaryImageOfPage":{"@id":"https:\/\/www.sonoraenequipo.com.mx\/salud-sonora-refuerza-vigilancia-epidemiologica-en-aeropuertos-y-puertos-fronterizos\/#primaryimage"},"image":{"@id":"https:\/\/www.sonoraenequipo.com.mx\/salud-sonora-refuerza-vigilancia-epidemiologica-en-aeropuertos-y-puertos-fronterizos\/#primaryimage"},"thumbnailUrl":"https:\/\/www.sonoraenequipo.com.mx\/storage\/2020\/01\/aeropuerto-hmo.jpg","datePublished":"2020-01-31T21:17:39+00:00","description":"HERMOSILLO, SONORA,MX.\u2500 Ante la declaraci\u00f3n por parte de la Organizaci\u00f3n Mundial de la Salud (OMS) del Coronavirus como emergencia de salud p\u00fablica de En Sonora en Equipo publicamos toda la informaci\u00f3n de Sonora, M\u00e9xico y el Mundo de manera oportuna y busca que la libertad de expresi\u00f3n sea real. Visita nuestro medio informativo publicado desde Hermosillo, Sonora. %","breadcrumb":{"@id":"https:\/\/www.sonoraenequipo.com.mx\/salud-sonora-refuerza-vigilancia-epidemiologica-en-aeropuertos-y-puertos-fronterizos\/#breadcrumb"},"inLanguage":"es","potentialAction":[{"@type":"ReadAction","target":["https:\/\/www.sonoraenequipo.com.mx\/salud-sonora-refuerza-vigilancia-epidemiologica-en-aeropuertos-y-puertos-fronterizos\/"]}]},{"@type":"ImageObject","inLanguage":"es","@id":"https:\/\/www.sonoraenequipo.com.mx\/salud-sonora-refuerza-vigilancia-epidemiologica-en-aeropuertos-y-puertos-fronterizos\/#primaryimage","url":"https:\/\/www.sonoraenequipo.com.mx\/storage\/2020\/01\/aeropuerto-hmo.jpg","contentUrl":"https:\/\/www.sonoraenequipo.com.mx\/storage\/2020\/01\/aeropuerto-hmo.jpg","width":600,"height":400},{"@type":"BreadcrumbList","@id":"https:\/\/www.sonoraenequipo.com.mx\/salud-sonora-refuerza-vigilancia-epidemiologica-en-aeropuertos-y-puertos-fronterizos\/#breadcrumb","itemListElement":[{"@type":"ListItem","position":1,"name":"Portada","item":"https:\/\/www.sonoraenequipo.com.mx\/"},{"@type":"ListItem","position":2,"name":"Salud Sonora refuerza vigilancia epidemiol\u00f3gica en aeropuertos y puertos fronterizos"}]},{"@type":"WebSite","@id":"https:\/\/www.sonoraenequipo.com.mx\/#website","url":"https:\/\/www.sonoraenequipo.com.mx\/","name":"Sonora en Equipo.","description":"Diario en l\u00ednea con Noticias desde Hermosillo, Sonora","publisher":{"@id":"https:\/\/www.sonoraenequipo.com.mx\/#organization"},"potentialAction":[{"@type":"SearchAction","target":{"@type":"EntryPoint","urlTemplate":"https:\/\/www.sonoraenequipo.com.mx\/?s={search_term_string}"},"query-input":{"@type":"PropertyValueSpecification","valueRequired":true,"valueName":"search_term_string"}}],"inLanguage":"es"},{"@type":"Organization","@id":"https:\/\/www.sonoraenequipo.com.mx\/#organization","name":"Sonoraenequipo.com.mx","url":"https:\/\/www.sonoraenequipo.com.mx\/","logo":{"@type":"ImageObject","inLanguage":"es","@id":"https:\/\/www.sonoraenequipo.com.mx\/#\/schema\/logo\/image\/","url":"https:\/\/www.sonoraenequipo.com.mx\/storage\/2019\/01\/sonoraenequipo_opt.png","contentUrl":"https:\/\/www.sonoraenequipo.com.mx\/storage\/2019\/01\/sonoraenequipo_opt.png","width":375,"height":125,"caption":"Sonoraenequipo.com.mx"},"image":{"@id":"https:\/\/www.sonoraenequipo.com.mx\/#\/schema\/logo\/image\/"},"sameAs":["https:\/\/www.facebook.com\/SonoraEE\/","https:\/\/x.com\/sonoraenequipo","https:\/\/www.youtube.com\/channel\/UC338nW-lPEYmJQs4ZABQ1SQ"]},{"@type":"Person","@id":"https:\/\/www.sonoraenequipo.com.mx\/#\/schema\/person\/61a39de478a1763473ad55e8a95fddf6","name":"enequipo","image":{"@type":"ImageObject","inLanguage":"es","@id":"https:\/\/www.sonoraenequipo.com.mx\/#\/schema\/person\/image\/","url":"https:\/\/secure.gravatar.com\/avatar\/e39bc3016d8af598aed3d770c9510dfc2795f37ea1733d99fcc6e97d2c3c9f5e?s=96&d=blank&r=g","contentUrl":"https:\/\/secure.gravatar.com\/avatar\/e39bc3016d8af598aed3d770c9510dfc2795f37ea1733d99fcc6e97d2c3c9f5e?s=96&d=blank&r=g","caption":"enequipo"}}]}},"jetpack_featured_media_url":"https:\/\/www.sonoraenequipo.com.mx\/storage\/2020\/01\/aeropuerto-hmo.jpg","_links":{"self":[{"href":"https:\/\/www.sonoraenequipo.com.mx\/api\/wp\/v2\/posts\/76967","targetHints":{"allow":["GET"]}}],"collection":[{"href":"https:\/\/www.sonoraenequipo.com.mx\/api\/wp\/v2\/posts"}],"about":[{"href":"https:\/\/www.sonoraenequipo.com.mx\/api\/wp\/v2\/types\/post"}],"author":[{"embeddable":true,"href":"https:\/\/www.sonoraenequipo.com.mx\/api\/wp\/v2\/users\/178"}],"replies":[{"embeddable":true,"href":"https:\/\/www.sonoraenequipo.com.mx\/api\/wp\/v2\/comments?post=76967"}],"version-history":[{"count":0,"href":"https:\/\/www.sonoraenequipo.com.mx\/api\/wp\/v2\/posts\/76967\/revisions"}],"wp:featuredmedia":[{"embeddable":true,"href":"https:\/\/www.sonoraenequipo.com.mx\/api\/wp\/v2\/media\/76968"}],"wp:attachment":[{"href":"https:\/\/www.sonoraenequipo.com.mx\/api\/wp\/v2\/media?parent=76967"}],"wp:term":[{"taxonomy":"category","embeddable":true,"href":"https:\/\/www.sonoraenequipo.com.mx\/api\/wp\/v2\/categories?post=76967"},{"taxonomy":"post_tag","embeddable":true,"href":"https:\/\/www.sonoraenequipo.com.mx\/api\/wp\/v2\/tags?post=76967"}],"curies":[{"name":"wp","href":"https:\/\/api.w.org\/{rel}","templated":true}]}}