{"id":76971,"date":"2020-01-31T15:20:59","date_gmt":"2020-01-31T22:20:59","guid":{"rendered":"https:\/\/www.sonoraenequipo.com.mx\/?p=76971"},"modified":"2020-01-31T15:55:53","modified_gmt":"2020-01-31T22:55:53","slug":"vigilaran-fiestas-de-la-candelaria","status":"publish","type":"post","link":"https:\/\/www.sonoraenequipo.com.mx\/vigilaran-fiestas-de-la-candelaria\/","title":{"rendered":"Vigilar\u00e1n fiestas de la Candelaria"},"content":{"rendered":"<p>HERMOSILLO, SONORA. MX. \u2014 Oficiales de la Polic\u00eda Preventiva y Tr\u00e1nsito de Hermosillo vigilar\u00e1n la feria, bailes y comida al aire libre, que se realizar\u00e1n en la celebraci\u00f3n por el D\u00eda de la Candelaria, tanto en Suaqui de la Candelaria como en Villa de Seris, del 1 al 3 de febrero.<\/p>\n<p>&nbsp;<\/p>\n<p> <\/p>\n<p>&nbsp;<\/p>\n<p>&nbsp;<\/p>\n<p>Cristina Garc\u00eda Garc\u00eda, directora de la Polic\u00eda Preventiva, coment\u00f3 que trabajar\u00e1n con el objetivo de que los festejos se lleven a cabo en un ambiente familiar y con estricto apego a las leyes y reglamentos.<\/p>\n<p>&nbsp;<\/p>\n<p>&nbsp;<\/p>\n<p>Dijo que las Fiestas de la Candelaria se celebran seg\u00fan el calendario cat\u00f3lico el d\u00eda 2 de febrero, que es la fecha con la que se da por concluido el ciclo de Navidad y la tradici\u00f3n dicta que aquel a quien le salga el mu\u00f1equito en la rosca de Reyes debe vestir al Ni\u00f1o Jes\u00fas para presentarlo en la Iglesia y despu\u00e9s ofrecer tamales como una forma de ofrenda.<\/p>\n<p>&nbsp;<\/p>\n<p>&nbsp;<\/p>\n<p>&nbsp;<\/p>\n<p>En Suaqui de la Candelaria se llevar\u00e1 a cabo la tradicional festividad, la cual iniciar\u00e1 este s\u00e1bado y culminar\u00e1 el pr\u00f3ximo lunes 3 de febrero, en donde participar\u00e1n 20 elementos activos y diez Polic\u00edas auxiliares, con cinco unidades pickup y dos cuatrimotos, adem\u00e1s del Grupo de Operaciones T\u00e1cticas GOT, con otros diez elementos y dos unidades m\u00e1s.<\/p>\n<p>&nbsp;<\/p>\n<p>&nbsp;<\/p>\n<p><em>\u201cTambi\u00e9n contaremos con recorridos de vigilancia por parte del Operativo Conjunto con personal de Sedena, aproximadamente 20 elementos, todo ello encaminado a que las festividades religiosas se desenvuelvan en armon\u00eda y en paz en beneficio de los visitantes y habitantes del lugar, donde se espera la asistencia de aproximadamente 4 mil personas\u201d<\/em>, abund\u00f3.<\/p>\n<p>&nbsp;<\/p>\n<p>&nbsp;<\/p>\n<p>Garc\u00eda Garc\u00eda dijo que en Hermosillo, espec\u00edficamente en Villa de Seris, iniciar\u00e1n con la celebraci\u00f3n desde este 31 de enero durante todo el d\u00eda, donde se contar\u00e1 con la vigilancia de doce oficiales en puntos establecidos y recorridos por el \u00e1rea.<\/p>\n<p>&nbsp;<\/p>\n<p>&nbsp;<\/p>\n<p>Se cerrar\u00e1n las calles aleda\u00f1as a la Iglesia de la Candelaria y el parque donde operar\u00e1n juegos mec\u00e1nicos para la diversi\u00f3n y esparcimiento de las familias que acudan al lugar; y el tr\u00e1fico vehicular estar\u00e1 restringido a esta \u00e1rea desde la calle Alfonso Durazo, as\u00ed como la No Reelecci\u00f3n y Miguel Hidalgo.<\/p>\n<p>&nbsp;<\/p>\n<p>&nbsp;<\/p>\n<p>Mencion\u00f3 que este s\u00e1bado se realizar\u00e1 una carrera pedestre en Villa de Seris que iniciar\u00e1 a las 14:00 horas con una duraci\u00f3n aproximada de dos horas, cuyos participantes saldr\u00e1n desde la iglesia con trayecto por las calles Alfonso Durazo, callej\u00f3n Rosales, Jes\u00fas Garc\u00eda, Ni\u00f1os H\u00e9roes, Delicias, San Pedro de la Conquista y bulevar Vild\u00f3sola.<\/p>\n<p>&nbsp;<\/p>\n<p>&nbsp;<\/p>\n<p>Se le pide paciencia a los habitantes o quienes se trasladen por el lugar por las molestias que les impliquen las desviaciones, algo necesario para llevar el evento a buen t\u00e9rmino, donde se espera contar con la presencia de aproximadamente mil 500 visitantes.<\/p>\n<p>&nbsp;<\/p>\n<p>&nbsp;<\/p>\n<h2>V\u00edas alternas en Villa de Seris<\/h2>\n<p>&nbsp;<\/p>\n<p>&nbsp;<\/p>\n<p>Las opciones para transitar en las calles cercanas a la celebraci\u00f3n son tomar la Comonfort hasta bulevar Vild\u00f3sola; la No Reelecci\u00f3n hasta Las Villas; la calle Do\u00f1a Mar\u00eda, desde callej\u00f3n Rosales al Oriente; o la R\u00edo San Miguel hasta la Alfonso Durazno, al Poniente.<\/p>\n<p>&nbsp;<\/p>\n<p>&nbsp;<\/p>\n<p>PUBLICADO EL 31\/01\/2020)<\/p>\n","protected":false},"excerpt":{"rendered":"<p>HERMOSILLO, SONORA. MX. \u2014 Oficiales de la Polic\u00eda Preventiva y Tr\u00e1nsito de Hermosillo vigilar\u00e1n la&#8230;<\/p>\n","protected":false},"author":1,"featured_media":76974,"comment_status":"open","ping_status":"open","sticky":false,"template":"","format":"standard","meta":{"_monsterinsights_skip_tracking":false,"_monsterinsights_sitenote_active":false,"_monsterinsights_sitenote_note":"","_monsterinsights_sitenote_category":0,"footnotes":""},"categories":[9,22],"tags":[],"class_list":["post"],"yoast_head":" \n<title>Sonora en Equipo. Vigilar\u00e1n fiestas de la Candelaria Etc\u00e9tera<\/title>\n<meta name=\"description\" content=\"HERMOSILLO, SONORA. MX. \u2014 Oficiales de la Polic\u00eda Preventiva y Tr\u00e1nsito de Hermosillo vigilar\u00e1n la feria, bailes y comida al aire libre, que se realizar\u00e1n En Sonora en Equipo publicamos toda la informaci\u00f3n de Sonora, M\u00e9xico y el Mundo de manera oportuna y busca que la libertad de expresi\u00f3n sea real. Visita nuestro medio informativo publicado desde Hermosillo, Sonora. %\" \/>\n<meta name=\"robots\" content=\"index, follow, max-snippet:-1, max-image-preview:large, max-video-preview:-1\" \/>\n<link rel=\"canonical\" href=\"https:\/\/www.sonoraenequipo.com.mx\/vigilaran-fiestas-de-la-candelaria\/\" \/>\n<meta property=\"og:locale\" content=\"es_ES\" \/>\n<meta property=\"og:type\" content=\"article\" \/>\n<meta property=\"og:title\" content=\"Sonora en Equipo. Vigilar\u00e1n fiestas de la Candelaria Etc\u00e9tera\" \/>\n<meta property=\"og:description\" content=\"HERMOSILLO, SONORA. MX. \u2014 Oficiales de la Polic\u00eda Preventiva y Tr\u00e1nsito de Hermosillo vigilar\u00e1n la feria, bailes y comida al aire libre, que se realizar\u00e1n En Sonora en Equipo publicamos toda la informaci\u00f3n de Sonora, M\u00e9xico y el Mundo de manera oportuna y busca que la libertad de expresi\u00f3n sea real. Visita nuestro medio informativo publicado desde Hermosillo, Sonora. %\" \/>\n<meta property=\"og:url\" content=\"https:\/\/www.sonoraenequipo.com.mx\/vigilaran-fiestas-de-la-candelaria\/\" \/>\n<meta property=\"og:site_name\" content=\"Sonora en Equipo.\" \/>\n<meta property=\"article:publisher\" content=\"https:\/\/www.facebook.com\/SonoraEE\/\" \/>\n<meta property=\"article:author\" content=\"https:\/\/www.facebook.com\/SonoraEE\" \/>\n<meta property=\"article:published_time\" content=\"2020-01-31T22:20:59+00:00\" \/>\n<meta property=\"article:modified_time\" content=\"2020-01-31T22:55:53+00:00\" \/>\n<meta property=\"og:image\" content=\"https:\/\/www.sonoraenequipo.com.mx\/storage\/2020\/01\/villa-de-seris_opt.jpg\" \/>\n\t<meta property=\"og:image:width\" content=\"715\" \/>\n\t<meta property=\"og:image:height\" content=\"400\" \/>\n\t<meta property=\"og:image:type\" content=\"image\/jpeg\" \/>\n<meta name=\"author\" content=\"enequipo\" \/>\n<meta name=\"twitter:card\" content=\"summary_large_image\" \/>\n<meta name=\"twitter:creator\" content=\"@sonoraenequipo\" \/>\n<meta name=\"twitter:site\" content=\"@sonoraenequipo\" \/>\n<meta name=\"twitter:label1\" content=\"Escrito por\" \/>\n\t<meta name=\"twitter:data1\" content=\"enequipo\" \/>\n\t<meta name=\"twitter:label2\" content=\"Tiempo de lectura\" \/>\n\t<meta name=\"twitter:data2\" content=\"3 minutos\" \/>\n<script type=\"application\/ld+json\" class=\"yoast-schema-graph\">{\"@context\":\"https:\/\/schema.org\",\"@graph\":[{\"@type\":\"Article\",\"@id\":\"https:\/\/www.sonoraenequipo.com.mx\/vigilaran-fiestas-de-la-candelaria\/#article\",\"isPartOf\":{\"@id\":\"https:\/\/www.sonoraenequipo.com.mx\/vigilaran-fiestas-de-la-candelaria\/\"},\"author\":{\"name\":\"enequipo\",\"@id\":\"https:\/\/www.sonoraenequipo.com.mx\/#\/schema\/person\/50102df0fb23a8fa9e8effad8fa81386\"},\"headline\":\"Vigilar\u00e1n fiestas de la Candelaria\",\"datePublished\":\"2020-01-31T22:20:59+00:00\",\"dateModified\":\"2020-01-31T22:55:53+00:00\",\"mainEntityOfPage\":{\"@id\":\"https:\/\/www.sonoraenequipo.com.mx\/vigilaran-fiestas-de-la-candelaria\/\"},\"wordCount\":584,\"commentCount\":0,\"publisher\":{\"@id\":\"https:\/\/www.sonoraenequipo.com.mx\/#organization\"},\"image\":{\"@id\":\"https:\/\/www.sonoraenequipo.com.mx\/vigilaran-fiestas-de-la-candelaria\/#primaryimage\"},\"thumbnailUrl\":\"https:\/\/www.sonoraenequipo.com.mx\/storage\/2020\/01\/villa-de-seris_opt.jpg\",\"articleSection\":[\"Etc\u00e9tera\",\"Sonora\"],\"inLanguage\":\"es\",\"potentialAction\":[{\"@type\":\"CommentAction\",\"name\":\"Comment\",\"target\":[\"https:\/\/www.sonoraenequipo.com.mx\/vigilaran-fiestas-de-la-candelaria\/#respond\"]}]},{\"@type\":\"WebPage\",\"@id\":\"https:\/\/www.sonoraenequipo.com.mx\/vigilaran-fiestas-de-la-candelaria\/\",\"url\":\"https:\/\/www.sonoraenequipo.com.mx\/vigilaran-fiestas-de-la-candelaria\/\",\"name\":\"Sonora en Equipo. Vigilar\u00e1n fiestas de la Candelaria Etc\u00e9tera\",\"isPartOf\":{\"@id\":\"https:\/\/www.sonoraenequipo.com.mx\/#website\"},\"primaryImageOfPage\":{\"@id\":\"https:\/\/www.sonoraenequipo.com.mx\/vigilaran-fiestas-de-la-candelaria\/#primaryimage\"},\"image\":{\"@id\":\"https:\/\/www.sonoraenequipo.com.mx\/vigilaran-fiestas-de-la-candelaria\/#primaryimage\"},\"thumbnailUrl\":\"https:\/\/www.sonoraenequipo.com.mx\/storage\/2020\/01\/villa-de-seris_opt.jpg\",\"datePublished\":\"2020-01-31T22:20:59+00:00\",\"dateModified\":\"2020-01-31T22:55:53+00:00\",\"description\":\"HERMOSILLO, SONORA. MX. \u2014 Oficiales de la Polic\u00eda Preventiva y Tr\u00e1nsito de Hermosillo vigilar\u00e1n la feria, bailes y comida al aire libre, que se realizar\u00e1n En Sonora en Equipo publicamos toda la informaci\u00f3n de Sonora, M\u00e9xico y el Mundo de manera oportuna y busca que la libertad de expresi\u00f3n sea real. Visita nuestro medio informativo publicado desde Hermosillo, Sonora. %\",\"breadcrumb\":{\"@id\":\"https:\/\/www.sonoraenequipo.com.mx\/vigilaran-fiestas-de-la-candelaria\/#breadcrumb\"},\"inLanguage\":\"es\",\"potentialAction\":[{\"@type\":\"ReadAction\",\"target\":[\"https:\/\/www.sonoraenequipo.com.mx\/vigilaran-fiestas-de-la-candelaria\/\"]}]},{\"@type\":\"ImageObject\",\"inLanguage\":\"es\",\"@id\":\"https:\/\/www.sonoraenequipo.com.mx\/vigilaran-fiestas-de-la-candelaria\/#primaryimage\",\"url\":\"https:\/\/www.sonoraenequipo.com.mx\/storage\/2020\/01\/villa-de-seris_opt.jpg\",\"contentUrl\":\"https:\/\/www.sonoraenequipo.com.mx\/storage\/2020\/01\/villa-de-seris_opt.jpg\",\"width\":715,\"height\":400},{\"@type\":\"BreadcrumbList\",\"@id\":\"https:\/\/www.sonoraenequipo.com.mx\/vigilaran-fiestas-de-la-candelaria\/#breadcrumb\",\"itemListElement\":[{\"@type\":\"ListItem\",\"position\":1,\"name\":\"Portada\",\"item\":\"https:\/\/www.sonoraenequipo.com.mx\/\"},{\"@type\":\"ListItem\",\"position\":2,\"name\":\"Vigilar\u00e1n fiestas de la Candelaria\"}]},{\"@type\":\"WebSite\",\"@id\":\"https:\/\/www.sonoraenequipo.com.mx\/#website\",\"url\":\"https:\/\/www.sonoraenequipo.com.mx\/\",\"name\":\"Sonora en Equipo.\",\"description\":\"Diario en l\u00ednea con Noticias desde Hermosillo, Sonora\",\"publisher\":{\"@id\":\"https:\/\/www.sonoraenequipo.com.mx\/#organization\"},\"potentialAction\":[{\"@type\":\"SearchAction\",\"target\":{\"@type\":\"EntryPoint\",\"urlTemplate\":\"https:\/\/www.sonoraenequipo.com.mx\/?s={search_term_string}\"},\"query-input\":{\"@type\":\"PropertyValueSpecification\",\"valueRequired\":true,\"valueName\":\"search_term_string\"}}],\"inLanguage\":\"es\"},{\"@type\":\"Organization\",\"@id\":\"https:\/\/www.sonoraenequipo.com.mx\/#organization\",\"name\":\"Sonoraenequipo.com.mx\",\"url\":\"https:\/\/www.sonoraenequipo.com.mx\/\",\"logo\":{\"@type\":\"ImageObject\",\"inLanguage\":\"es\",\"@id\":\"https:\/\/www.sonoraenequipo.com.mx\/#\/schema\/logo\/image\/\",\"url\":\"https:\/\/www.sonoraenequipo.com.mx\/storage\/2019\/01\/sonoraenequipo_opt.png\",\"contentUrl\":\"https:\/\/www.sonoraenequipo.com.mx\/storage\/2019\/01\/sonoraenequipo_opt.png\",\"width\":375,\"height\":125,\"caption\":\"Sonoraenequipo.com.mx\"},\"image\":{\"@id\":\"https:\/\/www.sonoraenequipo.com.mx\/#\/schema\/logo\/image\/\"},\"sameAs\":[\"https:\/\/www.facebook.com\/SonoraEE\/\",\"https:\/\/x.com\/sonoraenequipo\",\"https:\/\/www.youtube.com\/channel\/UC338nW-lPEYmJQs4ZABQ1SQ\"]},{\"@type\":\"Person\",\"@id\":\"https:\/\/www.sonoraenequipo.com.mx\/#\/schema\/person\/50102df0fb23a8fa9e8effad8fa81386\",\"name\":\"enequipo\",\"image\":{\"@type\":\"ImageObject\",\"inLanguage\":\"es\",\"@id\":\"https:\/\/www.sonoraenequipo.com.mx\/#\/schema\/person\/image\/\",\"url\":\"https:\/\/secure.gravatar.com\/avatar\/049821681b589dabc0bc20695993ccebb09f5b5d4d790cd9251b97faac7c652b?s=96&d=blank&r=g\",\"contentUrl\":\"https:\/\/secure.gravatar.com\/avatar\/049821681b589dabc0bc20695993ccebb09f5b5d4d790cd9251b97faac7c652b?s=96&d=blank&r=g\",\"caption\":\"enequipo\"},\"sameAs\":[\"https:\/\/www.facebook.com\/SonoraEE\"]}]}<\/script>\n ","yoast_head_json":{"title":"Sonora en Equipo. Vigilar\u00e1n fiestas de la Candelaria Etc\u00e9tera","description":"HERMOSILLO, SONORA. MX. \u2014 Oficiales de la Polic\u00eda Preventiva y Tr\u00e1nsito de Hermosillo vigilar\u00e1n la feria, bailes y comida al aire libre, que se realizar\u00e1n En Sonora en Equipo publicamos toda la informaci\u00f3n de Sonora, M\u00e9xico y el Mundo de manera oportuna y busca que la libertad de expresi\u00f3n sea real. Visita nuestro medio informativo publicado desde Hermosillo, Sonora. %","robots":{"index":"index","follow":"follow","max-snippet":"max-snippet:-1","max-image-preview":"max-image-preview:large","max-video-preview":"max-video-preview:-1"},"canonical":"https:\/\/www.sonoraenequipo.com.mx\/vigilaran-fiestas-de-la-candelaria\/","og_locale":"es_ES","og_type":"article","og_title":"Sonora en Equipo. Vigilar\u00e1n fiestas de la Candelaria Etc\u00e9tera","og_description":"HERMOSILLO, SONORA. MX. \u2014 Oficiales de la Polic\u00eda Preventiva y Tr\u00e1nsito de Hermosillo vigilar\u00e1n la feria, bailes y comida al aire libre, que se realizar\u00e1n En Sonora en Equipo publicamos toda la informaci\u00f3n de Sonora, M\u00e9xico y el Mundo de manera oportuna y busca que la libertad de expresi\u00f3n sea real. Visita nuestro medio informativo publicado desde Hermosillo, Sonora. %","og_url":"https:\/\/www.sonoraenequipo.com.mx\/vigilaran-fiestas-de-la-candelaria\/","og_site_name":"Sonora en Equipo.","article_publisher":"https:\/\/www.facebook.com\/SonoraEE\/","article_author":"https:\/\/www.facebook.com\/SonoraEE","article_published_time":"2020-01-31T22:20:59+00:00","article_modified_time":"2020-01-31T22:55:53+00:00","og_image":[{"width":715,"height":400,"url":"https:\/\/www.sonoraenequipo.com.mx\/storage\/2020\/01\/villa-de-seris_opt.jpg","type":"image\/jpeg"}],"author":"enequipo","twitter_card":"summary_large_image","twitter_creator":"@sonoraenequipo","twitter_site":"@sonoraenequipo","twitter_misc":{"Escrito por":"enequipo","Tiempo de lectura":"3 minutos"},"schema":{"@context":"https:\/\/schema.org","@graph":[{"@type":"Article","@id":"https:\/\/www.sonoraenequipo.com.mx\/vigilaran-fiestas-de-la-candelaria\/#article","isPartOf":{"@id":"https:\/\/www.sonoraenequipo.com.mx\/vigilaran-fiestas-de-la-candelaria\/"},"author":{"name":"enequipo","@id":"https:\/\/www.sonoraenequipo.com.mx\/#\/schema\/person\/50102df0fb23a8fa9e8effad8fa81386"},"headline":"Vigilar\u00e1n fiestas de la Candelaria","datePublished":"2020-01-31T22:20:59+00:00","dateModified":"2020-01-31T22:55:53+00:00","mainEntityOfPage":{"@id":"https:\/\/www.sonoraenequipo.com.mx\/vigilaran-fiestas-de-la-candelaria\/"},"wordCount":584,"commentCount":0,"publisher":{"@id":"https:\/\/www.sonoraenequipo.com.mx\/#organization"},"image":{"@id":"https:\/\/www.sonoraenequipo.com.mx\/vigilaran-fiestas-de-la-candelaria\/#primaryimage"},"thumbnailUrl":"https:\/\/www.sonoraenequipo.com.mx\/storage\/2020\/01\/villa-de-seris_opt.jpg","articleSection":["Etc\u00e9tera","Sonora"],"inLanguage":"es","potentialAction":[{"@type":"CommentAction","name":"Comment","target":["https:\/\/www.sonoraenequipo.com.mx\/vigilaran-fiestas-de-la-candelaria\/#respond"]}]},{"@type":"WebPage","@id":"https:\/\/www.sonoraenequipo.com.mx\/vigilaran-fiestas-de-la-candelaria\/","url":"https:\/\/www.sonoraenequipo.com.mx\/vigilaran-fiestas-de-la-candelaria\/","name":"Sonora en Equipo. Vigilar\u00e1n fiestas de la Candelaria Etc\u00e9tera","isPartOf":{"@id":"https:\/\/www.sonoraenequipo.com.mx\/#website"},"primaryImageOfPage":{"@id":"https:\/\/www.sonoraenequipo.com.mx\/vigilaran-fiestas-de-la-candelaria\/#primaryimage"},"image":{"@id":"https:\/\/www.sonoraenequipo.com.mx\/vigilaran-fiestas-de-la-candelaria\/#primaryimage"},"thumbnailUrl":"https:\/\/www.sonoraenequipo.com.mx\/storage\/2020\/01\/villa-de-seris_opt.jpg","datePublished":"2020-01-31T22:20:59+00:00","dateModified":"2020-01-31T22:55:53+00:00","description":"HERMOSILLO, SONORA. MX. \u2014 Oficiales de la Polic\u00eda Preventiva y Tr\u00e1nsito de Hermosillo vigilar\u00e1n la feria, bailes y comida al aire libre, que se realizar\u00e1n En Sonora en Equipo publicamos toda la informaci\u00f3n de Sonora, M\u00e9xico y el Mundo de manera oportuna y busca que la libertad de expresi\u00f3n sea real. Visita nuestro medio informativo publicado desde Hermosillo, Sonora. %","breadcrumb":{"@id":"https:\/\/www.sonoraenequipo.com.mx\/vigilaran-fiestas-de-la-candelaria\/#breadcrumb"},"inLanguage":"es","potentialAction":[{"@type":"ReadAction","target":["https:\/\/www.sonoraenequipo.com.mx\/vigilaran-fiestas-de-la-candelaria\/"]}]},{"@type":"ImageObject","inLanguage":"es","@id":"https:\/\/www.sonoraenequipo.com.mx\/vigilaran-fiestas-de-la-candelaria\/#primaryimage","url":"https:\/\/www.sonoraenequipo.com.mx\/storage\/2020\/01\/villa-de-seris_opt.jpg","contentUrl":"https:\/\/www.sonoraenequipo.com.mx\/storage\/2020\/01\/villa-de-seris_opt.jpg","width":715,"height":400},{"@type":"BreadcrumbList","@id":"https:\/\/www.sonoraenequipo.com.mx\/vigilaran-fiestas-de-la-candelaria\/#breadcrumb","itemListElement":[{"@type":"ListItem","position":1,"name":"Portada","item":"https:\/\/www.sonoraenequipo.com.mx\/"},{"@type":"ListItem","position":2,"name":"Vigilar\u00e1n fiestas de la Candelaria"}]},{"@type":"WebSite","@id":"https:\/\/www.sonoraenequipo.com.mx\/#website","url":"https:\/\/www.sonoraenequipo.com.mx\/","name":"Sonora en Equipo.","description":"Diario en l\u00ednea con Noticias desde Hermosillo, Sonora","publisher":{"@id":"https:\/\/www.sonoraenequipo.com.mx\/#organization"},"potentialAction":[{"@type":"SearchAction","target":{"@type":"EntryPoint","urlTemplate":"https:\/\/www.sonoraenequipo.com.mx\/?s={search_term_string}"},"query-input":{"@type":"PropertyValueSpecification","valueRequired":true,"valueName":"search_term_string"}}],"inLanguage":"es"},{"@type":"Organization","@id":"https:\/\/www.sonoraenequipo.com.mx\/#organization","name":"Sonoraenequipo.com.mx","url":"https:\/\/www.sonoraenequipo.com.mx\/","logo":{"@type":"ImageObject","inLanguage":"es","@id":"https:\/\/www.sonoraenequipo.com.mx\/#\/schema\/logo\/image\/","url":"https:\/\/www.sonoraenequipo.com.mx\/storage\/2019\/01\/sonoraenequipo_opt.png","contentUrl":"https:\/\/www.sonoraenequipo.com.mx\/storage\/2019\/01\/sonoraenequipo_opt.png","width":375,"height":125,"caption":"Sonoraenequipo.com.mx"},"image":{"@id":"https:\/\/www.sonoraenequipo.com.mx\/#\/schema\/logo\/image\/"},"sameAs":["https:\/\/www.facebook.com\/SonoraEE\/","https:\/\/x.com\/sonoraenequipo","https:\/\/www.youtube.com\/channel\/UC338nW-lPEYmJQs4ZABQ1SQ"]},{"@type":"Person","@id":"https:\/\/www.sonoraenequipo.com.mx\/#\/schema\/person\/50102df0fb23a8fa9e8effad8fa81386","name":"enequipo","image":{"@type":"ImageObject","inLanguage":"es","@id":"https:\/\/www.sonoraenequipo.com.mx\/#\/schema\/person\/image\/","url":"https:\/\/secure.gravatar.com\/avatar\/049821681b589dabc0bc20695993ccebb09f5b5d4d790cd9251b97faac7c652b?s=96&d=blank&r=g","contentUrl":"https:\/\/secure.gravatar.com\/avatar\/049821681b589dabc0bc20695993ccebb09f5b5d4d790cd9251b97faac7c652b?s=96&d=blank&r=g","caption":"enequipo"},"sameAs":["https:\/\/www.facebook.com\/SonoraEE"]}]}},"jetpack_featured_media_url":"https:\/\/www.sonoraenequipo.com.mx\/storage\/2020\/01\/villa-de-seris_opt.jpg","_links":{"self":[{"href":"https:\/\/www.sonoraenequipo.com.mx\/api\/wp\/v2\/posts\/76971","targetHints":{"allow":["GET"]}}],"collection":[{"href":"https:\/\/www.sonoraenequipo.com.mx\/api\/wp\/v2\/posts"}],"about":[{"href":"https:\/\/www.sonoraenequipo.com.mx\/api\/wp\/v2\/types\/post"}],"author":[{"embeddable":true,"href":"https:\/\/www.sonoraenequipo.com.mx\/api\/wp\/v2\/users\/1"}],"replies":[{"embeddable":true,"href":"https:\/\/www.sonoraenequipo.com.mx\/api\/wp\/v2\/comments?post=76971"}],"version-history":[{"count":0,"href":"https:\/\/www.sonoraenequipo.com.mx\/api\/wp\/v2\/posts\/76971\/revisions"}],"wp:featuredmedia":[{"embeddable":true,"href":"https:\/\/www.sonoraenequipo.com.mx\/api\/wp\/v2\/media\/76974"}],"wp:attachment":[{"href":"https:\/\/www.sonoraenequipo.com.mx\/api\/wp\/v2\/media?parent=76971"}],"wp:term":[{"taxonomy":"category","embeddable":true,"href":"https:\/\/www.sonoraenequipo.com.mx\/api\/wp\/v2\/categories?post=76971"},{"taxonomy":"post_tag","embeddable":true,"href":"https:\/\/www.sonoraenequipo.com.mx\/api\/wp\/v2\/tags?post=76971"}],"curies":[{"name":"wp","href":"https:\/\/api.w.org\/{rel}","templated":true}]}}