{"id":76972,"date":"2020-01-31T16:04:10","date_gmt":"2020-01-31T23:04:10","guid":{"rendered":"https:\/\/www.sonoraenequipo.com.mx\/?p=76972"},"modified":"2020-01-31T16:04:10","modified_gmt":"2020-01-31T23:04:10","slug":"realiza-isssteson-jornada-de-detecciones-en-ues-unidad-slrc","status":"publish","type":"post","link":"https:\/\/www.sonoraenequipo.com.mx\/realiza-isssteson-jornada-de-detecciones-en-ues-unidad-slrc\/","title":{"rendered":"Realiza Isssteson jornada de detecciones en UES unidad SLRC"},"content":{"rendered":"<p>SAN LUIS R\u00cdO COLORADO, SONORA,MX.\u2500 M\u00e1s de mil 700 acciones de detecci\u00f3n y prevenci\u00f3n de enfermedades realiz\u00f3 personal de Medicina Preventiva del Isssteson en la Unidad San Luis R\u00edo Colorado (SLRC) de la Universidad Estatal de Sonora (UES). <\/p>\n<p>As\u00ed lo inform\u00f3 el director general del Instituto, Pedro \u00c1ngel Contreras L\u00f3pez, quien visit\u00f3 el campus universitario para supervisar el trabajo que personal m\u00e9dico y de enfermer\u00eda realiz\u00f3 en dos d\u00edas de jornadas.<\/p>\n<p>&nbsp;<\/p>\n<p>\u00abSe realizaron mil 767 acciones entre las que destacan detecci\u00f3n de diabetes mellitus, hipertensi\u00f3n, obesidad, atenci\u00f3n dental, aplicaci\u00f3n de vacuna contra la influenza, entre muchas otras acciones que nuestro personal realiz\u00f3 en trabajadores de la UES que son derechohabientes del Isssteson\u00bb, se\u00f1al\u00f3 Contreras L\u00f3pez.<\/p>\n<p>&nbsp;<\/p>\n<p>Acompa\u00f1ado de autoridades de la Universidad Estatal de Sonora en San Luis, as\u00ed como del Sindicato \u00danico de Trabajadores de la UES, el titular del Instituto acudi\u00f3 al auditorio donde se realizaron pruebas m\u00e9dicas a afiliados.<\/p>\n<p>&nbsp;<\/p>\n<p>\u00abFueron dos d\u00edas en los que m\u00e9dicos, enfermeras, nutri\u00f3logas y dentista se instalaron aqu\u00ed en la Universidad, atendiendo de manera profesional y oportuna a nuestros derechohabientes, y claro con una gran participaci\u00f3n de maestros, personal administrativo y directivos de la UES\u00bb, coment\u00f3 el director del Isssteson.<\/p>\n<p>&nbsp;<\/p>\n<p>Dentro de las acciones realizadas, adem\u00e1s de las detecciones, se aplicaron vacunas contra la Influenza, se brind\u00f3 orientaci\u00f3n en el cuidado de la salud y promoci\u00f3n de estilos de vida saludables.<\/p>\n<p>&nbsp;<\/p>\n<p>Adem\u00e1s, se realizaron charlas y orientaci\u00f3n sobre nutrici\u00f3n y se llev\u00f3 a cabo el programa de detecci\u00f3n de c\u00e1ncer cervicouterino y de mama, as\u00ed como orientaci\u00f3n sobre c\u00e1ncer de pr\u00f3stata.<\/p>\n<p>&nbsp;<\/p>\n<p>\u00abTuvimos una buena jornada en San Luis R\u00edo Colorado, entregamos equipo nuevo a la cl\u00ednica y adem\u00e1s acercamos los servicios a nuestros derechohabientes\u00bb, destac\u00f3 Contreras L\u00f3pez.<\/p>\n<p>Fecha de publicaci\u00f3n 31\/ene\/2020<\/p>\n<p>&nbsp;<\/p>\n<p>&nbsp;<\/p>\n<p>Presentes el subdirector de servicios m\u00e9dicos, Luis Becerra Hurtado, el director de la Cl\u00ednica, Marco Eleno Acu\u00f1a Velarde, as\u00ed como de directivos del Instituto.<\/p>\n<p>&nbsp;<\/p>\n","protected":false},"excerpt":{"rendered":"<p>SAN LUIS R\u00cdO COLORADO, SONORA,MX.\u2500 M\u00e1s de mil 700 acciones de detecci\u00f3n y prevenci\u00f3n de&#8230;<\/p>\n","protected":false},"author":178,"featured_media":76973,"comment_status":"open","ping_status":"open","sticky":false,"template":"","format":"standard","meta":{"_monsterinsights_skip_tracking":false,"_monsterinsights_sitenote_active":false,"_monsterinsights_sitenote_note":"","_monsterinsights_sitenote_category":0,"footnotes":""},"categories":[22],"tags":[1096],"class_list":["post"],"yoast_head":" \n<title>Sonora en Equipo. Realiza Isssteson jornada de detecciones en UES unidad SLRC Sonora<\/title>\n<meta name=\"description\" content=\"SAN LUIS R\u00cdO COLORADO, SONORA,MX.\u2500 M\u00e1s de mil 700 acciones de detecci\u00f3n y prevenci\u00f3n de enfermedades realiz\u00f3 personal de Medicina Preventiva del Isssteson En Sonora en Equipo publicamos toda la informaci\u00f3n de Sonora, M\u00e9xico y el Mundo de manera oportuna y busca que la libertad de expresi\u00f3n sea real. Visita nuestro medio informativo publicado desde Hermosillo, Sonora. %\" \/>\n<meta name=\"robots\" content=\"index, follow, max-snippet:-1, max-image-preview:large, max-video-preview:-1\" \/>\n<link rel=\"canonical\" href=\"https:\/\/www.sonoraenequipo.com.mx\/realiza-isssteson-jornada-de-detecciones-en-ues-unidad-slrc\/\" \/>\n<meta property=\"og:locale\" content=\"es_ES\" \/>\n<meta property=\"og:type\" content=\"article\" \/>\n<meta property=\"og:title\" content=\"Sonora en Equipo. Realiza Isssteson jornada de detecciones en UES unidad SLRC Sonora\" \/>\n<meta property=\"og:description\" content=\"SAN LUIS R\u00cdO COLORADO, SONORA,MX.\u2500 M\u00e1s de mil 700 acciones de detecci\u00f3n y prevenci\u00f3n de enfermedades realiz\u00f3 personal de Medicina Preventiva del Isssteson En Sonora en Equipo publicamos toda la informaci\u00f3n de Sonora, M\u00e9xico y el Mundo de manera oportuna y busca que la libertad de expresi\u00f3n sea real. Visita nuestro medio informativo publicado desde Hermosillo, Sonora. %\" \/>\n<meta property=\"og:url\" content=\"https:\/\/www.sonoraenequipo.com.mx\/realiza-isssteson-jornada-de-detecciones-en-ues-unidad-slrc\/\" \/>\n<meta property=\"og:site_name\" content=\"Sonora en Equipo.\" \/>\n<meta property=\"article:publisher\" content=\"https:\/\/www.facebook.com\/SonoraEE\/\" \/>\n<meta property=\"article:published_time\" content=\"2020-01-31T23:04:10+00:00\" \/>\n<meta property=\"og:image\" content=\"https:\/\/www.sonoraenequipo.com.mx\/storage\/2020\/01\/JORNADAS-UES.jpg\" \/>\n\t<meta property=\"og:image:width\" content=\"600\" \/>\n\t<meta property=\"og:image:height\" content=\"400\" \/>\n\t<meta property=\"og:image:type\" content=\"image\/jpeg\" \/>\n<meta name=\"author\" content=\"enequipo\" \/>\n<meta name=\"twitter:card\" content=\"summary_large_image\" \/>\n<meta name=\"twitter:creator\" content=\"@sonoraenequipo\" \/>\n<meta name=\"twitter:site\" content=\"@sonoraenequipo\" \/>\n<meta name=\"twitter:label1\" content=\"Escrito por\" \/>\n\t<meta name=\"twitter:data1\" content=\"enequipo\" \/>\n\t<meta name=\"twitter:label2\" content=\"Tiempo de lectura\" \/>\n\t<meta name=\"twitter:data2\" content=\"2 minutos\" \/>\n<script type=\"application\/ld+json\" class=\"yoast-schema-graph\">{\"@context\":\"https:\/\/schema.org\",\"@graph\":[{\"@type\":\"Article\",\"@id\":\"https:\/\/www.sonoraenequipo.com.mx\/realiza-isssteson-jornada-de-detecciones-en-ues-unidad-slrc\/#article\",\"isPartOf\":{\"@id\":\"https:\/\/www.sonoraenequipo.com.mx\/realiza-isssteson-jornada-de-detecciones-en-ues-unidad-slrc\/\"},\"author\":{\"name\":\"enequipo\",\"@id\":\"https:\/\/www.sonoraenequipo.com.mx\/#\/schema\/person\/61a39de478a1763473ad55e8a95fddf6\"},\"headline\":\"Realiza Isssteson jornada de detecciones en UES unidad SLRC\",\"datePublished\":\"2020-01-31T23:04:10+00:00\",\"mainEntityOfPage\":{\"@id\":\"https:\/\/www.sonoraenequipo.com.mx\/realiza-isssteson-jornada-de-detecciones-en-ues-unidad-slrc\/\"},\"wordCount\":369,\"commentCount\":0,\"publisher\":{\"@id\":\"https:\/\/www.sonoraenequipo.com.mx\/#organization\"},\"image\":{\"@id\":\"https:\/\/www.sonoraenequipo.com.mx\/realiza-isssteson-jornada-de-detecciones-en-ues-unidad-slrc\/#primaryimage\"},\"thumbnailUrl\":\"https:\/\/www.sonoraenequipo.com.mx\/storage\/2020\/01\/JORNADAS-UES.jpg\",\"keywords\":[\"Impuestos vehiculares\"],\"articleSection\":[\"Sonora\"],\"inLanguage\":\"es\",\"potentialAction\":[{\"@type\":\"CommentAction\",\"name\":\"Comment\",\"target\":[\"https:\/\/www.sonoraenequipo.com.mx\/realiza-isssteson-jornada-de-detecciones-en-ues-unidad-slrc\/#respond\"]}]},{\"@type\":\"WebPage\",\"@id\":\"https:\/\/www.sonoraenequipo.com.mx\/realiza-isssteson-jornada-de-detecciones-en-ues-unidad-slrc\/\",\"url\":\"https:\/\/www.sonoraenequipo.com.mx\/realiza-isssteson-jornada-de-detecciones-en-ues-unidad-slrc\/\",\"name\":\"Sonora en Equipo. Realiza Isssteson jornada de detecciones en UES unidad SLRC Sonora\",\"isPartOf\":{\"@id\":\"https:\/\/www.sonoraenequipo.com.mx\/#website\"},\"primaryImageOfPage\":{\"@id\":\"https:\/\/www.sonoraenequipo.com.mx\/realiza-isssteson-jornada-de-detecciones-en-ues-unidad-slrc\/#primaryimage\"},\"image\":{\"@id\":\"https:\/\/www.sonoraenequipo.com.mx\/realiza-isssteson-jornada-de-detecciones-en-ues-unidad-slrc\/#primaryimage\"},\"thumbnailUrl\":\"https:\/\/www.sonoraenequipo.com.mx\/storage\/2020\/01\/JORNADAS-UES.jpg\",\"datePublished\":\"2020-01-31T23:04:10+00:00\",\"description\":\"SAN LUIS R\u00cdO COLORADO, SONORA,MX.\u2500 M\u00e1s de mil 700 acciones de detecci\u00f3n y prevenci\u00f3n de enfermedades realiz\u00f3 personal de Medicina Preventiva del Isssteson En Sonora en Equipo publicamos toda la informaci\u00f3n de Sonora, M\u00e9xico y el Mundo de manera oportuna y busca que la libertad de expresi\u00f3n sea real. Visita nuestro medio informativo publicado desde Hermosillo, Sonora. %\",\"breadcrumb\":{\"@id\":\"https:\/\/www.sonoraenequipo.com.mx\/realiza-isssteson-jornada-de-detecciones-en-ues-unidad-slrc\/#breadcrumb\"},\"inLanguage\":\"es\",\"potentialAction\":[{\"@type\":\"ReadAction\",\"target\":[\"https:\/\/www.sonoraenequipo.com.mx\/realiza-isssteson-jornada-de-detecciones-en-ues-unidad-slrc\/\"]}]},{\"@type\":\"ImageObject\",\"inLanguage\":\"es\",\"@id\":\"https:\/\/www.sonoraenequipo.com.mx\/realiza-isssteson-jornada-de-detecciones-en-ues-unidad-slrc\/#primaryimage\",\"url\":\"https:\/\/www.sonoraenequipo.com.mx\/storage\/2020\/01\/JORNADAS-UES.jpg\",\"contentUrl\":\"https:\/\/www.sonoraenequipo.com.mx\/storage\/2020\/01\/JORNADAS-UES.jpg\",\"width\":600,\"height\":400},{\"@type\":\"BreadcrumbList\",\"@id\":\"https:\/\/www.sonoraenequipo.com.mx\/realiza-isssteson-jornada-de-detecciones-en-ues-unidad-slrc\/#breadcrumb\",\"itemListElement\":[{\"@type\":\"ListItem\",\"position\":1,\"name\":\"Portada\",\"item\":\"https:\/\/www.sonoraenequipo.com.mx\/\"},{\"@type\":\"ListItem\",\"position\":2,\"name\":\"Realiza Isssteson jornada de detecciones en UES unidad SLRC\"}]},{\"@type\":\"WebSite\",\"@id\":\"https:\/\/www.sonoraenequipo.com.mx\/#website\",\"url\":\"https:\/\/www.sonoraenequipo.com.mx\/\",\"name\":\"Sonora en Equipo.\",\"description\":\"Diario en l\u00ednea con Noticias desde Hermosillo, Sonora\",\"publisher\":{\"@id\":\"https:\/\/www.sonoraenequipo.com.mx\/#organization\"},\"potentialAction\":[{\"@type\":\"SearchAction\",\"target\":{\"@type\":\"EntryPoint\",\"urlTemplate\":\"https:\/\/www.sonoraenequipo.com.mx\/?s={search_term_string}\"},\"query-input\":{\"@type\":\"PropertyValueSpecification\",\"valueRequired\":true,\"valueName\":\"search_term_string\"}}],\"inLanguage\":\"es\"},{\"@type\":\"Organization\",\"@id\":\"https:\/\/www.sonoraenequipo.com.mx\/#organization\",\"name\":\"Sonoraenequipo.com.mx\",\"url\":\"https:\/\/www.sonoraenequipo.com.mx\/\",\"logo\":{\"@type\":\"ImageObject\",\"inLanguage\":\"es\",\"@id\":\"https:\/\/www.sonoraenequipo.com.mx\/#\/schema\/logo\/image\/\",\"url\":\"https:\/\/www.sonoraenequipo.com.mx\/storage\/2019\/01\/sonoraenequipo_opt.png\",\"contentUrl\":\"https:\/\/www.sonoraenequipo.com.mx\/storage\/2019\/01\/sonoraenequipo_opt.png\",\"width\":375,\"height\":125,\"caption\":\"Sonoraenequipo.com.mx\"},\"image\":{\"@id\":\"https:\/\/www.sonoraenequipo.com.mx\/#\/schema\/logo\/image\/\"},\"sameAs\":[\"https:\/\/www.facebook.com\/SonoraEE\/\",\"https:\/\/x.com\/sonoraenequipo\",\"https:\/\/www.youtube.com\/channel\/UC338nW-lPEYmJQs4ZABQ1SQ\"]},{\"@type\":\"Person\",\"@id\":\"https:\/\/www.sonoraenequipo.com.mx\/#\/schema\/person\/61a39de478a1763473ad55e8a95fddf6\",\"name\":\"enequipo\",\"image\":{\"@type\":\"ImageObject\",\"inLanguage\":\"es\",\"@id\":\"https:\/\/www.sonoraenequipo.com.mx\/#\/schema\/person\/image\/\",\"url\":\"https:\/\/secure.gravatar.com\/avatar\/e39bc3016d8af598aed3d770c9510dfc2795f37ea1733d99fcc6e97d2c3c9f5e?s=96&d=blank&r=g\",\"contentUrl\":\"https:\/\/secure.gravatar.com\/avatar\/e39bc3016d8af598aed3d770c9510dfc2795f37ea1733d99fcc6e97d2c3c9f5e?s=96&d=blank&r=g\",\"caption\":\"enequipo\"}}]}<\/script>\n ","yoast_head_json":{"title":"Sonora en Equipo. Realiza Isssteson jornada de detecciones en UES unidad SLRC Sonora","description":"SAN LUIS R\u00cdO COLORADO, SONORA,MX.\u2500 M\u00e1s de mil 700 acciones de detecci\u00f3n y prevenci\u00f3n de enfermedades realiz\u00f3 personal de Medicina Preventiva del Isssteson En Sonora en Equipo publicamos toda la informaci\u00f3n de Sonora, M\u00e9xico y el Mundo de manera oportuna y busca que la libertad de expresi\u00f3n sea real. Visita nuestro medio informativo publicado desde Hermosillo, Sonora. %","robots":{"index":"index","follow":"follow","max-snippet":"max-snippet:-1","max-image-preview":"max-image-preview:large","max-video-preview":"max-video-preview:-1"},"canonical":"https:\/\/www.sonoraenequipo.com.mx\/realiza-isssteson-jornada-de-detecciones-en-ues-unidad-slrc\/","og_locale":"es_ES","og_type":"article","og_title":"Sonora en Equipo. Realiza Isssteson jornada de detecciones en UES unidad SLRC Sonora","og_description":"SAN LUIS R\u00cdO COLORADO, SONORA,MX.\u2500 M\u00e1s de mil 700 acciones de detecci\u00f3n y prevenci\u00f3n de enfermedades realiz\u00f3 personal de Medicina Preventiva del Isssteson En Sonora en Equipo publicamos toda la informaci\u00f3n de Sonora, M\u00e9xico y el Mundo de manera oportuna y busca que la libertad de expresi\u00f3n sea real. Visita nuestro medio informativo publicado desde Hermosillo, Sonora. %","og_url":"https:\/\/www.sonoraenequipo.com.mx\/realiza-isssteson-jornada-de-detecciones-en-ues-unidad-slrc\/","og_site_name":"Sonora en Equipo.","article_publisher":"https:\/\/www.facebook.com\/SonoraEE\/","article_published_time":"2020-01-31T23:04:10+00:00","og_image":[{"width":600,"height":400,"url":"https:\/\/www.sonoraenequipo.com.mx\/storage\/2020\/01\/JORNADAS-UES.jpg","type":"image\/jpeg"}],"author":"enequipo","twitter_card":"summary_large_image","twitter_creator":"@sonoraenequipo","twitter_site":"@sonoraenequipo","twitter_misc":{"Escrito por":"enequipo","Tiempo de lectura":"2 minutos"},"schema":{"@context":"https:\/\/schema.org","@graph":[{"@type":"Article","@id":"https:\/\/www.sonoraenequipo.com.mx\/realiza-isssteson-jornada-de-detecciones-en-ues-unidad-slrc\/#article","isPartOf":{"@id":"https:\/\/www.sonoraenequipo.com.mx\/realiza-isssteson-jornada-de-detecciones-en-ues-unidad-slrc\/"},"author":{"name":"enequipo","@id":"https:\/\/www.sonoraenequipo.com.mx\/#\/schema\/person\/61a39de478a1763473ad55e8a95fddf6"},"headline":"Realiza Isssteson jornada de detecciones en UES unidad SLRC","datePublished":"2020-01-31T23:04:10+00:00","mainEntityOfPage":{"@id":"https:\/\/www.sonoraenequipo.com.mx\/realiza-isssteson-jornada-de-detecciones-en-ues-unidad-slrc\/"},"wordCount":369,"commentCount":0,"publisher":{"@id":"https:\/\/www.sonoraenequipo.com.mx\/#organization"},"image":{"@id":"https:\/\/www.sonoraenequipo.com.mx\/realiza-isssteson-jornada-de-detecciones-en-ues-unidad-slrc\/#primaryimage"},"thumbnailUrl":"https:\/\/www.sonoraenequipo.com.mx\/storage\/2020\/01\/JORNADAS-UES.jpg","keywords":["Impuestos vehiculares"],"articleSection":["Sonora"],"inLanguage":"es","potentialAction":[{"@type":"CommentAction","name":"Comment","target":["https:\/\/www.sonoraenequipo.com.mx\/realiza-isssteson-jornada-de-detecciones-en-ues-unidad-slrc\/#respond"]}]},{"@type":"WebPage","@id":"https:\/\/www.sonoraenequipo.com.mx\/realiza-isssteson-jornada-de-detecciones-en-ues-unidad-slrc\/","url":"https:\/\/www.sonoraenequipo.com.mx\/realiza-isssteson-jornada-de-detecciones-en-ues-unidad-slrc\/","name":"Sonora en Equipo. Realiza Isssteson jornada de detecciones en UES unidad SLRC Sonora","isPartOf":{"@id":"https:\/\/www.sonoraenequipo.com.mx\/#website"},"primaryImageOfPage":{"@id":"https:\/\/www.sonoraenequipo.com.mx\/realiza-isssteson-jornada-de-detecciones-en-ues-unidad-slrc\/#primaryimage"},"image":{"@id":"https:\/\/www.sonoraenequipo.com.mx\/realiza-isssteson-jornada-de-detecciones-en-ues-unidad-slrc\/#primaryimage"},"thumbnailUrl":"https:\/\/www.sonoraenequipo.com.mx\/storage\/2020\/01\/JORNADAS-UES.jpg","datePublished":"2020-01-31T23:04:10+00:00","description":"SAN LUIS R\u00cdO COLORADO, SONORA,MX.\u2500 M\u00e1s de mil 700 acciones de detecci\u00f3n y prevenci\u00f3n de enfermedades realiz\u00f3 personal de Medicina Preventiva del Isssteson En Sonora en Equipo publicamos toda la informaci\u00f3n de Sonora, M\u00e9xico y el Mundo de manera oportuna y busca que la libertad de expresi\u00f3n sea real. Visita nuestro medio informativo publicado desde Hermosillo, Sonora. %","breadcrumb":{"@id":"https:\/\/www.sonoraenequipo.com.mx\/realiza-isssteson-jornada-de-detecciones-en-ues-unidad-slrc\/#breadcrumb"},"inLanguage":"es","potentialAction":[{"@type":"ReadAction","target":["https:\/\/www.sonoraenequipo.com.mx\/realiza-isssteson-jornada-de-detecciones-en-ues-unidad-slrc\/"]}]},{"@type":"ImageObject","inLanguage":"es","@id":"https:\/\/www.sonoraenequipo.com.mx\/realiza-isssteson-jornada-de-detecciones-en-ues-unidad-slrc\/#primaryimage","url":"https:\/\/www.sonoraenequipo.com.mx\/storage\/2020\/01\/JORNADAS-UES.jpg","contentUrl":"https:\/\/www.sonoraenequipo.com.mx\/storage\/2020\/01\/JORNADAS-UES.jpg","width":600,"height":400},{"@type":"BreadcrumbList","@id":"https:\/\/www.sonoraenequipo.com.mx\/realiza-isssteson-jornada-de-detecciones-en-ues-unidad-slrc\/#breadcrumb","itemListElement":[{"@type":"ListItem","position":1,"name":"Portada","item":"https:\/\/www.sonoraenequipo.com.mx\/"},{"@type":"ListItem","position":2,"name":"Realiza Isssteson jornada de detecciones en UES unidad SLRC"}]},{"@type":"WebSite","@id":"https:\/\/www.sonoraenequipo.com.mx\/#website","url":"https:\/\/www.sonoraenequipo.com.mx\/","name":"Sonora en Equipo.","description":"Diario en l\u00ednea con Noticias desde Hermosillo, Sonora","publisher":{"@id":"https:\/\/www.sonoraenequipo.com.mx\/#organization"},"potentialAction":[{"@type":"SearchAction","target":{"@type":"EntryPoint","urlTemplate":"https:\/\/www.sonoraenequipo.com.mx\/?s={search_term_string}"},"query-input":{"@type":"PropertyValueSpecification","valueRequired":true,"valueName":"search_term_string"}}],"inLanguage":"es"},{"@type":"Organization","@id":"https:\/\/www.sonoraenequipo.com.mx\/#organization","name":"Sonoraenequipo.com.mx","url":"https:\/\/www.sonoraenequipo.com.mx\/","logo":{"@type":"ImageObject","inLanguage":"es","@id":"https:\/\/www.sonoraenequipo.com.mx\/#\/schema\/logo\/image\/","url":"https:\/\/www.sonoraenequipo.com.mx\/storage\/2019\/01\/sonoraenequipo_opt.png","contentUrl":"https:\/\/www.sonoraenequipo.com.mx\/storage\/2019\/01\/sonoraenequipo_opt.png","width":375,"height":125,"caption":"Sonoraenequipo.com.mx"},"image":{"@id":"https:\/\/www.sonoraenequipo.com.mx\/#\/schema\/logo\/image\/"},"sameAs":["https:\/\/www.facebook.com\/SonoraEE\/","https:\/\/x.com\/sonoraenequipo","https:\/\/www.youtube.com\/channel\/UC338nW-lPEYmJQs4ZABQ1SQ"]},{"@type":"Person","@id":"https:\/\/www.sonoraenequipo.com.mx\/#\/schema\/person\/61a39de478a1763473ad55e8a95fddf6","name":"enequipo","image":{"@type":"ImageObject","inLanguage":"es","@id":"https:\/\/www.sonoraenequipo.com.mx\/#\/schema\/person\/image\/","url":"https:\/\/secure.gravatar.com\/avatar\/e39bc3016d8af598aed3d770c9510dfc2795f37ea1733d99fcc6e97d2c3c9f5e?s=96&d=blank&r=g","contentUrl":"https:\/\/secure.gravatar.com\/avatar\/e39bc3016d8af598aed3d770c9510dfc2795f37ea1733d99fcc6e97d2c3c9f5e?s=96&d=blank&r=g","caption":"enequipo"}}]}},"jetpack_featured_media_url":"https:\/\/www.sonoraenequipo.com.mx\/storage\/2020\/01\/JORNADAS-UES.jpg","_links":{"self":[{"href":"https:\/\/www.sonoraenequipo.com.mx\/api\/wp\/v2\/posts\/76972","targetHints":{"allow":["GET"]}}],"collection":[{"href":"https:\/\/www.sonoraenequipo.com.mx\/api\/wp\/v2\/posts"}],"about":[{"href":"https:\/\/www.sonoraenequipo.com.mx\/api\/wp\/v2\/types\/post"}],"author":[{"embeddable":true,"href":"https:\/\/www.sonoraenequipo.com.mx\/api\/wp\/v2\/users\/178"}],"replies":[{"embeddable":true,"href":"https:\/\/www.sonoraenequipo.com.mx\/api\/wp\/v2\/comments?post=76972"}],"version-history":[{"count":0,"href":"https:\/\/www.sonoraenequipo.com.mx\/api\/wp\/v2\/posts\/76972\/revisions"}],"wp:featuredmedia":[{"embeddable":true,"href":"https:\/\/www.sonoraenequipo.com.mx\/api\/wp\/v2\/media\/76973"}],"wp:attachment":[{"href":"https:\/\/www.sonoraenequipo.com.mx\/api\/wp\/v2\/media?parent=76972"}],"wp:term":[{"taxonomy":"category","embeddable":true,"href":"https:\/\/www.sonoraenequipo.com.mx\/api\/wp\/v2\/categories?post=76972"},{"taxonomy":"post_tag","embeddable":true,"href":"https:\/\/www.sonoraenequipo.com.mx\/api\/wp\/v2\/tags?post=76972"}],"curies":[{"name":"wp","href":"https:\/\/api.w.org\/{rel}","templated":true}]}}