{"id":76976,"date":"2020-01-31T14:14:18","date_gmt":"2020-01-31T21:14:18","guid":{"rendered":"https:\/\/www.sonoraenequipo.com.mx\/?p=76976"},"modified":"2020-01-31T16:07:35","modified_gmt":"2020-01-31T23:07:35","slug":"dos-facultades-un-cch-y-cinco-prepas-de-la-unam-en-paro","status":"publish","type":"post","link":"https:\/\/www.sonoraenequipo.com.mx\/dos-facultades-un-cch-y-cinco-prepas-de-la-unam-en-paro\/","title":{"rendered":"Dos facultades, un CCH y cinco prepas de la UNAM en paro"},"content":{"rendered":"<p>CIUDAD DE M\u00c9XICO. MX. \u2014 Est\u00e9 viernes amanecen cerrados ocho planteles de la Universidad Nacional Aut\u00f3noma de M\u00e9xico.<\/p>\n<p>&nbsp;<\/p>\n<p> <\/p>\n<p>&nbsp;<\/p>\n<p>&nbsp;<\/p>\n<p>En la lucha contra la violencia de g\u00e9nero y la inseguridad, son dos facultades, un CCH y cinco prepas de la UNAM que se encuentran en paro de labores.<\/p>\n<p>&nbsp;<\/p>\n<p>&nbsp;<\/p>\n<p>Los estudiantes reclaman el encubrimiento de los casos de violencia de g\u00e9nero que se han registrado en las instalaciones de los planteles; adem\u00e1s de la mala respuesta de las administraciones a los riesgos y peligros que afecta a la comunidad universitaria.<\/p>\n<p>&nbsp;<\/p>\n<p>&nbsp;<\/p>\n<p>Las escuelas que se encuentran o contin\u00faan en paro de labores son: la Facultad de Ciencias Pol\u00edticas y Sociales, la Facultad de Filosof\u00eda y Letras, el Colegio de Ciencias y Humanidades Azcapotzalco, y las Escuelas Nacional Preparatoria 1, 2, 3, 6 y 9.<\/p>\n<p>&nbsp;<\/p>\n<p>&nbsp;<\/p>\n<p>El grupo Mujeres Organizadas de la Facultad de Ciencias Pol\u00edticas y Sociales tom\u00f3 las instalaciones del instituto en protesta por la muerte del estudiante Jes\u00fas G\u00f3mez del CCH Azcapotzalco.<\/p>\n<p>&nbsp;<\/p>\n<p>&nbsp;<\/p>\n<p>\u00abEsta facultad ha sido tomada y permanecer\u00e1 cerrada hasta que se resuelvan satisfactoriamente todas las demandas de todos los planteles. Demandas que adem\u00e1s no son cosas que se deber\u00edan pedir, si no son cosas que deber\u00edan ya existir.<\/p>\n<p>&nbsp;<\/p>\n<p>&nbsp;<\/p>\n<p>Las mujeres de la FCPyS no se quedaron calladas solo porque no es nuestro plantel el que fue afectado directamente. \u00a1Nosotros s\u00ed sentimos la empat\u00eda de la rabia!\u00bb, se puede leer en el comunicado dado a conocer este viernes.<\/p>\n<p>&nbsp;<\/p>\n<p>La UNAM anunci\u00f3 que este s\u00e1bado iniciar\u00e1n clases intramuros para evitar que los estudiantes pierdan el a\u00f1o escolar.<\/p>\n<p>&nbsp;<\/p>\n<p>&nbsp;<\/p>\n<p>En tanto, tras casi tres meses de paro, alumnos de la Escuela Nacional Preparatoria (ENP) de la UNAM, n\u00famero 7, regresaron a clases este viernes.<\/p>\n<p>&nbsp;<\/p>\n<p>&nbsp;<\/p>\n<p>La prepa 7 se sum\u00f3 a este paro como protesta en contra del acoso y agresi\u00f3n sexual dentro de la Universidad Nacional Aut\u00f3noma de M\u00e9xico (UNAM), denuncias que tambi\u00e9n se hicieron visibles en la Prepa 9, Prepa 3 y en la Facultad de Filosof\u00eda y Letras, en donde se pone en riesgo su ciclo escolar.<\/p>\n<p>&nbsp;<\/p>\n<p>&nbsp;<\/p>\n<p>Luego del acuerdo con las autoridades alumnos de la prepa 7 cedieron volver a clases tras la suspensi\u00f3n de cinco profesores.<\/p>\n<p>&nbsp;<\/p>\n<p>&nbsp;<\/p>\n<p>Adem\u00e1s de cumplir con la carta de no represalias, la programaci\u00f3n de sesiones de capacitaci\u00f3n en perspectiva de g\u00e9nero para docentes y administrativos, as\u00ed como la gesti\u00f3n con el gobierno de la Ciudad de M\u00e9xico, en espec\u00edfico con la RTP, para un sendero seguro.<\/p>\n<p>&nbsp;<\/p>\n<p>&nbsp;<\/p>\n<p>Respecto a las v\u00edctimas de acoso, \u00e9stas podr\u00e1n realizar sus debidas denuncias en un m\u00f3dulo de la UNAM que se instalar\u00e1 dentro del plantel. En un horario de 9:00 am a 18:00 horas.<\/p>\n<p>&nbsp;<\/p>\n<p>&nbsp;<\/p>\n<p>PUBLICADO EL 31\/01\/2020)<\/p>\n","protected":false},"excerpt":{"rendered":"<p>CIUDAD DE M\u00c9XICO. MX. \u2014 Est\u00e9 viernes amanecen cerrados ocho planteles de la Universidad Nacional&#8230;<\/p>\n","protected":false},"author":1,"featured_media":76977,"comment_status":"open","ping_status":"open","sticky":false,"template":"","format":"standard","meta":{"_monsterinsights_skip_tracking":false,"_monsterinsights_sitenote_active":false,"_monsterinsights_sitenote_note":"","_monsterinsights_sitenote_category":0,"footnotes":""},"categories":[5],"tags":[],"class_list":["post"],"yoast_head":" \n<title>Sonora en Equipo. Dos facultades, un CCH y cinco prepas de la UNAM en paro Rep\u00fablica<\/title>\n<meta name=\"description\" content=\"CIUDAD DE M\u00c9XICO. MX. \u2014 Est\u00e9 viernes amanecen cerrados ocho planteles de la Universidad Nacional Aut\u00f3noma de M\u00e9xico. &nbsp; &nbsp; &nbsp; En la lucha En Sonora en Equipo publicamos toda la informaci\u00f3n de Sonora, M\u00e9xico y el Mundo de manera oportuna y busca que la libertad de expresi\u00f3n sea real. Visita nuestro medio informativo publicado desde Hermosillo, Sonora. %\" \/>\n<meta name=\"robots\" content=\"index, follow, max-snippet:-1, max-image-preview:large, max-video-preview:-1\" \/>\n<link rel=\"canonical\" href=\"https:\/\/www.sonoraenequipo.com.mx\/dos-facultades-un-cch-y-cinco-prepas-de-la-unam-en-paro\/\" \/>\n<meta property=\"og:locale\" content=\"es_ES\" \/>\n<meta property=\"og:type\" content=\"article\" \/>\n<meta property=\"og:title\" content=\"Sonora en Equipo. Dos facultades, un CCH y cinco prepas de la UNAM en paro Rep\u00fablica\" \/>\n<meta property=\"og:description\" content=\"CIUDAD DE M\u00c9XICO. MX. \u2014 Est\u00e9 viernes amanecen cerrados ocho planteles de la Universidad Nacional Aut\u00f3noma de M\u00e9xico. &nbsp; &nbsp; &nbsp; En la lucha En Sonora en Equipo publicamos toda la informaci\u00f3n de Sonora, M\u00e9xico y el Mundo de manera oportuna y busca que la libertad de expresi\u00f3n sea real. Visita nuestro medio informativo publicado desde Hermosillo, Sonora. %\" \/>\n<meta property=\"og:url\" content=\"https:\/\/www.sonoraenequipo.com.mx\/dos-facultades-un-cch-y-cinco-prepas-de-la-unam-en-paro\/\" \/>\n<meta property=\"og:site_name\" content=\"Sonora en Equipo.\" \/>\n<meta property=\"article:publisher\" content=\"https:\/\/www.facebook.com\/SonoraEE\/\" \/>\n<meta property=\"article:author\" content=\"https:\/\/www.facebook.com\/SonoraEE\" \/>\n<meta property=\"article:published_time\" content=\"2020-01-31T21:14:18+00:00\" \/>\n<meta property=\"article:modified_time\" content=\"2020-01-31T23:07:35+00:00\" \/>\n<meta property=\"og:image\" content=\"https:\/\/www.sonoraenequipo.com.mx\/storage\/2020\/01\/prepa-unam_opt.jpg\" \/>\n\t<meta property=\"og:image:width\" content=\"692\" \/>\n\t<meta property=\"og:image:height\" content=\"400\" \/>\n\t<meta property=\"og:image:type\" content=\"image\/jpeg\" \/>\n<meta name=\"author\" content=\"enequipo\" \/>\n<meta name=\"twitter:card\" content=\"summary_large_image\" \/>\n<meta name=\"twitter:creator\" content=\"@sonoraenequipo\" \/>\n<meta name=\"twitter:site\" content=\"@sonoraenequipo\" \/>\n<meta name=\"twitter:label1\" content=\"Escrito por\" \/>\n\t<meta name=\"twitter:data1\" content=\"enequipo\" \/>\n\t<meta name=\"twitter:label2\" content=\"Tiempo de lectura\" \/>\n\t<meta name=\"twitter:data2\" content=\"2 minutos\" \/>\n<script type=\"application\/ld+json\" class=\"yoast-schema-graph\">{\"@context\":\"https:\/\/schema.org\",\"@graph\":[{\"@type\":\"Article\",\"@id\":\"https:\/\/www.sonoraenequipo.com.mx\/dos-facultades-un-cch-y-cinco-prepas-de-la-unam-en-paro\/#article\",\"isPartOf\":{\"@id\":\"https:\/\/www.sonoraenequipo.com.mx\/dos-facultades-un-cch-y-cinco-prepas-de-la-unam-en-paro\/\"},\"author\":{\"name\":\"enequipo\",\"@id\":\"https:\/\/www.sonoraenequipo.com.mx\/#\/schema\/person\/50102df0fb23a8fa9e8effad8fa81386\"},\"headline\":\"Dos facultades, un CCH y cinco prepas de la UNAM en paro\",\"datePublished\":\"2020-01-31T21:14:18+00:00\",\"dateModified\":\"2020-01-31T23:07:35+00:00\",\"mainEntityOfPage\":{\"@id\":\"https:\/\/www.sonoraenequipo.com.mx\/dos-facultades-un-cch-y-cinco-prepas-de-la-unam-en-paro\/\"},\"wordCount\":496,\"commentCount\":0,\"publisher\":{\"@id\":\"https:\/\/www.sonoraenequipo.com.mx\/#organization\"},\"image\":{\"@id\":\"https:\/\/www.sonoraenequipo.com.mx\/dos-facultades-un-cch-y-cinco-prepas-de-la-unam-en-paro\/#primaryimage\"},\"thumbnailUrl\":\"https:\/\/www.sonoraenequipo.com.mx\/storage\/2020\/01\/prepa-unam_opt.jpg\",\"articleSection\":[\"Rep\u00fablica\"],\"inLanguage\":\"es\",\"potentialAction\":[{\"@type\":\"CommentAction\",\"name\":\"Comment\",\"target\":[\"https:\/\/www.sonoraenequipo.com.mx\/dos-facultades-un-cch-y-cinco-prepas-de-la-unam-en-paro\/#respond\"]}]},{\"@type\":\"WebPage\",\"@id\":\"https:\/\/www.sonoraenequipo.com.mx\/dos-facultades-un-cch-y-cinco-prepas-de-la-unam-en-paro\/\",\"url\":\"https:\/\/www.sonoraenequipo.com.mx\/dos-facultades-un-cch-y-cinco-prepas-de-la-unam-en-paro\/\",\"name\":\"Sonora en Equipo. Dos facultades, un CCH y cinco prepas de la UNAM en paro Rep\u00fablica\",\"isPartOf\":{\"@id\":\"https:\/\/www.sonoraenequipo.com.mx\/#website\"},\"primaryImageOfPage\":{\"@id\":\"https:\/\/www.sonoraenequipo.com.mx\/dos-facultades-un-cch-y-cinco-prepas-de-la-unam-en-paro\/#primaryimage\"},\"image\":{\"@id\":\"https:\/\/www.sonoraenequipo.com.mx\/dos-facultades-un-cch-y-cinco-prepas-de-la-unam-en-paro\/#primaryimage\"},\"thumbnailUrl\":\"https:\/\/www.sonoraenequipo.com.mx\/storage\/2020\/01\/prepa-unam_opt.jpg\",\"datePublished\":\"2020-01-31T21:14:18+00:00\",\"dateModified\":\"2020-01-31T23:07:35+00:00\",\"description\":\"CIUDAD DE M\u00c9XICO. MX. \u2014 Est\u00e9 viernes amanecen cerrados ocho planteles de la Universidad Nacional Aut\u00f3noma de M\u00e9xico. &nbsp; &nbsp; &nbsp; En la lucha En Sonora en Equipo publicamos toda la informaci\u00f3n de Sonora, M\u00e9xico y el Mundo de manera oportuna y busca que la libertad de expresi\u00f3n sea real. Visita nuestro medio informativo publicado desde Hermosillo, Sonora. %\",\"breadcrumb\":{\"@id\":\"https:\/\/www.sonoraenequipo.com.mx\/dos-facultades-un-cch-y-cinco-prepas-de-la-unam-en-paro\/#breadcrumb\"},\"inLanguage\":\"es\",\"potentialAction\":[{\"@type\":\"ReadAction\",\"target\":[\"https:\/\/www.sonoraenequipo.com.mx\/dos-facultades-un-cch-y-cinco-prepas-de-la-unam-en-paro\/\"]}]},{\"@type\":\"ImageObject\",\"inLanguage\":\"es\",\"@id\":\"https:\/\/www.sonoraenequipo.com.mx\/dos-facultades-un-cch-y-cinco-prepas-de-la-unam-en-paro\/#primaryimage\",\"url\":\"https:\/\/www.sonoraenequipo.com.mx\/storage\/2020\/01\/prepa-unam_opt.jpg\",\"contentUrl\":\"https:\/\/www.sonoraenequipo.com.mx\/storage\/2020\/01\/prepa-unam_opt.jpg\",\"width\":692,\"height\":400},{\"@type\":\"BreadcrumbList\",\"@id\":\"https:\/\/www.sonoraenequipo.com.mx\/dos-facultades-un-cch-y-cinco-prepas-de-la-unam-en-paro\/#breadcrumb\",\"itemListElement\":[{\"@type\":\"ListItem\",\"position\":1,\"name\":\"Portada\",\"item\":\"https:\/\/www.sonoraenequipo.com.mx\/\"},{\"@type\":\"ListItem\",\"position\":2,\"name\":\"Dos facultades, un CCH y cinco prepas de la UNAM en paro\"}]},{\"@type\":\"WebSite\",\"@id\":\"https:\/\/www.sonoraenequipo.com.mx\/#website\",\"url\":\"https:\/\/www.sonoraenequipo.com.mx\/\",\"name\":\"Sonora en Equipo.\",\"description\":\"Diario en l\u00ednea con Noticias desde Hermosillo, Sonora\",\"publisher\":{\"@id\":\"https:\/\/www.sonoraenequipo.com.mx\/#organization\"},\"potentialAction\":[{\"@type\":\"SearchAction\",\"target\":{\"@type\":\"EntryPoint\",\"urlTemplate\":\"https:\/\/www.sonoraenequipo.com.mx\/?s={search_term_string}\"},\"query-input\":{\"@type\":\"PropertyValueSpecification\",\"valueRequired\":true,\"valueName\":\"search_term_string\"}}],\"inLanguage\":\"es\"},{\"@type\":\"Organization\",\"@id\":\"https:\/\/www.sonoraenequipo.com.mx\/#organization\",\"name\":\"Sonoraenequipo.com.mx\",\"url\":\"https:\/\/www.sonoraenequipo.com.mx\/\",\"logo\":{\"@type\":\"ImageObject\",\"inLanguage\":\"es\",\"@id\":\"https:\/\/www.sonoraenequipo.com.mx\/#\/schema\/logo\/image\/\",\"url\":\"https:\/\/www.sonoraenequipo.com.mx\/storage\/2019\/01\/sonoraenequipo_opt.png\",\"contentUrl\":\"https:\/\/www.sonoraenequipo.com.mx\/storage\/2019\/01\/sonoraenequipo_opt.png\",\"width\":375,\"height\":125,\"caption\":\"Sonoraenequipo.com.mx\"},\"image\":{\"@id\":\"https:\/\/www.sonoraenequipo.com.mx\/#\/schema\/logo\/image\/\"},\"sameAs\":[\"https:\/\/www.facebook.com\/SonoraEE\/\",\"https:\/\/x.com\/sonoraenequipo\",\"https:\/\/www.youtube.com\/channel\/UC338nW-lPEYmJQs4ZABQ1SQ\"]},{\"@type\":\"Person\",\"@id\":\"https:\/\/www.sonoraenequipo.com.mx\/#\/schema\/person\/50102df0fb23a8fa9e8effad8fa81386\",\"name\":\"enequipo\",\"image\":{\"@type\":\"ImageObject\",\"inLanguage\":\"es\",\"@id\":\"https:\/\/www.sonoraenequipo.com.mx\/#\/schema\/person\/image\/\",\"url\":\"https:\/\/secure.gravatar.com\/avatar\/049821681b589dabc0bc20695993ccebb09f5b5d4d790cd9251b97faac7c652b?s=96&d=blank&r=g\",\"contentUrl\":\"https:\/\/secure.gravatar.com\/avatar\/049821681b589dabc0bc20695993ccebb09f5b5d4d790cd9251b97faac7c652b?s=96&d=blank&r=g\",\"caption\":\"enequipo\"},\"sameAs\":[\"https:\/\/www.facebook.com\/SonoraEE\"]}]}<\/script>\n ","yoast_head_json":{"title":"Sonora en Equipo. Dos facultades, un CCH y cinco prepas de la UNAM en paro Rep\u00fablica","description":"CIUDAD DE M\u00c9XICO. MX. \u2014 Est\u00e9 viernes amanecen cerrados ocho planteles de la Universidad Nacional Aut\u00f3noma de M\u00e9xico. &nbsp; &nbsp; &nbsp; En la lucha En Sonora en Equipo publicamos toda la informaci\u00f3n de Sonora, M\u00e9xico y el Mundo de manera oportuna y busca que la libertad de expresi\u00f3n sea real. Visita nuestro medio informativo publicado desde Hermosillo, Sonora. %","robots":{"index":"index","follow":"follow","max-snippet":"max-snippet:-1","max-image-preview":"max-image-preview:large","max-video-preview":"max-video-preview:-1"},"canonical":"https:\/\/www.sonoraenequipo.com.mx\/dos-facultades-un-cch-y-cinco-prepas-de-la-unam-en-paro\/","og_locale":"es_ES","og_type":"article","og_title":"Sonora en Equipo. Dos facultades, un CCH y cinco prepas de la UNAM en paro Rep\u00fablica","og_description":"CIUDAD DE M\u00c9XICO. MX. \u2014 Est\u00e9 viernes amanecen cerrados ocho planteles de la Universidad Nacional Aut\u00f3noma de M\u00e9xico. &nbsp; &nbsp; &nbsp; En la lucha En Sonora en Equipo publicamos toda la informaci\u00f3n de Sonora, M\u00e9xico y el Mundo de manera oportuna y busca que la libertad de expresi\u00f3n sea real. Visita nuestro medio informativo publicado desde Hermosillo, Sonora. %","og_url":"https:\/\/www.sonoraenequipo.com.mx\/dos-facultades-un-cch-y-cinco-prepas-de-la-unam-en-paro\/","og_site_name":"Sonora en Equipo.","article_publisher":"https:\/\/www.facebook.com\/SonoraEE\/","article_author":"https:\/\/www.facebook.com\/SonoraEE","article_published_time":"2020-01-31T21:14:18+00:00","article_modified_time":"2020-01-31T23:07:35+00:00","og_image":[{"width":692,"height":400,"url":"https:\/\/www.sonoraenequipo.com.mx\/storage\/2020\/01\/prepa-unam_opt.jpg","type":"image\/jpeg"}],"author":"enequipo","twitter_card":"summary_large_image","twitter_creator":"@sonoraenequipo","twitter_site":"@sonoraenequipo","twitter_misc":{"Escrito por":"enequipo","Tiempo de lectura":"2 minutos"},"schema":{"@context":"https:\/\/schema.org","@graph":[{"@type":"Article","@id":"https:\/\/www.sonoraenequipo.com.mx\/dos-facultades-un-cch-y-cinco-prepas-de-la-unam-en-paro\/#article","isPartOf":{"@id":"https:\/\/www.sonoraenequipo.com.mx\/dos-facultades-un-cch-y-cinco-prepas-de-la-unam-en-paro\/"},"author":{"name":"enequipo","@id":"https:\/\/www.sonoraenequipo.com.mx\/#\/schema\/person\/50102df0fb23a8fa9e8effad8fa81386"},"headline":"Dos facultades, un CCH y cinco prepas de la UNAM en paro","datePublished":"2020-01-31T21:14:18+00:00","dateModified":"2020-01-31T23:07:35+00:00","mainEntityOfPage":{"@id":"https:\/\/www.sonoraenequipo.com.mx\/dos-facultades-un-cch-y-cinco-prepas-de-la-unam-en-paro\/"},"wordCount":496,"commentCount":0,"publisher":{"@id":"https:\/\/www.sonoraenequipo.com.mx\/#organization"},"image":{"@id":"https:\/\/www.sonoraenequipo.com.mx\/dos-facultades-un-cch-y-cinco-prepas-de-la-unam-en-paro\/#primaryimage"},"thumbnailUrl":"https:\/\/www.sonoraenequipo.com.mx\/storage\/2020\/01\/prepa-unam_opt.jpg","articleSection":["Rep\u00fablica"],"inLanguage":"es","potentialAction":[{"@type":"CommentAction","name":"Comment","target":["https:\/\/www.sonoraenequipo.com.mx\/dos-facultades-un-cch-y-cinco-prepas-de-la-unam-en-paro\/#respond"]}]},{"@type":"WebPage","@id":"https:\/\/www.sonoraenequipo.com.mx\/dos-facultades-un-cch-y-cinco-prepas-de-la-unam-en-paro\/","url":"https:\/\/www.sonoraenequipo.com.mx\/dos-facultades-un-cch-y-cinco-prepas-de-la-unam-en-paro\/","name":"Sonora en Equipo. Dos facultades, un CCH y cinco prepas de la UNAM en paro Rep\u00fablica","isPartOf":{"@id":"https:\/\/www.sonoraenequipo.com.mx\/#website"},"primaryImageOfPage":{"@id":"https:\/\/www.sonoraenequipo.com.mx\/dos-facultades-un-cch-y-cinco-prepas-de-la-unam-en-paro\/#primaryimage"},"image":{"@id":"https:\/\/www.sonoraenequipo.com.mx\/dos-facultades-un-cch-y-cinco-prepas-de-la-unam-en-paro\/#primaryimage"},"thumbnailUrl":"https:\/\/www.sonoraenequipo.com.mx\/storage\/2020\/01\/prepa-unam_opt.jpg","datePublished":"2020-01-31T21:14:18+00:00","dateModified":"2020-01-31T23:07:35+00:00","description":"CIUDAD DE M\u00c9XICO. MX. \u2014 Est\u00e9 viernes amanecen cerrados ocho planteles de la Universidad Nacional Aut\u00f3noma de M\u00e9xico. &nbsp; &nbsp; &nbsp; En la lucha En Sonora en Equipo publicamos toda la informaci\u00f3n de Sonora, M\u00e9xico y el Mundo de manera oportuna y busca que la libertad de expresi\u00f3n sea real. Visita nuestro medio informativo publicado desde Hermosillo, Sonora. %","breadcrumb":{"@id":"https:\/\/www.sonoraenequipo.com.mx\/dos-facultades-un-cch-y-cinco-prepas-de-la-unam-en-paro\/#breadcrumb"},"inLanguage":"es","potentialAction":[{"@type":"ReadAction","target":["https:\/\/www.sonoraenequipo.com.mx\/dos-facultades-un-cch-y-cinco-prepas-de-la-unam-en-paro\/"]}]},{"@type":"ImageObject","inLanguage":"es","@id":"https:\/\/www.sonoraenequipo.com.mx\/dos-facultades-un-cch-y-cinco-prepas-de-la-unam-en-paro\/#primaryimage","url":"https:\/\/www.sonoraenequipo.com.mx\/storage\/2020\/01\/prepa-unam_opt.jpg","contentUrl":"https:\/\/www.sonoraenequipo.com.mx\/storage\/2020\/01\/prepa-unam_opt.jpg","width":692,"height":400},{"@type":"BreadcrumbList","@id":"https:\/\/www.sonoraenequipo.com.mx\/dos-facultades-un-cch-y-cinco-prepas-de-la-unam-en-paro\/#breadcrumb","itemListElement":[{"@type":"ListItem","position":1,"name":"Portada","item":"https:\/\/www.sonoraenequipo.com.mx\/"},{"@type":"ListItem","position":2,"name":"Dos facultades, un CCH y cinco prepas de la UNAM en paro"}]},{"@type":"WebSite","@id":"https:\/\/www.sonoraenequipo.com.mx\/#website","url":"https:\/\/www.sonoraenequipo.com.mx\/","name":"Sonora en Equipo.","description":"Diario en l\u00ednea con Noticias desde Hermosillo, Sonora","publisher":{"@id":"https:\/\/www.sonoraenequipo.com.mx\/#organization"},"potentialAction":[{"@type":"SearchAction","target":{"@type":"EntryPoint","urlTemplate":"https:\/\/www.sonoraenequipo.com.mx\/?s={search_term_string}"},"query-input":{"@type":"PropertyValueSpecification","valueRequired":true,"valueName":"search_term_string"}}],"inLanguage":"es"},{"@type":"Organization","@id":"https:\/\/www.sonoraenequipo.com.mx\/#organization","name":"Sonoraenequipo.com.mx","url":"https:\/\/www.sonoraenequipo.com.mx\/","logo":{"@type":"ImageObject","inLanguage":"es","@id":"https:\/\/www.sonoraenequipo.com.mx\/#\/schema\/logo\/image\/","url":"https:\/\/www.sonoraenequipo.com.mx\/storage\/2019\/01\/sonoraenequipo_opt.png","contentUrl":"https:\/\/www.sonoraenequipo.com.mx\/storage\/2019\/01\/sonoraenequipo_opt.png","width":375,"height":125,"caption":"Sonoraenequipo.com.mx"},"image":{"@id":"https:\/\/www.sonoraenequipo.com.mx\/#\/schema\/logo\/image\/"},"sameAs":["https:\/\/www.facebook.com\/SonoraEE\/","https:\/\/x.com\/sonoraenequipo","https:\/\/www.youtube.com\/channel\/UC338nW-lPEYmJQs4ZABQ1SQ"]},{"@type":"Person","@id":"https:\/\/www.sonoraenequipo.com.mx\/#\/schema\/person\/50102df0fb23a8fa9e8effad8fa81386","name":"enequipo","image":{"@type":"ImageObject","inLanguage":"es","@id":"https:\/\/www.sonoraenequipo.com.mx\/#\/schema\/person\/image\/","url":"https:\/\/secure.gravatar.com\/avatar\/049821681b589dabc0bc20695993ccebb09f5b5d4d790cd9251b97faac7c652b?s=96&d=blank&r=g","contentUrl":"https:\/\/secure.gravatar.com\/avatar\/049821681b589dabc0bc20695993ccebb09f5b5d4d790cd9251b97faac7c652b?s=96&d=blank&r=g","caption":"enequipo"},"sameAs":["https:\/\/www.facebook.com\/SonoraEE"]}]}},"jetpack_featured_media_url":"https:\/\/www.sonoraenequipo.com.mx\/storage\/2020\/01\/prepa-unam_opt.jpg","_links":{"self":[{"href":"https:\/\/www.sonoraenequipo.com.mx\/api\/wp\/v2\/posts\/76976","targetHints":{"allow":["GET"]}}],"collection":[{"href":"https:\/\/www.sonoraenequipo.com.mx\/api\/wp\/v2\/posts"}],"about":[{"href":"https:\/\/www.sonoraenequipo.com.mx\/api\/wp\/v2\/types\/post"}],"author":[{"embeddable":true,"href":"https:\/\/www.sonoraenequipo.com.mx\/api\/wp\/v2\/users\/1"}],"replies":[{"embeddable":true,"href":"https:\/\/www.sonoraenequipo.com.mx\/api\/wp\/v2\/comments?post=76976"}],"version-history":[{"count":0,"href":"https:\/\/www.sonoraenequipo.com.mx\/api\/wp\/v2\/posts\/76976\/revisions"}],"wp:featuredmedia":[{"embeddable":true,"href":"https:\/\/www.sonoraenequipo.com.mx\/api\/wp\/v2\/media\/76977"}],"wp:attachment":[{"href":"https:\/\/www.sonoraenequipo.com.mx\/api\/wp\/v2\/media?parent=76976"}],"wp:term":[{"taxonomy":"category","embeddable":true,"href":"https:\/\/www.sonoraenequipo.com.mx\/api\/wp\/v2\/categories?post=76976"},{"taxonomy":"post_tag","embeddable":true,"href":"https:\/\/www.sonoraenequipo.com.mx\/api\/wp\/v2\/tags?post=76976"}],"curies":[{"name":"wp","href":"https:\/\/api.w.org\/{rel}","templated":true}]}}