{"id":77009,"date":"2020-01-31T18:33:20","date_gmt":"2020-02-01T01:33:20","guid":{"rendered":"https:\/\/www.sonoraenequipo.com.mx\/?p=77009"},"modified":"2020-01-31T16:33:56","modified_gmt":"2020-01-31T23:33:56","slug":"raul-jimenez-esta-nominado-para-el-gol-del-mes-en-la-premier","status":"publish","type":"post","link":"https:\/\/www.sonoraenequipo.com.mx\/raul-jimenez-esta-nominado-para-el-gol-del-mes-en-la-premier\/","title":{"rendered":"Ra\u00fal Jim\u00e9nez est\u00e1 nominado para el gol del mes en la Premier"},"content":{"rendered":"<p>CIUDAD DE M\u00c9XICO. MX. \u2014 A pesar de que este mes no fue del todo bueno para los Wolves, el mexicano Ra\u00fal Alonso Jim\u00e9nez sigue haciendo ruido, ya que el gol que le anot\u00f3 al Liverpool, que moment\u00e1neamente signific\u00f3 el empate en el partido, fue nominado al mejor gol del mes de enero.<\/p>\n<p>&nbsp;<\/p>\n<p> <\/p>\n<p>&nbsp;<\/p>\n<p>&nbsp;<\/p>\n<p>Una jugada que el mexicano comenz\u00f3 desde el medio campo, para despu\u00e9s filtrar el bal\u00f3n y finalmente rematar de cabeza un centro preciso, tiene al Lobo azteca con la posibilidad de conquistar otro reconocimiento individual en esta temporada.<\/p>\n<p>&nbsp;<\/p>\n<p>Adem\u00e1s su compa\u00f1ero de equipo Adama Traor\u00e9, fue nominado al mejor jugador del mes, luego de sus 34 dribles efectivos y las 3 asistencias que consigui\u00f3, justamente una de ellas en el gol de Ra\u00fal Jim\u00e9nez.<\/p>\n<p>&nbsp;<\/p>\n<p>En la batalla por este el premio, Adama compite con Sergio Ag\u00fcero (Manchester City), Alisson (Liverpool), Gabriel Jesus (Manchester City), Ricardo Pereira (Leicester City) y Nick Pope (Burnley).<\/p>\n<p>&nbsp;<\/p>\n<p><iframe loading=\"lazy\" title=\"Raul Jimenez strikes against the reds | Wolves 1-2 Liverpool | Highlights\" width=\"640\" height=\"360\" src=\"https:\/\/www.youtube.com\/embed\/wSXy3O-6RR0?start=1&#038;feature=oembed\" frameborder=\"0\" allow=\"accelerometer; autoplay; clipboard-write; encrypted-media; gyroscope; picture-in-picture; web-share\" referrerpolicy=\"strict-origin-when-cross-origin\" allowfullscreen><\/iframe><\/p>\n<p>PUBLICADO EL 31\/01\/2020)<\/p>\n","protected":false},"excerpt":{"rendered":"<p>CIUDAD DE M\u00c9XICO. MX. \u2014 A pesar de que este mes no fue del todo&#8230;<\/p>\n","protected":false},"author":1,"featured_media":76991,"comment_status":"open","ping_status":"open","sticky":false,"template":"","format":"standard","meta":{"_monsterinsights_skip_tracking":false,"_monsterinsights_sitenote_active":false,"_monsterinsights_sitenote_note":"","_monsterinsights_sitenote_category":0,"footnotes":""},"categories":[10],"tags":[],"class_list":["post"],"yoast_head":" \n<title>Sonora en Equipo. Ra\u00fal Jim\u00e9nez est\u00e1 nominado para el gol del mes en la Premier Deportes<\/title>\n<meta name=\"description\" content=\"CIUDAD DE M\u00c9XICO. MX. \u2014 A pesar de que este mes no fue del todo bueno para los Wolves, el mexicano Ra\u00fal Alonso Jim\u00e9nez sigue haciendo ruido, ya que el gol En Sonora en Equipo publicamos toda la informaci\u00f3n de Sonora, M\u00e9xico y el Mundo de manera oportuna y busca que la libertad de expresi\u00f3n sea real. Visita nuestro medio informativo publicado desde Hermosillo, Sonora. %\" \/>\n<meta name=\"robots\" content=\"index, follow, max-snippet:-1, max-image-preview:large, max-video-preview:-1\" \/>\n<link rel=\"canonical\" href=\"https:\/\/www.sonoraenequipo.com.mx\/raul-jimenez-esta-nominado-para-el-gol-del-mes-en-la-premier\/\" \/>\n<meta property=\"og:locale\" content=\"es_ES\" \/>\n<meta property=\"og:type\" content=\"article\" \/>\n<meta property=\"og:title\" content=\"Sonora en Equipo. Ra\u00fal Jim\u00e9nez est\u00e1 nominado para el gol del mes en la Premier Deportes\" \/>\n<meta property=\"og:description\" content=\"CIUDAD DE M\u00c9XICO. MX. \u2014 A pesar de que este mes no fue del todo bueno para los Wolves, el mexicano Ra\u00fal Alonso Jim\u00e9nez sigue haciendo ruido, ya que el gol En Sonora en Equipo publicamos toda la informaci\u00f3n de Sonora, M\u00e9xico y el Mundo de manera oportuna y busca que la libertad de expresi\u00f3n sea real. Visita nuestro medio informativo publicado desde Hermosillo, Sonora. %\" \/>\n<meta property=\"og:url\" content=\"https:\/\/www.sonoraenequipo.com.mx\/raul-jimenez-esta-nominado-para-el-gol-del-mes-en-la-premier\/\" \/>\n<meta property=\"og:site_name\" content=\"Sonora en Equipo.\" \/>\n<meta property=\"article:publisher\" content=\"https:\/\/www.facebook.com\/SonoraEE\/\" \/>\n<meta property=\"article:author\" content=\"https:\/\/www.facebook.com\/SonoraEE\" \/>\n<meta property=\"article:published_time\" content=\"2020-02-01T01:33:20+00:00\" \/>\n<meta property=\"og:image\" content=\"https:\/\/www.sonoraenequipo.com.mx\/storage\/2020\/01\/rasdul_jim\u00e9nez_opt1.jpg\" \/>\n\t<meta property=\"og:image:width\" content=\"649\" \/>\n\t<meta property=\"og:image:height\" content=\"375\" \/>\n\t<meta property=\"og:image:type\" content=\"image\/jpeg\" \/>\n<meta name=\"author\" content=\"enequipo\" \/>\n<meta name=\"twitter:card\" content=\"summary_large_image\" \/>\n<meta name=\"twitter:creator\" content=\"@sonoraenequipo\" \/>\n<meta name=\"twitter:site\" content=\"@sonoraenequipo\" \/>\n<meta name=\"twitter:label1\" content=\"Escrito por\" \/>\n\t<meta name=\"twitter:data1\" content=\"enequipo\" \/>\n\t<meta name=\"twitter:label2\" content=\"Tiempo de lectura\" \/>\n\t<meta name=\"twitter:data2\" content=\"1 minuto\" \/>\n<script type=\"application\/ld+json\" class=\"yoast-schema-graph\">{\"@context\":\"https:\/\/schema.org\",\"@graph\":[{\"@type\":\"Article\",\"@id\":\"https:\/\/www.sonoraenequipo.com.mx\/raul-jimenez-esta-nominado-para-el-gol-del-mes-en-la-premier\/#article\",\"isPartOf\":{\"@id\":\"https:\/\/www.sonoraenequipo.com.mx\/raul-jimenez-esta-nominado-para-el-gol-del-mes-en-la-premier\/\"},\"author\":{\"name\":\"enequipo\",\"@id\":\"https:\/\/www.sonoraenequipo.com.mx\/#\/schema\/person\/50102df0fb23a8fa9e8effad8fa81386\"},\"headline\":\"Ra\u00fal Jim\u00e9nez est\u00e1 nominado para el gol del mes en la Premier\",\"datePublished\":\"2020-02-01T01:33:20+00:00\",\"mainEntityOfPage\":{\"@id\":\"https:\/\/www.sonoraenequipo.com.mx\/raul-jimenez-esta-nominado-para-el-gol-del-mes-en-la-premier\/\"},\"wordCount\":201,\"commentCount\":0,\"publisher\":{\"@id\":\"https:\/\/www.sonoraenequipo.com.mx\/#organization\"},\"image\":{\"@id\":\"https:\/\/www.sonoraenequipo.com.mx\/raul-jimenez-esta-nominado-para-el-gol-del-mes-en-la-premier\/#primaryimage\"},\"thumbnailUrl\":\"https:\/\/www.sonoraenequipo.com.mx\/storage\/2020\/01\/rasdul_jim\u00e9nez_opt1.jpg\",\"articleSection\":[\"Deportes\"],\"inLanguage\":\"es\",\"potentialAction\":[{\"@type\":\"CommentAction\",\"name\":\"Comment\",\"target\":[\"https:\/\/www.sonoraenequipo.com.mx\/raul-jimenez-esta-nominado-para-el-gol-del-mes-en-la-premier\/#respond\"]}]},{\"@type\":\"WebPage\",\"@id\":\"https:\/\/www.sonoraenequipo.com.mx\/raul-jimenez-esta-nominado-para-el-gol-del-mes-en-la-premier\/\",\"url\":\"https:\/\/www.sonoraenequipo.com.mx\/raul-jimenez-esta-nominado-para-el-gol-del-mes-en-la-premier\/\",\"name\":\"Sonora en Equipo. Ra\u00fal Jim\u00e9nez est\u00e1 nominado para el gol del mes en la Premier Deportes\",\"isPartOf\":{\"@id\":\"https:\/\/www.sonoraenequipo.com.mx\/#website\"},\"primaryImageOfPage\":{\"@id\":\"https:\/\/www.sonoraenequipo.com.mx\/raul-jimenez-esta-nominado-para-el-gol-del-mes-en-la-premier\/#primaryimage\"},\"image\":{\"@id\":\"https:\/\/www.sonoraenequipo.com.mx\/raul-jimenez-esta-nominado-para-el-gol-del-mes-en-la-premier\/#primaryimage\"},\"thumbnailUrl\":\"https:\/\/www.sonoraenequipo.com.mx\/storage\/2020\/01\/rasdul_jim\u00e9nez_opt1.jpg\",\"datePublished\":\"2020-02-01T01:33:20+00:00\",\"description\":\"CIUDAD DE M\u00c9XICO. MX. \u2014 A pesar de que este mes no fue del todo bueno para los Wolves, el mexicano Ra\u00fal Alonso Jim\u00e9nez sigue haciendo ruido, ya que el gol En Sonora en Equipo publicamos toda la informaci\u00f3n de Sonora, M\u00e9xico y el Mundo de manera oportuna y busca que la libertad de expresi\u00f3n sea real. Visita nuestro medio informativo publicado desde Hermosillo, Sonora. %\",\"breadcrumb\":{\"@id\":\"https:\/\/www.sonoraenequipo.com.mx\/raul-jimenez-esta-nominado-para-el-gol-del-mes-en-la-premier\/#breadcrumb\"},\"inLanguage\":\"es\",\"potentialAction\":[{\"@type\":\"ReadAction\",\"target\":[\"https:\/\/www.sonoraenequipo.com.mx\/raul-jimenez-esta-nominado-para-el-gol-del-mes-en-la-premier\/\"]}]},{\"@type\":\"ImageObject\",\"inLanguage\":\"es\",\"@id\":\"https:\/\/www.sonoraenequipo.com.mx\/raul-jimenez-esta-nominado-para-el-gol-del-mes-en-la-premier\/#primaryimage\",\"url\":\"https:\/\/www.sonoraenequipo.com.mx\/storage\/2020\/01\/rasdul_jim\u00e9nez_opt1.jpg\",\"contentUrl\":\"https:\/\/www.sonoraenequipo.com.mx\/storage\/2020\/01\/rasdul_jim\u00e9nez_opt1.jpg\",\"width\":649,\"height\":375},{\"@type\":\"BreadcrumbList\",\"@id\":\"https:\/\/www.sonoraenequipo.com.mx\/raul-jimenez-esta-nominado-para-el-gol-del-mes-en-la-premier\/#breadcrumb\",\"itemListElement\":[{\"@type\":\"ListItem\",\"position\":1,\"name\":\"Portada\",\"item\":\"https:\/\/www.sonoraenequipo.com.mx\/\"},{\"@type\":\"ListItem\",\"position\":2,\"name\":\"Ra\u00fal Jim\u00e9nez est\u00e1 nominado para el gol del mes en la Premier\"}]},{\"@type\":\"WebSite\",\"@id\":\"https:\/\/www.sonoraenequipo.com.mx\/#website\",\"url\":\"https:\/\/www.sonoraenequipo.com.mx\/\",\"name\":\"Sonora en Equipo.\",\"description\":\"Diario en l\u00ednea con Noticias desde Hermosillo, Sonora\",\"publisher\":{\"@id\":\"https:\/\/www.sonoraenequipo.com.mx\/#organization\"},\"potentialAction\":[{\"@type\":\"SearchAction\",\"target\":{\"@type\":\"EntryPoint\",\"urlTemplate\":\"https:\/\/www.sonoraenequipo.com.mx\/?s={search_term_string}\"},\"query-input\":{\"@type\":\"PropertyValueSpecification\",\"valueRequired\":true,\"valueName\":\"search_term_string\"}}],\"inLanguage\":\"es\"},{\"@type\":\"Organization\",\"@id\":\"https:\/\/www.sonoraenequipo.com.mx\/#organization\",\"name\":\"Sonoraenequipo.com.mx\",\"url\":\"https:\/\/www.sonoraenequipo.com.mx\/\",\"logo\":{\"@type\":\"ImageObject\",\"inLanguage\":\"es\",\"@id\":\"https:\/\/www.sonoraenequipo.com.mx\/#\/schema\/logo\/image\/\",\"url\":\"https:\/\/www.sonoraenequipo.com.mx\/storage\/2019\/01\/sonoraenequipo_opt.png\",\"contentUrl\":\"https:\/\/www.sonoraenequipo.com.mx\/storage\/2019\/01\/sonoraenequipo_opt.png\",\"width\":375,\"height\":125,\"caption\":\"Sonoraenequipo.com.mx\"},\"image\":{\"@id\":\"https:\/\/www.sonoraenequipo.com.mx\/#\/schema\/logo\/image\/\"},\"sameAs\":[\"https:\/\/www.facebook.com\/SonoraEE\/\",\"https:\/\/x.com\/sonoraenequipo\",\"https:\/\/www.youtube.com\/channel\/UC338nW-lPEYmJQs4ZABQ1SQ\"]},{\"@type\":\"Person\",\"@id\":\"https:\/\/www.sonoraenequipo.com.mx\/#\/schema\/person\/50102df0fb23a8fa9e8effad8fa81386\",\"name\":\"enequipo\",\"image\":{\"@type\":\"ImageObject\",\"inLanguage\":\"es\",\"@id\":\"https:\/\/www.sonoraenequipo.com.mx\/#\/schema\/person\/image\/\",\"url\":\"https:\/\/secure.gravatar.com\/avatar\/049821681b589dabc0bc20695993ccebb09f5b5d4d790cd9251b97faac7c652b?s=96&d=blank&r=g\",\"contentUrl\":\"https:\/\/secure.gravatar.com\/avatar\/049821681b589dabc0bc20695993ccebb09f5b5d4d790cd9251b97faac7c652b?s=96&d=blank&r=g\",\"caption\":\"enequipo\"},\"sameAs\":[\"https:\/\/www.facebook.com\/SonoraEE\"]}]}<\/script>\n ","yoast_head_json":{"title":"Sonora en Equipo. Ra\u00fal Jim\u00e9nez est\u00e1 nominado para el gol del mes en la Premier Deportes","description":"CIUDAD DE M\u00c9XICO. MX. \u2014 A pesar de que este mes no fue del todo bueno para los Wolves, el mexicano Ra\u00fal Alonso Jim\u00e9nez sigue haciendo ruido, ya que el gol En Sonora en Equipo publicamos toda la informaci\u00f3n de Sonora, M\u00e9xico y el Mundo de manera oportuna y busca que la libertad de expresi\u00f3n sea real. Visita nuestro medio informativo publicado desde Hermosillo, Sonora. %","robots":{"index":"index","follow":"follow","max-snippet":"max-snippet:-1","max-image-preview":"max-image-preview:large","max-video-preview":"max-video-preview:-1"},"canonical":"https:\/\/www.sonoraenequipo.com.mx\/raul-jimenez-esta-nominado-para-el-gol-del-mes-en-la-premier\/","og_locale":"es_ES","og_type":"article","og_title":"Sonora en Equipo. Ra\u00fal Jim\u00e9nez est\u00e1 nominado para el gol del mes en la Premier Deportes","og_description":"CIUDAD DE M\u00c9XICO. MX. \u2014 A pesar de que este mes no fue del todo bueno para los Wolves, el mexicano Ra\u00fal Alonso Jim\u00e9nez sigue haciendo ruido, ya que el gol En Sonora en Equipo publicamos toda la informaci\u00f3n de Sonora, M\u00e9xico y el Mundo de manera oportuna y busca que la libertad de expresi\u00f3n sea real. Visita nuestro medio informativo publicado desde Hermosillo, Sonora. %","og_url":"https:\/\/www.sonoraenequipo.com.mx\/raul-jimenez-esta-nominado-para-el-gol-del-mes-en-la-premier\/","og_site_name":"Sonora en Equipo.","article_publisher":"https:\/\/www.facebook.com\/SonoraEE\/","article_author":"https:\/\/www.facebook.com\/SonoraEE","article_published_time":"2020-02-01T01:33:20+00:00","og_image":[{"width":649,"height":375,"url":"https:\/\/www.sonoraenequipo.com.mx\/storage\/2020\/01\/rasdul_jim\u00e9nez_opt1.jpg","type":"image\/jpeg"}],"author":"enequipo","twitter_card":"summary_large_image","twitter_creator":"@sonoraenequipo","twitter_site":"@sonoraenequipo","twitter_misc":{"Escrito por":"enequipo","Tiempo de lectura":"1 minuto"},"schema":{"@context":"https:\/\/schema.org","@graph":[{"@type":"Article","@id":"https:\/\/www.sonoraenequipo.com.mx\/raul-jimenez-esta-nominado-para-el-gol-del-mes-en-la-premier\/#article","isPartOf":{"@id":"https:\/\/www.sonoraenequipo.com.mx\/raul-jimenez-esta-nominado-para-el-gol-del-mes-en-la-premier\/"},"author":{"name":"enequipo","@id":"https:\/\/www.sonoraenequipo.com.mx\/#\/schema\/person\/50102df0fb23a8fa9e8effad8fa81386"},"headline":"Ra\u00fal Jim\u00e9nez est\u00e1 nominado para el gol del mes en la Premier","datePublished":"2020-02-01T01:33:20+00:00","mainEntityOfPage":{"@id":"https:\/\/www.sonoraenequipo.com.mx\/raul-jimenez-esta-nominado-para-el-gol-del-mes-en-la-premier\/"},"wordCount":201,"commentCount":0,"publisher":{"@id":"https:\/\/www.sonoraenequipo.com.mx\/#organization"},"image":{"@id":"https:\/\/www.sonoraenequipo.com.mx\/raul-jimenez-esta-nominado-para-el-gol-del-mes-en-la-premier\/#primaryimage"},"thumbnailUrl":"https:\/\/www.sonoraenequipo.com.mx\/storage\/2020\/01\/rasdul_jim\u00e9nez_opt1.jpg","articleSection":["Deportes"],"inLanguage":"es","potentialAction":[{"@type":"CommentAction","name":"Comment","target":["https:\/\/www.sonoraenequipo.com.mx\/raul-jimenez-esta-nominado-para-el-gol-del-mes-en-la-premier\/#respond"]}]},{"@type":"WebPage","@id":"https:\/\/www.sonoraenequipo.com.mx\/raul-jimenez-esta-nominado-para-el-gol-del-mes-en-la-premier\/","url":"https:\/\/www.sonoraenequipo.com.mx\/raul-jimenez-esta-nominado-para-el-gol-del-mes-en-la-premier\/","name":"Sonora en Equipo. Ra\u00fal Jim\u00e9nez est\u00e1 nominado para el gol del mes en la Premier Deportes","isPartOf":{"@id":"https:\/\/www.sonoraenequipo.com.mx\/#website"},"primaryImageOfPage":{"@id":"https:\/\/www.sonoraenequipo.com.mx\/raul-jimenez-esta-nominado-para-el-gol-del-mes-en-la-premier\/#primaryimage"},"image":{"@id":"https:\/\/www.sonoraenequipo.com.mx\/raul-jimenez-esta-nominado-para-el-gol-del-mes-en-la-premier\/#primaryimage"},"thumbnailUrl":"https:\/\/www.sonoraenequipo.com.mx\/storage\/2020\/01\/rasdul_jim\u00e9nez_opt1.jpg","datePublished":"2020-02-01T01:33:20+00:00","description":"CIUDAD DE M\u00c9XICO. MX. \u2014 A pesar de que este mes no fue del todo bueno para los Wolves, el mexicano Ra\u00fal Alonso Jim\u00e9nez sigue haciendo ruido, ya que el gol En Sonora en Equipo publicamos toda la informaci\u00f3n de Sonora, M\u00e9xico y el Mundo de manera oportuna y busca que la libertad de expresi\u00f3n sea real. Visita nuestro medio informativo publicado desde Hermosillo, Sonora. %","breadcrumb":{"@id":"https:\/\/www.sonoraenequipo.com.mx\/raul-jimenez-esta-nominado-para-el-gol-del-mes-en-la-premier\/#breadcrumb"},"inLanguage":"es","potentialAction":[{"@type":"ReadAction","target":["https:\/\/www.sonoraenequipo.com.mx\/raul-jimenez-esta-nominado-para-el-gol-del-mes-en-la-premier\/"]}]},{"@type":"ImageObject","inLanguage":"es","@id":"https:\/\/www.sonoraenequipo.com.mx\/raul-jimenez-esta-nominado-para-el-gol-del-mes-en-la-premier\/#primaryimage","url":"https:\/\/www.sonoraenequipo.com.mx\/storage\/2020\/01\/rasdul_jim\u00e9nez_opt1.jpg","contentUrl":"https:\/\/www.sonoraenequipo.com.mx\/storage\/2020\/01\/rasdul_jim\u00e9nez_opt1.jpg","width":649,"height":375},{"@type":"BreadcrumbList","@id":"https:\/\/www.sonoraenequipo.com.mx\/raul-jimenez-esta-nominado-para-el-gol-del-mes-en-la-premier\/#breadcrumb","itemListElement":[{"@type":"ListItem","position":1,"name":"Portada","item":"https:\/\/www.sonoraenequipo.com.mx\/"},{"@type":"ListItem","position":2,"name":"Ra\u00fal Jim\u00e9nez est\u00e1 nominado para el gol del mes en la Premier"}]},{"@type":"WebSite","@id":"https:\/\/www.sonoraenequipo.com.mx\/#website","url":"https:\/\/www.sonoraenequipo.com.mx\/","name":"Sonora en Equipo.","description":"Diario en l\u00ednea con Noticias desde Hermosillo, Sonora","publisher":{"@id":"https:\/\/www.sonoraenequipo.com.mx\/#organization"},"potentialAction":[{"@type":"SearchAction","target":{"@type":"EntryPoint","urlTemplate":"https:\/\/www.sonoraenequipo.com.mx\/?s={search_term_string}"},"query-input":{"@type":"PropertyValueSpecification","valueRequired":true,"valueName":"search_term_string"}}],"inLanguage":"es"},{"@type":"Organization","@id":"https:\/\/www.sonoraenequipo.com.mx\/#organization","name":"Sonoraenequipo.com.mx","url":"https:\/\/www.sonoraenequipo.com.mx\/","logo":{"@type":"ImageObject","inLanguage":"es","@id":"https:\/\/www.sonoraenequipo.com.mx\/#\/schema\/logo\/image\/","url":"https:\/\/www.sonoraenequipo.com.mx\/storage\/2019\/01\/sonoraenequipo_opt.png","contentUrl":"https:\/\/www.sonoraenequipo.com.mx\/storage\/2019\/01\/sonoraenequipo_opt.png","width":375,"height":125,"caption":"Sonoraenequipo.com.mx"},"image":{"@id":"https:\/\/www.sonoraenequipo.com.mx\/#\/schema\/logo\/image\/"},"sameAs":["https:\/\/www.facebook.com\/SonoraEE\/","https:\/\/x.com\/sonoraenequipo","https:\/\/www.youtube.com\/channel\/UC338nW-lPEYmJQs4ZABQ1SQ"]},{"@type":"Person","@id":"https:\/\/www.sonoraenequipo.com.mx\/#\/schema\/person\/50102df0fb23a8fa9e8effad8fa81386","name":"enequipo","image":{"@type":"ImageObject","inLanguage":"es","@id":"https:\/\/www.sonoraenequipo.com.mx\/#\/schema\/person\/image\/","url":"https:\/\/secure.gravatar.com\/avatar\/049821681b589dabc0bc20695993ccebb09f5b5d4d790cd9251b97faac7c652b?s=96&d=blank&r=g","contentUrl":"https:\/\/secure.gravatar.com\/avatar\/049821681b589dabc0bc20695993ccebb09f5b5d4d790cd9251b97faac7c652b?s=96&d=blank&r=g","caption":"enequipo"},"sameAs":["https:\/\/www.facebook.com\/SonoraEE"]}]}},"jetpack_featured_media_url":"https:\/\/www.sonoraenequipo.com.mx\/storage\/2020\/01\/rasdul_jim\u00e9nez_opt1.jpg","_links":{"self":[{"href":"https:\/\/www.sonoraenequipo.com.mx\/api\/wp\/v2\/posts\/77009","targetHints":{"allow":["GET"]}}],"collection":[{"href":"https:\/\/www.sonoraenequipo.com.mx\/api\/wp\/v2\/posts"}],"about":[{"href":"https:\/\/www.sonoraenequipo.com.mx\/api\/wp\/v2\/types\/post"}],"author":[{"embeddable":true,"href":"https:\/\/www.sonoraenequipo.com.mx\/api\/wp\/v2\/users\/1"}],"replies":[{"embeddable":true,"href":"https:\/\/www.sonoraenequipo.com.mx\/api\/wp\/v2\/comments?post=77009"}],"version-history":[{"count":0,"href":"https:\/\/www.sonoraenequipo.com.mx\/api\/wp\/v2\/posts\/77009\/revisions"}],"wp:featuredmedia":[{"embeddable":true,"href":"https:\/\/www.sonoraenequipo.com.mx\/api\/wp\/v2\/media\/76991"}],"wp:attachment":[{"href":"https:\/\/www.sonoraenequipo.com.mx\/api\/wp\/v2\/media?parent=77009"}],"wp:term":[{"taxonomy":"category","embeddable":true,"href":"https:\/\/www.sonoraenequipo.com.mx\/api\/wp\/v2\/categories?post=77009"},{"taxonomy":"post_tag","embeddable":true,"href":"https:\/\/www.sonoraenequipo.com.mx\/api\/wp\/v2\/tags?post=77009"}],"curies":[{"name":"wp","href":"https:\/\/api.w.org\/{rel}","templated":true}]}}