{"id":77019,"date":"2020-01-31T20:25:50","date_gmt":"2020-02-01T03:25:50","guid":{"rendered":"https:\/\/www.sonoraenequipo.com.mx\/?p=77019"},"modified":"2020-01-31T17:33:43","modified_gmt":"2020-02-01T00:33:43","slug":"lilly-tellez-agradece-a-ebrard-traer-de-china-a-estudiantes-ante-coronavirus","status":"publish","type":"post","link":"https:\/\/www.sonoraenequipo.com.mx\/lilly-tellez-agradece-a-ebrard-traer-de-china-a-estudiantes-ante-coronavirus\/","title":{"rendered":"Lilly T\u00e9llez agradece a Ebrard traer de China a estudiantes ante coronavirus"},"content":{"rendered":"<p>CIUDAD DE M\u00c9XICO.- A trav\u00e9s de sus redes sociales, Lilly T\u00e9llez, senadora de Morena, agradeci\u00f3 al secretario de Relaciones Exteriores, Marcelo Ebrard, por la ayuda proporcionada para que los cuatro estudiantes sonorenses en la ciudad de Harbin, China, regresen a M\u00e9xico ante el brote de coronavirus.<\/p>\n<p>&nbsp;<\/p>\n<p> <\/p>\n<p>&nbsp;<\/p>\n<p>&nbsp;<\/p>\n<p>La legisladora por Sonora dio a conocer que los cuatro estudiantes podr\u00e1n tomar un vuelo que partir\u00e1 de Jap\u00f3n, har\u00e1 escala en Canad\u00e1 y aterrizar\u00e1 en M\u00e9xico, esto despu\u00e9s de haber pasado todos los protocolos sanitarios de rigor.<\/p>\n<p>&nbsp;<\/p>\n<p><em>\u201cLos cuatro estudiantes sonorenses en la ciudad de Harbin, China, van a tomar vuelo Jap\u00f3n-Canad\u00e1-M\u00e9xico. Evidentemente pasaron los estrictos protocolos sanitarios y est\u00e1n muy contentos por regresar a nuestro pa\u00eds.\u201d<\/em> fue el mensaje de la tambi\u00e9n periodista recibiendo una respuesta positiva por parte del titular de la SRE.<\/p>\n<p>&nbsp;<\/p>\n<p>&nbsp;<\/p>\n<p>Recientemente, Ebrard hab\u00eda confirmado que 18 mexicanos se encontraban en China, de los cuales s\u00f3lo 4 pod\u00edan regresar a suelo mexicano ya que los otros 14 tienen pareja en ese pa\u00eds, por lo que las leyes de all\u00e1 no permiten su salida.<\/p>\n<p>&nbsp;<\/p>\n<p>&nbsp;<\/p>\n<p>El jueves, la OMS declar\u00f3 emergencia internacional por el coronavirus.<\/p>\n<p>&nbsp;<\/p>\n<blockquote class=\"twitter-tweet\" data-width=\"550\" data-dnt=\"true\">\n<p lang=\"es\" dir=\"ltr\">Los cuatro estudiantes sonorenses en la ciudad de Harbin, China, van a tomar vuelo Jap\u00f3n-Canad\u00e1-M\u00e9xico.<br \/>Evidentemente pasaron los estrictos protocolos sanitarios y est\u00e1n muy contentos por regresar a nuestro pa\u00eds.<br \/>Agradezco nuevamente a <a href=\"https:\/\/twitter.com\/m_ebrard?ref_src=twsrc%5Etfw\">@m_ebrard<\/a> <a href=\"https:\/\/twitter.com\/SRE_mx?ref_src=twsrc%5Etfw\">@SRE_mx<\/a><\/p>\n<p>&mdash; Lilly T\u00e9llez (@LillyTellez) <a href=\"https:\/\/twitter.com\/LillyTellez\/status\/1223278052068732928?ref_src=twsrc%5Etfw\">January 31, 2020<\/a><\/p><\/blockquote>\n<p><script async src=\"https:\/\/platform.twitter.com\/widgets.js\" charset=\"utf-8\"><\/script><\/p>\n<p>&nbsp;<\/p>\n<p>PUBLICADO EL 31\/01\/2020)<\/p>\n","protected":false},"excerpt":{"rendered":"<p>CIUDAD DE M\u00c9XICO.- A trav\u00e9s de sus redes sociales, Lilly T\u00e9llez, senadora de Morena, agradeci\u00f3&#8230;<\/p>\n","protected":false},"author":1,"featured_media":77021,"comment_status":"open","ping_status":"open","sticky":false,"template":"","format":"standard","meta":{"_monsterinsights_skip_tracking":false,"_monsterinsights_sitenote_active":false,"_monsterinsights_sitenote_note":"","_monsterinsights_sitenote_category":0,"footnotes":""},"categories":[5],"tags":[],"class_list":["post"],"yoast_head":" \n<title>Sonora en Equipo. Lilly T\u00e9llez agradece a Ebrard traer de China a estudiantes ante coronavirus Rep\u00fablica<\/title>\n<meta name=\"description\" content=\"CIUDAD DE M\u00c9XICO.- A trav\u00e9s de sus redes sociales, Lilly T\u00e9llez, senadora de Morena, agradeci\u00f3 al secretario de Relaciones Exteriores, Marcelo Ebrard, por En Sonora en Equipo publicamos toda la informaci\u00f3n de Sonora, M\u00e9xico y el Mundo de manera oportuna y busca que la libertad de expresi\u00f3n sea real. Visita nuestro medio informativo publicado desde Hermosillo, Sonora. %\" \/>\n<meta name=\"robots\" content=\"index, follow, max-snippet:-1, max-image-preview:large, max-video-preview:-1\" \/>\n<link rel=\"canonical\" href=\"https:\/\/www.sonoraenequipo.com.mx\/lilly-tellez-agradece-a-ebrard-traer-de-china-a-estudiantes-ante-coronavirus\/\" \/>\n<meta property=\"og:locale\" content=\"es_ES\" \/>\n<meta property=\"og:type\" content=\"article\" \/>\n<meta property=\"og:title\" content=\"Sonora en Equipo. Lilly T\u00e9llez agradece a Ebrard traer de China a estudiantes ante coronavirus Rep\u00fablica\" \/>\n<meta property=\"og:description\" content=\"CIUDAD DE M\u00c9XICO.- A trav\u00e9s de sus redes sociales, Lilly T\u00e9llez, senadora de Morena, agradeci\u00f3 al secretario de Relaciones Exteriores, Marcelo Ebrard, por En Sonora en Equipo publicamos toda la informaci\u00f3n de Sonora, M\u00e9xico y el Mundo de manera oportuna y busca que la libertad de expresi\u00f3n sea real. Visita nuestro medio informativo publicado desde Hermosillo, Sonora. %\" \/>\n<meta property=\"og:url\" content=\"https:\/\/www.sonoraenequipo.com.mx\/lilly-tellez-agradece-a-ebrard-traer-de-china-a-estudiantes-ante-coronavirus\/\" \/>\n<meta property=\"og:site_name\" content=\"Sonora en Equipo.\" \/>\n<meta property=\"article:publisher\" content=\"https:\/\/www.facebook.com\/SonoraEE\/\" \/>\n<meta property=\"article:author\" content=\"https:\/\/www.facebook.com\/SonoraEE\" \/>\n<meta property=\"article:published_time\" content=\"2020-02-01T03:25:50+00:00\" \/>\n<meta property=\"og:image\" content=\"https:\/\/www.sonoraenequipo.com.mx\/storage\/2020\/01\/lily_telles_opt1.jpg\" \/>\n\t<meta property=\"og:image:width\" content=\"669\" \/>\n\t<meta property=\"og:image:height\" content=\"375\" \/>\n\t<meta property=\"og:image:type\" content=\"image\/jpeg\" \/>\n<meta name=\"author\" content=\"enequipo\" \/>\n<meta name=\"twitter:card\" content=\"summary_large_image\" \/>\n<meta name=\"twitter:creator\" content=\"@sonoraenequipo\" \/>\n<meta name=\"twitter:site\" content=\"@sonoraenequipo\" \/>\n<meta name=\"twitter:label1\" content=\"Escrito por\" \/>\n\t<meta name=\"twitter:data1\" content=\"enequipo\" \/>\n\t<meta name=\"twitter:label2\" content=\"Tiempo de lectura\" \/>\n\t<meta name=\"twitter:data2\" content=\"1 minuto\" \/>\n<script type=\"application\/ld+json\" class=\"yoast-schema-graph\">{\"@context\":\"https:\/\/schema.org\",\"@graph\":[{\"@type\":\"Article\",\"@id\":\"https:\/\/www.sonoraenequipo.com.mx\/lilly-tellez-agradece-a-ebrard-traer-de-china-a-estudiantes-ante-coronavirus\/#article\",\"isPartOf\":{\"@id\":\"https:\/\/www.sonoraenequipo.com.mx\/lilly-tellez-agradece-a-ebrard-traer-de-china-a-estudiantes-ante-coronavirus\/\"},\"author\":{\"name\":\"enequipo\",\"@id\":\"https:\/\/www.sonoraenequipo.com.mx\/#\/schema\/person\/50102df0fb23a8fa9e8effad8fa81386\"},\"headline\":\"Lilly T\u00e9llez agradece a Ebrard traer de China a estudiantes ante coronavirus\",\"datePublished\":\"2020-02-01T03:25:50+00:00\",\"mainEntityOfPage\":{\"@id\":\"https:\/\/www.sonoraenequipo.com.mx\/lilly-tellez-agradece-a-ebrard-traer-de-china-a-estudiantes-ante-coronavirus\/\"},\"wordCount\":230,\"commentCount\":0,\"publisher\":{\"@id\":\"https:\/\/www.sonoraenequipo.com.mx\/#organization\"},\"image\":{\"@id\":\"https:\/\/www.sonoraenequipo.com.mx\/lilly-tellez-agradece-a-ebrard-traer-de-china-a-estudiantes-ante-coronavirus\/#primaryimage\"},\"thumbnailUrl\":\"https:\/\/www.sonoraenequipo.com.mx\/storage\/2020\/01\/lily_telles_opt1.jpg\",\"articleSection\":[\"Rep\u00fablica\"],\"inLanguage\":\"es\",\"potentialAction\":[{\"@type\":\"CommentAction\",\"name\":\"Comment\",\"target\":[\"https:\/\/www.sonoraenequipo.com.mx\/lilly-tellez-agradece-a-ebrard-traer-de-china-a-estudiantes-ante-coronavirus\/#respond\"]}]},{\"@type\":\"WebPage\",\"@id\":\"https:\/\/www.sonoraenequipo.com.mx\/lilly-tellez-agradece-a-ebrard-traer-de-china-a-estudiantes-ante-coronavirus\/\",\"url\":\"https:\/\/www.sonoraenequipo.com.mx\/lilly-tellez-agradece-a-ebrard-traer-de-china-a-estudiantes-ante-coronavirus\/\",\"name\":\"Sonora en Equipo. Lilly T\u00e9llez agradece a Ebrard traer de China a estudiantes ante coronavirus Rep\u00fablica\",\"isPartOf\":{\"@id\":\"https:\/\/www.sonoraenequipo.com.mx\/#website\"},\"primaryImageOfPage\":{\"@id\":\"https:\/\/www.sonoraenequipo.com.mx\/lilly-tellez-agradece-a-ebrard-traer-de-china-a-estudiantes-ante-coronavirus\/#primaryimage\"},\"image\":{\"@id\":\"https:\/\/www.sonoraenequipo.com.mx\/lilly-tellez-agradece-a-ebrard-traer-de-china-a-estudiantes-ante-coronavirus\/#primaryimage\"},\"thumbnailUrl\":\"https:\/\/www.sonoraenequipo.com.mx\/storage\/2020\/01\/lily_telles_opt1.jpg\",\"datePublished\":\"2020-02-01T03:25:50+00:00\",\"description\":\"CIUDAD DE M\u00c9XICO.- A trav\u00e9s de sus redes sociales, Lilly T\u00e9llez, senadora de Morena, agradeci\u00f3 al secretario de Relaciones Exteriores, Marcelo Ebrard, por En Sonora en Equipo publicamos toda la informaci\u00f3n de Sonora, M\u00e9xico y el Mundo de manera oportuna y busca que la libertad de expresi\u00f3n sea real. Visita nuestro medio informativo publicado desde Hermosillo, Sonora. %\",\"breadcrumb\":{\"@id\":\"https:\/\/www.sonoraenequipo.com.mx\/lilly-tellez-agradece-a-ebrard-traer-de-china-a-estudiantes-ante-coronavirus\/#breadcrumb\"},\"inLanguage\":\"es\",\"potentialAction\":[{\"@type\":\"ReadAction\",\"target\":[\"https:\/\/www.sonoraenequipo.com.mx\/lilly-tellez-agradece-a-ebrard-traer-de-china-a-estudiantes-ante-coronavirus\/\"]}]},{\"@type\":\"ImageObject\",\"inLanguage\":\"es\",\"@id\":\"https:\/\/www.sonoraenequipo.com.mx\/lilly-tellez-agradece-a-ebrard-traer-de-china-a-estudiantes-ante-coronavirus\/#primaryimage\",\"url\":\"https:\/\/www.sonoraenequipo.com.mx\/storage\/2020\/01\/lily_telles_opt1.jpg\",\"contentUrl\":\"https:\/\/www.sonoraenequipo.com.mx\/storage\/2020\/01\/lily_telles_opt1.jpg\",\"width\":669,\"height\":375},{\"@type\":\"BreadcrumbList\",\"@id\":\"https:\/\/www.sonoraenequipo.com.mx\/lilly-tellez-agradece-a-ebrard-traer-de-china-a-estudiantes-ante-coronavirus\/#breadcrumb\",\"itemListElement\":[{\"@type\":\"ListItem\",\"position\":1,\"name\":\"Portada\",\"item\":\"https:\/\/www.sonoraenequipo.com.mx\/\"},{\"@type\":\"ListItem\",\"position\":2,\"name\":\"Lilly T\u00e9llez agradece a Ebrard traer de China a estudiantes ante coronavirus\"}]},{\"@type\":\"WebSite\",\"@id\":\"https:\/\/www.sonoraenequipo.com.mx\/#website\",\"url\":\"https:\/\/www.sonoraenequipo.com.mx\/\",\"name\":\"Sonora en Equipo.\",\"description\":\"Diario en l\u00ednea con Noticias desde Hermosillo, Sonora\",\"publisher\":{\"@id\":\"https:\/\/www.sonoraenequipo.com.mx\/#organization\"},\"potentialAction\":[{\"@type\":\"SearchAction\",\"target\":{\"@type\":\"EntryPoint\",\"urlTemplate\":\"https:\/\/www.sonoraenequipo.com.mx\/?s={search_term_string}\"},\"query-input\":{\"@type\":\"PropertyValueSpecification\",\"valueRequired\":true,\"valueName\":\"search_term_string\"}}],\"inLanguage\":\"es\"},{\"@type\":\"Organization\",\"@id\":\"https:\/\/www.sonoraenequipo.com.mx\/#organization\",\"name\":\"Sonoraenequipo.com.mx\",\"url\":\"https:\/\/www.sonoraenequipo.com.mx\/\",\"logo\":{\"@type\":\"ImageObject\",\"inLanguage\":\"es\",\"@id\":\"https:\/\/www.sonoraenequipo.com.mx\/#\/schema\/logo\/image\/\",\"url\":\"https:\/\/www.sonoraenequipo.com.mx\/storage\/2019\/01\/sonoraenequipo_opt.png\",\"contentUrl\":\"https:\/\/www.sonoraenequipo.com.mx\/storage\/2019\/01\/sonoraenequipo_opt.png\",\"width\":375,\"height\":125,\"caption\":\"Sonoraenequipo.com.mx\"},\"image\":{\"@id\":\"https:\/\/www.sonoraenequipo.com.mx\/#\/schema\/logo\/image\/\"},\"sameAs\":[\"https:\/\/www.facebook.com\/SonoraEE\/\",\"https:\/\/x.com\/sonoraenequipo\",\"https:\/\/www.youtube.com\/channel\/UC338nW-lPEYmJQs4ZABQ1SQ\"]},{\"@type\":\"Person\",\"@id\":\"https:\/\/www.sonoraenequipo.com.mx\/#\/schema\/person\/50102df0fb23a8fa9e8effad8fa81386\",\"name\":\"enequipo\",\"image\":{\"@type\":\"ImageObject\",\"inLanguage\":\"es\",\"@id\":\"https:\/\/www.sonoraenequipo.com.mx\/#\/schema\/person\/image\/\",\"url\":\"https:\/\/secure.gravatar.com\/avatar\/049821681b589dabc0bc20695993ccebb09f5b5d4d790cd9251b97faac7c652b?s=96&d=blank&r=g\",\"contentUrl\":\"https:\/\/secure.gravatar.com\/avatar\/049821681b589dabc0bc20695993ccebb09f5b5d4d790cd9251b97faac7c652b?s=96&d=blank&r=g\",\"caption\":\"enequipo\"},\"sameAs\":[\"https:\/\/www.facebook.com\/SonoraEE\"]}]}<\/script>\n ","yoast_head_json":{"title":"Sonora en Equipo. Lilly T\u00e9llez agradece a Ebrard traer de China a estudiantes ante coronavirus Rep\u00fablica","description":"CIUDAD DE M\u00c9XICO.- A trav\u00e9s de sus redes sociales, Lilly T\u00e9llez, senadora de Morena, agradeci\u00f3 al secretario de Relaciones Exteriores, Marcelo Ebrard, por En Sonora en Equipo publicamos toda la informaci\u00f3n de Sonora, M\u00e9xico y el Mundo de manera oportuna y busca que la libertad de expresi\u00f3n sea real. Visita nuestro medio informativo publicado desde Hermosillo, Sonora. %","robots":{"index":"index","follow":"follow","max-snippet":"max-snippet:-1","max-image-preview":"max-image-preview:large","max-video-preview":"max-video-preview:-1"},"canonical":"https:\/\/www.sonoraenequipo.com.mx\/lilly-tellez-agradece-a-ebrard-traer-de-china-a-estudiantes-ante-coronavirus\/","og_locale":"es_ES","og_type":"article","og_title":"Sonora en Equipo. Lilly T\u00e9llez agradece a Ebrard traer de China a estudiantes ante coronavirus Rep\u00fablica","og_description":"CIUDAD DE M\u00c9XICO.- A trav\u00e9s de sus redes sociales, Lilly T\u00e9llez, senadora de Morena, agradeci\u00f3 al secretario de Relaciones Exteriores, Marcelo Ebrard, por En Sonora en Equipo publicamos toda la informaci\u00f3n de Sonora, M\u00e9xico y el Mundo de manera oportuna y busca que la libertad de expresi\u00f3n sea real. Visita nuestro medio informativo publicado desde Hermosillo, Sonora. %","og_url":"https:\/\/www.sonoraenequipo.com.mx\/lilly-tellez-agradece-a-ebrard-traer-de-china-a-estudiantes-ante-coronavirus\/","og_site_name":"Sonora en Equipo.","article_publisher":"https:\/\/www.facebook.com\/SonoraEE\/","article_author":"https:\/\/www.facebook.com\/SonoraEE","article_published_time":"2020-02-01T03:25:50+00:00","og_image":[{"width":669,"height":375,"url":"https:\/\/www.sonoraenequipo.com.mx\/storage\/2020\/01\/lily_telles_opt1.jpg","type":"image\/jpeg"}],"author":"enequipo","twitter_card":"summary_large_image","twitter_creator":"@sonoraenequipo","twitter_site":"@sonoraenequipo","twitter_misc":{"Escrito por":"enequipo","Tiempo de lectura":"1 minuto"},"schema":{"@context":"https:\/\/schema.org","@graph":[{"@type":"Article","@id":"https:\/\/www.sonoraenequipo.com.mx\/lilly-tellez-agradece-a-ebrard-traer-de-china-a-estudiantes-ante-coronavirus\/#article","isPartOf":{"@id":"https:\/\/www.sonoraenequipo.com.mx\/lilly-tellez-agradece-a-ebrard-traer-de-china-a-estudiantes-ante-coronavirus\/"},"author":{"name":"enequipo","@id":"https:\/\/www.sonoraenequipo.com.mx\/#\/schema\/person\/50102df0fb23a8fa9e8effad8fa81386"},"headline":"Lilly T\u00e9llez agradece a Ebrard traer de China a estudiantes ante coronavirus","datePublished":"2020-02-01T03:25:50+00:00","mainEntityOfPage":{"@id":"https:\/\/www.sonoraenequipo.com.mx\/lilly-tellez-agradece-a-ebrard-traer-de-china-a-estudiantes-ante-coronavirus\/"},"wordCount":230,"commentCount":0,"publisher":{"@id":"https:\/\/www.sonoraenequipo.com.mx\/#organization"},"image":{"@id":"https:\/\/www.sonoraenequipo.com.mx\/lilly-tellez-agradece-a-ebrard-traer-de-china-a-estudiantes-ante-coronavirus\/#primaryimage"},"thumbnailUrl":"https:\/\/www.sonoraenequipo.com.mx\/storage\/2020\/01\/lily_telles_opt1.jpg","articleSection":["Rep\u00fablica"],"inLanguage":"es","potentialAction":[{"@type":"CommentAction","name":"Comment","target":["https:\/\/www.sonoraenequipo.com.mx\/lilly-tellez-agradece-a-ebrard-traer-de-china-a-estudiantes-ante-coronavirus\/#respond"]}]},{"@type":"WebPage","@id":"https:\/\/www.sonoraenequipo.com.mx\/lilly-tellez-agradece-a-ebrard-traer-de-china-a-estudiantes-ante-coronavirus\/","url":"https:\/\/www.sonoraenequipo.com.mx\/lilly-tellez-agradece-a-ebrard-traer-de-china-a-estudiantes-ante-coronavirus\/","name":"Sonora en Equipo. Lilly T\u00e9llez agradece a Ebrard traer de China a estudiantes ante coronavirus Rep\u00fablica","isPartOf":{"@id":"https:\/\/www.sonoraenequipo.com.mx\/#website"},"primaryImageOfPage":{"@id":"https:\/\/www.sonoraenequipo.com.mx\/lilly-tellez-agradece-a-ebrard-traer-de-china-a-estudiantes-ante-coronavirus\/#primaryimage"},"image":{"@id":"https:\/\/www.sonoraenequipo.com.mx\/lilly-tellez-agradece-a-ebrard-traer-de-china-a-estudiantes-ante-coronavirus\/#primaryimage"},"thumbnailUrl":"https:\/\/www.sonoraenequipo.com.mx\/storage\/2020\/01\/lily_telles_opt1.jpg","datePublished":"2020-02-01T03:25:50+00:00","description":"CIUDAD DE M\u00c9XICO.- A trav\u00e9s de sus redes sociales, Lilly T\u00e9llez, senadora de Morena, agradeci\u00f3 al secretario de Relaciones Exteriores, Marcelo Ebrard, por En Sonora en Equipo publicamos toda la informaci\u00f3n de Sonora, M\u00e9xico y el Mundo de manera oportuna y busca que la libertad de expresi\u00f3n sea real. Visita nuestro medio informativo publicado desde Hermosillo, Sonora. %","breadcrumb":{"@id":"https:\/\/www.sonoraenequipo.com.mx\/lilly-tellez-agradece-a-ebrard-traer-de-china-a-estudiantes-ante-coronavirus\/#breadcrumb"},"inLanguage":"es","potentialAction":[{"@type":"ReadAction","target":["https:\/\/www.sonoraenequipo.com.mx\/lilly-tellez-agradece-a-ebrard-traer-de-china-a-estudiantes-ante-coronavirus\/"]}]},{"@type":"ImageObject","inLanguage":"es","@id":"https:\/\/www.sonoraenequipo.com.mx\/lilly-tellez-agradece-a-ebrard-traer-de-china-a-estudiantes-ante-coronavirus\/#primaryimage","url":"https:\/\/www.sonoraenequipo.com.mx\/storage\/2020\/01\/lily_telles_opt1.jpg","contentUrl":"https:\/\/www.sonoraenequipo.com.mx\/storage\/2020\/01\/lily_telles_opt1.jpg","width":669,"height":375},{"@type":"BreadcrumbList","@id":"https:\/\/www.sonoraenequipo.com.mx\/lilly-tellez-agradece-a-ebrard-traer-de-china-a-estudiantes-ante-coronavirus\/#breadcrumb","itemListElement":[{"@type":"ListItem","position":1,"name":"Portada","item":"https:\/\/www.sonoraenequipo.com.mx\/"},{"@type":"ListItem","position":2,"name":"Lilly T\u00e9llez agradece a Ebrard traer de China a estudiantes ante coronavirus"}]},{"@type":"WebSite","@id":"https:\/\/www.sonoraenequipo.com.mx\/#website","url":"https:\/\/www.sonoraenequipo.com.mx\/","name":"Sonora en Equipo.","description":"Diario en l\u00ednea con Noticias desde Hermosillo, Sonora","publisher":{"@id":"https:\/\/www.sonoraenequipo.com.mx\/#organization"},"potentialAction":[{"@type":"SearchAction","target":{"@type":"EntryPoint","urlTemplate":"https:\/\/www.sonoraenequipo.com.mx\/?s={search_term_string}"},"query-input":{"@type":"PropertyValueSpecification","valueRequired":true,"valueName":"search_term_string"}}],"inLanguage":"es"},{"@type":"Organization","@id":"https:\/\/www.sonoraenequipo.com.mx\/#organization","name":"Sonoraenequipo.com.mx","url":"https:\/\/www.sonoraenequipo.com.mx\/","logo":{"@type":"ImageObject","inLanguage":"es","@id":"https:\/\/www.sonoraenequipo.com.mx\/#\/schema\/logo\/image\/","url":"https:\/\/www.sonoraenequipo.com.mx\/storage\/2019\/01\/sonoraenequipo_opt.png","contentUrl":"https:\/\/www.sonoraenequipo.com.mx\/storage\/2019\/01\/sonoraenequipo_opt.png","width":375,"height":125,"caption":"Sonoraenequipo.com.mx"},"image":{"@id":"https:\/\/www.sonoraenequipo.com.mx\/#\/schema\/logo\/image\/"},"sameAs":["https:\/\/www.facebook.com\/SonoraEE\/","https:\/\/x.com\/sonoraenequipo","https:\/\/www.youtube.com\/channel\/UC338nW-lPEYmJQs4ZABQ1SQ"]},{"@type":"Person","@id":"https:\/\/www.sonoraenequipo.com.mx\/#\/schema\/person\/50102df0fb23a8fa9e8effad8fa81386","name":"enequipo","image":{"@type":"ImageObject","inLanguage":"es","@id":"https:\/\/www.sonoraenequipo.com.mx\/#\/schema\/person\/image\/","url":"https:\/\/secure.gravatar.com\/avatar\/049821681b589dabc0bc20695993ccebb09f5b5d4d790cd9251b97faac7c652b?s=96&d=blank&r=g","contentUrl":"https:\/\/secure.gravatar.com\/avatar\/049821681b589dabc0bc20695993ccebb09f5b5d4d790cd9251b97faac7c652b?s=96&d=blank&r=g","caption":"enequipo"},"sameAs":["https:\/\/www.facebook.com\/SonoraEE"]}]}},"jetpack_featured_media_url":"https:\/\/www.sonoraenequipo.com.mx\/storage\/2020\/01\/lily_telles_opt1.jpg","_links":{"self":[{"href":"https:\/\/www.sonoraenequipo.com.mx\/api\/wp\/v2\/posts\/77019","targetHints":{"allow":["GET"]}}],"collection":[{"href":"https:\/\/www.sonoraenequipo.com.mx\/api\/wp\/v2\/posts"}],"about":[{"href":"https:\/\/www.sonoraenequipo.com.mx\/api\/wp\/v2\/types\/post"}],"author":[{"embeddable":true,"href":"https:\/\/www.sonoraenequipo.com.mx\/api\/wp\/v2\/users\/1"}],"replies":[{"embeddable":true,"href":"https:\/\/www.sonoraenequipo.com.mx\/api\/wp\/v2\/comments?post=77019"}],"version-history":[{"count":0,"href":"https:\/\/www.sonoraenequipo.com.mx\/api\/wp\/v2\/posts\/77019\/revisions"}],"wp:featuredmedia":[{"embeddable":true,"href":"https:\/\/www.sonoraenequipo.com.mx\/api\/wp\/v2\/media\/77021"}],"wp:attachment":[{"href":"https:\/\/www.sonoraenequipo.com.mx\/api\/wp\/v2\/media?parent=77019"}],"wp:term":[{"taxonomy":"category","embeddable":true,"href":"https:\/\/www.sonoraenequipo.com.mx\/api\/wp\/v2\/categories?post=77019"},{"taxonomy":"post_tag","embeddable":true,"href":"https:\/\/www.sonoraenequipo.com.mx\/api\/wp\/v2\/tags?post=77019"}],"curies":[{"name":"wp","href":"https:\/\/api.w.org\/{rel}","templated":true}]}}