{"id":77029,"date":"2020-02-01T11:15:19","date_gmt":"2020-02-01T18:15:19","guid":{"rendered":"https:\/\/www.sonoraenequipo.com.mx\/?p=77029"},"modified":"2020-02-01T11:15:19","modified_gmt":"2020-02-01T18:15:19","slug":"por-mayoria-iee-aprueba-ajuste-a-su-presupuesto-2020","status":"publish","type":"post","link":"https:\/\/www.sonoraenequipo.com.mx\/por-mayoria-iee-aprueba-ajuste-a-su-presupuesto-2020\/","title":{"rendered":"Por mayor\u00eda IEE aprueba ajuste a su presupuesto 2020"},"content":{"rendered":"<p>HERMOSILLO, SONORA,MX.\u2500 El Consejo General del IEE Sonora aprob\u00f3 la noche del viernes31 de enero por mayor\u00eda de votos, el proyecto de ajuste al presupuesto de egresos de este \u00f3rgano para el ejercicio fiscal 2020,\u00a0 el cual asciende a la cantidad de $306,300,531.00, derivado de las modificaciones realizadas por el Congreso del Estado. <\/p>\n<p>&nbsp;<\/p>\n<p>Con el voto en contra de la Consejera Presidenta Guadalupe Taddei Zavala y la Consejera Electoral Ana Cecilia Grijalva Moreno; los Consejeros Daniel Rodarte Ram\u00edrez, Francisco Arturo Kitazawa Tostado, Daniel N\u00fa\u00f1ez Santos y la Consejera Ana Maribel Salcido Jashimoto, aprobaron el reajuste al presupuesto de egresos para el ejercicio fiscal del presente a\u00f1o.<\/p>\n<p>&nbsp;<\/p>\n<p>Aprueban l\u00edmites de financiamiento privado<\/p>\n<p>&nbsp;<\/p>\n<p>En la sesi\u00f3n extraordinaria de este d\u00eda, se aprobaron los l\u00edmites de\u00a0 aportaciones de financiamiento privado que podr\u00e1n recibir los partidos pol\u00edticos por sus militantes y simpatizantes, as\u00ed como el l\u00edmite individual de las aportaciones durante el ejercicio 2020.<\/p>\n<p>&nbsp;<\/p>\n<p>El l\u00edmite de aportaciones por financiamiento privado que cada partido pol\u00edtico podr\u00e1 recibir este a\u00f1o en dinero o especie ser\u00e1: l\u00edmite anual de contribuciones de militantes,\u00a0\u00a0 $2\u2019324,493 pesos; mientras que el l\u00edmite anual\u00a0 de aportaciones de simpatizantes ser\u00e1 por $9\u2019348, 854 pesos, asimismo el l\u00edmite individual anual que cada partido podr\u00e1 recibir de simpatizantes durante el 2020 ser\u00e1 por la cantidad de\u00a0 $467,443 pesos.<\/p>\n<p>&nbsp;<\/p>\n<p>Descontar\u00e1n multas a partidos<\/p>\n<p>&nbsp;<\/p>\n<p>En esta sesi\u00f3n se aprob\u00f3 la forma en que se aplicar\u00e1n las sanciones derivadas de resoluciones emitidas por el Consejo General del INE respecto de las irregularidades encontradas en el dictamen consolidado de la revisi\u00f3n de los informes de ingresos y gastos correspondientes al ejercicio 2018, a los partidos pol\u00edticos en Sonora.<\/p>\n<p>&nbsp;<\/p>\n<p>Asimismo se aprob\u00f3 lo se\u00f1alado por el Consejo General del INE en los acuerdos INE\/CG471\/2019 e INE\/CG472\/2019, respecto de los otrora partidos, Encuentro Social y Movimiento Alternativo Sonorense de aplicarles la sanci\u00f3n de amonestaci\u00f3n p\u00fablica; los recursos obtenidos por la aplicaci\u00f3n de sanciones econ\u00f3micas derivadas de las resoluciones referidas, sean destinados al organismo estatal encargado de la promoci\u00f3n, fomento y desarrollo de la ciencia, tecnolog\u00eda e innovaci\u00f3n en el estado de Sonora.<\/p>\n<p>&nbsp;<\/p>\n<p>Nueva integraci\u00f3n de Comisiones<\/p>\n<p>&nbsp;<\/p>\n<p>La propuesta de la\u00a0 Consejera Presidenta Guadalupe Taddei Zavala respecto de la nueva integraci\u00f3n de las comisiones permanentes y temporales de este Instituto, fue aprobada en la sesi\u00f3n extraordinaria de este d\u00eda, luego de la designaci\u00f3n consejera electoral Maestra Ana Cecilia Grijalva Moreno, qui\u00e9n formar\u00e1 parte de las comisiones de Organizaci\u00f3n y Log\u00edstica Electoral, SPEN y Vinculaci\u00f3n con el INE, as\u00ed como a la Comisi\u00f3n Temporal Dictaminadora a trav\u00e9s de la cual se realizar\u00e1 la designaci\u00f3n de la o el titular de la Direcci\u00f3n Ejecutiva de Administraci\u00f3n de este Instituto.<\/p>\n<p>&nbsp;<\/p>\n<p>Presentan informe final de liquidaci\u00f3n de MAS<\/p>\n<p>&nbsp;<\/p>\n<p>El Consejo General del IEE Sonora recibi\u00f3 el informe presentado por el C.P.C. Jos\u00e9 Fidel Ram\u00edrez Jim\u00e9nez, en su calidad de interventor del partido pol\u00edtico local en liquidaci\u00f3n \u201cMovimiento Alternativo Sonorense\u201d, el documento final deber\u00e1 presentarse en un plazo no mayor a 30 d\u00edas luego de la baja respectiva que deber\u00e1 realizar ante la autoridad hacendaria, conforme lo establece el lineamiento para el procedimiento de liquidaci\u00f3n de partidos pol\u00edticos en su art\u00edculo 32.<\/p>\n<p>&nbsp;<\/p>\n<p>Por unanimidad de votos fueron designados como titulares de las unidades de sustanciaci\u00f3n e investigaci\u00f3n del \u00d3rgano Interno de Control de este Instituto los ciudadanos, Lic. Eduardo Ignacio Berumen Vargas, y Lic. Jos\u00e9 Orlando Mend\u00edvil Gil, respectivamente, quienes rindieron protesta durante esta sesi\u00f3n.<\/p>\n<p>&nbsp;<\/p>\n<p>Los acuerdos aprobados en la sesi\u00f3n extraordinaria de este d\u00eda est\u00e1n disponibles para su consulta en: <a href=\"http:\/\/www.ieesonora.org.mx\/estructura\/organos_centrales\/consejo_general\/acuerdos\">http:\/\/www.ieesonora.org.mx\/estructura\/organos_centrales\/consejo_general\/acuerdos<\/a><\/p>\n<p>Fecha de publicaci\u00f3n 01\/feb\/2020<\/p>\n<p>&nbsp;<\/p>\n","protected":false},"excerpt":{"rendered":"<p>HERMOSILLO, SONORA,MX.\u2500 El Consejo General del IEE Sonora aprob\u00f3 la noche del viernes31 de enero&#8230;<\/p>\n","protected":false},"author":178,"featured_media":77030,"comment_status":"open","ping_status":"open","sticky":false,"template":"","format":"standard","meta":{"_monsterinsights_skip_tracking":false,"_monsterinsights_sitenote_active":false,"_monsterinsights_sitenote_note":"","_monsterinsights_sitenote_category":0,"footnotes":""},"categories":[22],"tags":[3502],"class_list":["post"],"yoast_head":" \n<title>Sonora en Equipo. Por mayor\u00eda IEE aprueba ajuste a su presupuesto 2020 Sonora<\/title>\n<meta name=\"description\" content=\"HERMOSILLO, SONORA,MX.\u2500 El Consejo General del IEE Sonora aprob\u00f3 la noche del viernes31 de enero por mayor\u00eda de votos, el proyecto de ajuste al En Sonora en Equipo publicamos toda la informaci\u00f3n de Sonora, M\u00e9xico y el Mundo de manera oportuna y busca que la libertad de expresi\u00f3n sea real. Visita nuestro medio informativo publicado desde Hermosillo, Sonora. %\" \/>\n<meta name=\"robots\" content=\"index, follow, max-snippet:-1, max-image-preview:large, max-video-preview:-1\" \/>\n<link rel=\"canonical\" href=\"https:\/\/www.sonoraenequipo.com.mx\/por-mayoria-iee-aprueba-ajuste-a-su-presupuesto-2020\/\" \/>\n<meta property=\"og:locale\" content=\"es_ES\" \/>\n<meta property=\"og:type\" content=\"article\" \/>\n<meta property=\"og:title\" content=\"Sonora en Equipo. Por mayor\u00eda IEE aprueba ajuste a su presupuesto 2020 Sonora\" \/>\n<meta property=\"og:description\" content=\"HERMOSILLO, SONORA,MX.\u2500 El Consejo General del IEE Sonora aprob\u00f3 la noche del viernes31 de enero por mayor\u00eda de votos, el proyecto de ajuste al En Sonora en Equipo publicamos toda la informaci\u00f3n de Sonora, M\u00e9xico y el Mundo de manera oportuna y busca que la libertad de expresi\u00f3n sea real. Visita nuestro medio informativo publicado desde Hermosillo, Sonora. %\" \/>\n<meta property=\"og:url\" content=\"https:\/\/www.sonoraenequipo.com.mx\/por-mayoria-iee-aprueba-ajuste-a-su-presupuesto-2020\/\" \/>\n<meta property=\"og:site_name\" content=\"Sonora en Equipo.\" \/>\n<meta property=\"article:publisher\" content=\"https:\/\/www.facebook.com\/SonoraEE\/\" \/>\n<meta property=\"article:published_time\" content=\"2020-02-01T18:15:19+00:00\" \/>\n<meta property=\"og:image\" content=\"https:\/\/www.sonoraenequipo.com.mx\/storage\/2020\/02\/iee310120.jpg\" \/>\n\t<meta property=\"og:image:width\" content=\"600\" \/>\n\t<meta property=\"og:image:height\" content=\"400\" \/>\n\t<meta property=\"og:image:type\" content=\"image\/jpeg\" \/>\n<meta name=\"author\" content=\"enequipo\" \/>\n<meta name=\"twitter:card\" content=\"summary_large_image\" \/>\n<meta name=\"twitter:creator\" content=\"@sonoraenequipo\" \/>\n<meta name=\"twitter:site\" content=\"@sonoraenequipo\" \/>\n<meta name=\"twitter:label1\" content=\"Escrito por\" \/>\n\t<meta name=\"twitter:data1\" content=\"enequipo\" \/>\n\t<meta name=\"twitter:label2\" content=\"Tiempo de lectura\" \/>\n\t<meta name=\"twitter:data2\" content=\"3 minutos\" \/>\n<script type=\"application\/ld+json\" class=\"yoast-schema-graph\">{\"@context\":\"https:\/\/schema.org\",\"@graph\":[{\"@type\":\"Article\",\"@id\":\"https:\/\/www.sonoraenequipo.com.mx\/por-mayoria-iee-aprueba-ajuste-a-su-presupuesto-2020\/#article\",\"isPartOf\":{\"@id\":\"https:\/\/www.sonoraenequipo.com.mx\/por-mayoria-iee-aprueba-ajuste-a-su-presupuesto-2020\/\"},\"author\":{\"name\":\"enequipo\",\"@id\":\"https:\/\/www.sonoraenequipo.com.mx\/#\/schema\/person\/61a39de478a1763473ad55e8a95fddf6\"},\"headline\":\"Por mayor\u00eda IEE aprueba ajuste a su presupuesto 2020\",\"datePublished\":\"2020-02-01T18:15:19+00:00\",\"mainEntityOfPage\":{\"@id\":\"https:\/\/www.sonoraenequipo.com.mx\/por-mayoria-iee-aprueba-ajuste-a-su-presupuesto-2020\/\"},\"wordCount\":669,\"commentCount\":0,\"publisher\":{\"@id\":\"https:\/\/www.sonoraenequipo.com.mx\/#organization\"},\"image\":{\"@id\":\"https:\/\/www.sonoraenequipo.com.mx\/por-mayoria-iee-aprueba-ajuste-a-su-presupuesto-2020\/#primaryimage\"},\"thumbnailUrl\":\"https:\/\/www.sonoraenequipo.com.mx\/storage\/2020\/02\/iee310120.jpg\",\"keywords\":[\"iee sonora\"],\"articleSection\":[\"Sonora\"],\"inLanguage\":\"es\",\"potentialAction\":[{\"@type\":\"CommentAction\",\"name\":\"Comment\",\"target\":[\"https:\/\/www.sonoraenequipo.com.mx\/por-mayoria-iee-aprueba-ajuste-a-su-presupuesto-2020\/#respond\"]}]},{\"@type\":\"WebPage\",\"@id\":\"https:\/\/www.sonoraenequipo.com.mx\/por-mayoria-iee-aprueba-ajuste-a-su-presupuesto-2020\/\",\"url\":\"https:\/\/www.sonoraenequipo.com.mx\/por-mayoria-iee-aprueba-ajuste-a-su-presupuesto-2020\/\",\"name\":\"Sonora en Equipo. Por mayor\u00eda IEE aprueba ajuste a su presupuesto 2020 Sonora\",\"isPartOf\":{\"@id\":\"https:\/\/www.sonoraenequipo.com.mx\/#website\"},\"primaryImageOfPage\":{\"@id\":\"https:\/\/www.sonoraenequipo.com.mx\/por-mayoria-iee-aprueba-ajuste-a-su-presupuesto-2020\/#primaryimage\"},\"image\":{\"@id\":\"https:\/\/www.sonoraenequipo.com.mx\/por-mayoria-iee-aprueba-ajuste-a-su-presupuesto-2020\/#primaryimage\"},\"thumbnailUrl\":\"https:\/\/www.sonoraenequipo.com.mx\/storage\/2020\/02\/iee310120.jpg\",\"datePublished\":\"2020-02-01T18:15:19+00:00\",\"description\":\"HERMOSILLO, SONORA,MX.\u2500 El Consejo General del IEE Sonora aprob\u00f3 la noche del viernes31 de enero por mayor\u00eda de votos, el proyecto de ajuste al En Sonora en Equipo publicamos toda la informaci\u00f3n de Sonora, M\u00e9xico y el Mundo de manera oportuna y busca que la libertad de expresi\u00f3n sea real. Visita nuestro medio informativo publicado desde Hermosillo, Sonora. %\",\"breadcrumb\":{\"@id\":\"https:\/\/www.sonoraenequipo.com.mx\/por-mayoria-iee-aprueba-ajuste-a-su-presupuesto-2020\/#breadcrumb\"},\"inLanguage\":\"es\",\"potentialAction\":[{\"@type\":\"ReadAction\",\"target\":[\"https:\/\/www.sonoraenequipo.com.mx\/por-mayoria-iee-aprueba-ajuste-a-su-presupuesto-2020\/\"]}]},{\"@type\":\"ImageObject\",\"inLanguage\":\"es\",\"@id\":\"https:\/\/www.sonoraenequipo.com.mx\/por-mayoria-iee-aprueba-ajuste-a-su-presupuesto-2020\/#primaryimage\",\"url\":\"https:\/\/www.sonoraenequipo.com.mx\/storage\/2020\/02\/iee310120.jpg\",\"contentUrl\":\"https:\/\/www.sonoraenequipo.com.mx\/storage\/2020\/02\/iee310120.jpg\",\"width\":600,\"height\":400,\"caption\":\"sesion IEE, archivo\"},{\"@type\":\"BreadcrumbList\",\"@id\":\"https:\/\/www.sonoraenequipo.com.mx\/por-mayoria-iee-aprueba-ajuste-a-su-presupuesto-2020\/#breadcrumb\",\"itemListElement\":[{\"@type\":\"ListItem\",\"position\":1,\"name\":\"Portada\",\"item\":\"https:\/\/www.sonoraenequipo.com.mx\/\"},{\"@type\":\"ListItem\",\"position\":2,\"name\":\"Por mayor\u00eda IEE aprueba ajuste a su presupuesto 2020\"}]},{\"@type\":\"WebSite\",\"@id\":\"https:\/\/www.sonoraenequipo.com.mx\/#website\",\"url\":\"https:\/\/www.sonoraenequipo.com.mx\/\",\"name\":\"Sonora en Equipo.\",\"description\":\"Diario en l\u00ednea con Noticias desde Hermosillo, Sonora\",\"publisher\":{\"@id\":\"https:\/\/www.sonoraenequipo.com.mx\/#organization\"},\"potentialAction\":[{\"@type\":\"SearchAction\",\"target\":{\"@type\":\"EntryPoint\",\"urlTemplate\":\"https:\/\/www.sonoraenequipo.com.mx\/?s={search_term_string}\"},\"query-input\":{\"@type\":\"PropertyValueSpecification\",\"valueRequired\":true,\"valueName\":\"search_term_string\"}}],\"inLanguage\":\"es\"},{\"@type\":\"Organization\",\"@id\":\"https:\/\/www.sonoraenequipo.com.mx\/#organization\",\"name\":\"Sonoraenequipo.com.mx\",\"url\":\"https:\/\/www.sonoraenequipo.com.mx\/\",\"logo\":{\"@type\":\"ImageObject\",\"inLanguage\":\"es\",\"@id\":\"https:\/\/www.sonoraenequipo.com.mx\/#\/schema\/logo\/image\/\",\"url\":\"https:\/\/www.sonoraenequipo.com.mx\/storage\/2019\/01\/sonoraenequipo_opt.png\",\"contentUrl\":\"https:\/\/www.sonoraenequipo.com.mx\/storage\/2019\/01\/sonoraenequipo_opt.png\",\"width\":375,\"height\":125,\"caption\":\"Sonoraenequipo.com.mx\"},\"image\":{\"@id\":\"https:\/\/www.sonoraenequipo.com.mx\/#\/schema\/logo\/image\/\"},\"sameAs\":[\"https:\/\/www.facebook.com\/SonoraEE\/\",\"https:\/\/x.com\/sonoraenequipo\",\"https:\/\/www.youtube.com\/channel\/UC338nW-lPEYmJQs4ZABQ1SQ\"]},{\"@type\":\"Person\",\"@id\":\"https:\/\/www.sonoraenequipo.com.mx\/#\/schema\/person\/61a39de478a1763473ad55e8a95fddf6\",\"name\":\"enequipo\",\"image\":{\"@type\":\"ImageObject\",\"inLanguage\":\"es\",\"@id\":\"https:\/\/www.sonoraenequipo.com.mx\/#\/schema\/person\/image\/\",\"url\":\"https:\/\/secure.gravatar.com\/avatar\/e39bc3016d8af598aed3d770c9510dfc2795f37ea1733d99fcc6e97d2c3c9f5e?s=96&d=blank&r=g\",\"contentUrl\":\"https:\/\/secure.gravatar.com\/avatar\/e39bc3016d8af598aed3d770c9510dfc2795f37ea1733d99fcc6e97d2c3c9f5e?s=96&d=blank&r=g\",\"caption\":\"enequipo\"}}]}<\/script>\n ","yoast_head_json":{"title":"Sonora en Equipo. Por mayor\u00eda IEE aprueba ajuste a su presupuesto 2020 Sonora","description":"HERMOSILLO, SONORA,MX.\u2500 El Consejo General del IEE Sonora aprob\u00f3 la noche del viernes31 de enero por mayor\u00eda de votos, el proyecto de ajuste al En Sonora en Equipo publicamos toda la informaci\u00f3n de Sonora, M\u00e9xico y el Mundo de manera oportuna y busca que la libertad de expresi\u00f3n sea real. Visita nuestro medio informativo publicado desde Hermosillo, Sonora. %","robots":{"index":"index","follow":"follow","max-snippet":"max-snippet:-1","max-image-preview":"max-image-preview:large","max-video-preview":"max-video-preview:-1"},"canonical":"https:\/\/www.sonoraenequipo.com.mx\/por-mayoria-iee-aprueba-ajuste-a-su-presupuesto-2020\/","og_locale":"es_ES","og_type":"article","og_title":"Sonora en Equipo. Por mayor\u00eda IEE aprueba ajuste a su presupuesto 2020 Sonora","og_description":"HERMOSILLO, SONORA,MX.\u2500 El Consejo General del IEE Sonora aprob\u00f3 la noche del viernes31 de enero por mayor\u00eda de votos, el proyecto de ajuste al En Sonora en Equipo publicamos toda la informaci\u00f3n de Sonora, M\u00e9xico y el Mundo de manera oportuna y busca que la libertad de expresi\u00f3n sea real. Visita nuestro medio informativo publicado desde Hermosillo, Sonora. %","og_url":"https:\/\/www.sonoraenequipo.com.mx\/por-mayoria-iee-aprueba-ajuste-a-su-presupuesto-2020\/","og_site_name":"Sonora en Equipo.","article_publisher":"https:\/\/www.facebook.com\/SonoraEE\/","article_published_time":"2020-02-01T18:15:19+00:00","og_image":[{"width":600,"height":400,"url":"https:\/\/www.sonoraenequipo.com.mx\/storage\/2020\/02\/iee310120.jpg","type":"image\/jpeg"}],"author":"enequipo","twitter_card":"summary_large_image","twitter_creator":"@sonoraenequipo","twitter_site":"@sonoraenequipo","twitter_misc":{"Escrito por":"enequipo","Tiempo de lectura":"3 minutos"},"schema":{"@context":"https:\/\/schema.org","@graph":[{"@type":"Article","@id":"https:\/\/www.sonoraenequipo.com.mx\/por-mayoria-iee-aprueba-ajuste-a-su-presupuesto-2020\/#article","isPartOf":{"@id":"https:\/\/www.sonoraenequipo.com.mx\/por-mayoria-iee-aprueba-ajuste-a-su-presupuesto-2020\/"},"author":{"name":"enequipo","@id":"https:\/\/www.sonoraenequipo.com.mx\/#\/schema\/person\/61a39de478a1763473ad55e8a95fddf6"},"headline":"Por mayor\u00eda IEE aprueba ajuste a su presupuesto 2020","datePublished":"2020-02-01T18:15:19+00:00","mainEntityOfPage":{"@id":"https:\/\/www.sonoraenequipo.com.mx\/por-mayoria-iee-aprueba-ajuste-a-su-presupuesto-2020\/"},"wordCount":669,"commentCount":0,"publisher":{"@id":"https:\/\/www.sonoraenequipo.com.mx\/#organization"},"image":{"@id":"https:\/\/www.sonoraenequipo.com.mx\/por-mayoria-iee-aprueba-ajuste-a-su-presupuesto-2020\/#primaryimage"},"thumbnailUrl":"https:\/\/www.sonoraenequipo.com.mx\/storage\/2020\/02\/iee310120.jpg","keywords":["iee sonora"],"articleSection":["Sonora"],"inLanguage":"es","potentialAction":[{"@type":"CommentAction","name":"Comment","target":["https:\/\/www.sonoraenequipo.com.mx\/por-mayoria-iee-aprueba-ajuste-a-su-presupuesto-2020\/#respond"]}]},{"@type":"WebPage","@id":"https:\/\/www.sonoraenequipo.com.mx\/por-mayoria-iee-aprueba-ajuste-a-su-presupuesto-2020\/","url":"https:\/\/www.sonoraenequipo.com.mx\/por-mayoria-iee-aprueba-ajuste-a-su-presupuesto-2020\/","name":"Sonora en Equipo. Por mayor\u00eda IEE aprueba ajuste a su presupuesto 2020 Sonora","isPartOf":{"@id":"https:\/\/www.sonoraenequipo.com.mx\/#website"},"primaryImageOfPage":{"@id":"https:\/\/www.sonoraenequipo.com.mx\/por-mayoria-iee-aprueba-ajuste-a-su-presupuesto-2020\/#primaryimage"},"image":{"@id":"https:\/\/www.sonoraenequipo.com.mx\/por-mayoria-iee-aprueba-ajuste-a-su-presupuesto-2020\/#primaryimage"},"thumbnailUrl":"https:\/\/www.sonoraenequipo.com.mx\/storage\/2020\/02\/iee310120.jpg","datePublished":"2020-02-01T18:15:19+00:00","description":"HERMOSILLO, SONORA,MX.\u2500 El Consejo General del IEE Sonora aprob\u00f3 la noche del viernes31 de enero por mayor\u00eda de votos, el proyecto de ajuste al En Sonora en Equipo publicamos toda la informaci\u00f3n de Sonora, M\u00e9xico y el Mundo de manera oportuna y busca que la libertad de expresi\u00f3n sea real. Visita nuestro medio informativo publicado desde Hermosillo, Sonora. %","breadcrumb":{"@id":"https:\/\/www.sonoraenequipo.com.mx\/por-mayoria-iee-aprueba-ajuste-a-su-presupuesto-2020\/#breadcrumb"},"inLanguage":"es","potentialAction":[{"@type":"ReadAction","target":["https:\/\/www.sonoraenequipo.com.mx\/por-mayoria-iee-aprueba-ajuste-a-su-presupuesto-2020\/"]}]},{"@type":"ImageObject","inLanguage":"es","@id":"https:\/\/www.sonoraenequipo.com.mx\/por-mayoria-iee-aprueba-ajuste-a-su-presupuesto-2020\/#primaryimage","url":"https:\/\/www.sonoraenequipo.com.mx\/storage\/2020\/02\/iee310120.jpg","contentUrl":"https:\/\/www.sonoraenequipo.com.mx\/storage\/2020\/02\/iee310120.jpg","width":600,"height":400,"caption":"sesion IEE, archivo"},{"@type":"BreadcrumbList","@id":"https:\/\/www.sonoraenequipo.com.mx\/por-mayoria-iee-aprueba-ajuste-a-su-presupuesto-2020\/#breadcrumb","itemListElement":[{"@type":"ListItem","position":1,"name":"Portada","item":"https:\/\/www.sonoraenequipo.com.mx\/"},{"@type":"ListItem","position":2,"name":"Por mayor\u00eda IEE aprueba ajuste a su presupuesto 2020"}]},{"@type":"WebSite","@id":"https:\/\/www.sonoraenequipo.com.mx\/#website","url":"https:\/\/www.sonoraenequipo.com.mx\/","name":"Sonora en Equipo.","description":"Diario en l\u00ednea con Noticias desde Hermosillo, Sonora","publisher":{"@id":"https:\/\/www.sonoraenequipo.com.mx\/#organization"},"potentialAction":[{"@type":"SearchAction","target":{"@type":"EntryPoint","urlTemplate":"https:\/\/www.sonoraenequipo.com.mx\/?s={search_term_string}"},"query-input":{"@type":"PropertyValueSpecification","valueRequired":true,"valueName":"search_term_string"}}],"inLanguage":"es"},{"@type":"Organization","@id":"https:\/\/www.sonoraenequipo.com.mx\/#organization","name":"Sonoraenequipo.com.mx","url":"https:\/\/www.sonoraenequipo.com.mx\/","logo":{"@type":"ImageObject","inLanguage":"es","@id":"https:\/\/www.sonoraenequipo.com.mx\/#\/schema\/logo\/image\/","url":"https:\/\/www.sonoraenequipo.com.mx\/storage\/2019\/01\/sonoraenequipo_opt.png","contentUrl":"https:\/\/www.sonoraenequipo.com.mx\/storage\/2019\/01\/sonoraenequipo_opt.png","width":375,"height":125,"caption":"Sonoraenequipo.com.mx"},"image":{"@id":"https:\/\/www.sonoraenequipo.com.mx\/#\/schema\/logo\/image\/"},"sameAs":["https:\/\/www.facebook.com\/SonoraEE\/","https:\/\/x.com\/sonoraenequipo","https:\/\/www.youtube.com\/channel\/UC338nW-lPEYmJQs4ZABQ1SQ"]},{"@type":"Person","@id":"https:\/\/www.sonoraenequipo.com.mx\/#\/schema\/person\/61a39de478a1763473ad55e8a95fddf6","name":"enequipo","image":{"@type":"ImageObject","inLanguage":"es","@id":"https:\/\/www.sonoraenequipo.com.mx\/#\/schema\/person\/image\/","url":"https:\/\/secure.gravatar.com\/avatar\/e39bc3016d8af598aed3d770c9510dfc2795f37ea1733d99fcc6e97d2c3c9f5e?s=96&d=blank&r=g","contentUrl":"https:\/\/secure.gravatar.com\/avatar\/e39bc3016d8af598aed3d770c9510dfc2795f37ea1733d99fcc6e97d2c3c9f5e?s=96&d=blank&r=g","caption":"enequipo"}}]}},"jetpack_featured_media_url":"https:\/\/www.sonoraenequipo.com.mx\/storage\/2020\/02\/iee310120.jpg","_links":{"self":[{"href":"https:\/\/www.sonoraenequipo.com.mx\/api\/wp\/v2\/posts\/77029","targetHints":{"allow":["GET"]}}],"collection":[{"href":"https:\/\/www.sonoraenequipo.com.mx\/api\/wp\/v2\/posts"}],"about":[{"href":"https:\/\/www.sonoraenequipo.com.mx\/api\/wp\/v2\/types\/post"}],"author":[{"embeddable":true,"href":"https:\/\/www.sonoraenequipo.com.mx\/api\/wp\/v2\/users\/178"}],"replies":[{"embeddable":true,"href":"https:\/\/www.sonoraenequipo.com.mx\/api\/wp\/v2\/comments?post=77029"}],"version-history":[{"count":0,"href":"https:\/\/www.sonoraenequipo.com.mx\/api\/wp\/v2\/posts\/77029\/revisions"}],"wp:featuredmedia":[{"embeddable":true,"href":"https:\/\/www.sonoraenequipo.com.mx\/api\/wp\/v2\/media\/77030"}],"wp:attachment":[{"href":"https:\/\/www.sonoraenequipo.com.mx\/api\/wp\/v2\/media?parent=77029"}],"wp:term":[{"taxonomy":"category","embeddable":true,"href":"https:\/\/www.sonoraenequipo.com.mx\/api\/wp\/v2\/categories?post=77029"},{"taxonomy":"post_tag","embeddable":true,"href":"https:\/\/www.sonoraenequipo.com.mx\/api\/wp\/v2\/tags?post=77029"}],"curies":[{"name":"wp","href":"https:\/\/api.w.org\/{rel}","templated":true}]}}