{"id":77032,"date":"2020-02-01T11:50:45","date_gmt":"2020-02-01T18:50:45","guid":{"rendered":"https:\/\/www.sonoraenequipo.com.mx\/?p=77032"},"modified":"2020-02-02T19:51:18","modified_gmt":"2020-02-03T02:51:18","slug":"orientaran-en-deteccion-oportuna-de-cancer-en-nivel-media-superior","status":"publish","type":"post","link":"https:\/\/www.sonoraenequipo.com.mx\/orientaran-en-deteccion-oportuna-de-cancer-en-nivel-media-superior\/","title":{"rendered":"Orientar\u00e1n en detecci\u00f3n oportuna de c\u00e1ncer en nivel media superior"},"content":{"rendered":"<p>HERMOSILLO, SONORA. MX. \u2014 Alumnos de educaci\u00f3n media superior de Hermosillo recibir\u00e1n pl\u00e1ticas de detecci\u00f3n oportuna de c\u00e1ncer, como resultado del convenio que celebraron el secretario de Educaci\u00f3n y Cultura; Jos\u00e9 V\u00edctor Guerrero Gonz\u00e1lez y Fernanda Salazar de Maz\u00f3n; presidenta de la Agrupaci\u00f3n George Papanicolau.<\/p>\n<p> <\/p>\n<p>Ante autoridades educativas y directores de vinculaci\u00f3n de los subsistemas de educaci\u00f3n media superior, se firm\u00f3 el documento que contiene las acciones a realizar dentro de la comunidad educativa.<\/p>\n<p>El titular de la SEC celebr\u00f3 esta uni\u00f3n de esfuerzos porque se establece un compromiso mutuo entre ambas instituciones, para que informaci\u00f3n importante en materia de prevenci\u00f3n y detecci\u00f3n de c\u00e1ncer, llegue a un sector importante como son los j\u00f3venes de preparatoria.<\/p>\n<p>\u0093Tenemos una gran oportunidad, en este nivel medio superior y posteriormente en el superior, de poder replicar y transmitir toda esta informaci\u00f3n y todos estos servicios que ofrece la Agrupaci\u00f3n George Papanicolau y por eso suscribimos este convenio con responsabilidad y sum\u00e1ndonos al esfuerzo que hacen ustedes en beneficio de la sociedad sonorense. Esperamos que sea el primer instrumento de muchos ejercicios que podamos hacer para apoyar a la sociedad sonorense en el combate al c\u00e1ncer\u0094, precis\u00f3.<\/p>\n<p>Fernanda Salazar de Maz\u00f3n, presidenta de la Agrupaci\u00f3n George Papanicolau, mencion\u00f3 que este convenio se firma en el marco del D\u00eda Mundial contra el c\u00e1ncer a celebrarse el pr\u00f3ximo 4 de febrero.<\/p>\n<p>Record\u00f3 la importancia de la Agrupaci\u00f3n de sumar todos los esfuerzos para que en un futuro el c\u00e1ncer no cobre m\u00e1s v\u00edctimas y se\u00f1al\u00f3 que su objetivo es brindar informaci\u00f3n a las nuevas generaciones para que conozcan m\u00e1s sobre esta enfermedad.<\/p>\n<p>Agradeci\u00f3 al Secretario de Educaci\u00f3n y Cultura, Jos\u00e9 V\u00edctor Guerrero Gonz\u00e1lez y al subsecretario de Educaci\u00f3n Media Superior y Superior, On\u00e9simo Mariscales Delgadillo, por otorgar las facilidades para que las instituciones de preparatoria se conviertan en centros de difusi\u00f3n de detecci\u00f3n oportuna de c\u00e1ncer.<\/p>\n<p>\u0093En la Agrupaci\u00f3n George Papanicolau de Hermosillo estamos felices de firmar este convenio en el marco mundial de la lucha contra el c\u00e1ncer, porque no solo nos permite estrechar lazos se colaboraci\u00f3n con la comunidad educativa, sino refrendar nuestro compromiso de luchar contra esta enfermedad. Estoy segura de que esto es solo el inicio de un largo caminar que daremos codo a codo la Agrupaci\u00f3n y la Secretar\u00eda de Educaci\u00f3n y Cultura, para evitar que el c\u00e1ncer ocasione m\u00e1s muertes en la comunidad educativa\u0094, indic\u00f3.<\/p>\n<p>Se inform\u00f3 que el convenio establece, en una primera etapa, ofrecer pl\u00e1ticas de prevenci\u00f3n en temas de c\u00e1ncer cervicouterino, de mama, de pr\u00f3stata, de test\u00edculo y tabaquismo; a alumnos de 26 planteles de educaci\u00f3n media superior.<\/p>\n<p>Las sesiones de informaci\u00f3n iniciaron el pasado 20 de enero con el subsistema Cobach y al 31 de enero se han cubierto 9 planteles ubicados de Hermosillo y se continuar\u00e1 con alumnos de Cecytes, estimando que al t\u00e9rmino de esta primera etapa se tendr\u00e1 un aproximado de 3 mil alumnos de bachillerato con informaci\u00f3n oportuna y veraz.<\/p>\n<p>La segunda etapa contempla la difusi\u00f3n de la informaci\u00f3n relativa a la prevenci\u00f3n de c\u00e1ncer a alumnos de educaci\u00f3n superior, apoy\u00e1ndose con la unidad m\u00f3vil para realizar los estudios correspondientes a quienes lo soliciten.<\/p>\n<p>El Secretario de Educaci\u00f3n y Cultura confi\u00f3 que los j\u00f3venes ser\u00e1n los transmisores y la mejor caja de resonancia para que la informaci\u00f3n de prevenci\u00f3n y detecci\u00f3n oportuna de c\u00e1ncer llegue a muchos hogares y tenga un impacto significativo en la sociedad.<\/p>\n<p>El convenio lo firmaron Jos\u00e9 V\u00edctor Guerrero Gonz\u00e1lez, titular de la SEC; Fernanda Salazar de Maz\u00f3n; presidenta de la Agrupaci\u00f3n George Papanicolau, teniendo como testigos de honor a On\u00e9simo Mariscales Delgadillo, subsecretario de Educaci\u00f3n Media Superior y Superior y Paula Sof\u00eda Takashima Aguilar, directora de la Agrupaci\u00f3n George Papanicolau en Hermosillo.<\/p>\n<p>Atestiguaron el evento los directores de Vinculaci\u00f3n: Jos\u00e9 Luis Arg\u00fcelles Molina, de Cobach; Silvia Gast\u00e9lum Ram\u00edrez, de Conalep; Lauro Grijalva Abreu, de CECyTE; Margarita Monta\u00f1o Fimbres, de UemstacyM; y Omar Jim\u00e9nez Llamas y Mar\u00eda Ay\u00f3n Ruiz Vel\u00e1zquez, encargados de Vinculaci\u00f3n de Uemstis y Cedart, respectivamente.<\/p>\n<p>Fecha de publicaci\u00f3n 01\/feb\/2020<\/p>\n","protected":false},"excerpt":{"rendered":"<p>HERMOSILLO, SONORA. MX. \u2014 Alumnos de educaci\u00f3n media superior de Hermosillo recibir\u00e1n pl\u00e1ticas de detecci\u00f3n&#8230;<\/p>\n","protected":false},"author":178,"featured_media":77033,"comment_status":"open","ping_status":"open","sticky":false,"template":"","format":"standard","meta":{"_monsterinsights_skip_tracking":false,"_monsterinsights_sitenote_active":false,"_monsterinsights_sitenote_note":"","_monsterinsights_sitenote_category":0,"footnotes":""},"categories":[22],"tags":[311],"class_list":["post"],"yoast_head":" \n<title>Sonora en Equipo. Orientar\u00e1n en detecci\u00f3n oportuna de c\u00e1ncer en nivel media superior<\/title>\n<meta name=\"description\" content=\"HERMOSILLO, SONORA. MX. \u2014 Alumnos de educaci\u00f3n media superior de Hermosillo recibir\u00e1n pl\u00e1ticas de detecci\u00f3n oportuna de c\u00e1ncer, como resultado del En Sonora en Equipo publicamos toda la informaci\u00f3n de Sonora, M\u00e9xico y el Mundo de manera oportuna y busca que la libertad de expresi\u00f3n sea real. Visita nuestro medio informativo publicado desde Hermosillo, Sonora. %\" \/>\n<meta name=\"robots\" content=\"index, follow, max-snippet:-1, max-image-preview:large, max-video-preview:-1\" \/>\n<link rel=\"canonical\" href=\"https:\/\/www.sonoraenequipo.com.mx\/orientaran-en-deteccion-oportuna-de-cancer-en-nivel-media-superior\/\" \/>\n<meta property=\"og:locale\" content=\"es_ES\" \/>\n<meta property=\"og:type\" content=\"article\" \/>\n<meta property=\"og:title\" content=\"Sonora en Equipo. Orientar\u00e1n en detecci\u00f3n oportuna de c\u00e1ncer en nivel media superior\" \/>\n<meta property=\"og:description\" content=\"HERMOSILLO, SONORA. MX. \u2014 Alumnos de educaci\u00f3n media superior de Hermosillo recibir\u00e1n pl\u00e1ticas de detecci\u00f3n oportuna de c\u00e1ncer, como resultado del En Sonora en Equipo publicamos toda la informaci\u00f3n de Sonora, M\u00e9xico y el Mundo de manera oportuna y busca que la libertad de expresi\u00f3n sea real. Visita nuestro medio informativo publicado desde Hermosillo, Sonora. %\" \/>\n<meta property=\"og:url\" content=\"https:\/\/www.sonoraenequipo.com.mx\/orientaran-en-deteccion-oportuna-de-cancer-en-nivel-media-superior\/\" \/>\n<meta property=\"og:site_name\" content=\"Sonora en Equipo.\" \/>\n<meta property=\"article:publisher\" content=\"https:\/\/www.facebook.com\/SonoraEE\/\" \/>\n<meta property=\"article:published_time\" content=\"2020-02-01T18:50:45+00:00\" \/>\n<meta property=\"article:modified_time\" content=\"2020-02-03T02:51:18+00:00\" \/>\n<meta property=\"og:image\" content=\"https:\/\/www.sonoraenequipo.com.mx\/storage\/2020\/02\/sec-cancer.jpg\" \/>\n\t<meta property=\"og:image:width\" content=\"600\" \/>\n\t<meta property=\"og:image:height\" content=\"400\" \/>\n\t<meta property=\"og:image:type\" content=\"image\/jpeg\" \/>\n<meta name=\"author\" content=\"enequipo\" \/>\n<meta name=\"twitter:card\" content=\"summary_large_image\" \/>\n<meta name=\"twitter:creator\" content=\"@sonoraenequipo\" \/>\n<meta name=\"twitter:site\" content=\"@sonoraenequipo\" \/>\n<meta name=\"twitter:label1\" content=\"Escrito por\" \/>\n\t<meta name=\"twitter:data1\" content=\"enequipo\" \/>\n\t<meta name=\"twitter:label2\" content=\"Tiempo de lectura\" \/>\n\t<meta name=\"twitter:data2\" content=\"4 minutos\" \/>\n<script type=\"application\/ld+json\" class=\"yoast-schema-graph\">{\"@context\":\"https:\/\/schema.org\",\"@graph\":[{\"@type\":\"Article\",\"@id\":\"https:\/\/www.sonoraenequipo.com.mx\/orientaran-en-deteccion-oportuna-de-cancer-en-nivel-media-superior\/#article\",\"isPartOf\":{\"@id\":\"https:\/\/www.sonoraenequipo.com.mx\/orientaran-en-deteccion-oportuna-de-cancer-en-nivel-media-superior\/\"},\"author\":{\"name\":\"enequipo\",\"@id\":\"https:\/\/www.sonoraenequipo.com.mx\/#\/schema\/person\/61a39de478a1763473ad55e8a95fddf6\"},\"headline\":\"Orientar\u00e1n en detecci\u00f3n oportuna de c\u00e1ncer en nivel media superior\",\"datePublished\":\"2020-02-01T18:50:45+00:00\",\"dateModified\":\"2020-02-03T02:51:18+00:00\",\"mainEntityOfPage\":{\"@id\":\"https:\/\/www.sonoraenequipo.com.mx\/orientaran-en-deteccion-oportuna-de-cancer-en-nivel-media-superior\/\"},\"wordCount\":762,\"commentCount\":0,\"publisher\":{\"@id\":\"https:\/\/www.sonoraenequipo.com.mx\/#organization\"},\"image\":{\"@id\":\"https:\/\/www.sonoraenequipo.com.mx\/orientaran-en-deteccion-oportuna-de-cancer-en-nivel-media-superior\/#primaryimage\"},\"thumbnailUrl\":\"https:\/\/www.sonoraenequipo.com.mx\/storage\/2020\/02\/sec-cancer.jpg\",\"keywords\":[\"C\u00e1ncer\"],\"articleSection\":[\"Sonora\"],\"inLanguage\":\"es\",\"potentialAction\":[{\"@type\":\"CommentAction\",\"name\":\"Comment\",\"target\":[\"https:\/\/www.sonoraenequipo.com.mx\/orientaran-en-deteccion-oportuna-de-cancer-en-nivel-media-superior\/#respond\"]}]},{\"@type\":\"WebPage\",\"@id\":\"https:\/\/www.sonoraenequipo.com.mx\/orientaran-en-deteccion-oportuna-de-cancer-en-nivel-media-superior\/\",\"url\":\"https:\/\/www.sonoraenequipo.com.mx\/orientaran-en-deteccion-oportuna-de-cancer-en-nivel-media-superior\/\",\"name\":\"Sonora en Equipo. Orientar\u00e1n en detecci\u00f3n oportuna de c\u00e1ncer en nivel media superior\",\"isPartOf\":{\"@id\":\"https:\/\/www.sonoraenequipo.com.mx\/#website\"},\"primaryImageOfPage\":{\"@id\":\"https:\/\/www.sonoraenequipo.com.mx\/orientaran-en-deteccion-oportuna-de-cancer-en-nivel-media-superior\/#primaryimage\"},\"image\":{\"@id\":\"https:\/\/www.sonoraenequipo.com.mx\/orientaran-en-deteccion-oportuna-de-cancer-en-nivel-media-superior\/#primaryimage\"},\"thumbnailUrl\":\"https:\/\/www.sonoraenequipo.com.mx\/storage\/2020\/02\/sec-cancer.jpg\",\"datePublished\":\"2020-02-01T18:50:45+00:00\",\"dateModified\":\"2020-02-03T02:51:18+00:00\",\"description\":\"HERMOSILLO, SONORA. MX. \u2014 Alumnos de educaci\u00f3n media superior de Hermosillo recibir\u00e1n pl\u00e1ticas de detecci\u00f3n oportuna de c\u00e1ncer, como resultado del En Sonora en Equipo publicamos toda la informaci\u00f3n de Sonora, M\u00e9xico y el Mundo de manera oportuna y busca que la libertad de expresi\u00f3n sea real. Visita nuestro medio informativo publicado desde Hermosillo, Sonora. %\",\"breadcrumb\":{\"@id\":\"https:\/\/www.sonoraenequipo.com.mx\/orientaran-en-deteccion-oportuna-de-cancer-en-nivel-media-superior\/#breadcrumb\"},\"inLanguage\":\"es\",\"potentialAction\":[{\"@type\":\"ReadAction\",\"target\":[\"https:\/\/www.sonoraenequipo.com.mx\/orientaran-en-deteccion-oportuna-de-cancer-en-nivel-media-superior\/\"]}]},{\"@type\":\"ImageObject\",\"inLanguage\":\"es\",\"@id\":\"https:\/\/www.sonoraenequipo.com.mx\/orientaran-en-deteccion-oportuna-de-cancer-en-nivel-media-superior\/#primaryimage\",\"url\":\"https:\/\/www.sonoraenequipo.com.mx\/storage\/2020\/02\/sec-cancer.jpg\",\"contentUrl\":\"https:\/\/www.sonoraenequipo.com.mx\/storage\/2020\/02\/sec-cancer.jpg\",\"width\":600,\"height\":400},{\"@type\":\"BreadcrumbList\",\"@id\":\"https:\/\/www.sonoraenequipo.com.mx\/orientaran-en-deteccion-oportuna-de-cancer-en-nivel-media-superior\/#breadcrumb\",\"itemListElement\":[{\"@type\":\"ListItem\",\"position\":1,\"name\":\"Portada\",\"item\":\"https:\/\/www.sonoraenequipo.com.mx\/\"},{\"@type\":\"ListItem\",\"position\":2,\"name\":\"Orientar\u00e1n en detecci\u00f3n oportuna de c\u00e1ncer en nivel media superior\"}]},{\"@type\":\"WebSite\",\"@id\":\"https:\/\/www.sonoraenequipo.com.mx\/#website\",\"url\":\"https:\/\/www.sonoraenequipo.com.mx\/\",\"name\":\"Sonora en Equipo.\",\"description\":\"Diario en l\u00ednea con Noticias desde Hermosillo, Sonora\",\"publisher\":{\"@id\":\"https:\/\/www.sonoraenequipo.com.mx\/#organization\"},\"potentialAction\":[{\"@type\":\"SearchAction\",\"target\":{\"@type\":\"EntryPoint\",\"urlTemplate\":\"https:\/\/www.sonoraenequipo.com.mx\/?s={search_term_string}\"},\"query-input\":{\"@type\":\"PropertyValueSpecification\",\"valueRequired\":true,\"valueName\":\"search_term_string\"}}],\"inLanguage\":\"es\"},{\"@type\":\"Organization\",\"@id\":\"https:\/\/www.sonoraenequipo.com.mx\/#organization\",\"name\":\"Sonoraenequipo.com.mx\",\"url\":\"https:\/\/www.sonoraenequipo.com.mx\/\",\"logo\":{\"@type\":\"ImageObject\",\"inLanguage\":\"es\",\"@id\":\"https:\/\/www.sonoraenequipo.com.mx\/#\/schema\/logo\/image\/\",\"url\":\"https:\/\/www.sonoraenequipo.com.mx\/storage\/2019\/01\/sonoraenequipo_opt.png\",\"contentUrl\":\"https:\/\/www.sonoraenequipo.com.mx\/storage\/2019\/01\/sonoraenequipo_opt.png\",\"width\":375,\"height\":125,\"caption\":\"Sonoraenequipo.com.mx\"},\"image\":{\"@id\":\"https:\/\/www.sonoraenequipo.com.mx\/#\/schema\/logo\/image\/\"},\"sameAs\":[\"https:\/\/www.facebook.com\/SonoraEE\/\",\"https:\/\/x.com\/sonoraenequipo\",\"https:\/\/www.youtube.com\/channel\/UC338nW-lPEYmJQs4ZABQ1SQ\"]},{\"@type\":\"Person\",\"@id\":\"https:\/\/www.sonoraenequipo.com.mx\/#\/schema\/person\/61a39de478a1763473ad55e8a95fddf6\",\"name\":\"enequipo\",\"image\":{\"@type\":\"ImageObject\",\"inLanguage\":\"es\",\"@id\":\"https:\/\/www.sonoraenequipo.com.mx\/#\/schema\/person\/image\/\",\"url\":\"https:\/\/secure.gravatar.com\/avatar\/e39bc3016d8af598aed3d770c9510dfc2795f37ea1733d99fcc6e97d2c3c9f5e?s=96&d=blank&r=g\",\"contentUrl\":\"https:\/\/secure.gravatar.com\/avatar\/e39bc3016d8af598aed3d770c9510dfc2795f37ea1733d99fcc6e97d2c3c9f5e?s=96&d=blank&r=g\",\"caption\":\"enequipo\"}}]}<\/script>\n ","yoast_head_json":{"title":"Sonora en Equipo. Orientar\u00e1n en detecci\u00f3n oportuna de c\u00e1ncer en nivel media superior","description":"HERMOSILLO, SONORA. MX. \u2014 Alumnos de educaci\u00f3n media superior de Hermosillo recibir\u00e1n pl\u00e1ticas de detecci\u00f3n oportuna de c\u00e1ncer, como resultado del En Sonora en Equipo publicamos toda la informaci\u00f3n de Sonora, M\u00e9xico y el Mundo de manera oportuna y busca que la libertad de expresi\u00f3n sea real. Visita nuestro medio informativo publicado desde Hermosillo, Sonora. %","robots":{"index":"index","follow":"follow","max-snippet":"max-snippet:-1","max-image-preview":"max-image-preview:large","max-video-preview":"max-video-preview:-1"},"canonical":"https:\/\/www.sonoraenequipo.com.mx\/orientaran-en-deteccion-oportuna-de-cancer-en-nivel-media-superior\/","og_locale":"es_ES","og_type":"article","og_title":"Sonora en Equipo. Orientar\u00e1n en detecci\u00f3n oportuna de c\u00e1ncer en nivel media superior","og_description":"HERMOSILLO, SONORA. MX. \u2014 Alumnos de educaci\u00f3n media superior de Hermosillo recibir\u00e1n pl\u00e1ticas de detecci\u00f3n oportuna de c\u00e1ncer, como resultado del En Sonora en Equipo publicamos toda la informaci\u00f3n de Sonora, M\u00e9xico y el Mundo de manera oportuna y busca que la libertad de expresi\u00f3n sea real. Visita nuestro medio informativo publicado desde Hermosillo, Sonora. %","og_url":"https:\/\/www.sonoraenequipo.com.mx\/orientaran-en-deteccion-oportuna-de-cancer-en-nivel-media-superior\/","og_site_name":"Sonora en Equipo.","article_publisher":"https:\/\/www.facebook.com\/SonoraEE\/","article_published_time":"2020-02-01T18:50:45+00:00","article_modified_time":"2020-02-03T02:51:18+00:00","og_image":[{"width":600,"height":400,"url":"https:\/\/www.sonoraenequipo.com.mx\/storage\/2020\/02\/sec-cancer.jpg","type":"image\/jpeg"}],"author":"enequipo","twitter_card":"summary_large_image","twitter_creator":"@sonoraenequipo","twitter_site":"@sonoraenequipo","twitter_misc":{"Escrito por":"enequipo","Tiempo de lectura":"4 minutos"},"schema":{"@context":"https:\/\/schema.org","@graph":[{"@type":"Article","@id":"https:\/\/www.sonoraenequipo.com.mx\/orientaran-en-deteccion-oportuna-de-cancer-en-nivel-media-superior\/#article","isPartOf":{"@id":"https:\/\/www.sonoraenequipo.com.mx\/orientaran-en-deteccion-oportuna-de-cancer-en-nivel-media-superior\/"},"author":{"name":"enequipo","@id":"https:\/\/www.sonoraenequipo.com.mx\/#\/schema\/person\/61a39de478a1763473ad55e8a95fddf6"},"headline":"Orientar\u00e1n en detecci\u00f3n oportuna de c\u00e1ncer en nivel media superior","datePublished":"2020-02-01T18:50:45+00:00","dateModified":"2020-02-03T02:51:18+00:00","mainEntityOfPage":{"@id":"https:\/\/www.sonoraenequipo.com.mx\/orientaran-en-deteccion-oportuna-de-cancer-en-nivel-media-superior\/"},"wordCount":762,"commentCount":0,"publisher":{"@id":"https:\/\/www.sonoraenequipo.com.mx\/#organization"},"image":{"@id":"https:\/\/www.sonoraenequipo.com.mx\/orientaran-en-deteccion-oportuna-de-cancer-en-nivel-media-superior\/#primaryimage"},"thumbnailUrl":"https:\/\/www.sonoraenequipo.com.mx\/storage\/2020\/02\/sec-cancer.jpg","keywords":["C\u00e1ncer"],"articleSection":["Sonora"],"inLanguage":"es","potentialAction":[{"@type":"CommentAction","name":"Comment","target":["https:\/\/www.sonoraenequipo.com.mx\/orientaran-en-deteccion-oportuna-de-cancer-en-nivel-media-superior\/#respond"]}]},{"@type":"WebPage","@id":"https:\/\/www.sonoraenequipo.com.mx\/orientaran-en-deteccion-oportuna-de-cancer-en-nivel-media-superior\/","url":"https:\/\/www.sonoraenequipo.com.mx\/orientaran-en-deteccion-oportuna-de-cancer-en-nivel-media-superior\/","name":"Sonora en Equipo. Orientar\u00e1n en detecci\u00f3n oportuna de c\u00e1ncer en nivel media superior","isPartOf":{"@id":"https:\/\/www.sonoraenequipo.com.mx\/#website"},"primaryImageOfPage":{"@id":"https:\/\/www.sonoraenequipo.com.mx\/orientaran-en-deteccion-oportuna-de-cancer-en-nivel-media-superior\/#primaryimage"},"image":{"@id":"https:\/\/www.sonoraenequipo.com.mx\/orientaran-en-deteccion-oportuna-de-cancer-en-nivel-media-superior\/#primaryimage"},"thumbnailUrl":"https:\/\/www.sonoraenequipo.com.mx\/storage\/2020\/02\/sec-cancer.jpg","datePublished":"2020-02-01T18:50:45+00:00","dateModified":"2020-02-03T02:51:18+00:00","description":"HERMOSILLO, SONORA. MX. \u2014 Alumnos de educaci\u00f3n media superior de Hermosillo recibir\u00e1n pl\u00e1ticas de detecci\u00f3n oportuna de c\u00e1ncer, como resultado del En Sonora en Equipo publicamos toda la informaci\u00f3n de Sonora, M\u00e9xico y el Mundo de manera oportuna y busca que la libertad de expresi\u00f3n sea real. Visita nuestro medio informativo publicado desde Hermosillo, Sonora. %","breadcrumb":{"@id":"https:\/\/www.sonoraenequipo.com.mx\/orientaran-en-deteccion-oportuna-de-cancer-en-nivel-media-superior\/#breadcrumb"},"inLanguage":"es","potentialAction":[{"@type":"ReadAction","target":["https:\/\/www.sonoraenequipo.com.mx\/orientaran-en-deteccion-oportuna-de-cancer-en-nivel-media-superior\/"]}]},{"@type":"ImageObject","inLanguage":"es","@id":"https:\/\/www.sonoraenequipo.com.mx\/orientaran-en-deteccion-oportuna-de-cancer-en-nivel-media-superior\/#primaryimage","url":"https:\/\/www.sonoraenequipo.com.mx\/storage\/2020\/02\/sec-cancer.jpg","contentUrl":"https:\/\/www.sonoraenequipo.com.mx\/storage\/2020\/02\/sec-cancer.jpg","width":600,"height":400},{"@type":"BreadcrumbList","@id":"https:\/\/www.sonoraenequipo.com.mx\/orientaran-en-deteccion-oportuna-de-cancer-en-nivel-media-superior\/#breadcrumb","itemListElement":[{"@type":"ListItem","position":1,"name":"Portada","item":"https:\/\/www.sonoraenequipo.com.mx\/"},{"@type":"ListItem","position":2,"name":"Orientar\u00e1n en detecci\u00f3n oportuna de c\u00e1ncer en nivel media superior"}]},{"@type":"WebSite","@id":"https:\/\/www.sonoraenequipo.com.mx\/#website","url":"https:\/\/www.sonoraenequipo.com.mx\/","name":"Sonora en Equipo.","description":"Diario en l\u00ednea con Noticias desde Hermosillo, Sonora","publisher":{"@id":"https:\/\/www.sonoraenequipo.com.mx\/#organization"},"potentialAction":[{"@type":"SearchAction","target":{"@type":"EntryPoint","urlTemplate":"https:\/\/www.sonoraenequipo.com.mx\/?s={search_term_string}"},"query-input":{"@type":"PropertyValueSpecification","valueRequired":true,"valueName":"search_term_string"}}],"inLanguage":"es"},{"@type":"Organization","@id":"https:\/\/www.sonoraenequipo.com.mx\/#organization","name":"Sonoraenequipo.com.mx","url":"https:\/\/www.sonoraenequipo.com.mx\/","logo":{"@type":"ImageObject","inLanguage":"es","@id":"https:\/\/www.sonoraenequipo.com.mx\/#\/schema\/logo\/image\/","url":"https:\/\/www.sonoraenequipo.com.mx\/storage\/2019\/01\/sonoraenequipo_opt.png","contentUrl":"https:\/\/www.sonoraenequipo.com.mx\/storage\/2019\/01\/sonoraenequipo_opt.png","width":375,"height":125,"caption":"Sonoraenequipo.com.mx"},"image":{"@id":"https:\/\/www.sonoraenequipo.com.mx\/#\/schema\/logo\/image\/"},"sameAs":["https:\/\/www.facebook.com\/SonoraEE\/","https:\/\/x.com\/sonoraenequipo","https:\/\/www.youtube.com\/channel\/UC338nW-lPEYmJQs4ZABQ1SQ"]},{"@type":"Person","@id":"https:\/\/www.sonoraenequipo.com.mx\/#\/schema\/person\/61a39de478a1763473ad55e8a95fddf6","name":"enequipo","image":{"@type":"ImageObject","inLanguage":"es","@id":"https:\/\/www.sonoraenequipo.com.mx\/#\/schema\/person\/image\/","url":"https:\/\/secure.gravatar.com\/avatar\/e39bc3016d8af598aed3d770c9510dfc2795f37ea1733d99fcc6e97d2c3c9f5e?s=96&d=blank&r=g","contentUrl":"https:\/\/secure.gravatar.com\/avatar\/e39bc3016d8af598aed3d770c9510dfc2795f37ea1733d99fcc6e97d2c3c9f5e?s=96&d=blank&r=g","caption":"enequipo"}}]}},"jetpack_featured_media_url":"https:\/\/www.sonoraenequipo.com.mx\/storage\/2020\/02\/sec-cancer.jpg","_links":{"self":[{"href":"https:\/\/www.sonoraenequipo.com.mx\/api\/wp\/v2\/posts\/77032","targetHints":{"allow":["GET"]}}],"collection":[{"href":"https:\/\/www.sonoraenequipo.com.mx\/api\/wp\/v2\/posts"}],"about":[{"href":"https:\/\/www.sonoraenequipo.com.mx\/api\/wp\/v2\/types\/post"}],"author":[{"embeddable":true,"href":"https:\/\/www.sonoraenequipo.com.mx\/api\/wp\/v2\/users\/178"}],"replies":[{"embeddable":true,"href":"https:\/\/www.sonoraenequipo.com.mx\/api\/wp\/v2\/comments?post=77032"}],"version-history":[{"count":0,"href":"https:\/\/www.sonoraenequipo.com.mx\/api\/wp\/v2\/posts\/77032\/revisions"}],"wp:featuredmedia":[{"embeddable":true,"href":"https:\/\/www.sonoraenequipo.com.mx\/api\/wp\/v2\/media\/77033"}],"wp:attachment":[{"href":"https:\/\/www.sonoraenequipo.com.mx\/api\/wp\/v2\/media?parent=77032"}],"wp:term":[{"taxonomy":"category","embeddable":true,"href":"https:\/\/www.sonoraenequipo.com.mx\/api\/wp\/v2\/categories?post=77032"},{"taxonomy":"post_tag","embeddable":true,"href":"https:\/\/www.sonoraenequipo.com.mx\/api\/wp\/v2\/tags?post=77032"}],"curies":[{"name":"wp","href":"https:\/\/api.w.org\/{rel}","templated":true}]}}