{"id":77038,"date":"2020-02-01T12:33:25","date_gmt":"2020-02-01T19:33:25","guid":{"rendered":"https:\/\/www.sonoraenequipo.com.mx\/?p=77038"},"modified":"2020-02-01T12:33:25","modified_gmt":"2020-02-01T19:33:25","slug":"tras-trombosis-podria-nico-castillo-regresar-en-unos-meses","status":"publish","type":"post","link":"https:\/\/www.sonoraenequipo.com.mx\/tras-trombosis-podria-nico-castillo-regresar-en-unos-meses\/","title":{"rendered":"Tras trombosis podr\u00eda Nico Castillo regresar en unos meses"},"content":{"rendered":"<p>&nbsp;<\/p>\n<p>CIUDAD DE M\u00c9XICO.\u2500La trombosis que sufri\u00f3 Nicol\u00e1s Castillo tras su cirug\u00eda de tend\u00f3n recto femoral no complicar\u00e1 ni retrasar\u00e1 su regreso a las canchas. El especialista en medicina deportiva, Meynardo Cedillo, explic\u00f3 al diario R\u00c9CORD que la vida del atacante no est\u00e1 en riesgo debido a que fue detectado r\u00e1pidamente y no complicar\u00e1 su reincorporaci\u00f3n a los trabajos en unos meses. <\/p>\n<p>&nbsp;<\/p>\n<p>\u00abFue intervenido por un cirujano vascular el cual revirti\u00f3 el cuadro y lo m\u00e1s seguro es que el jugador est\u00e9 con anticoagulantes y algunos medicamentos que hacen que la sangre sea menos espesa y circule m\u00e1s r\u00e1pido y eviten la formaci\u00f3n de un co\u00e1gulo nuevo.<\/p>\n<p>&nbsp;<\/p>\n<p>\u00ab\u00c9l deber\u00e1 estar inmovilizado cierto tiempo por la ruptura del tend\u00f3n, debido a que esa articulaci\u00f3n de la cual est\u00e1 sosteniendo ese tend\u00f3n debe estar sin movimiento, ese no ser\u00e1 m\u00e1s all\u00e1 del que estaba previsto por lo que hicieron los cirujanos vasculares que ya revirtieron el problema y dif\u00edcilmente tardar\u00e1 m\u00e1s del tiempo previsto. No retrasar\u00eda que regrese en el tiempo estimado por el club\u00bb, explic\u00f3 a este diario el doctor del equipo Sub 17 de Cruz Azul.<\/p>\n<p>&nbsp;<\/p>\n<p>Am\u00e9rica inform\u00f3 a trav\u00e9s de redes sociales que el artillero present\u00f3 algunas complicaciones por la aparici\u00f3n de una trombosis en la arteria femoral superficial, por lo que permanecer\u00eda dos d\u00edas m\u00e1s bajo supervisi\u00f3n m\u00e9dica durante dos d\u00edas m\u00e1s.<\/p>\n<p>&nbsp;<\/p>\n<p>El especialista explic\u00f3 que la complicaci\u00f3n que sufri\u00f3 Castillo no est\u00e1 ligada a alg\u00fan caso de negligencia, sino que es uno de los riesgos que conlleva la realizaci\u00f3n de una cirug\u00eda de tend\u00f3n recto femoral.<\/p>\n<p>&nbsp;<\/p>\n<p>\u00abPr\u00e1cticamente es un padecimiento que puede ir de la mano de una cirug\u00eda como esta, pero cuando se revierte en periodos inmediatos, realmente no condiciona ning\u00fan tipo de retraso.<\/p>\n<p>&nbsp;<\/p>\n<p>\u00abDeber\u00e1 estar vigilado al doble tanto por la gente que le oper\u00f3 del tend\u00f3n, como por los cirujanos vasculares para llevar un tratamiento adecuado y decidir cuando hacer algo m\u00e1s en forma de acuerdo a la rehabilitaci\u00f3n que se le dar\u00e1\u00bb, finaliz\u00f3 el doctor Meynardo Cedillo.<\/p>\n<p>Fecha de publicaci\u00f3n 01\/feb\/2020\/R\u00c9CORD<\/p>\n<p>&nbsp;<\/p>\n","protected":false},"excerpt":{"rendered":"<p>&nbsp; CIUDAD DE M\u00c9XICO.\u2500La trombosis que sufri\u00f3 Nicol\u00e1s Castillo tras su cirug\u00eda de tend\u00f3n recto&#8230;<\/p>\n","protected":false},"author":178,"featured_media":77039,"comment_status":"open","ping_status":"open","sticky":false,"template":"","format":"standard","meta":{"_monsterinsights_skip_tracking":false,"_monsterinsights_sitenote_active":false,"_monsterinsights_sitenote_note":"","_monsterinsights_sitenote_category":0,"footnotes":""},"categories":[10],"tags":[4071],"class_list":["post"],"yoast_head":" \n<title>Sonora en Equipo. Tras trombosis podr\u00eda Nico Castillo regresar en unos meses Deportes<\/title>\n<meta name=\"description\" content=\"&nbsp; CIUDAD DE M\u00c9XICO.\u2500La trombosis que sufri\u00f3 Nicol\u00e1s Castillo tras su cirug\u00eda de tend\u00f3n recto femoral no complicar\u00e1 ni retrasar\u00e1 su regreso a las En Sonora en Equipo publicamos toda la informaci\u00f3n de Sonora, M\u00e9xico y el Mundo de manera oportuna y busca que la libertad de expresi\u00f3n sea real. Visita nuestro medio informativo publicado desde Hermosillo, Sonora. %\" \/>\n<meta name=\"robots\" content=\"index, follow, max-snippet:-1, max-image-preview:large, max-video-preview:-1\" \/>\n<link rel=\"canonical\" href=\"https:\/\/www.sonoraenequipo.com.mx\/tras-trombosis-podria-nico-castillo-regresar-en-unos-meses\/\" \/>\n<meta property=\"og:locale\" content=\"es_ES\" \/>\n<meta property=\"og:type\" content=\"article\" \/>\n<meta property=\"og:title\" content=\"Sonora en Equipo. Tras trombosis podr\u00eda Nico Castillo regresar en unos meses Deportes\" \/>\n<meta property=\"og:description\" content=\"&nbsp; CIUDAD DE M\u00c9XICO.\u2500La trombosis que sufri\u00f3 Nicol\u00e1s Castillo tras su cirug\u00eda de tend\u00f3n recto femoral no complicar\u00e1 ni retrasar\u00e1 su regreso a las En Sonora en Equipo publicamos toda la informaci\u00f3n de Sonora, M\u00e9xico y el Mundo de manera oportuna y busca que la libertad de expresi\u00f3n sea real. Visita nuestro medio informativo publicado desde Hermosillo, Sonora. %\" \/>\n<meta property=\"og:url\" content=\"https:\/\/www.sonoraenequipo.com.mx\/tras-trombosis-podria-nico-castillo-regresar-en-unos-meses\/\" \/>\n<meta property=\"og:site_name\" content=\"Sonora en Equipo.\" \/>\n<meta property=\"article:publisher\" content=\"https:\/\/www.facebook.com\/SonoraEE\/\" \/>\n<meta property=\"article:published_time\" content=\"2020-02-01T19:33:25+00:00\" \/>\n<meta property=\"og:image\" content=\"https:\/\/www.sonoraenequipo.com.mx\/storage\/2020\/02\/nico.jpg\" \/>\n\t<meta property=\"og:image:width\" content=\"600\" \/>\n\t<meta property=\"og:image:height\" content=\"400\" \/>\n\t<meta property=\"og:image:type\" content=\"image\/jpeg\" \/>\n<meta name=\"author\" content=\"enequipo\" \/>\n<meta name=\"twitter:card\" content=\"summary_large_image\" \/>\n<meta name=\"twitter:creator\" content=\"@sonoraenequipo\" \/>\n<meta name=\"twitter:site\" content=\"@sonoraenequipo\" \/>\n<meta name=\"twitter:label1\" content=\"Escrito por\" \/>\n\t<meta name=\"twitter:data1\" content=\"enequipo\" \/>\n\t<meta name=\"twitter:label2\" content=\"Tiempo de lectura\" \/>\n\t<meta name=\"twitter:data2\" content=\"2 minutos\" \/>\n<script type=\"application\/ld+json\" class=\"yoast-schema-graph\">{\"@context\":\"https:\/\/schema.org\",\"@graph\":[{\"@type\":\"Article\",\"@id\":\"https:\/\/www.sonoraenequipo.com.mx\/tras-trombosis-podria-nico-castillo-regresar-en-unos-meses\/#article\",\"isPartOf\":{\"@id\":\"https:\/\/www.sonoraenequipo.com.mx\/tras-trombosis-podria-nico-castillo-regresar-en-unos-meses\/\"},\"author\":{\"name\":\"enequipo\",\"@id\":\"https:\/\/www.sonoraenequipo.com.mx\/#\/schema\/person\/61a39de478a1763473ad55e8a95fddf6\"},\"headline\":\"Tras trombosis podr\u00eda Nico Castillo regresar en unos meses\",\"datePublished\":\"2020-02-01T19:33:25+00:00\",\"mainEntityOfPage\":{\"@id\":\"https:\/\/www.sonoraenequipo.com.mx\/tras-trombosis-podria-nico-castillo-regresar-en-unos-meses\/\"},\"wordCount\":398,\"commentCount\":0,\"publisher\":{\"@id\":\"https:\/\/www.sonoraenequipo.com.mx\/#organization\"},\"image\":{\"@id\":\"https:\/\/www.sonoraenequipo.com.mx\/tras-trombosis-podria-nico-castillo-regresar-en-unos-meses\/#primaryimage\"},\"thumbnailUrl\":\"https:\/\/www.sonoraenequipo.com.mx\/storage\/2020\/02\/nico.jpg\",\"keywords\":[\"Nicol\u00e1s Castillo\"],\"articleSection\":[\"Deportes\"],\"inLanguage\":\"es\",\"potentialAction\":[{\"@type\":\"CommentAction\",\"name\":\"Comment\",\"target\":[\"https:\/\/www.sonoraenequipo.com.mx\/tras-trombosis-podria-nico-castillo-regresar-en-unos-meses\/#respond\"]}]},{\"@type\":\"WebPage\",\"@id\":\"https:\/\/www.sonoraenequipo.com.mx\/tras-trombosis-podria-nico-castillo-regresar-en-unos-meses\/\",\"url\":\"https:\/\/www.sonoraenequipo.com.mx\/tras-trombosis-podria-nico-castillo-regresar-en-unos-meses\/\",\"name\":\"Sonora en Equipo. Tras trombosis podr\u00eda Nico Castillo regresar en unos meses Deportes\",\"isPartOf\":{\"@id\":\"https:\/\/www.sonoraenequipo.com.mx\/#website\"},\"primaryImageOfPage\":{\"@id\":\"https:\/\/www.sonoraenequipo.com.mx\/tras-trombosis-podria-nico-castillo-regresar-en-unos-meses\/#primaryimage\"},\"image\":{\"@id\":\"https:\/\/www.sonoraenequipo.com.mx\/tras-trombosis-podria-nico-castillo-regresar-en-unos-meses\/#primaryimage\"},\"thumbnailUrl\":\"https:\/\/www.sonoraenequipo.com.mx\/storage\/2020\/02\/nico.jpg\",\"datePublished\":\"2020-02-01T19:33:25+00:00\",\"description\":\"&nbsp; CIUDAD DE M\u00c9XICO.\u2500La trombosis que sufri\u00f3 Nicol\u00e1s Castillo tras su cirug\u00eda de tend\u00f3n recto femoral no complicar\u00e1 ni retrasar\u00e1 su regreso a las En Sonora en Equipo publicamos toda la informaci\u00f3n de Sonora, M\u00e9xico y el Mundo de manera oportuna y busca que la libertad de expresi\u00f3n sea real. Visita nuestro medio informativo publicado desde Hermosillo, Sonora. %\",\"breadcrumb\":{\"@id\":\"https:\/\/www.sonoraenequipo.com.mx\/tras-trombosis-podria-nico-castillo-regresar-en-unos-meses\/#breadcrumb\"},\"inLanguage\":\"es\",\"potentialAction\":[{\"@type\":\"ReadAction\",\"target\":[\"https:\/\/www.sonoraenequipo.com.mx\/tras-trombosis-podria-nico-castillo-regresar-en-unos-meses\/\"]}]},{\"@type\":\"ImageObject\",\"inLanguage\":\"es\",\"@id\":\"https:\/\/www.sonoraenequipo.com.mx\/tras-trombosis-podria-nico-castillo-regresar-en-unos-meses\/#primaryimage\",\"url\":\"https:\/\/www.sonoraenequipo.com.mx\/storage\/2020\/02\/nico.jpg\",\"contentUrl\":\"https:\/\/www.sonoraenequipo.com.mx\/storage\/2020\/02\/nico.jpg\",\"width\":600,\"height\":400},{\"@type\":\"BreadcrumbList\",\"@id\":\"https:\/\/www.sonoraenequipo.com.mx\/tras-trombosis-podria-nico-castillo-regresar-en-unos-meses\/#breadcrumb\",\"itemListElement\":[{\"@type\":\"ListItem\",\"position\":1,\"name\":\"Portada\",\"item\":\"https:\/\/www.sonoraenequipo.com.mx\/\"},{\"@type\":\"ListItem\",\"position\":2,\"name\":\"Tras trombosis podr\u00eda Nico Castillo regresar en unos meses\"}]},{\"@type\":\"WebSite\",\"@id\":\"https:\/\/www.sonoraenequipo.com.mx\/#website\",\"url\":\"https:\/\/www.sonoraenequipo.com.mx\/\",\"name\":\"Sonora en Equipo.\",\"description\":\"Diario en l\u00ednea con Noticias desde Hermosillo, Sonora\",\"publisher\":{\"@id\":\"https:\/\/www.sonoraenequipo.com.mx\/#organization\"},\"potentialAction\":[{\"@type\":\"SearchAction\",\"target\":{\"@type\":\"EntryPoint\",\"urlTemplate\":\"https:\/\/www.sonoraenequipo.com.mx\/?s={search_term_string}\"},\"query-input\":{\"@type\":\"PropertyValueSpecification\",\"valueRequired\":true,\"valueName\":\"search_term_string\"}}],\"inLanguage\":\"es\"},{\"@type\":\"Organization\",\"@id\":\"https:\/\/www.sonoraenequipo.com.mx\/#organization\",\"name\":\"Sonoraenequipo.com.mx\",\"url\":\"https:\/\/www.sonoraenequipo.com.mx\/\",\"logo\":{\"@type\":\"ImageObject\",\"inLanguage\":\"es\",\"@id\":\"https:\/\/www.sonoraenequipo.com.mx\/#\/schema\/logo\/image\/\",\"url\":\"https:\/\/www.sonoraenequipo.com.mx\/storage\/2019\/01\/sonoraenequipo_opt.png\",\"contentUrl\":\"https:\/\/www.sonoraenequipo.com.mx\/storage\/2019\/01\/sonoraenequipo_opt.png\",\"width\":375,\"height\":125,\"caption\":\"Sonoraenequipo.com.mx\"},\"image\":{\"@id\":\"https:\/\/www.sonoraenequipo.com.mx\/#\/schema\/logo\/image\/\"},\"sameAs\":[\"https:\/\/www.facebook.com\/SonoraEE\/\",\"https:\/\/x.com\/sonoraenequipo\",\"https:\/\/www.youtube.com\/channel\/UC338nW-lPEYmJQs4ZABQ1SQ\"]},{\"@type\":\"Person\",\"@id\":\"https:\/\/www.sonoraenequipo.com.mx\/#\/schema\/person\/61a39de478a1763473ad55e8a95fddf6\",\"name\":\"enequipo\",\"image\":{\"@type\":\"ImageObject\",\"inLanguage\":\"es\",\"@id\":\"https:\/\/www.sonoraenequipo.com.mx\/#\/schema\/person\/image\/\",\"url\":\"https:\/\/secure.gravatar.com\/avatar\/e39bc3016d8af598aed3d770c9510dfc2795f37ea1733d99fcc6e97d2c3c9f5e?s=96&d=blank&r=g\",\"contentUrl\":\"https:\/\/secure.gravatar.com\/avatar\/e39bc3016d8af598aed3d770c9510dfc2795f37ea1733d99fcc6e97d2c3c9f5e?s=96&d=blank&r=g\",\"caption\":\"enequipo\"}}]}<\/script>\n ","yoast_head_json":{"title":"Sonora en Equipo. Tras trombosis podr\u00eda Nico Castillo regresar en unos meses Deportes","description":"&nbsp; CIUDAD DE M\u00c9XICO.\u2500La trombosis que sufri\u00f3 Nicol\u00e1s Castillo tras su cirug\u00eda de tend\u00f3n recto femoral no complicar\u00e1 ni retrasar\u00e1 su regreso a las En Sonora en Equipo publicamos toda la informaci\u00f3n de Sonora, M\u00e9xico y el Mundo de manera oportuna y busca que la libertad de expresi\u00f3n sea real. Visita nuestro medio informativo publicado desde Hermosillo, Sonora. %","robots":{"index":"index","follow":"follow","max-snippet":"max-snippet:-1","max-image-preview":"max-image-preview:large","max-video-preview":"max-video-preview:-1"},"canonical":"https:\/\/www.sonoraenequipo.com.mx\/tras-trombosis-podria-nico-castillo-regresar-en-unos-meses\/","og_locale":"es_ES","og_type":"article","og_title":"Sonora en Equipo. Tras trombosis podr\u00eda Nico Castillo regresar en unos meses Deportes","og_description":"&nbsp; CIUDAD DE M\u00c9XICO.\u2500La trombosis que sufri\u00f3 Nicol\u00e1s Castillo tras su cirug\u00eda de tend\u00f3n recto femoral no complicar\u00e1 ni retrasar\u00e1 su regreso a las En Sonora en Equipo publicamos toda la informaci\u00f3n de Sonora, M\u00e9xico y el Mundo de manera oportuna y busca que la libertad de expresi\u00f3n sea real. Visita nuestro medio informativo publicado desde Hermosillo, Sonora. %","og_url":"https:\/\/www.sonoraenequipo.com.mx\/tras-trombosis-podria-nico-castillo-regresar-en-unos-meses\/","og_site_name":"Sonora en Equipo.","article_publisher":"https:\/\/www.facebook.com\/SonoraEE\/","article_published_time":"2020-02-01T19:33:25+00:00","og_image":[{"width":600,"height":400,"url":"https:\/\/www.sonoraenequipo.com.mx\/storage\/2020\/02\/nico.jpg","type":"image\/jpeg"}],"author":"enequipo","twitter_card":"summary_large_image","twitter_creator":"@sonoraenequipo","twitter_site":"@sonoraenequipo","twitter_misc":{"Escrito por":"enequipo","Tiempo de lectura":"2 minutos"},"schema":{"@context":"https:\/\/schema.org","@graph":[{"@type":"Article","@id":"https:\/\/www.sonoraenequipo.com.mx\/tras-trombosis-podria-nico-castillo-regresar-en-unos-meses\/#article","isPartOf":{"@id":"https:\/\/www.sonoraenequipo.com.mx\/tras-trombosis-podria-nico-castillo-regresar-en-unos-meses\/"},"author":{"name":"enequipo","@id":"https:\/\/www.sonoraenequipo.com.mx\/#\/schema\/person\/61a39de478a1763473ad55e8a95fddf6"},"headline":"Tras trombosis podr\u00eda Nico Castillo regresar en unos meses","datePublished":"2020-02-01T19:33:25+00:00","mainEntityOfPage":{"@id":"https:\/\/www.sonoraenequipo.com.mx\/tras-trombosis-podria-nico-castillo-regresar-en-unos-meses\/"},"wordCount":398,"commentCount":0,"publisher":{"@id":"https:\/\/www.sonoraenequipo.com.mx\/#organization"},"image":{"@id":"https:\/\/www.sonoraenequipo.com.mx\/tras-trombosis-podria-nico-castillo-regresar-en-unos-meses\/#primaryimage"},"thumbnailUrl":"https:\/\/www.sonoraenequipo.com.mx\/storage\/2020\/02\/nico.jpg","keywords":["Nicol\u00e1s Castillo"],"articleSection":["Deportes"],"inLanguage":"es","potentialAction":[{"@type":"CommentAction","name":"Comment","target":["https:\/\/www.sonoraenequipo.com.mx\/tras-trombosis-podria-nico-castillo-regresar-en-unos-meses\/#respond"]}]},{"@type":"WebPage","@id":"https:\/\/www.sonoraenequipo.com.mx\/tras-trombosis-podria-nico-castillo-regresar-en-unos-meses\/","url":"https:\/\/www.sonoraenequipo.com.mx\/tras-trombosis-podria-nico-castillo-regresar-en-unos-meses\/","name":"Sonora en Equipo. Tras trombosis podr\u00eda Nico Castillo regresar en unos meses Deportes","isPartOf":{"@id":"https:\/\/www.sonoraenequipo.com.mx\/#website"},"primaryImageOfPage":{"@id":"https:\/\/www.sonoraenequipo.com.mx\/tras-trombosis-podria-nico-castillo-regresar-en-unos-meses\/#primaryimage"},"image":{"@id":"https:\/\/www.sonoraenequipo.com.mx\/tras-trombosis-podria-nico-castillo-regresar-en-unos-meses\/#primaryimage"},"thumbnailUrl":"https:\/\/www.sonoraenequipo.com.mx\/storage\/2020\/02\/nico.jpg","datePublished":"2020-02-01T19:33:25+00:00","description":"&nbsp; CIUDAD DE M\u00c9XICO.\u2500La trombosis que sufri\u00f3 Nicol\u00e1s Castillo tras su cirug\u00eda de tend\u00f3n recto femoral no complicar\u00e1 ni retrasar\u00e1 su regreso a las En Sonora en Equipo publicamos toda la informaci\u00f3n de Sonora, M\u00e9xico y el Mundo de manera oportuna y busca que la libertad de expresi\u00f3n sea real. Visita nuestro medio informativo publicado desde Hermosillo, Sonora. %","breadcrumb":{"@id":"https:\/\/www.sonoraenequipo.com.mx\/tras-trombosis-podria-nico-castillo-regresar-en-unos-meses\/#breadcrumb"},"inLanguage":"es","potentialAction":[{"@type":"ReadAction","target":["https:\/\/www.sonoraenequipo.com.mx\/tras-trombosis-podria-nico-castillo-regresar-en-unos-meses\/"]}]},{"@type":"ImageObject","inLanguage":"es","@id":"https:\/\/www.sonoraenequipo.com.mx\/tras-trombosis-podria-nico-castillo-regresar-en-unos-meses\/#primaryimage","url":"https:\/\/www.sonoraenequipo.com.mx\/storage\/2020\/02\/nico.jpg","contentUrl":"https:\/\/www.sonoraenequipo.com.mx\/storage\/2020\/02\/nico.jpg","width":600,"height":400},{"@type":"BreadcrumbList","@id":"https:\/\/www.sonoraenequipo.com.mx\/tras-trombosis-podria-nico-castillo-regresar-en-unos-meses\/#breadcrumb","itemListElement":[{"@type":"ListItem","position":1,"name":"Portada","item":"https:\/\/www.sonoraenequipo.com.mx\/"},{"@type":"ListItem","position":2,"name":"Tras trombosis podr\u00eda Nico Castillo regresar en unos meses"}]},{"@type":"WebSite","@id":"https:\/\/www.sonoraenequipo.com.mx\/#website","url":"https:\/\/www.sonoraenequipo.com.mx\/","name":"Sonora en Equipo.","description":"Diario en l\u00ednea con Noticias desde Hermosillo, Sonora","publisher":{"@id":"https:\/\/www.sonoraenequipo.com.mx\/#organization"},"potentialAction":[{"@type":"SearchAction","target":{"@type":"EntryPoint","urlTemplate":"https:\/\/www.sonoraenequipo.com.mx\/?s={search_term_string}"},"query-input":{"@type":"PropertyValueSpecification","valueRequired":true,"valueName":"search_term_string"}}],"inLanguage":"es"},{"@type":"Organization","@id":"https:\/\/www.sonoraenequipo.com.mx\/#organization","name":"Sonoraenequipo.com.mx","url":"https:\/\/www.sonoraenequipo.com.mx\/","logo":{"@type":"ImageObject","inLanguage":"es","@id":"https:\/\/www.sonoraenequipo.com.mx\/#\/schema\/logo\/image\/","url":"https:\/\/www.sonoraenequipo.com.mx\/storage\/2019\/01\/sonoraenequipo_opt.png","contentUrl":"https:\/\/www.sonoraenequipo.com.mx\/storage\/2019\/01\/sonoraenequipo_opt.png","width":375,"height":125,"caption":"Sonoraenequipo.com.mx"},"image":{"@id":"https:\/\/www.sonoraenequipo.com.mx\/#\/schema\/logo\/image\/"},"sameAs":["https:\/\/www.facebook.com\/SonoraEE\/","https:\/\/x.com\/sonoraenequipo","https:\/\/www.youtube.com\/channel\/UC338nW-lPEYmJQs4ZABQ1SQ"]},{"@type":"Person","@id":"https:\/\/www.sonoraenequipo.com.mx\/#\/schema\/person\/61a39de478a1763473ad55e8a95fddf6","name":"enequipo","image":{"@type":"ImageObject","inLanguage":"es","@id":"https:\/\/www.sonoraenequipo.com.mx\/#\/schema\/person\/image\/","url":"https:\/\/secure.gravatar.com\/avatar\/e39bc3016d8af598aed3d770c9510dfc2795f37ea1733d99fcc6e97d2c3c9f5e?s=96&d=blank&r=g","contentUrl":"https:\/\/secure.gravatar.com\/avatar\/e39bc3016d8af598aed3d770c9510dfc2795f37ea1733d99fcc6e97d2c3c9f5e?s=96&d=blank&r=g","caption":"enequipo"}}]}},"jetpack_featured_media_url":"https:\/\/www.sonoraenequipo.com.mx\/storage\/2020\/02\/nico.jpg","_links":{"self":[{"href":"https:\/\/www.sonoraenequipo.com.mx\/api\/wp\/v2\/posts\/77038","targetHints":{"allow":["GET"]}}],"collection":[{"href":"https:\/\/www.sonoraenequipo.com.mx\/api\/wp\/v2\/posts"}],"about":[{"href":"https:\/\/www.sonoraenequipo.com.mx\/api\/wp\/v2\/types\/post"}],"author":[{"embeddable":true,"href":"https:\/\/www.sonoraenequipo.com.mx\/api\/wp\/v2\/users\/178"}],"replies":[{"embeddable":true,"href":"https:\/\/www.sonoraenequipo.com.mx\/api\/wp\/v2\/comments?post=77038"}],"version-history":[{"count":0,"href":"https:\/\/www.sonoraenequipo.com.mx\/api\/wp\/v2\/posts\/77038\/revisions"}],"wp:featuredmedia":[{"embeddable":true,"href":"https:\/\/www.sonoraenequipo.com.mx\/api\/wp\/v2\/media\/77039"}],"wp:attachment":[{"href":"https:\/\/www.sonoraenequipo.com.mx\/api\/wp\/v2\/media?parent=77038"}],"wp:term":[{"taxonomy":"category","embeddable":true,"href":"https:\/\/www.sonoraenequipo.com.mx\/api\/wp\/v2\/categories?post=77038"},{"taxonomy":"post_tag","embeddable":true,"href":"https:\/\/www.sonoraenequipo.com.mx\/api\/wp\/v2\/tags?post=77038"}],"curies":[{"name":"wp","href":"https:\/\/api.w.org\/{rel}","templated":true}]}}