{"id":7724,"date":"2016-06-01T13:23:05","date_gmt":"2016-06-01T13:23:05","guid":{"rendered":"http:\/\/www.sonoraenequipo.com.mx\/?p=7724"},"modified":"2016-06-02T22:25:19","modified_gmt":"2016-06-02T22:25:19","slug":"emite-umpc-recomendaciones-evitar-enfermedades-calor","status":"publish","type":"post","link":"https:\/\/www.sonoraenequipo.com.mx\/emite-umpc-recomendaciones-evitar-enfermedades-calor\/","title":{"rendered":"Emite UMPC recomendaciones para evitar enfermedades por calor"},"content":{"rendered":"<p>HERMOSILLO, SONORA.MX.\u2014 Ante la pr\u00f3xima ola de calor en las que se esperan registros de hasta 48 grados cent\u00edgrados, la Unidad Municipal de Protecci\u00f3n Civil (UMPC) emiti\u00f3 recomendaciones para evitar el padecimiento de enfermedades derivadas de las altas temperaturas. <\/p>\n<p>Guillermo Moreno R\u00edos, Director de la dependencia, ofreci\u00f3 una serie de indicaciones primordiales para mantener la salud de todos los miembros de la familia ante los pron\u00f3sticos del clima para el pr\u00f3ximo fin de semana.<\/p>\n<p>Es importante no asolearse de las 10:00 a las 18:00 horas, usar ropa ligera, de colores claros y con mangas, no realizar actividades f\u00edsicas intensas bajo el sol y tomar agua, aunque no se sienta sed.<\/p>\n<p>Record\u00f3 que un punto muy necesario es consumir un suero que se prepara con un litro de agua, 2 cucharadas de az\u00facar, media cucharadita de sal, el jugo de dos limones y una pizca de bicarbonato.<\/p>\n<p>Adem\u00e1s, se debe utilizar protector solar las veces que se puedan aplicar, usar gafas, sombreros o gorras y sombrillas; as\u00ed como comer frutas y verduras frescas; adem\u00e1s de evitar el consumo de bebidas alcoh\u00f3licas, debido a que provocan deshidrataci\u00f3n.<\/p>\n<p>El funcionario subray\u00f3 que no se deben dejar mascotas, ni ni\u00f1os dentro de los veh\u00edculos, pues en \u00e9stos la temperatura alcanza hasta 80 grados cent\u00edgrados y puede traer consecuencias fatales.<\/p>\n<p>\u201cDe presentarse una onda de calor, que es pasar 3 d\u00edas consecutivos con temperaturas por encima de los 48 grados cent\u00edgrados, en los Centros H\u00e1bitat y bases del Departamento de Bomberos, se contar\u00e1 con vida suero oral para ofrecer a la ciudadan\u00eda\u201d, mencion\u00f3<\/p>\n<p>(Fecha de publicaci\u00f3n: 01062016)<\/p>\n","protected":false},"excerpt":{"rendered":"<p>HERMOSILLO, SONORA.MX.\u2014 Ante la pr\u00f3xima ola de calor en las que se esperan registros de&#8230;<\/p>\n","protected":false},"author":1,"featured_media":7725,"comment_status":"open","ping_status":"open","sticky":false,"template":"","format":"standard","meta":{"_monsterinsights_skip_tracking":false,"_monsterinsights_sitenote_active":false,"_monsterinsights_sitenote_note":"","_monsterinsights_sitenote_category":0,"footnotes":""},"categories":[4,1],"tags":[],"class_list":["post"],"yoast_head":" \n<title>Sonora en Equipo. Emite UMPC recomendaciones para evitar enfermedades por calor Sin categorizar<\/title>\n<meta name=\"description\" content=\"HERMOSILLO, SONORA.MX.\u2014 Ante la pr\u00f3xima ola de calor en las que se esperan registros de hasta 48 grados cent\u00edgrados, la Unidad Municipal de Protecci\u00f3n En Sonora en Equipo publicamos toda la informaci\u00f3n de Sonora, M\u00e9xico y el Mundo de manera oportuna y busca que la libertad de expresi\u00f3n sea real. Visita nuestro medio informativo publicado desde Hermosillo, Sonora. %\" \/>\n<meta name=\"robots\" content=\"index, follow, max-snippet:-1, max-image-preview:large, max-video-preview:-1\" \/>\n<link rel=\"canonical\" href=\"https:\/\/www.sonoraenequipo.com.mx\/emite-umpc-recomendaciones-evitar-enfermedades-calor\/\" \/>\n<meta property=\"og:locale\" content=\"es_ES\" \/>\n<meta property=\"og:type\" content=\"article\" \/>\n<meta property=\"og:title\" content=\"Sonora en Equipo. Emite UMPC recomendaciones para evitar enfermedades por calor Sin categorizar\" \/>\n<meta property=\"og:description\" content=\"HERMOSILLO, SONORA.MX.\u2014 Ante la pr\u00f3xima ola de calor en las que se esperan registros de hasta 48 grados cent\u00edgrados, la Unidad Municipal de Protecci\u00f3n En Sonora en Equipo publicamos toda la informaci\u00f3n de Sonora, M\u00e9xico y el Mundo de manera oportuna y busca que la libertad de expresi\u00f3n sea real. Visita nuestro medio informativo publicado desde Hermosillo, Sonora. %\" \/>\n<meta property=\"og:url\" content=\"https:\/\/www.sonoraenequipo.com.mx\/emite-umpc-recomendaciones-evitar-enfermedades-calor\/\" \/>\n<meta property=\"og:site_name\" content=\"Sonora en Equipo.\" \/>\n<meta property=\"article:publisher\" content=\"https:\/\/www.facebook.com\/SonoraEE\/\" \/>\n<meta property=\"article:author\" content=\"https:\/\/www.facebook.com\/SonoraEE\" \/>\n<meta property=\"article:published_time\" content=\"2016-06-01T13:23:05+00:00\" \/>\n<meta property=\"article:modified_time\" content=\"2016-06-02T22:25:19+00:00\" \/>\n<meta property=\"og:image\" content=\"https:\/\/www.sonoraenequipo.com.mx\/storage\/2016\/06\/UMPC_opt1.jpg\" \/>\n\t<meta property=\"og:image:width\" content=\"808\" \/>\n\t<meta property=\"og:image:height\" content=\"600\" \/>\n\t<meta property=\"og:image:type\" content=\"image\/jpeg\" \/>\n<meta name=\"author\" content=\"enequipo\" \/>\n<meta name=\"twitter:card\" content=\"summary_large_image\" \/>\n<meta name=\"twitter:creator\" content=\"@sonoraenequipo\" \/>\n<meta name=\"twitter:site\" content=\"@sonoraenequipo\" \/>\n<meta name=\"twitter:label1\" content=\"Escrito por\" \/>\n\t<meta name=\"twitter:data1\" content=\"enequipo\" \/>\n\t<meta name=\"twitter:label2\" content=\"Tiempo de lectura\" \/>\n\t<meta name=\"twitter:data2\" content=\"1 minuto\" \/>\n<script type=\"application\/ld+json\" class=\"yoast-schema-graph\">{\"@context\":\"https:\/\/schema.org\",\"@graph\":[{\"@type\":\"Article\",\"@id\":\"https:\/\/www.sonoraenequipo.com.mx\/emite-umpc-recomendaciones-evitar-enfermedades-calor\/#article\",\"isPartOf\":{\"@id\":\"https:\/\/www.sonoraenequipo.com.mx\/emite-umpc-recomendaciones-evitar-enfermedades-calor\/\"},\"author\":{\"name\":\"enequipo\",\"@id\":\"https:\/\/www.sonoraenequipo.com.mx\/#\/schema\/person\/50102df0fb23a8fa9e8effad8fa81386\"},\"headline\":\"Emite UMPC recomendaciones para evitar enfermedades por calor\",\"datePublished\":\"2016-06-01T13:23:05+00:00\",\"dateModified\":\"2016-06-02T22:25:19+00:00\",\"mainEntityOfPage\":{\"@id\":\"https:\/\/www.sonoraenequipo.com.mx\/emite-umpc-recomendaciones-evitar-enfermedades-calor\/\"},\"wordCount\":283,\"commentCount\":0,\"publisher\":{\"@id\":\"https:\/\/www.sonoraenequipo.com.mx\/#organization\"},\"image\":{\"@id\":\"https:\/\/www.sonoraenequipo.com.mx\/emite-umpc-recomendaciones-evitar-enfermedades-calor\/#primaryimage\"},\"thumbnailUrl\":\"https:\/\/www.sonoraenequipo.com.mx\/storage\/2016\/06\/UMPC_opt1.jpg\",\"articleSection\":[\"Municipios\",\"Sin categorizar\"],\"inLanguage\":\"es\",\"potentialAction\":[{\"@type\":\"CommentAction\",\"name\":\"Comment\",\"target\":[\"https:\/\/www.sonoraenequipo.com.mx\/emite-umpc-recomendaciones-evitar-enfermedades-calor\/#respond\"]}]},{\"@type\":\"WebPage\",\"@id\":\"https:\/\/www.sonoraenequipo.com.mx\/emite-umpc-recomendaciones-evitar-enfermedades-calor\/\",\"url\":\"https:\/\/www.sonoraenequipo.com.mx\/emite-umpc-recomendaciones-evitar-enfermedades-calor\/\",\"name\":\"Sonora en Equipo. Emite UMPC recomendaciones para evitar enfermedades por calor Sin categorizar\",\"isPartOf\":{\"@id\":\"https:\/\/www.sonoraenequipo.com.mx\/#website\"},\"primaryImageOfPage\":{\"@id\":\"https:\/\/www.sonoraenequipo.com.mx\/emite-umpc-recomendaciones-evitar-enfermedades-calor\/#primaryimage\"},\"image\":{\"@id\":\"https:\/\/www.sonoraenequipo.com.mx\/emite-umpc-recomendaciones-evitar-enfermedades-calor\/#primaryimage\"},\"thumbnailUrl\":\"https:\/\/www.sonoraenequipo.com.mx\/storage\/2016\/06\/UMPC_opt1.jpg\",\"datePublished\":\"2016-06-01T13:23:05+00:00\",\"dateModified\":\"2016-06-02T22:25:19+00:00\",\"description\":\"HERMOSILLO, SONORA.MX.\u2014 Ante la pr\u00f3xima ola de calor en las que se esperan registros de hasta 48 grados cent\u00edgrados, la Unidad Municipal de Protecci\u00f3n En Sonora en Equipo publicamos toda la informaci\u00f3n de Sonora, M\u00e9xico y el Mundo de manera oportuna y busca que la libertad de expresi\u00f3n sea real. Visita nuestro medio informativo publicado desde Hermosillo, Sonora. %\",\"breadcrumb\":{\"@id\":\"https:\/\/www.sonoraenequipo.com.mx\/emite-umpc-recomendaciones-evitar-enfermedades-calor\/#breadcrumb\"},\"inLanguage\":\"es\",\"potentialAction\":[{\"@type\":\"ReadAction\",\"target\":[\"https:\/\/www.sonoraenequipo.com.mx\/emite-umpc-recomendaciones-evitar-enfermedades-calor\/\"]}]},{\"@type\":\"ImageObject\",\"inLanguage\":\"es\",\"@id\":\"https:\/\/www.sonoraenequipo.com.mx\/emite-umpc-recomendaciones-evitar-enfermedades-calor\/#primaryimage\",\"url\":\"https:\/\/www.sonoraenequipo.com.mx\/storage\/2016\/06\/UMPC_opt1.jpg\",\"contentUrl\":\"https:\/\/www.sonoraenequipo.com.mx\/storage\/2016\/06\/UMPC_opt1.jpg\",\"width\":808,\"height\":600},{\"@type\":\"BreadcrumbList\",\"@id\":\"https:\/\/www.sonoraenequipo.com.mx\/emite-umpc-recomendaciones-evitar-enfermedades-calor\/#breadcrumb\",\"itemListElement\":[{\"@type\":\"ListItem\",\"position\":1,\"name\":\"Portada\",\"item\":\"https:\/\/www.sonoraenequipo.com.mx\/\"},{\"@type\":\"ListItem\",\"position\":2,\"name\":\"Emite UMPC recomendaciones para evitar enfermedades por calor\"}]},{\"@type\":\"WebSite\",\"@id\":\"https:\/\/www.sonoraenequipo.com.mx\/#website\",\"url\":\"https:\/\/www.sonoraenequipo.com.mx\/\",\"name\":\"Sonora en Equipo.\",\"description\":\"Diario en l\u00ednea con Noticias desde Hermosillo, Sonora\",\"publisher\":{\"@id\":\"https:\/\/www.sonoraenequipo.com.mx\/#organization\"},\"potentialAction\":[{\"@type\":\"SearchAction\",\"target\":{\"@type\":\"EntryPoint\",\"urlTemplate\":\"https:\/\/www.sonoraenequipo.com.mx\/?s={search_term_string}\"},\"query-input\":{\"@type\":\"PropertyValueSpecification\",\"valueRequired\":true,\"valueName\":\"search_term_string\"}}],\"inLanguage\":\"es\"},{\"@type\":\"Organization\",\"@id\":\"https:\/\/www.sonoraenequipo.com.mx\/#organization\",\"name\":\"Sonoraenequipo.com.mx\",\"url\":\"https:\/\/www.sonoraenequipo.com.mx\/\",\"logo\":{\"@type\":\"ImageObject\",\"inLanguage\":\"es\",\"@id\":\"https:\/\/www.sonoraenequipo.com.mx\/#\/schema\/logo\/image\/\",\"url\":\"https:\/\/www.sonoraenequipo.com.mx\/storage\/2019\/01\/sonoraenequipo_opt.png\",\"contentUrl\":\"https:\/\/www.sonoraenequipo.com.mx\/storage\/2019\/01\/sonoraenequipo_opt.png\",\"width\":375,\"height\":125,\"caption\":\"Sonoraenequipo.com.mx\"},\"image\":{\"@id\":\"https:\/\/www.sonoraenequipo.com.mx\/#\/schema\/logo\/image\/\"},\"sameAs\":[\"https:\/\/www.facebook.com\/SonoraEE\/\",\"https:\/\/x.com\/sonoraenequipo\",\"https:\/\/www.youtube.com\/channel\/UC338nW-lPEYmJQs4ZABQ1SQ\"]},{\"@type\":\"Person\",\"@id\":\"https:\/\/www.sonoraenequipo.com.mx\/#\/schema\/person\/50102df0fb23a8fa9e8effad8fa81386\",\"name\":\"enequipo\",\"image\":{\"@type\":\"ImageObject\",\"inLanguage\":\"es\",\"@id\":\"https:\/\/www.sonoraenequipo.com.mx\/#\/schema\/person\/image\/\",\"url\":\"https:\/\/secure.gravatar.com\/avatar\/049821681b589dabc0bc20695993ccebb09f5b5d4d790cd9251b97faac7c652b?s=96&d=blank&r=g\",\"contentUrl\":\"https:\/\/secure.gravatar.com\/avatar\/049821681b589dabc0bc20695993ccebb09f5b5d4d790cd9251b97faac7c652b?s=96&d=blank&r=g\",\"caption\":\"enequipo\"},\"sameAs\":[\"https:\/\/www.facebook.com\/SonoraEE\"]}]}<\/script>\n ","yoast_head_json":{"title":"Sonora en Equipo. Emite UMPC recomendaciones para evitar enfermedades por calor Sin categorizar","description":"HERMOSILLO, SONORA.MX.\u2014 Ante la pr\u00f3xima ola de calor en las que se esperan registros de hasta 48 grados cent\u00edgrados, la Unidad Municipal de Protecci\u00f3n En Sonora en Equipo publicamos toda la informaci\u00f3n de Sonora, M\u00e9xico y el Mundo de manera oportuna y busca que la libertad de expresi\u00f3n sea real. Visita nuestro medio informativo publicado desde Hermosillo, Sonora. %","robots":{"index":"index","follow":"follow","max-snippet":"max-snippet:-1","max-image-preview":"max-image-preview:large","max-video-preview":"max-video-preview:-1"},"canonical":"https:\/\/www.sonoraenequipo.com.mx\/emite-umpc-recomendaciones-evitar-enfermedades-calor\/","og_locale":"es_ES","og_type":"article","og_title":"Sonora en Equipo. Emite UMPC recomendaciones para evitar enfermedades por calor Sin categorizar","og_description":"HERMOSILLO, SONORA.MX.\u2014 Ante la pr\u00f3xima ola de calor en las que se esperan registros de hasta 48 grados cent\u00edgrados, la Unidad Municipal de Protecci\u00f3n En Sonora en Equipo publicamos toda la informaci\u00f3n de Sonora, M\u00e9xico y el Mundo de manera oportuna y busca que la libertad de expresi\u00f3n sea real. Visita nuestro medio informativo publicado desde Hermosillo, Sonora. %","og_url":"https:\/\/www.sonoraenequipo.com.mx\/emite-umpc-recomendaciones-evitar-enfermedades-calor\/","og_site_name":"Sonora en Equipo.","article_publisher":"https:\/\/www.facebook.com\/SonoraEE\/","article_author":"https:\/\/www.facebook.com\/SonoraEE","article_published_time":"2016-06-01T13:23:05+00:00","article_modified_time":"2016-06-02T22:25:19+00:00","og_image":[{"width":808,"height":600,"url":"https:\/\/www.sonoraenequipo.com.mx\/storage\/2016\/06\/UMPC_opt1.jpg","type":"image\/jpeg"}],"author":"enequipo","twitter_card":"summary_large_image","twitter_creator":"@sonoraenequipo","twitter_site":"@sonoraenequipo","twitter_misc":{"Escrito por":"enequipo","Tiempo de lectura":"1 minuto"},"schema":{"@context":"https:\/\/schema.org","@graph":[{"@type":"Article","@id":"https:\/\/www.sonoraenequipo.com.mx\/emite-umpc-recomendaciones-evitar-enfermedades-calor\/#article","isPartOf":{"@id":"https:\/\/www.sonoraenequipo.com.mx\/emite-umpc-recomendaciones-evitar-enfermedades-calor\/"},"author":{"name":"enequipo","@id":"https:\/\/www.sonoraenequipo.com.mx\/#\/schema\/person\/50102df0fb23a8fa9e8effad8fa81386"},"headline":"Emite UMPC recomendaciones para evitar enfermedades por calor","datePublished":"2016-06-01T13:23:05+00:00","dateModified":"2016-06-02T22:25:19+00:00","mainEntityOfPage":{"@id":"https:\/\/www.sonoraenequipo.com.mx\/emite-umpc-recomendaciones-evitar-enfermedades-calor\/"},"wordCount":283,"commentCount":0,"publisher":{"@id":"https:\/\/www.sonoraenequipo.com.mx\/#organization"},"image":{"@id":"https:\/\/www.sonoraenequipo.com.mx\/emite-umpc-recomendaciones-evitar-enfermedades-calor\/#primaryimage"},"thumbnailUrl":"https:\/\/www.sonoraenequipo.com.mx\/storage\/2016\/06\/UMPC_opt1.jpg","articleSection":["Municipios","Sin categorizar"],"inLanguage":"es","potentialAction":[{"@type":"CommentAction","name":"Comment","target":["https:\/\/www.sonoraenequipo.com.mx\/emite-umpc-recomendaciones-evitar-enfermedades-calor\/#respond"]}]},{"@type":"WebPage","@id":"https:\/\/www.sonoraenequipo.com.mx\/emite-umpc-recomendaciones-evitar-enfermedades-calor\/","url":"https:\/\/www.sonoraenequipo.com.mx\/emite-umpc-recomendaciones-evitar-enfermedades-calor\/","name":"Sonora en Equipo. Emite UMPC recomendaciones para evitar enfermedades por calor Sin categorizar","isPartOf":{"@id":"https:\/\/www.sonoraenequipo.com.mx\/#website"},"primaryImageOfPage":{"@id":"https:\/\/www.sonoraenequipo.com.mx\/emite-umpc-recomendaciones-evitar-enfermedades-calor\/#primaryimage"},"image":{"@id":"https:\/\/www.sonoraenequipo.com.mx\/emite-umpc-recomendaciones-evitar-enfermedades-calor\/#primaryimage"},"thumbnailUrl":"https:\/\/www.sonoraenequipo.com.mx\/storage\/2016\/06\/UMPC_opt1.jpg","datePublished":"2016-06-01T13:23:05+00:00","dateModified":"2016-06-02T22:25:19+00:00","description":"HERMOSILLO, SONORA.MX.\u2014 Ante la pr\u00f3xima ola de calor en las que se esperan registros de hasta 48 grados cent\u00edgrados, la Unidad Municipal de Protecci\u00f3n En Sonora en Equipo publicamos toda la informaci\u00f3n de Sonora, M\u00e9xico y el Mundo de manera oportuna y busca que la libertad de expresi\u00f3n sea real. Visita nuestro medio informativo publicado desde Hermosillo, Sonora. %","breadcrumb":{"@id":"https:\/\/www.sonoraenequipo.com.mx\/emite-umpc-recomendaciones-evitar-enfermedades-calor\/#breadcrumb"},"inLanguage":"es","potentialAction":[{"@type":"ReadAction","target":["https:\/\/www.sonoraenequipo.com.mx\/emite-umpc-recomendaciones-evitar-enfermedades-calor\/"]}]},{"@type":"ImageObject","inLanguage":"es","@id":"https:\/\/www.sonoraenequipo.com.mx\/emite-umpc-recomendaciones-evitar-enfermedades-calor\/#primaryimage","url":"https:\/\/www.sonoraenequipo.com.mx\/storage\/2016\/06\/UMPC_opt1.jpg","contentUrl":"https:\/\/www.sonoraenequipo.com.mx\/storage\/2016\/06\/UMPC_opt1.jpg","width":808,"height":600},{"@type":"BreadcrumbList","@id":"https:\/\/www.sonoraenequipo.com.mx\/emite-umpc-recomendaciones-evitar-enfermedades-calor\/#breadcrumb","itemListElement":[{"@type":"ListItem","position":1,"name":"Portada","item":"https:\/\/www.sonoraenequipo.com.mx\/"},{"@type":"ListItem","position":2,"name":"Emite UMPC recomendaciones para evitar enfermedades por calor"}]},{"@type":"WebSite","@id":"https:\/\/www.sonoraenequipo.com.mx\/#website","url":"https:\/\/www.sonoraenequipo.com.mx\/","name":"Sonora en Equipo.","description":"Diario en l\u00ednea con Noticias desde Hermosillo, Sonora","publisher":{"@id":"https:\/\/www.sonoraenequipo.com.mx\/#organization"},"potentialAction":[{"@type":"SearchAction","target":{"@type":"EntryPoint","urlTemplate":"https:\/\/www.sonoraenequipo.com.mx\/?s={search_term_string}"},"query-input":{"@type":"PropertyValueSpecification","valueRequired":true,"valueName":"search_term_string"}}],"inLanguage":"es"},{"@type":"Organization","@id":"https:\/\/www.sonoraenequipo.com.mx\/#organization","name":"Sonoraenequipo.com.mx","url":"https:\/\/www.sonoraenequipo.com.mx\/","logo":{"@type":"ImageObject","inLanguage":"es","@id":"https:\/\/www.sonoraenequipo.com.mx\/#\/schema\/logo\/image\/","url":"https:\/\/www.sonoraenequipo.com.mx\/storage\/2019\/01\/sonoraenequipo_opt.png","contentUrl":"https:\/\/www.sonoraenequipo.com.mx\/storage\/2019\/01\/sonoraenequipo_opt.png","width":375,"height":125,"caption":"Sonoraenequipo.com.mx"},"image":{"@id":"https:\/\/www.sonoraenequipo.com.mx\/#\/schema\/logo\/image\/"},"sameAs":["https:\/\/www.facebook.com\/SonoraEE\/","https:\/\/x.com\/sonoraenequipo","https:\/\/www.youtube.com\/channel\/UC338nW-lPEYmJQs4ZABQ1SQ"]},{"@type":"Person","@id":"https:\/\/www.sonoraenequipo.com.mx\/#\/schema\/person\/50102df0fb23a8fa9e8effad8fa81386","name":"enequipo","image":{"@type":"ImageObject","inLanguage":"es","@id":"https:\/\/www.sonoraenequipo.com.mx\/#\/schema\/person\/image\/","url":"https:\/\/secure.gravatar.com\/avatar\/049821681b589dabc0bc20695993ccebb09f5b5d4d790cd9251b97faac7c652b?s=96&d=blank&r=g","contentUrl":"https:\/\/secure.gravatar.com\/avatar\/049821681b589dabc0bc20695993ccebb09f5b5d4d790cd9251b97faac7c652b?s=96&d=blank&r=g","caption":"enequipo"},"sameAs":["https:\/\/www.facebook.com\/SonoraEE"]}]}},"jetpack_featured_media_url":"https:\/\/www.sonoraenequipo.com.mx\/storage\/2016\/06\/UMPC_opt1.jpg","_links":{"self":[{"href":"https:\/\/www.sonoraenequipo.com.mx\/api\/wp\/v2\/posts\/7724","targetHints":{"allow":["GET"]}}],"collection":[{"href":"https:\/\/www.sonoraenequipo.com.mx\/api\/wp\/v2\/posts"}],"about":[{"href":"https:\/\/www.sonoraenequipo.com.mx\/api\/wp\/v2\/types\/post"}],"author":[{"embeddable":true,"href":"https:\/\/www.sonoraenequipo.com.mx\/api\/wp\/v2\/users\/1"}],"replies":[{"embeddable":true,"href":"https:\/\/www.sonoraenequipo.com.mx\/api\/wp\/v2\/comments?post=7724"}],"version-history":[{"count":0,"href":"https:\/\/www.sonoraenequipo.com.mx\/api\/wp\/v2\/posts\/7724\/revisions"}],"wp:featuredmedia":[{"embeddable":true,"href":"https:\/\/www.sonoraenequipo.com.mx\/api\/wp\/v2\/media\/7725"}],"wp:attachment":[{"href":"https:\/\/www.sonoraenequipo.com.mx\/api\/wp\/v2\/media?parent=7724"}],"wp:term":[{"taxonomy":"category","embeddable":true,"href":"https:\/\/www.sonoraenequipo.com.mx\/api\/wp\/v2\/categories?post=7724"},{"taxonomy":"post_tag","embeddable":true,"href":"https:\/\/www.sonoraenequipo.com.mx\/api\/wp\/v2\/tags?post=7724"}],"curies":[{"name":"wp","href":"https:\/\/api.w.org\/{rel}","templated":true}]}}