{"id":7727,"date":"2016-06-01T13:30:48","date_gmt":"2016-06-01T13:30:48","guid":{"rendered":"http:\/\/www.sonoraenequipo.com.mx\/?p=7727"},"modified":"2016-06-02T22:30:35","modified_gmt":"2016-06-02T22:30:35","slug":"reconocen-carrera-artistica-gilberto-sahuaripa-valenzuela","status":"publish","type":"post","link":"https:\/\/www.sonoraenequipo.com.mx\/reconocen-carrera-artistica-gilberto-sahuaripa-valenzuela\/","title":{"rendered":"Reconocen carrera art\u00edstica de Gilberto \u00abEl Sahuaripa\u00bb Valenzuela"},"content":{"rendered":"<p>HERMOSILLO, SONORA.MX.\u2014 Con m\u00e1s de 6 d\u00e9cadas de carrera art\u00edstica y de poner en alto el nombre del Estado de Sonora con su m\u00fasica vern\u00e1cula, <strong>Gilberto \u00abEl Sahuaripa\u00bb Valenzuela<\/strong> recibi\u00f3 un reconocimiento del <em>Presidente Municipal,<\/em> <strong>Manuel Ignacio Maloro Acosta,<\/strong> en el escenario de la Plaza Hidalgo del Festival del Pitic 2016. <\/p>\n<p><em>\u201cEs un homenaje a <strong>Gilberto Valenzuela,<\/strong> que es una de las grandes figuras que ha dado nuestro Estado, adem\u00e1s de ser un ejemplo que se ha forjado desde muy chico, al derribar barreras en sus presentaciones hasta que logr\u00f3 ganar el Festival OTI en 1976\u201d,<\/em> manifest\u00f3.<\/p>\n<p>Queremos reconocer y decir que hay toda una generaci\u00f3n que tambi\u00e9n lo ve como un ejemplo de tenacidad, disciplina y talento, coment\u00f3 Maloro Acosta, pero sobre todo ese valor de participar en toda las actividades para sobresalir en su \u00e1rea.<\/p>\n<p><em>\u201cEs importante recordar el pasado para poder avanzar hacia el futuro que realmente queremos y debemos honrar a los grandes valores que han puesto en alto nuestras ra\u00edces y nuestro Estado\u201d,<\/em> subray\u00f3.<\/p>\n<p><strong>Ricardo Acedo Samaniego,<\/strong> <em>Dirigente Nacional del Sindicato de Trabajadores de la Industria de la Radio y la Televisi\u00f3n (Stirt)<\/em>, dijo que hablar de <strong>Gilberto Valenzuela<\/strong> es hablar de toda una tradici\u00f3n dentro de la canci\u00f3n vern\u00e1cula y mexicana, quien es orgullosamente sonorense de Sahuaripa, y a sus 81 a\u00f1os de edad sigue siendo un grande con un coraz\u00f3n joven.<\/p>\n<p>En 1965 el corrido El Moro de Cumpas fue esencia para un marat\u00f3n musical por Catedral, record\u00f3, y en ese entonces ya ve\u00edamos a Gilberto como un enorme talento que posteriormente supo conquistar al Pa\u00eds, como un orgullo de Sahuaripa, Sonora.<\/p>\n<p><em>\u201cEs muy emocionante y lindo encontrarte con tu gente, y agradezco al Presidente Municipal por tomar en cuenta a mi persona para estas festividades que van a presentar a Hermosillo a nivel mundial, porque se trajo lo mejor lo mejor de la cultura y m\u00fasica de todos los tipos\u201d,<\/em> expres\u00f3 el homenajeado.<\/p>\n<p>Este fue un festival que he checado desde el primer d\u00eda y todo fue extraordinario, toda la organizaci\u00f3n, precis\u00f3, por lo que es un honor estar aqu\u00ed en mi tierra y con mi gente, a quienes les debo todo y lo mucho que he logrado.<\/p>\n<p>Los acompa\u00f1aron <strong>Jos\u00e9 Cruz Victor\u00edn,<\/strong><em> Secretario del Stirt Hermosillo<\/em>; <strong>Margarita Torres Ibarra,<\/strong> <em>Directora del Instituto Municipal de Cultura y Arte (IMCA);<\/em> y<strong> Mario Welfo \u00c1lvarez Beltr\u00e1n,<\/strong><em> Director del Instituto Sonorense de Cultura (ISC).<\/em><\/p>\n<p>Posterior a la entrega de reconocimiento, las autoridades presenciaron la interpretaci\u00f3n de algunos de los tradicionales temas de \u201cEl Sahuaripa\u201d, para ser relevado por el cantante del mismo g\u00e9nero, <strong>Miguel del Castillo y el Mariachi Juvenil de Sonora.<\/strong><br \/>\n(Fecha de publicaci\u00f3n: 01062016)<\/p>\n","protected":false},"excerpt":{"rendered":"<p>HERMOSILLO, SONORA.MX.\u2014 Con m\u00e1s de 6 d\u00e9cadas de carrera art\u00edstica y de poner en alto&#8230;<\/p>\n","protected":false},"author":1,"featured_media":7728,"comment_status":"open","ping_status":"open","sticky":false,"template":"","format":"standard","meta":{"_monsterinsights_skip_tracking":false,"_monsterinsights_sitenote_active":false,"_monsterinsights_sitenote_note":"","_monsterinsights_sitenote_category":0,"footnotes":""},"categories":[4,1],"tags":[],"class_list":["post"],"yoast_head":" \n<title>Sonora en Equipo. Reconocen carrera art\u00edstica de Gilberto &quot;El Sahuaripa&quot; Valenzuela Sin categorizar<\/title>\n<meta name=\"description\" content=\"HERMOSILLO, SONORA.MX.\u2014 Con m\u00e1s de 6 d\u00e9cadas de carrera art\u00edstica y de poner en alto el nombre del Estado de Sonora con su m\u00fasica vern\u00e1cula, Gilberto &quot;El En Sonora en Equipo publicamos toda la informaci\u00f3n de Sonora, M\u00e9xico y el Mundo de manera oportuna y busca que la libertad de expresi\u00f3n sea real. Visita nuestro medio informativo publicado desde Hermosillo, Sonora. %\" \/>\n<meta name=\"robots\" content=\"index, follow, max-snippet:-1, max-image-preview:large, max-video-preview:-1\" \/>\n<link rel=\"canonical\" href=\"https:\/\/www.sonoraenequipo.com.mx\/reconocen-carrera-artistica-gilberto-sahuaripa-valenzuela\/\" \/>\n<meta property=\"og:locale\" content=\"es_ES\" \/>\n<meta property=\"og:type\" content=\"article\" \/>\n<meta property=\"og:title\" content=\"Sonora en Equipo. Reconocen carrera art\u00edstica de Gilberto &quot;El Sahuaripa&quot; Valenzuela Sin categorizar\" \/>\n<meta property=\"og:description\" content=\"HERMOSILLO, SONORA.MX.\u2014 Con m\u00e1s de 6 d\u00e9cadas de carrera art\u00edstica y de poner en alto el nombre del Estado de Sonora con su m\u00fasica vern\u00e1cula, Gilberto &quot;El En Sonora en Equipo publicamos toda la informaci\u00f3n de Sonora, M\u00e9xico y el Mundo de manera oportuna y busca que la libertad de expresi\u00f3n sea real. Visita nuestro medio informativo publicado desde Hermosillo, Sonora. %\" \/>\n<meta property=\"og:url\" content=\"https:\/\/www.sonoraenequipo.com.mx\/reconocen-carrera-artistica-gilberto-sahuaripa-valenzuela\/\" \/>\n<meta property=\"og:site_name\" content=\"Sonora en Equipo.\" \/>\n<meta property=\"article:publisher\" content=\"https:\/\/www.facebook.com\/SonoraEE\/\" \/>\n<meta property=\"article:author\" content=\"https:\/\/www.facebook.com\/SonoraEE\" \/>\n<meta property=\"article:published_time\" content=\"2016-06-01T13:30:48+00:00\" \/>\n<meta property=\"article:modified_time\" content=\"2016-06-02T22:30:35+00:00\" \/>\n<meta property=\"og:image\" content=\"https:\/\/www.sonoraenequipo.com.mx\/storage\/2016\/06\/sahuaripa_opt.jpg\" \/>\n\t<meta property=\"og:image:width\" content=\"777\" \/>\n\t<meta property=\"og:image:height\" content=\"600\" \/>\n\t<meta property=\"og:image:type\" content=\"image\/jpeg\" \/>\n<meta name=\"author\" content=\"enequipo\" \/>\n<meta name=\"twitter:card\" content=\"summary_large_image\" \/>\n<meta name=\"twitter:creator\" content=\"@sonoraenequipo\" \/>\n<meta name=\"twitter:site\" content=\"@sonoraenequipo\" \/>\n<meta name=\"twitter:label1\" content=\"Escrito por\" \/>\n\t<meta name=\"twitter:data1\" content=\"enequipo\" \/>\n\t<meta name=\"twitter:label2\" content=\"Tiempo de lectura\" \/>\n\t<meta name=\"twitter:data2\" content=\"2 minutos\" \/>\n<script type=\"application\/ld+json\" class=\"yoast-schema-graph\">{\"@context\":\"https:\/\/schema.org\",\"@graph\":[{\"@type\":\"Article\",\"@id\":\"https:\/\/www.sonoraenequipo.com.mx\/reconocen-carrera-artistica-gilberto-sahuaripa-valenzuela\/#article\",\"isPartOf\":{\"@id\":\"https:\/\/www.sonoraenequipo.com.mx\/reconocen-carrera-artistica-gilberto-sahuaripa-valenzuela\/\"},\"author\":{\"name\":\"enequipo\",\"@id\":\"https:\/\/www.sonoraenequipo.com.mx\/#\/schema\/person\/50102df0fb23a8fa9e8effad8fa81386\"},\"headline\":\"Reconocen carrera art\u00edstica de Gilberto \u00abEl Sahuaripa\u00bb Valenzuela\",\"datePublished\":\"2016-06-01T13:30:48+00:00\",\"dateModified\":\"2016-06-02T22:30:35+00:00\",\"mainEntityOfPage\":{\"@id\":\"https:\/\/www.sonoraenequipo.com.mx\/reconocen-carrera-artistica-gilberto-sahuaripa-valenzuela\/\"},\"wordCount\":472,\"commentCount\":0,\"publisher\":{\"@id\":\"https:\/\/www.sonoraenequipo.com.mx\/#organization\"},\"image\":{\"@id\":\"https:\/\/www.sonoraenequipo.com.mx\/reconocen-carrera-artistica-gilberto-sahuaripa-valenzuela\/#primaryimage\"},\"thumbnailUrl\":\"https:\/\/www.sonoraenequipo.com.mx\/storage\/2016\/06\/sahuaripa_opt.jpg\",\"articleSection\":[\"Municipios\",\"Sin categorizar\"],\"inLanguage\":\"es\",\"potentialAction\":[{\"@type\":\"CommentAction\",\"name\":\"Comment\",\"target\":[\"https:\/\/www.sonoraenequipo.com.mx\/reconocen-carrera-artistica-gilberto-sahuaripa-valenzuela\/#respond\"]}]},{\"@type\":\"WebPage\",\"@id\":\"https:\/\/www.sonoraenequipo.com.mx\/reconocen-carrera-artistica-gilberto-sahuaripa-valenzuela\/\",\"url\":\"https:\/\/www.sonoraenequipo.com.mx\/reconocen-carrera-artistica-gilberto-sahuaripa-valenzuela\/\",\"name\":\"Sonora en Equipo. Reconocen carrera art\u00edstica de Gilberto \\\"El Sahuaripa\\\" Valenzuela Sin categorizar\",\"isPartOf\":{\"@id\":\"https:\/\/www.sonoraenequipo.com.mx\/#website\"},\"primaryImageOfPage\":{\"@id\":\"https:\/\/www.sonoraenequipo.com.mx\/reconocen-carrera-artistica-gilberto-sahuaripa-valenzuela\/#primaryimage\"},\"image\":{\"@id\":\"https:\/\/www.sonoraenequipo.com.mx\/reconocen-carrera-artistica-gilberto-sahuaripa-valenzuela\/#primaryimage\"},\"thumbnailUrl\":\"https:\/\/www.sonoraenequipo.com.mx\/storage\/2016\/06\/sahuaripa_opt.jpg\",\"datePublished\":\"2016-06-01T13:30:48+00:00\",\"dateModified\":\"2016-06-02T22:30:35+00:00\",\"description\":\"HERMOSILLO, SONORA.MX.\u2014 Con m\u00e1s de 6 d\u00e9cadas de carrera art\u00edstica y de poner en alto el nombre del Estado de Sonora con su m\u00fasica vern\u00e1cula, Gilberto \\\"El En Sonora en Equipo publicamos toda la informaci\u00f3n de Sonora, M\u00e9xico y el Mundo de manera oportuna y busca que la libertad de expresi\u00f3n sea real. Visita nuestro medio informativo publicado desde Hermosillo, Sonora. %\",\"breadcrumb\":{\"@id\":\"https:\/\/www.sonoraenequipo.com.mx\/reconocen-carrera-artistica-gilberto-sahuaripa-valenzuela\/#breadcrumb\"},\"inLanguage\":\"es\",\"potentialAction\":[{\"@type\":\"ReadAction\",\"target\":[\"https:\/\/www.sonoraenequipo.com.mx\/reconocen-carrera-artistica-gilberto-sahuaripa-valenzuela\/\"]}]},{\"@type\":\"ImageObject\",\"inLanguage\":\"es\",\"@id\":\"https:\/\/www.sonoraenequipo.com.mx\/reconocen-carrera-artistica-gilberto-sahuaripa-valenzuela\/#primaryimage\",\"url\":\"https:\/\/www.sonoraenequipo.com.mx\/storage\/2016\/06\/sahuaripa_opt.jpg\",\"contentUrl\":\"https:\/\/www.sonoraenequipo.com.mx\/storage\/2016\/06\/sahuaripa_opt.jpg\",\"width\":777,\"height\":600},{\"@type\":\"BreadcrumbList\",\"@id\":\"https:\/\/www.sonoraenequipo.com.mx\/reconocen-carrera-artistica-gilberto-sahuaripa-valenzuela\/#breadcrumb\",\"itemListElement\":[{\"@type\":\"ListItem\",\"position\":1,\"name\":\"Portada\",\"item\":\"https:\/\/www.sonoraenequipo.com.mx\/\"},{\"@type\":\"ListItem\",\"position\":2,\"name\":\"Reconocen carrera art\u00edstica de Gilberto \u00abEl Sahuaripa\u00bb Valenzuela\"}]},{\"@type\":\"WebSite\",\"@id\":\"https:\/\/www.sonoraenequipo.com.mx\/#website\",\"url\":\"https:\/\/www.sonoraenequipo.com.mx\/\",\"name\":\"Sonora en Equipo.\",\"description\":\"Diario en l\u00ednea con Noticias desde Hermosillo, Sonora\",\"publisher\":{\"@id\":\"https:\/\/www.sonoraenequipo.com.mx\/#organization\"},\"potentialAction\":[{\"@type\":\"SearchAction\",\"target\":{\"@type\":\"EntryPoint\",\"urlTemplate\":\"https:\/\/www.sonoraenequipo.com.mx\/?s={search_term_string}\"},\"query-input\":{\"@type\":\"PropertyValueSpecification\",\"valueRequired\":true,\"valueName\":\"search_term_string\"}}],\"inLanguage\":\"es\"},{\"@type\":\"Organization\",\"@id\":\"https:\/\/www.sonoraenequipo.com.mx\/#organization\",\"name\":\"Sonoraenequipo.com.mx\",\"url\":\"https:\/\/www.sonoraenequipo.com.mx\/\",\"logo\":{\"@type\":\"ImageObject\",\"inLanguage\":\"es\",\"@id\":\"https:\/\/www.sonoraenequipo.com.mx\/#\/schema\/logo\/image\/\",\"url\":\"https:\/\/www.sonoraenequipo.com.mx\/storage\/2019\/01\/sonoraenequipo_opt.png\",\"contentUrl\":\"https:\/\/www.sonoraenequipo.com.mx\/storage\/2019\/01\/sonoraenequipo_opt.png\",\"width\":375,\"height\":125,\"caption\":\"Sonoraenequipo.com.mx\"},\"image\":{\"@id\":\"https:\/\/www.sonoraenequipo.com.mx\/#\/schema\/logo\/image\/\"},\"sameAs\":[\"https:\/\/www.facebook.com\/SonoraEE\/\",\"https:\/\/x.com\/sonoraenequipo\",\"https:\/\/www.youtube.com\/channel\/UC338nW-lPEYmJQs4ZABQ1SQ\"]},{\"@type\":\"Person\",\"@id\":\"https:\/\/www.sonoraenequipo.com.mx\/#\/schema\/person\/50102df0fb23a8fa9e8effad8fa81386\",\"name\":\"enequipo\",\"image\":{\"@type\":\"ImageObject\",\"inLanguage\":\"es\",\"@id\":\"https:\/\/www.sonoraenequipo.com.mx\/#\/schema\/person\/image\/\",\"url\":\"https:\/\/secure.gravatar.com\/avatar\/049821681b589dabc0bc20695993ccebb09f5b5d4d790cd9251b97faac7c652b?s=96&d=blank&r=g\",\"contentUrl\":\"https:\/\/secure.gravatar.com\/avatar\/049821681b589dabc0bc20695993ccebb09f5b5d4d790cd9251b97faac7c652b?s=96&d=blank&r=g\",\"caption\":\"enequipo\"},\"sameAs\":[\"https:\/\/www.facebook.com\/SonoraEE\"]}]}<\/script>\n ","yoast_head_json":{"title":"Sonora en Equipo. Reconocen carrera art\u00edstica de Gilberto \"El Sahuaripa\" Valenzuela Sin categorizar","description":"HERMOSILLO, SONORA.MX.\u2014 Con m\u00e1s de 6 d\u00e9cadas de carrera art\u00edstica y de poner en alto el nombre del Estado de Sonora con su m\u00fasica vern\u00e1cula, Gilberto \"El En Sonora en Equipo publicamos toda la informaci\u00f3n de Sonora, M\u00e9xico y el Mundo de manera oportuna y busca que la libertad de expresi\u00f3n sea real. Visita nuestro medio informativo publicado desde Hermosillo, Sonora. %","robots":{"index":"index","follow":"follow","max-snippet":"max-snippet:-1","max-image-preview":"max-image-preview:large","max-video-preview":"max-video-preview:-1"},"canonical":"https:\/\/www.sonoraenequipo.com.mx\/reconocen-carrera-artistica-gilberto-sahuaripa-valenzuela\/","og_locale":"es_ES","og_type":"article","og_title":"Sonora en Equipo. Reconocen carrera art\u00edstica de Gilberto \"El Sahuaripa\" Valenzuela Sin categorizar","og_description":"HERMOSILLO, SONORA.MX.\u2014 Con m\u00e1s de 6 d\u00e9cadas de carrera art\u00edstica y de poner en alto el nombre del Estado de Sonora con su m\u00fasica vern\u00e1cula, Gilberto \"El En Sonora en Equipo publicamos toda la informaci\u00f3n de Sonora, M\u00e9xico y el Mundo de manera oportuna y busca que la libertad de expresi\u00f3n sea real. Visita nuestro medio informativo publicado desde Hermosillo, Sonora. %","og_url":"https:\/\/www.sonoraenequipo.com.mx\/reconocen-carrera-artistica-gilberto-sahuaripa-valenzuela\/","og_site_name":"Sonora en Equipo.","article_publisher":"https:\/\/www.facebook.com\/SonoraEE\/","article_author":"https:\/\/www.facebook.com\/SonoraEE","article_published_time":"2016-06-01T13:30:48+00:00","article_modified_time":"2016-06-02T22:30:35+00:00","og_image":[{"width":777,"height":600,"url":"https:\/\/www.sonoraenequipo.com.mx\/storage\/2016\/06\/sahuaripa_opt.jpg","type":"image\/jpeg"}],"author":"enequipo","twitter_card":"summary_large_image","twitter_creator":"@sonoraenequipo","twitter_site":"@sonoraenequipo","twitter_misc":{"Escrito por":"enequipo","Tiempo de lectura":"2 minutos"},"schema":{"@context":"https:\/\/schema.org","@graph":[{"@type":"Article","@id":"https:\/\/www.sonoraenequipo.com.mx\/reconocen-carrera-artistica-gilberto-sahuaripa-valenzuela\/#article","isPartOf":{"@id":"https:\/\/www.sonoraenequipo.com.mx\/reconocen-carrera-artistica-gilberto-sahuaripa-valenzuela\/"},"author":{"name":"enequipo","@id":"https:\/\/www.sonoraenequipo.com.mx\/#\/schema\/person\/50102df0fb23a8fa9e8effad8fa81386"},"headline":"Reconocen carrera art\u00edstica de Gilberto \u00abEl Sahuaripa\u00bb Valenzuela","datePublished":"2016-06-01T13:30:48+00:00","dateModified":"2016-06-02T22:30:35+00:00","mainEntityOfPage":{"@id":"https:\/\/www.sonoraenequipo.com.mx\/reconocen-carrera-artistica-gilberto-sahuaripa-valenzuela\/"},"wordCount":472,"commentCount":0,"publisher":{"@id":"https:\/\/www.sonoraenequipo.com.mx\/#organization"},"image":{"@id":"https:\/\/www.sonoraenequipo.com.mx\/reconocen-carrera-artistica-gilberto-sahuaripa-valenzuela\/#primaryimage"},"thumbnailUrl":"https:\/\/www.sonoraenequipo.com.mx\/storage\/2016\/06\/sahuaripa_opt.jpg","articleSection":["Municipios","Sin categorizar"],"inLanguage":"es","potentialAction":[{"@type":"CommentAction","name":"Comment","target":["https:\/\/www.sonoraenequipo.com.mx\/reconocen-carrera-artistica-gilberto-sahuaripa-valenzuela\/#respond"]}]},{"@type":"WebPage","@id":"https:\/\/www.sonoraenequipo.com.mx\/reconocen-carrera-artistica-gilberto-sahuaripa-valenzuela\/","url":"https:\/\/www.sonoraenequipo.com.mx\/reconocen-carrera-artistica-gilberto-sahuaripa-valenzuela\/","name":"Sonora en Equipo. Reconocen carrera art\u00edstica de Gilberto \"El Sahuaripa\" Valenzuela Sin categorizar","isPartOf":{"@id":"https:\/\/www.sonoraenequipo.com.mx\/#website"},"primaryImageOfPage":{"@id":"https:\/\/www.sonoraenequipo.com.mx\/reconocen-carrera-artistica-gilberto-sahuaripa-valenzuela\/#primaryimage"},"image":{"@id":"https:\/\/www.sonoraenequipo.com.mx\/reconocen-carrera-artistica-gilberto-sahuaripa-valenzuela\/#primaryimage"},"thumbnailUrl":"https:\/\/www.sonoraenequipo.com.mx\/storage\/2016\/06\/sahuaripa_opt.jpg","datePublished":"2016-06-01T13:30:48+00:00","dateModified":"2016-06-02T22:30:35+00:00","description":"HERMOSILLO, SONORA.MX.\u2014 Con m\u00e1s de 6 d\u00e9cadas de carrera art\u00edstica y de poner en alto el nombre del Estado de Sonora con su m\u00fasica vern\u00e1cula, Gilberto \"El En Sonora en Equipo publicamos toda la informaci\u00f3n de Sonora, M\u00e9xico y el Mundo de manera oportuna y busca que la libertad de expresi\u00f3n sea real. Visita nuestro medio informativo publicado desde Hermosillo, Sonora. %","breadcrumb":{"@id":"https:\/\/www.sonoraenequipo.com.mx\/reconocen-carrera-artistica-gilberto-sahuaripa-valenzuela\/#breadcrumb"},"inLanguage":"es","potentialAction":[{"@type":"ReadAction","target":["https:\/\/www.sonoraenequipo.com.mx\/reconocen-carrera-artistica-gilberto-sahuaripa-valenzuela\/"]}]},{"@type":"ImageObject","inLanguage":"es","@id":"https:\/\/www.sonoraenequipo.com.mx\/reconocen-carrera-artistica-gilberto-sahuaripa-valenzuela\/#primaryimage","url":"https:\/\/www.sonoraenequipo.com.mx\/storage\/2016\/06\/sahuaripa_opt.jpg","contentUrl":"https:\/\/www.sonoraenequipo.com.mx\/storage\/2016\/06\/sahuaripa_opt.jpg","width":777,"height":600},{"@type":"BreadcrumbList","@id":"https:\/\/www.sonoraenequipo.com.mx\/reconocen-carrera-artistica-gilberto-sahuaripa-valenzuela\/#breadcrumb","itemListElement":[{"@type":"ListItem","position":1,"name":"Portada","item":"https:\/\/www.sonoraenequipo.com.mx\/"},{"@type":"ListItem","position":2,"name":"Reconocen carrera art\u00edstica de Gilberto \u00abEl Sahuaripa\u00bb Valenzuela"}]},{"@type":"WebSite","@id":"https:\/\/www.sonoraenequipo.com.mx\/#website","url":"https:\/\/www.sonoraenequipo.com.mx\/","name":"Sonora en Equipo.","description":"Diario en l\u00ednea con Noticias desde Hermosillo, Sonora","publisher":{"@id":"https:\/\/www.sonoraenequipo.com.mx\/#organization"},"potentialAction":[{"@type":"SearchAction","target":{"@type":"EntryPoint","urlTemplate":"https:\/\/www.sonoraenequipo.com.mx\/?s={search_term_string}"},"query-input":{"@type":"PropertyValueSpecification","valueRequired":true,"valueName":"search_term_string"}}],"inLanguage":"es"},{"@type":"Organization","@id":"https:\/\/www.sonoraenequipo.com.mx\/#organization","name":"Sonoraenequipo.com.mx","url":"https:\/\/www.sonoraenequipo.com.mx\/","logo":{"@type":"ImageObject","inLanguage":"es","@id":"https:\/\/www.sonoraenequipo.com.mx\/#\/schema\/logo\/image\/","url":"https:\/\/www.sonoraenequipo.com.mx\/storage\/2019\/01\/sonoraenequipo_opt.png","contentUrl":"https:\/\/www.sonoraenequipo.com.mx\/storage\/2019\/01\/sonoraenequipo_opt.png","width":375,"height":125,"caption":"Sonoraenequipo.com.mx"},"image":{"@id":"https:\/\/www.sonoraenequipo.com.mx\/#\/schema\/logo\/image\/"},"sameAs":["https:\/\/www.facebook.com\/SonoraEE\/","https:\/\/x.com\/sonoraenequipo","https:\/\/www.youtube.com\/channel\/UC338nW-lPEYmJQs4ZABQ1SQ"]},{"@type":"Person","@id":"https:\/\/www.sonoraenequipo.com.mx\/#\/schema\/person\/50102df0fb23a8fa9e8effad8fa81386","name":"enequipo","image":{"@type":"ImageObject","inLanguage":"es","@id":"https:\/\/www.sonoraenequipo.com.mx\/#\/schema\/person\/image\/","url":"https:\/\/secure.gravatar.com\/avatar\/049821681b589dabc0bc20695993ccebb09f5b5d4d790cd9251b97faac7c652b?s=96&d=blank&r=g","contentUrl":"https:\/\/secure.gravatar.com\/avatar\/049821681b589dabc0bc20695993ccebb09f5b5d4d790cd9251b97faac7c652b?s=96&d=blank&r=g","caption":"enequipo"},"sameAs":["https:\/\/www.facebook.com\/SonoraEE"]}]}},"jetpack_featured_media_url":"https:\/\/www.sonoraenequipo.com.mx\/storage\/2016\/06\/sahuaripa_opt.jpg","_links":{"self":[{"href":"https:\/\/www.sonoraenequipo.com.mx\/api\/wp\/v2\/posts\/7727","targetHints":{"allow":["GET"]}}],"collection":[{"href":"https:\/\/www.sonoraenequipo.com.mx\/api\/wp\/v2\/posts"}],"about":[{"href":"https:\/\/www.sonoraenequipo.com.mx\/api\/wp\/v2\/types\/post"}],"author":[{"embeddable":true,"href":"https:\/\/www.sonoraenequipo.com.mx\/api\/wp\/v2\/users\/1"}],"replies":[{"embeddable":true,"href":"https:\/\/www.sonoraenequipo.com.mx\/api\/wp\/v2\/comments?post=7727"}],"version-history":[{"count":0,"href":"https:\/\/www.sonoraenequipo.com.mx\/api\/wp\/v2\/posts\/7727\/revisions"}],"wp:featuredmedia":[{"embeddable":true,"href":"https:\/\/www.sonoraenequipo.com.mx\/api\/wp\/v2\/media\/7728"}],"wp:attachment":[{"href":"https:\/\/www.sonoraenequipo.com.mx\/api\/wp\/v2\/media?parent=7727"}],"wp:term":[{"taxonomy":"category","embeddable":true,"href":"https:\/\/www.sonoraenequipo.com.mx\/api\/wp\/v2\/categories?post=7727"},{"taxonomy":"post_tag","embeddable":true,"href":"https:\/\/www.sonoraenequipo.com.mx\/api\/wp\/v2\/tags?post=7727"}],"curies":[{"name":"wp","href":"https:\/\/api.w.org\/{rel}","templated":true}]}}