{"id":77290,"date":"2020-02-04T23:55:28","date_gmt":"2020-02-05T06:55:28","guid":{"rendered":"https:\/\/www.sonoraenequipo.com.mx\/?p=77290"},"modified":"2020-02-04T20:01:33","modified_gmt":"2020-02-05T03:01:33","slug":"greenpeace-despliega-cartel-sobre-siemens-incendios-comienzan-aqui","status":"publish","type":"post","link":"https:\/\/www.sonoraenequipo.com.mx\/greenpeace-despliega-cartel-sobre-siemens-incendios-comienzan-aqui\/","title":{"rendered":"Greenpeace despliega cartel sobre Siemens: \u201cIncendios comienzan aqu\u00ed\u201d"},"content":{"rendered":"<p>MUNICH, ALEMANIA. \u2014 Activistas de la organizaci\u00f3n ecologista Greenpeace desplegaron hoy una pancarta sobre el techo de la central de la empresa alemana Siemens en M\u00fanich, un d\u00eda antes de la asamblea general de accionistas.<\/p>\n<p>&nbsp;<\/p>\n<p> <\/p>\n<p>&nbsp;<\/p>\n<p>&nbsp;<\/p>\n<p>Sobre el cartel se le\u00eda: <em>\u201cLos incendios forestales comienzan aqu\u00ed\u201d.<\/em> De esa manera, la organizaci\u00f3n protest\u00f3 contra el apoyo del grupo alem\u00e1n a un gigantesco proyecto minero carbon\u00edfero del grupo Adani en Australia.<\/p>\n<p>&nbsp;<\/p>\n<p>&nbsp;<\/p>\n<p>Siemens entregar\u00e1 al proyecto un sistema de se\u00f1alizaci\u00f3n de trenes por un valor de unos 18 millones de euros, por lo que est\u00e1 siendo duramente criticada por activistas clim\u00e1ticos.<\/p>\n<p>&nbsp;<\/p>\n<p>&nbsp;<\/p>\n<p>El director ejecutivo de Siemens, Joe Kaeser, en principio hab\u00eda anunciado en diciembre que congelar\u00eda la entrega para volver a analizarla y se reuni\u00f3, entre otros, con la activista de Fridays for Future Luisa Neubauer.<\/p>\n<p>&nbsp;<\/p>\n<p>&nbsp;<\/p>\n<p>En enero, sin embargo, dio a conocer que Siemens cumplir\u00e1 con el contrato firmado con Adani.<\/p>\n<p>&nbsp;<\/p>\n<p>&nbsp;<\/p>\n<p>Diferentes agrupaciones anunciaron protestas para este mi\u00e9recoles con motivo de la asamblea de accionistas, entre ellas, Fridays for Future, Extinction Rebellion, Campact y Greenpeace.<\/p>\n<p>&nbsp;<\/p>\n<p>&nbsp;<\/p>\n<p>PUBLICADO EL 04\/02\/2020 \/ Con informaci\u00f3n de DPA News)<\/p>\n","protected":false},"excerpt":{"rendered":"<p>MUNICH, ALEMANIA. \u2014 Activistas de la organizaci\u00f3n ecologista Greenpeace desplegaron hoy una pancarta sobre el&#8230;<\/p>\n","protected":false},"author":1,"featured_media":77280,"comment_status":"open","ping_status":"open","sticky":false,"template":"","format":"standard","meta":{"_monsterinsights_skip_tracking":false,"_monsterinsights_sitenote_active":false,"_monsterinsights_sitenote_note":"","_monsterinsights_sitenote_category":0,"footnotes":""},"categories":[3],"tags":[],"class_list":["post"],"yoast_head":" \n<title>Sonora en Equipo. Greenpeace despliega cartel sobre Siemens: \u201cIncendios comienzan aqu\u00ed\u201d MUNDO<\/title>\n<meta name=\"description\" content=\"MUNICH, ALEMANIA. \u2014 Activistas de la organizaci\u00f3n ecologista Greenpeace desplegaron hoy una pancarta sobre el techo de la central de la empresa alemana En Sonora en Equipo publicamos toda la informaci\u00f3n de Sonora, M\u00e9xico y el Mundo de manera oportuna y busca que la libertad de expresi\u00f3n sea real. Visita nuestro medio informativo publicado desde Hermosillo, Sonora. %\" \/>\n<meta name=\"robots\" content=\"index, follow, max-snippet:-1, max-image-preview:large, max-video-preview:-1\" \/>\n<link rel=\"canonical\" href=\"https:\/\/www.sonoraenequipo.com.mx\/greenpeace-despliega-cartel-sobre-siemens-incendios-comienzan-aqui\/\" \/>\n<meta property=\"og:locale\" content=\"es_ES\" \/>\n<meta property=\"og:type\" content=\"article\" \/>\n<meta property=\"og:title\" content=\"Sonora en Equipo. Greenpeace despliega cartel sobre Siemens: \u201cIncendios comienzan aqu\u00ed\u201d MUNDO\" \/>\n<meta property=\"og:description\" content=\"MUNICH, ALEMANIA. \u2014 Activistas de la organizaci\u00f3n ecologista Greenpeace desplegaron hoy una pancarta sobre el techo de la central de la empresa alemana En Sonora en Equipo publicamos toda la informaci\u00f3n de Sonora, M\u00e9xico y el Mundo de manera oportuna y busca que la libertad de expresi\u00f3n sea real. Visita nuestro medio informativo publicado desde Hermosillo, Sonora. %\" \/>\n<meta property=\"og:url\" content=\"https:\/\/www.sonoraenequipo.com.mx\/greenpeace-despliega-cartel-sobre-siemens-incendios-comienzan-aqui\/\" \/>\n<meta property=\"og:site_name\" content=\"Sonora en Equipo.\" \/>\n<meta property=\"article:publisher\" content=\"https:\/\/www.facebook.com\/SonoraEE\/\" \/>\n<meta property=\"article:author\" content=\"https:\/\/www.facebook.com\/SonoraEE\" \/>\n<meta property=\"article:published_time\" content=\"2020-02-05T06:55:28+00:00\" \/>\n<meta property=\"og:image\" content=\"https:\/\/www.sonoraenequipo.com.mx\/storage\/2020\/02\/Greenpeace-Simiens_opt.jpg\" \/>\n\t<meta property=\"og:image:width\" content=\"570\" \/>\n\t<meta property=\"og:image:height\" content=\"350\" \/>\n\t<meta property=\"og:image:type\" content=\"image\/jpeg\" \/>\n<meta name=\"author\" content=\"enequipo\" \/>\n<meta name=\"twitter:card\" content=\"summary_large_image\" \/>\n<meta name=\"twitter:creator\" content=\"@sonoraenequipo\" \/>\n<meta name=\"twitter:site\" content=\"@sonoraenequipo\" \/>\n<meta name=\"twitter:label1\" content=\"Escrito por\" \/>\n\t<meta name=\"twitter:data1\" content=\"enequipo\" \/>\n\t<meta name=\"twitter:label2\" content=\"Tiempo de lectura\" \/>\n\t<meta name=\"twitter:data2\" content=\"1 minuto\" \/>\n<script type=\"application\/ld+json\" class=\"yoast-schema-graph\">{\"@context\":\"https:\/\/schema.org\",\"@graph\":[{\"@type\":\"Article\",\"@id\":\"https:\/\/www.sonoraenequipo.com.mx\/greenpeace-despliega-cartel-sobre-siemens-incendios-comienzan-aqui\/#article\",\"isPartOf\":{\"@id\":\"https:\/\/www.sonoraenequipo.com.mx\/greenpeace-despliega-cartel-sobre-siemens-incendios-comienzan-aqui\/\"},\"author\":{\"name\":\"enequipo\",\"@id\":\"https:\/\/www.sonoraenequipo.com.mx\/#\/schema\/person\/50102df0fb23a8fa9e8effad8fa81386\"},\"headline\":\"Greenpeace despliega cartel sobre Siemens: \u201cIncendios comienzan aqu\u00ed\u201d\",\"datePublished\":\"2020-02-05T06:55:28+00:00\",\"mainEntityOfPage\":{\"@id\":\"https:\/\/www.sonoraenequipo.com.mx\/greenpeace-despliega-cartel-sobre-siemens-incendios-comienzan-aqui\/\"},\"wordCount\":212,\"commentCount\":0,\"publisher\":{\"@id\":\"https:\/\/www.sonoraenequipo.com.mx\/#organization\"},\"image\":{\"@id\":\"https:\/\/www.sonoraenequipo.com.mx\/greenpeace-despliega-cartel-sobre-siemens-incendios-comienzan-aqui\/#primaryimage\"},\"thumbnailUrl\":\"https:\/\/www.sonoraenequipo.com.mx\/storage\/2020\/02\/Greenpeace-Simiens_opt.jpg\",\"articleSection\":[\"MUNDO\"],\"inLanguage\":\"es\",\"potentialAction\":[{\"@type\":\"CommentAction\",\"name\":\"Comment\",\"target\":[\"https:\/\/www.sonoraenequipo.com.mx\/greenpeace-despliega-cartel-sobre-siemens-incendios-comienzan-aqui\/#respond\"]}]},{\"@type\":\"WebPage\",\"@id\":\"https:\/\/www.sonoraenequipo.com.mx\/greenpeace-despliega-cartel-sobre-siemens-incendios-comienzan-aqui\/\",\"url\":\"https:\/\/www.sonoraenequipo.com.mx\/greenpeace-despliega-cartel-sobre-siemens-incendios-comienzan-aqui\/\",\"name\":\"Sonora en Equipo. Greenpeace despliega cartel sobre Siemens: \u201cIncendios comienzan aqu\u00ed\u201d MUNDO\",\"isPartOf\":{\"@id\":\"https:\/\/www.sonoraenequipo.com.mx\/#website\"},\"primaryImageOfPage\":{\"@id\":\"https:\/\/www.sonoraenequipo.com.mx\/greenpeace-despliega-cartel-sobre-siemens-incendios-comienzan-aqui\/#primaryimage\"},\"image\":{\"@id\":\"https:\/\/www.sonoraenequipo.com.mx\/greenpeace-despliega-cartel-sobre-siemens-incendios-comienzan-aqui\/#primaryimage\"},\"thumbnailUrl\":\"https:\/\/www.sonoraenequipo.com.mx\/storage\/2020\/02\/Greenpeace-Simiens_opt.jpg\",\"datePublished\":\"2020-02-05T06:55:28+00:00\",\"description\":\"MUNICH, ALEMANIA. \u2014 Activistas de la organizaci\u00f3n ecologista Greenpeace desplegaron hoy una pancarta sobre el techo de la central de la empresa alemana En Sonora en Equipo publicamos toda la informaci\u00f3n de Sonora, M\u00e9xico y el Mundo de manera oportuna y busca que la libertad de expresi\u00f3n sea real. Visita nuestro medio informativo publicado desde Hermosillo, Sonora. %\",\"breadcrumb\":{\"@id\":\"https:\/\/www.sonoraenequipo.com.mx\/greenpeace-despliega-cartel-sobre-siemens-incendios-comienzan-aqui\/#breadcrumb\"},\"inLanguage\":\"es\",\"potentialAction\":[{\"@type\":\"ReadAction\",\"target\":[\"https:\/\/www.sonoraenequipo.com.mx\/greenpeace-despliega-cartel-sobre-siemens-incendios-comienzan-aqui\/\"]}]},{\"@type\":\"ImageObject\",\"inLanguage\":\"es\",\"@id\":\"https:\/\/www.sonoraenequipo.com.mx\/greenpeace-despliega-cartel-sobre-siemens-incendios-comienzan-aqui\/#primaryimage\",\"url\":\"https:\/\/www.sonoraenequipo.com.mx\/storage\/2020\/02\/Greenpeace-Simiens_opt.jpg\",\"contentUrl\":\"https:\/\/www.sonoraenequipo.com.mx\/storage\/2020\/02\/Greenpeace-Simiens_opt.jpg\",\"width\":570,\"height\":350},{\"@type\":\"BreadcrumbList\",\"@id\":\"https:\/\/www.sonoraenequipo.com.mx\/greenpeace-despliega-cartel-sobre-siemens-incendios-comienzan-aqui\/#breadcrumb\",\"itemListElement\":[{\"@type\":\"ListItem\",\"position\":1,\"name\":\"Portada\",\"item\":\"https:\/\/www.sonoraenequipo.com.mx\/\"},{\"@type\":\"ListItem\",\"position\":2,\"name\":\"Greenpeace despliega cartel sobre Siemens: \u201cIncendios comienzan aqu\u00ed\u201d\"}]},{\"@type\":\"WebSite\",\"@id\":\"https:\/\/www.sonoraenequipo.com.mx\/#website\",\"url\":\"https:\/\/www.sonoraenequipo.com.mx\/\",\"name\":\"Sonora en Equipo.\",\"description\":\"Diario en l\u00ednea con Noticias desde Hermosillo, Sonora\",\"publisher\":{\"@id\":\"https:\/\/www.sonoraenequipo.com.mx\/#organization\"},\"potentialAction\":[{\"@type\":\"SearchAction\",\"target\":{\"@type\":\"EntryPoint\",\"urlTemplate\":\"https:\/\/www.sonoraenequipo.com.mx\/?s={search_term_string}\"},\"query-input\":{\"@type\":\"PropertyValueSpecification\",\"valueRequired\":true,\"valueName\":\"search_term_string\"}}],\"inLanguage\":\"es\"},{\"@type\":\"Organization\",\"@id\":\"https:\/\/www.sonoraenequipo.com.mx\/#organization\",\"name\":\"Sonoraenequipo.com.mx\",\"url\":\"https:\/\/www.sonoraenequipo.com.mx\/\",\"logo\":{\"@type\":\"ImageObject\",\"inLanguage\":\"es\",\"@id\":\"https:\/\/www.sonoraenequipo.com.mx\/#\/schema\/logo\/image\/\",\"url\":\"https:\/\/www.sonoraenequipo.com.mx\/storage\/2019\/01\/sonoraenequipo_opt.png\",\"contentUrl\":\"https:\/\/www.sonoraenequipo.com.mx\/storage\/2019\/01\/sonoraenequipo_opt.png\",\"width\":375,\"height\":125,\"caption\":\"Sonoraenequipo.com.mx\"},\"image\":{\"@id\":\"https:\/\/www.sonoraenequipo.com.mx\/#\/schema\/logo\/image\/\"},\"sameAs\":[\"https:\/\/www.facebook.com\/SonoraEE\/\",\"https:\/\/x.com\/sonoraenequipo\",\"https:\/\/www.youtube.com\/channel\/UC338nW-lPEYmJQs4ZABQ1SQ\"]},{\"@type\":\"Person\",\"@id\":\"https:\/\/www.sonoraenequipo.com.mx\/#\/schema\/person\/50102df0fb23a8fa9e8effad8fa81386\",\"name\":\"enequipo\",\"image\":{\"@type\":\"ImageObject\",\"inLanguage\":\"es\",\"@id\":\"https:\/\/www.sonoraenequipo.com.mx\/#\/schema\/person\/image\/\",\"url\":\"https:\/\/secure.gravatar.com\/avatar\/049821681b589dabc0bc20695993ccebb09f5b5d4d790cd9251b97faac7c652b?s=96&d=blank&r=g\",\"contentUrl\":\"https:\/\/secure.gravatar.com\/avatar\/049821681b589dabc0bc20695993ccebb09f5b5d4d790cd9251b97faac7c652b?s=96&d=blank&r=g\",\"caption\":\"enequipo\"},\"sameAs\":[\"https:\/\/www.facebook.com\/SonoraEE\"]}]}<\/script>\n ","yoast_head_json":{"title":"Sonora en Equipo. Greenpeace despliega cartel sobre Siemens: \u201cIncendios comienzan aqu\u00ed\u201d MUNDO","description":"MUNICH, ALEMANIA. \u2014 Activistas de la organizaci\u00f3n ecologista Greenpeace desplegaron hoy una pancarta sobre el techo de la central de la empresa alemana En Sonora en Equipo publicamos toda la informaci\u00f3n de Sonora, M\u00e9xico y el Mundo de manera oportuna y busca que la libertad de expresi\u00f3n sea real. Visita nuestro medio informativo publicado desde Hermosillo, Sonora. %","robots":{"index":"index","follow":"follow","max-snippet":"max-snippet:-1","max-image-preview":"max-image-preview:large","max-video-preview":"max-video-preview:-1"},"canonical":"https:\/\/www.sonoraenequipo.com.mx\/greenpeace-despliega-cartel-sobre-siemens-incendios-comienzan-aqui\/","og_locale":"es_ES","og_type":"article","og_title":"Sonora en Equipo. Greenpeace despliega cartel sobre Siemens: \u201cIncendios comienzan aqu\u00ed\u201d MUNDO","og_description":"MUNICH, ALEMANIA. \u2014 Activistas de la organizaci\u00f3n ecologista Greenpeace desplegaron hoy una pancarta sobre el techo de la central de la empresa alemana En Sonora en Equipo publicamos toda la informaci\u00f3n de Sonora, M\u00e9xico y el Mundo de manera oportuna y busca que la libertad de expresi\u00f3n sea real. Visita nuestro medio informativo publicado desde Hermosillo, Sonora. %","og_url":"https:\/\/www.sonoraenequipo.com.mx\/greenpeace-despliega-cartel-sobre-siemens-incendios-comienzan-aqui\/","og_site_name":"Sonora en Equipo.","article_publisher":"https:\/\/www.facebook.com\/SonoraEE\/","article_author":"https:\/\/www.facebook.com\/SonoraEE","article_published_time":"2020-02-05T06:55:28+00:00","og_image":[{"width":570,"height":350,"url":"https:\/\/www.sonoraenequipo.com.mx\/storage\/2020\/02\/Greenpeace-Simiens_opt.jpg","type":"image\/jpeg"}],"author":"enequipo","twitter_card":"summary_large_image","twitter_creator":"@sonoraenequipo","twitter_site":"@sonoraenequipo","twitter_misc":{"Escrito por":"enequipo","Tiempo de lectura":"1 minuto"},"schema":{"@context":"https:\/\/schema.org","@graph":[{"@type":"Article","@id":"https:\/\/www.sonoraenequipo.com.mx\/greenpeace-despliega-cartel-sobre-siemens-incendios-comienzan-aqui\/#article","isPartOf":{"@id":"https:\/\/www.sonoraenequipo.com.mx\/greenpeace-despliega-cartel-sobre-siemens-incendios-comienzan-aqui\/"},"author":{"name":"enequipo","@id":"https:\/\/www.sonoraenequipo.com.mx\/#\/schema\/person\/50102df0fb23a8fa9e8effad8fa81386"},"headline":"Greenpeace despliega cartel sobre Siemens: \u201cIncendios comienzan aqu\u00ed\u201d","datePublished":"2020-02-05T06:55:28+00:00","mainEntityOfPage":{"@id":"https:\/\/www.sonoraenequipo.com.mx\/greenpeace-despliega-cartel-sobre-siemens-incendios-comienzan-aqui\/"},"wordCount":212,"commentCount":0,"publisher":{"@id":"https:\/\/www.sonoraenequipo.com.mx\/#organization"},"image":{"@id":"https:\/\/www.sonoraenequipo.com.mx\/greenpeace-despliega-cartel-sobre-siemens-incendios-comienzan-aqui\/#primaryimage"},"thumbnailUrl":"https:\/\/www.sonoraenequipo.com.mx\/storage\/2020\/02\/Greenpeace-Simiens_opt.jpg","articleSection":["MUNDO"],"inLanguage":"es","potentialAction":[{"@type":"CommentAction","name":"Comment","target":["https:\/\/www.sonoraenequipo.com.mx\/greenpeace-despliega-cartel-sobre-siemens-incendios-comienzan-aqui\/#respond"]}]},{"@type":"WebPage","@id":"https:\/\/www.sonoraenequipo.com.mx\/greenpeace-despliega-cartel-sobre-siemens-incendios-comienzan-aqui\/","url":"https:\/\/www.sonoraenequipo.com.mx\/greenpeace-despliega-cartel-sobre-siemens-incendios-comienzan-aqui\/","name":"Sonora en Equipo. Greenpeace despliega cartel sobre Siemens: \u201cIncendios comienzan aqu\u00ed\u201d MUNDO","isPartOf":{"@id":"https:\/\/www.sonoraenequipo.com.mx\/#website"},"primaryImageOfPage":{"@id":"https:\/\/www.sonoraenequipo.com.mx\/greenpeace-despliega-cartel-sobre-siemens-incendios-comienzan-aqui\/#primaryimage"},"image":{"@id":"https:\/\/www.sonoraenequipo.com.mx\/greenpeace-despliega-cartel-sobre-siemens-incendios-comienzan-aqui\/#primaryimage"},"thumbnailUrl":"https:\/\/www.sonoraenequipo.com.mx\/storage\/2020\/02\/Greenpeace-Simiens_opt.jpg","datePublished":"2020-02-05T06:55:28+00:00","description":"MUNICH, ALEMANIA. \u2014 Activistas de la organizaci\u00f3n ecologista Greenpeace desplegaron hoy una pancarta sobre el techo de la central de la empresa alemana En Sonora en Equipo publicamos toda la informaci\u00f3n de Sonora, M\u00e9xico y el Mundo de manera oportuna y busca que la libertad de expresi\u00f3n sea real. Visita nuestro medio informativo publicado desde Hermosillo, Sonora. %","breadcrumb":{"@id":"https:\/\/www.sonoraenequipo.com.mx\/greenpeace-despliega-cartel-sobre-siemens-incendios-comienzan-aqui\/#breadcrumb"},"inLanguage":"es","potentialAction":[{"@type":"ReadAction","target":["https:\/\/www.sonoraenequipo.com.mx\/greenpeace-despliega-cartel-sobre-siemens-incendios-comienzan-aqui\/"]}]},{"@type":"ImageObject","inLanguage":"es","@id":"https:\/\/www.sonoraenequipo.com.mx\/greenpeace-despliega-cartel-sobre-siemens-incendios-comienzan-aqui\/#primaryimage","url":"https:\/\/www.sonoraenequipo.com.mx\/storage\/2020\/02\/Greenpeace-Simiens_opt.jpg","contentUrl":"https:\/\/www.sonoraenequipo.com.mx\/storage\/2020\/02\/Greenpeace-Simiens_opt.jpg","width":570,"height":350},{"@type":"BreadcrumbList","@id":"https:\/\/www.sonoraenequipo.com.mx\/greenpeace-despliega-cartel-sobre-siemens-incendios-comienzan-aqui\/#breadcrumb","itemListElement":[{"@type":"ListItem","position":1,"name":"Portada","item":"https:\/\/www.sonoraenequipo.com.mx\/"},{"@type":"ListItem","position":2,"name":"Greenpeace despliega cartel sobre Siemens: \u201cIncendios comienzan aqu\u00ed\u201d"}]},{"@type":"WebSite","@id":"https:\/\/www.sonoraenequipo.com.mx\/#website","url":"https:\/\/www.sonoraenequipo.com.mx\/","name":"Sonora en Equipo.","description":"Diario en l\u00ednea con Noticias desde Hermosillo, Sonora","publisher":{"@id":"https:\/\/www.sonoraenequipo.com.mx\/#organization"},"potentialAction":[{"@type":"SearchAction","target":{"@type":"EntryPoint","urlTemplate":"https:\/\/www.sonoraenequipo.com.mx\/?s={search_term_string}"},"query-input":{"@type":"PropertyValueSpecification","valueRequired":true,"valueName":"search_term_string"}}],"inLanguage":"es"},{"@type":"Organization","@id":"https:\/\/www.sonoraenequipo.com.mx\/#organization","name":"Sonoraenequipo.com.mx","url":"https:\/\/www.sonoraenequipo.com.mx\/","logo":{"@type":"ImageObject","inLanguage":"es","@id":"https:\/\/www.sonoraenequipo.com.mx\/#\/schema\/logo\/image\/","url":"https:\/\/www.sonoraenequipo.com.mx\/storage\/2019\/01\/sonoraenequipo_opt.png","contentUrl":"https:\/\/www.sonoraenequipo.com.mx\/storage\/2019\/01\/sonoraenequipo_opt.png","width":375,"height":125,"caption":"Sonoraenequipo.com.mx"},"image":{"@id":"https:\/\/www.sonoraenequipo.com.mx\/#\/schema\/logo\/image\/"},"sameAs":["https:\/\/www.facebook.com\/SonoraEE\/","https:\/\/x.com\/sonoraenequipo","https:\/\/www.youtube.com\/channel\/UC338nW-lPEYmJQs4ZABQ1SQ"]},{"@type":"Person","@id":"https:\/\/www.sonoraenequipo.com.mx\/#\/schema\/person\/50102df0fb23a8fa9e8effad8fa81386","name":"enequipo","image":{"@type":"ImageObject","inLanguage":"es","@id":"https:\/\/www.sonoraenequipo.com.mx\/#\/schema\/person\/image\/","url":"https:\/\/secure.gravatar.com\/avatar\/049821681b589dabc0bc20695993ccebb09f5b5d4d790cd9251b97faac7c652b?s=96&d=blank&r=g","contentUrl":"https:\/\/secure.gravatar.com\/avatar\/049821681b589dabc0bc20695993ccebb09f5b5d4d790cd9251b97faac7c652b?s=96&d=blank&r=g","caption":"enequipo"},"sameAs":["https:\/\/www.facebook.com\/SonoraEE"]}]}},"jetpack_featured_media_url":"https:\/\/www.sonoraenequipo.com.mx\/storage\/2020\/02\/Greenpeace-Simiens_opt.jpg","_links":{"self":[{"href":"https:\/\/www.sonoraenequipo.com.mx\/api\/wp\/v2\/posts\/77290","targetHints":{"allow":["GET"]}}],"collection":[{"href":"https:\/\/www.sonoraenequipo.com.mx\/api\/wp\/v2\/posts"}],"about":[{"href":"https:\/\/www.sonoraenequipo.com.mx\/api\/wp\/v2\/types\/post"}],"author":[{"embeddable":true,"href":"https:\/\/www.sonoraenequipo.com.mx\/api\/wp\/v2\/users\/1"}],"replies":[{"embeddable":true,"href":"https:\/\/www.sonoraenequipo.com.mx\/api\/wp\/v2\/comments?post=77290"}],"version-history":[{"count":0,"href":"https:\/\/www.sonoraenequipo.com.mx\/api\/wp\/v2\/posts\/77290\/revisions"}],"wp:featuredmedia":[{"embeddable":true,"href":"https:\/\/www.sonoraenequipo.com.mx\/api\/wp\/v2\/media\/77280"}],"wp:attachment":[{"href":"https:\/\/www.sonoraenequipo.com.mx\/api\/wp\/v2\/media?parent=77290"}],"wp:term":[{"taxonomy":"category","embeddable":true,"href":"https:\/\/www.sonoraenequipo.com.mx\/api\/wp\/v2\/categories?post=77290"},{"taxonomy":"post_tag","embeddable":true,"href":"https:\/\/www.sonoraenequipo.com.mx\/api\/wp\/v2\/tags?post=77290"}],"curies":[{"name":"wp","href":"https:\/\/api.w.org\/{rel}","templated":true}]}}