{"id":77301,"date":"2020-02-05T07:17:35","date_gmt":"2020-02-05T14:17:35","guid":{"rendered":"https:\/\/www.sonoraenequipo.com.mx\/?p=77301"},"modified":"2020-02-05T07:50:09","modified_gmt":"2020-02-05T14:50:09","slug":"conmemorara-amlo-en-queretaro-el-103-aniversario-de-la-constitucion-de-1917","status":"publish","type":"post","link":"https:\/\/www.sonoraenequipo.com.mx\/conmemorara-amlo-en-queretaro-el-103-aniversario-de-la-constitucion-de-1917\/","title":{"rendered":"Conmemorar\u00e1 AMLO en Quer\u00e9taro el 103 aniversario de la Constituci\u00f3n de 1917"},"content":{"rendered":"<p>CIUDAD DE M\u00c9XICO. MX. \u2014 El presidente Andr\u00e9s Manuel L\u00f3pez Obrador encabezar\u00e1 este mi\u00e9rcoles en la ciudad de Quer\u00e9taro, la ceremonia conmemorativa del 103 aniversario de la Promulgaci\u00f3n de la Constituci\u00f3n Pol\u00edtica de los Estados Unidos Mexicanos de 1917.<\/p>\n<p>&nbsp;<\/p>\n<p> <\/p>\n<p>&nbsp;<\/p>\n<p>El evento, al que asistir\u00e1n integrantes de los tres Poderes del la Uni\u00f3n, as\u00ed como gobernadores y autoridades de organismos aut\u00f3nomos, entre otros, se llevar\u00e1 a cabo a las 12:00 horas en el Teatro de la Rep\u00fablica, ubicado en el centro de la capital queretana.<\/p>\n<p>&nbsp;<\/p>\n<p>Previamente, el jefe del Ejecutivo federal ofreci\u00f3 su tradicional conferencia de prensa desde Palacio Nacional, en la Ciudad de M\u00e9xico, al t\u00e9rmino de la cual se trasladar\u00e1, v\u00eda terrestre, a Quer\u00e9taro y posteriormente, regresar\u00e1 a la capital del pa\u00eds.<\/p>\n<p>&nbsp;<\/p>\n<p>PUBLICADO EL 05\/02\/2020)<\/p>\n","protected":false},"excerpt":{"rendered":"<p>CIUDAD DE M\u00c9XICO. MX. \u2014 El presidente Andr\u00e9s Manuel L\u00f3pez Obrador encabezar\u00e1 este mi\u00e9rcoles en&#8230;<\/p>\n","protected":false},"author":1,"featured_media":77302,"comment_status":"open","ping_status":"open","sticky":false,"template":"","format":"standard","meta":{"_monsterinsights_skip_tracking":false,"_monsterinsights_sitenote_active":false,"_monsterinsights_sitenote_note":"","_monsterinsights_sitenote_category":0,"footnotes":""},"categories":[5],"tags":[],"class_list":["post"],"yoast_head":" \n<title>Sonora en Equipo. Conmemorar\u00e1 AMLO en Quer\u00e9taro el 103 aniversario de la Constituci\u00f3n de 1917 Rep\u00fablica<\/title>\n<meta name=\"description\" content=\"CIUDAD DE M\u00c9XICO. MX. \u2014 El presidente Andr\u00e9s Manuel L\u00f3pez Obrador encabezar\u00e1 este mi\u00e9rcoles en la ciudad de Quer\u00e9taro, la ceremonia conmemorativa del 103 En Sonora en Equipo publicamos toda la informaci\u00f3n de Sonora, M\u00e9xico y el Mundo de manera oportuna y busca que la libertad de expresi\u00f3n sea real. Visita nuestro medio informativo publicado desde Hermosillo, Sonora. %\" \/>\n<meta name=\"robots\" content=\"index, follow, max-snippet:-1, max-image-preview:large, max-video-preview:-1\" \/>\n<link rel=\"canonical\" href=\"https:\/\/www.sonoraenequipo.com.mx\/conmemorara-amlo-en-queretaro-el-103-aniversario-de-la-constitucion-de-1917\/\" \/>\n<meta property=\"og:locale\" content=\"es_ES\" \/>\n<meta property=\"og:type\" content=\"article\" \/>\n<meta property=\"og:title\" content=\"Sonora en Equipo. Conmemorar\u00e1 AMLO en Quer\u00e9taro el 103 aniversario de la Constituci\u00f3n de 1917 Rep\u00fablica\" \/>\n<meta property=\"og:description\" content=\"CIUDAD DE M\u00c9XICO. MX. \u2014 El presidente Andr\u00e9s Manuel L\u00f3pez Obrador encabezar\u00e1 este mi\u00e9rcoles en la ciudad de Quer\u00e9taro, la ceremonia conmemorativa del 103 En Sonora en Equipo publicamos toda la informaci\u00f3n de Sonora, M\u00e9xico y el Mundo de manera oportuna y busca que la libertad de expresi\u00f3n sea real. Visita nuestro medio informativo publicado desde Hermosillo, Sonora. %\" \/>\n<meta property=\"og:url\" content=\"https:\/\/www.sonoraenequipo.com.mx\/conmemorara-amlo-en-queretaro-el-103-aniversario-de-la-constitucion-de-1917\/\" \/>\n<meta property=\"og:site_name\" content=\"Sonora en Equipo.\" \/>\n<meta property=\"article:publisher\" content=\"https:\/\/www.facebook.com\/SonoraEE\/\" \/>\n<meta property=\"article:author\" content=\"https:\/\/www.facebook.com\/SonoraEE\" \/>\n<meta property=\"article:published_time\" content=\"2020-02-05T14:17:35+00:00\" \/>\n<meta property=\"article:modified_time\" content=\"2020-02-05T14:50:09+00:00\" \/>\n<meta property=\"og:image\" content=\"https:\/\/www.sonoraenequipo.com.mx\/storage\/2020\/02\/aviso-de-festejos-de-la-consstituci\u00f3n.jpg\" \/>\n\t<meta property=\"og:image:width\" content=\"1024\" \/>\n\t<meta property=\"og:image:height\" content=\"683\" \/>\n\t<meta property=\"og:image:type\" content=\"image\/jpeg\" \/>\n<meta name=\"author\" content=\"enequipo\" \/>\n<meta name=\"twitter:card\" content=\"summary_large_image\" \/>\n<meta name=\"twitter:creator\" content=\"@sonoraenequipo\" \/>\n<meta name=\"twitter:site\" content=\"@sonoraenequipo\" \/>\n<meta name=\"twitter:label1\" content=\"Escrito por\" \/>\n\t<meta name=\"twitter:data1\" content=\"enequipo\" \/>\n\t<meta name=\"twitter:label2\" content=\"Tiempo de lectura\" \/>\n\t<meta name=\"twitter:data2\" content=\"1 minuto\" \/>\n<script type=\"application\/ld+json\" class=\"yoast-schema-graph\">{\"@context\":\"https:\/\/schema.org\",\"@graph\":[{\"@type\":\"Article\",\"@id\":\"https:\/\/www.sonoraenequipo.com.mx\/conmemorara-amlo-en-queretaro-el-103-aniversario-de-la-constitucion-de-1917\/#article\",\"isPartOf\":{\"@id\":\"https:\/\/www.sonoraenequipo.com.mx\/conmemorara-amlo-en-queretaro-el-103-aniversario-de-la-constitucion-de-1917\/\"},\"author\":{\"name\":\"enequipo\",\"@id\":\"https:\/\/www.sonoraenequipo.com.mx\/#\/schema\/person\/50102df0fb23a8fa9e8effad8fa81386\"},\"headline\":\"Conmemorar\u00e1 AMLO en Quer\u00e9taro el 103 aniversario de la Constituci\u00f3n de 1917\",\"datePublished\":\"2020-02-05T14:17:35+00:00\",\"dateModified\":\"2020-02-05T14:50:09+00:00\",\"mainEntityOfPage\":{\"@id\":\"https:\/\/www.sonoraenequipo.com.mx\/conmemorara-amlo-en-queretaro-el-103-aniversario-de-la-constitucion-de-1917\/\"},\"wordCount\":154,\"commentCount\":0,\"publisher\":{\"@id\":\"https:\/\/www.sonoraenequipo.com.mx\/#organization\"},\"image\":{\"@id\":\"https:\/\/www.sonoraenequipo.com.mx\/conmemorara-amlo-en-queretaro-el-103-aniversario-de-la-constitucion-de-1917\/#primaryimage\"},\"thumbnailUrl\":\"https:\/\/www.sonoraenequipo.com.mx\/storage\/2020\/02\/aviso-de-festejos-de-la-consstituci\u00f3n.jpg\",\"articleSection\":[\"Rep\u00fablica\"],\"inLanguage\":\"es\",\"potentialAction\":[{\"@type\":\"CommentAction\",\"name\":\"Comment\",\"target\":[\"https:\/\/www.sonoraenequipo.com.mx\/conmemorara-amlo-en-queretaro-el-103-aniversario-de-la-constitucion-de-1917\/#respond\"]}]},{\"@type\":\"WebPage\",\"@id\":\"https:\/\/www.sonoraenequipo.com.mx\/conmemorara-amlo-en-queretaro-el-103-aniversario-de-la-constitucion-de-1917\/\",\"url\":\"https:\/\/www.sonoraenequipo.com.mx\/conmemorara-amlo-en-queretaro-el-103-aniversario-de-la-constitucion-de-1917\/\",\"name\":\"Sonora en Equipo. Conmemorar\u00e1 AMLO en Quer\u00e9taro el 103 aniversario de la Constituci\u00f3n de 1917 Rep\u00fablica\",\"isPartOf\":{\"@id\":\"https:\/\/www.sonoraenequipo.com.mx\/#website\"},\"primaryImageOfPage\":{\"@id\":\"https:\/\/www.sonoraenequipo.com.mx\/conmemorara-amlo-en-queretaro-el-103-aniversario-de-la-constitucion-de-1917\/#primaryimage\"},\"image\":{\"@id\":\"https:\/\/www.sonoraenequipo.com.mx\/conmemorara-amlo-en-queretaro-el-103-aniversario-de-la-constitucion-de-1917\/#primaryimage\"},\"thumbnailUrl\":\"https:\/\/www.sonoraenequipo.com.mx\/storage\/2020\/02\/aviso-de-festejos-de-la-consstituci\u00f3n.jpg\",\"datePublished\":\"2020-02-05T14:17:35+00:00\",\"dateModified\":\"2020-02-05T14:50:09+00:00\",\"description\":\"CIUDAD DE M\u00c9XICO. MX. \u2014 El presidente Andr\u00e9s Manuel L\u00f3pez Obrador encabezar\u00e1 este mi\u00e9rcoles en la ciudad de Quer\u00e9taro, la ceremonia conmemorativa del 103 En Sonora en Equipo publicamos toda la informaci\u00f3n de Sonora, M\u00e9xico y el Mundo de manera oportuna y busca que la libertad de expresi\u00f3n sea real. Visita nuestro medio informativo publicado desde Hermosillo, Sonora. %\",\"breadcrumb\":{\"@id\":\"https:\/\/www.sonoraenequipo.com.mx\/conmemorara-amlo-en-queretaro-el-103-aniversario-de-la-constitucion-de-1917\/#breadcrumb\"},\"inLanguage\":\"es\",\"potentialAction\":[{\"@type\":\"ReadAction\",\"target\":[\"https:\/\/www.sonoraenequipo.com.mx\/conmemorara-amlo-en-queretaro-el-103-aniversario-de-la-constitucion-de-1917\/\"]}]},{\"@type\":\"ImageObject\",\"inLanguage\":\"es\",\"@id\":\"https:\/\/www.sonoraenequipo.com.mx\/conmemorara-amlo-en-queretaro-el-103-aniversario-de-la-constitucion-de-1917\/#primaryimage\",\"url\":\"https:\/\/www.sonoraenequipo.com.mx\/storage\/2020\/02\/aviso-de-festejos-de-la-consstituci\u00f3n.jpg\",\"contentUrl\":\"https:\/\/www.sonoraenequipo.com.mx\/storage\/2020\/02\/aviso-de-festejos-de-la-consstituci\u00f3n.jpg\",\"width\":1024,\"height\":683},{\"@type\":\"BreadcrumbList\",\"@id\":\"https:\/\/www.sonoraenequipo.com.mx\/conmemorara-amlo-en-queretaro-el-103-aniversario-de-la-constitucion-de-1917\/#breadcrumb\",\"itemListElement\":[{\"@type\":\"ListItem\",\"position\":1,\"name\":\"Portada\",\"item\":\"https:\/\/www.sonoraenequipo.com.mx\/\"},{\"@type\":\"ListItem\",\"position\":2,\"name\":\"Conmemorar\u00e1 AMLO en Quer\u00e9taro el 103 aniversario de la Constituci\u00f3n de 1917\"}]},{\"@type\":\"WebSite\",\"@id\":\"https:\/\/www.sonoraenequipo.com.mx\/#website\",\"url\":\"https:\/\/www.sonoraenequipo.com.mx\/\",\"name\":\"Sonora en Equipo.\",\"description\":\"Diario en l\u00ednea con Noticias desde Hermosillo, Sonora\",\"publisher\":{\"@id\":\"https:\/\/www.sonoraenequipo.com.mx\/#organization\"},\"potentialAction\":[{\"@type\":\"SearchAction\",\"target\":{\"@type\":\"EntryPoint\",\"urlTemplate\":\"https:\/\/www.sonoraenequipo.com.mx\/?s={search_term_string}\"},\"query-input\":{\"@type\":\"PropertyValueSpecification\",\"valueRequired\":true,\"valueName\":\"search_term_string\"}}],\"inLanguage\":\"es\"},{\"@type\":\"Organization\",\"@id\":\"https:\/\/www.sonoraenequipo.com.mx\/#organization\",\"name\":\"Sonoraenequipo.com.mx\",\"url\":\"https:\/\/www.sonoraenequipo.com.mx\/\",\"logo\":{\"@type\":\"ImageObject\",\"inLanguage\":\"es\",\"@id\":\"https:\/\/www.sonoraenequipo.com.mx\/#\/schema\/logo\/image\/\",\"url\":\"https:\/\/www.sonoraenequipo.com.mx\/storage\/2019\/01\/sonoraenequipo_opt.png\",\"contentUrl\":\"https:\/\/www.sonoraenequipo.com.mx\/storage\/2019\/01\/sonoraenequipo_opt.png\",\"width\":375,\"height\":125,\"caption\":\"Sonoraenequipo.com.mx\"},\"image\":{\"@id\":\"https:\/\/www.sonoraenequipo.com.mx\/#\/schema\/logo\/image\/\"},\"sameAs\":[\"https:\/\/www.facebook.com\/SonoraEE\/\",\"https:\/\/x.com\/sonoraenequipo\",\"https:\/\/www.youtube.com\/channel\/UC338nW-lPEYmJQs4ZABQ1SQ\"]},{\"@type\":\"Person\",\"@id\":\"https:\/\/www.sonoraenequipo.com.mx\/#\/schema\/person\/50102df0fb23a8fa9e8effad8fa81386\",\"name\":\"enequipo\",\"image\":{\"@type\":\"ImageObject\",\"inLanguage\":\"es\",\"@id\":\"https:\/\/www.sonoraenequipo.com.mx\/#\/schema\/person\/image\/\",\"url\":\"https:\/\/secure.gravatar.com\/avatar\/049821681b589dabc0bc20695993ccebb09f5b5d4d790cd9251b97faac7c652b?s=96&d=blank&r=g\",\"contentUrl\":\"https:\/\/secure.gravatar.com\/avatar\/049821681b589dabc0bc20695993ccebb09f5b5d4d790cd9251b97faac7c652b?s=96&d=blank&r=g\",\"caption\":\"enequipo\"},\"sameAs\":[\"https:\/\/www.facebook.com\/SonoraEE\"]}]}<\/script>\n ","yoast_head_json":{"title":"Sonora en Equipo. Conmemorar\u00e1 AMLO en Quer\u00e9taro el 103 aniversario de la Constituci\u00f3n de 1917 Rep\u00fablica","description":"CIUDAD DE M\u00c9XICO. MX. \u2014 El presidente Andr\u00e9s Manuel L\u00f3pez Obrador encabezar\u00e1 este mi\u00e9rcoles en la ciudad de Quer\u00e9taro, la ceremonia conmemorativa del 103 En Sonora en Equipo publicamos toda la informaci\u00f3n de Sonora, M\u00e9xico y el Mundo de manera oportuna y busca que la libertad de expresi\u00f3n sea real. Visita nuestro medio informativo publicado desde Hermosillo, Sonora. %","robots":{"index":"index","follow":"follow","max-snippet":"max-snippet:-1","max-image-preview":"max-image-preview:large","max-video-preview":"max-video-preview:-1"},"canonical":"https:\/\/www.sonoraenequipo.com.mx\/conmemorara-amlo-en-queretaro-el-103-aniversario-de-la-constitucion-de-1917\/","og_locale":"es_ES","og_type":"article","og_title":"Sonora en Equipo. Conmemorar\u00e1 AMLO en Quer\u00e9taro el 103 aniversario de la Constituci\u00f3n de 1917 Rep\u00fablica","og_description":"CIUDAD DE M\u00c9XICO. MX. \u2014 El presidente Andr\u00e9s Manuel L\u00f3pez Obrador encabezar\u00e1 este mi\u00e9rcoles en la ciudad de Quer\u00e9taro, la ceremonia conmemorativa del 103 En Sonora en Equipo publicamos toda la informaci\u00f3n de Sonora, M\u00e9xico y el Mundo de manera oportuna y busca que la libertad de expresi\u00f3n sea real. Visita nuestro medio informativo publicado desde Hermosillo, Sonora. %","og_url":"https:\/\/www.sonoraenequipo.com.mx\/conmemorara-amlo-en-queretaro-el-103-aniversario-de-la-constitucion-de-1917\/","og_site_name":"Sonora en Equipo.","article_publisher":"https:\/\/www.facebook.com\/SonoraEE\/","article_author":"https:\/\/www.facebook.com\/SonoraEE","article_published_time":"2020-02-05T14:17:35+00:00","article_modified_time":"2020-02-05T14:50:09+00:00","og_image":[{"width":1024,"height":683,"url":"https:\/\/www.sonoraenequipo.com.mx\/storage\/2020\/02\/aviso-de-festejos-de-la-consstituci\u00f3n.jpg","type":"image\/jpeg"}],"author":"enequipo","twitter_card":"summary_large_image","twitter_creator":"@sonoraenequipo","twitter_site":"@sonoraenequipo","twitter_misc":{"Escrito por":"enequipo","Tiempo de lectura":"1 minuto"},"schema":{"@context":"https:\/\/schema.org","@graph":[{"@type":"Article","@id":"https:\/\/www.sonoraenequipo.com.mx\/conmemorara-amlo-en-queretaro-el-103-aniversario-de-la-constitucion-de-1917\/#article","isPartOf":{"@id":"https:\/\/www.sonoraenequipo.com.mx\/conmemorara-amlo-en-queretaro-el-103-aniversario-de-la-constitucion-de-1917\/"},"author":{"name":"enequipo","@id":"https:\/\/www.sonoraenequipo.com.mx\/#\/schema\/person\/50102df0fb23a8fa9e8effad8fa81386"},"headline":"Conmemorar\u00e1 AMLO en Quer\u00e9taro el 103 aniversario de la Constituci\u00f3n de 1917","datePublished":"2020-02-05T14:17:35+00:00","dateModified":"2020-02-05T14:50:09+00:00","mainEntityOfPage":{"@id":"https:\/\/www.sonoraenequipo.com.mx\/conmemorara-amlo-en-queretaro-el-103-aniversario-de-la-constitucion-de-1917\/"},"wordCount":154,"commentCount":0,"publisher":{"@id":"https:\/\/www.sonoraenequipo.com.mx\/#organization"},"image":{"@id":"https:\/\/www.sonoraenequipo.com.mx\/conmemorara-amlo-en-queretaro-el-103-aniversario-de-la-constitucion-de-1917\/#primaryimage"},"thumbnailUrl":"https:\/\/www.sonoraenequipo.com.mx\/storage\/2020\/02\/aviso-de-festejos-de-la-consstituci\u00f3n.jpg","articleSection":["Rep\u00fablica"],"inLanguage":"es","potentialAction":[{"@type":"CommentAction","name":"Comment","target":["https:\/\/www.sonoraenequipo.com.mx\/conmemorara-amlo-en-queretaro-el-103-aniversario-de-la-constitucion-de-1917\/#respond"]}]},{"@type":"WebPage","@id":"https:\/\/www.sonoraenequipo.com.mx\/conmemorara-amlo-en-queretaro-el-103-aniversario-de-la-constitucion-de-1917\/","url":"https:\/\/www.sonoraenequipo.com.mx\/conmemorara-amlo-en-queretaro-el-103-aniversario-de-la-constitucion-de-1917\/","name":"Sonora en Equipo. Conmemorar\u00e1 AMLO en Quer\u00e9taro el 103 aniversario de la Constituci\u00f3n de 1917 Rep\u00fablica","isPartOf":{"@id":"https:\/\/www.sonoraenequipo.com.mx\/#website"},"primaryImageOfPage":{"@id":"https:\/\/www.sonoraenequipo.com.mx\/conmemorara-amlo-en-queretaro-el-103-aniversario-de-la-constitucion-de-1917\/#primaryimage"},"image":{"@id":"https:\/\/www.sonoraenequipo.com.mx\/conmemorara-amlo-en-queretaro-el-103-aniversario-de-la-constitucion-de-1917\/#primaryimage"},"thumbnailUrl":"https:\/\/www.sonoraenequipo.com.mx\/storage\/2020\/02\/aviso-de-festejos-de-la-consstituci\u00f3n.jpg","datePublished":"2020-02-05T14:17:35+00:00","dateModified":"2020-02-05T14:50:09+00:00","description":"CIUDAD DE M\u00c9XICO. MX. \u2014 El presidente Andr\u00e9s Manuel L\u00f3pez Obrador encabezar\u00e1 este mi\u00e9rcoles en la ciudad de Quer\u00e9taro, la ceremonia conmemorativa del 103 En Sonora en Equipo publicamos toda la informaci\u00f3n de Sonora, M\u00e9xico y el Mundo de manera oportuna y busca que la libertad de expresi\u00f3n sea real. Visita nuestro medio informativo publicado desde Hermosillo, Sonora. %","breadcrumb":{"@id":"https:\/\/www.sonoraenequipo.com.mx\/conmemorara-amlo-en-queretaro-el-103-aniversario-de-la-constitucion-de-1917\/#breadcrumb"},"inLanguage":"es","potentialAction":[{"@type":"ReadAction","target":["https:\/\/www.sonoraenequipo.com.mx\/conmemorara-amlo-en-queretaro-el-103-aniversario-de-la-constitucion-de-1917\/"]}]},{"@type":"ImageObject","inLanguage":"es","@id":"https:\/\/www.sonoraenequipo.com.mx\/conmemorara-amlo-en-queretaro-el-103-aniversario-de-la-constitucion-de-1917\/#primaryimage","url":"https:\/\/www.sonoraenequipo.com.mx\/storage\/2020\/02\/aviso-de-festejos-de-la-consstituci\u00f3n.jpg","contentUrl":"https:\/\/www.sonoraenequipo.com.mx\/storage\/2020\/02\/aviso-de-festejos-de-la-consstituci\u00f3n.jpg","width":1024,"height":683},{"@type":"BreadcrumbList","@id":"https:\/\/www.sonoraenequipo.com.mx\/conmemorara-amlo-en-queretaro-el-103-aniversario-de-la-constitucion-de-1917\/#breadcrumb","itemListElement":[{"@type":"ListItem","position":1,"name":"Portada","item":"https:\/\/www.sonoraenequipo.com.mx\/"},{"@type":"ListItem","position":2,"name":"Conmemorar\u00e1 AMLO en Quer\u00e9taro el 103 aniversario de la Constituci\u00f3n de 1917"}]},{"@type":"WebSite","@id":"https:\/\/www.sonoraenequipo.com.mx\/#website","url":"https:\/\/www.sonoraenequipo.com.mx\/","name":"Sonora en Equipo.","description":"Diario en l\u00ednea con Noticias desde Hermosillo, Sonora","publisher":{"@id":"https:\/\/www.sonoraenequipo.com.mx\/#organization"},"potentialAction":[{"@type":"SearchAction","target":{"@type":"EntryPoint","urlTemplate":"https:\/\/www.sonoraenequipo.com.mx\/?s={search_term_string}"},"query-input":{"@type":"PropertyValueSpecification","valueRequired":true,"valueName":"search_term_string"}}],"inLanguage":"es"},{"@type":"Organization","@id":"https:\/\/www.sonoraenequipo.com.mx\/#organization","name":"Sonoraenequipo.com.mx","url":"https:\/\/www.sonoraenequipo.com.mx\/","logo":{"@type":"ImageObject","inLanguage":"es","@id":"https:\/\/www.sonoraenequipo.com.mx\/#\/schema\/logo\/image\/","url":"https:\/\/www.sonoraenequipo.com.mx\/storage\/2019\/01\/sonoraenequipo_opt.png","contentUrl":"https:\/\/www.sonoraenequipo.com.mx\/storage\/2019\/01\/sonoraenequipo_opt.png","width":375,"height":125,"caption":"Sonoraenequipo.com.mx"},"image":{"@id":"https:\/\/www.sonoraenequipo.com.mx\/#\/schema\/logo\/image\/"},"sameAs":["https:\/\/www.facebook.com\/SonoraEE\/","https:\/\/x.com\/sonoraenequipo","https:\/\/www.youtube.com\/channel\/UC338nW-lPEYmJQs4ZABQ1SQ"]},{"@type":"Person","@id":"https:\/\/www.sonoraenequipo.com.mx\/#\/schema\/person\/50102df0fb23a8fa9e8effad8fa81386","name":"enequipo","image":{"@type":"ImageObject","inLanguage":"es","@id":"https:\/\/www.sonoraenequipo.com.mx\/#\/schema\/person\/image\/","url":"https:\/\/secure.gravatar.com\/avatar\/049821681b589dabc0bc20695993ccebb09f5b5d4d790cd9251b97faac7c652b?s=96&d=blank&r=g","contentUrl":"https:\/\/secure.gravatar.com\/avatar\/049821681b589dabc0bc20695993ccebb09f5b5d4d790cd9251b97faac7c652b?s=96&d=blank&r=g","caption":"enequipo"},"sameAs":["https:\/\/www.facebook.com\/SonoraEE"]}]}},"jetpack_featured_media_url":"https:\/\/www.sonoraenequipo.com.mx\/storage\/2020\/02\/aviso-de-festejos-de-la-consstituci\u00f3n.jpg","_links":{"self":[{"href":"https:\/\/www.sonoraenequipo.com.mx\/api\/wp\/v2\/posts\/77301","targetHints":{"allow":["GET"]}}],"collection":[{"href":"https:\/\/www.sonoraenequipo.com.mx\/api\/wp\/v2\/posts"}],"about":[{"href":"https:\/\/www.sonoraenequipo.com.mx\/api\/wp\/v2\/types\/post"}],"author":[{"embeddable":true,"href":"https:\/\/www.sonoraenequipo.com.mx\/api\/wp\/v2\/users\/1"}],"replies":[{"embeddable":true,"href":"https:\/\/www.sonoraenequipo.com.mx\/api\/wp\/v2\/comments?post=77301"}],"version-history":[{"count":0,"href":"https:\/\/www.sonoraenequipo.com.mx\/api\/wp\/v2\/posts\/77301\/revisions"}],"wp:featuredmedia":[{"embeddable":true,"href":"https:\/\/www.sonoraenequipo.com.mx\/api\/wp\/v2\/media\/77302"}],"wp:attachment":[{"href":"https:\/\/www.sonoraenequipo.com.mx\/api\/wp\/v2\/media?parent=77301"}],"wp:term":[{"taxonomy":"category","embeddable":true,"href":"https:\/\/www.sonoraenequipo.com.mx\/api\/wp\/v2\/categories?post=77301"},{"taxonomy":"post_tag","embeddable":true,"href":"https:\/\/www.sonoraenequipo.com.mx\/api\/wp\/v2\/tags?post=77301"}],"curies":[{"name":"wp","href":"https:\/\/api.w.org\/{rel}","templated":true}]}}