{"id":77313,"date":"2020-02-05T09:34:46","date_gmt":"2020-02-05T16:34:46","guid":{"rendered":"https:\/\/www.sonoraenequipo.com.mx\/?p=77313"},"modified":"2020-02-05T08:48:09","modified_gmt":"2020-02-05T15:48:09","slug":"el-presidente-de-mexico-propondra-reformas-para-festejar-dias-historicos","status":"publish","type":"post","link":"https:\/\/www.sonoraenequipo.com.mx\/el-presidente-de-mexico-propondra-reformas-para-festejar-dias-historicos\/","title":{"rendered":"El presidente de M\u00e9xico propondr\u00e1 reformas para festejar d\u00edas hist\u00f3ricos."},"content":{"rendered":"<p>CIUDAD DE M\u00c9XICO. MX. \u2014 Durante su conferencia de prensa de este mi\u00e9rcoles, el presidente Andr\u00e9s Manuel L\u00f3pez Obrador anunci\u00f3 que, al terminar este ciclo escolar, propondr\u00e1 reformas para que sea festivo el d\u00eda en que se conmemore una fecha hist\u00f3rica, y no el fin de semana anterior o posterior al marcado en el calendario c\u00edvico.<\/p>\n<p> <\/p>\n<p>Detall\u00f3 que asistir\u00e1 a un evento en el Teatro de la Rep\u00fablica, en la ciudad de Quer\u00e9taro, en ocasi\u00f3n de un aniversario m\u00e1s de la promulgaci\u00f3n de la Constituci\u00f3n de 1917.<\/p>\n<p><em><img loading=\"lazy\" decoding=\"async\" class=\"size-medium  x-left\" src=\"https:\/\/www.sonoraenequipo.com.mx\/storage\/2020\/02\/retablo-de-la-independencia_opt-600x360.jpg\" alt=\"\" width=\"600\" height=\"360\" \/>\u201cPara nosotros es un hecho hist\u00f3rico de gran relevancia, por eso anuncio que terminando el ciclo escolar actual, propondr\u00e9 reformas, cambios, para regresar a las fechas hist\u00f3ricas, para que sea festivo el d\u00eda en que se conmemore una fecha hist\u00f3rica\u201d,<\/em> asever\u00f3.<\/p>\n<p>Se\u00f1al\u00f3 que es muy lamentable que \u201c<em>se haya dejado en el olvido estas fechas c\u00edvicas, hist\u00f3ricas\u201d.<\/em><\/p>\n<p><em>\u201cLos ni\u00f1os en las escuelas, hasta de secundaria, hablan de los puentes, pero no del por qu\u00e9 no asisten a la escuela\u201d<\/em>, se\u00f1al\u00f3.<\/p>\n<p>Coment\u00f3 que ya nadie recuerda que se promulg\u00f3 la Constituci\u00f3n, pero, para su Gobierno <em>\u201ces un hecho hist\u00f3rico de gran relevancia\u201d,<\/em> pues es fundamental el civismo, la \u00e9tica y el humanismo.<\/p>\n<p><em>\u201cLa conmemoraci\u00f3n de la Independencia ser\u00eda para el mismos d\u00eda, lo mismo el 20 de noviembre, aniversario de la Revoluci\u00f3n. S\u00e9 que esto va a generar alguna pol\u00e9mica, pero considero que el que no sabe de d\u00f3nde viene, no va a saber a d\u00f3nde va\u201d,<\/em> apunt\u00f3.<\/p>\n<p>PUBLICADO EL 05\/02\/2020)<\/p>\n","protected":false},"excerpt":{"rendered":"<p>CIUDAD DE M\u00c9XICO. MX. \u2014 Durante su conferencia de prensa de este mi\u00e9rcoles, el presidente&#8230;<\/p>\n","protected":false},"author":1,"featured_media":77315,"comment_status":"open","ping_status":"open","sticky":false,"template":"","format":"standard","meta":{"_monsterinsights_skip_tracking":false,"_monsterinsights_sitenote_active":false,"_monsterinsights_sitenote_note":"","_monsterinsights_sitenote_category":0,"footnotes":""},"categories":[9,5],"tags":[],"class_list":["post"],"yoast_head":" \n<title>Sonora en Equipo. El presidente de M\u00e9xico propondr\u00e1 reformas para festejar d\u00edas hist\u00f3ricos. Rep\u00fablica<\/title>\n<meta name=\"description\" content=\"CIUDAD DE M\u00c9XICO. MX. \u2014 Durante su conferencia de prensa de este mi\u00e9rcoles, el presidente Andr\u00e9s Manuel L\u00f3pez Obrador anunci\u00f3 que, al terminar este ciclo En Sonora en Equipo publicamos toda la informaci\u00f3n de Sonora, M\u00e9xico y el Mundo de manera oportuna y busca que la libertad de expresi\u00f3n sea real. Visita nuestro medio informativo publicado desde Hermosillo, Sonora. %\" \/>\n<meta name=\"robots\" content=\"index, follow, max-snippet:-1, max-image-preview:large, max-video-preview:-1\" \/>\n<link rel=\"canonical\" href=\"https:\/\/www.sonoraenequipo.com.mx\/el-presidente-de-mexico-propondra-reformas-para-festejar-dias-historicos\/\" \/>\n<meta property=\"og:locale\" content=\"es_ES\" \/>\n<meta property=\"og:type\" content=\"article\" \/>\n<meta property=\"og:title\" content=\"Sonora en Equipo. El presidente de M\u00e9xico propondr\u00e1 reformas para festejar d\u00edas hist\u00f3ricos. Rep\u00fablica\" \/>\n<meta property=\"og:description\" content=\"CIUDAD DE M\u00c9XICO. MX. \u2014 Durante su conferencia de prensa de este mi\u00e9rcoles, el presidente Andr\u00e9s Manuel L\u00f3pez Obrador anunci\u00f3 que, al terminar este ciclo En Sonora en Equipo publicamos toda la informaci\u00f3n de Sonora, M\u00e9xico y el Mundo de manera oportuna y busca que la libertad de expresi\u00f3n sea real. Visita nuestro medio informativo publicado desde Hermosillo, Sonora. %\" \/>\n<meta property=\"og:url\" content=\"https:\/\/www.sonoraenequipo.com.mx\/el-presidente-de-mexico-propondra-reformas-para-festejar-dias-historicos\/\" \/>\n<meta property=\"og:site_name\" content=\"Sonora en Equipo.\" \/>\n<meta property=\"article:publisher\" content=\"https:\/\/www.facebook.com\/SonoraEE\/\" \/>\n<meta property=\"article:author\" content=\"https:\/\/www.facebook.com\/SonoraEE\" \/>\n<meta property=\"article:published_time\" content=\"2020-02-05T16:34:46+00:00\" \/>\n<meta property=\"og:image\" content=\"https:\/\/www.sonoraenequipo.com.mx\/storage\/2020\/02\/Eufemio-Zapata-y-su-estado-mayor_opt.jpg\" \/>\n\t<meta property=\"og:image:width\" content=\"960\" \/>\n\t<meta property=\"og:image:height\" content=\"600\" \/>\n\t<meta property=\"og:image:type\" content=\"image\/jpeg\" \/>\n<meta name=\"author\" content=\"enequipo\" \/>\n<meta name=\"twitter:card\" content=\"summary_large_image\" \/>\n<meta name=\"twitter:creator\" content=\"@sonoraenequipo\" \/>\n<meta name=\"twitter:site\" content=\"@sonoraenequipo\" \/>\n<meta name=\"twitter:label1\" content=\"Escrito por\" \/>\n\t<meta name=\"twitter:data1\" content=\"enequipo\" \/>\n\t<meta name=\"twitter:label2\" content=\"Tiempo de lectura\" \/>\n\t<meta name=\"twitter:data2\" content=\"1 minuto\" \/>\n<script type=\"application\/ld+json\" class=\"yoast-schema-graph\">{\"@context\":\"https:\/\/schema.org\",\"@graph\":[{\"@type\":\"Article\",\"@id\":\"https:\/\/www.sonoraenequipo.com.mx\/el-presidente-de-mexico-propondra-reformas-para-festejar-dias-historicos\/#article\",\"isPartOf\":{\"@id\":\"https:\/\/www.sonoraenequipo.com.mx\/el-presidente-de-mexico-propondra-reformas-para-festejar-dias-historicos\/\"},\"author\":{\"name\":\"enequipo\",\"@id\":\"https:\/\/www.sonoraenequipo.com.mx\/#\/schema\/person\/50102df0fb23a8fa9e8effad8fa81386\"},\"headline\":\"El presidente de M\u00e9xico propondr\u00e1 reformas para festejar d\u00edas hist\u00f3ricos.\",\"datePublished\":\"2020-02-05T16:34:46+00:00\",\"mainEntityOfPage\":{\"@id\":\"https:\/\/www.sonoraenequipo.com.mx\/el-presidente-de-mexico-propondra-reformas-para-festejar-dias-historicos\/\"},\"wordCount\":287,\"commentCount\":0,\"publisher\":{\"@id\":\"https:\/\/www.sonoraenequipo.com.mx\/#organization\"},\"image\":{\"@id\":\"https:\/\/www.sonoraenequipo.com.mx\/el-presidente-de-mexico-propondra-reformas-para-festejar-dias-historicos\/#primaryimage\"},\"thumbnailUrl\":\"https:\/\/www.sonoraenequipo.com.mx\/storage\/2020\/02\/Eufemio-Zapata-y-su-estado-mayor_opt.jpg\",\"articleSection\":[\"Etc\u00e9tera\",\"Rep\u00fablica\"],\"inLanguage\":\"es\",\"potentialAction\":[{\"@type\":\"CommentAction\",\"name\":\"Comment\",\"target\":[\"https:\/\/www.sonoraenequipo.com.mx\/el-presidente-de-mexico-propondra-reformas-para-festejar-dias-historicos\/#respond\"]}]},{\"@type\":\"WebPage\",\"@id\":\"https:\/\/www.sonoraenequipo.com.mx\/el-presidente-de-mexico-propondra-reformas-para-festejar-dias-historicos\/\",\"url\":\"https:\/\/www.sonoraenequipo.com.mx\/el-presidente-de-mexico-propondra-reformas-para-festejar-dias-historicos\/\",\"name\":\"Sonora en Equipo. El presidente de M\u00e9xico propondr\u00e1 reformas para festejar d\u00edas hist\u00f3ricos. Rep\u00fablica\",\"isPartOf\":{\"@id\":\"https:\/\/www.sonoraenequipo.com.mx\/#website\"},\"primaryImageOfPage\":{\"@id\":\"https:\/\/www.sonoraenequipo.com.mx\/el-presidente-de-mexico-propondra-reformas-para-festejar-dias-historicos\/#primaryimage\"},\"image\":{\"@id\":\"https:\/\/www.sonoraenequipo.com.mx\/el-presidente-de-mexico-propondra-reformas-para-festejar-dias-historicos\/#primaryimage\"},\"thumbnailUrl\":\"https:\/\/www.sonoraenequipo.com.mx\/storage\/2020\/02\/Eufemio-Zapata-y-su-estado-mayor_opt.jpg\",\"datePublished\":\"2020-02-05T16:34:46+00:00\",\"description\":\"CIUDAD DE M\u00c9XICO. MX. \u2014 Durante su conferencia de prensa de este mi\u00e9rcoles, el presidente Andr\u00e9s Manuel L\u00f3pez Obrador anunci\u00f3 que, al terminar este ciclo En Sonora en Equipo publicamos toda la informaci\u00f3n de Sonora, M\u00e9xico y el Mundo de manera oportuna y busca que la libertad de expresi\u00f3n sea real. Visita nuestro medio informativo publicado desde Hermosillo, Sonora. %\",\"breadcrumb\":{\"@id\":\"https:\/\/www.sonoraenequipo.com.mx\/el-presidente-de-mexico-propondra-reformas-para-festejar-dias-historicos\/#breadcrumb\"},\"inLanguage\":\"es\",\"potentialAction\":[{\"@type\":\"ReadAction\",\"target\":[\"https:\/\/www.sonoraenequipo.com.mx\/el-presidente-de-mexico-propondra-reformas-para-festejar-dias-historicos\/\"]}]},{\"@type\":\"ImageObject\",\"inLanguage\":\"es\",\"@id\":\"https:\/\/www.sonoraenequipo.com.mx\/el-presidente-de-mexico-propondra-reformas-para-festejar-dias-historicos\/#primaryimage\",\"url\":\"https:\/\/www.sonoraenequipo.com.mx\/storage\/2020\/02\/Eufemio-Zapata-y-su-estado-mayor_opt.jpg\",\"contentUrl\":\"https:\/\/www.sonoraenequipo.com.mx\/storage\/2020\/02\/Eufemio-Zapata-y-su-estado-mayor_opt.jpg\",\"width\":960,\"height\":600},{\"@type\":\"BreadcrumbList\",\"@id\":\"https:\/\/www.sonoraenequipo.com.mx\/el-presidente-de-mexico-propondra-reformas-para-festejar-dias-historicos\/#breadcrumb\",\"itemListElement\":[{\"@type\":\"ListItem\",\"position\":1,\"name\":\"Portada\",\"item\":\"https:\/\/www.sonoraenequipo.com.mx\/\"},{\"@type\":\"ListItem\",\"position\":2,\"name\":\"El presidente de M\u00e9xico propondr\u00e1 reformas para festejar d\u00edas hist\u00f3ricos.\"}]},{\"@type\":\"WebSite\",\"@id\":\"https:\/\/www.sonoraenequipo.com.mx\/#website\",\"url\":\"https:\/\/www.sonoraenequipo.com.mx\/\",\"name\":\"Sonora en Equipo.\",\"description\":\"Diario en l\u00ednea con Noticias desde Hermosillo, Sonora\",\"publisher\":{\"@id\":\"https:\/\/www.sonoraenequipo.com.mx\/#organization\"},\"potentialAction\":[{\"@type\":\"SearchAction\",\"target\":{\"@type\":\"EntryPoint\",\"urlTemplate\":\"https:\/\/www.sonoraenequipo.com.mx\/?s={search_term_string}\"},\"query-input\":{\"@type\":\"PropertyValueSpecification\",\"valueRequired\":true,\"valueName\":\"search_term_string\"}}],\"inLanguage\":\"es\"},{\"@type\":\"Organization\",\"@id\":\"https:\/\/www.sonoraenequipo.com.mx\/#organization\",\"name\":\"Sonoraenequipo.com.mx\",\"url\":\"https:\/\/www.sonoraenequipo.com.mx\/\",\"logo\":{\"@type\":\"ImageObject\",\"inLanguage\":\"es\",\"@id\":\"https:\/\/www.sonoraenequipo.com.mx\/#\/schema\/logo\/image\/\",\"url\":\"https:\/\/www.sonoraenequipo.com.mx\/storage\/2019\/01\/sonoraenequipo_opt.png\",\"contentUrl\":\"https:\/\/www.sonoraenequipo.com.mx\/storage\/2019\/01\/sonoraenequipo_opt.png\",\"width\":375,\"height\":125,\"caption\":\"Sonoraenequipo.com.mx\"},\"image\":{\"@id\":\"https:\/\/www.sonoraenequipo.com.mx\/#\/schema\/logo\/image\/\"},\"sameAs\":[\"https:\/\/www.facebook.com\/SonoraEE\/\",\"https:\/\/x.com\/sonoraenequipo\",\"https:\/\/www.youtube.com\/channel\/UC338nW-lPEYmJQs4ZABQ1SQ\"]},{\"@type\":\"Person\",\"@id\":\"https:\/\/www.sonoraenequipo.com.mx\/#\/schema\/person\/50102df0fb23a8fa9e8effad8fa81386\",\"name\":\"enequipo\",\"image\":{\"@type\":\"ImageObject\",\"inLanguage\":\"es\",\"@id\":\"https:\/\/www.sonoraenequipo.com.mx\/#\/schema\/person\/image\/\",\"url\":\"https:\/\/secure.gravatar.com\/avatar\/049821681b589dabc0bc20695993ccebb09f5b5d4d790cd9251b97faac7c652b?s=96&d=blank&r=g\",\"contentUrl\":\"https:\/\/secure.gravatar.com\/avatar\/049821681b589dabc0bc20695993ccebb09f5b5d4d790cd9251b97faac7c652b?s=96&d=blank&r=g\",\"caption\":\"enequipo\"},\"sameAs\":[\"https:\/\/www.facebook.com\/SonoraEE\"]}]}<\/script>\n ","yoast_head_json":{"title":"Sonora en Equipo. El presidente de M\u00e9xico propondr\u00e1 reformas para festejar d\u00edas hist\u00f3ricos. Rep\u00fablica","description":"CIUDAD DE M\u00c9XICO. MX. \u2014 Durante su conferencia de prensa de este mi\u00e9rcoles, el presidente Andr\u00e9s Manuel L\u00f3pez Obrador anunci\u00f3 que, al terminar este ciclo En Sonora en Equipo publicamos toda la informaci\u00f3n de Sonora, M\u00e9xico y el Mundo de manera oportuna y busca que la libertad de expresi\u00f3n sea real. Visita nuestro medio informativo publicado desde Hermosillo, Sonora. %","robots":{"index":"index","follow":"follow","max-snippet":"max-snippet:-1","max-image-preview":"max-image-preview:large","max-video-preview":"max-video-preview:-1"},"canonical":"https:\/\/www.sonoraenequipo.com.mx\/el-presidente-de-mexico-propondra-reformas-para-festejar-dias-historicos\/","og_locale":"es_ES","og_type":"article","og_title":"Sonora en Equipo. El presidente de M\u00e9xico propondr\u00e1 reformas para festejar d\u00edas hist\u00f3ricos. Rep\u00fablica","og_description":"CIUDAD DE M\u00c9XICO. MX. \u2014 Durante su conferencia de prensa de este mi\u00e9rcoles, el presidente Andr\u00e9s Manuel L\u00f3pez Obrador anunci\u00f3 que, al terminar este ciclo En Sonora en Equipo publicamos toda la informaci\u00f3n de Sonora, M\u00e9xico y el Mundo de manera oportuna y busca que la libertad de expresi\u00f3n sea real. Visita nuestro medio informativo publicado desde Hermosillo, Sonora. %","og_url":"https:\/\/www.sonoraenequipo.com.mx\/el-presidente-de-mexico-propondra-reformas-para-festejar-dias-historicos\/","og_site_name":"Sonora en Equipo.","article_publisher":"https:\/\/www.facebook.com\/SonoraEE\/","article_author":"https:\/\/www.facebook.com\/SonoraEE","article_published_time":"2020-02-05T16:34:46+00:00","og_image":[{"width":960,"height":600,"url":"https:\/\/www.sonoraenequipo.com.mx\/storage\/2020\/02\/Eufemio-Zapata-y-su-estado-mayor_opt.jpg","type":"image\/jpeg"}],"author":"enequipo","twitter_card":"summary_large_image","twitter_creator":"@sonoraenequipo","twitter_site":"@sonoraenequipo","twitter_misc":{"Escrito por":"enequipo","Tiempo de lectura":"1 minuto"},"schema":{"@context":"https:\/\/schema.org","@graph":[{"@type":"Article","@id":"https:\/\/www.sonoraenequipo.com.mx\/el-presidente-de-mexico-propondra-reformas-para-festejar-dias-historicos\/#article","isPartOf":{"@id":"https:\/\/www.sonoraenequipo.com.mx\/el-presidente-de-mexico-propondra-reformas-para-festejar-dias-historicos\/"},"author":{"name":"enequipo","@id":"https:\/\/www.sonoraenequipo.com.mx\/#\/schema\/person\/50102df0fb23a8fa9e8effad8fa81386"},"headline":"El presidente de M\u00e9xico propondr\u00e1 reformas para festejar d\u00edas hist\u00f3ricos.","datePublished":"2020-02-05T16:34:46+00:00","mainEntityOfPage":{"@id":"https:\/\/www.sonoraenequipo.com.mx\/el-presidente-de-mexico-propondra-reformas-para-festejar-dias-historicos\/"},"wordCount":287,"commentCount":0,"publisher":{"@id":"https:\/\/www.sonoraenequipo.com.mx\/#organization"},"image":{"@id":"https:\/\/www.sonoraenequipo.com.mx\/el-presidente-de-mexico-propondra-reformas-para-festejar-dias-historicos\/#primaryimage"},"thumbnailUrl":"https:\/\/www.sonoraenequipo.com.mx\/storage\/2020\/02\/Eufemio-Zapata-y-su-estado-mayor_opt.jpg","articleSection":["Etc\u00e9tera","Rep\u00fablica"],"inLanguage":"es","potentialAction":[{"@type":"CommentAction","name":"Comment","target":["https:\/\/www.sonoraenequipo.com.mx\/el-presidente-de-mexico-propondra-reformas-para-festejar-dias-historicos\/#respond"]}]},{"@type":"WebPage","@id":"https:\/\/www.sonoraenequipo.com.mx\/el-presidente-de-mexico-propondra-reformas-para-festejar-dias-historicos\/","url":"https:\/\/www.sonoraenequipo.com.mx\/el-presidente-de-mexico-propondra-reformas-para-festejar-dias-historicos\/","name":"Sonora en Equipo. El presidente de M\u00e9xico propondr\u00e1 reformas para festejar d\u00edas hist\u00f3ricos. Rep\u00fablica","isPartOf":{"@id":"https:\/\/www.sonoraenequipo.com.mx\/#website"},"primaryImageOfPage":{"@id":"https:\/\/www.sonoraenequipo.com.mx\/el-presidente-de-mexico-propondra-reformas-para-festejar-dias-historicos\/#primaryimage"},"image":{"@id":"https:\/\/www.sonoraenequipo.com.mx\/el-presidente-de-mexico-propondra-reformas-para-festejar-dias-historicos\/#primaryimage"},"thumbnailUrl":"https:\/\/www.sonoraenequipo.com.mx\/storage\/2020\/02\/Eufemio-Zapata-y-su-estado-mayor_opt.jpg","datePublished":"2020-02-05T16:34:46+00:00","description":"CIUDAD DE M\u00c9XICO. MX. \u2014 Durante su conferencia de prensa de este mi\u00e9rcoles, el presidente Andr\u00e9s Manuel L\u00f3pez Obrador anunci\u00f3 que, al terminar este ciclo En Sonora en Equipo publicamos toda la informaci\u00f3n de Sonora, M\u00e9xico y el Mundo de manera oportuna y busca que la libertad de expresi\u00f3n sea real. Visita nuestro medio informativo publicado desde Hermosillo, Sonora. %","breadcrumb":{"@id":"https:\/\/www.sonoraenequipo.com.mx\/el-presidente-de-mexico-propondra-reformas-para-festejar-dias-historicos\/#breadcrumb"},"inLanguage":"es","potentialAction":[{"@type":"ReadAction","target":["https:\/\/www.sonoraenequipo.com.mx\/el-presidente-de-mexico-propondra-reformas-para-festejar-dias-historicos\/"]}]},{"@type":"ImageObject","inLanguage":"es","@id":"https:\/\/www.sonoraenequipo.com.mx\/el-presidente-de-mexico-propondra-reformas-para-festejar-dias-historicos\/#primaryimage","url":"https:\/\/www.sonoraenequipo.com.mx\/storage\/2020\/02\/Eufemio-Zapata-y-su-estado-mayor_opt.jpg","contentUrl":"https:\/\/www.sonoraenequipo.com.mx\/storage\/2020\/02\/Eufemio-Zapata-y-su-estado-mayor_opt.jpg","width":960,"height":600},{"@type":"BreadcrumbList","@id":"https:\/\/www.sonoraenequipo.com.mx\/el-presidente-de-mexico-propondra-reformas-para-festejar-dias-historicos\/#breadcrumb","itemListElement":[{"@type":"ListItem","position":1,"name":"Portada","item":"https:\/\/www.sonoraenequipo.com.mx\/"},{"@type":"ListItem","position":2,"name":"El presidente de M\u00e9xico propondr\u00e1 reformas para festejar d\u00edas hist\u00f3ricos."}]},{"@type":"WebSite","@id":"https:\/\/www.sonoraenequipo.com.mx\/#website","url":"https:\/\/www.sonoraenequipo.com.mx\/","name":"Sonora en Equipo.","description":"Diario en l\u00ednea con Noticias desde Hermosillo, Sonora","publisher":{"@id":"https:\/\/www.sonoraenequipo.com.mx\/#organization"},"potentialAction":[{"@type":"SearchAction","target":{"@type":"EntryPoint","urlTemplate":"https:\/\/www.sonoraenequipo.com.mx\/?s={search_term_string}"},"query-input":{"@type":"PropertyValueSpecification","valueRequired":true,"valueName":"search_term_string"}}],"inLanguage":"es"},{"@type":"Organization","@id":"https:\/\/www.sonoraenequipo.com.mx\/#organization","name":"Sonoraenequipo.com.mx","url":"https:\/\/www.sonoraenequipo.com.mx\/","logo":{"@type":"ImageObject","inLanguage":"es","@id":"https:\/\/www.sonoraenequipo.com.mx\/#\/schema\/logo\/image\/","url":"https:\/\/www.sonoraenequipo.com.mx\/storage\/2019\/01\/sonoraenequipo_opt.png","contentUrl":"https:\/\/www.sonoraenequipo.com.mx\/storage\/2019\/01\/sonoraenequipo_opt.png","width":375,"height":125,"caption":"Sonoraenequipo.com.mx"},"image":{"@id":"https:\/\/www.sonoraenequipo.com.mx\/#\/schema\/logo\/image\/"},"sameAs":["https:\/\/www.facebook.com\/SonoraEE\/","https:\/\/x.com\/sonoraenequipo","https:\/\/www.youtube.com\/channel\/UC338nW-lPEYmJQs4ZABQ1SQ"]},{"@type":"Person","@id":"https:\/\/www.sonoraenequipo.com.mx\/#\/schema\/person\/50102df0fb23a8fa9e8effad8fa81386","name":"enequipo","image":{"@type":"ImageObject","inLanguage":"es","@id":"https:\/\/www.sonoraenequipo.com.mx\/#\/schema\/person\/image\/","url":"https:\/\/secure.gravatar.com\/avatar\/049821681b589dabc0bc20695993ccebb09f5b5d4d790cd9251b97faac7c652b?s=96&d=blank&r=g","contentUrl":"https:\/\/secure.gravatar.com\/avatar\/049821681b589dabc0bc20695993ccebb09f5b5d4d790cd9251b97faac7c652b?s=96&d=blank&r=g","caption":"enequipo"},"sameAs":["https:\/\/www.facebook.com\/SonoraEE"]}]}},"jetpack_featured_media_url":"https:\/\/www.sonoraenequipo.com.mx\/storage\/2020\/02\/Eufemio-Zapata-y-su-estado-mayor_opt.jpg","_links":{"self":[{"href":"https:\/\/www.sonoraenequipo.com.mx\/api\/wp\/v2\/posts\/77313","targetHints":{"allow":["GET"]}}],"collection":[{"href":"https:\/\/www.sonoraenequipo.com.mx\/api\/wp\/v2\/posts"}],"about":[{"href":"https:\/\/www.sonoraenequipo.com.mx\/api\/wp\/v2\/types\/post"}],"author":[{"embeddable":true,"href":"https:\/\/www.sonoraenequipo.com.mx\/api\/wp\/v2\/users\/1"}],"replies":[{"embeddable":true,"href":"https:\/\/www.sonoraenequipo.com.mx\/api\/wp\/v2\/comments?post=77313"}],"version-history":[{"count":0,"href":"https:\/\/www.sonoraenequipo.com.mx\/api\/wp\/v2\/posts\/77313\/revisions"}],"wp:featuredmedia":[{"embeddable":true,"href":"https:\/\/www.sonoraenequipo.com.mx\/api\/wp\/v2\/media\/77315"}],"wp:attachment":[{"href":"https:\/\/www.sonoraenequipo.com.mx\/api\/wp\/v2\/media?parent=77313"}],"wp:term":[{"taxonomy":"category","embeddable":true,"href":"https:\/\/www.sonoraenequipo.com.mx\/api\/wp\/v2\/categories?post=77313"},{"taxonomy":"post_tag","embeddable":true,"href":"https:\/\/www.sonoraenequipo.com.mx\/api\/wp\/v2\/tags?post=77313"}],"curies":[{"name":"wp","href":"https:\/\/api.w.org\/{rel}","templated":true}]}}