{"id":77344,"date":"2020-02-05T13:10:21","date_gmt":"2020-02-05T20:10:21","guid":{"rendered":"https:\/\/www.sonoraenequipo.com.mx\/?p=77344"},"modified":"2020-02-05T13:13:53","modified_gmt":"2020-02-05T20:13:53","slug":"amlo-rechaza-propuesta-de-gertz-manero-sobre-eliminar-delito-de-feminicidio","status":"publish","type":"post","link":"https:\/\/www.sonoraenequipo.com.mx\/amlo-rechaza-propuesta-de-gertz-manero-sobre-eliminar-delito-de-feminicidio\/","title":{"rendered":"Gertz Manero propone  eliminar delito de feminicidio&#8230;AMLO lo rechaza"},"content":{"rendered":"<p>CIUDAD DE M\u00c9XICO. MX. \u2014 El presidente Andr\u00e9s Manuel L\u00f3pez Obrador rechaz\u00f3 la propuesta del fiscal general Alejandro Gertz Manero sobre eliminar el delito de feminicidio por la dificultad que para el Ministerio P\u00fablico tiene acreditar ese delito.<\/p>\n<p>&nbsp;<\/p>\n<p> <\/p>\n<p>&nbsp;<\/p>\n<p>Durante su conferencia matutina, L\u00f3pez Obrador expres\u00f3 que esto \u00abno se mueve\u00bb ya que \u00absi se lleva a cabo esta reforma, aun siendo buena, se puede malinterpretar\u00bb, al igual que la petici\u00f3n de la Secretar\u00eda de Gobernaci\u00f3n (Segob) al Instituto Nacional Electoral (INE) sobre entregar datos biom\u00e9tricos.<\/p>\n<p>&nbsp;<\/p>\n<p>\u00abEn el caso de quitar causales para feminicidios, dijimos no, no se mueve porque si tenemos esta situaci\u00f3n especial en la universidad (UNAM) y si se lleva a cabo esta reforma, aun siendo buena, se puede malinterpretar, entonces que las cosas queden como est\u00e1n, o sea, lo mismo en la c\u00e9dula de identidad\u00bb, dijo.<\/p>\n<p>&nbsp;<\/p>\n<p>&nbsp;<\/p>\n<p>Durante una reuni\u00f3n privada con diputados federales de Morena, Gertz Manero se pronunci\u00f3 por expedir un c\u00f3digo penal \u00fanico para todo el pa\u00eds y, en ese contexto, llam\u00f3 a suprimir la figura del feminicidio, confirmaron a MILENIO por separado tres legisladoras presentes en el encuentro.<\/p>\n<p>&nbsp;<\/p>\n<p>&nbsp;<\/p>\n<p>Dijeron que el fiscal argument\u00f3 que el Ministerio P\u00fablico enfrenta serias dificultades t\u00e9cnicas para acreditar la comisi\u00f3n del delito de feminicidio por las caracter\u00edsticas que definen ese tipo penal y sostuvo que por ello ser\u00eda m\u00e1s conveniente, en t\u00e9rminos de procuraci\u00f3n de justicia, mantener en la legislaci\u00f3n penal el delito de homicidio y enlistar una agravante con los elementos correspondientes al feminicidio.<\/p>\n<p>&nbsp;<\/p>\n<p>&nbsp;<\/p>\n<p>&nbsp;<\/p>\n<p>PUBLICADO EL 05\/02\/2020 \/ Con informaci\u00f3n de Fernando Dami\u00e1n&nbsp; )<\/p>\n","protected":false},"excerpt":{"rendered":"<p>CIUDAD DE M\u00c9XICO. MX. \u2014 El presidente Andr\u00e9s Manuel L\u00f3pez Obrador rechaz\u00f3 la propuesta del&#8230;<\/p>\n","protected":false},"author":1,"featured_media":77345,"comment_status":"open","ping_status":"open","sticky":false,"template":"","format":"standard","meta":{"_monsterinsights_skip_tracking":false,"_monsterinsights_sitenote_active":false,"_monsterinsights_sitenote_note":"","_monsterinsights_sitenote_category":0,"footnotes":""},"categories":[5],"tags":[],"class_list":["post"],"yoast_head":" \n<title>Sonora en Equipo. Gertz Manero propone eliminar delito de feminicidio...AMLO lo rechaza Rep\u00fablica<\/title>\n<meta name=\"description\" content=\"CIUDAD DE M\u00c9XICO. MX. \u2014 El presidente Andr\u00e9s Manuel L\u00f3pez Obrador rechaz\u00f3 la propuesta del fiscal general Alejandro Gertz Manero sobre eliminar el delito En Sonora en Equipo publicamos toda la informaci\u00f3n de Sonora, M\u00e9xico y el Mundo de manera oportuna y busca que la libertad de expresi\u00f3n sea real. Visita nuestro medio informativo publicado desde Hermosillo, Sonora. %\" \/>\n<meta name=\"robots\" content=\"index, follow, max-snippet:-1, max-image-preview:large, max-video-preview:-1\" \/>\n<link rel=\"canonical\" href=\"https:\/\/www.sonoraenequipo.com.mx\/amlo-rechaza-propuesta-de-gertz-manero-sobre-eliminar-delito-de-feminicidio\/\" \/>\n<meta property=\"og:locale\" content=\"es_ES\" \/>\n<meta property=\"og:type\" content=\"article\" \/>\n<meta property=\"og:title\" content=\"Sonora en Equipo. Gertz Manero propone eliminar delito de feminicidio...AMLO lo rechaza Rep\u00fablica\" \/>\n<meta property=\"og:description\" content=\"CIUDAD DE M\u00c9XICO. MX. \u2014 El presidente Andr\u00e9s Manuel L\u00f3pez Obrador rechaz\u00f3 la propuesta del fiscal general Alejandro Gertz Manero sobre eliminar el delito En Sonora en Equipo publicamos toda la informaci\u00f3n de Sonora, M\u00e9xico y el Mundo de manera oportuna y busca que la libertad de expresi\u00f3n sea real. Visita nuestro medio informativo publicado desde Hermosillo, Sonora. %\" \/>\n<meta property=\"og:url\" content=\"https:\/\/www.sonoraenequipo.com.mx\/amlo-rechaza-propuesta-de-gertz-manero-sobre-eliminar-delito-de-feminicidio\/\" \/>\n<meta property=\"og:site_name\" content=\"Sonora en Equipo.\" \/>\n<meta property=\"article:publisher\" content=\"https:\/\/www.facebook.com\/SonoraEE\/\" \/>\n<meta property=\"article:author\" content=\"https:\/\/www.facebook.com\/SonoraEE\" \/>\n<meta property=\"article:published_time\" content=\"2020-02-05T20:10:21+00:00\" \/>\n<meta property=\"article:modified_time\" content=\"2020-02-05T20:13:53+00:00\" \/>\n<meta property=\"og:image\" content=\"https:\/\/www.sonoraenequipo.com.mx\/storage\/2020\/02\/gertzmanero.feminicidios.jpg\" \/>\n\t<meta property=\"og:image:width\" content=\"651\" \/>\n\t<meta property=\"og:image:height\" content=\"400\" \/>\n\t<meta property=\"og:image:type\" content=\"image\/jpeg\" \/>\n<meta name=\"author\" content=\"enequipo\" \/>\n<meta name=\"twitter:card\" content=\"summary_large_image\" \/>\n<meta name=\"twitter:creator\" content=\"@sonoraenequipo\" \/>\n<meta name=\"twitter:site\" content=\"@sonoraenequipo\" \/>\n<meta name=\"twitter:label1\" content=\"Escrito por\" \/>\n\t<meta name=\"twitter:data1\" content=\"enequipo\" \/>\n\t<meta name=\"twitter:label2\" content=\"Tiempo de lectura\" \/>\n\t<meta name=\"twitter:data2\" content=\"1 minuto\" \/>\n<script type=\"application\/ld+json\" class=\"yoast-schema-graph\">{\"@context\":\"https:\/\/schema.org\",\"@graph\":[{\"@type\":\"Article\",\"@id\":\"https:\/\/www.sonoraenequipo.com.mx\/amlo-rechaza-propuesta-de-gertz-manero-sobre-eliminar-delito-de-feminicidio\/#article\",\"isPartOf\":{\"@id\":\"https:\/\/www.sonoraenequipo.com.mx\/amlo-rechaza-propuesta-de-gertz-manero-sobre-eliminar-delito-de-feminicidio\/\"},\"author\":{\"name\":\"enequipo\",\"@id\":\"https:\/\/www.sonoraenequipo.com.mx\/#\/schema\/person\/50102df0fb23a8fa9e8effad8fa81386\"},\"headline\":\"Gertz Manero propone eliminar delito de feminicidio&#8230;AMLO lo rechaza\",\"datePublished\":\"2020-02-05T20:10:21+00:00\",\"dateModified\":\"2020-02-05T20:13:53+00:00\",\"mainEntityOfPage\":{\"@id\":\"https:\/\/www.sonoraenequipo.com.mx\/amlo-rechaza-propuesta-de-gertz-manero-sobre-eliminar-delito-de-feminicidio\/\"},\"wordCount\":299,\"commentCount\":0,\"publisher\":{\"@id\":\"https:\/\/www.sonoraenequipo.com.mx\/#organization\"},\"image\":{\"@id\":\"https:\/\/www.sonoraenequipo.com.mx\/amlo-rechaza-propuesta-de-gertz-manero-sobre-eliminar-delito-de-feminicidio\/#primaryimage\"},\"thumbnailUrl\":\"https:\/\/www.sonoraenequipo.com.mx\/storage\/2020\/02\/gertzmanero.feminicidios.jpg\",\"articleSection\":[\"Rep\u00fablica\"],\"inLanguage\":\"es\",\"potentialAction\":[{\"@type\":\"CommentAction\",\"name\":\"Comment\",\"target\":[\"https:\/\/www.sonoraenequipo.com.mx\/amlo-rechaza-propuesta-de-gertz-manero-sobre-eliminar-delito-de-feminicidio\/#respond\"]}]},{\"@type\":\"WebPage\",\"@id\":\"https:\/\/www.sonoraenequipo.com.mx\/amlo-rechaza-propuesta-de-gertz-manero-sobre-eliminar-delito-de-feminicidio\/\",\"url\":\"https:\/\/www.sonoraenequipo.com.mx\/amlo-rechaza-propuesta-de-gertz-manero-sobre-eliminar-delito-de-feminicidio\/\",\"name\":\"Sonora en Equipo. Gertz Manero propone eliminar delito de feminicidio...AMLO lo rechaza Rep\u00fablica\",\"isPartOf\":{\"@id\":\"https:\/\/www.sonoraenequipo.com.mx\/#website\"},\"primaryImageOfPage\":{\"@id\":\"https:\/\/www.sonoraenequipo.com.mx\/amlo-rechaza-propuesta-de-gertz-manero-sobre-eliminar-delito-de-feminicidio\/#primaryimage\"},\"image\":{\"@id\":\"https:\/\/www.sonoraenequipo.com.mx\/amlo-rechaza-propuesta-de-gertz-manero-sobre-eliminar-delito-de-feminicidio\/#primaryimage\"},\"thumbnailUrl\":\"https:\/\/www.sonoraenequipo.com.mx\/storage\/2020\/02\/gertzmanero.feminicidios.jpg\",\"datePublished\":\"2020-02-05T20:10:21+00:00\",\"dateModified\":\"2020-02-05T20:13:53+00:00\",\"description\":\"CIUDAD DE M\u00c9XICO. MX. \u2014 El presidente Andr\u00e9s Manuel L\u00f3pez Obrador rechaz\u00f3 la propuesta del fiscal general Alejandro Gertz Manero sobre eliminar el delito En Sonora en Equipo publicamos toda la informaci\u00f3n de Sonora, M\u00e9xico y el Mundo de manera oportuna y busca que la libertad de expresi\u00f3n sea real. Visita nuestro medio informativo publicado desde Hermosillo, Sonora. %\",\"breadcrumb\":{\"@id\":\"https:\/\/www.sonoraenequipo.com.mx\/amlo-rechaza-propuesta-de-gertz-manero-sobre-eliminar-delito-de-feminicidio\/#breadcrumb\"},\"inLanguage\":\"es\",\"potentialAction\":[{\"@type\":\"ReadAction\",\"target\":[\"https:\/\/www.sonoraenequipo.com.mx\/amlo-rechaza-propuesta-de-gertz-manero-sobre-eliminar-delito-de-feminicidio\/\"]}]},{\"@type\":\"ImageObject\",\"inLanguage\":\"es\",\"@id\":\"https:\/\/www.sonoraenequipo.com.mx\/amlo-rechaza-propuesta-de-gertz-manero-sobre-eliminar-delito-de-feminicidio\/#primaryimage\",\"url\":\"https:\/\/www.sonoraenequipo.com.mx\/storage\/2020\/02\/gertzmanero.feminicidios.jpg\",\"contentUrl\":\"https:\/\/www.sonoraenequipo.com.mx\/storage\/2020\/02\/gertzmanero.feminicidios.jpg\",\"width\":651,\"height\":400},{\"@type\":\"BreadcrumbList\",\"@id\":\"https:\/\/www.sonoraenequipo.com.mx\/amlo-rechaza-propuesta-de-gertz-manero-sobre-eliminar-delito-de-feminicidio\/#breadcrumb\",\"itemListElement\":[{\"@type\":\"ListItem\",\"position\":1,\"name\":\"Portada\",\"item\":\"https:\/\/www.sonoraenequipo.com.mx\/\"},{\"@type\":\"ListItem\",\"position\":2,\"name\":\"Gertz Manero propone eliminar delito de feminicidio&#8230;AMLO lo rechaza\"}]},{\"@type\":\"WebSite\",\"@id\":\"https:\/\/www.sonoraenequipo.com.mx\/#website\",\"url\":\"https:\/\/www.sonoraenequipo.com.mx\/\",\"name\":\"Sonora en Equipo.\",\"description\":\"Diario en l\u00ednea con Noticias desde Hermosillo, Sonora\",\"publisher\":{\"@id\":\"https:\/\/www.sonoraenequipo.com.mx\/#organization\"},\"potentialAction\":[{\"@type\":\"SearchAction\",\"target\":{\"@type\":\"EntryPoint\",\"urlTemplate\":\"https:\/\/www.sonoraenequipo.com.mx\/?s={search_term_string}\"},\"query-input\":{\"@type\":\"PropertyValueSpecification\",\"valueRequired\":true,\"valueName\":\"search_term_string\"}}],\"inLanguage\":\"es\"},{\"@type\":\"Organization\",\"@id\":\"https:\/\/www.sonoraenequipo.com.mx\/#organization\",\"name\":\"Sonoraenequipo.com.mx\",\"url\":\"https:\/\/www.sonoraenequipo.com.mx\/\",\"logo\":{\"@type\":\"ImageObject\",\"inLanguage\":\"es\",\"@id\":\"https:\/\/www.sonoraenequipo.com.mx\/#\/schema\/logo\/image\/\",\"url\":\"https:\/\/www.sonoraenequipo.com.mx\/storage\/2019\/01\/sonoraenequipo_opt.png\",\"contentUrl\":\"https:\/\/www.sonoraenequipo.com.mx\/storage\/2019\/01\/sonoraenequipo_opt.png\",\"width\":375,\"height\":125,\"caption\":\"Sonoraenequipo.com.mx\"},\"image\":{\"@id\":\"https:\/\/www.sonoraenequipo.com.mx\/#\/schema\/logo\/image\/\"},\"sameAs\":[\"https:\/\/www.facebook.com\/SonoraEE\/\",\"https:\/\/x.com\/sonoraenequipo\",\"https:\/\/www.youtube.com\/channel\/UC338nW-lPEYmJQs4ZABQ1SQ\"]},{\"@type\":\"Person\",\"@id\":\"https:\/\/www.sonoraenequipo.com.mx\/#\/schema\/person\/50102df0fb23a8fa9e8effad8fa81386\",\"name\":\"enequipo\",\"image\":{\"@type\":\"ImageObject\",\"inLanguage\":\"es\",\"@id\":\"https:\/\/www.sonoraenequipo.com.mx\/#\/schema\/person\/image\/\",\"url\":\"https:\/\/secure.gravatar.com\/avatar\/049821681b589dabc0bc20695993ccebb09f5b5d4d790cd9251b97faac7c652b?s=96&d=blank&r=g\",\"contentUrl\":\"https:\/\/secure.gravatar.com\/avatar\/049821681b589dabc0bc20695993ccebb09f5b5d4d790cd9251b97faac7c652b?s=96&d=blank&r=g\",\"caption\":\"enequipo\"},\"sameAs\":[\"https:\/\/www.facebook.com\/SonoraEE\"]}]}<\/script>\n ","yoast_head_json":{"title":"Sonora en Equipo. Gertz Manero propone eliminar delito de feminicidio...AMLO lo rechaza Rep\u00fablica","description":"CIUDAD DE M\u00c9XICO. MX. \u2014 El presidente Andr\u00e9s Manuel L\u00f3pez Obrador rechaz\u00f3 la propuesta del fiscal general Alejandro Gertz Manero sobre eliminar el delito En Sonora en Equipo publicamos toda la informaci\u00f3n de Sonora, M\u00e9xico y el Mundo de manera oportuna y busca que la libertad de expresi\u00f3n sea real. Visita nuestro medio informativo publicado desde Hermosillo, Sonora. %","robots":{"index":"index","follow":"follow","max-snippet":"max-snippet:-1","max-image-preview":"max-image-preview:large","max-video-preview":"max-video-preview:-1"},"canonical":"https:\/\/www.sonoraenequipo.com.mx\/amlo-rechaza-propuesta-de-gertz-manero-sobre-eliminar-delito-de-feminicidio\/","og_locale":"es_ES","og_type":"article","og_title":"Sonora en Equipo. Gertz Manero propone eliminar delito de feminicidio...AMLO lo rechaza Rep\u00fablica","og_description":"CIUDAD DE M\u00c9XICO. MX. \u2014 El presidente Andr\u00e9s Manuel L\u00f3pez Obrador rechaz\u00f3 la propuesta del fiscal general Alejandro Gertz Manero sobre eliminar el delito En Sonora en Equipo publicamos toda la informaci\u00f3n de Sonora, M\u00e9xico y el Mundo de manera oportuna y busca que la libertad de expresi\u00f3n sea real. Visita nuestro medio informativo publicado desde Hermosillo, Sonora. %","og_url":"https:\/\/www.sonoraenequipo.com.mx\/amlo-rechaza-propuesta-de-gertz-manero-sobre-eliminar-delito-de-feminicidio\/","og_site_name":"Sonora en Equipo.","article_publisher":"https:\/\/www.facebook.com\/SonoraEE\/","article_author":"https:\/\/www.facebook.com\/SonoraEE","article_published_time":"2020-02-05T20:10:21+00:00","article_modified_time":"2020-02-05T20:13:53+00:00","og_image":[{"width":651,"height":400,"url":"https:\/\/www.sonoraenequipo.com.mx\/storage\/2020\/02\/gertzmanero.feminicidios.jpg","type":"image\/jpeg"}],"author":"enequipo","twitter_card":"summary_large_image","twitter_creator":"@sonoraenequipo","twitter_site":"@sonoraenequipo","twitter_misc":{"Escrito por":"enequipo","Tiempo de lectura":"1 minuto"},"schema":{"@context":"https:\/\/schema.org","@graph":[{"@type":"Article","@id":"https:\/\/www.sonoraenequipo.com.mx\/amlo-rechaza-propuesta-de-gertz-manero-sobre-eliminar-delito-de-feminicidio\/#article","isPartOf":{"@id":"https:\/\/www.sonoraenequipo.com.mx\/amlo-rechaza-propuesta-de-gertz-manero-sobre-eliminar-delito-de-feminicidio\/"},"author":{"name":"enequipo","@id":"https:\/\/www.sonoraenequipo.com.mx\/#\/schema\/person\/50102df0fb23a8fa9e8effad8fa81386"},"headline":"Gertz Manero propone eliminar delito de feminicidio&#8230;AMLO lo rechaza","datePublished":"2020-02-05T20:10:21+00:00","dateModified":"2020-02-05T20:13:53+00:00","mainEntityOfPage":{"@id":"https:\/\/www.sonoraenequipo.com.mx\/amlo-rechaza-propuesta-de-gertz-manero-sobre-eliminar-delito-de-feminicidio\/"},"wordCount":299,"commentCount":0,"publisher":{"@id":"https:\/\/www.sonoraenequipo.com.mx\/#organization"},"image":{"@id":"https:\/\/www.sonoraenequipo.com.mx\/amlo-rechaza-propuesta-de-gertz-manero-sobre-eliminar-delito-de-feminicidio\/#primaryimage"},"thumbnailUrl":"https:\/\/www.sonoraenequipo.com.mx\/storage\/2020\/02\/gertzmanero.feminicidios.jpg","articleSection":["Rep\u00fablica"],"inLanguage":"es","potentialAction":[{"@type":"CommentAction","name":"Comment","target":["https:\/\/www.sonoraenequipo.com.mx\/amlo-rechaza-propuesta-de-gertz-manero-sobre-eliminar-delito-de-feminicidio\/#respond"]}]},{"@type":"WebPage","@id":"https:\/\/www.sonoraenequipo.com.mx\/amlo-rechaza-propuesta-de-gertz-manero-sobre-eliminar-delito-de-feminicidio\/","url":"https:\/\/www.sonoraenequipo.com.mx\/amlo-rechaza-propuesta-de-gertz-manero-sobre-eliminar-delito-de-feminicidio\/","name":"Sonora en Equipo. Gertz Manero propone eliminar delito de feminicidio...AMLO lo rechaza Rep\u00fablica","isPartOf":{"@id":"https:\/\/www.sonoraenequipo.com.mx\/#website"},"primaryImageOfPage":{"@id":"https:\/\/www.sonoraenequipo.com.mx\/amlo-rechaza-propuesta-de-gertz-manero-sobre-eliminar-delito-de-feminicidio\/#primaryimage"},"image":{"@id":"https:\/\/www.sonoraenequipo.com.mx\/amlo-rechaza-propuesta-de-gertz-manero-sobre-eliminar-delito-de-feminicidio\/#primaryimage"},"thumbnailUrl":"https:\/\/www.sonoraenequipo.com.mx\/storage\/2020\/02\/gertzmanero.feminicidios.jpg","datePublished":"2020-02-05T20:10:21+00:00","dateModified":"2020-02-05T20:13:53+00:00","description":"CIUDAD DE M\u00c9XICO. MX. \u2014 El presidente Andr\u00e9s Manuel L\u00f3pez Obrador rechaz\u00f3 la propuesta del fiscal general Alejandro Gertz Manero sobre eliminar el delito En Sonora en Equipo publicamos toda la informaci\u00f3n de Sonora, M\u00e9xico y el Mundo de manera oportuna y busca que la libertad de expresi\u00f3n sea real. Visita nuestro medio informativo publicado desde Hermosillo, Sonora. %","breadcrumb":{"@id":"https:\/\/www.sonoraenequipo.com.mx\/amlo-rechaza-propuesta-de-gertz-manero-sobre-eliminar-delito-de-feminicidio\/#breadcrumb"},"inLanguage":"es","potentialAction":[{"@type":"ReadAction","target":["https:\/\/www.sonoraenequipo.com.mx\/amlo-rechaza-propuesta-de-gertz-manero-sobre-eliminar-delito-de-feminicidio\/"]}]},{"@type":"ImageObject","inLanguage":"es","@id":"https:\/\/www.sonoraenequipo.com.mx\/amlo-rechaza-propuesta-de-gertz-manero-sobre-eliminar-delito-de-feminicidio\/#primaryimage","url":"https:\/\/www.sonoraenequipo.com.mx\/storage\/2020\/02\/gertzmanero.feminicidios.jpg","contentUrl":"https:\/\/www.sonoraenequipo.com.mx\/storage\/2020\/02\/gertzmanero.feminicidios.jpg","width":651,"height":400},{"@type":"BreadcrumbList","@id":"https:\/\/www.sonoraenequipo.com.mx\/amlo-rechaza-propuesta-de-gertz-manero-sobre-eliminar-delito-de-feminicidio\/#breadcrumb","itemListElement":[{"@type":"ListItem","position":1,"name":"Portada","item":"https:\/\/www.sonoraenequipo.com.mx\/"},{"@type":"ListItem","position":2,"name":"Gertz Manero propone eliminar delito de feminicidio&#8230;AMLO lo rechaza"}]},{"@type":"WebSite","@id":"https:\/\/www.sonoraenequipo.com.mx\/#website","url":"https:\/\/www.sonoraenequipo.com.mx\/","name":"Sonora en Equipo.","description":"Diario en l\u00ednea con Noticias desde Hermosillo, Sonora","publisher":{"@id":"https:\/\/www.sonoraenequipo.com.mx\/#organization"},"potentialAction":[{"@type":"SearchAction","target":{"@type":"EntryPoint","urlTemplate":"https:\/\/www.sonoraenequipo.com.mx\/?s={search_term_string}"},"query-input":{"@type":"PropertyValueSpecification","valueRequired":true,"valueName":"search_term_string"}}],"inLanguage":"es"},{"@type":"Organization","@id":"https:\/\/www.sonoraenequipo.com.mx\/#organization","name":"Sonoraenequipo.com.mx","url":"https:\/\/www.sonoraenequipo.com.mx\/","logo":{"@type":"ImageObject","inLanguage":"es","@id":"https:\/\/www.sonoraenequipo.com.mx\/#\/schema\/logo\/image\/","url":"https:\/\/www.sonoraenequipo.com.mx\/storage\/2019\/01\/sonoraenequipo_opt.png","contentUrl":"https:\/\/www.sonoraenequipo.com.mx\/storage\/2019\/01\/sonoraenequipo_opt.png","width":375,"height":125,"caption":"Sonoraenequipo.com.mx"},"image":{"@id":"https:\/\/www.sonoraenequipo.com.mx\/#\/schema\/logo\/image\/"},"sameAs":["https:\/\/www.facebook.com\/SonoraEE\/","https:\/\/x.com\/sonoraenequipo","https:\/\/www.youtube.com\/channel\/UC338nW-lPEYmJQs4ZABQ1SQ"]},{"@type":"Person","@id":"https:\/\/www.sonoraenequipo.com.mx\/#\/schema\/person\/50102df0fb23a8fa9e8effad8fa81386","name":"enequipo","image":{"@type":"ImageObject","inLanguage":"es","@id":"https:\/\/www.sonoraenequipo.com.mx\/#\/schema\/person\/image\/","url":"https:\/\/secure.gravatar.com\/avatar\/049821681b589dabc0bc20695993ccebb09f5b5d4d790cd9251b97faac7c652b?s=96&d=blank&r=g","contentUrl":"https:\/\/secure.gravatar.com\/avatar\/049821681b589dabc0bc20695993ccebb09f5b5d4d790cd9251b97faac7c652b?s=96&d=blank&r=g","caption":"enequipo"},"sameAs":["https:\/\/www.facebook.com\/SonoraEE"]}]}},"jetpack_featured_media_url":"https:\/\/www.sonoraenequipo.com.mx\/storage\/2020\/02\/gertzmanero.feminicidios.jpg","_links":{"self":[{"href":"https:\/\/www.sonoraenequipo.com.mx\/api\/wp\/v2\/posts\/77344","targetHints":{"allow":["GET"]}}],"collection":[{"href":"https:\/\/www.sonoraenequipo.com.mx\/api\/wp\/v2\/posts"}],"about":[{"href":"https:\/\/www.sonoraenequipo.com.mx\/api\/wp\/v2\/types\/post"}],"author":[{"embeddable":true,"href":"https:\/\/www.sonoraenequipo.com.mx\/api\/wp\/v2\/users\/1"}],"replies":[{"embeddable":true,"href":"https:\/\/www.sonoraenequipo.com.mx\/api\/wp\/v2\/comments?post=77344"}],"version-history":[{"count":0,"href":"https:\/\/www.sonoraenequipo.com.mx\/api\/wp\/v2\/posts\/77344\/revisions"}],"wp:featuredmedia":[{"embeddable":true,"href":"https:\/\/www.sonoraenequipo.com.mx\/api\/wp\/v2\/media\/77345"}],"wp:attachment":[{"href":"https:\/\/www.sonoraenequipo.com.mx\/api\/wp\/v2\/media?parent=77344"}],"wp:term":[{"taxonomy":"category","embeddable":true,"href":"https:\/\/www.sonoraenequipo.com.mx\/api\/wp\/v2\/categories?post=77344"},{"taxonomy":"post_tag","embeddable":true,"href":"https:\/\/www.sonoraenequipo.com.mx\/api\/wp\/v2\/tags?post=77344"}],"curies":[{"name":"wp","href":"https:\/\/api.w.org\/{rel}","templated":true}]}}