{"id":77352,"date":"2020-02-05T15:11:15","date_gmt":"2020-02-05T22:11:15","guid":{"rendered":"https:\/\/www.sonoraenequipo.com.mx\/?p=77352"},"modified":"2020-02-05T15:25:38","modified_gmt":"2020-02-05T22:25:38","slug":"enfrentamiento-entre-secuestradores-y-policias-de-hermosillo-deja-dos-delincuentes-muertos-y-un-detenido","status":"publish","type":"post","link":"https:\/\/www.sonoraenequipo.com.mx\/enfrentamiento-entre-secuestradores-y-policias-de-hermosillo-deja-dos-delincuentes-muertos-y-un-detenido\/","title":{"rendered":"Enfrentamiento entre secuestradores y polic\u00edas de Hermosillo deja dos muertos y un detenido."},"content":{"rendered":"<p>enfrentamiento entre secuestradores y polic\u00edas de Hermosillo deja dos delincuentes muertos y un detenido.<\/p>\n<p>HERMOSILLO, SONORA,MX.\u2500 Dos personas armadas fueron abatidas al enfrentarse con agentes municipales, en un hecho en el cual result\u00f3 detenida una persona por portar arma de fuego y un joven de 16 a\u00f1os, que se encontraba privado de la libertad, fue liberado. <\/p>\n<p>&nbsp;<\/p>\n<p>Esta ma\u00f1ana de mi\u00e9rcoles, los agentes de la unidad 060 realizaban recorridos de prevenci\u00f3n en las calles de la colonia Valle del Marquez, percat\u00e1ndose que por fuera de una tienda de autoservicio en las calles Maxtla y Tepoztl\u00e1n se encontraban dos sujetos del sexo masculino, uno de los cuales llevaba fajada a la cintura un arma de fuego.<\/p>\n<p>&nbsp;<\/p>\n<p>Al percatarse de este hecho delictivo, los agentes detienen la marcha de la unidad, mientras las dos personas emprenden la huida a fuerza de carrera; uno de ellos es detenido casi de inmediato, asegur\u00e1ndolo con candados de manos y resguardando el arma tipo pistola calibre .40 que portaba con \u00e9l.<\/p>\n<p>Fecha de publicaci\u00f3n 05\/feb\/2020\/<\/p>\n<p>&nbsp;<\/p>\n<p>&nbsp;<\/p>\n","protected":false},"excerpt":{"rendered":"<p>enfrentamiento entre secuestradores y polic\u00edas de Hermosillo deja dos delincuentes muertos y un detenido. HERMOSILLO,&#8230;<\/p>\n","protected":false},"author":178,"featured_media":77353,"comment_status":"open","ping_status":"open","sticky":false,"template":"","format":"standard","meta":{"_monsterinsights_skip_tracking":false,"_monsterinsights_sitenote_active":false,"_monsterinsights_sitenote_note":"","_monsterinsights_sitenote_category":0,"footnotes":""},"categories":[3144],"tags":[4095],"class_list":["post"],"yoast_head":" \n<title>Sonora en Equipo. Enfrentamiento entre secuestradores y polic\u00edas de Hermosillo deja dos muertos y un detenido. Polic\u00edaca<\/title>\n<meta name=\"description\" content=\"enfrentamiento entre secuestradores y polic\u00edas de Hermosillo deja dos delincuentes muertos y un detenido. HERMOSILLO, SONORA,MX.\u2500 Dos personas armadas En Sonora en Equipo publicamos toda la informaci\u00f3n de Sonora, M\u00e9xico y el Mundo de manera oportuna y busca que la libertad de expresi\u00f3n sea real. Visita nuestro medio informativo publicado desde Hermosillo, Sonora. %\" \/>\n<meta name=\"robots\" content=\"index, follow, max-snippet:-1, max-image-preview:large, max-video-preview:-1\" \/>\n<link rel=\"canonical\" href=\"https:\/\/www.sonoraenequipo.com.mx\/enfrentamiento-entre-secuestradores-y-policias-de-hermosillo-deja-dos-delincuentes-muertos-y-un-detenido\/\" \/>\n<meta property=\"og:locale\" content=\"es_ES\" \/>\n<meta property=\"og:type\" content=\"article\" \/>\n<meta property=\"og:title\" content=\"Sonora en Equipo. Enfrentamiento entre secuestradores y polic\u00edas de Hermosillo deja dos muertos y un detenido. Polic\u00edaca\" \/>\n<meta property=\"og:description\" content=\"enfrentamiento entre secuestradores y polic\u00edas de Hermosillo deja dos delincuentes muertos y un detenido. HERMOSILLO, SONORA,MX.\u2500 Dos personas armadas En Sonora en Equipo publicamos toda la informaci\u00f3n de Sonora, M\u00e9xico y el Mundo de manera oportuna y busca que la libertad de expresi\u00f3n sea real. Visita nuestro medio informativo publicado desde Hermosillo, Sonora. %\" \/>\n<meta property=\"og:url\" content=\"https:\/\/www.sonoraenequipo.com.mx\/enfrentamiento-entre-secuestradores-y-policias-de-hermosillo-deja-dos-delincuentes-muertos-y-un-detenido\/\" \/>\n<meta property=\"og:site_name\" content=\"Sonora en Equipo.\" \/>\n<meta property=\"article:publisher\" content=\"https:\/\/www.facebook.com\/SonoraEE\/\" \/>\n<meta property=\"article:published_time\" content=\"2020-02-05T22:11:15+00:00\" \/>\n<meta property=\"article:modified_time\" content=\"2020-02-05T22:25:38+00:00\" \/>\n<meta property=\"og:image\" content=\"https:\/\/www.sonoraenequipo.com.mx\/storage\/2020\/02\/secuestro.jpg\" \/>\n\t<meta property=\"og:image:width\" content=\"600\" \/>\n\t<meta property=\"og:image:height\" content=\"400\" \/>\n\t<meta property=\"og:image:type\" content=\"image\/jpeg\" \/>\n<meta name=\"author\" content=\"enequipo\" \/>\n<meta name=\"twitter:card\" content=\"summary_large_image\" \/>\n<meta name=\"twitter:creator\" content=\"@sonoraenequipo\" \/>\n<meta name=\"twitter:site\" content=\"@sonoraenequipo\" \/>\n<meta name=\"twitter:label1\" content=\"Escrito por\" \/>\n\t<meta name=\"twitter:data1\" content=\"enequipo\" \/>\n\t<meta name=\"twitter:label2\" content=\"Tiempo de lectura\" \/>\n\t<meta name=\"twitter:data2\" content=\"1 minuto\" \/>\n<script type=\"application\/ld+json\" class=\"yoast-schema-graph\">{\"@context\":\"https:\/\/schema.org\",\"@graph\":[{\"@type\":\"Article\",\"@id\":\"https:\/\/www.sonoraenequipo.com.mx\/enfrentamiento-entre-secuestradores-y-policias-de-hermosillo-deja-dos-delincuentes-muertos-y-un-detenido\/#article\",\"isPartOf\":{\"@id\":\"https:\/\/www.sonoraenequipo.com.mx\/enfrentamiento-entre-secuestradores-y-policias-de-hermosillo-deja-dos-delincuentes-muertos-y-un-detenido\/\"},\"author\":{\"name\":\"enequipo\",\"@id\":\"https:\/\/www.sonoraenequipo.com.mx\/#\/schema\/person\/61a39de478a1763473ad55e8a95fddf6\"},\"headline\":\"Enfrentamiento entre secuestradores y polic\u00edas de Hermosillo deja dos muertos y un detenido.\",\"datePublished\":\"2020-02-05T22:11:15+00:00\",\"dateModified\":\"2020-02-05T22:25:38+00:00\",\"mainEntityOfPage\":{\"@id\":\"https:\/\/www.sonoraenequipo.com.mx\/enfrentamiento-entre-secuestradores-y-policias-de-hermosillo-deja-dos-delincuentes-muertos-y-un-detenido\/\"},\"wordCount\":193,\"commentCount\":0,\"publisher\":{\"@id\":\"https:\/\/www.sonoraenequipo.com.mx\/#organization\"},\"image\":{\"@id\":\"https:\/\/www.sonoraenequipo.com.mx\/enfrentamiento-entre-secuestradores-y-policias-de-hermosillo-deja-dos-delincuentes-muertos-y-un-detenido\/#primaryimage\"},\"thumbnailUrl\":\"https:\/\/www.sonoraenequipo.com.mx\/storage\/2020\/02\/secuestro.jpg\",\"keywords\":[\"agentes municipales\"],\"articleSection\":[\"Polic\u00edaca\"],\"inLanguage\":\"es\",\"potentialAction\":[{\"@type\":\"CommentAction\",\"name\":\"Comment\",\"target\":[\"https:\/\/www.sonoraenequipo.com.mx\/enfrentamiento-entre-secuestradores-y-policias-de-hermosillo-deja-dos-delincuentes-muertos-y-un-detenido\/#respond\"]}]},{\"@type\":\"WebPage\",\"@id\":\"https:\/\/www.sonoraenequipo.com.mx\/enfrentamiento-entre-secuestradores-y-policias-de-hermosillo-deja-dos-delincuentes-muertos-y-un-detenido\/\",\"url\":\"https:\/\/www.sonoraenequipo.com.mx\/enfrentamiento-entre-secuestradores-y-policias-de-hermosillo-deja-dos-delincuentes-muertos-y-un-detenido\/\",\"name\":\"Sonora en Equipo. Enfrentamiento entre secuestradores y polic\u00edas de Hermosillo deja dos muertos y un detenido. Polic\u00edaca\",\"isPartOf\":{\"@id\":\"https:\/\/www.sonoraenequipo.com.mx\/#website\"},\"primaryImageOfPage\":{\"@id\":\"https:\/\/www.sonoraenequipo.com.mx\/enfrentamiento-entre-secuestradores-y-policias-de-hermosillo-deja-dos-delincuentes-muertos-y-un-detenido\/#primaryimage\"},\"image\":{\"@id\":\"https:\/\/www.sonoraenequipo.com.mx\/enfrentamiento-entre-secuestradores-y-policias-de-hermosillo-deja-dos-delincuentes-muertos-y-un-detenido\/#primaryimage\"},\"thumbnailUrl\":\"https:\/\/www.sonoraenequipo.com.mx\/storage\/2020\/02\/secuestro.jpg\",\"datePublished\":\"2020-02-05T22:11:15+00:00\",\"dateModified\":\"2020-02-05T22:25:38+00:00\",\"description\":\"enfrentamiento entre secuestradores y polic\u00edas de Hermosillo deja dos delincuentes muertos y un detenido. HERMOSILLO, SONORA,MX.\u2500 Dos personas armadas En Sonora en Equipo publicamos toda la informaci\u00f3n de Sonora, M\u00e9xico y el Mundo de manera oportuna y busca que la libertad de expresi\u00f3n sea real. Visita nuestro medio informativo publicado desde Hermosillo, Sonora. %\",\"breadcrumb\":{\"@id\":\"https:\/\/www.sonoraenequipo.com.mx\/enfrentamiento-entre-secuestradores-y-policias-de-hermosillo-deja-dos-delincuentes-muertos-y-un-detenido\/#breadcrumb\"},\"inLanguage\":\"es\",\"potentialAction\":[{\"@type\":\"ReadAction\",\"target\":[\"https:\/\/www.sonoraenequipo.com.mx\/enfrentamiento-entre-secuestradores-y-policias-de-hermosillo-deja-dos-delincuentes-muertos-y-un-detenido\/\"]}]},{\"@type\":\"ImageObject\",\"inLanguage\":\"es\",\"@id\":\"https:\/\/www.sonoraenequipo.com.mx\/enfrentamiento-entre-secuestradores-y-policias-de-hermosillo-deja-dos-delincuentes-muertos-y-un-detenido\/#primaryimage\",\"url\":\"https:\/\/www.sonoraenequipo.com.mx\/storage\/2020\/02\/secuestro.jpg\",\"contentUrl\":\"https:\/\/www.sonoraenequipo.com.mx\/storage\/2020\/02\/secuestro.jpg\",\"width\":600,\"height\":400},{\"@type\":\"BreadcrumbList\",\"@id\":\"https:\/\/www.sonoraenequipo.com.mx\/enfrentamiento-entre-secuestradores-y-policias-de-hermosillo-deja-dos-delincuentes-muertos-y-un-detenido\/#breadcrumb\",\"itemListElement\":[{\"@type\":\"ListItem\",\"position\":1,\"name\":\"Portada\",\"item\":\"https:\/\/www.sonoraenequipo.com.mx\/\"},{\"@type\":\"ListItem\",\"position\":2,\"name\":\"Enfrentamiento entre secuestradores y polic\u00edas de Hermosillo deja dos muertos y un detenido.\"}]},{\"@type\":\"WebSite\",\"@id\":\"https:\/\/www.sonoraenequipo.com.mx\/#website\",\"url\":\"https:\/\/www.sonoraenequipo.com.mx\/\",\"name\":\"Sonora en Equipo.\",\"description\":\"Diario en l\u00ednea con Noticias desde Hermosillo, Sonora\",\"publisher\":{\"@id\":\"https:\/\/www.sonoraenequipo.com.mx\/#organization\"},\"potentialAction\":[{\"@type\":\"SearchAction\",\"target\":{\"@type\":\"EntryPoint\",\"urlTemplate\":\"https:\/\/www.sonoraenequipo.com.mx\/?s={search_term_string}\"},\"query-input\":{\"@type\":\"PropertyValueSpecification\",\"valueRequired\":true,\"valueName\":\"search_term_string\"}}],\"inLanguage\":\"es\"},{\"@type\":\"Organization\",\"@id\":\"https:\/\/www.sonoraenequipo.com.mx\/#organization\",\"name\":\"Sonoraenequipo.com.mx\",\"url\":\"https:\/\/www.sonoraenequipo.com.mx\/\",\"logo\":{\"@type\":\"ImageObject\",\"inLanguage\":\"es\",\"@id\":\"https:\/\/www.sonoraenequipo.com.mx\/#\/schema\/logo\/image\/\",\"url\":\"https:\/\/www.sonoraenequipo.com.mx\/storage\/2019\/01\/sonoraenequipo_opt.png\",\"contentUrl\":\"https:\/\/www.sonoraenequipo.com.mx\/storage\/2019\/01\/sonoraenequipo_opt.png\",\"width\":375,\"height\":125,\"caption\":\"Sonoraenequipo.com.mx\"},\"image\":{\"@id\":\"https:\/\/www.sonoraenequipo.com.mx\/#\/schema\/logo\/image\/\"},\"sameAs\":[\"https:\/\/www.facebook.com\/SonoraEE\/\",\"https:\/\/x.com\/sonoraenequipo\",\"https:\/\/www.youtube.com\/channel\/UC338nW-lPEYmJQs4ZABQ1SQ\"]},{\"@type\":\"Person\",\"@id\":\"https:\/\/www.sonoraenequipo.com.mx\/#\/schema\/person\/61a39de478a1763473ad55e8a95fddf6\",\"name\":\"enequipo\",\"image\":{\"@type\":\"ImageObject\",\"inLanguage\":\"es\",\"@id\":\"https:\/\/www.sonoraenequipo.com.mx\/#\/schema\/person\/image\/\",\"url\":\"https:\/\/secure.gravatar.com\/avatar\/e39bc3016d8af598aed3d770c9510dfc2795f37ea1733d99fcc6e97d2c3c9f5e?s=96&d=blank&r=g\",\"contentUrl\":\"https:\/\/secure.gravatar.com\/avatar\/e39bc3016d8af598aed3d770c9510dfc2795f37ea1733d99fcc6e97d2c3c9f5e?s=96&d=blank&r=g\",\"caption\":\"enequipo\"}}]}<\/script>\n ","yoast_head_json":{"title":"Sonora en Equipo. Enfrentamiento entre secuestradores y polic\u00edas de Hermosillo deja dos muertos y un detenido. Polic\u00edaca","description":"enfrentamiento entre secuestradores y polic\u00edas de Hermosillo deja dos delincuentes muertos y un detenido. HERMOSILLO, SONORA,MX.\u2500 Dos personas armadas En Sonora en Equipo publicamos toda la informaci\u00f3n de Sonora, M\u00e9xico y el Mundo de manera oportuna y busca que la libertad de expresi\u00f3n sea real. Visita nuestro medio informativo publicado desde Hermosillo, Sonora. %","robots":{"index":"index","follow":"follow","max-snippet":"max-snippet:-1","max-image-preview":"max-image-preview:large","max-video-preview":"max-video-preview:-1"},"canonical":"https:\/\/www.sonoraenequipo.com.mx\/enfrentamiento-entre-secuestradores-y-policias-de-hermosillo-deja-dos-delincuentes-muertos-y-un-detenido\/","og_locale":"es_ES","og_type":"article","og_title":"Sonora en Equipo. Enfrentamiento entre secuestradores y polic\u00edas de Hermosillo deja dos muertos y un detenido. Polic\u00edaca","og_description":"enfrentamiento entre secuestradores y polic\u00edas de Hermosillo deja dos delincuentes muertos y un detenido. HERMOSILLO, SONORA,MX.\u2500 Dos personas armadas En Sonora en Equipo publicamos toda la informaci\u00f3n de Sonora, M\u00e9xico y el Mundo de manera oportuna y busca que la libertad de expresi\u00f3n sea real. Visita nuestro medio informativo publicado desde Hermosillo, Sonora. %","og_url":"https:\/\/www.sonoraenequipo.com.mx\/enfrentamiento-entre-secuestradores-y-policias-de-hermosillo-deja-dos-delincuentes-muertos-y-un-detenido\/","og_site_name":"Sonora en Equipo.","article_publisher":"https:\/\/www.facebook.com\/SonoraEE\/","article_published_time":"2020-02-05T22:11:15+00:00","article_modified_time":"2020-02-05T22:25:38+00:00","og_image":[{"width":600,"height":400,"url":"https:\/\/www.sonoraenequipo.com.mx\/storage\/2020\/02\/secuestro.jpg","type":"image\/jpeg"}],"author":"enequipo","twitter_card":"summary_large_image","twitter_creator":"@sonoraenequipo","twitter_site":"@sonoraenequipo","twitter_misc":{"Escrito por":"enequipo","Tiempo de lectura":"1 minuto"},"schema":{"@context":"https:\/\/schema.org","@graph":[{"@type":"Article","@id":"https:\/\/www.sonoraenequipo.com.mx\/enfrentamiento-entre-secuestradores-y-policias-de-hermosillo-deja-dos-delincuentes-muertos-y-un-detenido\/#article","isPartOf":{"@id":"https:\/\/www.sonoraenequipo.com.mx\/enfrentamiento-entre-secuestradores-y-policias-de-hermosillo-deja-dos-delincuentes-muertos-y-un-detenido\/"},"author":{"name":"enequipo","@id":"https:\/\/www.sonoraenequipo.com.mx\/#\/schema\/person\/61a39de478a1763473ad55e8a95fddf6"},"headline":"Enfrentamiento entre secuestradores y polic\u00edas de Hermosillo deja dos muertos y un detenido.","datePublished":"2020-02-05T22:11:15+00:00","dateModified":"2020-02-05T22:25:38+00:00","mainEntityOfPage":{"@id":"https:\/\/www.sonoraenequipo.com.mx\/enfrentamiento-entre-secuestradores-y-policias-de-hermosillo-deja-dos-delincuentes-muertos-y-un-detenido\/"},"wordCount":193,"commentCount":0,"publisher":{"@id":"https:\/\/www.sonoraenequipo.com.mx\/#organization"},"image":{"@id":"https:\/\/www.sonoraenequipo.com.mx\/enfrentamiento-entre-secuestradores-y-policias-de-hermosillo-deja-dos-delincuentes-muertos-y-un-detenido\/#primaryimage"},"thumbnailUrl":"https:\/\/www.sonoraenequipo.com.mx\/storage\/2020\/02\/secuestro.jpg","keywords":["agentes municipales"],"articleSection":["Polic\u00edaca"],"inLanguage":"es","potentialAction":[{"@type":"CommentAction","name":"Comment","target":["https:\/\/www.sonoraenequipo.com.mx\/enfrentamiento-entre-secuestradores-y-policias-de-hermosillo-deja-dos-delincuentes-muertos-y-un-detenido\/#respond"]}]},{"@type":"WebPage","@id":"https:\/\/www.sonoraenequipo.com.mx\/enfrentamiento-entre-secuestradores-y-policias-de-hermosillo-deja-dos-delincuentes-muertos-y-un-detenido\/","url":"https:\/\/www.sonoraenequipo.com.mx\/enfrentamiento-entre-secuestradores-y-policias-de-hermosillo-deja-dos-delincuentes-muertos-y-un-detenido\/","name":"Sonora en Equipo. Enfrentamiento entre secuestradores y polic\u00edas de Hermosillo deja dos muertos y un detenido. Polic\u00edaca","isPartOf":{"@id":"https:\/\/www.sonoraenequipo.com.mx\/#website"},"primaryImageOfPage":{"@id":"https:\/\/www.sonoraenequipo.com.mx\/enfrentamiento-entre-secuestradores-y-policias-de-hermosillo-deja-dos-delincuentes-muertos-y-un-detenido\/#primaryimage"},"image":{"@id":"https:\/\/www.sonoraenequipo.com.mx\/enfrentamiento-entre-secuestradores-y-policias-de-hermosillo-deja-dos-delincuentes-muertos-y-un-detenido\/#primaryimage"},"thumbnailUrl":"https:\/\/www.sonoraenequipo.com.mx\/storage\/2020\/02\/secuestro.jpg","datePublished":"2020-02-05T22:11:15+00:00","dateModified":"2020-02-05T22:25:38+00:00","description":"enfrentamiento entre secuestradores y polic\u00edas de Hermosillo deja dos delincuentes muertos y un detenido. HERMOSILLO, SONORA,MX.\u2500 Dos personas armadas En Sonora en Equipo publicamos toda la informaci\u00f3n de Sonora, M\u00e9xico y el Mundo de manera oportuna y busca que la libertad de expresi\u00f3n sea real. Visita nuestro medio informativo publicado desde Hermosillo, Sonora. %","breadcrumb":{"@id":"https:\/\/www.sonoraenequipo.com.mx\/enfrentamiento-entre-secuestradores-y-policias-de-hermosillo-deja-dos-delincuentes-muertos-y-un-detenido\/#breadcrumb"},"inLanguage":"es","potentialAction":[{"@type":"ReadAction","target":["https:\/\/www.sonoraenequipo.com.mx\/enfrentamiento-entre-secuestradores-y-policias-de-hermosillo-deja-dos-delincuentes-muertos-y-un-detenido\/"]}]},{"@type":"ImageObject","inLanguage":"es","@id":"https:\/\/www.sonoraenequipo.com.mx\/enfrentamiento-entre-secuestradores-y-policias-de-hermosillo-deja-dos-delincuentes-muertos-y-un-detenido\/#primaryimage","url":"https:\/\/www.sonoraenequipo.com.mx\/storage\/2020\/02\/secuestro.jpg","contentUrl":"https:\/\/www.sonoraenequipo.com.mx\/storage\/2020\/02\/secuestro.jpg","width":600,"height":400},{"@type":"BreadcrumbList","@id":"https:\/\/www.sonoraenequipo.com.mx\/enfrentamiento-entre-secuestradores-y-policias-de-hermosillo-deja-dos-delincuentes-muertos-y-un-detenido\/#breadcrumb","itemListElement":[{"@type":"ListItem","position":1,"name":"Portada","item":"https:\/\/www.sonoraenequipo.com.mx\/"},{"@type":"ListItem","position":2,"name":"Enfrentamiento entre secuestradores y polic\u00edas de Hermosillo deja dos muertos y un detenido."}]},{"@type":"WebSite","@id":"https:\/\/www.sonoraenequipo.com.mx\/#website","url":"https:\/\/www.sonoraenequipo.com.mx\/","name":"Sonora en Equipo.","description":"Diario en l\u00ednea con Noticias desde Hermosillo, Sonora","publisher":{"@id":"https:\/\/www.sonoraenequipo.com.mx\/#organization"},"potentialAction":[{"@type":"SearchAction","target":{"@type":"EntryPoint","urlTemplate":"https:\/\/www.sonoraenequipo.com.mx\/?s={search_term_string}"},"query-input":{"@type":"PropertyValueSpecification","valueRequired":true,"valueName":"search_term_string"}}],"inLanguage":"es"},{"@type":"Organization","@id":"https:\/\/www.sonoraenequipo.com.mx\/#organization","name":"Sonoraenequipo.com.mx","url":"https:\/\/www.sonoraenequipo.com.mx\/","logo":{"@type":"ImageObject","inLanguage":"es","@id":"https:\/\/www.sonoraenequipo.com.mx\/#\/schema\/logo\/image\/","url":"https:\/\/www.sonoraenequipo.com.mx\/storage\/2019\/01\/sonoraenequipo_opt.png","contentUrl":"https:\/\/www.sonoraenequipo.com.mx\/storage\/2019\/01\/sonoraenequipo_opt.png","width":375,"height":125,"caption":"Sonoraenequipo.com.mx"},"image":{"@id":"https:\/\/www.sonoraenequipo.com.mx\/#\/schema\/logo\/image\/"},"sameAs":["https:\/\/www.facebook.com\/SonoraEE\/","https:\/\/x.com\/sonoraenequipo","https:\/\/www.youtube.com\/channel\/UC338nW-lPEYmJQs4ZABQ1SQ"]},{"@type":"Person","@id":"https:\/\/www.sonoraenequipo.com.mx\/#\/schema\/person\/61a39de478a1763473ad55e8a95fddf6","name":"enequipo","image":{"@type":"ImageObject","inLanguage":"es","@id":"https:\/\/www.sonoraenequipo.com.mx\/#\/schema\/person\/image\/","url":"https:\/\/secure.gravatar.com\/avatar\/e39bc3016d8af598aed3d770c9510dfc2795f37ea1733d99fcc6e97d2c3c9f5e?s=96&d=blank&r=g","contentUrl":"https:\/\/secure.gravatar.com\/avatar\/e39bc3016d8af598aed3d770c9510dfc2795f37ea1733d99fcc6e97d2c3c9f5e?s=96&d=blank&r=g","caption":"enequipo"}}]}},"jetpack_featured_media_url":"https:\/\/www.sonoraenequipo.com.mx\/storage\/2020\/02\/secuestro.jpg","_links":{"self":[{"href":"https:\/\/www.sonoraenequipo.com.mx\/api\/wp\/v2\/posts\/77352","targetHints":{"allow":["GET"]}}],"collection":[{"href":"https:\/\/www.sonoraenequipo.com.mx\/api\/wp\/v2\/posts"}],"about":[{"href":"https:\/\/www.sonoraenequipo.com.mx\/api\/wp\/v2\/types\/post"}],"author":[{"embeddable":true,"href":"https:\/\/www.sonoraenequipo.com.mx\/api\/wp\/v2\/users\/178"}],"replies":[{"embeddable":true,"href":"https:\/\/www.sonoraenequipo.com.mx\/api\/wp\/v2\/comments?post=77352"}],"version-history":[{"count":0,"href":"https:\/\/www.sonoraenequipo.com.mx\/api\/wp\/v2\/posts\/77352\/revisions"}],"wp:featuredmedia":[{"embeddable":true,"href":"https:\/\/www.sonoraenequipo.com.mx\/api\/wp\/v2\/media\/77353"}],"wp:attachment":[{"href":"https:\/\/www.sonoraenequipo.com.mx\/api\/wp\/v2\/media?parent=77352"}],"wp:term":[{"taxonomy":"category","embeddable":true,"href":"https:\/\/www.sonoraenequipo.com.mx\/api\/wp\/v2\/categories?post=77352"},{"taxonomy":"post_tag","embeddable":true,"href":"https:\/\/www.sonoraenequipo.com.mx\/api\/wp\/v2\/tags?post=77352"}],"curies":[{"name":"wp","href":"https:\/\/api.w.org\/{rel}","templated":true}]}}