{"id":77366,"date":"2020-02-05T16:37:05","date_gmt":"2020-02-05T23:37:05","guid":{"rendered":"https:\/\/www.sonoraenequipo.com.mx\/?p=77366"},"modified":"2020-02-05T16:37:05","modified_gmt":"2020-02-05T23:37:05","slug":"salud-sonora-reitera-recomendaciones-para-protegerse-del-frio","status":"publish","type":"post","link":"https:\/\/www.sonoraenequipo.com.mx\/salud-sonora-reitera-recomendaciones-para-protegerse-del-frio\/","title":{"rendered":"Salud Sonora reitera recomendaciones para protegerse del fr\u00edo"},"content":{"rendered":"<p>HERMOSILLO, SONORA,MX.\u2500 Ante las posibles afectaciones por eventos adversos al exponerse al fr\u00edo ambiental, la Secretar\u00eda de Salud emite una serie de recomendaciones para evitar enfermarse, ya que se pronostican temperaturas muy bajas en la entidad. <\/p>\n<p>&nbsp;<\/p>\n<p>Gerardo \u00c1lvarez Hern\u00e1ndez, director general de Promoci\u00f3n a la Salud y Prevenci\u00f3n de Enfermedades, enfatiz\u00f3 que se debe prestar mayor atenci\u00f3n a ni\u00f1os, adultos mayores, enfermos cr\u00f3nicos e indigentes; as\u00ed como vestir ropa gruesa y calzado cerrado, para procurar cubrir todo el cuerpo.<\/p>\n<p>&nbsp;<\/p>\n<p>En los municipios donde descienden m\u00e1s las temperaturas, como el norte del estado y la sierra, a\u00f1adi\u00f3, se recomienda almacenar agua, alimentos, cobijas, productos de aseo personal, botiqu\u00edn, radio de bater\u00edas e insumos para la calefacci\u00f3n, as\u00ed como identificar los refugios temporales m\u00e1s cercanos en caso de alguna emergencia.<\/p>\n<p>&nbsp;<\/p>\n<p>\u0093Si se requiere utilizar chimeneas, calentadores u hornillas, se debe verificar que exista ventilaci\u00f3n adecuada para evitar intoxicaciones, quemaduras o incendios; revisar que est\u00e9n en buen estado los aparatos de calefacci\u00f3n, sin fugas o instalaciones el\u00e9ctricas en mal estado que pueden provocar alg\u00fan accidente\u0094, apunt\u00f3.<\/p>\n<p>&nbsp;<\/p>\n<p>En el caso del uso de calefactores, agreg\u00f3 el funcionario estatal, es recomendable tener dentro de la habitaci\u00f3n una tela h\u00fameda o un recipiente con agua, lo que evitar\u00e1 la resequedad de las v\u00edas respiratorias.<\/p>\n<p>Para aumentar las defensas, puntualiz\u00f3 \u00c1lvarez Hern\u00e1ndez, se deben consumir verduras, frutas ricas en vitamina C y abundantes l\u00edquidos, adem\u00e1s del consumo de alimentos calientes tanto en forma l\u00edquida o s\u00f3lida, ya que aumentan la producci\u00f3n de calor en el cuerpo.<\/p>\n<p>&nbsp;<\/p>\n<p>Durante la \u00faltima semana, inform\u00f3, se confirm\u00f3 un evento asociado a la temporada de fr\u00edo, debido a una intoxicaci\u00f3n por mon\u00f3xido de carbono en un hombre residente de Agua Prieta, quien se recuper\u00f3 favorablemente, con lo que se acumulan 41 eventos.<\/p>\n<p>&nbsp;<\/p>\n<p>\u0093En lo que va de la temporada, la intoxicaci\u00f3n con mon\u00f3xido de carbono es el evento m\u00e1s frecuente, seguida por la intoxicaci\u00f3n con gas butano, quemaduras y la hipotermia; en los municipios de Nogales, Cananea, Agua Prieta y Magdalena principalmente\u0094, finaliz\u00f3.<\/p>\n<p>Fecha de publicaci\u00f3n 05\/feb\/2020<\/p>\n<p>&nbsp;<\/p>\n","protected":false},"excerpt":{"rendered":"<p>HERMOSILLO, SONORA,MX.\u2500 Ante las posibles afectaciones por eventos adversos al exponerse al fr\u00edo ambiental, la&#8230;<\/p>\n","protected":false},"author":178,"featured_media":77367,"comment_status":"open","ping_status":"open","sticky":false,"template":"","format":"standard","meta":{"_monsterinsights_skip_tracking":false,"_monsterinsights_sitenote_active":false,"_monsterinsights_sitenote_note":"","_monsterinsights_sitenote_category":0,"footnotes":""},"categories":[22],"tags":[75],"class_list":["post"],"yoast_head":" \n<title>Sonora en Equipo. Salud Sonora reitera recomendaciones para protegerse del fr\u00edo Sonora<\/title>\n<meta name=\"description\" content=\"HERMOSILLO, SONORA,MX.\u2500 Ante las posibles afectaciones por eventos adversos al exponerse al fr\u00edo ambiental, la Secretar\u00eda de Salud emite una serie de En Sonora en Equipo publicamos toda la informaci\u00f3n de Sonora, M\u00e9xico y el Mundo de manera oportuna y busca que la libertad de expresi\u00f3n sea real. Visita nuestro medio informativo publicado desde Hermosillo, Sonora. %\" \/>\n<meta name=\"robots\" content=\"index, follow, max-snippet:-1, max-image-preview:large, max-video-preview:-1\" \/>\n<link rel=\"canonical\" href=\"https:\/\/www.sonoraenequipo.com.mx\/salud-sonora-reitera-recomendaciones-para-protegerse-del-frio\/\" \/>\n<meta property=\"og:locale\" content=\"es_ES\" \/>\n<meta property=\"og:type\" content=\"article\" \/>\n<meta property=\"og:title\" content=\"Sonora en Equipo. Salud Sonora reitera recomendaciones para protegerse del fr\u00edo Sonora\" \/>\n<meta property=\"og:description\" content=\"HERMOSILLO, SONORA,MX.\u2500 Ante las posibles afectaciones por eventos adversos al exponerse al fr\u00edo ambiental, la Secretar\u00eda de Salud emite una serie de En Sonora en Equipo publicamos toda la informaci\u00f3n de Sonora, M\u00e9xico y el Mundo de manera oportuna y busca que la libertad de expresi\u00f3n sea real. Visita nuestro medio informativo publicado desde Hermosillo, Sonora. %\" \/>\n<meta property=\"og:url\" content=\"https:\/\/www.sonoraenequipo.com.mx\/salud-sonora-reitera-recomendaciones-para-protegerse-del-frio\/\" \/>\n<meta property=\"og:site_name\" content=\"Sonora en Equipo.\" \/>\n<meta property=\"article:publisher\" content=\"https:\/\/www.facebook.com\/SonoraEE\/\" \/>\n<meta property=\"article:published_time\" content=\"2020-02-05T23:37:05+00:00\" \/>\n<meta property=\"og:image\" content=\"https:\/\/www.sonoraenequipo.com.mx\/storage\/2020\/02\/personas-frio.jpg\" \/>\n\t<meta property=\"og:image:width\" content=\"600\" \/>\n\t<meta property=\"og:image:height\" content=\"400\" \/>\n\t<meta property=\"og:image:type\" content=\"image\/jpeg\" \/>\n<meta name=\"author\" content=\"enequipo\" \/>\n<meta name=\"twitter:card\" content=\"summary_large_image\" \/>\n<meta name=\"twitter:creator\" content=\"@sonoraenequipo\" \/>\n<meta name=\"twitter:site\" content=\"@sonoraenequipo\" \/>\n<meta name=\"twitter:label1\" content=\"Escrito por\" \/>\n\t<meta name=\"twitter:data1\" content=\"enequipo\" \/>\n\t<meta name=\"twitter:label2\" content=\"Tiempo de lectura\" \/>\n\t<meta name=\"twitter:data2\" content=\"2 minutos\" \/>\n<script type=\"application\/ld+json\" class=\"yoast-schema-graph\">{\"@context\":\"https:\/\/schema.org\",\"@graph\":[{\"@type\":\"Article\",\"@id\":\"https:\/\/www.sonoraenequipo.com.mx\/salud-sonora-reitera-recomendaciones-para-protegerse-del-frio\/#article\",\"isPartOf\":{\"@id\":\"https:\/\/www.sonoraenequipo.com.mx\/salud-sonora-reitera-recomendaciones-para-protegerse-del-frio\/\"},\"author\":{\"name\":\"enequipo\",\"@id\":\"https:\/\/www.sonoraenequipo.com.mx\/#\/schema\/person\/61a39de478a1763473ad55e8a95fddf6\"},\"headline\":\"Salud Sonora reitera recomendaciones para protegerse del fr\u00edo\",\"datePublished\":\"2020-02-05T23:37:05+00:00\",\"mainEntityOfPage\":{\"@id\":\"https:\/\/www.sonoraenequipo.com.mx\/salud-sonora-reitera-recomendaciones-para-protegerse-del-frio\/\"},\"wordCount\":387,\"commentCount\":0,\"publisher\":{\"@id\":\"https:\/\/www.sonoraenequipo.com.mx\/#organization\"},\"image\":{\"@id\":\"https:\/\/www.sonoraenequipo.com.mx\/salud-sonora-reitera-recomendaciones-para-protegerse-del-frio\/#primaryimage\"},\"thumbnailUrl\":\"https:\/\/www.sonoraenequipo.com.mx\/storage\/2020\/02\/personas-frio.jpg\",\"keywords\":[\"secretaria de salud\"],\"articleSection\":[\"Sonora\"],\"inLanguage\":\"es\",\"potentialAction\":[{\"@type\":\"CommentAction\",\"name\":\"Comment\",\"target\":[\"https:\/\/www.sonoraenequipo.com.mx\/salud-sonora-reitera-recomendaciones-para-protegerse-del-frio\/#respond\"]}]},{\"@type\":\"WebPage\",\"@id\":\"https:\/\/www.sonoraenequipo.com.mx\/salud-sonora-reitera-recomendaciones-para-protegerse-del-frio\/\",\"url\":\"https:\/\/www.sonoraenequipo.com.mx\/salud-sonora-reitera-recomendaciones-para-protegerse-del-frio\/\",\"name\":\"Sonora en Equipo. Salud Sonora reitera recomendaciones para protegerse del fr\u00edo Sonora\",\"isPartOf\":{\"@id\":\"https:\/\/www.sonoraenequipo.com.mx\/#website\"},\"primaryImageOfPage\":{\"@id\":\"https:\/\/www.sonoraenequipo.com.mx\/salud-sonora-reitera-recomendaciones-para-protegerse-del-frio\/#primaryimage\"},\"image\":{\"@id\":\"https:\/\/www.sonoraenequipo.com.mx\/salud-sonora-reitera-recomendaciones-para-protegerse-del-frio\/#primaryimage\"},\"thumbnailUrl\":\"https:\/\/www.sonoraenequipo.com.mx\/storage\/2020\/02\/personas-frio.jpg\",\"datePublished\":\"2020-02-05T23:37:05+00:00\",\"description\":\"HERMOSILLO, SONORA,MX.\u2500 Ante las posibles afectaciones por eventos adversos al exponerse al fr\u00edo ambiental, la Secretar\u00eda de Salud emite una serie de En Sonora en Equipo publicamos toda la informaci\u00f3n de Sonora, M\u00e9xico y el Mundo de manera oportuna y busca que la libertad de expresi\u00f3n sea real. Visita nuestro medio informativo publicado desde Hermosillo, Sonora. %\",\"breadcrumb\":{\"@id\":\"https:\/\/www.sonoraenequipo.com.mx\/salud-sonora-reitera-recomendaciones-para-protegerse-del-frio\/#breadcrumb\"},\"inLanguage\":\"es\",\"potentialAction\":[{\"@type\":\"ReadAction\",\"target\":[\"https:\/\/www.sonoraenequipo.com.mx\/salud-sonora-reitera-recomendaciones-para-protegerse-del-frio\/\"]}]},{\"@type\":\"ImageObject\",\"inLanguage\":\"es\",\"@id\":\"https:\/\/www.sonoraenequipo.com.mx\/salud-sonora-reitera-recomendaciones-para-protegerse-del-frio\/#primaryimage\",\"url\":\"https:\/\/www.sonoraenequipo.com.mx\/storage\/2020\/02\/personas-frio.jpg\",\"contentUrl\":\"https:\/\/www.sonoraenequipo.com.mx\/storage\/2020\/02\/personas-frio.jpg\",\"width\":600,\"height\":400},{\"@type\":\"BreadcrumbList\",\"@id\":\"https:\/\/www.sonoraenequipo.com.mx\/salud-sonora-reitera-recomendaciones-para-protegerse-del-frio\/#breadcrumb\",\"itemListElement\":[{\"@type\":\"ListItem\",\"position\":1,\"name\":\"Portada\",\"item\":\"https:\/\/www.sonoraenequipo.com.mx\/\"},{\"@type\":\"ListItem\",\"position\":2,\"name\":\"Salud Sonora reitera recomendaciones para protegerse del fr\u00edo\"}]},{\"@type\":\"WebSite\",\"@id\":\"https:\/\/www.sonoraenequipo.com.mx\/#website\",\"url\":\"https:\/\/www.sonoraenequipo.com.mx\/\",\"name\":\"Sonora en Equipo.\",\"description\":\"Diario en l\u00ednea con Noticias desde Hermosillo, Sonora\",\"publisher\":{\"@id\":\"https:\/\/www.sonoraenequipo.com.mx\/#organization\"},\"potentialAction\":[{\"@type\":\"SearchAction\",\"target\":{\"@type\":\"EntryPoint\",\"urlTemplate\":\"https:\/\/www.sonoraenequipo.com.mx\/?s={search_term_string}\"},\"query-input\":{\"@type\":\"PropertyValueSpecification\",\"valueRequired\":true,\"valueName\":\"search_term_string\"}}],\"inLanguage\":\"es\"},{\"@type\":\"Organization\",\"@id\":\"https:\/\/www.sonoraenequipo.com.mx\/#organization\",\"name\":\"Sonoraenequipo.com.mx\",\"url\":\"https:\/\/www.sonoraenequipo.com.mx\/\",\"logo\":{\"@type\":\"ImageObject\",\"inLanguage\":\"es\",\"@id\":\"https:\/\/www.sonoraenequipo.com.mx\/#\/schema\/logo\/image\/\",\"url\":\"https:\/\/www.sonoraenequipo.com.mx\/storage\/2019\/01\/sonoraenequipo_opt.png\",\"contentUrl\":\"https:\/\/www.sonoraenequipo.com.mx\/storage\/2019\/01\/sonoraenequipo_opt.png\",\"width\":375,\"height\":125,\"caption\":\"Sonoraenequipo.com.mx\"},\"image\":{\"@id\":\"https:\/\/www.sonoraenequipo.com.mx\/#\/schema\/logo\/image\/\"},\"sameAs\":[\"https:\/\/www.facebook.com\/SonoraEE\/\",\"https:\/\/x.com\/sonoraenequipo\",\"https:\/\/www.youtube.com\/channel\/UC338nW-lPEYmJQs4ZABQ1SQ\"]},{\"@type\":\"Person\",\"@id\":\"https:\/\/www.sonoraenequipo.com.mx\/#\/schema\/person\/61a39de478a1763473ad55e8a95fddf6\",\"name\":\"enequipo\",\"image\":{\"@type\":\"ImageObject\",\"inLanguage\":\"es\",\"@id\":\"https:\/\/www.sonoraenequipo.com.mx\/#\/schema\/person\/image\/\",\"url\":\"https:\/\/secure.gravatar.com\/avatar\/e39bc3016d8af598aed3d770c9510dfc2795f37ea1733d99fcc6e97d2c3c9f5e?s=96&d=blank&r=g\",\"contentUrl\":\"https:\/\/secure.gravatar.com\/avatar\/e39bc3016d8af598aed3d770c9510dfc2795f37ea1733d99fcc6e97d2c3c9f5e?s=96&d=blank&r=g\",\"caption\":\"enequipo\"}}]}<\/script>\n ","yoast_head_json":{"title":"Sonora en Equipo. Salud Sonora reitera recomendaciones para protegerse del fr\u00edo Sonora","description":"HERMOSILLO, SONORA,MX.\u2500 Ante las posibles afectaciones por eventos adversos al exponerse al fr\u00edo ambiental, la Secretar\u00eda de Salud emite una serie de En Sonora en Equipo publicamos toda la informaci\u00f3n de Sonora, M\u00e9xico y el Mundo de manera oportuna y busca que la libertad de expresi\u00f3n sea real. Visita nuestro medio informativo publicado desde Hermosillo, Sonora. %","robots":{"index":"index","follow":"follow","max-snippet":"max-snippet:-1","max-image-preview":"max-image-preview:large","max-video-preview":"max-video-preview:-1"},"canonical":"https:\/\/www.sonoraenequipo.com.mx\/salud-sonora-reitera-recomendaciones-para-protegerse-del-frio\/","og_locale":"es_ES","og_type":"article","og_title":"Sonora en Equipo. Salud Sonora reitera recomendaciones para protegerse del fr\u00edo Sonora","og_description":"HERMOSILLO, SONORA,MX.\u2500 Ante las posibles afectaciones por eventos adversos al exponerse al fr\u00edo ambiental, la Secretar\u00eda de Salud emite una serie de En Sonora en Equipo publicamos toda la informaci\u00f3n de Sonora, M\u00e9xico y el Mundo de manera oportuna y busca que la libertad de expresi\u00f3n sea real. Visita nuestro medio informativo publicado desde Hermosillo, Sonora. %","og_url":"https:\/\/www.sonoraenequipo.com.mx\/salud-sonora-reitera-recomendaciones-para-protegerse-del-frio\/","og_site_name":"Sonora en Equipo.","article_publisher":"https:\/\/www.facebook.com\/SonoraEE\/","article_published_time":"2020-02-05T23:37:05+00:00","og_image":[{"width":600,"height":400,"url":"https:\/\/www.sonoraenequipo.com.mx\/storage\/2020\/02\/personas-frio.jpg","type":"image\/jpeg"}],"author":"enequipo","twitter_card":"summary_large_image","twitter_creator":"@sonoraenequipo","twitter_site":"@sonoraenequipo","twitter_misc":{"Escrito por":"enequipo","Tiempo de lectura":"2 minutos"},"schema":{"@context":"https:\/\/schema.org","@graph":[{"@type":"Article","@id":"https:\/\/www.sonoraenequipo.com.mx\/salud-sonora-reitera-recomendaciones-para-protegerse-del-frio\/#article","isPartOf":{"@id":"https:\/\/www.sonoraenequipo.com.mx\/salud-sonora-reitera-recomendaciones-para-protegerse-del-frio\/"},"author":{"name":"enequipo","@id":"https:\/\/www.sonoraenequipo.com.mx\/#\/schema\/person\/61a39de478a1763473ad55e8a95fddf6"},"headline":"Salud Sonora reitera recomendaciones para protegerse del fr\u00edo","datePublished":"2020-02-05T23:37:05+00:00","mainEntityOfPage":{"@id":"https:\/\/www.sonoraenequipo.com.mx\/salud-sonora-reitera-recomendaciones-para-protegerse-del-frio\/"},"wordCount":387,"commentCount":0,"publisher":{"@id":"https:\/\/www.sonoraenequipo.com.mx\/#organization"},"image":{"@id":"https:\/\/www.sonoraenequipo.com.mx\/salud-sonora-reitera-recomendaciones-para-protegerse-del-frio\/#primaryimage"},"thumbnailUrl":"https:\/\/www.sonoraenequipo.com.mx\/storage\/2020\/02\/personas-frio.jpg","keywords":["secretaria de salud"],"articleSection":["Sonora"],"inLanguage":"es","potentialAction":[{"@type":"CommentAction","name":"Comment","target":["https:\/\/www.sonoraenequipo.com.mx\/salud-sonora-reitera-recomendaciones-para-protegerse-del-frio\/#respond"]}]},{"@type":"WebPage","@id":"https:\/\/www.sonoraenequipo.com.mx\/salud-sonora-reitera-recomendaciones-para-protegerse-del-frio\/","url":"https:\/\/www.sonoraenequipo.com.mx\/salud-sonora-reitera-recomendaciones-para-protegerse-del-frio\/","name":"Sonora en Equipo. Salud Sonora reitera recomendaciones para protegerse del fr\u00edo Sonora","isPartOf":{"@id":"https:\/\/www.sonoraenequipo.com.mx\/#website"},"primaryImageOfPage":{"@id":"https:\/\/www.sonoraenequipo.com.mx\/salud-sonora-reitera-recomendaciones-para-protegerse-del-frio\/#primaryimage"},"image":{"@id":"https:\/\/www.sonoraenequipo.com.mx\/salud-sonora-reitera-recomendaciones-para-protegerse-del-frio\/#primaryimage"},"thumbnailUrl":"https:\/\/www.sonoraenequipo.com.mx\/storage\/2020\/02\/personas-frio.jpg","datePublished":"2020-02-05T23:37:05+00:00","description":"HERMOSILLO, SONORA,MX.\u2500 Ante las posibles afectaciones por eventos adversos al exponerse al fr\u00edo ambiental, la Secretar\u00eda de Salud emite una serie de En Sonora en Equipo publicamos toda la informaci\u00f3n de Sonora, M\u00e9xico y el Mundo de manera oportuna y busca que la libertad de expresi\u00f3n sea real. Visita nuestro medio informativo publicado desde Hermosillo, Sonora. %","breadcrumb":{"@id":"https:\/\/www.sonoraenequipo.com.mx\/salud-sonora-reitera-recomendaciones-para-protegerse-del-frio\/#breadcrumb"},"inLanguage":"es","potentialAction":[{"@type":"ReadAction","target":["https:\/\/www.sonoraenequipo.com.mx\/salud-sonora-reitera-recomendaciones-para-protegerse-del-frio\/"]}]},{"@type":"ImageObject","inLanguage":"es","@id":"https:\/\/www.sonoraenequipo.com.mx\/salud-sonora-reitera-recomendaciones-para-protegerse-del-frio\/#primaryimage","url":"https:\/\/www.sonoraenequipo.com.mx\/storage\/2020\/02\/personas-frio.jpg","contentUrl":"https:\/\/www.sonoraenequipo.com.mx\/storage\/2020\/02\/personas-frio.jpg","width":600,"height":400},{"@type":"BreadcrumbList","@id":"https:\/\/www.sonoraenequipo.com.mx\/salud-sonora-reitera-recomendaciones-para-protegerse-del-frio\/#breadcrumb","itemListElement":[{"@type":"ListItem","position":1,"name":"Portada","item":"https:\/\/www.sonoraenequipo.com.mx\/"},{"@type":"ListItem","position":2,"name":"Salud Sonora reitera recomendaciones para protegerse del fr\u00edo"}]},{"@type":"WebSite","@id":"https:\/\/www.sonoraenequipo.com.mx\/#website","url":"https:\/\/www.sonoraenequipo.com.mx\/","name":"Sonora en Equipo.","description":"Diario en l\u00ednea con Noticias desde Hermosillo, Sonora","publisher":{"@id":"https:\/\/www.sonoraenequipo.com.mx\/#organization"},"potentialAction":[{"@type":"SearchAction","target":{"@type":"EntryPoint","urlTemplate":"https:\/\/www.sonoraenequipo.com.mx\/?s={search_term_string}"},"query-input":{"@type":"PropertyValueSpecification","valueRequired":true,"valueName":"search_term_string"}}],"inLanguage":"es"},{"@type":"Organization","@id":"https:\/\/www.sonoraenequipo.com.mx\/#organization","name":"Sonoraenequipo.com.mx","url":"https:\/\/www.sonoraenequipo.com.mx\/","logo":{"@type":"ImageObject","inLanguage":"es","@id":"https:\/\/www.sonoraenequipo.com.mx\/#\/schema\/logo\/image\/","url":"https:\/\/www.sonoraenequipo.com.mx\/storage\/2019\/01\/sonoraenequipo_opt.png","contentUrl":"https:\/\/www.sonoraenequipo.com.mx\/storage\/2019\/01\/sonoraenequipo_opt.png","width":375,"height":125,"caption":"Sonoraenequipo.com.mx"},"image":{"@id":"https:\/\/www.sonoraenequipo.com.mx\/#\/schema\/logo\/image\/"},"sameAs":["https:\/\/www.facebook.com\/SonoraEE\/","https:\/\/x.com\/sonoraenequipo","https:\/\/www.youtube.com\/channel\/UC338nW-lPEYmJQs4ZABQ1SQ"]},{"@type":"Person","@id":"https:\/\/www.sonoraenequipo.com.mx\/#\/schema\/person\/61a39de478a1763473ad55e8a95fddf6","name":"enequipo","image":{"@type":"ImageObject","inLanguage":"es","@id":"https:\/\/www.sonoraenequipo.com.mx\/#\/schema\/person\/image\/","url":"https:\/\/secure.gravatar.com\/avatar\/e39bc3016d8af598aed3d770c9510dfc2795f37ea1733d99fcc6e97d2c3c9f5e?s=96&d=blank&r=g","contentUrl":"https:\/\/secure.gravatar.com\/avatar\/e39bc3016d8af598aed3d770c9510dfc2795f37ea1733d99fcc6e97d2c3c9f5e?s=96&d=blank&r=g","caption":"enequipo"}}]}},"jetpack_featured_media_url":"https:\/\/www.sonoraenequipo.com.mx\/storage\/2020\/02\/personas-frio.jpg","_links":{"self":[{"href":"https:\/\/www.sonoraenequipo.com.mx\/api\/wp\/v2\/posts\/77366","targetHints":{"allow":["GET"]}}],"collection":[{"href":"https:\/\/www.sonoraenequipo.com.mx\/api\/wp\/v2\/posts"}],"about":[{"href":"https:\/\/www.sonoraenequipo.com.mx\/api\/wp\/v2\/types\/post"}],"author":[{"embeddable":true,"href":"https:\/\/www.sonoraenequipo.com.mx\/api\/wp\/v2\/users\/178"}],"replies":[{"embeddable":true,"href":"https:\/\/www.sonoraenequipo.com.mx\/api\/wp\/v2\/comments?post=77366"}],"version-history":[{"count":0,"href":"https:\/\/www.sonoraenequipo.com.mx\/api\/wp\/v2\/posts\/77366\/revisions"}],"wp:featuredmedia":[{"embeddable":true,"href":"https:\/\/www.sonoraenequipo.com.mx\/api\/wp\/v2\/media\/77367"}],"wp:attachment":[{"href":"https:\/\/www.sonoraenequipo.com.mx\/api\/wp\/v2\/media?parent=77366"}],"wp:term":[{"taxonomy":"category","embeddable":true,"href":"https:\/\/www.sonoraenequipo.com.mx\/api\/wp\/v2\/categories?post=77366"},{"taxonomy":"post_tag","embeddable":true,"href":"https:\/\/www.sonoraenequipo.com.mx\/api\/wp\/v2\/tags?post=77366"}],"curies":[{"name":"wp","href":"https:\/\/api.w.org\/{rel}","templated":true}]}}