{"id":77370,"date":"2020-02-05T17:12:11","date_gmt":"2020-02-06T00:12:11","guid":{"rendered":"https:\/\/www.sonoraenequipo.com.mx\/?p=77370"},"modified":"2020-02-05T17:50:18","modified_gmt":"2020-02-06T00:50:18","slug":"firman-ism-y-fiscalia-especializada-convenio-de-colaboracion","status":"publish","type":"post","link":"https:\/\/www.sonoraenequipo.com.mx\/firman-ism-y-fiscalia-especializada-convenio-de-colaboracion\/","title":{"rendered":"Firman ISM y Fiscal\u00eda Especializada  convenio de colaboraci\u00f3n"},"content":{"rendered":"<p>HERMOSILLO, SONORA. MX. \u2014 Para fortalecer la prevenci\u00f3n de los delitos electorales y fomentar la participaci\u00f3n ciudadana en la cultura de la legalidad y la denuncia, se firm\u00f3 un convenio de colaboraci\u00f3n entre el Instituto Sonorense de las Mujeres (ISM) y la Fiscal\u00eda Especializada en Materia de Delitos Electorales de Sonora, indic\u00f3 Blanca Luz Salda\u00f1a L\u00f3pez.<\/p>\n<p> <\/p>\n<p>La coordinadora ejecutiva del ISM firm\u00f3 junto a Claudia Indira Contreras C\u00f3rdova, fiscal general de Justicia del Estado de Sonora (FGJE); y Pedro Pablo Chirinos Ben\u00edtez, fiscal especializado en Materia de Delitos Electorales, el convenio con el que se busca trabajar coordinadamente en esta materia.<\/p>\n<p><em><img loading=\"lazy\" decoding=\"async\" class=\"x-none size-medium \" src=\"https:\/\/www.sonoraenequipo.com.mx\/storage\/2020\/02\/ISM-y-Fiscal\u00eda-Especializada022023d_opt-600x400.jpg\" alt=\"\" width=\"600\" height=\"400\" \/>\u201cPorque el Instituto Sonorense (de las Mujeres) va a hacer alianza de capacitaci\u00f3n y formaci\u00f3n para sensibilizar y trabajar en la prevenci\u00f3n de los delitos electorales\u201d,<\/em> explic\u00f3 Salda\u00f1a L\u00f3pez.<\/p>\n<p>Adem\u00e1s, la funcionaria estatal resalt\u00f3 que, as\u00ed como la gobernadora Claudia Pavlovich Arellano ha trabajado en la paridad de g\u00e9nero y en tipificar la violencia pol\u00edtica como un delito, en el marco de la firma del convenio se tuvo un conversatorio donde participaron distintas activistas de dependencias y organismos estatales.<\/p>\n<p><em>\u201cSon mujeres entre acad\u00e9micas, funcionarias y funcionarios que tienen que ver con el tema para ir formando y consolidando las acciones que debemos emprender para prevenir y atender la violencia pol\u00edtica de g\u00e9nero que se pudiera presentar\u201d,<\/em> afirm\u00f3.<\/p>\n<p>Por su parte, Claudia Indira Contreras C\u00f3rdova se\u00f1al\u00f3 que es de vital importancia seguir trabajando para que a todas las mujeres se les garanticen sus derechos y evitar la violencia de g\u00e9nero.<\/p>\n<p><em>\u201cDe ah\u00ed la importancia de la prevenci\u00f3n, capacitaci\u00f3n y de este convenio que hoy se celebra, para coordinar esfuerzos y prevenir la violencia pol\u00edtica de g\u00e9nero\u201d<\/em>, dijo.<\/p>\n<p>Pedro Pablo Chirinos Ben\u00edtez mencion\u00f3 que esta lucha para garantizar los derechos de todas las mujeres se debe realizar conjunta, por eso la importancia de estas acciones, las cuales deben tener un seguimiento oportuno y con resultados visibles.<\/p>\n<p>Presentes: Odracir Espinoza Valdez, fiscal Anticorrupci\u00f3n del Estado de Sonora; Sanae Hinojosa Taomori, de la Unidad de Igualdad de G\u00e9nero del Supremo Tribunal de Justicia del Estado de Sonora; Carmen Salazar Campillo, presidenta del Tribunal Estatal Electoral.<\/p>\n<p>Adem\u00e1s, Guadalupe Taddei Zavala, consejera presidenta del Instituto Estatal Electoral y de Participaci\u00f3n Ciudadana; Jeanette Arriz\u00f3n, directora de Atenci\u00f3n a Poblaci\u00f3n Vulnerable de DIF Sonora.<\/p>\n<p>PUBLICADO EL 05\/02\/2020)<\/p>\n","protected":false},"excerpt":{"rendered":"<p>HERMOSILLO, SONORA. MX. \u2014 Para fortalecer la prevenci\u00f3n de los delitos electorales y fomentar la&#8230;<\/p>\n","protected":false},"author":1,"featured_media":77373,"comment_status":"open","ping_status":"open","sticky":false,"template":"","format":"standard","meta":{"_monsterinsights_skip_tracking":false,"_monsterinsights_sitenote_active":false,"_monsterinsights_sitenote_note":"","_monsterinsights_sitenote_category":0,"footnotes":""},"categories":[22],"tags":[],"class_list":["post"],"yoast_head":" \n<title>Sonora en Equipo. Firman ISM y Fiscal\u00eda Especializada convenio de colaboraci\u00f3n Sonora<\/title>\n<meta name=\"description\" content=\"HERMOSILLO, SONORA. MX. \u2014 Para fortalecer la prevenci\u00f3n de los delitos electorales y fomentar la participaci\u00f3n ciudadana en la cultura de la legalidad y En Sonora en Equipo publicamos toda la informaci\u00f3n de Sonora, M\u00e9xico y el Mundo de manera oportuna y busca que la libertad de expresi\u00f3n sea real. Visita nuestro medio informativo publicado desde Hermosillo, Sonora. %\" \/>\n<meta name=\"robots\" content=\"index, follow, max-snippet:-1, max-image-preview:large, max-video-preview:-1\" \/>\n<link rel=\"canonical\" href=\"https:\/\/www.sonoraenequipo.com.mx\/firman-ism-y-fiscalia-especializada-convenio-de-colaboracion\/\" \/>\n<meta property=\"og:locale\" content=\"es_ES\" \/>\n<meta property=\"og:type\" content=\"article\" \/>\n<meta property=\"og:title\" content=\"Sonora en Equipo. Firman ISM y Fiscal\u00eda Especializada convenio de colaboraci\u00f3n Sonora\" \/>\n<meta property=\"og:description\" content=\"HERMOSILLO, SONORA. MX. \u2014 Para fortalecer la prevenci\u00f3n de los delitos electorales y fomentar la participaci\u00f3n ciudadana en la cultura de la legalidad y En Sonora en Equipo publicamos toda la informaci\u00f3n de Sonora, M\u00e9xico y el Mundo de manera oportuna y busca que la libertad de expresi\u00f3n sea real. Visita nuestro medio informativo publicado desde Hermosillo, Sonora. %\" \/>\n<meta property=\"og:url\" content=\"https:\/\/www.sonoraenequipo.com.mx\/firman-ism-y-fiscalia-especializada-convenio-de-colaboracion\/\" \/>\n<meta property=\"og:site_name\" content=\"Sonora en Equipo.\" \/>\n<meta property=\"article:publisher\" content=\"https:\/\/www.facebook.com\/SonoraEE\/\" \/>\n<meta property=\"article:author\" content=\"https:\/\/www.facebook.com\/SonoraEE\" \/>\n<meta property=\"article:published_time\" content=\"2020-02-06T00:12:11+00:00\" \/>\n<meta property=\"article:modified_time\" content=\"2020-02-06T00:50:18+00:00\" \/>\n<meta property=\"og:image\" content=\"https:\/\/www.sonoraenequipo.com.mx\/storage\/2020\/02\/ISM-y-Fiscal\u00eda-Especializada022023a_opt.jpg\" \/>\n\t<meta property=\"og:image:width\" content=\"600\" \/>\n\t<meta property=\"og:image:height\" content=\"400\" \/>\n\t<meta property=\"og:image:type\" content=\"image\/jpeg\" \/>\n<meta name=\"author\" content=\"enequipo\" \/>\n<meta name=\"twitter:card\" content=\"summary_large_image\" \/>\n<meta name=\"twitter:creator\" content=\"@sonoraenequipo\" \/>\n<meta name=\"twitter:site\" content=\"@sonoraenequipo\" \/>\n<meta name=\"twitter:label1\" content=\"Escrito por\" \/>\n\t<meta name=\"twitter:data1\" content=\"enequipo\" \/>\n\t<meta name=\"twitter:label2\" content=\"Tiempo de lectura\" \/>\n\t<meta name=\"twitter:data2\" content=\"2 minutos\" \/>\n<script type=\"application\/ld+json\" class=\"yoast-schema-graph\">{\"@context\":\"https:\/\/schema.org\",\"@graph\":[{\"@type\":\"Article\",\"@id\":\"https:\/\/www.sonoraenequipo.com.mx\/firman-ism-y-fiscalia-especializada-convenio-de-colaboracion\/#article\",\"isPartOf\":{\"@id\":\"https:\/\/www.sonoraenequipo.com.mx\/firman-ism-y-fiscalia-especializada-convenio-de-colaboracion\/\"},\"author\":{\"name\":\"enequipo\",\"@id\":\"https:\/\/www.sonoraenequipo.com.mx\/#\/schema\/person\/50102df0fb23a8fa9e8effad8fa81386\"},\"headline\":\"Firman ISM y Fiscal\u00eda Especializada convenio de colaboraci\u00f3n\",\"datePublished\":\"2020-02-06T00:12:11+00:00\",\"dateModified\":\"2020-02-06T00:50:18+00:00\",\"mainEntityOfPage\":{\"@id\":\"https:\/\/www.sonoraenequipo.com.mx\/firman-ism-y-fiscalia-especializada-convenio-de-colaboracion\/\"},\"wordCount\":422,\"commentCount\":0,\"publisher\":{\"@id\":\"https:\/\/www.sonoraenequipo.com.mx\/#organization\"},\"image\":{\"@id\":\"https:\/\/www.sonoraenequipo.com.mx\/firman-ism-y-fiscalia-especializada-convenio-de-colaboracion\/#primaryimage\"},\"thumbnailUrl\":\"https:\/\/www.sonoraenequipo.com.mx\/storage\/2020\/02\/ISM-y-Fiscal\u00eda-Especializada022023a_opt.jpg\",\"articleSection\":[\"Sonora\"],\"inLanguage\":\"es\",\"potentialAction\":[{\"@type\":\"CommentAction\",\"name\":\"Comment\",\"target\":[\"https:\/\/www.sonoraenequipo.com.mx\/firman-ism-y-fiscalia-especializada-convenio-de-colaboracion\/#respond\"]}]},{\"@type\":\"WebPage\",\"@id\":\"https:\/\/www.sonoraenequipo.com.mx\/firman-ism-y-fiscalia-especializada-convenio-de-colaboracion\/\",\"url\":\"https:\/\/www.sonoraenequipo.com.mx\/firman-ism-y-fiscalia-especializada-convenio-de-colaboracion\/\",\"name\":\"Sonora en Equipo. Firman ISM y Fiscal\u00eda Especializada convenio de colaboraci\u00f3n Sonora\",\"isPartOf\":{\"@id\":\"https:\/\/www.sonoraenequipo.com.mx\/#website\"},\"primaryImageOfPage\":{\"@id\":\"https:\/\/www.sonoraenequipo.com.mx\/firman-ism-y-fiscalia-especializada-convenio-de-colaboracion\/#primaryimage\"},\"image\":{\"@id\":\"https:\/\/www.sonoraenequipo.com.mx\/firman-ism-y-fiscalia-especializada-convenio-de-colaboracion\/#primaryimage\"},\"thumbnailUrl\":\"https:\/\/www.sonoraenequipo.com.mx\/storage\/2020\/02\/ISM-y-Fiscal\u00eda-Especializada022023a_opt.jpg\",\"datePublished\":\"2020-02-06T00:12:11+00:00\",\"dateModified\":\"2020-02-06T00:50:18+00:00\",\"description\":\"HERMOSILLO, SONORA. MX. \u2014 Para fortalecer la prevenci\u00f3n de los delitos electorales y fomentar la participaci\u00f3n ciudadana en la cultura de la legalidad y En Sonora en Equipo publicamos toda la informaci\u00f3n de Sonora, M\u00e9xico y el Mundo de manera oportuna y busca que la libertad de expresi\u00f3n sea real. Visita nuestro medio informativo publicado desde Hermosillo, Sonora. %\",\"breadcrumb\":{\"@id\":\"https:\/\/www.sonoraenequipo.com.mx\/firman-ism-y-fiscalia-especializada-convenio-de-colaboracion\/#breadcrumb\"},\"inLanguage\":\"es\",\"potentialAction\":[{\"@type\":\"ReadAction\",\"target\":[\"https:\/\/www.sonoraenequipo.com.mx\/firman-ism-y-fiscalia-especializada-convenio-de-colaboracion\/\"]}]},{\"@type\":\"ImageObject\",\"inLanguage\":\"es\",\"@id\":\"https:\/\/www.sonoraenequipo.com.mx\/firman-ism-y-fiscalia-especializada-convenio-de-colaboracion\/#primaryimage\",\"url\":\"https:\/\/www.sonoraenequipo.com.mx\/storage\/2020\/02\/ISM-y-Fiscal\u00eda-Especializada022023a_opt.jpg\",\"contentUrl\":\"https:\/\/www.sonoraenequipo.com.mx\/storage\/2020\/02\/ISM-y-Fiscal\u00eda-Especializada022023a_opt.jpg\",\"width\":600,\"height\":400},{\"@type\":\"BreadcrumbList\",\"@id\":\"https:\/\/www.sonoraenequipo.com.mx\/firman-ism-y-fiscalia-especializada-convenio-de-colaboracion\/#breadcrumb\",\"itemListElement\":[{\"@type\":\"ListItem\",\"position\":1,\"name\":\"Portada\",\"item\":\"https:\/\/www.sonoraenequipo.com.mx\/\"},{\"@type\":\"ListItem\",\"position\":2,\"name\":\"Firman ISM y Fiscal\u00eda Especializada convenio de colaboraci\u00f3n\"}]},{\"@type\":\"WebSite\",\"@id\":\"https:\/\/www.sonoraenequipo.com.mx\/#website\",\"url\":\"https:\/\/www.sonoraenequipo.com.mx\/\",\"name\":\"Sonora en Equipo.\",\"description\":\"Diario en l\u00ednea con Noticias desde Hermosillo, Sonora\",\"publisher\":{\"@id\":\"https:\/\/www.sonoraenequipo.com.mx\/#organization\"},\"potentialAction\":[{\"@type\":\"SearchAction\",\"target\":{\"@type\":\"EntryPoint\",\"urlTemplate\":\"https:\/\/www.sonoraenequipo.com.mx\/?s={search_term_string}\"},\"query-input\":{\"@type\":\"PropertyValueSpecification\",\"valueRequired\":true,\"valueName\":\"search_term_string\"}}],\"inLanguage\":\"es\"},{\"@type\":\"Organization\",\"@id\":\"https:\/\/www.sonoraenequipo.com.mx\/#organization\",\"name\":\"Sonoraenequipo.com.mx\",\"url\":\"https:\/\/www.sonoraenequipo.com.mx\/\",\"logo\":{\"@type\":\"ImageObject\",\"inLanguage\":\"es\",\"@id\":\"https:\/\/www.sonoraenequipo.com.mx\/#\/schema\/logo\/image\/\",\"url\":\"https:\/\/www.sonoraenequipo.com.mx\/storage\/2019\/01\/sonoraenequipo_opt.png\",\"contentUrl\":\"https:\/\/www.sonoraenequipo.com.mx\/storage\/2019\/01\/sonoraenequipo_opt.png\",\"width\":375,\"height\":125,\"caption\":\"Sonoraenequipo.com.mx\"},\"image\":{\"@id\":\"https:\/\/www.sonoraenequipo.com.mx\/#\/schema\/logo\/image\/\"},\"sameAs\":[\"https:\/\/www.facebook.com\/SonoraEE\/\",\"https:\/\/x.com\/sonoraenequipo\",\"https:\/\/www.youtube.com\/channel\/UC338nW-lPEYmJQs4ZABQ1SQ\"]},{\"@type\":\"Person\",\"@id\":\"https:\/\/www.sonoraenequipo.com.mx\/#\/schema\/person\/50102df0fb23a8fa9e8effad8fa81386\",\"name\":\"enequipo\",\"image\":{\"@type\":\"ImageObject\",\"inLanguage\":\"es\",\"@id\":\"https:\/\/www.sonoraenequipo.com.mx\/#\/schema\/person\/image\/\",\"url\":\"https:\/\/secure.gravatar.com\/avatar\/049821681b589dabc0bc20695993ccebb09f5b5d4d790cd9251b97faac7c652b?s=96&d=blank&r=g\",\"contentUrl\":\"https:\/\/secure.gravatar.com\/avatar\/049821681b589dabc0bc20695993ccebb09f5b5d4d790cd9251b97faac7c652b?s=96&d=blank&r=g\",\"caption\":\"enequipo\"},\"sameAs\":[\"https:\/\/www.facebook.com\/SonoraEE\"]}]}<\/script>\n ","yoast_head_json":{"title":"Sonora en Equipo. Firman ISM y Fiscal\u00eda Especializada convenio de colaboraci\u00f3n Sonora","description":"HERMOSILLO, SONORA. MX. \u2014 Para fortalecer la prevenci\u00f3n de los delitos electorales y fomentar la participaci\u00f3n ciudadana en la cultura de la legalidad y En Sonora en Equipo publicamos toda la informaci\u00f3n de Sonora, M\u00e9xico y el Mundo de manera oportuna y busca que la libertad de expresi\u00f3n sea real. Visita nuestro medio informativo publicado desde Hermosillo, Sonora. %","robots":{"index":"index","follow":"follow","max-snippet":"max-snippet:-1","max-image-preview":"max-image-preview:large","max-video-preview":"max-video-preview:-1"},"canonical":"https:\/\/www.sonoraenequipo.com.mx\/firman-ism-y-fiscalia-especializada-convenio-de-colaboracion\/","og_locale":"es_ES","og_type":"article","og_title":"Sonora en Equipo. Firman ISM y Fiscal\u00eda Especializada convenio de colaboraci\u00f3n Sonora","og_description":"HERMOSILLO, SONORA. MX. \u2014 Para fortalecer la prevenci\u00f3n de los delitos electorales y fomentar la participaci\u00f3n ciudadana en la cultura de la legalidad y En Sonora en Equipo publicamos toda la informaci\u00f3n de Sonora, M\u00e9xico y el Mundo de manera oportuna y busca que la libertad de expresi\u00f3n sea real. Visita nuestro medio informativo publicado desde Hermosillo, Sonora. %","og_url":"https:\/\/www.sonoraenequipo.com.mx\/firman-ism-y-fiscalia-especializada-convenio-de-colaboracion\/","og_site_name":"Sonora en Equipo.","article_publisher":"https:\/\/www.facebook.com\/SonoraEE\/","article_author":"https:\/\/www.facebook.com\/SonoraEE","article_published_time":"2020-02-06T00:12:11+00:00","article_modified_time":"2020-02-06T00:50:18+00:00","og_image":[{"width":600,"height":400,"url":"https:\/\/www.sonoraenequipo.com.mx\/storage\/2020\/02\/ISM-y-Fiscal\u00eda-Especializada022023a_opt.jpg","type":"image\/jpeg"}],"author":"enequipo","twitter_card":"summary_large_image","twitter_creator":"@sonoraenequipo","twitter_site":"@sonoraenequipo","twitter_misc":{"Escrito por":"enequipo","Tiempo de lectura":"2 minutos"},"schema":{"@context":"https:\/\/schema.org","@graph":[{"@type":"Article","@id":"https:\/\/www.sonoraenequipo.com.mx\/firman-ism-y-fiscalia-especializada-convenio-de-colaboracion\/#article","isPartOf":{"@id":"https:\/\/www.sonoraenequipo.com.mx\/firman-ism-y-fiscalia-especializada-convenio-de-colaboracion\/"},"author":{"name":"enequipo","@id":"https:\/\/www.sonoraenequipo.com.mx\/#\/schema\/person\/50102df0fb23a8fa9e8effad8fa81386"},"headline":"Firman ISM y Fiscal\u00eda Especializada convenio de colaboraci\u00f3n","datePublished":"2020-02-06T00:12:11+00:00","dateModified":"2020-02-06T00:50:18+00:00","mainEntityOfPage":{"@id":"https:\/\/www.sonoraenequipo.com.mx\/firman-ism-y-fiscalia-especializada-convenio-de-colaboracion\/"},"wordCount":422,"commentCount":0,"publisher":{"@id":"https:\/\/www.sonoraenequipo.com.mx\/#organization"},"image":{"@id":"https:\/\/www.sonoraenequipo.com.mx\/firman-ism-y-fiscalia-especializada-convenio-de-colaboracion\/#primaryimage"},"thumbnailUrl":"https:\/\/www.sonoraenequipo.com.mx\/storage\/2020\/02\/ISM-y-Fiscal\u00eda-Especializada022023a_opt.jpg","articleSection":["Sonora"],"inLanguage":"es","potentialAction":[{"@type":"CommentAction","name":"Comment","target":["https:\/\/www.sonoraenequipo.com.mx\/firman-ism-y-fiscalia-especializada-convenio-de-colaboracion\/#respond"]}]},{"@type":"WebPage","@id":"https:\/\/www.sonoraenequipo.com.mx\/firman-ism-y-fiscalia-especializada-convenio-de-colaboracion\/","url":"https:\/\/www.sonoraenequipo.com.mx\/firman-ism-y-fiscalia-especializada-convenio-de-colaboracion\/","name":"Sonora en Equipo. Firman ISM y Fiscal\u00eda Especializada convenio de colaboraci\u00f3n Sonora","isPartOf":{"@id":"https:\/\/www.sonoraenequipo.com.mx\/#website"},"primaryImageOfPage":{"@id":"https:\/\/www.sonoraenequipo.com.mx\/firman-ism-y-fiscalia-especializada-convenio-de-colaboracion\/#primaryimage"},"image":{"@id":"https:\/\/www.sonoraenequipo.com.mx\/firman-ism-y-fiscalia-especializada-convenio-de-colaboracion\/#primaryimage"},"thumbnailUrl":"https:\/\/www.sonoraenequipo.com.mx\/storage\/2020\/02\/ISM-y-Fiscal\u00eda-Especializada022023a_opt.jpg","datePublished":"2020-02-06T00:12:11+00:00","dateModified":"2020-02-06T00:50:18+00:00","description":"HERMOSILLO, SONORA. MX. \u2014 Para fortalecer la prevenci\u00f3n de los delitos electorales y fomentar la participaci\u00f3n ciudadana en la cultura de la legalidad y En Sonora en Equipo publicamos toda la informaci\u00f3n de Sonora, M\u00e9xico y el Mundo de manera oportuna y busca que la libertad de expresi\u00f3n sea real. Visita nuestro medio informativo publicado desde Hermosillo, Sonora. %","breadcrumb":{"@id":"https:\/\/www.sonoraenequipo.com.mx\/firman-ism-y-fiscalia-especializada-convenio-de-colaboracion\/#breadcrumb"},"inLanguage":"es","potentialAction":[{"@type":"ReadAction","target":["https:\/\/www.sonoraenequipo.com.mx\/firman-ism-y-fiscalia-especializada-convenio-de-colaboracion\/"]}]},{"@type":"ImageObject","inLanguage":"es","@id":"https:\/\/www.sonoraenequipo.com.mx\/firman-ism-y-fiscalia-especializada-convenio-de-colaboracion\/#primaryimage","url":"https:\/\/www.sonoraenequipo.com.mx\/storage\/2020\/02\/ISM-y-Fiscal\u00eda-Especializada022023a_opt.jpg","contentUrl":"https:\/\/www.sonoraenequipo.com.mx\/storage\/2020\/02\/ISM-y-Fiscal\u00eda-Especializada022023a_opt.jpg","width":600,"height":400},{"@type":"BreadcrumbList","@id":"https:\/\/www.sonoraenequipo.com.mx\/firman-ism-y-fiscalia-especializada-convenio-de-colaboracion\/#breadcrumb","itemListElement":[{"@type":"ListItem","position":1,"name":"Portada","item":"https:\/\/www.sonoraenequipo.com.mx\/"},{"@type":"ListItem","position":2,"name":"Firman ISM y Fiscal\u00eda Especializada convenio de colaboraci\u00f3n"}]},{"@type":"WebSite","@id":"https:\/\/www.sonoraenequipo.com.mx\/#website","url":"https:\/\/www.sonoraenequipo.com.mx\/","name":"Sonora en Equipo.","description":"Diario en l\u00ednea con Noticias desde Hermosillo, Sonora","publisher":{"@id":"https:\/\/www.sonoraenequipo.com.mx\/#organization"},"potentialAction":[{"@type":"SearchAction","target":{"@type":"EntryPoint","urlTemplate":"https:\/\/www.sonoraenequipo.com.mx\/?s={search_term_string}"},"query-input":{"@type":"PropertyValueSpecification","valueRequired":true,"valueName":"search_term_string"}}],"inLanguage":"es"},{"@type":"Organization","@id":"https:\/\/www.sonoraenequipo.com.mx\/#organization","name":"Sonoraenequipo.com.mx","url":"https:\/\/www.sonoraenequipo.com.mx\/","logo":{"@type":"ImageObject","inLanguage":"es","@id":"https:\/\/www.sonoraenequipo.com.mx\/#\/schema\/logo\/image\/","url":"https:\/\/www.sonoraenequipo.com.mx\/storage\/2019\/01\/sonoraenequipo_opt.png","contentUrl":"https:\/\/www.sonoraenequipo.com.mx\/storage\/2019\/01\/sonoraenequipo_opt.png","width":375,"height":125,"caption":"Sonoraenequipo.com.mx"},"image":{"@id":"https:\/\/www.sonoraenequipo.com.mx\/#\/schema\/logo\/image\/"},"sameAs":["https:\/\/www.facebook.com\/SonoraEE\/","https:\/\/x.com\/sonoraenequipo","https:\/\/www.youtube.com\/channel\/UC338nW-lPEYmJQs4ZABQ1SQ"]},{"@type":"Person","@id":"https:\/\/www.sonoraenequipo.com.mx\/#\/schema\/person\/50102df0fb23a8fa9e8effad8fa81386","name":"enequipo","image":{"@type":"ImageObject","inLanguage":"es","@id":"https:\/\/www.sonoraenequipo.com.mx\/#\/schema\/person\/image\/","url":"https:\/\/secure.gravatar.com\/avatar\/049821681b589dabc0bc20695993ccebb09f5b5d4d790cd9251b97faac7c652b?s=96&d=blank&r=g","contentUrl":"https:\/\/secure.gravatar.com\/avatar\/049821681b589dabc0bc20695993ccebb09f5b5d4d790cd9251b97faac7c652b?s=96&d=blank&r=g","caption":"enequipo"},"sameAs":["https:\/\/www.facebook.com\/SonoraEE"]}]}},"jetpack_featured_media_url":"https:\/\/www.sonoraenequipo.com.mx\/storage\/2020\/02\/ISM-y-Fiscal\u00eda-Especializada022023a_opt.jpg","_links":{"self":[{"href":"https:\/\/www.sonoraenequipo.com.mx\/api\/wp\/v2\/posts\/77370","targetHints":{"allow":["GET"]}}],"collection":[{"href":"https:\/\/www.sonoraenequipo.com.mx\/api\/wp\/v2\/posts"}],"about":[{"href":"https:\/\/www.sonoraenequipo.com.mx\/api\/wp\/v2\/types\/post"}],"author":[{"embeddable":true,"href":"https:\/\/www.sonoraenequipo.com.mx\/api\/wp\/v2\/users\/1"}],"replies":[{"embeddable":true,"href":"https:\/\/www.sonoraenequipo.com.mx\/api\/wp\/v2\/comments?post=77370"}],"version-history":[{"count":0,"href":"https:\/\/www.sonoraenequipo.com.mx\/api\/wp\/v2\/posts\/77370\/revisions"}],"wp:featuredmedia":[{"embeddable":true,"href":"https:\/\/www.sonoraenequipo.com.mx\/api\/wp\/v2\/media\/77373"}],"wp:attachment":[{"href":"https:\/\/www.sonoraenequipo.com.mx\/api\/wp\/v2\/media?parent=77370"}],"wp:term":[{"taxonomy":"category","embeddable":true,"href":"https:\/\/www.sonoraenequipo.com.mx\/api\/wp\/v2\/categories?post=77370"},{"taxonomy":"post_tag","embeddable":true,"href":"https:\/\/www.sonoraenequipo.com.mx\/api\/wp\/v2\/tags?post=77370"}],"curies":[{"name":"wp","href":"https:\/\/api.w.org\/{rel}","templated":true}]}}