{"id":77386,"date":"2020-02-05T18:50:47","date_gmt":"2020-02-06T01:50:47","guid":{"rendered":"https:\/\/www.sonoraenequipo.com.mx\/?p=77386"},"modified":"2020-02-05T18:42:42","modified_gmt":"2020-02-06T01:42:42","slug":"kirk-douglas-fallece-a-los-103-anos-de-edad","status":"publish","type":"post","link":"https:\/\/www.sonoraenequipo.com.mx\/kirk-douglas-fallece-a-los-103-anos-de-edad\/","title":{"rendered":"Kirk Douglas fallece a los 103 a\u00f1os de edad"},"content":{"rendered":"<p>HOLLYWOOD, CALIFORNIA. ESTADOS UNIDOS. \u2014 El actor de Hollywood, Kirk Douglas perdi\u00f3 la vida este 5 de febrero a los 103 a\u00f1os de edad, los encargados de dar la lamentable noticia fue su familia mediante un comunicado publicado a trav\u00e9s de medios de comunicaci\u00f3n estadounidenses.<\/p>\n<p>&nbsp;<\/p>\n<p> <\/p>\n<p>&nbsp;<\/p>\n<p>&nbsp;<\/p>\n<p><em><img loading=\"lazy\" decoding=\"async\" class=\"size-medium  x-left\" src=\"https:\/\/www.sonoraenequipo.com.mx\/storage\/2020\/02\/micheldouglas_opt-600x346.jpg\" alt=\"\" width=\"600\" height=\"346\" \/>\u00abCon tremenda tristeza, mis hermanos y yo anunciamos que Kirk Douglas nos dej\u00f3 hoy a la edad de 103 a\u00f1os\u00bb,<\/em> asegur\u00f3 uno de sus hijos, el tambi\u00e9n actor Michael Douglas, en un comunicado publicado en Facebook.<\/p>\n<p>&nbsp;<\/p>\n<p>&nbsp;<\/p>\n<p>El protagonista de la pel\u00edcula <em><strong>\u00abEspartaco\u00bb,<\/strong><\/em> de 1960, era uno de los \u00faltimos sobrevivientes de la edad de oro de Hollywood.<\/p>\n<p>&nbsp;<\/p>\n<p><em>\u00abPara el mundo era una leyenda, un actor de la edad dorada de pel\u00edculas que vivieron m\u00e1s all\u00e1 de esos a\u00f1os, un hombre implicado en cuestiones humanitarias cuyo compromiso por la justica y las causas en las que cre\u00eda fueron un modelo a seguir para nosotros\u00bb,<\/em> agreg\u00f3.<\/p>\n<p>&nbsp;<\/p>\n<p>&nbsp;<\/p>\n<p>De acuerdo con informaci\u00f3n de El Pa\u00eds el gran actor trabaj\u00f3 en m\u00e1s de 90 pel\u00edculas y dirigi\u00f3 dos filmes. Kirk Douglas estuvo nominado al \u00d3scar en tres ocasiones: en 1950 por El \u00eddolo de barro de Mark Robson, en 1953 por Cautivos del mal y en 1957 por El loco del pelo rojo, ambas de Vincente Minelli. Finalmente, la Academia de Hollywood le dio el \u00d3scar honor\u00edfico en 1996.<\/p>\n<p>&nbsp;<\/p>\n<p>&nbsp;<\/p>\n<p>En 1981 recibi\u00f3 la medalla presidencial de la libertad, la m\u00e1xima condecoraci\u00f3n de su pa\u00eds; en 1990, la Legi\u00f3n de Honor francesa, y el Oso de oro honor\u00edfico del Festival de cine de Berl\u00edn, en 2001.<\/p>\n<p>&nbsp;<\/p>\n<p>&nbsp;<\/p>\n<p>PUBLICADO EL 05\/02\/2020)<\/p>\n","protected":false},"excerpt":{"rendered":"<p>HOLLYWOOD, CALIFORNIA. ESTADOS UNIDOS. \u2014 El actor de Hollywood, Kirk Douglas perdi\u00f3 la vida este&#8230;<\/p>\n","protected":false},"author":1,"featured_media":77388,"comment_status":"open","ping_status":"open","sticky":false,"template":"","format":"standard","meta":{"_monsterinsights_skip_tracking":false,"_monsterinsights_sitenote_active":false,"_monsterinsights_sitenote_note":"","_monsterinsights_sitenote_category":0,"footnotes":""},"categories":[2987],"tags":[],"class_list":["post"],"yoast_head":" \n<title>Sonora en Equipo. Kirk Douglas fallece a los 103 a\u00f1os de edad Showbiz<\/title>\n<meta name=\"description\" content=\"HOLLYWOOD, CALIFORNIA. ESTADOS UNIDOS. \u2014 El actor de Hollywood, Kirk Douglas perdi\u00f3 la vida este 5 de febrero a los 103 a\u00f1os de edad, los encargados de En Sonora en Equipo publicamos toda la informaci\u00f3n de Sonora, M\u00e9xico y el Mundo de manera oportuna y busca que la libertad de expresi\u00f3n sea real. Visita nuestro medio informativo publicado desde Hermosillo, Sonora. %\" \/>\n<meta name=\"robots\" content=\"index, follow, max-snippet:-1, max-image-preview:large, max-video-preview:-1\" \/>\n<link rel=\"canonical\" href=\"https:\/\/www.sonoraenequipo.com.mx\/kirk-douglas-fallece-a-los-103-anos-de-edad\/\" \/>\n<meta property=\"og:locale\" content=\"es_ES\" \/>\n<meta property=\"og:type\" content=\"article\" \/>\n<meta property=\"og:title\" content=\"Sonora en Equipo. Kirk Douglas fallece a los 103 a\u00f1os de edad Showbiz\" \/>\n<meta property=\"og:description\" content=\"HOLLYWOOD, CALIFORNIA. ESTADOS UNIDOS. \u2014 El actor de Hollywood, Kirk Douglas perdi\u00f3 la vida este 5 de febrero a los 103 a\u00f1os de edad, los encargados de En Sonora en Equipo publicamos toda la informaci\u00f3n de Sonora, M\u00e9xico y el Mundo de manera oportuna y busca que la libertad de expresi\u00f3n sea real. Visita nuestro medio informativo publicado desde Hermosillo, Sonora. %\" \/>\n<meta property=\"og:url\" content=\"https:\/\/www.sonoraenequipo.com.mx\/kirk-douglas-fallece-a-los-103-anos-de-edad\/\" \/>\n<meta property=\"og:site_name\" content=\"Sonora en Equipo.\" \/>\n<meta property=\"article:publisher\" content=\"https:\/\/www.facebook.com\/SonoraEE\/\" \/>\n<meta property=\"article:author\" content=\"https:\/\/www.facebook.com\/SonoraEE\" \/>\n<meta property=\"article:published_time\" content=\"2020-02-06T01:50:47+00:00\" \/>\n<meta property=\"og:image\" content=\"https:\/\/www.sonoraenequipo.com.mx\/storage\/2020\/02\/michael-douglas_opt.jpg\" \/>\n\t<meta property=\"og:image:width\" content=\"819\" \/>\n\t<meta property=\"og:image:height\" content=\"600\" \/>\n\t<meta property=\"og:image:type\" content=\"image\/jpeg\" \/>\n<meta name=\"author\" content=\"enequipo\" \/>\n<meta name=\"twitter:card\" content=\"summary_large_image\" \/>\n<meta name=\"twitter:creator\" content=\"@sonoraenequipo\" \/>\n<meta name=\"twitter:site\" content=\"@sonoraenequipo\" \/>\n<meta name=\"twitter:label1\" content=\"Escrito por\" \/>\n\t<meta name=\"twitter:data1\" content=\"enequipo\" \/>\n\t<meta name=\"twitter:label2\" content=\"Tiempo de lectura\" \/>\n\t<meta name=\"twitter:data2\" content=\"1 minuto\" \/>\n<script type=\"application\/ld+json\" class=\"yoast-schema-graph\">{\"@context\":\"https:\/\/schema.org\",\"@graph\":[{\"@type\":\"Article\",\"@id\":\"https:\/\/www.sonoraenequipo.com.mx\/kirk-douglas-fallece-a-los-103-anos-de-edad\/#article\",\"isPartOf\":{\"@id\":\"https:\/\/www.sonoraenequipo.com.mx\/kirk-douglas-fallece-a-los-103-anos-de-edad\/\"},\"author\":{\"name\":\"enequipo\",\"@id\":\"https:\/\/www.sonoraenequipo.com.mx\/#\/schema\/person\/50102df0fb23a8fa9e8effad8fa81386\"},\"headline\":\"Kirk Douglas fallece a los 103 a\u00f1os de edad\",\"datePublished\":\"2020-02-06T01:50:47+00:00\",\"mainEntityOfPage\":{\"@id\":\"https:\/\/www.sonoraenequipo.com.mx\/kirk-douglas-fallece-a-los-103-anos-de-edad\/\"},\"wordCount\":286,\"commentCount\":0,\"publisher\":{\"@id\":\"https:\/\/www.sonoraenequipo.com.mx\/#organization\"},\"image\":{\"@id\":\"https:\/\/www.sonoraenequipo.com.mx\/kirk-douglas-fallece-a-los-103-anos-de-edad\/#primaryimage\"},\"thumbnailUrl\":\"https:\/\/www.sonoraenequipo.com.mx\/storage\/2020\/02\/michael-douglas_opt.jpg\",\"articleSection\":[\"Showbiz\"],\"inLanguage\":\"es\",\"potentialAction\":[{\"@type\":\"CommentAction\",\"name\":\"Comment\",\"target\":[\"https:\/\/www.sonoraenequipo.com.mx\/kirk-douglas-fallece-a-los-103-anos-de-edad\/#respond\"]}]},{\"@type\":\"WebPage\",\"@id\":\"https:\/\/www.sonoraenequipo.com.mx\/kirk-douglas-fallece-a-los-103-anos-de-edad\/\",\"url\":\"https:\/\/www.sonoraenequipo.com.mx\/kirk-douglas-fallece-a-los-103-anos-de-edad\/\",\"name\":\"Sonora en Equipo. Kirk Douglas fallece a los 103 a\u00f1os de edad Showbiz\",\"isPartOf\":{\"@id\":\"https:\/\/www.sonoraenequipo.com.mx\/#website\"},\"primaryImageOfPage\":{\"@id\":\"https:\/\/www.sonoraenequipo.com.mx\/kirk-douglas-fallece-a-los-103-anos-de-edad\/#primaryimage\"},\"image\":{\"@id\":\"https:\/\/www.sonoraenequipo.com.mx\/kirk-douglas-fallece-a-los-103-anos-de-edad\/#primaryimage\"},\"thumbnailUrl\":\"https:\/\/www.sonoraenequipo.com.mx\/storage\/2020\/02\/michael-douglas_opt.jpg\",\"datePublished\":\"2020-02-06T01:50:47+00:00\",\"description\":\"HOLLYWOOD, CALIFORNIA. ESTADOS UNIDOS. \u2014 El actor de Hollywood, Kirk Douglas perdi\u00f3 la vida este 5 de febrero a los 103 a\u00f1os de edad, los encargados de En Sonora en Equipo publicamos toda la informaci\u00f3n de Sonora, M\u00e9xico y el Mundo de manera oportuna y busca que la libertad de expresi\u00f3n sea real. Visita nuestro medio informativo publicado desde Hermosillo, Sonora. %\",\"breadcrumb\":{\"@id\":\"https:\/\/www.sonoraenequipo.com.mx\/kirk-douglas-fallece-a-los-103-anos-de-edad\/#breadcrumb\"},\"inLanguage\":\"es\",\"potentialAction\":[{\"@type\":\"ReadAction\",\"target\":[\"https:\/\/www.sonoraenequipo.com.mx\/kirk-douglas-fallece-a-los-103-anos-de-edad\/\"]}]},{\"@type\":\"ImageObject\",\"inLanguage\":\"es\",\"@id\":\"https:\/\/www.sonoraenequipo.com.mx\/kirk-douglas-fallece-a-los-103-anos-de-edad\/#primaryimage\",\"url\":\"https:\/\/www.sonoraenequipo.com.mx\/storage\/2020\/02\/michael-douglas_opt.jpg\",\"contentUrl\":\"https:\/\/www.sonoraenequipo.com.mx\/storage\/2020\/02\/michael-douglas_opt.jpg\",\"width\":819,\"height\":600},{\"@type\":\"BreadcrumbList\",\"@id\":\"https:\/\/www.sonoraenequipo.com.mx\/kirk-douglas-fallece-a-los-103-anos-de-edad\/#breadcrumb\",\"itemListElement\":[{\"@type\":\"ListItem\",\"position\":1,\"name\":\"Portada\",\"item\":\"https:\/\/www.sonoraenequipo.com.mx\/\"},{\"@type\":\"ListItem\",\"position\":2,\"name\":\"Kirk Douglas fallece a los 103 a\u00f1os de edad\"}]},{\"@type\":\"WebSite\",\"@id\":\"https:\/\/www.sonoraenequipo.com.mx\/#website\",\"url\":\"https:\/\/www.sonoraenequipo.com.mx\/\",\"name\":\"Sonora en Equipo.\",\"description\":\"Diario en l\u00ednea con Noticias desde Hermosillo, Sonora\",\"publisher\":{\"@id\":\"https:\/\/www.sonoraenequipo.com.mx\/#organization\"},\"potentialAction\":[{\"@type\":\"SearchAction\",\"target\":{\"@type\":\"EntryPoint\",\"urlTemplate\":\"https:\/\/www.sonoraenequipo.com.mx\/?s={search_term_string}\"},\"query-input\":{\"@type\":\"PropertyValueSpecification\",\"valueRequired\":true,\"valueName\":\"search_term_string\"}}],\"inLanguage\":\"es\"},{\"@type\":\"Organization\",\"@id\":\"https:\/\/www.sonoraenequipo.com.mx\/#organization\",\"name\":\"Sonoraenequipo.com.mx\",\"url\":\"https:\/\/www.sonoraenequipo.com.mx\/\",\"logo\":{\"@type\":\"ImageObject\",\"inLanguage\":\"es\",\"@id\":\"https:\/\/www.sonoraenequipo.com.mx\/#\/schema\/logo\/image\/\",\"url\":\"https:\/\/www.sonoraenequipo.com.mx\/storage\/2019\/01\/sonoraenequipo_opt.png\",\"contentUrl\":\"https:\/\/www.sonoraenequipo.com.mx\/storage\/2019\/01\/sonoraenequipo_opt.png\",\"width\":375,\"height\":125,\"caption\":\"Sonoraenequipo.com.mx\"},\"image\":{\"@id\":\"https:\/\/www.sonoraenequipo.com.mx\/#\/schema\/logo\/image\/\"},\"sameAs\":[\"https:\/\/www.facebook.com\/SonoraEE\/\",\"https:\/\/x.com\/sonoraenequipo\",\"https:\/\/www.youtube.com\/channel\/UC338nW-lPEYmJQs4ZABQ1SQ\"]},{\"@type\":\"Person\",\"@id\":\"https:\/\/www.sonoraenequipo.com.mx\/#\/schema\/person\/50102df0fb23a8fa9e8effad8fa81386\",\"name\":\"enequipo\",\"image\":{\"@type\":\"ImageObject\",\"inLanguage\":\"es\",\"@id\":\"https:\/\/www.sonoraenequipo.com.mx\/#\/schema\/person\/image\/\",\"url\":\"https:\/\/secure.gravatar.com\/avatar\/049821681b589dabc0bc20695993ccebb09f5b5d4d790cd9251b97faac7c652b?s=96&d=blank&r=g\",\"contentUrl\":\"https:\/\/secure.gravatar.com\/avatar\/049821681b589dabc0bc20695993ccebb09f5b5d4d790cd9251b97faac7c652b?s=96&d=blank&r=g\",\"caption\":\"enequipo\"},\"sameAs\":[\"https:\/\/www.facebook.com\/SonoraEE\"]}]}<\/script>\n ","yoast_head_json":{"title":"Sonora en Equipo. Kirk Douglas fallece a los 103 a\u00f1os de edad Showbiz","description":"HOLLYWOOD, CALIFORNIA. ESTADOS UNIDOS. \u2014 El actor de Hollywood, Kirk Douglas perdi\u00f3 la vida este 5 de febrero a los 103 a\u00f1os de edad, los encargados de En Sonora en Equipo publicamos toda la informaci\u00f3n de Sonora, M\u00e9xico y el Mundo de manera oportuna y busca que la libertad de expresi\u00f3n sea real. Visita nuestro medio informativo publicado desde Hermosillo, Sonora. %","robots":{"index":"index","follow":"follow","max-snippet":"max-snippet:-1","max-image-preview":"max-image-preview:large","max-video-preview":"max-video-preview:-1"},"canonical":"https:\/\/www.sonoraenequipo.com.mx\/kirk-douglas-fallece-a-los-103-anos-de-edad\/","og_locale":"es_ES","og_type":"article","og_title":"Sonora en Equipo. Kirk Douglas fallece a los 103 a\u00f1os de edad Showbiz","og_description":"HOLLYWOOD, CALIFORNIA. ESTADOS UNIDOS. \u2014 El actor de Hollywood, Kirk Douglas perdi\u00f3 la vida este 5 de febrero a los 103 a\u00f1os de edad, los encargados de En Sonora en Equipo publicamos toda la informaci\u00f3n de Sonora, M\u00e9xico y el Mundo de manera oportuna y busca que la libertad de expresi\u00f3n sea real. Visita nuestro medio informativo publicado desde Hermosillo, Sonora. %","og_url":"https:\/\/www.sonoraenequipo.com.mx\/kirk-douglas-fallece-a-los-103-anos-de-edad\/","og_site_name":"Sonora en Equipo.","article_publisher":"https:\/\/www.facebook.com\/SonoraEE\/","article_author":"https:\/\/www.facebook.com\/SonoraEE","article_published_time":"2020-02-06T01:50:47+00:00","og_image":[{"width":819,"height":600,"url":"https:\/\/www.sonoraenequipo.com.mx\/storage\/2020\/02\/michael-douglas_opt.jpg","type":"image\/jpeg"}],"author":"enequipo","twitter_card":"summary_large_image","twitter_creator":"@sonoraenequipo","twitter_site":"@sonoraenequipo","twitter_misc":{"Escrito por":"enequipo","Tiempo de lectura":"1 minuto"},"schema":{"@context":"https:\/\/schema.org","@graph":[{"@type":"Article","@id":"https:\/\/www.sonoraenequipo.com.mx\/kirk-douglas-fallece-a-los-103-anos-de-edad\/#article","isPartOf":{"@id":"https:\/\/www.sonoraenequipo.com.mx\/kirk-douglas-fallece-a-los-103-anos-de-edad\/"},"author":{"name":"enequipo","@id":"https:\/\/www.sonoraenequipo.com.mx\/#\/schema\/person\/50102df0fb23a8fa9e8effad8fa81386"},"headline":"Kirk Douglas fallece a los 103 a\u00f1os de edad","datePublished":"2020-02-06T01:50:47+00:00","mainEntityOfPage":{"@id":"https:\/\/www.sonoraenequipo.com.mx\/kirk-douglas-fallece-a-los-103-anos-de-edad\/"},"wordCount":286,"commentCount":0,"publisher":{"@id":"https:\/\/www.sonoraenequipo.com.mx\/#organization"},"image":{"@id":"https:\/\/www.sonoraenequipo.com.mx\/kirk-douglas-fallece-a-los-103-anos-de-edad\/#primaryimage"},"thumbnailUrl":"https:\/\/www.sonoraenequipo.com.mx\/storage\/2020\/02\/michael-douglas_opt.jpg","articleSection":["Showbiz"],"inLanguage":"es","potentialAction":[{"@type":"CommentAction","name":"Comment","target":["https:\/\/www.sonoraenequipo.com.mx\/kirk-douglas-fallece-a-los-103-anos-de-edad\/#respond"]}]},{"@type":"WebPage","@id":"https:\/\/www.sonoraenequipo.com.mx\/kirk-douglas-fallece-a-los-103-anos-de-edad\/","url":"https:\/\/www.sonoraenequipo.com.mx\/kirk-douglas-fallece-a-los-103-anos-de-edad\/","name":"Sonora en Equipo. Kirk Douglas fallece a los 103 a\u00f1os de edad Showbiz","isPartOf":{"@id":"https:\/\/www.sonoraenequipo.com.mx\/#website"},"primaryImageOfPage":{"@id":"https:\/\/www.sonoraenequipo.com.mx\/kirk-douglas-fallece-a-los-103-anos-de-edad\/#primaryimage"},"image":{"@id":"https:\/\/www.sonoraenequipo.com.mx\/kirk-douglas-fallece-a-los-103-anos-de-edad\/#primaryimage"},"thumbnailUrl":"https:\/\/www.sonoraenequipo.com.mx\/storage\/2020\/02\/michael-douglas_opt.jpg","datePublished":"2020-02-06T01:50:47+00:00","description":"HOLLYWOOD, CALIFORNIA. ESTADOS UNIDOS. \u2014 El actor de Hollywood, Kirk Douglas perdi\u00f3 la vida este 5 de febrero a los 103 a\u00f1os de edad, los encargados de En Sonora en Equipo publicamos toda la informaci\u00f3n de Sonora, M\u00e9xico y el Mundo de manera oportuna y busca que la libertad de expresi\u00f3n sea real. Visita nuestro medio informativo publicado desde Hermosillo, Sonora. %","breadcrumb":{"@id":"https:\/\/www.sonoraenequipo.com.mx\/kirk-douglas-fallece-a-los-103-anos-de-edad\/#breadcrumb"},"inLanguage":"es","potentialAction":[{"@type":"ReadAction","target":["https:\/\/www.sonoraenequipo.com.mx\/kirk-douglas-fallece-a-los-103-anos-de-edad\/"]}]},{"@type":"ImageObject","inLanguage":"es","@id":"https:\/\/www.sonoraenequipo.com.mx\/kirk-douglas-fallece-a-los-103-anos-de-edad\/#primaryimage","url":"https:\/\/www.sonoraenequipo.com.mx\/storage\/2020\/02\/michael-douglas_opt.jpg","contentUrl":"https:\/\/www.sonoraenequipo.com.mx\/storage\/2020\/02\/michael-douglas_opt.jpg","width":819,"height":600},{"@type":"BreadcrumbList","@id":"https:\/\/www.sonoraenequipo.com.mx\/kirk-douglas-fallece-a-los-103-anos-de-edad\/#breadcrumb","itemListElement":[{"@type":"ListItem","position":1,"name":"Portada","item":"https:\/\/www.sonoraenequipo.com.mx\/"},{"@type":"ListItem","position":2,"name":"Kirk Douglas fallece a los 103 a\u00f1os de edad"}]},{"@type":"WebSite","@id":"https:\/\/www.sonoraenequipo.com.mx\/#website","url":"https:\/\/www.sonoraenequipo.com.mx\/","name":"Sonora en Equipo.","description":"Diario en l\u00ednea con Noticias desde Hermosillo, Sonora","publisher":{"@id":"https:\/\/www.sonoraenequipo.com.mx\/#organization"},"potentialAction":[{"@type":"SearchAction","target":{"@type":"EntryPoint","urlTemplate":"https:\/\/www.sonoraenequipo.com.mx\/?s={search_term_string}"},"query-input":{"@type":"PropertyValueSpecification","valueRequired":true,"valueName":"search_term_string"}}],"inLanguage":"es"},{"@type":"Organization","@id":"https:\/\/www.sonoraenequipo.com.mx\/#organization","name":"Sonoraenequipo.com.mx","url":"https:\/\/www.sonoraenequipo.com.mx\/","logo":{"@type":"ImageObject","inLanguage":"es","@id":"https:\/\/www.sonoraenequipo.com.mx\/#\/schema\/logo\/image\/","url":"https:\/\/www.sonoraenequipo.com.mx\/storage\/2019\/01\/sonoraenequipo_opt.png","contentUrl":"https:\/\/www.sonoraenequipo.com.mx\/storage\/2019\/01\/sonoraenequipo_opt.png","width":375,"height":125,"caption":"Sonoraenequipo.com.mx"},"image":{"@id":"https:\/\/www.sonoraenequipo.com.mx\/#\/schema\/logo\/image\/"},"sameAs":["https:\/\/www.facebook.com\/SonoraEE\/","https:\/\/x.com\/sonoraenequipo","https:\/\/www.youtube.com\/channel\/UC338nW-lPEYmJQs4ZABQ1SQ"]},{"@type":"Person","@id":"https:\/\/www.sonoraenequipo.com.mx\/#\/schema\/person\/50102df0fb23a8fa9e8effad8fa81386","name":"enequipo","image":{"@type":"ImageObject","inLanguage":"es","@id":"https:\/\/www.sonoraenequipo.com.mx\/#\/schema\/person\/image\/","url":"https:\/\/secure.gravatar.com\/avatar\/049821681b589dabc0bc20695993ccebb09f5b5d4d790cd9251b97faac7c652b?s=96&d=blank&r=g","contentUrl":"https:\/\/secure.gravatar.com\/avatar\/049821681b589dabc0bc20695993ccebb09f5b5d4d790cd9251b97faac7c652b?s=96&d=blank&r=g","caption":"enequipo"},"sameAs":["https:\/\/www.facebook.com\/SonoraEE"]}]}},"jetpack_featured_media_url":"https:\/\/www.sonoraenequipo.com.mx\/storage\/2020\/02\/michael-douglas_opt.jpg","_links":{"self":[{"href":"https:\/\/www.sonoraenequipo.com.mx\/api\/wp\/v2\/posts\/77386","targetHints":{"allow":["GET"]}}],"collection":[{"href":"https:\/\/www.sonoraenequipo.com.mx\/api\/wp\/v2\/posts"}],"about":[{"href":"https:\/\/www.sonoraenequipo.com.mx\/api\/wp\/v2\/types\/post"}],"author":[{"embeddable":true,"href":"https:\/\/www.sonoraenequipo.com.mx\/api\/wp\/v2\/users\/1"}],"replies":[{"embeddable":true,"href":"https:\/\/www.sonoraenequipo.com.mx\/api\/wp\/v2\/comments?post=77386"}],"version-history":[{"count":0,"href":"https:\/\/www.sonoraenequipo.com.mx\/api\/wp\/v2\/posts\/77386\/revisions"}],"wp:featuredmedia":[{"embeddable":true,"href":"https:\/\/www.sonoraenequipo.com.mx\/api\/wp\/v2\/media\/77388"}],"wp:attachment":[{"href":"https:\/\/www.sonoraenequipo.com.mx\/api\/wp\/v2\/media?parent=77386"}],"wp:term":[{"taxonomy":"category","embeddable":true,"href":"https:\/\/www.sonoraenequipo.com.mx\/api\/wp\/v2\/categories?post=77386"},{"taxonomy":"post_tag","embeddable":true,"href":"https:\/\/www.sonoraenequipo.com.mx\/api\/wp\/v2\/tags?post=77386"}],"curies":[{"name":"wp","href":"https:\/\/api.w.org\/{rel}","templated":true}]}}