{"id":77390,"date":"2020-02-05T19:15:16","date_gmt":"2020-02-06T02:15:16","guid":{"rendered":"https:\/\/www.sonoraenequipo.com.mx\/?p=77390"},"modified":"2020-02-05T18:52:09","modified_gmt":"2020-02-06T01:52:09","slug":"plantea-morena-reformas-para-facilitar-la-rifa-del-avion-presidencial","status":"publish","type":"post","link":"https:\/\/www.sonoraenequipo.com.mx\/plantea-morena-reformas-para-facilitar-la-rifa-del-avion-presidencial\/","title":{"rendered":"Plantea Morena reformas para facilitar la rifa del avi\u00f3n presidencial"},"content":{"rendered":"<p>CIUDAD DE M\u00c9XICO. MX. \u2014 Los diputados de Morena en la C\u00e1mara de Diputados presentaron una serie de reformas para que el avi\u00f3n presidencial Jos\u00e9 Mar\u00eda Morelos, salga en rifa, como anunci\u00f3 el presidente.<\/p>\n<p>&nbsp;<\/p>\n<p>&nbsp;<\/p>\n<p> <\/p>\n<p>&nbsp;<\/p>\n<p>&nbsp;<\/p>\n<p>El coordinador de Morena en Diputados, Mario Delgado y el diputado Ra\u00fal Eduardo Bonifaz, propusieron modificaciones al art\u00edculo 132 de la Ley General de Bienes Nacionales y los art\u00edculos 31 y 38 de la Ley Federal para la Administraci\u00f3n y Enajenaci\u00f3n de Bienes del Sector P\u00fablico, a fin de que se incorpore la figura del sorteo y se pueda proceder a la rifa del lujoso avi\u00f3n que a\u00fan no se ha logrado vender.<\/p>\n<p>&nbsp;<\/p>\n<p>&nbsp;<\/p>\n<p>El diputado Bonifaz se\u00f1al\u00f3:<\/p>\n<p>&nbsp;<\/p>\n<h3><em>Se trata de una iniciativa con proyecto de decreto, se trata de una iniciativa que a\u00f1ade el sorteo como un mecanismo para enajenar los bienes, que por sus caracter\u00edsticas o por las condiciones de mercado no han podido ser vendidos\u201d.<\/em><\/h3>\n<p>&nbsp;<\/p>\n<p>&nbsp;<\/p>\n<p>En tribuna, durante la presentaci\u00f3n de reforma, el morenista Ra\u00fal Eduardo Bonifaz, reiter\u00f3 los derroches de dinero en la adquisici\u00f3n del avi\u00f3n presidencial, cuyo valor asciende a 130 millones de pesos.<\/p>\n<p>&nbsp;<\/p>\n<p>&nbsp;<\/p>\n<p>El diputado por Morena djo:<\/p>\n<p>&nbsp;<\/p>\n<h3><em>Comprar un avi\u00f3n para los viajes presidenciales y sus colaboradores fue un exceso. No podemos hoy continuar aval\u00e1ndola opulencia ante una realidad con pobres al extremo y en grandes cantidades. Nos heredaron hospitales abandonados y familias con j\u00f3venes que se convierten en delincuentes\u201d.<\/em><\/h3>\n<p>&nbsp;<\/p>\n<p>Se proponen a\u00f1adir<em><strong> \u201cel sorteo\u201d c<\/strong><\/em>omo un mecanismo para la enajenaci\u00f3n de bienes que, por sus caracter\u00edsticas, o por las condiciones de mercado no han podido ser enajenados a trav\u00e9s de las formas de enajenaci\u00f3n onerosa previstas en la legislaci\u00f3n vigente.<\/p>\n<p>&nbsp;<\/p>\n<p>La propuesta indica que en la actualidad existe una gran dificultad para que la federaci\u00f3n enajene los bienes que han ingresado a su patrimonio.<\/p>\n<p>&nbsp;<\/p>\n<p>PUBLICADO EL 05\/02\/2020 \/ Ximena Mej\u00eda e Ivonne Melgar)<\/p>\n","protected":false},"excerpt":{"rendered":"<p>CIUDAD DE M\u00c9XICO. MX. \u2014 Los diputados de Morena en la C\u00e1mara de Diputados presentaron&#8230;<\/p>\n","protected":false},"author":1,"featured_media":77391,"comment_status":"open","ping_status":"open","sticky":false,"template":"","format":"standard","meta":{"_monsterinsights_skip_tracking":false,"_monsterinsights_sitenote_active":false,"_monsterinsights_sitenote_note":"","_monsterinsights_sitenote_category":0,"footnotes":""},"categories":[5],"tags":[],"class_list":["post"],"yoast_head":" \n<title>Sonora en Equipo. Plantea Morena reformas para facilitar la rifa del avi\u00f3n presidencial Rep\u00fablica<\/title>\n<meta name=\"description\" content=\"CIUDAD DE M\u00c9XICO. MX. \u2014 Los diputados de Morena en la C\u00e1mara de Diputados presentaron una serie de reformas para que el avi\u00f3n presidencial Jos\u00e9 Mar\u00eda En Sonora en Equipo publicamos toda la informaci\u00f3n de Sonora, M\u00e9xico y el Mundo de manera oportuna y busca que la libertad de expresi\u00f3n sea real. Visita nuestro medio informativo publicado desde Hermosillo, Sonora. %\" \/>\n<meta name=\"robots\" content=\"index, follow, max-snippet:-1, max-image-preview:large, max-video-preview:-1\" \/>\n<link rel=\"canonical\" href=\"https:\/\/www.sonoraenequipo.com.mx\/plantea-morena-reformas-para-facilitar-la-rifa-del-avion-presidencial\/\" \/>\n<meta property=\"og:locale\" content=\"es_ES\" \/>\n<meta property=\"og:type\" content=\"article\" \/>\n<meta property=\"og:title\" content=\"Sonora en Equipo. Plantea Morena reformas para facilitar la rifa del avi\u00f3n presidencial Rep\u00fablica\" \/>\n<meta property=\"og:description\" content=\"CIUDAD DE M\u00c9XICO. MX. \u2014 Los diputados de Morena en la C\u00e1mara de Diputados presentaron una serie de reformas para que el avi\u00f3n presidencial Jos\u00e9 Mar\u00eda En Sonora en Equipo publicamos toda la informaci\u00f3n de Sonora, M\u00e9xico y el Mundo de manera oportuna y busca que la libertad de expresi\u00f3n sea real. Visita nuestro medio informativo publicado desde Hermosillo, Sonora. %\" \/>\n<meta property=\"og:url\" content=\"https:\/\/www.sonoraenequipo.com.mx\/plantea-morena-reformas-para-facilitar-la-rifa-del-avion-presidencial\/\" \/>\n<meta property=\"og:site_name\" content=\"Sonora en Equipo.\" \/>\n<meta property=\"article:publisher\" content=\"https:\/\/www.facebook.com\/SonoraEE\/\" \/>\n<meta property=\"article:author\" content=\"https:\/\/www.facebook.com\/SonoraEE\" \/>\n<meta property=\"article:published_time\" content=\"2020-02-06T02:15:16+00:00\" \/>\n<meta property=\"og:image\" content=\"https:\/\/www.sonoraenequipo.com.mx\/storage\/2020\/02\/avion-presidencial_opt1.jpg\" \/>\n\t<meta property=\"og:image:width\" content=\"1065\" \/>\n\t<meta property=\"og:image:height\" content=\"600\" \/>\n\t<meta property=\"og:image:type\" content=\"image\/jpeg\" \/>\n<meta name=\"author\" content=\"enequipo\" \/>\n<meta name=\"twitter:card\" content=\"summary_large_image\" \/>\n<meta name=\"twitter:creator\" content=\"@sonoraenequipo\" \/>\n<meta name=\"twitter:site\" content=\"@sonoraenequipo\" \/>\n<meta name=\"twitter:label1\" content=\"Escrito por\" \/>\n\t<meta name=\"twitter:data1\" content=\"enequipo\" \/>\n\t<meta name=\"twitter:label2\" content=\"Tiempo de lectura\" \/>\n\t<meta name=\"twitter:data2\" content=\"2 minutos\" \/>\n<script type=\"application\/ld+json\" class=\"yoast-schema-graph\">{\"@context\":\"https:\/\/schema.org\",\"@graph\":[{\"@type\":\"Article\",\"@id\":\"https:\/\/www.sonoraenequipo.com.mx\/plantea-morena-reformas-para-facilitar-la-rifa-del-avion-presidencial\/#article\",\"isPartOf\":{\"@id\":\"https:\/\/www.sonoraenequipo.com.mx\/plantea-morena-reformas-para-facilitar-la-rifa-del-avion-presidencial\/\"},\"author\":{\"name\":\"enequipo\",\"@id\":\"https:\/\/www.sonoraenequipo.com.mx\/#\/schema\/person\/50102df0fb23a8fa9e8effad8fa81386\"},\"headline\":\"Plantea Morena reformas para facilitar la rifa del avi\u00f3n presidencial\",\"datePublished\":\"2020-02-06T02:15:16+00:00\",\"mainEntityOfPage\":{\"@id\":\"https:\/\/www.sonoraenequipo.com.mx\/plantea-morena-reformas-para-facilitar-la-rifa-del-avion-presidencial\/\"},\"wordCount\":354,\"commentCount\":0,\"publisher\":{\"@id\":\"https:\/\/www.sonoraenequipo.com.mx\/#organization\"},\"image\":{\"@id\":\"https:\/\/www.sonoraenequipo.com.mx\/plantea-morena-reformas-para-facilitar-la-rifa-del-avion-presidencial\/#primaryimage\"},\"thumbnailUrl\":\"https:\/\/www.sonoraenequipo.com.mx\/storage\/2020\/02\/avion-presidencial_opt1.jpg\",\"articleSection\":[\"Rep\u00fablica\"],\"inLanguage\":\"es\",\"potentialAction\":[{\"@type\":\"CommentAction\",\"name\":\"Comment\",\"target\":[\"https:\/\/www.sonoraenequipo.com.mx\/plantea-morena-reformas-para-facilitar-la-rifa-del-avion-presidencial\/#respond\"]}]},{\"@type\":\"WebPage\",\"@id\":\"https:\/\/www.sonoraenequipo.com.mx\/plantea-morena-reformas-para-facilitar-la-rifa-del-avion-presidencial\/\",\"url\":\"https:\/\/www.sonoraenequipo.com.mx\/plantea-morena-reformas-para-facilitar-la-rifa-del-avion-presidencial\/\",\"name\":\"Sonora en Equipo. Plantea Morena reformas para facilitar la rifa del avi\u00f3n presidencial Rep\u00fablica\",\"isPartOf\":{\"@id\":\"https:\/\/www.sonoraenequipo.com.mx\/#website\"},\"primaryImageOfPage\":{\"@id\":\"https:\/\/www.sonoraenequipo.com.mx\/plantea-morena-reformas-para-facilitar-la-rifa-del-avion-presidencial\/#primaryimage\"},\"image\":{\"@id\":\"https:\/\/www.sonoraenequipo.com.mx\/plantea-morena-reformas-para-facilitar-la-rifa-del-avion-presidencial\/#primaryimage\"},\"thumbnailUrl\":\"https:\/\/www.sonoraenequipo.com.mx\/storage\/2020\/02\/avion-presidencial_opt1.jpg\",\"datePublished\":\"2020-02-06T02:15:16+00:00\",\"description\":\"CIUDAD DE M\u00c9XICO. MX. \u2014 Los diputados de Morena en la C\u00e1mara de Diputados presentaron una serie de reformas para que el avi\u00f3n presidencial Jos\u00e9 Mar\u00eda En Sonora en Equipo publicamos toda la informaci\u00f3n de Sonora, M\u00e9xico y el Mundo de manera oportuna y busca que la libertad de expresi\u00f3n sea real. Visita nuestro medio informativo publicado desde Hermosillo, Sonora. %\",\"breadcrumb\":{\"@id\":\"https:\/\/www.sonoraenequipo.com.mx\/plantea-morena-reformas-para-facilitar-la-rifa-del-avion-presidencial\/#breadcrumb\"},\"inLanguage\":\"es\",\"potentialAction\":[{\"@type\":\"ReadAction\",\"target\":[\"https:\/\/www.sonoraenequipo.com.mx\/plantea-morena-reformas-para-facilitar-la-rifa-del-avion-presidencial\/\"]}]},{\"@type\":\"ImageObject\",\"inLanguage\":\"es\",\"@id\":\"https:\/\/www.sonoraenequipo.com.mx\/plantea-morena-reformas-para-facilitar-la-rifa-del-avion-presidencial\/#primaryimage\",\"url\":\"https:\/\/www.sonoraenequipo.com.mx\/storage\/2020\/02\/avion-presidencial_opt1.jpg\",\"contentUrl\":\"https:\/\/www.sonoraenequipo.com.mx\/storage\/2020\/02\/avion-presidencial_opt1.jpg\",\"width\":1065,\"height\":600},{\"@type\":\"BreadcrumbList\",\"@id\":\"https:\/\/www.sonoraenequipo.com.mx\/plantea-morena-reformas-para-facilitar-la-rifa-del-avion-presidencial\/#breadcrumb\",\"itemListElement\":[{\"@type\":\"ListItem\",\"position\":1,\"name\":\"Portada\",\"item\":\"https:\/\/www.sonoraenequipo.com.mx\/\"},{\"@type\":\"ListItem\",\"position\":2,\"name\":\"Plantea Morena reformas para facilitar la rifa del avi\u00f3n presidencial\"}]},{\"@type\":\"WebSite\",\"@id\":\"https:\/\/www.sonoraenequipo.com.mx\/#website\",\"url\":\"https:\/\/www.sonoraenequipo.com.mx\/\",\"name\":\"Sonora en Equipo.\",\"description\":\"Diario en l\u00ednea con Noticias desde Hermosillo, Sonora\",\"publisher\":{\"@id\":\"https:\/\/www.sonoraenequipo.com.mx\/#organization\"},\"potentialAction\":[{\"@type\":\"SearchAction\",\"target\":{\"@type\":\"EntryPoint\",\"urlTemplate\":\"https:\/\/www.sonoraenequipo.com.mx\/?s={search_term_string}\"},\"query-input\":{\"@type\":\"PropertyValueSpecification\",\"valueRequired\":true,\"valueName\":\"search_term_string\"}}],\"inLanguage\":\"es\"},{\"@type\":\"Organization\",\"@id\":\"https:\/\/www.sonoraenequipo.com.mx\/#organization\",\"name\":\"Sonoraenequipo.com.mx\",\"url\":\"https:\/\/www.sonoraenequipo.com.mx\/\",\"logo\":{\"@type\":\"ImageObject\",\"inLanguage\":\"es\",\"@id\":\"https:\/\/www.sonoraenequipo.com.mx\/#\/schema\/logo\/image\/\",\"url\":\"https:\/\/www.sonoraenequipo.com.mx\/storage\/2019\/01\/sonoraenequipo_opt.png\",\"contentUrl\":\"https:\/\/www.sonoraenequipo.com.mx\/storage\/2019\/01\/sonoraenequipo_opt.png\",\"width\":375,\"height\":125,\"caption\":\"Sonoraenequipo.com.mx\"},\"image\":{\"@id\":\"https:\/\/www.sonoraenequipo.com.mx\/#\/schema\/logo\/image\/\"},\"sameAs\":[\"https:\/\/www.facebook.com\/SonoraEE\/\",\"https:\/\/x.com\/sonoraenequipo\",\"https:\/\/www.youtube.com\/channel\/UC338nW-lPEYmJQs4ZABQ1SQ\"]},{\"@type\":\"Person\",\"@id\":\"https:\/\/www.sonoraenequipo.com.mx\/#\/schema\/person\/50102df0fb23a8fa9e8effad8fa81386\",\"name\":\"enequipo\",\"image\":{\"@type\":\"ImageObject\",\"inLanguage\":\"es\",\"@id\":\"https:\/\/www.sonoraenequipo.com.mx\/#\/schema\/person\/image\/\",\"url\":\"https:\/\/secure.gravatar.com\/avatar\/049821681b589dabc0bc20695993ccebb09f5b5d4d790cd9251b97faac7c652b?s=96&d=blank&r=g\",\"contentUrl\":\"https:\/\/secure.gravatar.com\/avatar\/049821681b589dabc0bc20695993ccebb09f5b5d4d790cd9251b97faac7c652b?s=96&d=blank&r=g\",\"caption\":\"enequipo\"},\"sameAs\":[\"https:\/\/www.facebook.com\/SonoraEE\"]}]}<\/script>\n ","yoast_head_json":{"title":"Sonora en Equipo. Plantea Morena reformas para facilitar la rifa del avi\u00f3n presidencial Rep\u00fablica","description":"CIUDAD DE M\u00c9XICO. MX. \u2014 Los diputados de Morena en la C\u00e1mara de Diputados presentaron una serie de reformas para que el avi\u00f3n presidencial Jos\u00e9 Mar\u00eda En Sonora en Equipo publicamos toda la informaci\u00f3n de Sonora, M\u00e9xico y el Mundo de manera oportuna y busca que la libertad de expresi\u00f3n sea real. Visita nuestro medio informativo publicado desde Hermosillo, Sonora. %","robots":{"index":"index","follow":"follow","max-snippet":"max-snippet:-1","max-image-preview":"max-image-preview:large","max-video-preview":"max-video-preview:-1"},"canonical":"https:\/\/www.sonoraenequipo.com.mx\/plantea-morena-reformas-para-facilitar-la-rifa-del-avion-presidencial\/","og_locale":"es_ES","og_type":"article","og_title":"Sonora en Equipo. Plantea Morena reformas para facilitar la rifa del avi\u00f3n presidencial Rep\u00fablica","og_description":"CIUDAD DE M\u00c9XICO. MX. \u2014 Los diputados de Morena en la C\u00e1mara de Diputados presentaron una serie de reformas para que el avi\u00f3n presidencial Jos\u00e9 Mar\u00eda En Sonora en Equipo publicamos toda la informaci\u00f3n de Sonora, M\u00e9xico y el Mundo de manera oportuna y busca que la libertad de expresi\u00f3n sea real. Visita nuestro medio informativo publicado desde Hermosillo, Sonora. %","og_url":"https:\/\/www.sonoraenequipo.com.mx\/plantea-morena-reformas-para-facilitar-la-rifa-del-avion-presidencial\/","og_site_name":"Sonora en Equipo.","article_publisher":"https:\/\/www.facebook.com\/SonoraEE\/","article_author":"https:\/\/www.facebook.com\/SonoraEE","article_published_time":"2020-02-06T02:15:16+00:00","og_image":[{"width":1065,"height":600,"url":"https:\/\/www.sonoraenequipo.com.mx\/storage\/2020\/02\/avion-presidencial_opt1.jpg","type":"image\/jpeg"}],"author":"enequipo","twitter_card":"summary_large_image","twitter_creator":"@sonoraenequipo","twitter_site":"@sonoraenequipo","twitter_misc":{"Escrito por":"enequipo","Tiempo de lectura":"2 minutos"},"schema":{"@context":"https:\/\/schema.org","@graph":[{"@type":"Article","@id":"https:\/\/www.sonoraenequipo.com.mx\/plantea-morena-reformas-para-facilitar-la-rifa-del-avion-presidencial\/#article","isPartOf":{"@id":"https:\/\/www.sonoraenequipo.com.mx\/plantea-morena-reformas-para-facilitar-la-rifa-del-avion-presidencial\/"},"author":{"name":"enequipo","@id":"https:\/\/www.sonoraenequipo.com.mx\/#\/schema\/person\/50102df0fb23a8fa9e8effad8fa81386"},"headline":"Plantea Morena reformas para facilitar la rifa del avi\u00f3n presidencial","datePublished":"2020-02-06T02:15:16+00:00","mainEntityOfPage":{"@id":"https:\/\/www.sonoraenequipo.com.mx\/plantea-morena-reformas-para-facilitar-la-rifa-del-avion-presidencial\/"},"wordCount":354,"commentCount":0,"publisher":{"@id":"https:\/\/www.sonoraenequipo.com.mx\/#organization"},"image":{"@id":"https:\/\/www.sonoraenequipo.com.mx\/plantea-morena-reformas-para-facilitar-la-rifa-del-avion-presidencial\/#primaryimage"},"thumbnailUrl":"https:\/\/www.sonoraenequipo.com.mx\/storage\/2020\/02\/avion-presidencial_opt1.jpg","articleSection":["Rep\u00fablica"],"inLanguage":"es","potentialAction":[{"@type":"CommentAction","name":"Comment","target":["https:\/\/www.sonoraenequipo.com.mx\/plantea-morena-reformas-para-facilitar-la-rifa-del-avion-presidencial\/#respond"]}]},{"@type":"WebPage","@id":"https:\/\/www.sonoraenequipo.com.mx\/plantea-morena-reformas-para-facilitar-la-rifa-del-avion-presidencial\/","url":"https:\/\/www.sonoraenequipo.com.mx\/plantea-morena-reformas-para-facilitar-la-rifa-del-avion-presidencial\/","name":"Sonora en Equipo. Plantea Morena reformas para facilitar la rifa del avi\u00f3n presidencial Rep\u00fablica","isPartOf":{"@id":"https:\/\/www.sonoraenequipo.com.mx\/#website"},"primaryImageOfPage":{"@id":"https:\/\/www.sonoraenequipo.com.mx\/plantea-morena-reformas-para-facilitar-la-rifa-del-avion-presidencial\/#primaryimage"},"image":{"@id":"https:\/\/www.sonoraenequipo.com.mx\/plantea-morena-reformas-para-facilitar-la-rifa-del-avion-presidencial\/#primaryimage"},"thumbnailUrl":"https:\/\/www.sonoraenequipo.com.mx\/storage\/2020\/02\/avion-presidencial_opt1.jpg","datePublished":"2020-02-06T02:15:16+00:00","description":"CIUDAD DE M\u00c9XICO. MX. \u2014 Los diputados de Morena en la C\u00e1mara de Diputados presentaron una serie de reformas para que el avi\u00f3n presidencial Jos\u00e9 Mar\u00eda En Sonora en Equipo publicamos toda la informaci\u00f3n de Sonora, M\u00e9xico y el Mundo de manera oportuna y busca que la libertad de expresi\u00f3n sea real. Visita nuestro medio informativo publicado desde Hermosillo, Sonora. %","breadcrumb":{"@id":"https:\/\/www.sonoraenequipo.com.mx\/plantea-morena-reformas-para-facilitar-la-rifa-del-avion-presidencial\/#breadcrumb"},"inLanguage":"es","potentialAction":[{"@type":"ReadAction","target":["https:\/\/www.sonoraenequipo.com.mx\/plantea-morena-reformas-para-facilitar-la-rifa-del-avion-presidencial\/"]}]},{"@type":"ImageObject","inLanguage":"es","@id":"https:\/\/www.sonoraenequipo.com.mx\/plantea-morena-reformas-para-facilitar-la-rifa-del-avion-presidencial\/#primaryimage","url":"https:\/\/www.sonoraenequipo.com.mx\/storage\/2020\/02\/avion-presidencial_opt1.jpg","contentUrl":"https:\/\/www.sonoraenequipo.com.mx\/storage\/2020\/02\/avion-presidencial_opt1.jpg","width":1065,"height":600},{"@type":"BreadcrumbList","@id":"https:\/\/www.sonoraenequipo.com.mx\/plantea-morena-reformas-para-facilitar-la-rifa-del-avion-presidencial\/#breadcrumb","itemListElement":[{"@type":"ListItem","position":1,"name":"Portada","item":"https:\/\/www.sonoraenequipo.com.mx\/"},{"@type":"ListItem","position":2,"name":"Plantea Morena reformas para facilitar la rifa del avi\u00f3n presidencial"}]},{"@type":"WebSite","@id":"https:\/\/www.sonoraenequipo.com.mx\/#website","url":"https:\/\/www.sonoraenequipo.com.mx\/","name":"Sonora en Equipo.","description":"Diario en l\u00ednea con Noticias desde Hermosillo, Sonora","publisher":{"@id":"https:\/\/www.sonoraenequipo.com.mx\/#organization"},"potentialAction":[{"@type":"SearchAction","target":{"@type":"EntryPoint","urlTemplate":"https:\/\/www.sonoraenequipo.com.mx\/?s={search_term_string}"},"query-input":{"@type":"PropertyValueSpecification","valueRequired":true,"valueName":"search_term_string"}}],"inLanguage":"es"},{"@type":"Organization","@id":"https:\/\/www.sonoraenequipo.com.mx\/#organization","name":"Sonoraenequipo.com.mx","url":"https:\/\/www.sonoraenequipo.com.mx\/","logo":{"@type":"ImageObject","inLanguage":"es","@id":"https:\/\/www.sonoraenequipo.com.mx\/#\/schema\/logo\/image\/","url":"https:\/\/www.sonoraenequipo.com.mx\/storage\/2019\/01\/sonoraenequipo_opt.png","contentUrl":"https:\/\/www.sonoraenequipo.com.mx\/storage\/2019\/01\/sonoraenequipo_opt.png","width":375,"height":125,"caption":"Sonoraenequipo.com.mx"},"image":{"@id":"https:\/\/www.sonoraenequipo.com.mx\/#\/schema\/logo\/image\/"},"sameAs":["https:\/\/www.facebook.com\/SonoraEE\/","https:\/\/x.com\/sonoraenequipo","https:\/\/www.youtube.com\/channel\/UC338nW-lPEYmJQs4ZABQ1SQ"]},{"@type":"Person","@id":"https:\/\/www.sonoraenequipo.com.mx\/#\/schema\/person\/50102df0fb23a8fa9e8effad8fa81386","name":"enequipo","image":{"@type":"ImageObject","inLanguage":"es","@id":"https:\/\/www.sonoraenequipo.com.mx\/#\/schema\/person\/image\/","url":"https:\/\/secure.gravatar.com\/avatar\/049821681b589dabc0bc20695993ccebb09f5b5d4d790cd9251b97faac7c652b?s=96&d=blank&r=g","contentUrl":"https:\/\/secure.gravatar.com\/avatar\/049821681b589dabc0bc20695993ccebb09f5b5d4d790cd9251b97faac7c652b?s=96&d=blank&r=g","caption":"enequipo"},"sameAs":["https:\/\/www.facebook.com\/SonoraEE"]}]}},"jetpack_featured_media_url":"https:\/\/www.sonoraenequipo.com.mx\/storage\/2020\/02\/avion-presidencial_opt1.jpg","_links":{"self":[{"href":"https:\/\/www.sonoraenequipo.com.mx\/api\/wp\/v2\/posts\/77390","targetHints":{"allow":["GET"]}}],"collection":[{"href":"https:\/\/www.sonoraenequipo.com.mx\/api\/wp\/v2\/posts"}],"about":[{"href":"https:\/\/www.sonoraenequipo.com.mx\/api\/wp\/v2\/types\/post"}],"author":[{"embeddable":true,"href":"https:\/\/www.sonoraenequipo.com.mx\/api\/wp\/v2\/users\/1"}],"replies":[{"embeddable":true,"href":"https:\/\/www.sonoraenequipo.com.mx\/api\/wp\/v2\/comments?post=77390"}],"version-history":[{"count":0,"href":"https:\/\/www.sonoraenequipo.com.mx\/api\/wp\/v2\/posts\/77390\/revisions"}],"wp:featuredmedia":[{"embeddable":true,"href":"https:\/\/www.sonoraenequipo.com.mx\/api\/wp\/v2\/media\/77391"}],"wp:attachment":[{"href":"https:\/\/www.sonoraenequipo.com.mx\/api\/wp\/v2\/media?parent=77390"}],"wp:term":[{"taxonomy":"category","embeddable":true,"href":"https:\/\/www.sonoraenequipo.com.mx\/api\/wp\/v2\/categories?post=77390"},{"taxonomy":"post_tag","embeddable":true,"href":"https:\/\/www.sonoraenequipo.com.mx\/api\/wp\/v2\/tags?post=77390"}],"curies":[{"name":"wp","href":"https:\/\/api.w.org\/{rel}","templated":true}]}}