{"id":77415,"date":"2020-02-05T21:23:06","date_gmt":"2020-02-06T04:23:06","guid":{"rendered":"https:\/\/www.sonoraenequipo.com.mx\/?p=77415"},"modified":"2020-02-05T21:23:06","modified_gmt":"2020-02-06T04:23:06","slug":"celida-lopez-se-reunio-con-sector-hotelero-de-hermosillo","status":"publish","type":"post","link":"https:\/\/www.sonoraenequipo.com.mx\/celida-lopez-se-reunio-con-sector-hotelero-de-hermosillo\/","title":{"rendered":"C\u00e9lida L\u00f3pez se reuni\u00f3 con sector hotelero de Hermosillo"},"content":{"rendered":"<p>&nbsp;<\/p>\n<p>HERMOSILLO, SONORA,MX.\u2500 La alcaldesa Celida L\u00f3pez C\u00e1rdenas present\u00f3 el plan de trabajo del Gobierno Municipal para este 2020 en una\u00a0 reuni\u00f3n con miembros del sector hotelero con quienes estrech\u00f3 lazos para atraer mayor n\u00famero de visitantes a Hermosillo. <\/p>\n<p>&nbsp;<\/p>\n<p>L\u00f3pez C\u00e1rdenas expuso sobre los retos temas de mayor importancia e inter\u00e9s en los que trabaja el Gobierno Municipal, como lo fue la cancelaci\u00f3n de la concesi\u00f3n del alumbrado p\u00fablico, la cual asegur\u00f3 representa a la ciudad un ahorro de 2 mil 361 millones de pesos.<\/p>\n<p>&nbsp;<\/p>\n<p>Inform\u00f3 que otros objetivos principales para este a\u00f1o consisten en atender de fondo el estado de las principales vialidades, la rehabilitaci\u00f3n de la red hidr\u00e1ulica y sanitaria; as\u00ed como la profesionalizaci\u00f3n de la Polic\u00eda.<\/p>\n<p>&nbsp;<\/p>\n<p>Tambi\u00e9n, tener una ciudad sustentable, involucrar a sus habitantes a trav\u00e9s de la consulta ciudadana; atender a familias vulnerables; terminar el Centro de Rehabilitaci\u00f3n y reconstruir el tejido social.<\/p>\n<p>&nbsp;<\/p>\n<p>Entre otros rubros, los hoteleros solicitaron reactivar la Polic\u00eda Tur\u00edstica, respecto a lo cual la mun\u00edcipe mostr\u00f3 inter\u00e9s en analizar la posibilidad de coordinarse con ellos para que vuelva a operar.<\/p>\n<p>&nbsp;<\/p>\n<p>Enla reuni\u00f3n estuvieron tambi\u00e9n Alberto Hern\u00e1ndez Taddey, director de Fomento Econ\u00f3mico y Tur\u00edstico de Hermosillo; Mar\u00eda Antonieta Laso, titular de Promotora Inmobiliaria y Francisco Garc\u00eda K\u00e1ram, director de la Oficina de Convenciones y Visitantes (OCV).<\/p>\n<p>Fecha de publicaci\u00f3n 05\/feb\/2020<\/p>\n<p>&nbsp;<\/p>\n","protected":false},"excerpt":{"rendered":"<p>&nbsp; HERMOSILLO, SONORA,MX.\u2500 La alcaldesa Celida L\u00f3pez C\u00e1rdenas present\u00f3 el plan de trabajo del Gobierno&#8230;<\/p>\n","protected":false},"author":178,"featured_media":77416,"comment_status":"open","ping_status":"open","sticky":false,"template":"","format":"standard","meta":{"_monsterinsights_skip_tracking":false,"_monsterinsights_sitenote_active":false,"_monsterinsights_sitenote_note":"","_monsterinsights_sitenote_category":0,"footnotes":""},"categories":[4],"tags":[2842],"class_list":["post"],"yoast_head":" \n<title>Sonora en Equipo. C\u00e9lida L\u00f3pez se reuni\u00f3 con sector hotelero de Hermosillo Municipios<\/title>\n<meta name=\"description\" content=\"&nbsp; HERMOSILLO, SONORA,MX.\u2500 La alcaldesa Celida L\u00f3pez C\u00e1rdenas present\u00f3 el plan de trabajo del Gobierno Municipal para este 2020 en una\u00a0 reuni\u00f3n con En Sonora en Equipo publicamos toda la informaci\u00f3n de Sonora, M\u00e9xico y el Mundo de manera oportuna y busca que la libertad de expresi\u00f3n sea real. Visita nuestro medio informativo publicado desde Hermosillo, Sonora. %\" \/>\n<meta name=\"robots\" content=\"index, follow, max-snippet:-1, max-image-preview:large, max-video-preview:-1\" \/>\n<link rel=\"canonical\" href=\"https:\/\/www.sonoraenequipo.com.mx\/celida-lopez-se-reunio-con-sector-hotelero-de-hermosillo\/\" \/>\n<meta property=\"og:locale\" content=\"es_ES\" \/>\n<meta property=\"og:type\" content=\"article\" \/>\n<meta property=\"og:title\" content=\"Sonora en Equipo. C\u00e9lida L\u00f3pez se reuni\u00f3 con sector hotelero de Hermosillo Municipios\" \/>\n<meta property=\"og:description\" content=\"&nbsp; HERMOSILLO, SONORA,MX.\u2500 La alcaldesa Celida L\u00f3pez C\u00e1rdenas present\u00f3 el plan de trabajo del Gobierno Municipal para este 2020 en una\u00a0 reuni\u00f3n con En Sonora en Equipo publicamos toda la informaci\u00f3n de Sonora, M\u00e9xico y el Mundo de manera oportuna y busca que la libertad de expresi\u00f3n sea real. Visita nuestro medio informativo publicado desde Hermosillo, Sonora. %\" \/>\n<meta property=\"og:url\" content=\"https:\/\/www.sonoraenequipo.com.mx\/celida-lopez-se-reunio-con-sector-hotelero-de-hermosillo\/\" \/>\n<meta property=\"og:site_name\" content=\"Sonora en Equipo.\" \/>\n<meta property=\"article:publisher\" content=\"https:\/\/www.facebook.com\/SonoraEE\/\" \/>\n<meta property=\"article:published_time\" content=\"2020-02-06T04:23:06+00:00\" \/>\n<meta property=\"og:image\" content=\"https:\/\/www.sonoraenequipo.com.mx\/storage\/2020\/02\/clc-hoteles.jpg\" \/>\n\t<meta property=\"og:image:width\" content=\"600\" \/>\n\t<meta property=\"og:image:height\" content=\"423\" \/>\n\t<meta property=\"og:image:type\" content=\"image\/jpeg\" \/>\n<meta name=\"author\" content=\"enequipo\" \/>\n<meta name=\"twitter:card\" content=\"summary_large_image\" \/>\n<meta name=\"twitter:creator\" content=\"@sonoraenequipo\" \/>\n<meta name=\"twitter:site\" content=\"@sonoraenequipo\" \/>\n<meta name=\"twitter:label1\" content=\"Escrito por\" \/>\n\t<meta name=\"twitter:data1\" content=\"enequipo\" \/>\n\t<meta name=\"twitter:label2\" content=\"Tiempo de lectura\" \/>\n\t<meta name=\"twitter:data2\" content=\"1 minuto\" \/>\n<script type=\"application\/ld+json\" class=\"yoast-schema-graph\">{\"@context\":\"https:\/\/schema.org\",\"@graph\":[{\"@type\":\"Article\",\"@id\":\"https:\/\/www.sonoraenequipo.com.mx\/celida-lopez-se-reunio-con-sector-hotelero-de-hermosillo\/#article\",\"isPartOf\":{\"@id\":\"https:\/\/www.sonoraenequipo.com.mx\/celida-lopez-se-reunio-con-sector-hotelero-de-hermosillo\/\"},\"author\":{\"name\":\"enequipo\",\"@id\":\"https:\/\/www.sonoraenequipo.com.mx\/#\/schema\/person\/61a39de478a1763473ad55e8a95fddf6\"},\"headline\":\"C\u00e9lida L\u00f3pez se reuni\u00f3 con sector hotelero de Hermosillo\",\"datePublished\":\"2020-02-06T04:23:06+00:00\",\"mainEntityOfPage\":{\"@id\":\"https:\/\/www.sonoraenequipo.com.mx\/celida-lopez-se-reunio-con-sector-hotelero-de-hermosillo\/\"},\"wordCount\":264,\"commentCount\":0,\"publisher\":{\"@id\":\"https:\/\/www.sonoraenequipo.com.mx\/#organization\"},\"image\":{\"@id\":\"https:\/\/www.sonoraenequipo.com.mx\/celida-lopez-se-reunio-con-sector-hotelero-de-hermosillo\/#primaryimage\"},\"thumbnailUrl\":\"https:\/\/www.sonoraenequipo.com.mx\/storage\/2020\/02\/clc-hoteles.jpg\",\"keywords\":[\"CELIDA LOPEZ\"],\"articleSection\":[\"Municipios\"],\"inLanguage\":\"es\",\"potentialAction\":[{\"@type\":\"CommentAction\",\"name\":\"Comment\",\"target\":[\"https:\/\/www.sonoraenequipo.com.mx\/celida-lopez-se-reunio-con-sector-hotelero-de-hermosillo\/#respond\"]}]},{\"@type\":\"WebPage\",\"@id\":\"https:\/\/www.sonoraenequipo.com.mx\/celida-lopez-se-reunio-con-sector-hotelero-de-hermosillo\/\",\"url\":\"https:\/\/www.sonoraenequipo.com.mx\/celida-lopez-se-reunio-con-sector-hotelero-de-hermosillo\/\",\"name\":\"Sonora en Equipo. C\u00e9lida L\u00f3pez se reuni\u00f3 con sector hotelero de Hermosillo Municipios\",\"isPartOf\":{\"@id\":\"https:\/\/www.sonoraenequipo.com.mx\/#website\"},\"primaryImageOfPage\":{\"@id\":\"https:\/\/www.sonoraenequipo.com.mx\/celida-lopez-se-reunio-con-sector-hotelero-de-hermosillo\/#primaryimage\"},\"image\":{\"@id\":\"https:\/\/www.sonoraenequipo.com.mx\/celida-lopez-se-reunio-con-sector-hotelero-de-hermosillo\/#primaryimage\"},\"thumbnailUrl\":\"https:\/\/www.sonoraenequipo.com.mx\/storage\/2020\/02\/clc-hoteles.jpg\",\"datePublished\":\"2020-02-06T04:23:06+00:00\",\"description\":\"&nbsp; HERMOSILLO, SONORA,MX.\u2500 La alcaldesa Celida L\u00f3pez C\u00e1rdenas present\u00f3 el plan de trabajo del Gobierno Municipal para este 2020 en una\u00a0 reuni\u00f3n con En Sonora en Equipo publicamos toda la informaci\u00f3n de Sonora, M\u00e9xico y el Mundo de manera oportuna y busca que la libertad de expresi\u00f3n sea real. Visita nuestro medio informativo publicado desde Hermosillo, Sonora. %\",\"breadcrumb\":{\"@id\":\"https:\/\/www.sonoraenequipo.com.mx\/celida-lopez-se-reunio-con-sector-hotelero-de-hermosillo\/#breadcrumb\"},\"inLanguage\":\"es\",\"potentialAction\":[{\"@type\":\"ReadAction\",\"target\":[\"https:\/\/www.sonoraenequipo.com.mx\/celida-lopez-se-reunio-con-sector-hotelero-de-hermosillo\/\"]}]},{\"@type\":\"ImageObject\",\"inLanguage\":\"es\",\"@id\":\"https:\/\/www.sonoraenequipo.com.mx\/celida-lopez-se-reunio-con-sector-hotelero-de-hermosillo\/#primaryimage\",\"url\":\"https:\/\/www.sonoraenequipo.com.mx\/storage\/2020\/02\/clc-hoteles.jpg\",\"contentUrl\":\"https:\/\/www.sonoraenequipo.com.mx\/storage\/2020\/02\/clc-hoteles.jpg\",\"width\":600,\"height\":423},{\"@type\":\"BreadcrumbList\",\"@id\":\"https:\/\/www.sonoraenequipo.com.mx\/celida-lopez-se-reunio-con-sector-hotelero-de-hermosillo\/#breadcrumb\",\"itemListElement\":[{\"@type\":\"ListItem\",\"position\":1,\"name\":\"Portada\",\"item\":\"https:\/\/www.sonoraenequipo.com.mx\/\"},{\"@type\":\"ListItem\",\"position\":2,\"name\":\"C\u00e9lida L\u00f3pez se reuni\u00f3 con sector hotelero de Hermosillo\"}]},{\"@type\":\"WebSite\",\"@id\":\"https:\/\/www.sonoraenequipo.com.mx\/#website\",\"url\":\"https:\/\/www.sonoraenequipo.com.mx\/\",\"name\":\"Sonora en Equipo.\",\"description\":\"Diario en l\u00ednea con Noticias desde Hermosillo, Sonora\",\"publisher\":{\"@id\":\"https:\/\/www.sonoraenequipo.com.mx\/#organization\"},\"potentialAction\":[{\"@type\":\"SearchAction\",\"target\":{\"@type\":\"EntryPoint\",\"urlTemplate\":\"https:\/\/www.sonoraenequipo.com.mx\/?s={search_term_string}\"},\"query-input\":{\"@type\":\"PropertyValueSpecification\",\"valueRequired\":true,\"valueName\":\"search_term_string\"}}],\"inLanguage\":\"es\"},{\"@type\":\"Organization\",\"@id\":\"https:\/\/www.sonoraenequipo.com.mx\/#organization\",\"name\":\"Sonoraenequipo.com.mx\",\"url\":\"https:\/\/www.sonoraenequipo.com.mx\/\",\"logo\":{\"@type\":\"ImageObject\",\"inLanguage\":\"es\",\"@id\":\"https:\/\/www.sonoraenequipo.com.mx\/#\/schema\/logo\/image\/\",\"url\":\"https:\/\/www.sonoraenequipo.com.mx\/storage\/2019\/01\/sonoraenequipo_opt.png\",\"contentUrl\":\"https:\/\/www.sonoraenequipo.com.mx\/storage\/2019\/01\/sonoraenequipo_opt.png\",\"width\":375,\"height\":125,\"caption\":\"Sonoraenequipo.com.mx\"},\"image\":{\"@id\":\"https:\/\/www.sonoraenequipo.com.mx\/#\/schema\/logo\/image\/\"},\"sameAs\":[\"https:\/\/www.facebook.com\/SonoraEE\/\",\"https:\/\/x.com\/sonoraenequipo\",\"https:\/\/www.youtube.com\/channel\/UC338nW-lPEYmJQs4ZABQ1SQ\"]},{\"@type\":\"Person\",\"@id\":\"https:\/\/www.sonoraenequipo.com.mx\/#\/schema\/person\/61a39de478a1763473ad55e8a95fddf6\",\"name\":\"enequipo\",\"image\":{\"@type\":\"ImageObject\",\"inLanguage\":\"es\",\"@id\":\"https:\/\/www.sonoraenequipo.com.mx\/#\/schema\/person\/image\/\",\"url\":\"https:\/\/secure.gravatar.com\/avatar\/e39bc3016d8af598aed3d770c9510dfc2795f37ea1733d99fcc6e97d2c3c9f5e?s=96&d=blank&r=g\",\"contentUrl\":\"https:\/\/secure.gravatar.com\/avatar\/e39bc3016d8af598aed3d770c9510dfc2795f37ea1733d99fcc6e97d2c3c9f5e?s=96&d=blank&r=g\",\"caption\":\"enequipo\"}}]}<\/script>\n ","yoast_head_json":{"title":"Sonora en Equipo. C\u00e9lida L\u00f3pez se reuni\u00f3 con sector hotelero de Hermosillo Municipios","description":"&nbsp; HERMOSILLO, SONORA,MX.\u2500 La alcaldesa Celida L\u00f3pez C\u00e1rdenas present\u00f3 el plan de trabajo del Gobierno Municipal para este 2020 en una\u00a0 reuni\u00f3n con En Sonora en Equipo publicamos toda la informaci\u00f3n de Sonora, M\u00e9xico y el Mundo de manera oportuna y busca que la libertad de expresi\u00f3n sea real. Visita nuestro medio informativo publicado desde Hermosillo, Sonora. %","robots":{"index":"index","follow":"follow","max-snippet":"max-snippet:-1","max-image-preview":"max-image-preview:large","max-video-preview":"max-video-preview:-1"},"canonical":"https:\/\/www.sonoraenequipo.com.mx\/celida-lopez-se-reunio-con-sector-hotelero-de-hermosillo\/","og_locale":"es_ES","og_type":"article","og_title":"Sonora en Equipo. C\u00e9lida L\u00f3pez se reuni\u00f3 con sector hotelero de Hermosillo Municipios","og_description":"&nbsp; HERMOSILLO, SONORA,MX.\u2500 La alcaldesa Celida L\u00f3pez C\u00e1rdenas present\u00f3 el plan de trabajo del Gobierno Municipal para este 2020 en una\u00a0 reuni\u00f3n con En Sonora en Equipo publicamos toda la informaci\u00f3n de Sonora, M\u00e9xico y el Mundo de manera oportuna y busca que la libertad de expresi\u00f3n sea real. Visita nuestro medio informativo publicado desde Hermosillo, Sonora. %","og_url":"https:\/\/www.sonoraenequipo.com.mx\/celida-lopez-se-reunio-con-sector-hotelero-de-hermosillo\/","og_site_name":"Sonora en Equipo.","article_publisher":"https:\/\/www.facebook.com\/SonoraEE\/","article_published_time":"2020-02-06T04:23:06+00:00","og_image":[{"width":600,"height":423,"url":"https:\/\/www.sonoraenequipo.com.mx\/storage\/2020\/02\/clc-hoteles.jpg","type":"image\/jpeg"}],"author":"enequipo","twitter_card":"summary_large_image","twitter_creator":"@sonoraenequipo","twitter_site":"@sonoraenequipo","twitter_misc":{"Escrito por":"enequipo","Tiempo de lectura":"1 minuto"},"schema":{"@context":"https:\/\/schema.org","@graph":[{"@type":"Article","@id":"https:\/\/www.sonoraenequipo.com.mx\/celida-lopez-se-reunio-con-sector-hotelero-de-hermosillo\/#article","isPartOf":{"@id":"https:\/\/www.sonoraenequipo.com.mx\/celida-lopez-se-reunio-con-sector-hotelero-de-hermosillo\/"},"author":{"name":"enequipo","@id":"https:\/\/www.sonoraenequipo.com.mx\/#\/schema\/person\/61a39de478a1763473ad55e8a95fddf6"},"headline":"C\u00e9lida L\u00f3pez se reuni\u00f3 con sector hotelero de Hermosillo","datePublished":"2020-02-06T04:23:06+00:00","mainEntityOfPage":{"@id":"https:\/\/www.sonoraenequipo.com.mx\/celida-lopez-se-reunio-con-sector-hotelero-de-hermosillo\/"},"wordCount":264,"commentCount":0,"publisher":{"@id":"https:\/\/www.sonoraenequipo.com.mx\/#organization"},"image":{"@id":"https:\/\/www.sonoraenequipo.com.mx\/celida-lopez-se-reunio-con-sector-hotelero-de-hermosillo\/#primaryimage"},"thumbnailUrl":"https:\/\/www.sonoraenequipo.com.mx\/storage\/2020\/02\/clc-hoteles.jpg","keywords":["CELIDA LOPEZ"],"articleSection":["Municipios"],"inLanguage":"es","potentialAction":[{"@type":"CommentAction","name":"Comment","target":["https:\/\/www.sonoraenequipo.com.mx\/celida-lopez-se-reunio-con-sector-hotelero-de-hermosillo\/#respond"]}]},{"@type":"WebPage","@id":"https:\/\/www.sonoraenequipo.com.mx\/celida-lopez-se-reunio-con-sector-hotelero-de-hermosillo\/","url":"https:\/\/www.sonoraenequipo.com.mx\/celida-lopez-se-reunio-con-sector-hotelero-de-hermosillo\/","name":"Sonora en Equipo. C\u00e9lida L\u00f3pez se reuni\u00f3 con sector hotelero de Hermosillo Municipios","isPartOf":{"@id":"https:\/\/www.sonoraenequipo.com.mx\/#website"},"primaryImageOfPage":{"@id":"https:\/\/www.sonoraenequipo.com.mx\/celida-lopez-se-reunio-con-sector-hotelero-de-hermosillo\/#primaryimage"},"image":{"@id":"https:\/\/www.sonoraenequipo.com.mx\/celida-lopez-se-reunio-con-sector-hotelero-de-hermosillo\/#primaryimage"},"thumbnailUrl":"https:\/\/www.sonoraenequipo.com.mx\/storage\/2020\/02\/clc-hoteles.jpg","datePublished":"2020-02-06T04:23:06+00:00","description":"&nbsp; HERMOSILLO, SONORA,MX.\u2500 La alcaldesa Celida L\u00f3pez C\u00e1rdenas present\u00f3 el plan de trabajo del Gobierno Municipal para este 2020 en una\u00a0 reuni\u00f3n con En Sonora en Equipo publicamos toda la informaci\u00f3n de Sonora, M\u00e9xico y el Mundo de manera oportuna y busca que la libertad de expresi\u00f3n sea real. Visita nuestro medio informativo publicado desde Hermosillo, Sonora. %","breadcrumb":{"@id":"https:\/\/www.sonoraenequipo.com.mx\/celida-lopez-se-reunio-con-sector-hotelero-de-hermosillo\/#breadcrumb"},"inLanguage":"es","potentialAction":[{"@type":"ReadAction","target":["https:\/\/www.sonoraenequipo.com.mx\/celida-lopez-se-reunio-con-sector-hotelero-de-hermosillo\/"]}]},{"@type":"ImageObject","inLanguage":"es","@id":"https:\/\/www.sonoraenequipo.com.mx\/celida-lopez-se-reunio-con-sector-hotelero-de-hermosillo\/#primaryimage","url":"https:\/\/www.sonoraenequipo.com.mx\/storage\/2020\/02\/clc-hoteles.jpg","contentUrl":"https:\/\/www.sonoraenequipo.com.mx\/storage\/2020\/02\/clc-hoteles.jpg","width":600,"height":423},{"@type":"BreadcrumbList","@id":"https:\/\/www.sonoraenequipo.com.mx\/celida-lopez-se-reunio-con-sector-hotelero-de-hermosillo\/#breadcrumb","itemListElement":[{"@type":"ListItem","position":1,"name":"Portada","item":"https:\/\/www.sonoraenequipo.com.mx\/"},{"@type":"ListItem","position":2,"name":"C\u00e9lida L\u00f3pez se reuni\u00f3 con sector hotelero de Hermosillo"}]},{"@type":"WebSite","@id":"https:\/\/www.sonoraenequipo.com.mx\/#website","url":"https:\/\/www.sonoraenequipo.com.mx\/","name":"Sonora en Equipo.","description":"Diario en l\u00ednea con Noticias desde Hermosillo, Sonora","publisher":{"@id":"https:\/\/www.sonoraenequipo.com.mx\/#organization"},"potentialAction":[{"@type":"SearchAction","target":{"@type":"EntryPoint","urlTemplate":"https:\/\/www.sonoraenequipo.com.mx\/?s={search_term_string}"},"query-input":{"@type":"PropertyValueSpecification","valueRequired":true,"valueName":"search_term_string"}}],"inLanguage":"es"},{"@type":"Organization","@id":"https:\/\/www.sonoraenequipo.com.mx\/#organization","name":"Sonoraenequipo.com.mx","url":"https:\/\/www.sonoraenequipo.com.mx\/","logo":{"@type":"ImageObject","inLanguage":"es","@id":"https:\/\/www.sonoraenequipo.com.mx\/#\/schema\/logo\/image\/","url":"https:\/\/www.sonoraenequipo.com.mx\/storage\/2019\/01\/sonoraenequipo_opt.png","contentUrl":"https:\/\/www.sonoraenequipo.com.mx\/storage\/2019\/01\/sonoraenequipo_opt.png","width":375,"height":125,"caption":"Sonoraenequipo.com.mx"},"image":{"@id":"https:\/\/www.sonoraenequipo.com.mx\/#\/schema\/logo\/image\/"},"sameAs":["https:\/\/www.facebook.com\/SonoraEE\/","https:\/\/x.com\/sonoraenequipo","https:\/\/www.youtube.com\/channel\/UC338nW-lPEYmJQs4ZABQ1SQ"]},{"@type":"Person","@id":"https:\/\/www.sonoraenequipo.com.mx\/#\/schema\/person\/61a39de478a1763473ad55e8a95fddf6","name":"enequipo","image":{"@type":"ImageObject","inLanguage":"es","@id":"https:\/\/www.sonoraenequipo.com.mx\/#\/schema\/person\/image\/","url":"https:\/\/secure.gravatar.com\/avatar\/e39bc3016d8af598aed3d770c9510dfc2795f37ea1733d99fcc6e97d2c3c9f5e?s=96&d=blank&r=g","contentUrl":"https:\/\/secure.gravatar.com\/avatar\/e39bc3016d8af598aed3d770c9510dfc2795f37ea1733d99fcc6e97d2c3c9f5e?s=96&d=blank&r=g","caption":"enequipo"}}]}},"jetpack_featured_media_url":"https:\/\/www.sonoraenequipo.com.mx\/storage\/2020\/02\/clc-hoteles.jpg","_links":{"self":[{"href":"https:\/\/www.sonoraenequipo.com.mx\/api\/wp\/v2\/posts\/77415","targetHints":{"allow":["GET"]}}],"collection":[{"href":"https:\/\/www.sonoraenequipo.com.mx\/api\/wp\/v2\/posts"}],"about":[{"href":"https:\/\/www.sonoraenequipo.com.mx\/api\/wp\/v2\/types\/post"}],"author":[{"embeddable":true,"href":"https:\/\/www.sonoraenequipo.com.mx\/api\/wp\/v2\/users\/178"}],"replies":[{"embeddable":true,"href":"https:\/\/www.sonoraenequipo.com.mx\/api\/wp\/v2\/comments?post=77415"}],"version-history":[{"count":0,"href":"https:\/\/www.sonoraenequipo.com.mx\/api\/wp\/v2\/posts\/77415\/revisions"}],"wp:featuredmedia":[{"embeddable":true,"href":"https:\/\/www.sonoraenequipo.com.mx\/api\/wp\/v2\/media\/77416"}],"wp:attachment":[{"href":"https:\/\/www.sonoraenequipo.com.mx\/api\/wp\/v2\/media?parent=77415"}],"wp:term":[{"taxonomy":"category","embeddable":true,"href":"https:\/\/www.sonoraenequipo.com.mx\/api\/wp\/v2\/categories?post=77415"},{"taxonomy":"post_tag","embeddable":true,"href":"https:\/\/www.sonoraenequipo.com.mx\/api\/wp\/v2\/tags?post=77415"}],"curies":[{"name":"wp","href":"https:\/\/api.w.org\/{rel}","templated":true}]}}