{"id":77463,"date":"2020-02-06T14:16:42","date_gmt":"2020-02-06T21:16:42","guid":{"rendered":"https:\/\/www.sonoraenequipo.com.mx\/?p=77463"},"modified":"2020-02-06T14:16:42","modified_gmt":"2020-02-06T21:16:42","slug":"aprueba-comision-emitir-convocatoria-para-integrar-consejo-estatal-ciudadano-de-la-comision-de-busqueda","status":"publish","type":"post","link":"https:\/\/www.sonoraenequipo.com.mx\/aprueba-comision-emitir-convocatoria-para-integrar-consejo-estatal-ciudadano-de-la-comision-de-busqueda\/","title":{"rendered":"Aprueba comisi\u00f3n emitir convocatoria para integrar Consejo Estatal Ciudadano de la Comisi\u00f3n de B\u00fasqueda"},"content":{"rendered":"<p>HERMOSILLO, SONORA,MX.\u2500 El proyecto de dictamen de la iniciativa con punto de Acuerdo mediante la cual se emite la convocatoria para la integraci\u00f3n del Consejo Estatal Ciudadano de la Comisi\u00f3n de B\u00fasqueda, aprobaron los diputados de la Comisi\u00f3n de Justicia y Derechos Humanos, y recibieron el segundo informe de actividades de manos del presidente de la Comisi\u00f3n Estatal de los Derechos Humanos. <\/p>\n<p>El diputado Jes\u00fas Eduardo Urbina Lucero, presidente de la Comisi\u00f3n dictaminadora, al someter a consideraci\u00f3n la iniciativa, explic\u00f3 que el Consejo Estatal Ciudadano de la Comisi\u00f3n de B\u00fasqueda tendr\u00e1 entre sus atribuciones ser consejero de la Comisi\u00f3n de B\u00fasqueda.<\/p>\n<p>&nbsp;<\/p>\n<p>Explic\u00f3 que se integrar\u00e1 por siete personas y que se compondr\u00e1 de la siguiente forma: dos familiares de personas desaparecidas o no localizadas; tres especialistas de los cuales, uno tiene que ser en materia forense; y dos representantes de organizaciones de la sociedad civil vinculados con el tema de b\u00fasqueda de personas desaparecidas o no localizadas.<\/p>\n<p>\u201cLa calendarizaci\u00f3n para este proceso, de aprobarse el pr\u00f3ximo martes en el Pleno, es la siguiente: 12 de febrero se emite la convocatoria; del 12 al 18 la socializaci\u00f3n; el d\u00eda 21 inicia el registro de aspirantes y entrega de documentaci\u00f3n en Oficial\u00eda de Partes de esta Soberan\u00eda; el 24 se har\u00e1 p\u00fablico el registro de aspirantes a trav\u00e9s de un micrositio; del 24 al 26 de febrero se abrir\u00e1 tiempo para recibir comentarios y objeciones de manera formal en Oficial\u00eda de Partes; y los d\u00edas 27 y 28 de febrero se realizar\u00e1n las entrevistas con los postulantes en el seno de la Comisi\u00f3n\u201d, detall\u00f3.<\/p>\n<p>Agreg\u00f3 que el periodo del cargo a ocupar es por tres a\u00f1os, honorario, sin derecho a reelecci\u00f3n, basado en los requisitos de Ley.<\/p>\n<p>Acto seguido, el diputado Urbina Lucero cedi\u00f3 el uso de la voz a Pedro Gabriel Gonz\u00e1lez Avil\u00e9s, presidente de la Comisi\u00f3n Estatal de Derechos Humanos, quien hizo entrega del documento en el que se muestran las acciones realizadas durante el a\u00f1o 2019.<\/p>\n<p>Gonz\u00e1lez Avil\u00e9s detall\u00f3 dichas acciones realizadas durante el a\u00f1o pasado, en las que destac\u00f3 que m\u00e1s de 50 mil ciudadanos fueron capacitados y se sumaron a la cultura de respeto y la paz en Sonora.<\/p>\n<p>A la reuni\u00f3n asistieron como invitados especiales Luis Carlos Soto Guti\u00e9rrez, representante de la Secretar\u00eda de Gobierno, y C\u00e9sar Sa\u00fal Garc\u00eda Acosta, Magistrado del Supremo Tribunal de Justicia del Estado.<\/p>\n<p>Tambi\u00e9n los diputados Alicia Gayt\u00e1n S\u00e1nchez, Leticia Calder\u00f3n Fuentes, Luis Armando Alcal\u00e1 Alcaraz, Francisco Javier Duarte Flores, Miguel \u00c1ngel Chaira Ortiz, Magdalena Uribe Pe\u00f1a, H\u00e9ctor Ra\u00fal Castelo Monta\u00f1o, L\u00e1zaro Espinoza Mend\u00edvil y Filem\u00f3n Ortega Quintos.<\/p>\n<p>El proyecto de dictamen aprobado ser\u00e1 enviado a la Comisi\u00f3n de R\u00e9gimen Interno y Concertaci\u00f3n Pol\u00edtica para que sea incluido en el orden del d\u00eda de una pr\u00f3xima sesi\u00f3n.<\/p>\n<p>Fecha de publicaci\u00f3n 06\/feb\/2020<\/p>\n<p>&nbsp;<\/p>\n","protected":false},"excerpt":{"rendered":"<p>HERMOSILLO, SONORA,MX.\u2500 El proyecto de dictamen de la iniciativa con punto de Acuerdo mediante la&#8230;<\/p>\n","protected":false},"author":178,"featured_media":77466,"comment_status":"open","ping_status":"open","sticky":false,"template":"","format":"standard","meta":{"_monsterinsights_skip_tracking":false,"_monsterinsights_sitenote_active":false,"_monsterinsights_sitenote_note":"","_monsterinsights_sitenote_category":0,"footnotes":""},"categories":[3281],"tags":[4107],"class_list":["post"],"yoast_head":" \n<title>Sonora en Equipo. Aprueba comisi\u00f3n emitir convocatoria para integrar Consejo Estatal Ciudadano de la Comisi\u00f3n de B\u00fasqueda Congreso<\/title>\n<meta name=\"description\" content=\"HERMOSILLO, SONORA,MX.\u2500 El proyecto de dictamen de la iniciativa con punto de Acuerdo mediante la cual se emite la convocatoria para la integraci\u00f3n del En Sonora en Equipo publicamos toda la informaci\u00f3n de Sonora, M\u00e9xico y el Mundo de manera oportuna y busca que la libertad de expresi\u00f3n sea real. Visita nuestro medio informativo publicado desde Hermosillo, Sonora. %\" \/>\n<meta name=\"robots\" content=\"index, follow, max-snippet:-1, max-image-preview:large, max-video-preview:-1\" \/>\n<link rel=\"canonical\" href=\"https:\/\/www.sonoraenequipo.com.mx\/aprueba-comision-emitir-convocatoria-para-integrar-consejo-estatal-ciudadano-de-la-comision-de-busqueda\/\" \/>\n<meta property=\"og:locale\" content=\"es_ES\" \/>\n<meta property=\"og:type\" content=\"article\" \/>\n<meta property=\"og:title\" content=\"Sonora en Equipo. Aprueba comisi\u00f3n emitir convocatoria para integrar Consejo Estatal Ciudadano de la Comisi\u00f3n de B\u00fasqueda Congreso\" \/>\n<meta property=\"og:description\" content=\"HERMOSILLO, SONORA,MX.\u2500 El proyecto de dictamen de la iniciativa con punto de Acuerdo mediante la cual se emite la convocatoria para la integraci\u00f3n del En Sonora en Equipo publicamos toda la informaci\u00f3n de Sonora, M\u00e9xico y el Mundo de manera oportuna y busca que la libertad de expresi\u00f3n sea real. Visita nuestro medio informativo publicado desde Hermosillo, Sonora. %\" \/>\n<meta property=\"og:url\" content=\"https:\/\/www.sonoraenequipo.com.mx\/aprueba-comision-emitir-convocatoria-para-integrar-consejo-estatal-ciudadano-de-la-comision-de-busqueda\/\" \/>\n<meta property=\"og:site_name\" content=\"Sonora en Equipo.\" \/>\n<meta property=\"article:publisher\" content=\"https:\/\/www.facebook.com\/SonoraEE\/\" \/>\n<meta property=\"article:published_time\" content=\"2020-02-06T21:16:42+00:00\" \/>\n<meta property=\"og:image\" content=\"https:\/\/www.sonoraenequipo.com.mx\/storage\/2020\/02\/com-der-hum.jpg\" \/>\n\t<meta property=\"og:image:width\" content=\"600\" \/>\n\t<meta property=\"og:image:height\" content=\"400\" \/>\n\t<meta property=\"og:image:type\" content=\"image\/jpeg\" \/>\n<meta name=\"author\" content=\"enequipo\" \/>\n<meta name=\"twitter:card\" content=\"summary_large_image\" \/>\n<meta name=\"twitter:creator\" content=\"@sonoraenequipo\" \/>\n<meta name=\"twitter:site\" content=\"@sonoraenequipo\" \/>\n<meta name=\"twitter:label1\" content=\"Escrito por\" \/>\n\t<meta name=\"twitter:data1\" content=\"enequipo\" \/>\n\t<meta name=\"twitter:label2\" content=\"Tiempo de lectura\" \/>\n\t<meta name=\"twitter:data2\" content=\"3 minutos\" \/>\n<script type=\"application\/ld+json\" class=\"yoast-schema-graph\">{\"@context\":\"https:\/\/schema.org\",\"@graph\":[{\"@type\":\"Article\",\"@id\":\"https:\/\/www.sonoraenequipo.com.mx\/aprueba-comision-emitir-convocatoria-para-integrar-consejo-estatal-ciudadano-de-la-comision-de-busqueda\/#article\",\"isPartOf\":{\"@id\":\"https:\/\/www.sonoraenequipo.com.mx\/aprueba-comision-emitir-convocatoria-para-integrar-consejo-estatal-ciudadano-de-la-comision-de-busqueda\/\"},\"author\":{\"name\":\"enequipo\",\"@id\":\"https:\/\/www.sonoraenequipo.com.mx\/#\/schema\/person\/61a39de478a1763473ad55e8a95fddf6\"},\"headline\":\"Aprueba comisi\u00f3n emitir convocatoria para integrar Consejo Estatal Ciudadano de la Comisi\u00f3n de B\u00fasqueda\",\"datePublished\":\"2020-02-06T21:16:42+00:00\",\"mainEntityOfPage\":{\"@id\":\"https:\/\/www.sonoraenequipo.com.mx\/aprueba-comision-emitir-convocatoria-para-integrar-consejo-estatal-ciudadano-de-la-comision-de-busqueda\/\"},\"wordCount\":530,\"commentCount\":0,\"publisher\":{\"@id\":\"https:\/\/www.sonoraenequipo.com.mx\/#organization\"},\"image\":{\"@id\":\"https:\/\/www.sonoraenequipo.com.mx\/aprueba-comision-emitir-convocatoria-para-integrar-consejo-estatal-ciudadano-de-la-comision-de-busqueda\/#primaryimage\"},\"thumbnailUrl\":\"https:\/\/www.sonoraenequipo.com.mx\/storage\/2020\/02\/com-der-hum.jpg\",\"keywords\":[\"Comisi\u00f3n de B\u00fasqueda\"],\"articleSection\":[\"Congreso\"],\"inLanguage\":\"es\",\"potentialAction\":[{\"@type\":\"CommentAction\",\"name\":\"Comment\",\"target\":[\"https:\/\/www.sonoraenequipo.com.mx\/aprueba-comision-emitir-convocatoria-para-integrar-consejo-estatal-ciudadano-de-la-comision-de-busqueda\/#respond\"]}]},{\"@type\":\"WebPage\",\"@id\":\"https:\/\/www.sonoraenequipo.com.mx\/aprueba-comision-emitir-convocatoria-para-integrar-consejo-estatal-ciudadano-de-la-comision-de-busqueda\/\",\"url\":\"https:\/\/www.sonoraenequipo.com.mx\/aprueba-comision-emitir-convocatoria-para-integrar-consejo-estatal-ciudadano-de-la-comision-de-busqueda\/\",\"name\":\"Sonora en Equipo. Aprueba comisi\u00f3n emitir convocatoria para integrar Consejo Estatal Ciudadano de la Comisi\u00f3n de B\u00fasqueda Congreso\",\"isPartOf\":{\"@id\":\"https:\/\/www.sonoraenequipo.com.mx\/#website\"},\"primaryImageOfPage\":{\"@id\":\"https:\/\/www.sonoraenequipo.com.mx\/aprueba-comision-emitir-convocatoria-para-integrar-consejo-estatal-ciudadano-de-la-comision-de-busqueda\/#primaryimage\"},\"image\":{\"@id\":\"https:\/\/www.sonoraenequipo.com.mx\/aprueba-comision-emitir-convocatoria-para-integrar-consejo-estatal-ciudadano-de-la-comision-de-busqueda\/#primaryimage\"},\"thumbnailUrl\":\"https:\/\/www.sonoraenequipo.com.mx\/storage\/2020\/02\/com-der-hum.jpg\",\"datePublished\":\"2020-02-06T21:16:42+00:00\",\"description\":\"HERMOSILLO, SONORA,MX.\u2500 El proyecto de dictamen de la iniciativa con punto de Acuerdo mediante la cual se emite la convocatoria para la integraci\u00f3n del En Sonora en Equipo publicamos toda la informaci\u00f3n de Sonora, M\u00e9xico y el Mundo de manera oportuna y busca que la libertad de expresi\u00f3n sea real. Visita nuestro medio informativo publicado desde Hermosillo, Sonora. %\",\"breadcrumb\":{\"@id\":\"https:\/\/www.sonoraenequipo.com.mx\/aprueba-comision-emitir-convocatoria-para-integrar-consejo-estatal-ciudadano-de-la-comision-de-busqueda\/#breadcrumb\"},\"inLanguage\":\"es\",\"potentialAction\":[{\"@type\":\"ReadAction\",\"target\":[\"https:\/\/www.sonoraenequipo.com.mx\/aprueba-comision-emitir-convocatoria-para-integrar-consejo-estatal-ciudadano-de-la-comision-de-busqueda\/\"]}]},{\"@type\":\"ImageObject\",\"inLanguage\":\"es\",\"@id\":\"https:\/\/www.sonoraenequipo.com.mx\/aprueba-comision-emitir-convocatoria-para-integrar-consejo-estatal-ciudadano-de-la-comision-de-busqueda\/#primaryimage\",\"url\":\"https:\/\/www.sonoraenequipo.com.mx\/storage\/2020\/02\/com-der-hum.jpg\",\"contentUrl\":\"https:\/\/www.sonoraenequipo.com.mx\/storage\/2020\/02\/com-der-hum.jpg\",\"width\":600,\"height\":400},{\"@type\":\"BreadcrumbList\",\"@id\":\"https:\/\/www.sonoraenequipo.com.mx\/aprueba-comision-emitir-convocatoria-para-integrar-consejo-estatal-ciudadano-de-la-comision-de-busqueda\/#breadcrumb\",\"itemListElement\":[{\"@type\":\"ListItem\",\"position\":1,\"name\":\"Portada\",\"item\":\"https:\/\/www.sonoraenequipo.com.mx\/\"},{\"@type\":\"ListItem\",\"position\":2,\"name\":\"Aprueba comisi\u00f3n emitir convocatoria para integrar Consejo Estatal Ciudadano de la Comisi\u00f3n de B\u00fasqueda\"}]},{\"@type\":\"WebSite\",\"@id\":\"https:\/\/www.sonoraenequipo.com.mx\/#website\",\"url\":\"https:\/\/www.sonoraenequipo.com.mx\/\",\"name\":\"Sonora en Equipo.\",\"description\":\"Diario en l\u00ednea con Noticias desde Hermosillo, Sonora\",\"publisher\":{\"@id\":\"https:\/\/www.sonoraenequipo.com.mx\/#organization\"},\"potentialAction\":[{\"@type\":\"SearchAction\",\"target\":{\"@type\":\"EntryPoint\",\"urlTemplate\":\"https:\/\/www.sonoraenequipo.com.mx\/?s={search_term_string}\"},\"query-input\":{\"@type\":\"PropertyValueSpecification\",\"valueRequired\":true,\"valueName\":\"search_term_string\"}}],\"inLanguage\":\"es\"},{\"@type\":\"Organization\",\"@id\":\"https:\/\/www.sonoraenequipo.com.mx\/#organization\",\"name\":\"Sonoraenequipo.com.mx\",\"url\":\"https:\/\/www.sonoraenequipo.com.mx\/\",\"logo\":{\"@type\":\"ImageObject\",\"inLanguage\":\"es\",\"@id\":\"https:\/\/www.sonoraenequipo.com.mx\/#\/schema\/logo\/image\/\",\"url\":\"https:\/\/www.sonoraenequipo.com.mx\/storage\/2019\/01\/sonoraenequipo_opt.png\",\"contentUrl\":\"https:\/\/www.sonoraenequipo.com.mx\/storage\/2019\/01\/sonoraenequipo_opt.png\",\"width\":375,\"height\":125,\"caption\":\"Sonoraenequipo.com.mx\"},\"image\":{\"@id\":\"https:\/\/www.sonoraenequipo.com.mx\/#\/schema\/logo\/image\/\"},\"sameAs\":[\"https:\/\/www.facebook.com\/SonoraEE\/\",\"https:\/\/x.com\/sonoraenequipo\",\"https:\/\/www.youtube.com\/channel\/UC338nW-lPEYmJQs4ZABQ1SQ\"]},{\"@type\":\"Person\",\"@id\":\"https:\/\/www.sonoraenequipo.com.mx\/#\/schema\/person\/61a39de478a1763473ad55e8a95fddf6\",\"name\":\"enequipo\",\"image\":{\"@type\":\"ImageObject\",\"inLanguage\":\"es\",\"@id\":\"https:\/\/www.sonoraenequipo.com.mx\/#\/schema\/person\/image\/\",\"url\":\"https:\/\/secure.gravatar.com\/avatar\/e39bc3016d8af598aed3d770c9510dfc2795f37ea1733d99fcc6e97d2c3c9f5e?s=96&d=blank&r=g\",\"contentUrl\":\"https:\/\/secure.gravatar.com\/avatar\/e39bc3016d8af598aed3d770c9510dfc2795f37ea1733d99fcc6e97d2c3c9f5e?s=96&d=blank&r=g\",\"caption\":\"enequipo\"}}]}<\/script>\n ","yoast_head_json":{"title":"Sonora en Equipo. Aprueba comisi\u00f3n emitir convocatoria para integrar Consejo Estatal Ciudadano de la Comisi\u00f3n de B\u00fasqueda Congreso","description":"HERMOSILLO, SONORA,MX.\u2500 El proyecto de dictamen de la iniciativa con punto de Acuerdo mediante la cual se emite la convocatoria para la integraci\u00f3n del En Sonora en Equipo publicamos toda la informaci\u00f3n de Sonora, M\u00e9xico y el Mundo de manera oportuna y busca que la libertad de expresi\u00f3n sea real. Visita nuestro medio informativo publicado desde Hermosillo, Sonora. %","robots":{"index":"index","follow":"follow","max-snippet":"max-snippet:-1","max-image-preview":"max-image-preview:large","max-video-preview":"max-video-preview:-1"},"canonical":"https:\/\/www.sonoraenequipo.com.mx\/aprueba-comision-emitir-convocatoria-para-integrar-consejo-estatal-ciudadano-de-la-comision-de-busqueda\/","og_locale":"es_ES","og_type":"article","og_title":"Sonora en Equipo. Aprueba comisi\u00f3n emitir convocatoria para integrar Consejo Estatal Ciudadano de la Comisi\u00f3n de B\u00fasqueda Congreso","og_description":"HERMOSILLO, SONORA,MX.\u2500 El proyecto de dictamen de la iniciativa con punto de Acuerdo mediante la cual se emite la convocatoria para la integraci\u00f3n del En Sonora en Equipo publicamos toda la informaci\u00f3n de Sonora, M\u00e9xico y el Mundo de manera oportuna y busca que la libertad de expresi\u00f3n sea real. Visita nuestro medio informativo publicado desde Hermosillo, Sonora. %","og_url":"https:\/\/www.sonoraenequipo.com.mx\/aprueba-comision-emitir-convocatoria-para-integrar-consejo-estatal-ciudadano-de-la-comision-de-busqueda\/","og_site_name":"Sonora en Equipo.","article_publisher":"https:\/\/www.facebook.com\/SonoraEE\/","article_published_time":"2020-02-06T21:16:42+00:00","og_image":[{"width":600,"height":400,"url":"https:\/\/www.sonoraenequipo.com.mx\/storage\/2020\/02\/com-der-hum.jpg","type":"image\/jpeg"}],"author":"enequipo","twitter_card":"summary_large_image","twitter_creator":"@sonoraenequipo","twitter_site":"@sonoraenequipo","twitter_misc":{"Escrito por":"enequipo","Tiempo de lectura":"3 minutos"},"schema":{"@context":"https:\/\/schema.org","@graph":[{"@type":"Article","@id":"https:\/\/www.sonoraenequipo.com.mx\/aprueba-comision-emitir-convocatoria-para-integrar-consejo-estatal-ciudadano-de-la-comision-de-busqueda\/#article","isPartOf":{"@id":"https:\/\/www.sonoraenequipo.com.mx\/aprueba-comision-emitir-convocatoria-para-integrar-consejo-estatal-ciudadano-de-la-comision-de-busqueda\/"},"author":{"name":"enequipo","@id":"https:\/\/www.sonoraenequipo.com.mx\/#\/schema\/person\/61a39de478a1763473ad55e8a95fddf6"},"headline":"Aprueba comisi\u00f3n emitir convocatoria para integrar Consejo Estatal Ciudadano de la Comisi\u00f3n de B\u00fasqueda","datePublished":"2020-02-06T21:16:42+00:00","mainEntityOfPage":{"@id":"https:\/\/www.sonoraenequipo.com.mx\/aprueba-comision-emitir-convocatoria-para-integrar-consejo-estatal-ciudadano-de-la-comision-de-busqueda\/"},"wordCount":530,"commentCount":0,"publisher":{"@id":"https:\/\/www.sonoraenequipo.com.mx\/#organization"},"image":{"@id":"https:\/\/www.sonoraenequipo.com.mx\/aprueba-comision-emitir-convocatoria-para-integrar-consejo-estatal-ciudadano-de-la-comision-de-busqueda\/#primaryimage"},"thumbnailUrl":"https:\/\/www.sonoraenequipo.com.mx\/storage\/2020\/02\/com-der-hum.jpg","keywords":["Comisi\u00f3n de B\u00fasqueda"],"articleSection":["Congreso"],"inLanguage":"es","potentialAction":[{"@type":"CommentAction","name":"Comment","target":["https:\/\/www.sonoraenequipo.com.mx\/aprueba-comision-emitir-convocatoria-para-integrar-consejo-estatal-ciudadano-de-la-comision-de-busqueda\/#respond"]}]},{"@type":"WebPage","@id":"https:\/\/www.sonoraenequipo.com.mx\/aprueba-comision-emitir-convocatoria-para-integrar-consejo-estatal-ciudadano-de-la-comision-de-busqueda\/","url":"https:\/\/www.sonoraenequipo.com.mx\/aprueba-comision-emitir-convocatoria-para-integrar-consejo-estatal-ciudadano-de-la-comision-de-busqueda\/","name":"Sonora en Equipo. Aprueba comisi\u00f3n emitir convocatoria para integrar Consejo Estatal Ciudadano de la Comisi\u00f3n de B\u00fasqueda Congreso","isPartOf":{"@id":"https:\/\/www.sonoraenequipo.com.mx\/#website"},"primaryImageOfPage":{"@id":"https:\/\/www.sonoraenequipo.com.mx\/aprueba-comision-emitir-convocatoria-para-integrar-consejo-estatal-ciudadano-de-la-comision-de-busqueda\/#primaryimage"},"image":{"@id":"https:\/\/www.sonoraenequipo.com.mx\/aprueba-comision-emitir-convocatoria-para-integrar-consejo-estatal-ciudadano-de-la-comision-de-busqueda\/#primaryimage"},"thumbnailUrl":"https:\/\/www.sonoraenequipo.com.mx\/storage\/2020\/02\/com-der-hum.jpg","datePublished":"2020-02-06T21:16:42+00:00","description":"HERMOSILLO, SONORA,MX.\u2500 El proyecto de dictamen de la iniciativa con punto de Acuerdo mediante la cual se emite la convocatoria para la integraci\u00f3n del En Sonora en Equipo publicamos toda la informaci\u00f3n de Sonora, M\u00e9xico y el Mundo de manera oportuna y busca que la libertad de expresi\u00f3n sea real. Visita nuestro medio informativo publicado desde Hermosillo, Sonora. %","breadcrumb":{"@id":"https:\/\/www.sonoraenequipo.com.mx\/aprueba-comision-emitir-convocatoria-para-integrar-consejo-estatal-ciudadano-de-la-comision-de-busqueda\/#breadcrumb"},"inLanguage":"es","potentialAction":[{"@type":"ReadAction","target":["https:\/\/www.sonoraenequipo.com.mx\/aprueba-comision-emitir-convocatoria-para-integrar-consejo-estatal-ciudadano-de-la-comision-de-busqueda\/"]}]},{"@type":"ImageObject","inLanguage":"es","@id":"https:\/\/www.sonoraenequipo.com.mx\/aprueba-comision-emitir-convocatoria-para-integrar-consejo-estatal-ciudadano-de-la-comision-de-busqueda\/#primaryimage","url":"https:\/\/www.sonoraenequipo.com.mx\/storage\/2020\/02\/com-der-hum.jpg","contentUrl":"https:\/\/www.sonoraenequipo.com.mx\/storage\/2020\/02\/com-der-hum.jpg","width":600,"height":400},{"@type":"BreadcrumbList","@id":"https:\/\/www.sonoraenequipo.com.mx\/aprueba-comision-emitir-convocatoria-para-integrar-consejo-estatal-ciudadano-de-la-comision-de-busqueda\/#breadcrumb","itemListElement":[{"@type":"ListItem","position":1,"name":"Portada","item":"https:\/\/www.sonoraenequipo.com.mx\/"},{"@type":"ListItem","position":2,"name":"Aprueba comisi\u00f3n emitir convocatoria para integrar Consejo Estatal Ciudadano de la Comisi\u00f3n de B\u00fasqueda"}]},{"@type":"WebSite","@id":"https:\/\/www.sonoraenequipo.com.mx\/#website","url":"https:\/\/www.sonoraenequipo.com.mx\/","name":"Sonora en Equipo.","description":"Diario en l\u00ednea con Noticias desde Hermosillo, Sonora","publisher":{"@id":"https:\/\/www.sonoraenequipo.com.mx\/#organization"},"potentialAction":[{"@type":"SearchAction","target":{"@type":"EntryPoint","urlTemplate":"https:\/\/www.sonoraenequipo.com.mx\/?s={search_term_string}"},"query-input":{"@type":"PropertyValueSpecification","valueRequired":true,"valueName":"search_term_string"}}],"inLanguage":"es"},{"@type":"Organization","@id":"https:\/\/www.sonoraenequipo.com.mx\/#organization","name":"Sonoraenequipo.com.mx","url":"https:\/\/www.sonoraenequipo.com.mx\/","logo":{"@type":"ImageObject","inLanguage":"es","@id":"https:\/\/www.sonoraenequipo.com.mx\/#\/schema\/logo\/image\/","url":"https:\/\/www.sonoraenequipo.com.mx\/storage\/2019\/01\/sonoraenequipo_opt.png","contentUrl":"https:\/\/www.sonoraenequipo.com.mx\/storage\/2019\/01\/sonoraenequipo_opt.png","width":375,"height":125,"caption":"Sonoraenequipo.com.mx"},"image":{"@id":"https:\/\/www.sonoraenequipo.com.mx\/#\/schema\/logo\/image\/"},"sameAs":["https:\/\/www.facebook.com\/SonoraEE\/","https:\/\/x.com\/sonoraenequipo","https:\/\/www.youtube.com\/channel\/UC338nW-lPEYmJQs4ZABQ1SQ"]},{"@type":"Person","@id":"https:\/\/www.sonoraenequipo.com.mx\/#\/schema\/person\/61a39de478a1763473ad55e8a95fddf6","name":"enequipo","image":{"@type":"ImageObject","inLanguage":"es","@id":"https:\/\/www.sonoraenequipo.com.mx\/#\/schema\/person\/image\/","url":"https:\/\/secure.gravatar.com\/avatar\/e39bc3016d8af598aed3d770c9510dfc2795f37ea1733d99fcc6e97d2c3c9f5e?s=96&d=blank&r=g","contentUrl":"https:\/\/secure.gravatar.com\/avatar\/e39bc3016d8af598aed3d770c9510dfc2795f37ea1733d99fcc6e97d2c3c9f5e?s=96&d=blank&r=g","caption":"enequipo"}}]}},"jetpack_featured_media_url":"https:\/\/www.sonoraenequipo.com.mx\/storage\/2020\/02\/com-der-hum.jpg","_links":{"self":[{"href":"https:\/\/www.sonoraenequipo.com.mx\/api\/wp\/v2\/posts\/77463","targetHints":{"allow":["GET"]}}],"collection":[{"href":"https:\/\/www.sonoraenequipo.com.mx\/api\/wp\/v2\/posts"}],"about":[{"href":"https:\/\/www.sonoraenequipo.com.mx\/api\/wp\/v2\/types\/post"}],"author":[{"embeddable":true,"href":"https:\/\/www.sonoraenequipo.com.mx\/api\/wp\/v2\/users\/178"}],"replies":[{"embeddable":true,"href":"https:\/\/www.sonoraenequipo.com.mx\/api\/wp\/v2\/comments?post=77463"}],"version-history":[{"count":0,"href":"https:\/\/www.sonoraenequipo.com.mx\/api\/wp\/v2\/posts\/77463\/revisions"}],"wp:featuredmedia":[{"embeddable":true,"href":"https:\/\/www.sonoraenequipo.com.mx\/api\/wp\/v2\/media\/77466"}],"wp:attachment":[{"href":"https:\/\/www.sonoraenequipo.com.mx\/api\/wp\/v2\/media?parent=77463"}],"wp:term":[{"taxonomy":"category","embeddable":true,"href":"https:\/\/www.sonoraenequipo.com.mx\/api\/wp\/v2\/categories?post=77463"},{"taxonomy":"post_tag","embeddable":true,"href":"https:\/\/www.sonoraenequipo.com.mx\/api\/wp\/v2\/tags?post=77463"}],"curies":[{"name":"wp","href":"https:\/\/api.w.org\/{rel}","templated":true}]}}