{"id":80683,"date":"2020-03-14T20:53:22","date_gmt":"2020-03-15T03:53:22","guid":{"rendered":"https:\/\/www.sonoraenequipo.com.mx\/?p=80683"},"modified":"2020-03-15T08:53:24","modified_gmt":"2020-03-15T15:53:24","slug":"los-tres-niveles-de-gobierno-coordinan-estrategias-conjuntas-de-seguridad","status":"publish","type":"post","link":"https:\/\/www.sonoraenequipo.com.mx\/los-tres-niveles-de-gobierno-coordinan-estrategias-conjuntas-de-seguridad\/","title":{"rendered":"Los tres niveles de gobierno coordinan estrategias conjuntas de seguridad"},"content":{"rendered":"<p>HERMOSILLO, SONORA. MX. \u2014\u00a0 Tras los actos delictivos de este s\u00e1bado en diferentes puntos de Hermosillo, autoridades de la Guardia Nacional, Secretar\u00eda de la Defensa Nacional, Polic\u00eda Estatal de Seguridad P\u00fablica y Polic\u00eda Municipal de Hermosillo se reunieron para coordinar estrategias conjuntas y reforzar la vigilancia en los diferentes sectores de la ciudad.<\/p>\n<p>&nbsp;<\/p>\n<p> <\/p>\n<p>&nbsp;<\/p>\n<p>El coronel Jos\u00e9 Luis Urban Ocampo, comisario de la Polic\u00eda Estatal de Seguridad P\u00fablica (PESP), luego de destacar la coordinaci\u00f3n entre los diferentes niveles para enfrentar estos hechos, asegur\u00f3 que todas las corporaciones est\u00e1n concentradas en resguardar la tranquilidad de los ciudadanos.<\/p>\n<p>&nbsp;<\/p>\n<p><em>\u201cCada vez que hay eventos que no son muy comunes, hubo tres eventos al mismo tiempo, nos reunimos inmediatamente para ver qu\u00e9 estrategias debemos de seguir para que la ciudadan\u00eda sonorense, principalmente aqu\u00ed en Hermosillo, mantenga la calma, la paz y la tranquilidad\u201d<\/em>, apunt\u00f3.<\/p>\n<p>&nbsp;<\/p>\n<p>Por su parte, el comisario de Seguridad P\u00fablica Municipal de Hermosillo, Gilberto Landeros Brise\u00f1o, indic\u00f3 que estos hechos son derivados de actividades relacionadas con la delincuencia organizada y el narcomenudeo.<\/p>\n<p>&nbsp;<\/p>\n<p><em>\u201cInmediatamente tras lo sucedido estrechamos la coordinaci\u00f3n. Cada vez que hay eventos de esta naturaleza, inmediatamente hablamos con el Ej\u00e9rcito y con la Guardia Nacional y nos apoyan. Hemos estrechado esquemas para que no sucedan continuamente estos eventos\u201d,<\/em> dijo.<\/p>\n<p>&nbsp;<\/p>\n<p>El comisario inform\u00f3 que el saldo oficial de estos hechos es de dos personas fallecidas, dos lesionados y dos veh\u00edculos siniestrados, por lo que las corporaciones de Seguridad P\u00fablica en la ciudad contin\u00faan con el compromiso de aportar informaci\u00f3n que sea solicitada por las fiscal\u00edas de justicia federal y estatal para las investigaciones correspondientes.<\/p>\n<p>&nbsp;<\/p>\n<p>&nbsp;<\/p>\n<p>(PUBLICADO EL 14\/03\/2020)<\/p>\n","protected":false},"excerpt":{"rendered":"<p>HERMOSILLO, SONORA. MX. \u2014\u00a0 Tras los actos delictivos de este s\u00e1bado en diferentes puntos de&#8230;<\/p>\n","protected":false},"author":1,"featured_media":80684,"comment_status":"open","ping_status":"open","sticky":false,"template":"","format":"standard","meta":{"_monsterinsights_skip_tracking":false,"_monsterinsights_sitenote_active":false,"_monsterinsights_sitenote_note":"","_monsterinsights_sitenote_category":0,"footnotes":""},"categories":[4],"tags":[],"class_list":["post"],"yoast_head":" \n<title>Sonora en Equipo. Los tres niveles de gobierno coordinan estrategias conjuntas de seguridad Municipios<\/title>\n<meta name=\"description\" content=\"HERMOSILLO, SONORA. MX. \u2014\u00a0 Tras los actos delictivos de este s\u00e1bado en diferentes puntos de Hermosillo, autoridades de la Guardia Nacional, Secretar\u00eda de En Sonora en Equipo publicamos toda la informaci\u00f3n de Sonora, M\u00e9xico y el Mundo de manera oportuna y busca que la libertad de expresi\u00f3n sea real. Visita nuestro medio informativo publicado desde Hermosillo, Sonora. %\" \/>\n<meta name=\"robots\" content=\"index, follow, max-snippet:-1, max-image-preview:large, max-video-preview:-1\" \/>\n<link rel=\"canonical\" href=\"https:\/\/www.sonoraenequipo.com.mx\/los-tres-niveles-de-gobierno-coordinan-estrategias-conjuntas-de-seguridad\/\" \/>\n<meta property=\"og:locale\" content=\"es_ES\" \/>\n<meta property=\"og:type\" content=\"article\" \/>\n<meta property=\"og:title\" content=\"Sonora en Equipo. Los tres niveles de gobierno coordinan estrategias conjuntas de seguridad Municipios\" \/>\n<meta property=\"og:description\" content=\"HERMOSILLO, SONORA. MX. \u2014\u00a0 Tras los actos delictivos de este s\u00e1bado en diferentes puntos de Hermosillo, autoridades de la Guardia Nacional, Secretar\u00eda de En Sonora en Equipo publicamos toda la informaci\u00f3n de Sonora, M\u00e9xico y el Mundo de manera oportuna y busca que la libertad de expresi\u00f3n sea real. Visita nuestro medio informativo publicado desde Hermosillo, Sonora. %\" \/>\n<meta property=\"og:url\" content=\"https:\/\/www.sonoraenequipo.com.mx\/los-tres-niveles-de-gobierno-coordinan-estrategias-conjuntas-de-seguridad\/\" \/>\n<meta property=\"og:site_name\" content=\"Sonora en Equipo.\" \/>\n<meta property=\"article:publisher\" content=\"https:\/\/www.facebook.com\/SonoraEE\/\" \/>\n<meta property=\"article:author\" content=\"https:\/\/www.facebook.com\/SonoraEE\" \/>\n<meta property=\"article:published_time\" content=\"2020-03-15T03:53:22+00:00\" \/>\n<meta property=\"article:modified_time\" content=\"2020-03-15T15:53:24+00:00\" \/>\n<meta property=\"og:image\" content=\"https:\/\/www.sonoraenequipo.com.mx\/storage\/2020\/03\/polmpal_opt.jpg\" \/>\n\t<meta property=\"og:image:width\" content=\"926\" \/>\n\t<meta property=\"og:image:height\" content=\"400\" \/>\n\t<meta property=\"og:image:type\" content=\"image\/jpeg\" \/>\n<meta name=\"author\" content=\"enequipo\" \/>\n<meta name=\"twitter:card\" content=\"summary_large_image\" \/>\n<meta name=\"twitter:creator\" content=\"@sonoraenequipo\" \/>\n<meta name=\"twitter:site\" content=\"@sonoraenequipo\" \/>\n<meta name=\"twitter:label1\" content=\"Escrito por\" \/>\n\t<meta name=\"twitter:data1\" content=\"enequipo\" \/>\n\t<meta name=\"twitter:label2\" content=\"Tiempo de lectura\" \/>\n\t<meta name=\"twitter:data2\" content=\"1 minuto\" \/>\n<script type=\"application\/ld+json\" class=\"yoast-schema-graph\">{\"@context\":\"https:\/\/schema.org\",\"@graph\":[{\"@type\":\"Article\",\"@id\":\"https:\/\/www.sonoraenequipo.com.mx\/los-tres-niveles-de-gobierno-coordinan-estrategias-conjuntas-de-seguridad\/#article\",\"isPartOf\":{\"@id\":\"https:\/\/www.sonoraenequipo.com.mx\/los-tres-niveles-de-gobierno-coordinan-estrategias-conjuntas-de-seguridad\/\"},\"author\":{\"name\":\"enequipo\",\"@id\":\"https:\/\/www.sonoraenequipo.com.mx\/#\/schema\/person\/50102df0fb23a8fa9e8effad8fa81386\"},\"headline\":\"Los tres niveles de gobierno coordinan estrategias conjuntas de seguridad\",\"datePublished\":\"2020-03-15T03:53:22+00:00\",\"dateModified\":\"2020-03-15T15:53:24+00:00\",\"mainEntityOfPage\":{\"@id\":\"https:\/\/www.sonoraenequipo.com.mx\/los-tres-niveles-de-gobierno-coordinan-estrategias-conjuntas-de-seguridad\/\"},\"wordCount\":300,\"commentCount\":0,\"publisher\":{\"@id\":\"https:\/\/www.sonoraenequipo.com.mx\/#organization\"},\"image\":{\"@id\":\"https:\/\/www.sonoraenequipo.com.mx\/los-tres-niveles-de-gobierno-coordinan-estrategias-conjuntas-de-seguridad\/#primaryimage\"},\"thumbnailUrl\":\"https:\/\/www.sonoraenequipo.com.mx\/storage\/2020\/03\/polmpal_opt.jpg\",\"articleSection\":[\"Municipios\"],\"inLanguage\":\"es\",\"potentialAction\":[{\"@type\":\"CommentAction\",\"name\":\"Comment\",\"target\":[\"https:\/\/www.sonoraenequipo.com.mx\/los-tres-niveles-de-gobierno-coordinan-estrategias-conjuntas-de-seguridad\/#respond\"]}]},{\"@type\":\"WebPage\",\"@id\":\"https:\/\/www.sonoraenequipo.com.mx\/los-tres-niveles-de-gobierno-coordinan-estrategias-conjuntas-de-seguridad\/\",\"url\":\"https:\/\/www.sonoraenequipo.com.mx\/los-tres-niveles-de-gobierno-coordinan-estrategias-conjuntas-de-seguridad\/\",\"name\":\"Sonora en Equipo. Los tres niveles de gobierno coordinan estrategias conjuntas de seguridad Municipios\",\"isPartOf\":{\"@id\":\"https:\/\/www.sonoraenequipo.com.mx\/#website\"},\"primaryImageOfPage\":{\"@id\":\"https:\/\/www.sonoraenequipo.com.mx\/los-tres-niveles-de-gobierno-coordinan-estrategias-conjuntas-de-seguridad\/#primaryimage\"},\"image\":{\"@id\":\"https:\/\/www.sonoraenequipo.com.mx\/los-tres-niveles-de-gobierno-coordinan-estrategias-conjuntas-de-seguridad\/#primaryimage\"},\"thumbnailUrl\":\"https:\/\/www.sonoraenequipo.com.mx\/storage\/2020\/03\/polmpal_opt.jpg\",\"datePublished\":\"2020-03-15T03:53:22+00:00\",\"dateModified\":\"2020-03-15T15:53:24+00:00\",\"description\":\"HERMOSILLO, SONORA. MX. \u2014\u00a0 Tras los actos delictivos de este s\u00e1bado en diferentes puntos de Hermosillo, autoridades de la Guardia Nacional, Secretar\u00eda de En Sonora en Equipo publicamos toda la informaci\u00f3n de Sonora, M\u00e9xico y el Mundo de manera oportuna y busca que la libertad de expresi\u00f3n sea real. Visita nuestro medio informativo publicado desde Hermosillo, Sonora. %\",\"breadcrumb\":{\"@id\":\"https:\/\/www.sonoraenequipo.com.mx\/los-tres-niveles-de-gobierno-coordinan-estrategias-conjuntas-de-seguridad\/#breadcrumb\"},\"inLanguage\":\"es\",\"potentialAction\":[{\"@type\":\"ReadAction\",\"target\":[\"https:\/\/www.sonoraenequipo.com.mx\/los-tres-niveles-de-gobierno-coordinan-estrategias-conjuntas-de-seguridad\/\"]}]},{\"@type\":\"ImageObject\",\"inLanguage\":\"es\",\"@id\":\"https:\/\/www.sonoraenequipo.com.mx\/los-tres-niveles-de-gobierno-coordinan-estrategias-conjuntas-de-seguridad\/#primaryimage\",\"url\":\"https:\/\/www.sonoraenequipo.com.mx\/storage\/2020\/03\/polmpal_opt.jpg\",\"contentUrl\":\"https:\/\/www.sonoraenequipo.com.mx\/storage\/2020\/03\/polmpal_opt.jpg\",\"width\":926,\"height\":400},{\"@type\":\"BreadcrumbList\",\"@id\":\"https:\/\/www.sonoraenequipo.com.mx\/los-tres-niveles-de-gobierno-coordinan-estrategias-conjuntas-de-seguridad\/#breadcrumb\",\"itemListElement\":[{\"@type\":\"ListItem\",\"position\":1,\"name\":\"Portada\",\"item\":\"https:\/\/www.sonoraenequipo.com.mx\/\"},{\"@type\":\"ListItem\",\"position\":2,\"name\":\"Los tres niveles de gobierno coordinan estrategias conjuntas de seguridad\"}]},{\"@type\":\"WebSite\",\"@id\":\"https:\/\/www.sonoraenequipo.com.mx\/#website\",\"url\":\"https:\/\/www.sonoraenequipo.com.mx\/\",\"name\":\"Sonora en Equipo.\",\"description\":\"Diario en l\u00ednea con Noticias desde Hermosillo, Sonora\",\"publisher\":{\"@id\":\"https:\/\/www.sonoraenequipo.com.mx\/#organization\"},\"potentialAction\":[{\"@type\":\"SearchAction\",\"target\":{\"@type\":\"EntryPoint\",\"urlTemplate\":\"https:\/\/www.sonoraenequipo.com.mx\/?s={search_term_string}\"},\"query-input\":{\"@type\":\"PropertyValueSpecification\",\"valueRequired\":true,\"valueName\":\"search_term_string\"}}],\"inLanguage\":\"es\"},{\"@type\":\"Organization\",\"@id\":\"https:\/\/www.sonoraenequipo.com.mx\/#organization\",\"name\":\"Sonoraenequipo.com.mx\",\"url\":\"https:\/\/www.sonoraenequipo.com.mx\/\",\"logo\":{\"@type\":\"ImageObject\",\"inLanguage\":\"es\",\"@id\":\"https:\/\/www.sonoraenequipo.com.mx\/#\/schema\/logo\/image\/\",\"url\":\"https:\/\/www.sonoraenequipo.com.mx\/storage\/2019\/01\/sonoraenequipo_opt.png\",\"contentUrl\":\"https:\/\/www.sonoraenequipo.com.mx\/storage\/2019\/01\/sonoraenequipo_opt.png\",\"width\":375,\"height\":125,\"caption\":\"Sonoraenequipo.com.mx\"},\"image\":{\"@id\":\"https:\/\/www.sonoraenequipo.com.mx\/#\/schema\/logo\/image\/\"},\"sameAs\":[\"https:\/\/www.facebook.com\/SonoraEE\/\",\"https:\/\/x.com\/sonoraenequipo\",\"https:\/\/www.youtube.com\/channel\/UC338nW-lPEYmJQs4ZABQ1SQ\"]},{\"@type\":\"Person\",\"@id\":\"https:\/\/www.sonoraenequipo.com.mx\/#\/schema\/person\/50102df0fb23a8fa9e8effad8fa81386\",\"name\":\"enequipo\",\"image\":{\"@type\":\"ImageObject\",\"inLanguage\":\"es\",\"@id\":\"https:\/\/www.sonoraenequipo.com.mx\/#\/schema\/person\/image\/\",\"url\":\"https:\/\/secure.gravatar.com\/avatar\/049821681b589dabc0bc20695993ccebb09f5b5d4d790cd9251b97faac7c652b?s=96&d=blank&r=g\",\"contentUrl\":\"https:\/\/secure.gravatar.com\/avatar\/049821681b589dabc0bc20695993ccebb09f5b5d4d790cd9251b97faac7c652b?s=96&d=blank&r=g\",\"caption\":\"enequipo\"},\"sameAs\":[\"https:\/\/www.facebook.com\/SonoraEE\"]}]}<\/script>\n ","yoast_head_json":{"title":"Sonora en Equipo. Los tres niveles de gobierno coordinan estrategias conjuntas de seguridad Municipios","description":"HERMOSILLO, SONORA. MX. \u2014\u00a0 Tras los actos delictivos de este s\u00e1bado en diferentes puntos de Hermosillo, autoridades de la Guardia Nacional, Secretar\u00eda de En Sonora en Equipo publicamos toda la informaci\u00f3n de Sonora, M\u00e9xico y el Mundo de manera oportuna y busca que la libertad de expresi\u00f3n sea real. Visita nuestro medio informativo publicado desde Hermosillo, Sonora. %","robots":{"index":"index","follow":"follow","max-snippet":"max-snippet:-1","max-image-preview":"max-image-preview:large","max-video-preview":"max-video-preview:-1"},"canonical":"https:\/\/www.sonoraenequipo.com.mx\/los-tres-niveles-de-gobierno-coordinan-estrategias-conjuntas-de-seguridad\/","og_locale":"es_ES","og_type":"article","og_title":"Sonora en Equipo. Los tres niveles de gobierno coordinan estrategias conjuntas de seguridad Municipios","og_description":"HERMOSILLO, SONORA. MX. \u2014\u00a0 Tras los actos delictivos de este s\u00e1bado en diferentes puntos de Hermosillo, autoridades de la Guardia Nacional, Secretar\u00eda de En Sonora en Equipo publicamos toda la informaci\u00f3n de Sonora, M\u00e9xico y el Mundo de manera oportuna y busca que la libertad de expresi\u00f3n sea real. Visita nuestro medio informativo publicado desde Hermosillo, Sonora. %","og_url":"https:\/\/www.sonoraenequipo.com.mx\/los-tres-niveles-de-gobierno-coordinan-estrategias-conjuntas-de-seguridad\/","og_site_name":"Sonora en Equipo.","article_publisher":"https:\/\/www.facebook.com\/SonoraEE\/","article_author":"https:\/\/www.facebook.com\/SonoraEE","article_published_time":"2020-03-15T03:53:22+00:00","article_modified_time":"2020-03-15T15:53:24+00:00","og_image":[{"width":926,"height":400,"url":"https:\/\/www.sonoraenequipo.com.mx\/storage\/2020\/03\/polmpal_opt.jpg","type":"image\/jpeg"}],"author":"enequipo","twitter_card":"summary_large_image","twitter_creator":"@sonoraenequipo","twitter_site":"@sonoraenequipo","twitter_misc":{"Escrito por":"enequipo","Tiempo de lectura":"1 minuto"},"schema":{"@context":"https:\/\/schema.org","@graph":[{"@type":"Article","@id":"https:\/\/www.sonoraenequipo.com.mx\/los-tres-niveles-de-gobierno-coordinan-estrategias-conjuntas-de-seguridad\/#article","isPartOf":{"@id":"https:\/\/www.sonoraenequipo.com.mx\/los-tres-niveles-de-gobierno-coordinan-estrategias-conjuntas-de-seguridad\/"},"author":{"name":"enequipo","@id":"https:\/\/www.sonoraenequipo.com.mx\/#\/schema\/person\/50102df0fb23a8fa9e8effad8fa81386"},"headline":"Los tres niveles de gobierno coordinan estrategias conjuntas de seguridad","datePublished":"2020-03-15T03:53:22+00:00","dateModified":"2020-03-15T15:53:24+00:00","mainEntityOfPage":{"@id":"https:\/\/www.sonoraenequipo.com.mx\/los-tres-niveles-de-gobierno-coordinan-estrategias-conjuntas-de-seguridad\/"},"wordCount":300,"commentCount":0,"publisher":{"@id":"https:\/\/www.sonoraenequipo.com.mx\/#organization"},"image":{"@id":"https:\/\/www.sonoraenequipo.com.mx\/los-tres-niveles-de-gobierno-coordinan-estrategias-conjuntas-de-seguridad\/#primaryimage"},"thumbnailUrl":"https:\/\/www.sonoraenequipo.com.mx\/storage\/2020\/03\/polmpal_opt.jpg","articleSection":["Municipios"],"inLanguage":"es","potentialAction":[{"@type":"CommentAction","name":"Comment","target":["https:\/\/www.sonoraenequipo.com.mx\/los-tres-niveles-de-gobierno-coordinan-estrategias-conjuntas-de-seguridad\/#respond"]}]},{"@type":"WebPage","@id":"https:\/\/www.sonoraenequipo.com.mx\/los-tres-niveles-de-gobierno-coordinan-estrategias-conjuntas-de-seguridad\/","url":"https:\/\/www.sonoraenequipo.com.mx\/los-tres-niveles-de-gobierno-coordinan-estrategias-conjuntas-de-seguridad\/","name":"Sonora en Equipo. Los tres niveles de gobierno coordinan estrategias conjuntas de seguridad Municipios","isPartOf":{"@id":"https:\/\/www.sonoraenequipo.com.mx\/#website"},"primaryImageOfPage":{"@id":"https:\/\/www.sonoraenequipo.com.mx\/los-tres-niveles-de-gobierno-coordinan-estrategias-conjuntas-de-seguridad\/#primaryimage"},"image":{"@id":"https:\/\/www.sonoraenequipo.com.mx\/los-tres-niveles-de-gobierno-coordinan-estrategias-conjuntas-de-seguridad\/#primaryimage"},"thumbnailUrl":"https:\/\/www.sonoraenequipo.com.mx\/storage\/2020\/03\/polmpal_opt.jpg","datePublished":"2020-03-15T03:53:22+00:00","dateModified":"2020-03-15T15:53:24+00:00","description":"HERMOSILLO, SONORA. MX. \u2014\u00a0 Tras los actos delictivos de este s\u00e1bado en diferentes puntos de Hermosillo, autoridades de la Guardia Nacional, Secretar\u00eda de En Sonora en Equipo publicamos toda la informaci\u00f3n de Sonora, M\u00e9xico y el Mundo de manera oportuna y busca que la libertad de expresi\u00f3n sea real. Visita nuestro medio informativo publicado desde Hermosillo, Sonora. %","breadcrumb":{"@id":"https:\/\/www.sonoraenequipo.com.mx\/los-tres-niveles-de-gobierno-coordinan-estrategias-conjuntas-de-seguridad\/#breadcrumb"},"inLanguage":"es","potentialAction":[{"@type":"ReadAction","target":["https:\/\/www.sonoraenequipo.com.mx\/los-tres-niveles-de-gobierno-coordinan-estrategias-conjuntas-de-seguridad\/"]}]},{"@type":"ImageObject","inLanguage":"es","@id":"https:\/\/www.sonoraenequipo.com.mx\/los-tres-niveles-de-gobierno-coordinan-estrategias-conjuntas-de-seguridad\/#primaryimage","url":"https:\/\/www.sonoraenequipo.com.mx\/storage\/2020\/03\/polmpal_opt.jpg","contentUrl":"https:\/\/www.sonoraenequipo.com.mx\/storage\/2020\/03\/polmpal_opt.jpg","width":926,"height":400},{"@type":"BreadcrumbList","@id":"https:\/\/www.sonoraenequipo.com.mx\/los-tres-niveles-de-gobierno-coordinan-estrategias-conjuntas-de-seguridad\/#breadcrumb","itemListElement":[{"@type":"ListItem","position":1,"name":"Portada","item":"https:\/\/www.sonoraenequipo.com.mx\/"},{"@type":"ListItem","position":2,"name":"Los tres niveles de gobierno coordinan estrategias conjuntas de seguridad"}]},{"@type":"WebSite","@id":"https:\/\/www.sonoraenequipo.com.mx\/#website","url":"https:\/\/www.sonoraenequipo.com.mx\/","name":"Sonora en Equipo.","description":"Diario en l\u00ednea con Noticias desde Hermosillo, Sonora","publisher":{"@id":"https:\/\/www.sonoraenequipo.com.mx\/#organization"},"potentialAction":[{"@type":"SearchAction","target":{"@type":"EntryPoint","urlTemplate":"https:\/\/www.sonoraenequipo.com.mx\/?s={search_term_string}"},"query-input":{"@type":"PropertyValueSpecification","valueRequired":true,"valueName":"search_term_string"}}],"inLanguage":"es"},{"@type":"Organization","@id":"https:\/\/www.sonoraenequipo.com.mx\/#organization","name":"Sonoraenequipo.com.mx","url":"https:\/\/www.sonoraenequipo.com.mx\/","logo":{"@type":"ImageObject","inLanguage":"es","@id":"https:\/\/www.sonoraenequipo.com.mx\/#\/schema\/logo\/image\/","url":"https:\/\/www.sonoraenequipo.com.mx\/storage\/2019\/01\/sonoraenequipo_opt.png","contentUrl":"https:\/\/www.sonoraenequipo.com.mx\/storage\/2019\/01\/sonoraenequipo_opt.png","width":375,"height":125,"caption":"Sonoraenequipo.com.mx"},"image":{"@id":"https:\/\/www.sonoraenequipo.com.mx\/#\/schema\/logo\/image\/"},"sameAs":["https:\/\/www.facebook.com\/SonoraEE\/","https:\/\/x.com\/sonoraenequipo","https:\/\/www.youtube.com\/channel\/UC338nW-lPEYmJQs4ZABQ1SQ"]},{"@type":"Person","@id":"https:\/\/www.sonoraenequipo.com.mx\/#\/schema\/person\/50102df0fb23a8fa9e8effad8fa81386","name":"enequipo","image":{"@type":"ImageObject","inLanguage":"es","@id":"https:\/\/www.sonoraenequipo.com.mx\/#\/schema\/person\/image\/","url":"https:\/\/secure.gravatar.com\/avatar\/049821681b589dabc0bc20695993ccebb09f5b5d4d790cd9251b97faac7c652b?s=96&d=blank&r=g","contentUrl":"https:\/\/secure.gravatar.com\/avatar\/049821681b589dabc0bc20695993ccebb09f5b5d4d790cd9251b97faac7c652b?s=96&d=blank&r=g","caption":"enequipo"},"sameAs":["https:\/\/www.facebook.com\/SonoraEE"]}]}},"jetpack_featured_media_url":"https:\/\/www.sonoraenequipo.com.mx\/storage\/2020\/03\/polmpal_opt.jpg","_links":{"self":[{"href":"https:\/\/www.sonoraenequipo.com.mx\/api\/wp\/v2\/posts\/80683","targetHints":{"allow":["GET"]}}],"collection":[{"href":"https:\/\/www.sonoraenequipo.com.mx\/api\/wp\/v2\/posts"}],"about":[{"href":"https:\/\/www.sonoraenequipo.com.mx\/api\/wp\/v2\/types\/post"}],"author":[{"embeddable":true,"href":"https:\/\/www.sonoraenequipo.com.mx\/api\/wp\/v2\/users\/1"}],"replies":[{"embeddable":true,"href":"https:\/\/www.sonoraenequipo.com.mx\/api\/wp\/v2\/comments?post=80683"}],"version-history":[{"count":0,"href":"https:\/\/www.sonoraenequipo.com.mx\/api\/wp\/v2\/posts\/80683\/revisions"}],"wp:featuredmedia":[{"embeddable":true,"href":"https:\/\/www.sonoraenequipo.com.mx\/api\/wp\/v2\/media\/80684"}],"wp:attachment":[{"href":"https:\/\/www.sonoraenequipo.com.mx\/api\/wp\/v2\/media?parent=80683"}],"wp:term":[{"taxonomy":"category","embeddable":true,"href":"https:\/\/www.sonoraenequipo.com.mx\/api\/wp\/v2\/categories?post=80683"},{"taxonomy":"post_tag","embeddable":true,"href":"https:\/\/www.sonoraenequipo.com.mx\/api\/wp\/v2\/tags?post=80683"}],"curies":[{"name":"wp","href":"https:\/\/api.w.org\/{rel}","templated":true}]}}