{"id":80709,"date":"2020-03-14T15:30:22","date_gmt":"2020-03-14T22:30:22","guid":{"rendered":"https:\/\/www.sonoraenequipo.com.mx\/?p=80709"},"modified":"2020-03-15T15:00:12","modified_gmt":"2020-03-15T22:00:12","slug":"avanza-consulta-ciudadana-en-segundo-parlamento-de-mujeres-2","status":"publish","type":"post","link":"https:\/\/www.sonoraenequipo.com.mx\/avanza-consulta-ciudadana-en-segundo-parlamento-de-mujeres-2\/","title":{"rendered":"Realiza UES conversatorio en homenaje al astr\u00f3nomo Carl Sagan"},"content":{"rendered":"<p>HERMOSILLO, SONORA. MX. \u2014 Para promover espacios de di\u00e1logo acad\u00e9mico e impulsar el inter\u00e9s de los estudiantes en temas cient\u00edficos, la Universidad Estatal de Sonora (UES) organiz\u00f3 un conversatorio en homenaje al astr\u00f3nomo Carl Sagan.<\/p>\n<p> <\/p>\n<p>Pedro Ortega Romero, rector de la UES, agradeci\u00f3 a los panelistas, organizadores y asistentes al foro acad\u00e9mico y mencion\u00f3 que con ayuda de la tecnolog\u00eda el conversatorio est\u00e1 llegando no solo a estudiantes y docentes de UES Hermosillo, sino a la comunidad universitaria de UES en San Luis R\u00edo Colorado, Navojoa, Magdalena y Benito Ju\u00e1rez.<\/p>\n<p><em>\u201cEste es el primer conversatorio de muchos que tendremos en la UES, un espacio para la divulgaci\u00f3n y discusi\u00f3n cient\u00edfica y espero despierte el inter\u00e9s de los estudiantes por el desarrollo del conocimiento en estos temas. Agradezco a los panelistas, organizadores y a los docentes y alumnos asistentes\u201d<\/em>, declar\u00f3 Pedro Ortega Romero.<\/p>\n<p>Carl Edward Sagan fue un astr\u00f3nomo, astrof\u00edsico, cosm\u00f3logo, astro bi\u00f3logo, escritor y divulgador cient\u00edfico nacido en Nueva York en 1934 y falleci\u00f3 en 1996, con una amplia trayectoria e importantes aportaciones cient\u00edficas para entender al Universo y su funcionamiento; se destacaron algunos de sus libros como \u201c<em>El mundo y sus demonios: la ciencia como una luz en la oscuridad\u201d<\/em> y <em>\u201cCosmos\u201d.<\/em><\/p>\n<p>Los panelistas del conversatorio fueron el rector de la Universidad de Sonora, el doctor en qu\u00edmica Enrique Vel\u00e1zquez Contreras, la doctora en geociencias del ambiente Carmen Isela Ortega Rosas y el doctor en astronom\u00eda Julio C\u00e9sar Saucedo.<\/p>\n<p>\u201cCarl Sagan public\u00f3 el libro Cosmos poco despu\u00e9s de que se realiz\u00f3 la serie con el mismo nombre y la cual es la m\u00e1s vista en la televisi\u00f3n norteamericana sobre la formaci\u00f3n del Universo, y as\u00ed como la UES rinde este homenaje, en la Unison el curso b\u00e1sico de astronom\u00eda lleva el nombre de Carl Sagan\u201d, mencion\u00f3 el doctor Julio Saucedo.<\/p>\n<p>En su participaci\u00f3n, la doctora Carmen Isela Ortega mencion\u00f3 que el conocimiento cient\u00edfico debe ser no solo para el desarrollo de la especie humana sino para el cuidado del planeta.<\/p>\n<p>\u201cNuestra lealtad debe ser para las especies y el planeta. Nuestra obligaci\u00f3n para sobrevivir no es solo para nosotros mismos, sino tambi\u00e9n para ese cosmos antiguo y vasto, del que derivamos\u201d, fue la frase de Carl Sagan citada por Carmen Isela Ortega.<\/p>\n<p>El rector de Unison, Enrique Vel\u00e1zquez Contreras, habl\u00f3 sobre el calendario c\u00f3smico del desarrollo del universo, las teor\u00edas del \u00e1tomo y los elementos, y la f\u00edsica cu\u00e1ntica.<\/p>\n<p>En la din\u00e1mica de preguntas a los panelistas participaron alumnos y docentes de ingenier\u00edas en Geociencias, Mecatr\u00f3nica y Biom\u00e9dica de UES, entre otros programas.<\/p>\n<p>(PUBLICADO EL 14\/03\/2020)<\/p>\n","protected":false},"excerpt":{"rendered":"<p>HERMOSILLO, SONORA. MX. \u2014 Para promover espacios de di\u00e1logo acad\u00e9mico e impulsar el inter\u00e9s de&#8230;<\/p>\n","protected":false},"author":1,"featured_media":80693,"comment_status":"open","ping_status":"open","sticky":false,"template":"","format":"standard","meta":{"_monsterinsights_skip_tracking":false,"_monsterinsights_sitenote_active":false,"_monsterinsights_sitenote_note":"","_monsterinsights_sitenote_category":0,"footnotes":""},"categories":[22],"tags":[],"class_list":["post"],"yoast_head":" \n<title>Sonora en Equipo. Realiza UES conversatorio en homenaje al astr\u00f3nomo Carl Sagan Sonora<\/title>\n<meta name=\"description\" content=\"HERMOSILLO, SONORA. MX. \u2014 Para promover espacios de di\u00e1logo acad\u00e9mico e impulsar el inter\u00e9s de los estudiantes en temas cient\u00edficos, la Universidad En Sonora en Equipo publicamos toda la informaci\u00f3n de Sonora, M\u00e9xico y el Mundo de manera oportuna y busca que la libertad de expresi\u00f3n sea real. Visita nuestro medio informativo publicado desde Hermosillo, Sonora. %\" \/>\n<meta name=\"robots\" content=\"index, follow, max-snippet:-1, max-image-preview:large, max-video-preview:-1\" \/>\n<link rel=\"canonical\" href=\"https:\/\/www.sonoraenequipo.com.mx\/avanza-consulta-ciudadana-en-segundo-parlamento-de-mujeres-2\/\" \/>\n<meta property=\"og:locale\" content=\"es_ES\" \/>\n<meta property=\"og:type\" content=\"article\" \/>\n<meta property=\"og:title\" content=\"Sonora en Equipo. Realiza UES conversatorio en homenaje al astr\u00f3nomo Carl Sagan Sonora\" \/>\n<meta property=\"og:description\" content=\"HERMOSILLO, SONORA. MX. \u2014 Para promover espacios de di\u00e1logo acad\u00e9mico e impulsar el inter\u00e9s de los estudiantes en temas cient\u00edficos, la Universidad En Sonora en Equipo publicamos toda la informaci\u00f3n de Sonora, M\u00e9xico y el Mundo de manera oportuna y busca que la libertad de expresi\u00f3n sea real. Visita nuestro medio informativo publicado desde Hermosillo, Sonora. %\" \/>\n<meta property=\"og:url\" content=\"https:\/\/www.sonoraenequipo.com.mx\/avanza-consulta-ciudadana-en-segundo-parlamento-de-mujeres-2\/\" \/>\n<meta property=\"og:site_name\" content=\"Sonora en Equipo.\" \/>\n<meta property=\"article:publisher\" content=\"https:\/\/www.facebook.com\/SonoraEE\/\" \/>\n<meta property=\"article:author\" content=\"https:\/\/www.facebook.com\/SonoraEE\" \/>\n<meta property=\"article:published_time\" content=\"2020-03-14T22:30:22+00:00\" \/>\n<meta property=\"article:modified_time\" content=\"2020-03-15T22:00:12+00:00\" \/>\n<meta property=\"og:image\" content=\"https:\/\/www.sonoraenequipo.com.mx\/storage\/2020\/03\/Realiza-UES-5_opt.jpg\" \/>\n\t<meta property=\"og:image:width\" content=\"525\" \/>\n\t<meta property=\"og:image:height\" content=\"350\" \/>\n\t<meta property=\"og:image:type\" content=\"image\/jpeg\" \/>\n<meta name=\"author\" content=\"enequipo\" \/>\n<meta name=\"twitter:card\" content=\"summary_large_image\" \/>\n<meta name=\"twitter:creator\" content=\"@sonoraenequipo\" \/>\n<meta name=\"twitter:site\" content=\"@sonoraenequipo\" \/>\n<meta name=\"twitter:label1\" content=\"Escrito por\" \/>\n\t<meta name=\"twitter:data1\" content=\"enequipo\" \/>\n\t<meta name=\"twitter:label2\" content=\"Tiempo de lectura\" \/>\n\t<meta name=\"twitter:data2\" content=\"2 minutos\" \/>\n<script type=\"application\/ld+json\" class=\"yoast-schema-graph\">{\"@context\":\"https:\/\/schema.org\",\"@graph\":[{\"@type\":\"Article\",\"@id\":\"https:\/\/www.sonoraenequipo.com.mx\/avanza-consulta-ciudadana-en-segundo-parlamento-de-mujeres-2\/#article\",\"isPartOf\":{\"@id\":\"https:\/\/www.sonoraenequipo.com.mx\/avanza-consulta-ciudadana-en-segundo-parlamento-de-mujeres-2\/\"},\"author\":{\"name\":\"enequipo\",\"@id\":\"https:\/\/www.sonoraenequipo.com.mx\/#\/schema\/person\/50102df0fb23a8fa9e8effad8fa81386\"},\"headline\":\"Realiza UES conversatorio en homenaje al astr\u00f3nomo Carl Sagan\",\"datePublished\":\"2020-03-14T22:30:22+00:00\",\"dateModified\":\"2020-03-15T22:00:12+00:00\",\"mainEntityOfPage\":{\"@id\":\"https:\/\/www.sonoraenequipo.com.mx\/avanza-consulta-ciudadana-en-segundo-parlamento-de-mujeres-2\/\"},\"wordCount\":475,\"commentCount\":0,\"publisher\":{\"@id\":\"https:\/\/www.sonoraenequipo.com.mx\/#organization\"},\"image\":{\"@id\":\"https:\/\/www.sonoraenequipo.com.mx\/avanza-consulta-ciudadana-en-segundo-parlamento-de-mujeres-2\/#primaryimage\"},\"thumbnailUrl\":\"https:\/\/www.sonoraenequipo.com.mx\/storage\/2020\/03\/Realiza-UES-5_opt.jpg\",\"articleSection\":[\"Sonora\"],\"inLanguage\":\"es\",\"potentialAction\":[{\"@type\":\"CommentAction\",\"name\":\"Comment\",\"target\":[\"https:\/\/www.sonoraenequipo.com.mx\/avanza-consulta-ciudadana-en-segundo-parlamento-de-mujeres-2\/#respond\"]}]},{\"@type\":\"WebPage\",\"@id\":\"https:\/\/www.sonoraenequipo.com.mx\/avanza-consulta-ciudadana-en-segundo-parlamento-de-mujeres-2\/\",\"url\":\"https:\/\/www.sonoraenequipo.com.mx\/avanza-consulta-ciudadana-en-segundo-parlamento-de-mujeres-2\/\",\"name\":\"Sonora en Equipo. Realiza UES conversatorio en homenaje al astr\u00f3nomo Carl Sagan Sonora\",\"isPartOf\":{\"@id\":\"https:\/\/www.sonoraenequipo.com.mx\/#website\"},\"primaryImageOfPage\":{\"@id\":\"https:\/\/www.sonoraenequipo.com.mx\/avanza-consulta-ciudadana-en-segundo-parlamento-de-mujeres-2\/#primaryimage\"},\"image\":{\"@id\":\"https:\/\/www.sonoraenequipo.com.mx\/avanza-consulta-ciudadana-en-segundo-parlamento-de-mujeres-2\/#primaryimage\"},\"thumbnailUrl\":\"https:\/\/www.sonoraenequipo.com.mx\/storage\/2020\/03\/Realiza-UES-5_opt.jpg\",\"datePublished\":\"2020-03-14T22:30:22+00:00\",\"dateModified\":\"2020-03-15T22:00:12+00:00\",\"description\":\"HERMOSILLO, SONORA. MX. \u2014 Para promover espacios de di\u00e1logo acad\u00e9mico e impulsar el inter\u00e9s de los estudiantes en temas cient\u00edficos, la Universidad En Sonora en Equipo publicamos toda la informaci\u00f3n de Sonora, M\u00e9xico y el Mundo de manera oportuna y busca que la libertad de expresi\u00f3n sea real. Visita nuestro medio informativo publicado desde Hermosillo, Sonora. %\",\"breadcrumb\":{\"@id\":\"https:\/\/www.sonoraenequipo.com.mx\/avanza-consulta-ciudadana-en-segundo-parlamento-de-mujeres-2\/#breadcrumb\"},\"inLanguage\":\"es\",\"potentialAction\":[{\"@type\":\"ReadAction\",\"target\":[\"https:\/\/www.sonoraenequipo.com.mx\/avanza-consulta-ciudadana-en-segundo-parlamento-de-mujeres-2\/\"]}]},{\"@type\":\"ImageObject\",\"inLanguage\":\"es\",\"@id\":\"https:\/\/www.sonoraenequipo.com.mx\/avanza-consulta-ciudadana-en-segundo-parlamento-de-mujeres-2\/#primaryimage\",\"url\":\"https:\/\/www.sonoraenequipo.com.mx\/storage\/2020\/03\/Realiza-UES-5_opt.jpg\",\"contentUrl\":\"https:\/\/www.sonoraenequipo.com.mx\/storage\/2020\/03\/Realiza-UES-5_opt.jpg\",\"width\":525,\"height\":350},{\"@type\":\"BreadcrumbList\",\"@id\":\"https:\/\/www.sonoraenequipo.com.mx\/avanza-consulta-ciudadana-en-segundo-parlamento-de-mujeres-2\/#breadcrumb\",\"itemListElement\":[{\"@type\":\"ListItem\",\"position\":1,\"name\":\"Portada\",\"item\":\"https:\/\/www.sonoraenequipo.com.mx\/\"},{\"@type\":\"ListItem\",\"position\":2,\"name\":\"Realiza UES conversatorio en homenaje al astr\u00f3nomo Carl Sagan\"}]},{\"@type\":\"WebSite\",\"@id\":\"https:\/\/www.sonoraenequipo.com.mx\/#website\",\"url\":\"https:\/\/www.sonoraenequipo.com.mx\/\",\"name\":\"Sonora en Equipo.\",\"description\":\"Diario en l\u00ednea con Noticias desde Hermosillo, Sonora\",\"publisher\":{\"@id\":\"https:\/\/www.sonoraenequipo.com.mx\/#organization\"},\"potentialAction\":[{\"@type\":\"SearchAction\",\"target\":{\"@type\":\"EntryPoint\",\"urlTemplate\":\"https:\/\/www.sonoraenequipo.com.mx\/?s={search_term_string}\"},\"query-input\":{\"@type\":\"PropertyValueSpecification\",\"valueRequired\":true,\"valueName\":\"search_term_string\"}}],\"inLanguage\":\"es\"},{\"@type\":\"Organization\",\"@id\":\"https:\/\/www.sonoraenequipo.com.mx\/#organization\",\"name\":\"Sonoraenequipo.com.mx\",\"url\":\"https:\/\/www.sonoraenequipo.com.mx\/\",\"logo\":{\"@type\":\"ImageObject\",\"inLanguage\":\"es\",\"@id\":\"https:\/\/www.sonoraenequipo.com.mx\/#\/schema\/logo\/image\/\",\"url\":\"https:\/\/www.sonoraenequipo.com.mx\/storage\/2019\/01\/sonoraenequipo_opt.png\",\"contentUrl\":\"https:\/\/www.sonoraenequipo.com.mx\/storage\/2019\/01\/sonoraenequipo_opt.png\",\"width\":375,\"height\":125,\"caption\":\"Sonoraenequipo.com.mx\"},\"image\":{\"@id\":\"https:\/\/www.sonoraenequipo.com.mx\/#\/schema\/logo\/image\/\"},\"sameAs\":[\"https:\/\/www.facebook.com\/SonoraEE\/\",\"https:\/\/x.com\/sonoraenequipo\",\"https:\/\/www.youtube.com\/channel\/UC338nW-lPEYmJQs4ZABQ1SQ\"]},{\"@type\":\"Person\",\"@id\":\"https:\/\/www.sonoraenequipo.com.mx\/#\/schema\/person\/50102df0fb23a8fa9e8effad8fa81386\",\"name\":\"enequipo\",\"image\":{\"@type\":\"ImageObject\",\"inLanguage\":\"es\",\"@id\":\"https:\/\/www.sonoraenequipo.com.mx\/#\/schema\/person\/image\/\",\"url\":\"https:\/\/secure.gravatar.com\/avatar\/049821681b589dabc0bc20695993ccebb09f5b5d4d790cd9251b97faac7c652b?s=96&d=blank&r=g\",\"contentUrl\":\"https:\/\/secure.gravatar.com\/avatar\/049821681b589dabc0bc20695993ccebb09f5b5d4d790cd9251b97faac7c652b?s=96&d=blank&r=g\",\"caption\":\"enequipo\"},\"sameAs\":[\"https:\/\/www.facebook.com\/SonoraEE\"]}]}<\/script>\n ","yoast_head_json":{"title":"Sonora en Equipo. Realiza UES conversatorio en homenaje al astr\u00f3nomo Carl Sagan Sonora","description":"HERMOSILLO, SONORA. MX. \u2014 Para promover espacios de di\u00e1logo acad\u00e9mico e impulsar el inter\u00e9s de los estudiantes en temas cient\u00edficos, la Universidad En Sonora en Equipo publicamos toda la informaci\u00f3n de Sonora, M\u00e9xico y el Mundo de manera oportuna y busca que la libertad de expresi\u00f3n sea real. Visita nuestro medio informativo publicado desde Hermosillo, Sonora. %","robots":{"index":"index","follow":"follow","max-snippet":"max-snippet:-1","max-image-preview":"max-image-preview:large","max-video-preview":"max-video-preview:-1"},"canonical":"https:\/\/www.sonoraenequipo.com.mx\/avanza-consulta-ciudadana-en-segundo-parlamento-de-mujeres-2\/","og_locale":"es_ES","og_type":"article","og_title":"Sonora en Equipo. Realiza UES conversatorio en homenaje al astr\u00f3nomo Carl Sagan Sonora","og_description":"HERMOSILLO, SONORA. MX. \u2014 Para promover espacios de di\u00e1logo acad\u00e9mico e impulsar el inter\u00e9s de los estudiantes en temas cient\u00edficos, la Universidad En Sonora en Equipo publicamos toda la informaci\u00f3n de Sonora, M\u00e9xico y el Mundo de manera oportuna y busca que la libertad de expresi\u00f3n sea real. Visita nuestro medio informativo publicado desde Hermosillo, Sonora. %","og_url":"https:\/\/www.sonoraenequipo.com.mx\/avanza-consulta-ciudadana-en-segundo-parlamento-de-mujeres-2\/","og_site_name":"Sonora en Equipo.","article_publisher":"https:\/\/www.facebook.com\/SonoraEE\/","article_author":"https:\/\/www.facebook.com\/SonoraEE","article_published_time":"2020-03-14T22:30:22+00:00","article_modified_time":"2020-03-15T22:00:12+00:00","og_image":[{"width":525,"height":350,"url":"https:\/\/www.sonoraenequipo.com.mx\/storage\/2020\/03\/Realiza-UES-5_opt.jpg","type":"image\/jpeg"}],"author":"enequipo","twitter_card":"summary_large_image","twitter_creator":"@sonoraenequipo","twitter_site":"@sonoraenequipo","twitter_misc":{"Escrito por":"enequipo","Tiempo de lectura":"2 minutos"},"schema":{"@context":"https:\/\/schema.org","@graph":[{"@type":"Article","@id":"https:\/\/www.sonoraenequipo.com.mx\/avanza-consulta-ciudadana-en-segundo-parlamento-de-mujeres-2\/#article","isPartOf":{"@id":"https:\/\/www.sonoraenequipo.com.mx\/avanza-consulta-ciudadana-en-segundo-parlamento-de-mujeres-2\/"},"author":{"name":"enequipo","@id":"https:\/\/www.sonoraenequipo.com.mx\/#\/schema\/person\/50102df0fb23a8fa9e8effad8fa81386"},"headline":"Realiza UES conversatorio en homenaje al astr\u00f3nomo Carl Sagan","datePublished":"2020-03-14T22:30:22+00:00","dateModified":"2020-03-15T22:00:12+00:00","mainEntityOfPage":{"@id":"https:\/\/www.sonoraenequipo.com.mx\/avanza-consulta-ciudadana-en-segundo-parlamento-de-mujeres-2\/"},"wordCount":475,"commentCount":0,"publisher":{"@id":"https:\/\/www.sonoraenequipo.com.mx\/#organization"},"image":{"@id":"https:\/\/www.sonoraenequipo.com.mx\/avanza-consulta-ciudadana-en-segundo-parlamento-de-mujeres-2\/#primaryimage"},"thumbnailUrl":"https:\/\/www.sonoraenequipo.com.mx\/storage\/2020\/03\/Realiza-UES-5_opt.jpg","articleSection":["Sonora"],"inLanguage":"es","potentialAction":[{"@type":"CommentAction","name":"Comment","target":["https:\/\/www.sonoraenequipo.com.mx\/avanza-consulta-ciudadana-en-segundo-parlamento-de-mujeres-2\/#respond"]}]},{"@type":"WebPage","@id":"https:\/\/www.sonoraenequipo.com.mx\/avanza-consulta-ciudadana-en-segundo-parlamento-de-mujeres-2\/","url":"https:\/\/www.sonoraenequipo.com.mx\/avanza-consulta-ciudadana-en-segundo-parlamento-de-mujeres-2\/","name":"Sonora en Equipo. Realiza UES conversatorio en homenaje al astr\u00f3nomo Carl Sagan Sonora","isPartOf":{"@id":"https:\/\/www.sonoraenequipo.com.mx\/#website"},"primaryImageOfPage":{"@id":"https:\/\/www.sonoraenequipo.com.mx\/avanza-consulta-ciudadana-en-segundo-parlamento-de-mujeres-2\/#primaryimage"},"image":{"@id":"https:\/\/www.sonoraenequipo.com.mx\/avanza-consulta-ciudadana-en-segundo-parlamento-de-mujeres-2\/#primaryimage"},"thumbnailUrl":"https:\/\/www.sonoraenequipo.com.mx\/storage\/2020\/03\/Realiza-UES-5_opt.jpg","datePublished":"2020-03-14T22:30:22+00:00","dateModified":"2020-03-15T22:00:12+00:00","description":"HERMOSILLO, SONORA. MX. \u2014 Para promover espacios de di\u00e1logo acad\u00e9mico e impulsar el inter\u00e9s de los estudiantes en temas cient\u00edficos, la Universidad En Sonora en Equipo publicamos toda la informaci\u00f3n de Sonora, M\u00e9xico y el Mundo de manera oportuna y busca que la libertad de expresi\u00f3n sea real. Visita nuestro medio informativo publicado desde Hermosillo, Sonora. %","breadcrumb":{"@id":"https:\/\/www.sonoraenequipo.com.mx\/avanza-consulta-ciudadana-en-segundo-parlamento-de-mujeres-2\/#breadcrumb"},"inLanguage":"es","potentialAction":[{"@type":"ReadAction","target":["https:\/\/www.sonoraenequipo.com.mx\/avanza-consulta-ciudadana-en-segundo-parlamento-de-mujeres-2\/"]}]},{"@type":"ImageObject","inLanguage":"es","@id":"https:\/\/www.sonoraenequipo.com.mx\/avanza-consulta-ciudadana-en-segundo-parlamento-de-mujeres-2\/#primaryimage","url":"https:\/\/www.sonoraenequipo.com.mx\/storage\/2020\/03\/Realiza-UES-5_opt.jpg","contentUrl":"https:\/\/www.sonoraenequipo.com.mx\/storage\/2020\/03\/Realiza-UES-5_opt.jpg","width":525,"height":350},{"@type":"BreadcrumbList","@id":"https:\/\/www.sonoraenequipo.com.mx\/avanza-consulta-ciudadana-en-segundo-parlamento-de-mujeres-2\/#breadcrumb","itemListElement":[{"@type":"ListItem","position":1,"name":"Portada","item":"https:\/\/www.sonoraenequipo.com.mx\/"},{"@type":"ListItem","position":2,"name":"Realiza UES conversatorio en homenaje al astr\u00f3nomo Carl Sagan"}]},{"@type":"WebSite","@id":"https:\/\/www.sonoraenequipo.com.mx\/#website","url":"https:\/\/www.sonoraenequipo.com.mx\/","name":"Sonora en Equipo.","description":"Diario en l\u00ednea con Noticias desde Hermosillo, Sonora","publisher":{"@id":"https:\/\/www.sonoraenequipo.com.mx\/#organization"},"potentialAction":[{"@type":"SearchAction","target":{"@type":"EntryPoint","urlTemplate":"https:\/\/www.sonoraenequipo.com.mx\/?s={search_term_string}"},"query-input":{"@type":"PropertyValueSpecification","valueRequired":true,"valueName":"search_term_string"}}],"inLanguage":"es"},{"@type":"Organization","@id":"https:\/\/www.sonoraenequipo.com.mx\/#organization","name":"Sonoraenequipo.com.mx","url":"https:\/\/www.sonoraenequipo.com.mx\/","logo":{"@type":"ImageObject","inLanguage":"es","@id":"https:\/\/www.sonoraenequipo.com.mx\/#\/schema\/logo\/image\/","url":"https:\/\/www.sonoraenequipo.com.mx\/storage\/2019\/01\/sonoraenequipo_opt.png","contentUrl":"https:\/\/www.sonoraenequipo.com.mx\/storage\/2019\/01\/sonoraenequipo_opt.png","width":375,"height":125,"caption":"Sonoraenequipo.com.mx"},"image":{"@id":"https:\/\/www.sonoraenequipo.com.mx\/#\/schema\/logo\/image\/"},"sameAs":["https:\/\/www.facebook.com\/SonoraEE\/","https:\/\/x.com\/sonoraenequipo","https:\/\/www.youtube.com\/channel\/UC338nW-lPEYmJQs4ZABQ1SQ"]},{"@type":"Person","@id":"https:\/\/www.sonoraenequipo.com.mx\/#\/schema\/person\/50102df0fb23a8fa9e8effad8fa81386","name":"enequipo","image":{"@type":"ImageObject","inLanguage":"es","@id":"https:\/\/www.sonoraenequipo.com.mx\/#\/schema\/person\/image\/","url":"https:\/\/secure.gravatar.com\/avatar\/049821681b589dabc0bc20695993ccebb09f5b5d4d790cd9251b97faac7c652b?s=96&d=blank&r=g","contentUrl":"https:\/\/secure.gravatar.com\/avatar\/049821681b589dabc0bc20695993ccebb09f5b5d4d790cd9251b97faac7c652b?s=96&d=blank&r=g","caption":"enequipo"},"sameAs":["https:\/\/www.facebook.com\/SonoraEE"]}]}},"jetpack_featured_media_url":"https:\/\/www.sonoraenequipo.com.mx\/storage\/2020\/03\/Realiza-UES-5_opt.jpg","_links":{"self":[{"href":"https:\/\/www.sonoraenequipo.com.mx\/api\/wp\/v2\/posts\/80709","targetHints":{"allow":["GET"]}}],"collection":[{"href":"https:\/\/www.sonoraenequipo.com.mx\/api\/wp\/v2\/posts"}],"about":[{"href":"https:\/\/www.sonoraenequipo.com.mx\/api\/wp\/v2\/types\/post"}],"author":[{"embeddable":true,"href":"https:\/\/www.sonoraenequipo.com.mx\/api\/wp\/v2\/users\/1"}],"replies":[{"embeddable":true,"href":"https:\/\/www.sonoraenequipo.com.mx\/api\/wp\/v2\/comments?post=80709"}],"version-history":[{"count":0,"href":"https:\/\/www.sonoraenequipo.com.mx\/api\/wp\/v2\/posts\/80709\/revisions"}],"wp:featuredmedia":[{"embeddable":true,"href":"https:\/\/www.sonoraenequipo.com.mx\/api\/wp\/v2\/media\/80693"}],"wp:attachment":[{"href":"https:\/\/www.sonoraenequipo.com.mx\/api\/wp\/v2\/media?parent=80709"}],"wp:term":[{"taxonomy":"category","embeddable":true,"href":"https:\/\/www.sonoraenequipo.com.mx\/api\/wp\/v2\/categories?post=80709"},{"taxonomy":"post_tag","embeddable":true,"href":"https:\/\/www.sonoraenequipo.com.mx\/api\/wp\/v2\/tags?post=80709"}],"curies":[{"name":"wp","href":"https:\/\/api.w.org\/{rel}","templated":true}]}}