{"id":80712,"date":"2020-03-15T10:04:15","date_gmt":"2020-03-15T17:04:15","guid":{"rendered":"https:\/\/www.sonoraenequipo.com.mx\/?p=80712"},"modified":"2020-03-15T10:07:38","modified_gmt":"2020-03-15T17:07:38","slug":"lopez-obrador-visita-los-pueblos-indigenas-de-guerrero","status":"publish","type":"post","link":"https:\/\/www.sonoraenequipo.com.mx\/lopez-obrador-visita-los-pueblos-indigenas-de-guerrero\/","title":{"rendered":"L\u00f3pez Obrador visita los pueblos ind\u00edgenas de Guerrero"},"content":{"rendered":"<p>GUERRERO. MX. \u2014 Pese a las recomendaciones de una<em> \u00absana distancia\u00bb<\/em> para evitar una propagaci\u00f3n de coronavirus, el presidente Andr\u00e9s Manuel L\u00f3pez Obrador no modifica su forma de saludar de mano, de dar abrazos y repartir besos durante sus giras de trabajo.<\/p>\n<p> <\/p>\n<p>Es m\u00e1s, pareciera como si el tiempo regresara a marzo de 2018, en plena campa\u00f1a pol\u00edtica, y no marzo de 2020, ante la antesala de una crisis epidemiol\u00f3gica. Para el Mandatario es como si siguiera en campa\u00f1a; decenas de seguidores, la mayor\u00eda mujeres, logran que baje de su camioneta, lo besan y lo abrazan.<\/p>\n<p>Aqu\u00ed todo el pueblo est\u00e1 feliz, feliz, feliz y todo marcha requetebi\u00e9n, a pesar de que a 556 kil\u00f3metros de distancia, el propio gabinete de salud anunci\u00f3 el inicio de nuevas medidas de protecci\u00f3n que incluyen evitar actos multitudinarios, pero aqu\u00ed en la Costa Chica de Guerrero, la gira presidencial sigue y no se le mueve ni una coma.<\/p>\n<p>Es s\u00e1bado por la ma\u00f1ana y el Ejecutivo federal es casi obligado por una multitud que lo separa afuera del hotel donde espera a bajar de su camioneta que lo lleva a la comunidad amuzga de Xochistlahuaca, una de las poblaciones m\u00e1s pobres del pa\u00eds.<\/p>\n<p>Una se\u00f1ora le pide darle un beso, a lo que el Presidente accede; unos segundos despu\u00e9s, alguien que carga a una menor y literalmente, parece aventarla a los brazos del Ejecutivo, quien le da un beso en su mejilla izquierda.<\/p>\n<p>Minutos despu\u00e9s, al difundirse en las redes del Presidente recibe cr\u00edticas de docenas de usuarios, quienes lo acusan de irresponsable por no evitar los saludos, los besos y los abrazos; de no protegerse \u00e9l, ni proteger a los dem\u00e1s, sobre todo a ni\u00f1as y ni\u00f1os, ante la posibilidad de ser contagiado de coronavirus.<\/p>\n<p>En un video de poco m\u00e1s de tres minutos se escucha c\u00f3mo alguien pide que hagan espacio para que otras dos ni\u00f1as puedan saludar al Presidente, quien al llegar a ellas las abraza y da un beso a cada una de ellas.<\/p>\n<p>Poco antes de subir a la camioneta, se escucha el llanto de una ni\u00f1a, a quien L\u00f3pez Obrador grita &#8216;\u00a1No llores!&#8217;, por lo que la busca, la encuentra y consuela; le da un beso y se toma una fotograf\u00eda con ella.<\/p>\n<p><iframe loading=\"lazy\" title=\"Di\u00e1logo con pueblos ind\u00edgenas, desde Marquelia, Guerrero\" width=\"640\" height=\"360\" src=\"https:\/\/www.youtube.com\/embed\/T2bVYuQmApg?feature=oembed\" frameborder=\"0\" allow=\"accelerometer; autoplay; clipboard-write; encrypted-media; gyroscope; picture-in-picture; web-share\" referrerpolicy=\"strict-origin-when-cross-origin\" allowfullscreen><\/iframe><\/p>\n<p>(PUBLICADO EL 15\/03\/2020)<\/p>\n","protected":false},"excerpt":{"rendered":"<p>GUERRERO. MX. \u2014 Pese a las recomendaciones de una \u00absana distancia\u00bb para evitar una propagaci\u00f3n&#8230;<\/p>\n","protected":false},"author":1,"featured_media":80713,"comment_status":"open","ping_status":"open","sticky":false,"template":"","format":"standard","meta":{"_monsterinsights_skip_tracking":false,"_monsterinsights_sitenote_active":false,"_monsterinsights_sitenote_note":"","_monsterinsights_sitenote_category":0,"footnotes":""},"categories":[5],"tags":[],"class_list":["post"],"yoast_head":" \n<title>Sonora en Equipo. L\u00f3pez Obrador visita los pueblos ind\u00edgenas de Guerrero Rep\u00fablica<\/title>\n<meta name=\"description\" content=\"GUERRERO. MX. \u2014 Pese a las recomendaciones de una &quot;sana distancia&quot; para evitar una propagaci\u00f3n de coronavirus, el presidente Andr\u00e9s Manuel L\u00f3pez Obrador En Sonora en Equipo publicamos toda la informaci\u00f3n de Sonora, M\u00e9xico y el Mundo de manera oportuna y busca que la libertad de expresi\u00f3n sea real. Visita nuestro medio informativo publicado desde Hermosillo, Sonora. %\" \/>\n<meta name=\"robots\" content=\"index, follow, max-snippet:-1, max-image-preview:large, max-video-preview:-1\" \/>\n<link rel=\"canonical\" href=\"https:\/\/www.sonoraenequipo.com.mx\/lopez-obrador-visita-los-pueblos-indigenas-de-guerrero\/\" \/>\n<meta property=\"og:locale\" content=\"es_ES\" \/>\n<meta property=\"og:type\" content=\"article\" \/>\n<meta property=\"og:title\" content=\"Sonora en Equipo. L\u00f3pez Obrador visita los pueblos ind\u00edgenas de Guerrero Rep\u00fablica\" \/>\n<meta property=\"og:description\" content=\"GUERRERO. MX. \u2014 Pese a las recomendaciones de una &quot;sana distancia&quot; para evitar una propagaci\u00f3n de coronavirus, el presidente Andr\u00e9s Manuel L\u00f3pez Obrador En Sonora en Equipo publicamos toda la informaci\u00f3n de Sonora, M\u00e9xico y el Mundo de manera oportuna y busca que la libertad de expresi\u00f3n sea real. Visita nuestro medio informativo publicado desde Hermosillo, Sonora. %\" \/>\n<meta property=\"og:url\" content=\"https:\/\/www.sonoraenequipo.com.mx\/lopez-obrador-visita-los-pueblos-indigenas-de-guerrero\/\" \/>\n<meta property=\"og:site_name\" content=\"Sonora en Equipo.\" \/>\n<meta property=\"article:publisher\" content=\"https:\/\/www.facebook.com\/SonoraEE\/\" \/>\n<meta property=\"article:author\" content=\"https:\/\/www.facebook.com\/SonoraEE\" \/>\n<meta property=\"article:published_time\" content=\"2020-03-15T17:04:15+00:00\" \/>\n<meta property=\"article:modified_time\" content=\"2020-03-15T17:07:38+00:00\" \/>\n<meta property=\"og:image\" content=\"https:\/\/www.sonoraenequipo.com.mx\/storage\/2020\/03\/psueblos-indigenas2_opt.jpg\" \/>\n\t<meta property=\"og:image:width\" content=\"525\" \/>\n\t<meta property=\"og:image:height\" content=\"350\" \/>\n\t<meta property=\"og:image:type\" content=\"image\/jpeg\" \/>\n<meta name=\"author\" content=\"enequipo\" \/>\n<meta name=\"twitter:card\" content=\"summary_large_image\" \/>\n<meta name=\"twitter:creator\" content=\"@sonoraenequipo\" \/>\n<meta name=\"twitter:site\" content=\"@sonoraenequipo\" \/>\n<meta name=\"twitter:label1\" content=\"Escrito por\" \/>\n\t<meta name=\"twitter:data1\" content=\"enequipo\" \/>\n\t<meta name=\"twitter:label2\" content=\"Tiempo de lectura\" \/>\n\t<meta name=\"twitter:data2\" content=\"2 minutos\" \/>\n<script type=\"application\/ld+json\" class=\"yoast-schema-graph\">{\"@context\":\"https:\/\/schema.org\",\"@graph\":[{\"@type\":\"Article\",\"@id\":\"https:\/\/www.sonoraenequipo.com.mx\/lopez-obrador-visita-los-pueblos-indigenas-de-guerrero\/#article\",\"isPartOf\":{\"@id\":\"https:\/\/www.sonoraenequipo.com.mx\/lopez-obrador-visita-los-pueblos-indigenas-de-guerrero\/\"},\"author\":{\"name\":\"enequipo\",\"@id\":\"https:\/\/www.sonoraenequipo.com.mx\/#\/schema\/person\/50102df0fb23a8fa9e8effad8fa81386\"},\"headline\":\"L\u00f3pez Obrador visita los pueblos ind\u00edgenas de Guerrero\",\"datePublished\":\"2020-03-15T17:04:15+00:00\",\"dateModified\":\"2020-03-15T17:07:38+00:00\",\"mainEntityOfPage\":{\"@id\":\"https:\/\/www.sonoraenequipo.com.mx\/lopez-obrador-visita-los-pueblos-indigenas-de-guerrero\/\"},\"wordCount\":421,\"commentCount\":0,\"publisher\":{\"@id\":\"https:\/\/www.sonoraenequipo.com.mx\/#organization\"},\"image\":{\"@id\":\"https:\/\/www.sonoraenequipo.com.mx\/lopez-obrador-visita-los-pueblos-indigenas-de-guerrero\/#primaryimage\"},\"thumbnailUrl\":\"https:\/\/www.sonoraenequipo.com.mx\/storage\/2020\/03\/psueblos-indigenas2_opt.jpg\",\"articleSection\":[\"Rep\u00fablica\"],\"inLanguage\":\"es\",\"potentialAction\":[{\"@type\":\"CommentAction\",\"name\":\"Comment\",\"target\":[\"https:\/\/www.sonoraenequipo.com.mx\/lopez-obrador-visita-los-pueblos-indigenas-de-guerrero\/#respond\"]}]},{\"@type\":\"WebPage\",\"@id\":\"https:\/\/www.sonoraenequipo.com.mx\/lopez-obrador-visita-los-pueblos-indigenas-de-guerrero\/\",\"url\":\"https:\/\/www.sonoraenequipo.com.mx\/lopez-obrador-visita-los-pueblos-indigenas-de-guerrero\/\",\"name\":\"Sonora en Equipo. L\u00f3pez Obrador visita los pueblos ind\u00edgenas de Guerrero Rep\u00fablica\",\"isPartOf\":{\"@id\":\"https:\/\/www.sonoraenequipo.com.mx\/#website\"},\"primaryImageOfPage\":{\"@id\":\"https:\/\/www.sonoraenequipo.com.mx\/lopez-obrador-visita-los-pueblos-indigenas-de-guerrero\/#primaryimage\"},\"image\":{\"@id\":\"https:\/\/www.sonoraenequipo.com.mx\/lopez-obrador-visita-los-pueblos-indigenas-de-guerrero\/#primaryimage\"},\"thumbnailUrl\":\"https:\/\/www.sonoraenequipo.com.mx\/storage\/2020\/03\/psueblos-indigenas2_opt.jpg\",\"datePublished\":\"2020-03-15T17:04:15+00:00\",\"dateModified\":\"2020-03-15T17:07:38+00:00\",\"description\":\"GUERRERO. MX. \u2014 Pese a las recomendaciones de una \\\"sana distancia\\\" para evitar una propagaci\u00f3n de coronavirus, el presidente Andr\u00e9s Manuel L\u00f3pez Obrador En Sonora en Equipo publicamos toda la informaci\u00f3n de Sonora, M\u00e9xico y el Mundo de manera oportuna y busca que la libertad de expresi\u00f3n sea real. Visita nuestro medio informativo publicado desde Hermosillo, Sonora. %\",\"breadcrumb\":{\"@id\":\"https:\/\/www.sonoraenequipo.com.mx\/lopez-obrador-visita-los-pueblos-indigenas-de-guerrero\/#breadcrumb\"},\"inLanguage\":\"es\",\"potentialAction\":[{\"@type\":\"ReadAction\",\"target\":[\"https:\/\/www.sonoraenequipo.com.mx\/lopez-obrador-visita-los-pueblos-indigenas-de-guerrero\/\"]}]},{\"@type\":\"ImageObject\",\"inLanguage\":\"es\",\"@id\":\"https:\/\/www.sonoraenequipo.com.mx\/lopez-obrador-visita-los-pueblos-indigenas-de-guerrero\/#primaryimage\",\"url\":\"https:\/\/www.sonoraenequipo.com.mx\/storage\/2020\/03\/psueblos-indigenas2_opt.jpg\",\"contentUrl\":\"https:\/\/www.sonoraenequipo.com.mx\/storage\/2020\/03\/psueblos-indigenas2_opt.jpg\",\"width\":525,\"height\":350},{\"@type\":\"BreadcrumbList\",\"@id\":\"https:\/\/www.sonoraenequipo.com.mx\/lopez-obrador-visita-los-pueblos-indigenas-de-guerrero\/#breadcrumb\",\"itemListElement\":[{\"@type\":\"ListItem\",\"position\":1,\"name\":\"Portada\",\"item\":\"https:\/\/www.sonoraenequipo.com.mx\/\"},{\"@type\":\"ListItem\",\"position\":2,\"name\":\"L\u00f3pez Obrador visita los pueblos ind\u00edgenas de Guerrero\"}]},{\"@type\":\"WebSite\",\"@id\":\"https:\/\/www.sonoraenequipo.com.mx\/#website\",\"url\":\"https:\/\/www.sonoraenequipo.com.mx\/\",\"name\":\"Sonora en Equipo.\",\"description\":\"Diario en l\u00ednea con Noticias desde Hermosillo, Sonora\",\"publisher\":{\"@id\":\"https:\/\/www.sonoraenequipo.com.mx\/#organization\"},\"potentialAction\":[{\"@type\":\"SearchAction\",\"target\":{\"@type\":\"EntryPoint\",\"urlTemplate\":\"https:\/\/www.sonoraenequipo.com.mx\/?s={search_term_string}\"},\"query-input\":{\"@type\":\"PropertyValueSpecification\",\"valueRequired\":true,\"valueName\":\"search_term_string\"}}],\"inLanguage\":\"es\"},{\"@type\":\"Organization\",\"@id\":\"https:\/\/www.sonoraenequipo.com.mx\/#organization\",\"name\":\"Sonoraenequipo.com.mx\",\"url\":\"https:\/\/www.sonoraenequipo.com.mx\/\",\"logo\":{\"@type\":\"ImageObject\",\"inLanguage\":\"es\",\"@id\":\"https:\/\/www.sonoraenequipo.com.mx\/#\/schema\/logo\/image\/\",\"url\":\"https:\/\/www.sonoraenequipo.com.mx\/storage\/2019\/01\/sonoraenequipo_opt.png\",\"contentUrl\":\"https:\/\/www.sonoraenequipo.com.mx\/storage\/2019\/01\/sonoraenequipo_opt.png\",\"width\":375,\"height\":125,\"caption\":\"Sonoraenequipo.com.mx\"},\"image\":{\"@id\":\"https:\/\/www.sonoraenequipo.com.mx\/#\/schema\/logo\/image\/\"},\"sameAs\":[\"https:\/\/www.facebook.com\/SonoraEE\/\",\"https:\/\/x.com\/sonoraenequipo\",\"https:\/\/www.youtube.com\/channel\/UC338nW-lPEYmJQs4ZABQ1SQ\"]},{\"@type\":\"Person\",\"@id\":\"https:\/\/www.sonoraenequipo.com.mx\/#\/schema\/person\/50102df0fb23a8fa9e8effad8fa81386\",\"name\":\"enequipo\",\"image\":{\"@type\":\"ImageObject\",\"inLanguage\":\"es\",\"@id\":\"https:\/\/www.sonoraenequipo.com.mx\/#\/schema\/person\/image\/\",\"url\":\"https:\/\/secure.gravatar.com\/avatar\/049821681b589dabc0bc20695993ccebb09f5b5d4d790cd9251b97faac7c652b?s=96&d=blank&r=g\",\"contentUrl\":\"https:\/\/secure.gravatar.com\/avatar\/049821681b589dabc0bc20695993ccebb09f5b5d4d790cd9251b97faac7c652b?s=96&d=blank&r=g\",\"caption\":\"enequipo\"},\"sameAs\":[\"https:\/\/www.facebook.com\/SonoraEE\"]}]}<\/script>\n ","yoast_head_json":{"title":"Sonora en Equipo. L\u00f3pez Obrador visita los pueblos ind\u00edgenas de Guerrero Rep\u00fablica","description":"GUERRERO. MX. \u2014 Pese a las recomendaciones de una \"sana distancia\" para evitar una propagaci\u00f3n de coronavirus, el presidente Andr\u00e9s Manuel L\u00f3pez Obrador En Sonora en Equipo publicamos toda la informaci\u00f3n de Sonora, M\u00e9xico y el Mundo de manera oportuna y busca que la libertad de expresi\u00f3n sea real. Visita nuestro medio informativo publicado desde Hermosillo, Sonora. %","robots":{"index":"index","follow":"follow","max-snippet":"max-snippet:-1","max-image-preview":"max-image-preview:large","max-video-preview":"max-video-preview:-1"},"canonical":"https:\/\/www.sonoraenequipo.com.mx\/lopez-obrador-visita-los-pueblos-indigenas-de-guerrero\/","og_locale":"es_ES","og_type":"article","og_title":"Sonora en Equipo. L\u00f3pez Obrador visita los pueblos ind\u00edgenas de Guerrero Rep\u00fablica","og_description":"GUERRERO. MX. \u2014 Pese a las recomendaciones de una \"sana distancia\" para evitar una propagaci\u00f3n de coronavirus, el presidente Andr\u00e9s Manuel L\u00f3pez Obrador En Sonora en Equipo publicamos toda la informaci\u00f3n de Sonora, M\u00e9xico y el Mundo de manera oportuna y busca que la libertad de expresi\u00f3n sea real. Visita nuestro medio informativo publicado desde Hermosillo, Sonora. %","og_url":"https:\/\/www.sonoraenequipo.com.mx\/lopez-obrador-visita-los-pueblos-indigenas-de-guerrero\/","og_site_name":"Sonora en Equipo.","article_publisher":"https:\/\/www.facebook.com\/SonoraEE\/","article_author":"https:\/\/www.facebook.com\/SonoraEE","article_published_time":"2020-03-15T17:04:15+00:00","article_modified_time":"2020-03-15T17:07:38+00:00","og_image":[{"width":525,"height":350,"url":"https:\/\/www.sonoraenequipo.com.mx\/storage\/2020\/03\/psueblos-indigenas2_opt.jpg","type":"image\/jpeg"}],"author":"enequipo","twitter_card":"summary_large_image","twitter_creator":"@sonoraenequipo","twitter_site":"@sonoraenequipo","twitter_misc":{"Escrito por":"enequipo","Tiempo de lectura":"2 minutos"},"schema":{"@context":"https:\/\/schema.org","@graph":[{"@type":"Article","@id":"https:\/\/www.sonoraenequipo.com.mx\/lopez-obrador-visita-los-pueblos-indigenas-de-guerrero\/#article","isPartOf":{"@id":"https:\/\/www.sonoraenequipo.com.mx\/lopez-obrador-visita-los-pueblos-indigenas-de-guerrero\/"},"author":{"name":"enequipo","@id":"https:\/\/www.sonoraenequipo.com.mx\/#\/schema\/person\/50102df0fb23a8fa9e8effad8fa81386"},"headline":"L\u00f3pez Obrador visita los pueblos ind\u00edgenas de Guerrero","datePublished":"2020-03-15T17:04:15+00:00","dateModified":"2020-03-15T17:07:38+00:00","mainEntityOfPage":{"@id":"https:\/\/www.sonoraenequipo.com.mx\/lopez-obrador-visita-los-pueblos-indigenas-de-guerrero\/"},"wordCount":421,"commentCount":0,"publisher":{"@id":"https:\/\/www.sonoraenequipo.com.mx\/#organization"},"image":{"@id":"https:\/\/www.sonoraenequipo.com.mx\/lopez-obrador-visita-los-pueblos-indigenas-de-guerrero\/#primaryimage"},"thumbnailUrl":"https:\/\/www.sonoraenequipo.com.mx\/storage\/2020\/03\/psueblos-indigenas2_opt.jpg","articleSection":["Rep\u00fablica"],"inLanguage":"es","potentialAction":[{"@type":"CommentAction","name":"Comment","target":["https:\/\/www.sonoraenequipo.com.mx\/lopez-obrador-visita-los-pueblos-indigenas-de-guerrero\/#respond"]}]},{"@type":"WebPage","@id":"https:\/\/www.sonoraenequipo.com.mx\/lopez-obrador-visita-los-pueblos-indigenas-de-guerrero\/","url":"https:\/\/www.sonoraenequipo.com.mx\/lopez-obrador-visita-los-pueblos-indigenas-de-guerrero\/","name":"Sonora en Equipo. L\u00f3pez Obrador visita los pueblos ind\u00edgenas de Guerrero Rep\u00fablica","isPartOf":{"@id":"https:\/\/www.sonoraenequipo.com.mx\/#website"},"primaryImageOfPage":{"@id":"https:\/\/www.sonoraenequipo.com.mx\/lopez-obrador-visita-los-pueblos-indigenas-de-guerrero\/#primaryimage"},"image":{"@id":"https:\/\/www.sonoraenequipo.com.mx\/lopez-obrador-visita-los-pueblos-indigenas-de-guerrero\/#primaryimage"},"thumbnailUrl":"https:\/\/www.sonoraenequipo.com.mx\/storage\/2020\/03\/psueblos-indigenas2_opt.jpg","datePublished":"2020-03-15T17:04:15+00:00","dateModified":"2020-03-15T17:07:38+00:00","description":"GUERRERO. MX. \u2014 Pese a las recomendaciones de una \"sana distancia\" para evitar una propagaci\u00f3n de coronavirus, el presidente Andr\u00e9s Manuel L\u00f3pez Obrador En Sonora en Equipo publicamos toda la informaci\u00f3n de Sonora, M\u00e9xico y el Mundo de manera oportuna y busca que la libertad de expresi\u00f3n sea real. Visita nuestro medio informativo publicado desde Hermosillo, Sonora. %","breadcrumb":{"@id":"https:\/\/www.sonoraenequipo.com.mx\/lopez-obrador-visita-los-pueblos-indigenas-de-guerrero\/#breadcrumb"},"inLanguage":"es","potentialAction":[{"@type":"ReadAction","target":["https:\/\/www.sonoraenequipo.com.mx\/lopez-obrador-visita-los-pueblos-indigenas-de-guerrero\/"]}]},{"@type":"ImageObject","inLanguage":"es","@id":"https:\/\/www.sonoraenequipo.com.mx\/lopez-obrador-visita-los-pueblos-indigenas-de-guerrero\/#primaryimage","url":"https:\/\/www.sonoraenequipo.com.mx\/storage\/2020\/03\/psueblos-indigenas2_opt.jpg","contentUrl":"https:\/\/www.sonoraenequipo.com.mx\/storage\/2020\/03\/psueblos-indigenas2_opt.jpg","width":525,"height":350},{"@type":"BreadcrumbList","@id":"https:\/\/www.sonoraenequipo.com.mx\/lopez-obrador-visita-los-pueblos-indigenas-de-guerrero\/#breadcrumb","itemListElement":[{"@type":"ListItem","position":1,"name":"Portada","item":"https:\/\/www.sonoraenequipo.com.mx\/"},{"@type":"ListItem","position":2,"name":"L\u00f3pez Obrador visita los pueblos ind\u00edgenas de Guerrero"}]},{"@type":"WebSite","@id":"https:\/\/www.sonoraenequipo.com.mx\/#website","url":"https:\/\/www.sonoraenequipo.com.mx\/","name":"Sonora en Equipo.","description":"Diario en l\u00ednea con Noticias desde Hermosillo, Sonora","publisher":{"@id":"https:\/\/www.sonoraenequipo.com.mx\/#organization"},"potentialAction":[{"@type":"SearchAction","target":{"@type":"EntryPoint","urlTemplate":"https:\/\/www.sonoraenequipo.com.mx\/?s={search_term_string}"},"query-input":{"@type":"PropertyValueSpecification","valueRequired":true,"valueName":"search_term_string"}}],"inLanguage":"es"},{"@type":"Organization","@id":"https:\/\/www.sonoraenequipo.com.mx\/#organization","name":"Sonoraenequipo.com.mx","url":"https:\/\/www.sonoraenequipo.com.mx\/","logo":{"@type":"ImageObject","inLanguage":"es","@id":"https:\/\/www.sonoraenequipo.com.mx\/#\/schema\/logo\/image\/","url":"https:\/\/www.sonoraenequipo.com.mx\/storage\/2019\/01\/sonoraenequipo_opt.png","contentUrl":"https:\/\/www.sonoraenequipo.com.mx\/storage\/2019\/01\/sonoraenequipo_opt.png","width":375,"height":125,"caption":"Sonoraenequipo.com.mx"},"image":{"@id":"https:\/\/www.sonoraenequipo.com.mx\/#\/schema\/logo\/image\/"},"sameAs":["https:\/\/www.facebook.com\/SonoraEE\/","https:\/\/x.com\/sonoraenequipo","https:\/\/www.youtube.com\/channel\/UC338nW-lPEYmJQs4ZABQ1SQ"]},{"@type":"Person","@id":"https:\/\/www.sonoraenequipo.com.mx\/#\/schema\/person\/50102df0fb23a8fa9e8effad8fa81386","name":"enequipo","image":{"@type":"ImageObject","inLanguage":"es","@id":"https:\/\/www.sonoraenequipo.com.mx\/#\/schema\/person\/image\/","url":"https:\/\/secure.gravatar.com\/avatar\/049821681b589dabc0bc20695993ccebb09f5b5d4d790cd9251b97faac7c652b?s=96&d=blank&r=g","contentUrl":"https:\/\/secure.gravatar.com\/avatar\/049821681b589dabc0bc20695993ccebb09f5b5d4d790cd9251b97faac7c652b?s=96&d=blank&r=g","caption":"enequipo"},"sameAs":["https:\/\/www.facebook.com\/SonoraEE"]}]}},"jetpack_featured_media_url":"https:\/\/www.sonoraenequipo.com.mx\/storage\/2020\/03\/psueblos-indigenas2_opt.jpg","_links":{"self":[{"href":"https:\/\/www.sonoraenequipo.com.mx\/api\/wp\/v2\/posts\/80712","targetHints":{"allow":["GET"]}}],"collection":[{"href":"https:\/\/www.sonoraenequipo.com.mx\/api\/wp\/v2\/posts"}],"about":[{"href":"https:\/\/www.sonoraenequipo.com.mx\/api\/wp\/v2\/types\/post"}],"author":[{"embeddable":true,"href":"https:\/\/www.sonoraenequipo.com.mx\/api\/wp\/v2\/users\/1"}],"replies":[{"embeddable":true,"href":"https:\/\/www.sonoraenequipo.com.mx\/api\/wp\/v2\/comments?post=80712"}],"version-history":[{"count":0,"href":"https:\/\/www.sonoraenequipo.com.mx\/api\/wp\/v2\/posts\/80712\/revisions"}],"wp:featuredmedia":[{"embeddable":true,"href":"https:\/\/www.sonoraenequipo.com.mx\/api\/wp\/v2\/media\/80713"}],"wp:attachment":[{"href":"https:\/\/www.sonoraenequipo.com.mx\/api\/wp\/v2\/media?parent=80712"}],"wp:term":[{"taxonomy":"category","embeddable":true,"href":"https:\/\/www.sonoraenequipo.com.mx\/api\/wp\/v2\/categories?post=80712"},{"taxonomy":"post_tag","embeddable":true,"href":"https:\/\/www.sonoraenequipo.com.mx\/api\/wp\/v2\/tags?post=80712"}],"curies":[{"name":"wp","href":"https:\/\/api.w.org\/{rel}","templated":true}]}}