{"id":80745,"date":"2020-03-14T11:50:24","date_gmt":"2020-03-14T18:50:24","guid":{"rendered":"https:\/\/www.sonoraenequipo.com.mx\/?p=80745"},"modified":"2020-03-15T15:07:41","modified_gmt":"2020-03-15T22:07:41","slug":"beneficia-gobierno-del-estado-con-proyecto-productivo-a-familia-vulnerable","status":"publish","type":"post","link":"https:\/\/www.sonoraenequipo.com.mx\/beneficia-gobierno-del-estado-con-proyecto-productivo-a-familia-vulnerable\/","title":{"rendered":"Beneficia Gobierno del Estado con proyecto productivo a familia vulnerable"},"content":{"rendered":"<p>HERMOSILLO, SONORA. MX. \u2014\u00a0 Mar\u00eda Teresa ya no tendr\u00e1 la necesidad de salir de su casa a trabajar y estar con la incertidumbre de saber c\u00f3mo se encuentra su hija Mar\u00eda Milagros, quien padece par\u00e1lisis cerebral, ya que ahora laborar\u00e1 de su casa gracias a que la gobernadora Claudia Pavlovich a trav\u00e9s de la Secretar\u00eda de Desarrollo Social (Sedesson) la benefici\u00f3 con un proyecto productivo.<\/p>\n<p>&nbsp;<\/p>\n<p>&nbsp;<\/p>\n<p> <\/p>\n<p>&nbsp;<\/p>\n<p>&nbsp;<\/p>\n<p>Madre de cuatro hijos, Mar\u00eda Teresa Calder\u00f3n Beltr\u00e1n sale todos los d\u00edas a trabajar como asistente en un consultorio dental, dejando en la casa a su hija Mar\u00eda Milagros de 22 a\u00f1os, quien padece par\u00e1lisis cerebral.<\/p>\n<p>&nbsp;<\/p>\n<p>&nbsp;<\/p>\n<p><em>\u201cTen\u00eda miedo dar vuelta en el callej\u00f3n para llegar a mi casa, y ver que algo malo pod\u00eda estar pas\u00e1ndole a mi hija, as\u00ed estoy siempre, con el miedo de no saber qu\u00e9 voy a encontrar\u201d,<\/em> expres\u00f3 conmovida Mar\u00eda Teresa, al recibir dos m\u00e1quinas de coser y equipo para costura.<\/p>\n<p>&nbsp;<\/p>\n<p>&nbsp;<\/p>\n<p>Reiter\u00f3 que con este proyecto productivo de la Sedesson, podr\u00e1 trabajar desde su casa y tener un sustento econ\u00f3mico que beneficiar\u00e1 la econom\u00eda familiar y lo m\u00e1s importante, dijo, estar pendiente de la salud de Mar\u00eda Milagros y de Iv\u00e1n, otro de sus hijos, y quien padece discapacidad auditiva.<\/p>\n<p>&nbsp;<\/p>\n<p>&nbsp;<\/p>\n<p><em>\u201cMuchas veces se ha convulsionado sola, por eso mi miedo siempre ha sido no saber qu\u00e9 voy a encontrar al llegar a mi casa, saber si mi hija va estar bien, o va estar tirada en el piso, por horas\u201d<\/em>, mencion\u00f3.<\/p>\n<p>&nbsp;<\/p>\n<p>&nbsp;<\/p>\n<p>Record\u00f3 que hace alrededor de ocho a\u00f1os solicit\u00f3 un proyecto productivo en diversas instancias estatales, sin obtener respuesta, hasta hace unos d\u00edas cuando conoci\u00f3 a la gobernadora Claudia Pavlovich, y se anim\u00f3 nuevamente a hacer su petici\u00f3n.<\/p>\n<p>&nbsp;<\/p>\n<p>&nbsp;<\/p>\n<p><em>\u201cHab\u00eda buscado el apoyo por muchos medios, pero no se me hab\u00eda dado, hasta ahora que la se\u00f1ora gobernadora me mando a apoyar, y estoy muy contenta\u201d,<\/em> expres\u00f3.<\/p>\n<p>&nbsp;<\/p>\n<p>Para Tere, como es conocida entre sus vecinos en la colonia El Ranchito, este es un sue\u00f1o hecho realidad, ya que su gusto por la costura le naci\u00f3 hace 25 a\u00f1os, pero por falta de recursos no hab\u00eda podido instalar su propio taller.<\/p>\n<p>&nbsp;<\/p>\n<p>&nbsp;<\/p>\n<p>Manuel Puebla, secretario de la Sedesson fue quien entreg\u00f3 el proyecto productivo, con el que Tere ya no tendr\u00e1 necesidad de salir a trabajar, ya que ahora lo har\u00e1 desde su casa con la tranquilidad de esta al lado de su hija.<\/p>\n<p>&nbsp;<\/p>\n<p>&nbsp;<\/p>\n<p><em>\u201cMe servir\u00e1 para estar con la ni\u00f1a, mi intenci\u00f3n es estar m\u00e1s al pendiente de ella, y sacarla adelante\u201d,<\/em> subray\u00f3.<\/p>\n<p>&nbsp;<\/p>\n<p>&nbsp;<\/p>\n<p>Por su parte, Manuel Puebla destac\u00f3 que el Gobierno del Estado a trav\u00e9s de la Sedesson atiende las carencias sociales, con el principal objetivo de que las familias vulnerables mejoren su calidad de vida.<\/p>\n<p>&nbsp;<\/p>\n<p>&nbsp;<\/p>\n<p>Agreg\u00f3 que a la fecha la Sedesson en la presente administraci\u00f3n estatal ha otorgado 430 proyectos productivos, acciones que han contribuido a promover el autoempleo para el desarrollo social de las familias sonorenses.<\/p>\n<p>&nbsp;<\/p>\n<p>&nbsp;<\/p>\n<p>Acompa\u00f1aron al secretario en este evento, Karmen D\u00edaz Brown, subsecretaria de Infraestructura Social, y Yolanda Lugo, directora general de Programas Sociales.<\/p>\n<p>&nbsp;<\/p>\n<p>&nbsp;<\/p>\n<p>(PUBLICADO EL 14\/03\/2020)<\/p>\n","protected":false},"excerpt":{"rendered":"<p>HERMOSILLO, SONORA. MX. \u2014\u00a0 Mar\u00eda Teresa ya no tendr\u00e1 la necesidad de salir de su&#8230;<\/p>\n","protected":false},"author":1,"featured_media":80699,"comment_status":"open","ping_status":"open","sticky":false,"template":"","format":"standard","meta":{"_monsterinsights_skip_tracking":false,"_monsterinsights_sitenote_active":false,"_monsterinsights_sitenote_note":"","_monsterinsights_sitenote_category":0,"footnotes":""},"categories":[22],"tags":[],"class_list":["post"],"yoast_head":" \n<title>Sonora en Equipo. Beneficia Gobierno del Estado con proyecto productivo a familia vulnerable Sonora<\/title>\n<meta name=\"description\" content=\"HERMOSILLO, SONORA. MX. \u2014\u00a0 Mar\u00eda Teresa ya no tendr\u00e1 la necesidad de salir de su casa a trabajar y estar con la incertidumbre de saber c\u00f3mo se encuentra En Sonora en Equipo publicamos toda la informaci\u00f3n de Sonora, M\u00e9xico y el Mundo de manera oportuna y busca que la libertad de expresi\u00f3n sea real. Visita nuestro medio informativo publicado desde Hermosillo, Sonora. %\" \/>\n<meta name=\"robots\" content=\"index, follow, max-snippet:-1, max-image-preview:large, max-video-preview:-1\" \/>\n<link rel=\"canonical\" href=\"https:\/\/www.sonoraenequipo.com.mx\/beneficia-gobierno-del-estado-con-proyecto-productivo-a-familia-vulnerable\/\" \/>\n<meta property=\"og:locale\" content=\"es_ES\" \/>\n<meta property=\"og:type\" content=\"article\" \/>\n<meta property=\"og:title\" content=\"Sonora en Equipo. Beneficia Gobierno del Estado con proyecto productivo a familia vulnerable Sonora\" \/>\n<meta property=\"og:description\" content=\"HERMOSILLO, SONORA. MX. \u2014\u00a0 Mar\u00eda Teresa ya no tendr\u00e1 la necesidad de salir de su casa a trabajar y estar con la incertidumbre de saber c\u00f3mo se encuentra En Sonora en Equipo publicamos toda la informaci\u00f3n de Sonora, M\u00e9xico y el Mundo de manera oportuna y busca que la libertad de expresi\u00f3n sea real. Visita nuestro medio informativo publicado desde Hermosillo, Sonora. %\" \/>\n<meta property=\"og:url\" content=\"https:\/\/www.sonoraenequipo.com.mx\/beneficia-gobierno-del-estado-con-proyecto-productivo-a-familia-vulnerable\/\" \/>\n<meta property=\"og:site_name\" content=\"Sonora en Equipo.\" \/>\n<meta property=\"article:publisher\" content=\"https:\/\/www.facebook.com\/SonoraEE\/\" \/>\n<meta property=\"article:author\" content=\"https:\/\/www.facebook.com\/SonoraEE\" \/>\n<meta property=\"article:published_time\" content=\"2020-03-14T18:50:24+00:00\" \/>\n<meta property=\"article:modified_time\" content=\"2020-03-15T22:07:41+00:00\" \/>\n<meta property=\"og:image\" content=\"https:\/\/www.sonoraenequipo.com.mx\/storage\/2020\/03\/Beneficia-Gob-proy-1_opt.jpg\" \/>\n\t<meta property=\"og:image:width\" content=\"525\" \/>\n\t<meta property=\"og:image:height\" content=\"350\" \/>\n\t<meta property=\"og:image:type\" content=\"image\/jpeg\" \/>\n<meta name=\"author\" content=\"enequipo\" \/>\n<meta name=\"twitter:card\" content=\"summary_large_image\" \/>\n<meta name=\"twitter:creator\" content=\"@sonoraenequipo\" \/>\n<meta name=\"twitter:site\" content=\"@sonoraenequipo\" \/>\n<meta name=\"twitter:label1\" content=\"Escrito por\" \/>\n\t<meta name=\"twitter:data1\" content=\"enequipo\" \/>\n\t<meta name=\"twitter:label2\" content=\"Tiempo de lectura\" \/>\n\t<meta name=\"twitter:data2\" content=\"3 minutos\" \/>\n<script type=\"application\/ld+json\" class=\"yoast-schema-graph\">{\"@context\":\"https:\/\/schema.org\",\"@graph\":[{\"@type\":\"Article\",\"@id\":\"https:\/\/www.sonoraenequipo.com.mx\/beneficia-gobierno-del-estado-con-proyecto-productivo-a-familia-vulnerable\/#article\",\"isPartOf\":{\"@id\":\"https:\/\/www.sonoraenequipo.com.mx\/beneficia-gobierno-del-estado-con-proyecto-productivo-a-familia-vulnerable\/\"},\"author\":{\"name\":\"enequipo\",\"@id\":\"https:\/\/www.sonoraenequipo.com.mx\/#\/schema\/person\/50102df0fb23a8fa9e8effad8fa81386\"},\"headline\":\"Beneficia Gobierno del Estado con proyecto productivo a familia vulnerable\",\"datePublished\":\"2020-03-14T18:50:24+00:00\",\"dateModified\":\"2020-03-15T22:07:41+00:00\",\"mainEntityOfPage\":{\"@id\":\"https:\/\/www.sonoraenequipo.com.mx\/beneficia-gobierno-del-estado-con-proyecto-productivo-a-familia-vulnerable\/\"},\"wordCount\":574,\"commentCount\":0,\"publisher\":{\"@id\":\"https:\/\/www.sonoraenequipo.com.mx\/#organization\"},\"image\":{\"@id\":\"https:\/\/www.sonoraenequipo.com.mx\/beneficia-gobierno-del-estado-con-proyecto-productivo-a-familia-vulnerable\/#primaryimage\"},\"thumbnailUrl\":\"https:\/\/www.sonoraenequipo.com.mx\/storage\/2020\/03\/Beneficia-Gob-proy-1_opt.jpg\",\"articleSection\":[\"Sonora\"],\"inLanguage\":\"es\",\"potentialAction\":[{\"@type\":\"CommentAction\",\"name\":\"Comment\",\"target\":[\"https:\/\/www.sonoraenequipo.com.mx\/beneficia-gobierno-del-estado-con-proyecto-productivo-a-familia-vulnerable\/#respond\"]}]},{\"@type\":\"WebPage\",\"@id\":\"https:\/\/www.sonoraenequipo.com.mx\/beneficia-gobierno-del-estado-con-proyecto-productivo-a-familia-vulnerable\/\",\"url\":\"https:\/\/www.sonoraenequipo.com.mx\/beneficia-gobierno-del-estado-con-proyecto-productivo-a-familia-vulnerable\/\",\"name\":\"Sonora en Equipo. Beneficia Gobierno del Estado con proyecto productivo a familia vulnerable Sonora\",\"isPartOf\":{\"@id\":\"https:\/\/www.sonoraenequipo.com.mx\/#website\"},\"primaryImageOfPage\":{\"@id\":\"https:\/\/www.sonoraenequipo.com.mx\/beneficia-gobierno-del-estado-con-proyecto-productivo-a-familia-vulnerable\/#primaryimage\"},\"image\":{\"@id\":\"https:\/\/www.sonoraenequipo.com.mx\/beneficia-gobierno-del-estado-con-proyecto-productivo-a-familia-vulnerable\/#primaryimage\"},\"thumbnailUrl\":\"https:\/\/www.sonoraenequipo.com.mx\/storage\/2020\/03\/Beneficia-Gob-proy-1_opt.jpg\",\"datePublished\":\"2020-03-14T18:50:24+00:00\",\"dateModified\":\"2020-03-15T22:07:41+00:00\",\"description\":\"HERMOSILLO, SONORA. MX. \u2014\u00a0 Mar\u00eda Teresa ya no tendr\u00e1 la necesidad de salir de su casa a trabajar y estar con la incertidumbre de saber c\u00f3mo se encuentra En Sonora en Equipo publicamos toda la informaci\u00f3n de Sonora, M\u00e9xico y el Mundo de manera oportuna y busca que la libertad de expresi\u00f3n sea real. Visita nuestro medio informativo publicado desde Hermosillo, Sonora. %\",\"breadcrumb\":{\"@id\":\"https:\/\/www.sonoraenequipo.com.mx\/beneficia-gobierno-del-estado-con-proyecto-productivo-a-familia-vulnerable\/#breadcrumb\"},\"inLanguage\":\"es\",\"potentialAction\":[{\"@type\":\"ReadAction\",\"target\":[\"https:\/\/www.sonoraenequipo.com.mx\/beneficia-gobierno-del-estado-con-proyecto-productivo-a-familia-vulnerable\/\"]}]},{\"@type\":\"ImageObject\",\"inLanguage\":\"es\",\"@id\":\"https:\/\/www.sonoraenequipo.com.mx\/beneficia-gobierno-del-estado-con-proyecto-productivo-a-familia-vulnerable\/#primaryimage\",\"url\":\"https:\/\/www.sonoraenequipo.com.mx\/storage\/2020\/03\/Beneficia-Gob-proy-1_opt.jpg\",\"contentUrl\":\"https:\/\/www.sonoraenequipo.com.mx\/storage\/2020\/03\/Beneficia-Gob-proy-1_opt.jpg\",\"width\":525,\"height\":350},{\"@type\":\"BreadcrumbList\",\"@id\":\"https:\/\/www.sonoraenequipo.com.mx\/beneficia-gobierno-del-estado-con-proyecto-productivo-a-familia-vulnerable\/#breadcrumb\",\"itemListElement\":[{\"@type\":\"ListItem\",\"position\":1,\"name\":\"Portada\",\"item\":\"https:\/\/www.sonoraenequipo.com.mx\/\"},{\"@type\":\"ListItem\",\"position\":2,\"name\":\"Beneficia Gobierno del Estado con proyecto productivo a familia vulnerable\"}]},{\"@type\":\"WebSite\",\"@id\":\"https:\/\/www.sonoraenequipo.com.mx\/#website\",\"url\":\"https:\/\/www.sonoraenequipo.com.mx\/\",\"name\":\"Sonora en Equipo.\",\"description\":\"Diario en l\u00ednea con Noticias desde Hermosillo, Sonora\",\"publisher\":{\"@id\":\"https:\/\/www.sonoraenequipo.com.mx\/#organization\"},\"potentialAction\":[{\"@type\":\"SearchAction\",\"target\":{\"@type\":\"EntryPoint\",\"urlTemplate\":\"https:\/\/www.sonoraenequipo.com.mx\/?s={search_term_string}\"},\"query-input\":{\"@type\":\"PropertyValueSpecification\",\"valueRequired\":true,\"valueName\":\"search_term_string\"}}],\"inLanguage\":\"es\"},{\"@type\":\"Organization\",\"@id\":\"https:\/\/www.sonoraenequipo.com.mx\/#organization\",\"name\":\"Sonoraenequipo.com.mx\",\"url\":\"https:\/\/www.sonoraenequipo.com.mx\/\",\"logo\":{\"@type\":\"ImageObject\",\"inLanguage\":\"es\",\"@id\":\"https:\/\/www.sonoraenequipo.com.mx\/#\/schema\/logo\/image\/\",\"url\":\"https:\/\/www.sonoraenequipo.com.mx\/storage\/2019\/01\/sonoraenequipo_opt.png\",\"contentUrl\":\"https:\/\/www.sonoraenequipo.com.mx\/storage\/2019\/01\/sonoraenequipo_opt.png\",\"width\":375,\"height\":125,\"caption\":\"Sonoraenequipo.com.mx\"},\"image\":{\"@id\":\"https:\/\/www.sonoraenequipo.com.mx\/#\/schema\/logo\/image\/\"},\"sameAs\":[\"https:\/\/www.facebook.com\/SonoraEE\/\",\"https:\/\/x.com\/sonoraenequipo\",\"https:\/\/www.youtube.com\/channel\/UC338nW-lPEYmJQs4ZABQ1SQ\"]},{\"@type\":\"Person\",\"@id\":\"https:\/\/www.sonoraenequipo.com.mx\/#\/schema\/person\/50102df0fb23a8fa9e8effad8fa81386\",\"name\":\"enequipo\",\"image\":{\"@type\":\"ImageObject\",\"inLanguage\":\"es\",\"@id\":\"https:\/\/www.sonoraenequipo.com.mx\/#\/schema\/person\/image\/\",\"url\":\"https:\/\/secure.gravatar.com\/avatar\/049821681b589dabc0bc20695993ccebb09f5b5d4d790cd9251b97faac7c652b?s=96&d=blank&r=g\",\"contentUrl\":\"https:\/\/secure.gravatar.com\/avatar\/049821681b589dabc0bc20695993ccebb09f5b5d4d790cd9251b97faac7c652b?s=96&d=blank&r=g\",\"caption\":\"enequipo\"},\"sameAs\":[\"https:\/\/www.facebook.com\/SonoraEE\"]}]}<\/script>\n ","yoast_head_json":{"title":"Sonora en Equipo. Beneficia Gobierno del Estado con proyecto productivo a familia vulnerable Sonora","description":"HERMOSILLO, SONORA. MX. \u2014\u00a0 Mar\u00eda Teresa ya no tendr\u00e1 la necesidad de salir de su casa a trabajar y estar con la incertidumbre de saber c\u00f3mo se encuentra En Sonora en Equipo publicamos toda la informaci\u00f3n de Sonora, M\u00e9xico y el Mundo de manera oportuna y busca que la libertad de expresi\u00f3n sea real. Visita nuestro medio informativo publicado desde Hermosillo, Sonora. %","robots":{"index":"index","follow":"follow","max-snippet":"max-snippet:-1","max-image-preview":"max-image-preview:large","max-video-preview":"max-video-preview:-1"},"canonical":"https:\/\/www.sonoraenequipo.com.mx\/beneficia-gobierno-del-estado-con-proyecto-productivo-a-familia-vulnerable\/","og_locale":"es_ES","og_type":"article","og_title":"Sonora en Equipo. Beneficia Gobierno del Estado con proyecto productivo a familia vulnerable Sonora","og_description":"HERMOSILLO, SONORA. MX. \u2014\u00a0 Mar\u00eda Teresa ya no tendr\u00e1 la necesidad de salir de su casa a trabajar y estar con la incertidumbre de saber c\u00f3mo se encuentra En Sonora en Equipo publicamos toda la informaci\u00f3n de Sonora, M\u00e9xico y el Mundo de manera oportuna y busca que la libertad de expresi\u00f3n sea real. Visita nuestro medio informativo publicado desde Hermosillo, Sonora. %","og_url":"https:\/\/www.sonoraenequipo.com.mx\/beneficia-gobierno-del-estado-con-proyecto-productivo-a-familia-vulnerable\/","og_site_name":"Sonora en Equipo.","article_publisher":"https:\/\/www.facebook.com\/SonoraEE\/","article_author":"https:\/\/www.facebook.com\/SonoraEE","article_published_time":"2020-03-14T18:50:24+00:00","article_modified_time":"2020-03-15T22:07:41+00:00","og_image":[{"width":525,"height":350,"url":"https:\/\/www.sonoraenequipo.com.mx\/storage\/2020\/03\/Beneficia-Gob-proy-1_opt.jpg","type":"image\/jpeg"}],"author":"enequipo","twitter_card":"summary_large_image","twitter_creator":"@sonoraenequipo","twitter_site":"@sonoraenequipo","twitter_misc":{"Escrito por":"enequipo","Tiempo de lectura":"3 minutos"},"schema":{"@context":"https:\/\/schema.org","@graph":[{"@type":"Article","@id":"https:\/\/www.sonoraenequipo.com.mx\/beneficia-gobierno-del-estado-con-proyecto-productivo-a-familia-vulnerable\/#article","isPartOf":{"@id":"https:\/\/www.sonoraenequipo.com.mx\/beneficia-gobierno-del-estado-con-proyecto-productivo-a-familia-vulnerable\/"},"author":{"name":"enequipo","@id":"https:\/\/www.sonoraenequipo.com.mx\/#\/schema\/person\/50102df0fb23a8fa9e8effad8fa81386"},"headline":"Beneficia Gobierno del Estado con proyecto productivo a familia vulnerable","datePublished":"2020-03-14T18:50:24+00:00","dateModified":"2020-03-15T22:07:41+00:00","mainEntityOfPage":{"@id":"https:\/\/www.sonoraenequipo.com.mx\/beneficia-gobierno-del-estado-con-proyecto-productivo-a-familia-vulnerable\/"},"wordCount":574,"commentCount":0,"publisher":{"@id":"https:\/\/www.sonoraenequipo.com.mx\/#organization"},"image":{"@id":"https:\/\/www.sonoraenequipo.com.mx\/beneficia-gobierno-del-estado-con-proyecto-productivo-a-familia-vulnerable\/#primaryimage"},"thumbnailUrl":"https:\/\/www.sonoraenequipo.com.mx\/storage\/2020\/03\/Beneficia-Gob-proy-1_opt.jpg","articleSection":["Sonora"],"inLanguage":"es","potentialAction":[{"@type":"CommentAction","name":"Comment","target":["https:\/\/www.sonoraenequipo.com.mx\/beneficia-gobierno-del-estado-con-proyecto-productivo-a-familia-vulnerable\/#respond"]}]},{"@type":"WebPage","@id":"https:\/\/www.sonoraenequipo.com.mx\/beneficia-gobierno-del-estado-con-proyecto-productivo-a-familia-vulnerable\/","url":"https:\/\/www.sonoraenequipo.com.mx\/beneficia-gobierno-del-estado-con-proyecto-productivo-a-familia-vulnerable\/","name":"Sonora en Equipo. Beneficia Gobierno del Estado con proyecto productivo a familia vulnerable Sonora","isPartOf":{"@id":"https:\/\/www.sonoraenequipo.com.mx\/#website"},"primaryImageOfPage":{"@id":"https:\/\/www.sonoraenequipo.com.mx\/beneficia-gobierno-del-estado-con-proyecto-productivo-a-familia-vulnerable\/#primaryimage"},"image":{"@id":"https:\/\/www.sonoraenequipo.com.mx\/beneficia-gobierno-del-estado-con-proyecto-productivo-a-familia-vulnerable\/#primaryimage"},"thumbnailUrl":"https:\/\/www.sonoraenequipo.com.mx\/storage\/2020\/03\/Beneficia-Gob-proy-1_opt.jpg","datePublished":"2020-03-14T18:50:24+00:00","dateModified":"2020-03-15T22:07:41+00:00","description":"HERMOSILLO, SONORA. MX. \u2014\u00a0 Mar\u00eda Teresa ya no tendr\u00e1 la necesidad de salir de su casa a trabajar y estar con la incertidumbre de saber c\u00f3mo se encuentra En Sonora en Equipo publicamos toda la informaci\u00f3n de Sonora, M\u00e9xico y el Mundo de manera oportuna y busca que la libertad de expresi\u00f3n sea real. Visita nuestro medio informativo publicado desde Hermosillo, Sonora. %","breadcrumb":{"@id":"https:\/\/www.sonoraenequipo.com.mx\/beneficia-gobierno-del-estado-con-proyecto-productivo-a-familia-vulnerable\/#breadcrumb"},"inLanguage":"es","potentialAction":[{"@type":"ReadAction","target":["https:\/\/www.sonoraenequipo.com.mx\/beneficia-gobierno-del-estado-con-proyecto-productivo-a-familia-vulnerable\/"]}]},{"@type":"ImageObject","inLanguage":"es","@id":"https:\/\/www.sonoraenequipo.com.mx\/beneficia-gobierno-del-estado-con-proyecto-productivo-a-familia-vulnerable\/#primaryimage","url":"https:\/\/www.sonoraenequipo.com.mx\/storage\/2020\/03\/Beneficia-Gob-proy-1_opt.jpg","contentUrl":"https:\/\/www.sonoraenequipo.com.mx\/storage\/2020\/03\/Beneficia-Gob-proy-1_opt.jpg","width":525,"height":350},{"@type":"BreadcrumbList","@id":"https:\/\/www.sonoraenequipo.com.mx\/beneficia-gobierno-del-estado-con-proyecto-productivo-a-familia-vulnerable\/#breadcrumb","itemListElement":[{"@type":"ListItem","position":1,"name":"Portada","item":"https:\/\/www.sonoraenequipo.com.mx\/"},{"@type":"ListItem","position":2,"name":"Beneficia Gobierno del Estado con proyecto productivo a familia vulnerable"}]},{"@type":"WebSite","@id":"https:\/\/www.sonoraenequipo.com.mx\/#website","url":"https:\/\/www.sonoraenequipo.com.mx\/","name":"Sonora en Equipo.","description":"Diario en l\u00ednea con Noticias desde Hermosillo, Sonora","publisher":{"@id":"https:\/\/www.sonoraenequipo.com.mx\/#organization"},"potentialAction":[{"@type":"SearchAction","target":{"@type":"EntryPoint","urlTemplate":"https:\/\/www.sonoraenequipo.com.mx\/?s={search_term_string}"},"query-input":{"@type":"PropertyValueSpecification","valueRequired":true,"valueName":"search_term_string"}}],"inLanguage":"es"},{"@type":"Organization","@id":"https:\/\/www.sonoraenequipo.com.mx\/#organization","name":"Sonoraenequipo.com.mx","url":"https:\/\/www.sonoraenequipo.com.mx\/","logo":{"@type":"ImageObject","inLanguage":"es","@id":"https:\/\/www.sonoraenequipo.com.mx\/#\/schema\/logo\/image\/","url":"https:\/\/www.sonoraenequipo.com.mx\/storage\/2019\/01\/sonoraenequipo_opt.png","contentUrl":"https:\/\/www.sonoraenequipo.com.mx\/storage\/2019\/01\/sonoraenequipo_opt.png","width":375,"height":125,"caption":"Sonoraenequipo.com.mx"},"image":{"@id":"https:\/\/www.sonoraenequipo.com.mx\/#\/schema\/logo\/image\/"},"sameAs":["https:\/\/www.facebook.com\/SonoraEE\/","https:\/\/x.com\/sonoraenequipo","https:\/\/www.youtube.com\/channel\/UC338nW-lPEYmJQs4ZABQ1SQ"]},{"@type":"Person","@id":"https:\/\/www.sonoraenequipo.com.mx\/#\/schema\/person\/50102df0fb23a8fa9e8effad8fa81386","name":"enequipo","image":{"@type":"ImageObject","inLanguage":"es","@id":"https:\/\/www.sonoraenequipo.com.mx\/#\/schema\/person\/image\/","url":"https:\/\/secure.gravatar.com\/avatar\/049821681b589dabc0bc20695993ccebb09f5b5d4d790cd9251b97faac7c652b?s=96&d=blank&r=g","contentUrl":"https:\/\/secure.gravatar.com\/avatar\/049821681b589dabc0bc20695993ccebb09f5b5d4d790cd9251b97faac7c652b?s=96&d=blank&r=g","caption":"enequipo"},"sameAs":["https:\/\/www.facebook.com\/SonoraEE"]}]}},"jetpack_featured_media_url":"https:\/\/www.sonoraenequipo.com.mx\/storage\/2020\/03\/Beneficia-Gob-proy-1_opt.jpg","_links":{"self":[{"href":"https:\/\/www.sonoraenequipo.com.mx\/api\/wp\/v2\/posts\/80745","targetHints":{"allow":["GET"]}}],"collection":[{"href":"https:\/\/www.sonoraenequipo.com.mx\/api\/wp\/v2\/posts"}],"about":[{"href":"https:\/\/www.sonoraenequipo.com.mx\/api\/wp\/v2\/types\/post"}],"author":[{"embeddable":true,"href":"https:\/\/www.sonoraenequipo.com.mx\/api\/wp\/v2\/users\/1"}],"replies":[{"embeddable":true,"href":"https:\/\/www.sonoraenequipo.com.mx\/api\/wp\/v2\/comments?post=80745"}],"version-history":[{"count":0,"href":"https:\/\/www.sonoraenequipo.com.mx\/api\/wp\/v2\/posts\/80745\/revisions"}],"wp:featuredmedia":[{"embeddable":true,"href":"https:\/\/www.sonoraenequipo.com.mx\/api\/wp\/v2\/media\/80699"}],"wp:attachment":[{"href":"https:\/\/www.sonoraenequipo.com.mx\/api\/wp\/v2\/media?parent=80745"}],"wp:term":[{"taxonomy":"category","embeddable":true,"href":"https:\/\/www.sonoraenequipo.com.mx\/api\/wp\/v2\/categories?post=80745"},{"taxonomy":"post_tag","embeddable":true,"href":"https:\/\/www.sonoraenequipo.com.mx\/api\/wp\/v2\/tags?post=80745"}],"curies":[{"name":"wp","href":"https:\/\/api.w.org\/{rel}","templated":true}]}}