{"id":80747,"date":"2020-03-14T19:15:14","date_gmt":"2020-03-15T02:15:14","guid":{"rendered":"https:\/\/www.sonoraenequipo.com.mx\/?p=80747"},"modified":"2020-03-15T15:21:07","modified_gmt":"2020-03-15T22:21:07","slug":"inauguran-bacanora-fest-en-rosario","status":"publish","type":"post","link":"https:\/\/www.sonoraenequipo.com.mx\/inauguran-bacanora-fest-en-rosario\/","title":{"rendered":"Inauguran Bacanora Fest en Rosario"},"content":{"rendered":"<p>ROSARIO TESOPACO, SONORA. MX. \u2014\u00a0 Las tradiciones de los municipios, sus fiestas, riqueza cultural, art\u00edstica y atractivos naturales son grandes detonadores del turismo en Sonora, expres\u00f3 el coordinador de la Comisi\u00f3n de Fomento al Turismo (Cofetur), Luis N\u00fa\u00f1ez Noriega.<\/p>\n<p>&nbsp;<\/p>\n<p>&nbsp;<\/p>\n<p> <\/p>\n<p>&nbsp;<\/p>\n<p>Durante la inauguraci\u00f3n del Bacanora Fest en Rosario, el funcionario reconoci\u00f3 la importancia de la organizaci\u00f3n de este tipo de eventos, donde se muestren los atractivos, gastronom\u00eda y tradiciones de la regi\u00f3n para sus visitantes, <em>\u201cLa gobernadora Claudia Pavlovich ha trabajado intensamente para posicionar a Sonora en el mapa nacional y mundial de lugares a visitar, y es precisamente con este tipo de eventos como se logra una mayor proyecci\u00f3n y al mismo tiempo se mejora la actividad econ\u00f3mica de las regiones\u201d<\/em>, coment\u00f3.<\/p>\n<p>&nbsp;<\/p>\n<p>Frente a los asistentes a esta segunda edici\u00f3n del Bacanora Fest, N\u00fa\u00f1ez Noriega se comprometi\u00f3 a continuar con el impulso de la Ruta del Bacanora y a los municipios que la conforman, sobre todo porque es una bebida que se ha posicionado en mercados nacionales e internacionales.<\/p>\n<p>&nbsp;<\/p>\n<p>Por su parte, Mario Welfo \u00c1lvarez Beltr\u00e1n, titular del Instituto Sonorense de Cultura, expres\u00f3 la importancia de contar con espacios en donde la cultura y el arte sonorense se muestren y disfruten, por lo que reiter\u00f3 su compromiso para continuar impulsando este tipo de eventos que se organicen en los municipios de Sonora.<\/p>\n<p>&nbsp;<\/p>\n<p>La alcaldesa de este municipio, Karina Valenzuela Mend\u00edvil, agradeci\u00f3 el apoyo de las autoridades estatales para el desarrollo de este evento, adem\u00e1s de entregar un reconocimiento al coordinador N\u00fa\u00f1ez Noriega por ser uno de los principales impulsores para lograr la denominaci\u00f3n de origen de esta emblem\u00e1tica bebida sonorense.<\/p>\n<p>&nbsp;<\/p>\n<p>&nbsp;<\/p>\n<p>Los visitantes y turistas que asistieron al Festival del Bacanora disfrutaron de la gastronom\u00eda, bebidas y actividades culturales y art\u00edsticos que se organizaron.<\/p>\n<p>&nbsp;<\/p>\n<p>Presentes: Zaira Fern\u00e1ndez Morales, directora general de bebidas alcoh\u00f3licas de Sonora; Omar Guill\u00e9n Partida, subsecretario de Impulso a la Comercializaci\u00f3n de la Secretar\u00eda de Econom\u00eda, la diputada federal, Hildeliza Gonz\u00e1lez Morales; los alcaldes de Bacanora y Y\u00e9cora, Belisario Pacheco Galindo y Yadira Espinoza M\u00e9ndez y ciudadan\u00eda en general.<\/p>\n<p>&nbsp;<\/p>\n<p>&nbsp;<\/p>\n<p>(PUBLICADO EL 14\/03\/2020)<\/p>\n","protected":false},"excerpt":{"rendered":"<p>ROSARIO TESOPACO, SONORA. MX. \u2014\u00a0 Las tradiciones de los municipios, sus fiestas, riqueza cultural, art\u00edstica&#8230;<\/p>\n","protected":false},"author":1,"featured_media":80701,"comment_status":"open","ping_status":"open","sticky":false,"template":"","format":"standard","meta":{"_monsterinsights_skip_tracking":false,"_monsterinsights_sitenote_active":false,"_monsterinsights_sitenote_note":"","_monsterinsights_sitenote_category":0,"footnotes":""},"categories":[22],"tags":[],"class_list":["post"],"yoast_head":" \n<title>Sonora en Equipo. Inauguran Bacanora Fest en Rosario Sonora<\/title>\n<meta name=\"description\" content=\"ROSARIO TESOPACO, SONORA. MX. \u2014\u00a0 Las tradiciones de los municipios, sus fiestas, riqueza cultural, art\u00edstica y atractivos naturales son grandes En Sonora en Equipo publicamos toda la informaci\u00f3n de Sonora, M\u00e9xico y el Mundo de manera oportuna y busca que la libertad de expresi\u00f3n sea real. Visita nuestro medio informativo publicado desde Hermosillo, Sonora. %\" \/>\n<meta name=\"robots\" content=\"index, follow, max-snippet:-1, max-image-preview:large, max-video-preview:-1\" \/>\n<link rel=\"canonical\" href=\"https:\/\/www.sonoraenequipo.com.mx\/inauguran-bacanora-fest-en-rosario\/\" \/>\n<meta property=\"og:locale\" content=\"es_ES\" \/>\n<meta property=\"og:type\" content=\"article\" \/>\n<meta property=\"og:title\" content=\"Sonora en Equipo. Inauguran Bacanora Fest en Rosario Sonora\" \/>\n<meta property=\"og:description\" content=\"ROSARIO TESOPACO, SONORA. MX. \u2014\u00a0 Las tradiciones de los municipios, sus fiestas, riqueza cultural, art\u00edstica y atractivos naturales son grandes En Sonora en Equipo publicamos toda la informaci\u00f3n de Sonora, M\u00e9xico y el Mundo de manera oportuna y busca que la libertad de expresi\u00f3n sea real. Visita nuestro medio informativo publicado desde Hermosillo, Sonora. %\" \/>\n<meta property=\"og:url\" content=\"https:\/\/www.sonoraenequipo.com.mx\/inauguran-bacanora-fest-en-rosario\/\" \/>\n<meta property=\"og:site_name\" content=\"Sonora en Equipo.\" \/>\n<meta property=\"article:publisher\" content=\"https:\/\/www.facebook.com\/SonoraEE\/\" \/>\n<meta property=\"article:author\" content=\"https:\/\/www.facebook.com\/SonoraEE\" \/>\n<meta property=\"article:published_time\" content=\"2020-03-15T02:15:14+00:00\" \/>\n<meta property=\"article:modified_time\" content=\"2020-03-15T22:21:07+00:00\" \/>\n<meta property=\"og:image\" content=\"https:\/\/www.sonoraenequipo.com.mx\/storage\/2020\/03\/Bacanora-Fest-en-Rosario-3_opt.jpg\" \/>\n\t<meta property=\"og:image:width\" content=\"740\" \/>\n\t<meta property=\"og:image:height\" content=\"400\" \/>\n\t<meta property=\"og:image:type\" content=\"image\/jpeg\" \/>\n<meta name=\"author\" content=\"enequipo\" \/>\n<meta name=\"twitter:card\" content=\"summary_large_image\" \/>\n<meta name=\"twitter:creator\" content=\"@sonoraenequipo\" \/>\n<meta name=\"twitter:site\" content=\"@sonoraenequipo\" \/>\n<meta name=\"twitter:label1\" content=\"Escrito por\" \/>\n\t<meta name=\"twitter:data1\" content=\"enequipo\" \/>\n\t<meta name=\"twitter:label2\" content=\"Tiempo de lectura\" \/>\n\t<meta name=\"twitter:data2\" content=\"2 minutos\" \/>\n<script type=\"application\/ld+json\" class=\"yoast-schema-graph\">{\"@context\":\"https:\/\/schema.org\",\"@graph\":[{\"@type\":\"Article\",\"@id\":\"https:\/\/www.sonoraenequipo.com.mx\/inauguran-bacanora-fest-en-rosario\/#article\",\"isPartOf\":{\"@id\":\"https:\/\/www.sonoraenequipo.com.mx\/inauguran-bacanora-fest-en-rosario\/\"},\"author\":{\"name\":\"enequipo\",\"@id\":\"https:\/\/www.sonoraenequipo.com.mx\/#\/schema\/person\/50102df0fb23a8fa9e8effad8fa81386\"},\"headline\":\"Inauguran Bacanora Fest en Rosario\",\"datePublished\":\"2020-03-15T02:15:14+00:00\",\"dateModified\":\"2020-03-15T22:21:07+00:00\",\"mainEntityOfPage\":{\"@id\":\"https:\/\/www.sonoraenequipo.com.mx\/inauguran-bacanora-fest-en-rosario\/\"},\"wordCount\":387,\"commentCount\":0,\"publisher\":{\"@id\":\"https:\/\/www.sonoraenequipo.com.mx\/#organization\"},\"image\":{\"@id\":\"https:\/\/www.sonoraenequipo.com.mx\/inauguran-bacanora-fest-en-rosario\/#primaryimage\"},\"thumbnailUrl\":\"https:\/\/www.sonoraenequipo.com.mx\/storage\/2020\/03\/Bacanora-Fest-en-Rosario-3_opt.jpg\",\"articleSection\":[\"Sonora\"],\"inLanguage\":\"es\",\"potentialAction\":[{\"@type\":\"CommentAction\",\"name\":\"Comment\",\"target\":[\"https:\/\/www.sonoraenequipo.com.mx\/inauguran-bacanora-fest-en-rosario\/#respond\"]}]},{\"@type\":\"WebPage\",\"@id\":\"https:\/\/www.sonoraenequipo.com.mx\/inauguran-bacanora-fest-en-rosario\/\",\"url\":\"https:\/\/www.sonoraenequipo.com.mx\/inauguran-bacanora-fest-en-rosario\/\",\"name\":\"Sonora en Equipo. Inauguran Bacanora Fest en Rosario Sonora\",\"isPartOf\":{\"@id\":\"https:\/\/www.sonoraenequipo.com.mx\/#website\"},\"primaryImageOfPage\":{\"@id\":\"https:\/\/www.sonoraenequipo.com.mx\/inauguran-bacanora-fest-en-rosario\/#primaryimage\"},\"image\":{\"@id\":\"https:\/\/www.sonoraenequipo.com.mx\/inauguran-bacanora-fest-en-rosario\/#primaryimage\"},\"thumbnailUrl\":\"https:\/\/www.sonoraenequipo.com.mx\/storage\/2020\/03\/Bacanora-Fest-en-Rosario-3_opt.jpg\",\"datePublished\":\"2020-03-15T02:15:14+00:00\",\"dateModified\":\"2020-03-15T22:21:07+00:00\",\"description\":\"ROSARIO TESOPACO, SONORA. MX. \u2014\u00a0 Las tradiciones de los municipios, sus fiestas, riqueza cultural, art\u00edstica y atractivos naturales son grandes En Sonora en Equipo publicamos toda la informaci\u00f3n de Sonora, M\u00e9xico y el Mundo de manera oportuna y busca que la libertad de expresi\u00f3n sea real. Visita nuestro medio informativo publicado desde Hermosillo, Sonora. %\",\"breadcrumb\":{\"@id\":\"https:\/\/www.sonoraenequipo.com.mx\/inauguran-bacanora-fest-en-rosario\/#breadcrumb\"},\"inLanguage\":\"es\",\"potentialAction\":[{\"@type\":\"ReadAction\",\"target\":[\"https:\/\/www.sonoraenequipo.com.mx\/inauguran-bacanora-fest-en-rosario\/\"]}]},{\"@type\":\"ImageObject\",\"inLanguage\":\"es\",\"@id\":\"https:\/\/www.sonoraenequipo.com.mx\/inauguran-bacanora-fest-en-rosario\/#primaryimage\",\"url\":\"https:\/\/www.sonoraenequipo.com.mx\/storage\/2020\/03\/Bacanora-Fest-en-Rosario-3_opt.jpg\",\"contentUrl\":\"https:\/\/www.sonoraenequipo.com.mx\/storage\/2020\/03\/Bacanora-Fest-en-Rosario-3_opt.jpg\",\"width\":740,\"height\":400},{\"@type\":\"BreadcrumbList\",\"@id\":\"https:\/\/www.sonoraenequipo.com.mx\/inauguran-bacanora-fest-en-rosario\/#breadcrumb\",\"itemListElement\":[{\"@type\":\"ListItem\",\"position\":1,\"name\":\"Portada\",\"item\":\"https:\/\/www.sonoraenequipo.com.mx\/\"},{\"@type\":\"ListItem\",\"position\":2,\"name\":\"Inauguran Bacanora Fest en Rosario\"}]},{\"@type\":\"WebSite\",\"@id\":\"https:\/\/www.sonoraenequipo.com.mx\/#website\",\"url\":\"https:\/\/www.sonoraenequipo.com.mx\/\",\"name\":\"Sonora en Equipo.\",\"description\":\"Diario en l\u00ednea con Noticias desde Hermosillo, Sonora\",\"publisher\":{\"@id\":\"https:\/\/www.sonoraenequipo.com.mx\/#organization\"},\"potentialAction\":[{\"@type\":\"SearchAction\",\"target\":{\"@type\":\"EntryPoint\",\"urlTemplate\":\"https:\/\/www.sonoraenequipo.com.mx\/?s={search_term_string}\"},\"query-input\":{\"@type\":\"PropertyValueSpecification\",\"valueRequired\":true,\"valueName\":\"search_term_string\"}}],\"inLanguage\":\"es\"},{\"@type\":\"Organization\",\"@id\":\"https:\/\/www.sonoraenequipo.com.mx\/#organization\",\"name\":\"Sonoraenequipo.com.mx\",\"url\":\"https:\/\/www.sonoraenequipo.com.mx\/\",\"logo\":{\"@type\":\"ImageObject\",\"inLanguage\":\"es\",\"@id\":\"https:\/\/www.sonoraenequipo.com.mx\/#\/schema\/logo\/image\/\",\"url\":\"https:\/\/www.sonoraenequipo.com.mx\/storage\/2019\/01\/sonoraenequipo_opt.png\",\"contentUrl\":\"https:\/\/www.sonoraenequipo.com.mx\/storage\/2019\/01\/sonoraenequipo_opt.png\",\"width\":375,\"height\":125,\"caption\":\"Sonoraenequipo.com.mx\"},\"image\":{\"@id\":\"https:\/\/www.sonoraenequipo.com.mx\/#\/schema\/logo\/image\/\"},\"sameAs\":[\"https:\/\/www.facebook.com\/SonoraEE\/\",\"https:\/\/x.com\/sonoraenequipo\",\"https:\/\/www.youtube.com\/channel\/UC338nW-lPEYmJQs4ZABQ1SQ\"]},{\"@type\":\"Person\",\"@id\":\"https:\/\/www.sonoraenequipo.com.mx\/#\/schema\/person\/50102df0fb23a8fa9e8effad8fa81386\",\"name\":\"enequipo\",\"image\":{\"@type\":\"ImageObject\",\"inLanguage\":\"es\",\"@id\":\"https:\/\/www.sonoraenequipo.com.mx\/#\/schema\/person\/image\/\",\"url\":\"https:\/\/secure.gravatar.com\/avatar\/049821681b589dabc0bc20695993ccebb09f5b5d4d790cd9251b97faac7c652b?s=96&d=blank&r=g\",\"contentUrl\":\"https:\/\/secure.gravatar.com\/avatar\/049821681b589dabc0bc20695993ccebb09f5b5d4d790cd9251b97faac7c652b?s=96&d=blank&r=g\",\"caption\":\"enequipo\"},\"sameAs\":[\"https:\/\/www.facebook.com\/SonoraEE\"]}]}<\/script>\n ","yoast_head_json":{"title":"Sonora en Equipo. Inauguran Bacanora Fest en Rosario Sonora","description":"ROSARIO TESOPACO, SONORA. MX. \u2014\u00a0 Las tradiciones de los municipios, sus fiestas, riqueza cultural, art\u00edstica y atractivos naturales son grandes En Sonora en Equipo publicamos toda la informaci\u00f3n de Sonora, M\u00e9xico y el Mundo de manera oportuna y busca que la libertad de expresi\u00f3n sea real. Visita nuestro medio informativo publicado desde Hermosillo, Sonora. %","robots":{"index":"index","follow":"follow","max-snippet":"max-snippet:-1","max-image-preview":"max-image-preview:large","max-video-preview":"max-video-preview:-1"},"canonical":"https:\/\/www.sonoraenequipo.com.mx\/inauguran-bacanora-fest-en-rosario\/","og_locale":"es_ES","og_type":"article","og_title":"Sonora en Equipo. Inauguran Bacanora Fest en Rosario Sonora","og_description":"ROSARIO TESOPACO, SONORA. MX. \u2014\u00a0 Las tradiciones de los municipios, sus fiestas, riqueza cultural, art\u00edstica y atractivos naturales son grandes En Sonora en Equipo publicamos toda la informaci\u00f3n de Sonora, M\u00e9xico y el Mundo de manera oportuna y busca que la libertad de expresi\u00f3n sea real. Visita nuestro medio informativo publicado desde Hermosillo, Sonora. %","og_url":"https:\/\/www.sonoraenequipo.com.mx\/inauguran-bacanora-fest-en-rosario\/","og_site_name":"Sonora en Equipo.","article_publisher":"https:\/\/www.facebook.com\/SonoraEE\/","article_author":"https:\/\/www.facebook.com\/SonoraEE","article_published_time":"2020-03-15T02:15:14+00:00","article_modified_time":"2020-03-15T22:21:07+00:00","og_image":[{"width":740,"height":400,"url":"https:\/\/www.sonoraenequipo.com.mx\/storage\/2020\/03\/Bacanora-Fest-en-Rosario-3_opt.jpg","type":"image\/jpeg"}],"author":"enequipo","twitter_card":"summary_large_image","twitter_creator":"@sonoraenequipo","twitter_site":"@sonoraenequipo","twitter_misc":{"Escrito por":"enequipo","Tiempo de lectura":"2 minutos"},"schema":{"@context":"https:\/\/schema.org","@graph":[{"@type":"Article","@id":"https:\/\/www.sonoraenequipo.com.mx\/inauguran-bacanora-fest-en-rosario\/#article","isPartOf":{"@id":"https:\/\/www.sonoraenequipo.com.mx\/inauguran-bacanora-fest-en-rosario\/"},"author":{"name":"enequipo","@id":"https:\/\/www.sonoraenequipo.com.mx\/#\/schema\/person\/50102df0fb23a8fa9e8effad8fa81386"},"headline":"Inauguran Bacanora Fest en Rosario","datePublished":"2020-03-15T02:15:14+00:00","dateModified":"2020-03-15T22:21:07+00:00","mainEntityOfPage":{"@id":"https:\/\/www.sonoraenequipo.com.mx\/inauguran-bacanora-fest-en-rosario\/"},"wordCount":387,"commentCount":0,"publisher":{"@id":"https:\/\/www.sonoraenequipo.com.mx\/#organization"},"image":{"@id":"https:\/\/www.sonoraenequipo.com.mx\/inauguran-bacanora-fest-en-rosario\/#primaryimage"},"thumbnailUrl":"https:\/\/www.sonoraenequipo.com.mx\/storage\/2020\/03\/Bacanora-Fest-en-Rosario-3_opt.jpg","articleSection":["Sonora"],"inLanguage":"es","potentialAction":[{"@type":"CommentAction","name":"Comment","target":["https:\/\/www.sonoraenequipo.com.mx\/inauguran-bacanora-fest-en-rosario\/#respond"]}]},{"@type":"WebPage","@id":"https:\/\/www.sonoraenequipo.com.mx\/inauguran-bacanora-fest-en-rosario\/","url":"https:\/\/www.sonoraenequipo.com.mx\/inauguran-bacanora-fest-en-rosario\/","name":"Sonora en Equipo. Inauguran Bacanora Fest en Rosario Sonora","isPartOf":{"@id":"https:\/\/www.sonoraenequipo.com.mx\/#website"},"primaryImageOfPage":{"@id":"https:\/\/www.sonoraenequipo.com.mx\/inauguran-bacanora-fest-en-rosario\/#primaryimage"},"image":{"@id":"https:\/\/www.sonoraenequipo.com.mx\/inauguran-bacanora-fest-en-rosario\/#primaryimage"},"thumbnailUrl":"https:\/\/www.sonoraenequipo.com.mx\/storage\/2020\/03\/Bacanora-Fest-en-Rosario-3_opt.jpg","datePublished":"2020-03-15T02:15:14+00:00","dateModified":"2020-03-15T22:21:07+00:00","description":"ROSARIO TESOPACO, SONORA. MX. \u2014\u00a0 Las tradiciones de los municipios, sus fiestas, riqueza cultural, art\u00edstica y atractivos naturales son grandes En Sonora en Equipo publicamos toda la informaci\u00f3n de Sonora, M\u00e9xico y el Mundo de manera oportuna y busca que la libertad de expresi\u00f3n sea real. Visita nuestro medio informativo publicado desde Hermosillo, Sonora. %","breadcrumb":{"@id":"https:\/\/www.sonoraenequipo.com.mx\/inauguran-bacanora-fest-en-rosario\/#breadcrumb"},"inLanguage":"es","potentialAction":[{"@type":"ReadAction","target":["https:\/\/www.sonoraenequipo.com.mx\/inauguran-bacanora-fest-en-rosario\/"]}]},{"@type":"ImageObject","inLanguage":"es","@id":"https:\/\/www.sonoraenequipo.com.mx\/inauguran-bacanora-fest-en-rosario\/#primaryimage","url":"https:\/\/www.sonoraenequipo.com.mx\/storage\/2020\/03\/Bacanora-Fest-en-Rosario-3_opt.jpg","contentUrl":"https:\/\/www.sonoraenequipo.com.mx\/storage\/2020\/03\/Bacanora-Fest-en-Rosario-3_opt.jpg","width":740,"height":400},{"@type":"BreadcrumbList","@id":"https:\/\/www.sonoraenequipo.com.mx\/inauguran-bacanora-fest-en-rosario\/#breadcrumb","itemListElement":[{"@type":"ListItem","position":1,"name":"Portada","item":"https:\/\/www.sonoraenequipo.com.mx\/"},{"@type":"ListItem","position":2,"name":"Inauguran Bacanora Fest en Rosario"}]},{"@type":"WebSite","@id":"https:\/\/www.sonoraenequipo.com.mx\/#website","url":"https:\/\/www.sonoraenequipo.com.mx\/","name":"Sonora en Equipo.","description":"Diario en l\u00ednea con Noticias desde Hermosillo, Sonora","publisher":{"@id":"https:\/\/www.sonoraenequipo.com.mx\/#organization"},"potentialAction":[{"@type":"SearchAction","target":{"@type":"EntryPoint","urlTemplate":"https:\/\/www.sonoraenequipo.com.mx\/?s={search_term_string}"},"query-input":{"@type":"PropertyValueSpecification","valueRequired":true,"valueName":"search_term_string"}}],"inLanguage":"es"},{"@type":"Organization","@id":"https:\/\/www.sonoraenequipo.com.mx\/#organization","name":"Sonoraenequipo.com.mx","url":"https:\/\/www.sonoraenequipo.com.mx\/","logo":{"@type":"ImageObject","inLanguage":"es","@id":"https:\/\/www.sonoraenequipo.com.mx\/#\/schema\/logo\/image\/","url":"https:\/\/www.sonoraenequipo.com.mx\/storage\/2019\/01\/sonoraenequipo_opt.png","contentUrl":"https:\/\/www.sonoraenequipo.com.mx\/storage\/2019\/01\/sonoraenequipo_opt.png","width":375,"height":125,"caption":"Sonoraenequipo.com.mx"},"image":{"@id":"https:\/\/www.sonoraenequipo.com.mx\/#\/schema\/logo\/image\/"},"sameAs":["https:\/\/www.facebook.com\/SonoraEE\/","https:\/\/x.com\/sonoraenequipo","https:\/\/www.youtube.com\/channel\/UC338nW-lPEYmJQs4ZABQ1SQ"]},{"@type":"Person","@id":"https:\/\/www.sonoraenequipo.com.mx\/#\/schema\/person\/50102df0fb23a8fa9e8effad8fa81386","name":"enequipo","image":{"@type":"ImageObject","inLanguage":"es","@id":"https:\/\/www.sonoraenequipo.com.mx\/#\/schema\/person\/image\/","url":"https:\/\/secure.gravatar.com\/avatar\/049821681b589dabc0bc20695993ccebb09f5b5d4d790cd9251b97faac7c652b?s=96&d=blank&r=g","contentUrl":"https:\/\/secure.gravatar.com\/avatar\/049821681b589dabc0bc20695993ccebb09f5b5d4d790cd9251b97faac7c652b?s=96&d=blank&r=g","caption":"enequipo"},"sameAs":["https:\/\/www.facebook.com\/SonoraEE"]}]}},"jetpack_featured_media_url":"https:\/\/www.sonoraenequipo.com.mx\/storage\/2020\/03\/Bacanora-Fest-en-Rosario-3_opt.jpg","_links":{"self":[{"href":"https:\/\/www.sonoraenequipo.com.mx\/api\/wp\/v2\/posts\/80747","targetHints":{"allow":["GET"]}}],"collection":[{"href":"https:\/\/www.sonoraenequipo.com.mx\/api\/wp\/v2\/posts"}],"about":[{"href":"https:\/\/www.sonoraenequipo.com.mx\/api\/wp\/v2\/types\/post"}],"author":[{"embeddable":true,"href":"https:\/\/www.sonoraenequipo.com.mx\/api\/wp\/v2\/users\/1"}],"replies":[{"embeddable":true,"href":"https:\/\/www.sonoraenequipo.com.mx\/api\/wp\/v2\/comments?post=80747"}],"version-history":[{"count":0,"href":"https:\/\/www.sonoraenequipo.com.mx\/api\/wp\/v2\/posts\/80747\/revisions"}],"wp:featuredmedia":[{"embeddable":true,"href":"https:\/\/www.sonoraenequipo.com.mx\/api\/wp\/v2\/media\/80701"}],"wp:attachment":[{"href":"https:\/\/www.sonoraenequipo.com.mx\/api\/wp\/v2\/media?parent=80747"}],"wp:term":[{"taxonomy":"category","embeddable":true,"href":"https:\/\/www.sonoraenequipo.com.mx\/api\/wp\/v2\/categories?post=80747"},{"taxonomy":"post_tag","embeddable":true,"href":"https:\/\/www.sonoraenequipo.com.mx\/api\/wp\/v2\/tags?post=80747"}],"curies":[{"name":"wp","href":"https:\/\/api.w.org\/{rel}","templated":true}]}}