{"id":81720,"date":"2020-03-25T14:57:35","date_gmt":"2020-03-25T21:57:35","guid":{"rendered":"https:\/\/www.sonoraenequipo.com.mx\/?p=81720"},"modified":"2020-03-25T18:44:37","modified_gmt":"2020-03-26T01:44:37","slug":"gobernadora-pavlovich-decreta-emergencia-sanitaria-en-la-entidad-solo-operaran-actividades-esenciales","status":"publish","type":"post","link":"https:\/\/www.sonoraenequipo.com.mx\/gobernadora-pavlovich-decreta-emergencia-sanitaria-en-la-entidad-solo-operaran-actividades-esenciales\/","title":{"rendered":"Gobernadora Pavlovich decreta emergencia sanitaria\u00a0 en Sonora solo operar\u00e1n actividades esenciales"},"content":{"rendered":"<h3>&#8211; Busca preservar la salud de las y los sonorenses y mitigar la propagaci\u00f3n del virus Covid 19<\/h3>\n<h3>&#8211; Trabajadores de actividades o sectores no esenciales deber\u00e1n quedarse en casa, conservando empleo e ingreso, en t\u00e9rminos de ley.<\/h3>\n<h3>&#8211; Se prev\u00e9n apoyos para grupos vulnerables<\/h3>\n<p>HERMOSILLO, SONORA,MX.\u2500 A solicitud del Consejo Estatal de Salud, y anteponiendo lo m\u00e1s valioso que tienen las familias sonorenses que es su salud y su vida, la gobernadora Claudia Pavlovich Arellano, en uso de sus atribuciones constitucionales, decret\u00f3 emergencia sanitaria temporal denominada \u201cAnte el Coronavirus Todos Jalamos\u201d. <\/p>\n<p>A trav\u00e9s de un mensaje dirigido a las y los sonorenses, la Gobernadora anunci\u00f3 5 medidas fundamentales que contiene el decreto.<\/p>\n<p>La primera es preservar la vida y la salud, por eso se fortalecer\u00e1 la estrategia Qu\u00e9date en Casa con una declaratoria de emergencia sanitaria temporal en la que sectores econ\u00f3mico, social y gubernamental, hacen alianza jalando parejo.<\/p>\n<p>Quedarse en casa evitar\u00e1 que una gran mayor\u00eda de sonorenses se enferme al mismo tiempo y que se congestionen los hospitales, permitiendo ofrecer atenci\u00f3n a todo aquel que la necesite.<\/p>\n<p>La segunda, continuar\u00e1n realiz\u00e1ndose las actividades consideradas esenciales. La mayor\u00eda de las empresas han aceptado esta medida consensada con ellos y se han sumado en un ejemplar compromiso con sus trabajadores.<\/p>\n<p>Estas actividades esenciales son las que garantizan el abasto y la disponibilidad permanente de alimentos, medicamentos, equipo m\u00e9dico, servicios de agua potable, energ\u00eda el\u00e9ctrica, distribuci\u00f3n de combustibles, transporte, servicios p\u00fablicos, entre otras actividades necesarias para preservar la calidad de vida de los ciudadanos.<\/p>\n<p>La tercera medida es establecer programas alimentarios para quienes se encuentran en extrema vulnerabilidad.<\/p>\n<p>La cuarta es determinar las condiciones para que una vez concluida la contingencia, se pueda recuperar la normalidad econ\u00f3mica del estado, para lo cual se crear\u00e1 un fondo especial de apoyo a micro, peque\u00f1a y mediana empresa.<\/p>\n<p>Y la quinta garantiza que el Gobierno del Estado siga trabajando con servicios accesibles desde casa, a trav\u00e9s de un punto de contacto telef\u00f3nico y en l\u00ednea donde los ciudadanos tendr\u00e1n acceso a 461 tr\u00e1mites y servicios.<\/p>\n<p>La gobernadora Pavlovich anunci\u00f3 un fondo adicional de 500 millones de pesos para los cinco puntos establecidos e hizo un llamado respetuoso a todos los ayuntamientos a sumarse a este esfuerzo.<\/p>\n<p>Les pido por favor que nos veamos en el espejo de lo que ahora ocurre en el mundo y que es realmente preocupante, sostuvo Pavlovich Arellano, pues en los \u00faltimos d\u00edas en que el planeta ha conocido y enfrentado esta crisis sanitaria, m\u00e1s de 4 mil 500 personas por d\u00eda han sido infectadas por el Covid-19 y han muerto m\u00e1s de 18 mil personas.<\/p>\n<p>Puntualiz\u00f3 que si los sonorenses no queremos vernos en ese espejo, debemos ponderar la importancia de quedarse en casa. Asimismo, hizo un llamado a evitar compras de p\u00e1nico, ya que los supermercados seguir\u00e1n abiertos, as\u00ed como los centros de salud y muchos otros servicios necesarios.<\/p>\n<p>La gobernadora reiter\u00f3 el compromiso de su gobierno con la salud de las y los sonorenses, causa por la que todos los d\u00edas se trabaja en el seguimiento de esta contingencia sanitaria y se anticipan acciones para contener sus impactos en el estado.<\/p>\n<p>El Consejo Estatal de Salud est\u00e1 conformado por la gobernadora del Estado Claudia Pavlovich Arellano,\u00a0 los titulares en Sonora de la Secretar\u00eda de Salud; Instituto Mexicano del Seguro Social (IMSS); Instituto de Seguridad y Servicios Sociales para los Trabajadores del Estado (Issste); Secretar\u00eda de la Defensa Nacional (Sedena); Secretar\u00eda de Marina; Instituto de Seguridad y Servicios Sociales de los Trabajadores del Estado de Sonora (Isssteson); DIF Sonora; Cruz Roja; Asociaci\u00f3n\u00a0 Sonorense de Hospitales Privados, y Federaci\u00f3n M\u00e9dica de Sonora.<\/p>\n<p><iframe loading=\"lazy\" title=\"Mensaje Gobernadora de Sonora  COVID19  mpeg4\" width=\"640\" height=\"360\" src=\"https:\/\/www.youtube.com\/embed\/Rw0dYTklhTM?feature=oembed\" frameborder=\"0\" allow=\"accelerometer; autoplay; clipboard-write; encrypted-media; gyroscope; picture-in-picture; web-share\" referrerpolicy=\"strict-origin-when-cross-origin\" allowfullscreen><\/iframe><\/p>\n<p>Fecha de publicaci\u00f3n 25\/mar\/2020<\/p>\n","protected":false},"excerpt":{"rendered":"<p>&#8211; Busca preservar la salud de las y los sonorenses y mitigar la propagaci\u00f3n del&#8230;<\/p>\n","protected":false},"author":178,"featured_media":81721,"comment_status":"open","ping_status":"open","sticky":false,"template":"","format":"standard","meta":{"_monsterinsights_skip_tracking":false,"_monsterinsights_sitenote_active":false,"_monsterinsights_sitenote_note":"","_monsterinsights_sitenote_category":0,"footnotes":""},"categories":[22],"tags":[116],"class_list":["post"],"yoast_head":" \n<title>Sonora en Equipo. Gobernadora Pavlovich decreta emergencia sanitaria\u00a0 en Sonora solo operar\u00e1n actividades esenciales Sonora<\/title>\n<meta name=\"description\" content=\"- Busca preservar la salud de las y los sonorenses y mitigar la propagaci\u00f3n del virus Covid 19 - Trabajadores de actividades o sectores no esenciales En Sonora en Equipo publicamos toda la informaci\u00f3n de Sonora, M\u00e9xico y el Mundo de manera oportuna y busca que la libertad de expresi\u00f3n sea real. Visita nuestro medio informativo publicado desde Hermosillo, Sonora. %\" \/>\n<meta name=\"robots\" content=\"index, follow, max-snippet:-1, max-image-preview:large, max-video-preview:-1\" \/>\n<link rel=\"canonical\" href=\"https:\/\/www.sonoraenequipo.com.mx\/gobernadora-pavlovich-decreta-emergencia-sanitaria-en-la-entidad-solo-operaran-actividades-esenciales\/\" \/>\n<meta property=\"og:locale\" content=\"es_ES\" \/>\n<meta property=\"og:type\" content=\"article\" \/>\n<meta property=\"og:title\" content=\"Sonora en Equipo. Gobernadora Pavlovich decreta emergencia sanitaria\u00a0 en Sonora solo operar\u00e1n actividades esenciales Sonora\" \/>\n<meta property=\"og:description\" content=\"- Busca preservar la salud de las y los sonorenses y mitigar la propagaci\u00f3n del virus Covid 19 - Trabajadores de actividades o sectores no esenciales En Sonora en Equipo publicamos toda la informaci\u00f3n de Sonora, M\u00e9xico y el Mundo de manera oportuna y busca que la libertad de expresi\u00f3n sea real. Visita nuestro medio informativo publicado desde Hermosillo, Sonora. %\" \/>\n<meta property=\"og:url\" content=\"https:\/\/www.sonoraenequipo.com.mx\/gobernadora-pavlovich-decreta-emergencia-sanitaria-en-la-entidad-solo-operaran-actividades-esenciales\/\" \/>\n<meta property=\"og:site_name\" content=\"Sonora en Equipo.\" \/>\n<meta property=\"article:publisher\" content=\"https:\/\/www.facebook.com\/SonoraEE\/\" \/>\n<meta property=\"article:published_time\" content=\"2020-03-25T21:57:35+00:00\" \/>\n<meta property=\"article:modified_time\" content=\"2020-03-26T01:44:37+00:00\" \/>\n<meta property=\"og:image\" content=\"https:\/\/www.sonoraenequipo.com.mx\/storage\/2020\/03\/cpa-covid4.jpg\" \/>\n\t<meta property=\"og:image:width\" content=\"600\" \/>\n\t<meta property=\"og:image:height\" content=\"400\" \/>\n\t<meta property=\"og:image:type\" content=\"image\/jpeg\" \/>\n<meta name=\"author\" content=\"enequipo\" \/>\n<meta name=\"twitter:card\" content=\"summary_large_image\" \/>\n<meta name=\"twitter:creator\" content=\"@sonoraenequipo\" \/>\n<meta name=\"twitter:site\" content=\"@sonoraenequipo\" \/>\n<meta name=\"twitter:label1\" content=\"Escrito por\" \/>\n\t<meta name=\"twitter:data1\" content=\"enequipo\" \/>\n\t<meta name=\"twitter:label2\" content=\"Tiempo de lectura\" \/>\n\t<meta name=\"twitter:data2\" content=\"3 minutos\" \/>\n<script type=\"application\/ld+json\" class=\"yoast-schema-graph\">{\"@context\":\"https:\/\/schema.org\",\"@graph\":[{\"@type\":\"Article\",\"@id\":\"https:\/\/www.sonoraenequipo.com.mx\/gobernadora-pavlovich-decreta-emergencia-sanitaria-en-la-entidad-solo-operaran-actividades-esenciales\/#article\",\"isPartOf\":{\"@id\":\"https:\/\/www.sonoraenequipo.com.mx\/gobernadora-pavlovich-decreta-emergencia-sanitaria-en-la-entidad-solo-operaran-actividades-esenciales\/\"},\"author\":{\"name\":\"enequipo\",\"@id\":\"https:\/\/www.sonoraenequipo.com.mx\/#\/schema\/person\/61a39de478a1763473ad55e8a95fddf6\"},\"headline\":\"Gobernadora Pavlovich decreta emergencia sanitaria\u00a0 en Sonora solo operar\u00e1n actividades esenciales\",\"datePublished\":\"2020-03-25T21:57:35+00:00\",\"dateModified\":\"2020-03-26T01:44:37+00:00\",\"mainEntityOfPage\":{\"@id\":\"https:\/\/www.sonoraenequipo.com.mx\/gobernadora-pavlovich-decreta-emergencia-sanitaria-en-la-entidad-solo-operaran-actividades-esenciales\/\"},\"wordCount\":661,\"commentCount\":0,\"publisher\":{\"@id\":\"https:\/\/www.sonoraenequipo.com.mx\/#organization\"},\"image\":{\"@id\":\"https:\/\/www.sonoraenequipo.com.mx\/gobernadora-pavlovich-decreta-emergencia-sanitaria-en-la-entidad-solo-operaran-actividades-esenciales\/#primaryimage\"},\"thumbnailUrl\":\"https:\/\/www.sonoraenequipo.com.mx\/storage\/2020\/03\/cpa-covid4.jpg\",\"keywords\":[\"claudia pavlovich\"],\"articleSection\":[\"Sonora\"],\"inLanguage\":\"es\",\"potentialAction\":[{\"@type\":\"CommentAction\",\"name\":\"Comment\",\"target\":[\"https:\/\/www.sonoraenequipo.com.mx\/gobernadora-pavlovich-decreta-emergencia-sanitaria-en-la-entidad-solo-operaran-actividades-esenciales\/#respond\"]}]},{\"@type\":\"WebPage\",\"@id\":\"https:\/\/www.sonoraenequipo.com.mx\/gobernadora-pavlovich-decreta-emergencia-sanitaria-en-la-entidad-solo-operaran-actividades-esenciales\/\",\"url\":\"https:\/\/www.sonoraenequipo.com.mx\/gobernadora-pavlovich-decreta-emergencia-sanitaria-en-la-entidad-solo-operaran-actividades-esenciales\/\",\"name\":\"Sonora en Equipo. Gobernadora Pavlovich decreta emergencia sanitaria\u00a0 en Sonora solo operar\u00e1n actividades esenciales Sonora\",\"isPartOf\":{\"@id\":\"https:\/\/www.sonoraenequipo.com.mx\/#website\"},\"primaryImageOfPage\":{\"@id\":\"https:\/\/www.sonoraenequipo.com.mx\/gobernadora-pavlovich-decreta-emergencia-sanitaria-en-la-entidad-solo-operaran-actividades-esenciales\/#primaryimage\"},\"image\":{\"@id\":\"https:\/\/www.sonoraenequipo.com.mx\/gobernadora-pavlovich-decreta-emergencia-sanitaria-en-la-entidad-solo-operaran-actividades-esenciales\/#primaryimage\"},\"thumbnailUrl\":\"https:\/\/www.sonoraenequipo.com.mx\/storage\/2020\/03\/cpa-covid4.jpg\",\"datePublished\":\"2020-03-25T21:57:35+00:00\",\"dateModified\":\"2020-03-26T01:44:37+00:00\",\"description\":\"- Busca preservar la salud de las y los sonorenses y mitigar la propagaci\u00f3n del virus Covid 19 - Trabajadores de actividades o sectores no esenciales En Sonora en Equipo publicamos toda la informaci\u00f3n de Sonora, M\u00e9xico y el Mundo de manera oportuna y busca que la libertad de expresi\u00f3n sea real. Visita nuestro medio informativo publicado desde Hermosillo, Sonora. %\",\"breadcrumb\":{\"@id\":\"https:\/\/www.sonoraenequipo.com.mx\/gobernadora-pavlovich-decreta-emergencia-sanitaria-en-la-entidad-solo-operaran-actividades-esenciales\/#breadcrumb\"},\"inLanguage\":\"es\",\"potentialAction\":[{\"@type\":\"ReadAction\",\"target\":[\"https:\/\/www.sonoraenequipo.com.mx\/gobernadora-pavlovich-decreta-emergencia-sanitaria-en-la-entidad-solo-operaran-actividades-esenciales\/\"]}]},{\"@type\":\"ImageObject\",\"inLanguage\":\"es\",\"@id\":\"https:\/\/www.sonoraenequipo.com.mx\/gobernadora-pavlovich-decreta-emergencia-sanitaria-en-la-entidad-solo-operaran-actividades-esenciales\/#primaryimage\",\"url\":\"https:\/\/www.sonoraenequipo.com.mx\/storage\/2020\/03\/cpa-covid4.jpg\",\"contentUrl\":\"https:\/\/www.sonoraenequipo.com.mx\/storage\/2020\/03\/cpa-covid4.jpg\",\"width\":600,\"height\":400},{\"@type\":\"BreadcrumbList\",\"@id\":\"https:\/\/www.sonoraenequipo.com.mx\/gobernadora-pavlovich-decreta-emergencia-sanitaria-en-la-entidad-solo-operaran-actividades-esenciales\/#breadcrumb\",\"itemListElement\":[{\"@type\":\"ListItem\",\"position\":1,\"name\":\"Portada\",\"item\":\"https:\/\/www.sonoraenequipo.com.mx\/\"},{\"@type\":\"ListItem\",\"position\":2,\"name\":\"Gobernadora Pavlovich decreta emergencia sanitaria\u00a0 en Sonora solo operar\u00e1n actividades esenciales\"}]},{\"@type\":\"WebSite\",\"@id\":\"https:\/\/www.sonoraenequipo.com.mx\/#website\",\"url\":\"https:\/\/www.sonoraenequipo.com.mx\/\",\"name\":\"Sonora en Equipo.\",\"description\":\"Diario en l\u00ednea con Noticias desde Hermosillo, Sonora\",\"publisher\":{\"@id\":\"https:\/\/www.sonoraenequipo.com.mx\/#organization\"},\"potentialAction\":[{\"@type\":\"SearchAction\",\"target\":{\"@type\":\"EntryPoint\",\"urlTemplate\":\"https:\/\/www.sonoraenequipo.com.mx\/?s={search_term_string}\"},\"query-input\":{\"@type\":\"PropertyValueSpecification\",\"valueRequired\":true,\"valueName\":\"search_term_string\"}}],\"inLanguage\":\"es\"},{\"@type\":\"Organization\",\"@id\":\"https:\/\/www.sonoraenequipo.com.mx\/#organization\",\"name\":\"Sonoraenequipo.com.mx\",\"url\":\"https:\/\/www.sonoraenequipo.com.mx\/\",\"logo\":{\"@type\":\"ImageObject\",\"inLanguage\":\"es\",\"@id\":\"https:\/\/www.sonoraenequipo.com.mx\/#\/schema\/logo\/image\/\",\"url\":\"https:\/\/www.sonoraenequipo.com.mx\/storage\/2019\/01\/sonoraenequipo_opt.png\",\"contentUrl\":\"https:\/\/www.sonoraenequipo.com.mx\/storage\/2019\/01\/sonoraenequipo_opt.png\",\"width\":375,\"height\":125,\"caption\":\"Sonoraenequipo.com.mx\"},\"image\":{\"@id\":\"https:\/\/www.sonoraenequipo.com.mx\/#\/schema\/logo\/image\/\"},\"sameAs\":[\"https:\/\/www.facebook.com\/SonoraEE\/\",\"https:\/\/x.com\/sonoraenequipo\",\"https:\/\/www.youtube.com\/channel\/UC338nW-lPEYmJQs4ZABQ1SQ\"]},{\"@type\":\"Person\",\"@id\":\"https:\/\/www.sonoraenequipo.com.mx\/#\/schema\/person\/61a39de478a1763473ad55e8a95fddf6\",\"name\":\"enequipo\",\"image\":{\"@type\":\"ImageObject\",\"inLanguage\":\"es\",\"@id\":\"https:\/\/www.sonoraenequipo.com.mx\/#\/schema\/person\/image\/\",\"url\":\"https:\/\/secure.gravatar.com\/avatar\/e39bc3016d8af598aed3d770c9510dfc2795f37ea1733d99fcc6e97d2c3c9f5e?s=96&d=blank&r=g\",\"contentUrl\":\"https:\/\/secure.gravatar.com\/avatar\/e39bc3016d8af598aed3d770c9510dfc2795f37ea1733d99fcc6e97d2c3c9f5e?s=96&d=blank&r=g\",\"caption\":\"enequipo\"}}]}<\/script>\n ","yoast_head_json":{"title":"Sonora en Equipo. Gobernadora Pavlovich decreta emergencia sanitaria\u00a0 en Sonora solo operar\u00e1n actividades esenciales Sonora","description":"- Busca preservar la salud de las y los sonorenses y mitigar la propagaci\u00f3n del virus Covid 19 - Trabajadores de actividades o sectores no esenciales En Sonora en Equipo publicamos toda la informaci\u00f3n de Sonora, M\u00e9xico y el Mundo de manera oportuna y busca que la libertad de expresi\u00f3n sea real. Visita nuestro medio informativo publicado desde Hermosillo, Sonora. %","robots":{"index":"index","follow":"follow","max-snippet":"max-snippet:-1","max-image-preview":"max-image-preview:large","max-video-preview":"max-video-preview:-1"},"canonical":"https:\/\/www.sonoraenequipo.com.mx\/gobernadora-pavlovich-decreta-emergencia-sanitaria-en-la-entidad-solo-operaran-actividades-esenciales\/","og_locale":"es_ES","og_type":"article","og_title":"Sonora en Equipo. Gobernadora Pavlovich decreta emergencia sanitaria\u00a0 en Sonora solo operar\u00e1n actividades esenciales Sonora","og_description":"- Busca preservar la salud de las y los sonorenses y mitigar la propagaci\u00f3n del virus Covid 19 - Trabajadores de actividades o sectores no esenciales En Sonora en Equipo publicamos toda la informaci\u00f3n de Sonora, M\u00e9xico y el Mundo de manera oportuna y busca que la libertad de expresi\u00f3n sea real. Visita nuestro medio informativo publicado desde Hermosillo, Sonora. %","og_url":"https:\/\/www.sonoraenequipo.com.mx\/gobernadora-pavlovich-decreta-emergencia-sanitaria-en-la-entidad-solo-operaran-actividades-esenciales\/","og_site_name":"Sonora en Equipo.","article_publisher":"https:\/\/www.facebook.com\/SonoraEE\/","article_published_time":"2020-03-25T21:57:35+00:00","article_modified_time":"2020-03-26T01:44:37+00:00","og_image":[{"width":600,"height":400,"url":"https:\/\/www.sonoraenequipo.com.mx\/storage\/2020\/03\/cpa-covid4.jpg","type":"image\/jpeg"}],"author":"enequipo","twitter_card":"summary_large_image","twitter_creator":"@sonoraenequipo","twitter_site":"@sonoraenequipo","twitter_misc":{"Escrito por":"enequipo","Tiempo de lectura":"3 minutos"},"schema":{"@context":"https:\/\/schema.org","@graph":[{"@type":"Article","@id":"https:\/\/www.sonoraenequipo.com.mx\/gobernadora-pavlovich-decreta-emergencia-sanitaria-en-la-entidad-solo-operaran-actividades-esenciales\/#article","isPartOf":{"@id":"https:\/\/www.sonoraenequipo.com.mx\/gobernadora-pavlovich-decreta-emergencia-sanitaria-en-la-entidad-solo-operaran-actividades-esenciales\/"},"author":{"name":"enequipo","@id":"https:\/\/www.sonoraenequipo.com.mx\/#\/schema\/person\/61a39de478a1763473ad55e8a95fddf6"},"headline":"Gobernadora Pavlovich decreta emergencia sanitaria\u00a0 en Sonora solo operar\u00e1n actividades esenciales","datePublished":"2020-03-25T21:57:35+00:00","dateModified":"2020-03-26T01:44:37+00:00","mainEntityOfPage":{"@id":"https:\/\/www.sonoraenequipo.com.mx\/gobernadora-pavlovich-decreta-emergencia-sanitaria-en-la-entidad-solo-operaran-actividades-esenciales\/"},"wordCount":661,"commentCount":0,"publisher":{"@id":"https:\/\/www.sonoraenequipo.com.mx\/#organization"},"image":{"@id":"https:\/\/www.sonoraenequipo.com.mx\/gobernadora-pavlovich-decreta-emergencia-sanitaria-en-la-entidad-solo-operaran-actividades-esenciales\/#primaryimage"},"thumbnailUrl":"https:\/\/www.sonoraenequipo.com.mx\/storage\/2020\/03\/cpa-covid4.jpg","keywords":["claudia pavlovich"],"articleSection":["Sonora"],"inLanguage":"es","potentialAction":[{"@type":"CommentAction","name":"Comment","target":["https:\/\/www.sonoraenequipo.com.mx\/gobernadora-pavlovich-decreta-emergencia-sanitaria-en-la-entidad-solo-operaran-actividades-esenciales\/#respond"]}]},{"@type":"WebPage","@id":"https:\/\/www.sonoraenequipo.com.mx\/gobernadora-pavlovich-decreta-emergencia-sanitaria-en-la-entidad-solo-operaran-actividades-esenciales\/","url":"https:\/\/www.sonoraenequipo.com.mx\/gobernadora-pavlovich-decreta-emergencia-sanitaria-en-la-entidad-solo-operaran-actividades-esenciales\/","name":"Sonora en Equipo. Gobernadora Pavlovich decreta emergencia sanitaria\u00a0 en Sonora solo operar\u00e1n actividades esenciales Sonora","isPartOf":{"@id":"https:\/\/www.sonoraenequipo.com.mx\/#website"},"primaryImageOfPage":{"@id":"https:\/\/www.sonoraenequipo.com.mx\/gobernadora-pavlovich-decreta-emergencia-sanitaria-en-la-entidad-solo-operaran-actividades-esenciales\/#primaryimage"},"image":{"@id":"https:\/\/www.sonoraenequipo.com.mx\/gobernadora-pavlovich-decreta-emergencia-sanitaria-en-la-entidad-solo-operaran-actividades-esenciales\/#primaryimage"},"thumbnailUrl":"https:\/\/www.sonoraenequipo.com.mx\/storage\/2020\/03\/cpa-covid4.jpg","datePublished":"2020-03-25T21:57:35+00:00","dateModified":"2020-03-26T01:44:37+00:00","description":"- Busca preservar la salud de las y los sonorenses y mitigar la propagaci\u00f3n del virus Covid 19 - Trabajadores de actividades o sectores no esenciales En Sonora en Equipo publicamos toda la informaci\u00f3n de Sonora, M\u00e9xico y el Mundo de manera oportuna y busca que la libertad de expresi\u00f3n sea real. Visita nuestro medio informativo publicado desde Hermosillo, Sonora. %","breadcrumb":{"@id":"https:\/\/www.sonoraenequipo.com.mx\/gobernadora-pavlovich-decreta-emergencia-sanitaria-en-la-entidad-solo-operaran-actividades-esenciales\/#breadcrumb"},"inLanguage":"es","potentialAction":[{"@type":"ReadAction","target":["https:\/\/www.sonoraenequipo.com.mx\/gobernadora-pavlovich-decreta-emergencia-sanitaria-en-la-entidad-solo-operaran-actividades-esenciales\/"]}]},{"@type":"ImageObject","inLanguage":"es","@id":"https:\/\/www.sonoraenequipo.com.mx\/gobernadora-pavlovich-decreta-emergencia-sanitaria-en-la-entidad-solo-operaran-actividades-esenciales\/#primaryimage","url":"https:\/\/www.sonoraenequipo.com.mx\/storage\/2020\/03\/cpa-covid4.jpg","contentUrl":"https:\/\/www.sonoraenequipo.com.mx\/storage\/2020\/03\/cpa-covid4.jpg","width":600,"height":400},{"@type":"BreadcrumbList","@id":"https:\/\/www.sonoraenequipo.com.mx\/gobernadora-pavlovich-decreta-emergencia-sanitaria-en-la-entidad-solo-operaran-actividades-esenciales\/#breadcrumb","itemListElement":[{"@type":"ListItem","position":1,"name":"Portada","item":"https:\/\/www.sonoraenequipo.com.mx\/"},{"@type":"ListItem","position":2,"name":"Gobernadora Pavlovich decreta emergencia sanitaria\u00a0 en Sonora solo operar\u00e1n actividades esenciales"}]},{"@type":"WebSite","@id":"https:\/\/www.sonoraenequipo.com.mx\/#website","url":"https:\/\/www.sonoraenequipo.com.mx\/","name":"Sonora en Equipo.","description":"Diario en l\u00ednea con Noticias desde Hermosillo, Sonora","publisher":{"@id":"https:\/\/www.sonoraenequipo.com.mx\/#organization"},"potentialAction":[{"@type":"SearchAction","target":{"@type":"EntryPoint","urlTemplate":"https:\/\/www.sonoraenequipo.com.mx\/?s={search_term_string}"},"query-input":{"@type":"PropertyValueSpecification","valueRequired":true,"valueName":"search_term_string"}}],"inLanguage":"es"},{"@type":"Organization","@id":"https:\/\/www.sonoraenequipo.com.mx\/#organization","name":"Sonoraenequipo.com.mx","url":"https:\/\/www.sonoraenequipo.com.mx\/","logo":{"@type":"ImageObject","inLanguage":"es","@id":"https:\/\/www.sonoraenequipo.com.mx\/#\/schema\/logo\/image\/","url":"https:\/\/www.sonoraenequipo.com.mx\/storage\/2019\/01\/sonoraenequipo_opt.png","contentUrl":"https:\/\/www.sonoraenequipo.com.mx\/storage\/2019\/01\/sonoraenequipo_opt.png","width":375,"height":125,"caption":"Sonoraenequipo.com.mx"},"image":{"@id":"https:\/\/www.sonoraenequipo.com.mx\/#\/schema\/logo\/image\/"},"sameAs":["https:\/\/www.facebook.com\/SonoraEE\/","https:\/\/x.com\/sonoraenequipo","https:\/\/www.youtube.com\/channel\/UC338nW-lPEYmJQs4ZABQ1SQ"]},{"@type":"Person","@id":"https:\/\/www.sonoraenequipo.com.mx\/#\/schema\/person\/61a39de478a1763473ad55e8a95fddf6","name":"enequipo","image":{"@type":"ImageObject","inLanguage":"es","@id":"https:\/\/www.sonoraenequipo.com.mx\/#\/schema\/person\/image\/","url":"https:\/\/secure.gravatar.com\/avatar\/e39bc3016d8af598aed3d770c9510dfc2795f37ea1733d99fcc6e97d2c3c9f5e?s=96&d=blank&r=g","contentUrl":"https:\/\/secure.gravatar.com\/avatar\/e39bc3016d8af598aed3d770c9510dfc2795f37ea1733d99fcc6e97d2c3c9f5e?s=96&d=blank&r=g","caption":"enequipo"}}]}},"jetpack_featured_media_url":"https:\/\/www.sonoraenequipo.com.mx\/storage\/2020\/03\/cpa-covid4.jpg","_links":{"self":[{"href":"https:\/\/www.sonoraenequipo.com.mx\/api\/wp\/v2\/posts\/81720","targetHints":{"allow":["GET"]}}],"collection":[{"href":"https:\/\/www.sonoraenequipo.com.mx\/api\/wp\/v2\/posts"}],"about":[{"href":"https:\/\/www.sonoraenequipo.com.mx\/api\/wp\/v2\/types\/post"}],"author":[{"embeddable":true,"href":"https:\/\/www.sonoraenequipo.com.mx\/api\/wp\/v2\/users\/178"}],"replies":[{"embeddable":true,"href":"https:\/\/www.sonoraenequipo.com.mx\/api\/wp\/v2\/comments?post=81720"}],"version-history":[{"count":0,"href":"https:\/\/www.sonoraenequipo.com.mx\/api\/wp\/v2\/posts\/81720\/revisions"}],"wp:featuredmedia":[{"embeddable":true,"href":"https:\/\/www.sonoraenequipo.com.mx\/api\/wp\/v2\/media\/81721"}],"wp:attachment":[{"href":"https:\/\/www.sonoraenequipo.com.mx\/api\/wp\/v2\/media?parent=81720"}],"wp:term":[{"taxonomy":"category","embeddable":true,"href":"https:\/\/www.sonoraenequipo.com.mx\/api\/wp\/v2\/categories?post=81720"},{"taxonomy":"post_tag","embeddable":true,"href":"https:\/\/www.sonoraenequipo.com.mx\/api\/wp\/v2\/tags?post=81720"}],"curies":[{"name":"wp","href":"https:\/\/api.w.org\/{rel}","templated":true}]}}