{"id":81736,"date":"2020-03-25T19:15:35","date_gmt":"2020-03-26T02:15:35","guid":{"rendered":"https:\/\/www.sonoraenequipo.com.mx\/?p=81736"},"modified":"2020-03-25T18:47:06","modified_gmt":"2020-03-26T01:47:06","slug":"enfermera-descubre-un-nuevo-sintoma-entre-los-pacientes-que-atendio-por-covid-19","status":"publish","type":"post","link":"https:\/\/www.sonoraenequipo.com.mx\/enfermera-descubre-un-nuevo-sintoma-entre-los-pacientes-que-atendio-por-covid-19\/","title":{"rendered":"Enfermera descubre un nuevo s\u00edntoma entre los pacientes que atendi\u00f3 por COVID-19"},"content":{"rendered":"<p>LOS \u00c1NGELES, CALIFORNIA. ESTADOS UNIDOS. \u2014 Atiende en el Life Care Center en Kirkland, el epicentro del brote por coronavirus COVID-19 en el estado de Washington, donde se registraron los primeros casos de epidemia en los Estados Unidos. Vio agonizar y morir a decenas.<\/p>\n<p> <\/p>\n<p>Y contin\u00faa brind\u00e1ndose por entero, como miles como ella a lo largo del pa\u00eds y de todo el globo. Chelsey Earnest, de ella se trata, cree que un nuevo s\u00edntoma podr\u00eda estar extendi\u00e9ndose entre los positivos que enferman del nuevo microorganismo nacido en Wuhan, China.<\/p>\n<p>En di\u00e1logo con la cadena de noticias CNN, Earnest dijo que los ojos rojos eran \u201cla se\u00f1al m\u00e1s importante\u201d de los residentes que ten\u00edan COVID-19, la enfermedad causada por el virus. \u201cEs algo que presenci\u00e9 en todos los pacientes. Tienen, como&#8230; ojos de alergia. La parte blanca del ojo no es roja. Es m\u00e1s como si tuvieran una sombra de ojos roja en el exterior de sus ojos\u00bb, revel\u00f3 la enfermera.<\/p>\n<p>El descubrimiento de la profesional de la salud, quien ve decenas de casos por d\u00edas, es extra\u00f1o y no responde a ning\u00fan otro s\u00edntoma conocido hasta el momento, incluidos aquellos nuevos que incluyen la p\u00e9rdida del olfato y el gusto por algunos d\u00edas.<\/p>\n<p>Los Centros para el Control y la Prevenci\u00f3n de Enfermedades (CDC) de los Estados Unidos no tienen ojos rojos, ni ning\u00fan problema ocular, en su lista.<\/p>\n<p>Lo que se incluye son fiebre, tos y falta de aliento. Por el contrario, los dolores o la presi\u00f3n persistentes en el pecho y los labios azulados son signos de emergencia y de que el paciente deber\u00e1 ser atendido de inmediato porque su vida podr\u00eda correr peligro.<\/p>\n<p>Sin embargo, la Academia Americana de Oftalmolog\u00eda envi\u00f3 una alerta el domingo sobre informes de que el virus chino podr\u00eda causar conjuntivitis, que es la inflamaci\u00f3n de la membrana que recubre el p\u00e1rpado.<\/p>\n<p>\u00bfSer\u00e1 este el caso que advierte Earnest? La enfermera revel\u00f3 que los pacientes en el Life Care Center a menudo pasaban de no tener otros s\u00edntomas sino tan solo ojos rojos al morir.<\/p>\n<p><strong><em>\u201cHemos tenido pacientes que solo ten\u00edan los ojos rojos como el \u00fanico s\u00edntoma que vimos e ir al hospital para luego fallecer\u00bb, dijo la mujer. Esta informaci\u00f3n, desde luego, fue compartida por Earnest con sus superiores, que ya est\u00e1n al tanto del s\u00edntoma. En caso de tener \u201cojos rojos\u201d<\/em><\/strong>, los m\u00e9dicos de urgencias conseguir\u00e1n de inmediato una cama.<\/p>\n<h3>Qu\u00e9 dice la Academia de Oftalmologia<\/h3>\n<p>Uno de las m\u00e1s reconocidas instituciones m\u00e9dicas de los Estados Unidos lanz\u00f3 un alerta a sus profesionales y actualiz\u00f3 informaci\u00f3n relacionada con el COVID-19. La Academia Americana de Oftalmolog\u00eda indic\u00f3 que <em>\u201cvarios informes sugieren que el virus puede causar una conjuntivitis folicular leve que, de otro modo no se puede distinguir de otras causas virales, y posiblemente se transmite por contacto de aerosol con la conjuntiva\u201d.<\/em><\/p>\n<p><em>\u201cPacientes que acuden a oftalm\u00f3logos por conjuntivitis, que tambi\u00e9n tienen fiebre y s\u00edntomas respiratorios, como tos y dificultad para respirar, y que han viajado recientemente internacionalmente, particularmente a \u00e1reas con brotes conocidos (China, Ir\u00e1n, Italia y Corea del Sur, o puntos calientes dentro de los Estados Unidos), o con miembros de la familia que regresaron recientemente de una de estas \u00e1reas, podr\u00edan representar casos de COVID-19\u201d,<\/em> se\u00f1ala el informe seg\u00fan confirm\u00f3 Infobae.<\/p>\n<p>Por este motivo, tanto la academia como los funcionarios norteamericanos<em> \u201crecomiendan protecci\u00f3n para la boca, nariz y ojos cuando atienden a pacientes potencialmente infectados con SARS-CoV-2. Es muy probable que el virus que causa COVID-19 sea susceptible a los mismos desinfectantes a base de alcohol y lej\u00eda que los oftalm\u00f3logos usan com\u00fanmente para desinfectar instrumentos oft\u00e1lmicos y muebles de oficina. Para prevenir la transmisi\u00f3n del SARS-CoV-2, se recomiendan las mismas pr\u00e1cticas de desinfecci\u00f3n ya utilizadas para prevenir la propagaci\u00f3n de otros pat\u00f3genos virales en el consultorio antes y despu\u00e9s de cada encuentro con el paciente\u201d.<\/em><\/p>\n<h3><\/h3>\n<h3>Los otros s\u00edntomas adicionales<\/h3>\n<p>Adem\u00e1s de la fiebre, la tos y la fatiga, la p\u00e9rdida del olfato y del gusto podr\u00edan estar relacionadas con la presencia del coronavirus en el organismo. La ausencia de estos dos sentidos podr\u00edan ser algunos de los s\u00edntomas que se manifiestan tras contagiarse con el COVID-19, informaron la semana pasada investigadores alemanes. El vir\u00f3logo Hendrik Streeck, que coordina las investigaciones sobre la epidemia en el \u00e1rea de Heinsberg, la ciudad en la que se concentra el brote en Alemania, encontr\u00f3 este s\u00edntoma en varios pacientes que trat\u00f3 por COVID-19, seg\u00fan dijo al diario Frankfurter Allgemeine.<\/p>\n<p>Streeck entrevist\u00f3 a un centenar de pacientes positivos. \u201cDe casi todas las personas infectadas que entrevistamos, al menos dos tercios informaron haber perdido el sentido del olfato y del gusto durante varios d\u00edas\u201d, dijo. <em>\u201cLa p\u00e9rdida es tan fuerte que una madre no pudo oler el pa\u00f1al sucio de su beb\u00e9. Otros ya no ol\u00edan su champ\u00fa y la comida comenzaba a no saber nada. Todav\u00eda no podemos decir exactamente cu\u00e1ndo aparecen estos s\u00edntomas, pero surgen inmediatamente despu\u00e9s de la infecci\u00f3n\u201d<\/em>, asegur\u00f3 el investigador.<\/p>\n<p>Los cient\u00edficos alemanes detectaron adem\u00e1s una incidencia significativa de diarrea, que era com\u00fan en el 30% de las personas infectadas, adem\u00e1s de la fiebre y la tos. Seg\u00fan Streeck, esto sugiere que \u201c<em>el tracto gastrointestinal puede ser atacado, aunque no estamos seguros\u00bb. <\/em><\/p>\n<p><em>\u201cLo que sabemos es que el virus penetra en su c\u00e9lula hu\u00e9sped a trav\u00e9s del receptor ACE-2: muchas c\u00e9lulas de tejido tienen este receptor y, por lo tanto, podr\u00edan ser atacadas\u201d,<\/em> dijo.<\/p>\n<p>En Italia, los s\u00edntomas fueron detectados tambi\u00e9n por Massimo Galli, profesor de enfermedades infecciosas en la Universidad de Mil\u00e1n y jefe del departamento de Enfermedades infecciosas III del Hospital Sacco.<\/p>\n<p><em>\u201cEn nuestros pacientes vemos con frecuencia los s\u00edntomas de anosmia (alteraci\u00f3n del olfato) y disgeusia (alteraci\u00f3n del gusto)\u201d,<\/em> dijo el experto, uno de los m\u00e1s prestigiosos vir\u00f3logos de Italia, al diario Il Corriere della Sera.<\/p>\n<p><em>\u00abPuedo decir con certeza que es un s\u00edntoma que aparece hacia el final de la infecci\u00f3n, cuando el paciente se est\u00e1 recuperando. Ciertamente no es un signo inicial\u201d<\/em>, agreg\u00f3.<\/p>\n<p>(PUBLICADO EL 25\/03\/2020)<\/p>\n<h3><a href=\"https:\/\/www.sonoraenequipo.com.mx\/gobernadora-pavlovich-decreta-emergencia-sanitaria-en-la-entidad-solo-operaran-actividades-esenciales\/\"><strong>En Sonora se declara emergencia sanitaria.<\/strong><\/a><\/h3>\n<p><iframe loading=\"lazy\" title=\"Mensaje Gobernadora de Sonora  COVID19  mpeg4\" width=\"640\" height=\"360\" src=\"https:\/\/www.youtube.com\/embed\/Rw0dYTklhTM?feature=oembed\" frameborder=\"0\" allow=\"accelerometer; autoplay; clipboard-write; encrypted-media; gyroscope; picture-in-picture; web-share\" referrerpolicy=\"strict-origin-when-cross-origin\" allowfullscreen><\/iframe><\/p>\n","protected":false},"excerpt":{"rendered":"<p>LOS \u00c1NGELES, CALIFORNIA. ESTADOS UNIDOS. \u2014 Atiende en el Life Care Center en Kirkland, el&#8230;<\/p>\n","protected":false},"author":1,"featured_media":81745,"comment_status":"open","ping_status":"open","sticky":false,"template":"","format":"standard","meta":{"_monsterinsights_skip_tracking":false,"_monsterinsights_sitenote_active":false,"_monsterinsights_sitenote_note":"","_monsterinsights_sitenote_category":0,"footnotes":""},"categories":[3],"tags":[],"class_list":["post"],"yoast_head":" \n<title>Sonora en Equipo. Enfermera descubre un nuevo s\u00edntoma entre los pacientes que atendi\u00f3 por COVID-19 MUNDO<\/title>\n<meta name=\"description\" content=\"LOS \u00c1NGELES, CALIFORNIA. ESTADOS UNIDOS. \u2014 Atiende en el Life Care Center en Kirkland, el epicentro del brote por coronavirus COVID-19 en el estado de En Sonora en Equipo publicamos toda la informaci\u00f3n de Sonora, M\u00e9xico y el Mundo de manera oportuna y busca que la libertad de expresi\u00f3n sea real. Visita nuestro medio informativo publicado desde Hermosillo, Sonora. %\" \/>\n<meta name=\"robots\" content=\"index, follow, max-snippet:-1, max-image-preview:large, max-video-preview:-1\" \/>\n<link rel=\"canonical\" href=\"https:\/\/www.sonoraenequipo.com.mx\/enfermera-descubre-un-nuevo-sintoma-entre-los-pacientes-que-atendio-por-covid-19\/\" \/>\n<meta property=\"og:locale\" content=\"es_ES\" \/>\n<meta property=\"og:type\" content=\"article\" \/>\n<meta property=\"og:title\" content=\"Sonora en Equipo. Enfermera descubre un nuevo s\u00edntoma entre los pacientes que atendi\u00f3 por COVID-19 MUNDO\" \/>\n<meta property=\"og:description\" content=\"LOS \u00c1NGELES, CALIFORNIA. ESTADOS UNIDOS. \u2014 Atiende en el Life Care Center en Kirkland, el epicentro del brote por coronavirus COVID-19 en el estado de En Sonora en Equipo publicamos toda la informaci\u00f3n de Sonora, M\u00e9xico y el Mundo de manera oportuna y busca que la libertad de expresi\u00f3n sea real. Visita nuestro medio informativo publicado desde Hermosillo, Sonora. %\" \/>\n<meta property=\"og:url\" content=\"https:\/\/www.sonoraenequipo.com.mx\/enfermera-descubre-un-nuevo-sintoma-entre-los-pacientes-que-atendio-por-covid-19\/\" \/>\n<meta property=\"og:site_name\" content=\"Sonora en Equipo.\" \/>\n<meta property=\"article:publisher\" content=\"https:\/\/www.facebook.com\/SonoraEE\/\" \/>\n<meta property=\"article:author\" content=\"https:\/\/www.facebook.com\/SonoraEE\" \/>\n<meta property=\"article:published_time\" content=\"2020-03-26T02:15:35+00:00\" \/>\n<meta property=\"og:image\" content=\"https:\/\/www.sonoraenequipo.com.mx\/storage\/2020\/03\/enfermera1_opt.jpg\" \/>\n\t<meta property=\"og:image:width\" content=\"584\" \/>\n\t<meta property=\"og:image:height\" content=\"350\" \/>\n\t<meta property=\"og:image:type\" content=\"image\/jpeg\" \/>\n<meta name=\"author\" content=\"enequipo\" \/>\n<meta name=\"twitter:card\" content=\"summary_large_image\" \/>\n<meta name=\"twitter:creator\" content=\"@sonoraenequipo\" \/>\n<meta name=\"twitter:site\" content=\"@sonoraenequipo\" \/>\n<meta name=\"twitter:label1\" content=\"Escrito por\" \/>\n\t<meta name=\"twitter:data1\" content=\"enequipo\" \/>\n\t<meta name=\"twitter:label2\" content=\"Tiempo de lectura\" \/>\n\t<meta name=\"twitter:data2\" content=\"5 minutos\" \/>\n<script type=\"application\/ld+json\" class=\"yoast-schema-graph\">{\"@context\":\"https:\/\/schema.org\",\"@graph\":[{\"@type\":\"Article\",\"@id\":\"https:\/\/www.sonoraenequipo.com.mx\/enfermera-descubre-un-nuevo-sintoma-entre-los-pacientes-que-atendio-por-covid-19\/#article\",\"isPartOf\":{\"@id\":\"https:\/\/www.sonoraenequipo.com.mx\/enfermera-descubre-un-nuevo-sintoma-entre-los-pacientes-que-atendio-por-covid-19\/\"},\"author\":{\"name\":\"enequipo\",\"@id\":\"https:\/\/www.sonoraenequipo.com.mx\/#\/schema\/person\/50102df0fb23a8fa9e8effad8fa81386\"},\"headline\":\"Enfermera descubre un nuevo s\u00edntoma entre los pacientes que atendi\u00f3 por COVID-19\",\"datePublished\":\"2020-03-26T02:15:35+00:00\",\"mainEntityOfPage\":{\"@id\":\"https:\/\/www.sonoraenequipo.com.mx\/enfermera-descubre-un-nuevo-sintoma-entre-los-pacientes-que-atendio-por-covid-19\/\"},\"wordCount\":1111,\"commentCount\":0,\"publisher\":{\"@id\":\"https:\/\/www.sonoraenequipo.com.mx\/#organization\"},\"image\":{\"@id\":\"https:\/\/www.sonoraenequipo.com.mx\/enfermera-descubre-un-nuevo-sintoma-entre-los-pacientes-que-atendio-por-covid-19\/#primaryimage\"},\"thumbnailUrl\":\"https:\/\/www.sonoraenequipo.com.mx\/storage\/2020\/03\/enfermera1_opt.jpg\",\"articleSection\":[\"MUNDO\"],\"inLanguage\":\"es\",\"potentialAction\":[{\"@type\":\"CommentAction\",\"name\":\"Comment\",\"target\":[\"https:\/\/www.sonoraenequipo.com.mx\/enfermera-descubre-un-nuevo-sintoma-entre-los-pacientes-que-atendio-por-covid-19\/#respond\"]}]},{\"@type\":\"WebPage\",\"@id\":\"https:\/\/www.sonoraenequipo.com.mx\/enfermera-descubre-un-nuevo-sintoma-entre-los-pacientes-que-atendio-por-covid-19\/\",\"url\":\"https:\/\/www.sonoraenequipo.com.mx\/enfermera-descubre-un-nuevo-sintoma-entre-los-pacientes-que-atendio-por-covid-19\/\",\"name\":\"Sonora en Equipo. Enfermera descubre un nuevo s\u00edntoma entre los pacientes que atendi\u00f3 por COVID-19 MUNDO\",\"isPartOf\":{\"@id\":\"https:\/\/www.sonoraenequipo.com.mx\/#website\"},\"primaryImageOfPage\":{\"@id\":\"https:\/\/www.sonoraenequipo.com.mx\/enfermera-descubre-un-nuevo-sintoma-entre-los-pacientes-que-atendio-por-covid-19\/#primaryimage\"},\"image\":{\"@id\":\"https:\/\/www.sonoraenequipo.com.mx\/enfermera-descubre-un-nuevo-sintoma-entre-los-pacientes-que-atendio-por-covid-19\/#primaryimage\"},\"thumbnailUrl\":\"https:\/\/www.sonoraenequipo.com.mx\/storage\/2020\/03\/enfermera1_opt.jpg\",\"datePublished\":\"2020-03-26T02:15:35+00:00\",\"description\":\"LOS \u00c1NGELES, CALIFORNIA. ESTADOS UNIDOS. \u2014 Atiende en el Life Care Center en Kirkland, el epicentro del brote por coronavirus COVID-19 en el estado de En Sonora en Equipo publicamos toda la informaci\u00f3n de Sonora, M\u00e9xico y el Mundo de manera oportuna y busca que la libertad de expresi\u00f3n sea real. Visita nuestro medio informativo publicado desde Hermosillo, Sonora. %\",\"breadcrumb\":{\"@id\":\"https:\/\/www.sonoraenequipo.com.mx\/enfermera-descubre-un-nuevo-sintoma-entre-los-pacientes-que-atendio-por-covid-19\/#breadcrumb\"},\"inLanguage\":\"es\",\"potentialAction\":[{\"@type\":\"ReadAction\",\"target\":[\"https:\/\/www.sonoraenequipo.com.mx\/enfermera-descubre-un-nuevo-sintoma-entre-los-pacientes-que-atendio-por-covid-19\/\"]}]},{\"@type\":\"ImageObject\",\"inLanguage\":\"es\",\"@id\":\"https:\/\/www.sonoraenequipo.com.mx\/enfermera-descubre-un-nuevo-sintoma-entre-los-pacientes-que-atendio-por-covid-19\/#primaryimage\",\"url\":\"https:\/\/www.sonoraenequipo.com.mx\/storage\/2020\/03\/enfermera1_opt.jpg\",\"contentUrl\":\"https:\/\/www.sonoraenequipo.com.mx\/storage\/2020\/03\/enfermera1_opt.jpg\",\"width\":584,\"height\":350},{\"@type\":\"BreadcrumbList\",\"@id\":\"https:\/\/www.sonoraenequipo.com.mx\/enfermera-descubre-un-nuevo-sintoma-entre-los-pacientes-que-atendio-por-covid-19\/#breadcrumb\",\"itemListElement\":[{\"@type\":\"ListItem\",\"position\":1,\"name\":\"Portada\",\"item\":\"https:\/\/www.sonoraenequipo.com.mx\/\"},{\"@type\":\"ListItem\",\"position\":2,\"name\":\"Enfermera descubre un nuevo s\u00edntoma entre los pacientes que atendi\u00f3 por COVID-19\"}]},{\"@type\":\"WebSite\",\"@id\":\"https:\/\/www.sonoraenequipo.com.mx\/#website\",\"url\":\"https:\/\/www.sonoraenequipo.com.mx\/\",\"name\":\"Sonora en Equipo.\",\"description\":\"Diario en l\u00ednea con Noticias desde Hermosillo, Sonora\",\"publisher\":{\"@id\":\"https:\/\/www.sonoraenequipo.com.mx\/#organization\"},\"potentialAction\":[{\"@type\":\"SearchAction\",\"target\":{\"@type\":\"EntryPoint\",\"urlTemplate\":\"https:\/\/www.sonoraenequipo.com.mx\/?s={search_term_string}\"},\"query-input\":{\"@type\":\"PropertyValueSpecification\",\"valueRequired\":true,\"valueName\":\"search_term_string\"}}],\"inLanguage\":\"es\"},{\"@type\":\"Organization\",\"@id\":\"https:\/\/www.sonoraenequipo.com.mx\/#organization\",\"name\":\"Sonoraenequipo.com.mx\",\"url\":\"https:\/\/www.sonoraenequipo.com.mx\/\",\"logo\":{\"@type\":\"ImageObject\",\"inLanguage\":\"es\",\"@id\":\"https:\/\/www.sonoraenequipo.com.mx\/#\/schema\/logo\/image\/\",\"url\":\"https:\/\/www.sonoraenequipo.com.mx\/storage\/2019\/01\/sonoraenequipo_opt.png\",\"contentUrl\":\"https:\/\/www.sonoraenequipo.com.mx\/storage\/2019\/01\/sonoraenequipo_opt.png\",\"width\":375,\"height\":125,\"caption\":\"Sonoraenequipo.com.mx\"},\"image\":{\"@id\":\"https:\/\/www.sonoraenequipo.com.mx\/#\/schema\/logo\/image\/\"},\"sameAs\":[\"https:\/\/www.facebook.com\/SonoraEE\/\",\"https:\/\/x.com\/sonoraenequipo\",\"https:\/\/www.youtube.com\/channel\/UC338nW-lPEYmJQs4ZABQ1SQ\"]},{\"@type\":\"Person\",\"@id\":\"https:\/\/www.sonoraenequipo.com.mx\/#\/schema\/person\/50102df0fb23a8fa9e8effad8fa81386\",\"name\":\"enequipo\",\"image\":{\"@type\":\"ImageObject\",\"inLanguage\":\"es\",\"@id\":\"https:\/\/www.sonoraenequipo.com.mx\/#\/schema\/person\/image\/\",\"url\":\"https:\/\/secure.gravatar.com\/avatar\/049821681b589dabc0bc20695993ccebb09f5b5d4d790cd9251b97faac7c652b?s=96&d=blank&r=g\",\"contentUrl\":\"https:\/\/secure.gravatar.com\/avatar\/049821681b589dabc0bc20695993ccebb09f5b5d4d790cd9251b97faac7c652b?s=96&d=blank&r=g\",\"caption\":\"enequipo\"},\"sameAs\":[\"https:\/\/www.facebook.com\/SonoraEE\"]}]}<\/script>\n ","yoast_head_json":{"title":"Sonora en Equipo. Enfermera descubre un nuevo s\u00edntoma entre los pacientes que atendi\u00f3 por COVID-19 MUNDO","description":"LOS \u00c1NGELES, CALIFORNIA. ESTADOS UNIDOS. \u2014 Atiende en el Life Care Center en Kirkland, el epicentro del brote por coronavirus COVID-19 en el estado de En Sonora en Equipo publicamos toda la informaci\u00f3n de Sonora, M\u00e9xico y el Mundo de manera oportuna y busca que la libertad de expresi\u00f3n sea real. Visita nuestro medio informativo publicado desde Hermosillo, Sonora. %","robots":{"index":"index","follow":"follow","max-snippet":"max-snippet:-1","max-image-preview":"max-image-preview:large","max-video-preview":"max-video-preview:-1"},"canonical":"https:\/\/www.sonoraenequipo.com.mx\/enfermera-descubre-un-nuevo-sintoma-entre-los-pacientes-que-atendio-por-covid-19\/","og_locale":"es_ES","og_type":"article","og_title":"Sonora en Equipo. Enfermera descubre un nuevo s\u00edntoma entre los pacientes que atendi\u00f3 por COVID-19 MUNDO","og_description":"LOS \u00c1NGELES, CALIFORNIA. ESTADOS UNIDOS. \u2014 Atiende en el Life Care Center en Kirkland, el epicentro del brote por coronavirus COVID-19 en el estado de En Sonora en Equipo publicamos toda la informaci\u00f3n de Sonora, M\u00e9xico y el Mundo de manera oportuna y busca que la libertad de expresi\u00f3n sea real. Visita nuestro medio informativo publicado desde Hermosillo, Sonora. %","og_url":"https:\/\/www.sonoraenequipo.com.mx\/enfermera-descubre-un-nuevo-sintoma-entre-los-pacientes-que-atendio-por-covid-19\/","og_site_name":"Sonora en Equipo.","article_publisher":"https:\/\/www.facebook.com\/SonoraEE\/","article_author":"https:\/\/www.facebook.com\/SonoraEE","article_published_time":"2020-03-26T02:15:35+00:00","og_image":[{"width":584,"height":350,"url":"https:\/\/www.sonoraenequipo.com.mx\/storage\/2020\/03\/enfermera1_opt.jpg","type":"image\/jpeg"}],"author":"enequipo","twitter_card":"summary_large_image","twitter_creator":"@sonoraenequipo","twitter_site":"@sonoraenequipo","twitter_misc":{"Escrito por":"enequipo","Tiempo de lectura":"5 minutos"},"schema":{"@context":"https:\/\/schema.org","@graph":[{"@type":"Article","@id":"https:\/\/www.sonoraenequipo.com.mx\/enfermera-descubre-un-nuevo-sintoma-entre-los-pacientes-que-atendio-por-covid-19\/#article","isPartOf":{"@id":"https:\/\/www.sonoraenequipo.com.mx\/enfermera-descubre-un-nuevo-sintoma-entre-los-pacientes-que-atendio-por-covid-19\/"},"author":{"name":"enequipo","@id":"https:\/\/www.sonoraenequipo.com.mx\/#\/schema\/person\/50102df0fb23a8fa9e8effad8fa81386"},"headline":"Enfermera descubre un nuevo s\u00edntoma entre los pacientes que atendi\u00f3 por COVID-19","datePublished":"2020-03-26T02:15:35+00:00","mainEntityOfPage":{"@id":"https:\/\/www.sonoraenequipo.com.mx\/enfermera-descubre-un-nuevo-sintoma-entre-los-pacientes-que-atendio-por-covid-19\/"},"wordCount":1111,"commentCount":0,"publisher":{"@id":"https:\/\/www.sonoraenequipo.com.mx\/#organization"},"image":{"@id":"https:\/\/www.sonoraenequipo.com.mx\/enfermera-descubre-un-nuevo-sintoma-entre-los-pacientes-que-atendio-por-covid-19\/#primaryimage"},"thumbnailUrl":"https:\/\/www.sonoraenequipo.com.mx\/storage\/2020\/03\/enfermera1_opt.jpg","articleSection":["MUNDO"],"inLanguage":"es","potentialAction":[{"@type":"CommentAction","name":"Comment","target":["https:\/\/www.sonoraenequipo.com.mx\/enfermera-descubre-un-nuevo-sintoma-entre-los-pacientes-que-atendio-por-covid-19\/#respond"]}]},{"@type":"WebPage","@id":"https:\/\/www.sonoraenequipo.com.mx\/enfermera-descubre-un-nuevo-sintoma-entre-los-pacientes-que-atendio-por-covid-19\/","url":"https:\/\/www.sonoraenequipo.com.mx\/enfermera-descubre-un-nuevo-sintoma-entre-los-pacientes-que-atendio-por-covid-19\/","name":"Sonora en Equipo. Enfermera descubre un nuevo s\u00edntoma entre los pacientes que atendi\u00f3 por COVID-19 MUNDO","isPartOf":{"@id":"https:\/\/www.sonoraenequipo.com.mx\/#website"},"primaryImageOfPage":{"@id":"https:\/\/www.sonoraenequipo.com.mx\/enfermera-descubre-un-nuevo-sintoma-entre-los-pacientes-que-atendio-por-covid-19\/#primaryimage"},"image":{"@id":"https:\/\/www.sonoraenequipo.com.mx\/enfermera-descubre-un-nuevo-sintoma-entre-los-pacientes-que-atendio-por-covid-19\/#primaryimage"},"thumbnailUrl":"https:\/\/www.sonoraenequipo.com.mx\/storage\/2020\/03\/enfermera1_opt.jpg","datePublished":"2020-03-26T02:15:35+00:00","description":"LOS \u00c1NGELES, CALIFORNIA. ESTADOS UNIDOS. \u2014 Atiende en el Life Care Center en Kirkland, el epicentro del brote por coronavirus COVID-19 en el estado de En Sonora en Equipo publicamos toda la informaci\u00f3n de Sonora, M\u00e9xico y el Mundo de manera oportuna y busca que la libertad de expresi\u00f3n sea real. Visita nuestro medio informativo publicado desde Hermosillo, Sonora. %","breadcrumb":{"@id":"https:\/\/www.sonoraenequipo.com.mx\/enfermera-descubre-un-nuevo-sintoma-entre-los-pacientes-que-atendio-por-covid-19\/#breadcrumb"},"inLanguage":"es","potentialAction":[{"@type":"ReadAction","target":["https:\/\/www.sonoraenequipo.com.mx\/enfermera-descubre-un-nuevo-sintoma-entre-los-pacientes-que-atendio-por-covid-19\/"]}]},{"@type":"ImageObject","inLanguage":"es","@id":"https:\/\/www.sonoraenequipo.com.mx\/enfermera-descubre-un-nuevo-sintoma-entre-los-pacientes-que-atendio-por-covid-19\/#primaryimage","url":"https:\/\/www.sonoraenequipo.com.mx\/storage\/2020\/03\/enfermera1_opt.jpg","contentUrl":"https:\/\/www.sonoraenequipo.com.mx\/storage\/2020\/03\/enfermera1_opt.jpg","width":584,"height":350},{"@type":"BreadcrumbList","@id":"https:\/\/www.sonoraenequipo.com.mx\/enfermera-descubre-un-nuevo-sintoma-entre-los-pacientes-que-atendio-por-covid-19\/#breadcrumb","itemListElement":[{"@type":"ListItem","position":1,"name":"Portada","item":"https:\/\/www.sonoraenequipo.com.mx\/"},{"@type":"ListItem","position":2,"name":"Enfermera descubre un nuevo s\u00edntoma entre los pacientes que atendi\u00f3 por COVID-19"}]},{"@type":"WebSite","@id":"https:\/\/www.sonoraenequipo.com.mx\/#website","url":"https:\/\/www.sonoraenequipo.com.mx\/","name":"Sonora en Equipo.","description":"Diario en l\u00ednea con Noticias desde Hermosillo, Sonora","publisher":{"@id":"https:\/\/www.sonoraenequipo.com.mx\/#organization"},"potentialAction":[{"@type":"SearchAction","target":{"@type":"EntryPoint","urlTemplate":"https:\/\/www.sonoraenequipo.com.mx\/?s={search_term_string}"},"query-input":{"@type":"PropertyValueSpecification","valueRequired":true,"valueName":"search_term_string"}}],"inLanguage":"es"},{"@type":"Organization","@id":"https:\/\/www.sonoraenequipo.com.mx\/#organization","name":"Sonoraenequipo.com.mx","url":"https:\/\/www.sonoraenequipo.com.mx\/","logo":{"@type":"ImageObject","inLanguage":"es","@id":"https:\/\/www.sonoraenequipo.com.mx\/#\/schema\/logo\/image\/","url":"https:\/\/www.sonoraenequipo.com.mx\/storage\/2019\/01\/sonoraenequipo_opt.png","contentUrl":"https:\/\/www.sonoraenequipo.com.mx\/storage\/2019\/01\/sonoraenequipo_opt.png","width":375,"height":125,"caption":"Sonoraenequipo.com.mx"},"image":{"@id":"https:\/\/www.sonoraenequipo.com.mx\/#\/schema\/logo\/image\/"},"sameAs":["https:\/\/www.facebook.com\/SonoraEE\/","https:\/\/x.com\/sonoraenequipo","https:\/\/www.youtube.com\/channel\/UC338nW-lPEYmJQs4ZABQ1SQ"]},{"@type":"Person","@id":"https:\/\/www.sonoraenequipo.com.mx\/#\/schema\/person\/50102df0fb23a8fa9e8effad8fa81386","name":"enequipo","image":{"@type":"ImageObject","inLanguage":"es","@id":"https:\/\/www.sonoraenequipo.com.mx\/#\/schema\/person\/image\/","url":"https:\/\/secure.gravatar.com\/avatar\/049821681b589dabc0bc20695993ccebb09f5b5d4d790cd9251b97faac7c652b?s=96&d=blank&r=g","contentUrl":"https:\/\/secure.gravatar.com\/avatar\/049821681b589dabc0bc20695993ccebb09f5b5d4d790cd9251b97faac7c652b?s=96&d=blank&r=g","caption":"enequipo"},"sameAs":["https:\/\/www.facebook.com\/SonoraEE"]}]}},"jetpack_featured_media_url":"https:\/\/www.sonoraenequipo.com.mx\/storage\/2020\/03\/enfermera1_opt.jpg","_links":{"self":[{"href":"https:\/\/www.sonoraenequipo.com.mx\/api\/wp\/v2\/posts\/81736","targetHints":{"allow":["GET"]}}],"collection":[{"href":"https:\/\/www.sonoraenequipo.com.mx\/api\/wp\/v2\/posts"}],"about":[{"href":"https:\/\/www.sonoraenequipo.com.mx\/api\/wp\/v2\/types\/post"}],"author":[{"embeddable":true,"href":"https:\/\/www.sonoraenequipo.com.mx\/api\/wp\/v2\/users\/1"}],"replies":[{"embeddable":true,"href":"https:\/\/www.sonoraenequipo.com.mx\/api\/wp\/v2\/comments?post=81736"}],"version-history":[{"count":0,"href":"https:\/\/www.sonoraenequipo.com.mx\/api\/wp\/v2\/posts\/81736\/revisions"}],"wp:featuredmedia":[{"embeddable":true,"href":"https:\/\/www.sonoraenequipo.com.mx\/api\/wp\/v2\/media\/81745"}],"wp:attachment":[{"href":"https:\/\/www.sonoraenequipo.com.mx\/api\/wp\/v2\/media?parent=81736"}],"wp:term":[{"taxonomy":"category","embeddable":true,"href":"https:\/\/www.sonoraenequipo.com.mx\/api\/wp\/v2\/categories?post=81736"},{"taxonomy":"post_tag","embeddable":true,"href":"https:\/\/www.sonoraenequipo.com.mx\/api\/wp\/v2\/tags?post=81736"}],"curies":[{"name":"wp","href":"https:\/\/api.w.org\/{rel}","templated":true}]}}