{"id":81755,"date":"2020-03-25T23:48:35","date_gmt":"2020-03-26T06:48:35","guid":{"rendered":"https:\/\/www.sonoraenequipo.com.mx\/?p=81755"},"modified":"2020-03-25T18:11:01","modified_gmt":"2020-03-26T01:11:01","slug":"cadenas-de-suministro-en-un-riesgo-no-visto-desde-la-segunda-guerra-mundial","status":"publish","type":"post","link":"https:\/\/www.sonoraenequipo.com.mx\/cadenas-de-suministro-en-un-riesgo-no-visto-desde-la-segunda-guerra-mundial\/","title":{"rendered":"Cadenas de suministro, en un riesgo no visto desde la Segunda Guerra Mundial"},"content":{"rendered":"<p>CIUDAD DE M\u00c9XICO. MX. \u2014 La expansi\u00f3n de la pandemia del COVID-19 (coronavirus) est\u00e1 causando disrupciones en la forma como las personas acceden a los bienes y servicios y, por tanto, en la forma como operan las cadenas de suministro.<\/p>\n<p>&nbsp;<\/p>\n<p> <\/p>\n<p>&nbsp;<\/p>\n<p>Las interrupciones inmediatas fueron similares y generalizadas en todo el mundo: papel higi\u00e9nico, productos de limpieza, alcohol en gel, mascarillas y term\u00f3metros agotados en los supermercados y farmacias. En palabras de economistas, un shock de demanda de productos esenciales, de acuerdo con un an\u00e1lisis de moviliblog, del Banco Interamericano de Desarrollo (BID).<\/p>\n<p>&nbsp;<\/p>\n<p>&nbsp;<\/p>\n<p>De manera simult\u00e1nea las cadenas globales de suministro tambi\u00e9n est\u00e1n sufriendo un shock de oferta. El origen de la pandemia en China, con el consiguiente cierre de f\u00e1bricas y la disminuci\u00f3n en las operaciones portuarias, aeroportuarias y f\u00e9rreas, ha impactado el suministro de muchas industrias, indic\u00f3 el reporte.<\/p>\n<p>&nbsp;<\/p>\n<p>&nbsp;<\/p>\n<p>Asimismo, las restricciones de viaje junto con la implementaci\u00f3n de per\u00edodos extensos de cuarentena y distanciamiento social que restringen la movilidad de la mano de obra tambi\u00e9n han ralentizado y\/o interrumpido las cadenas de suministro. Por ejemplo, las cuarentenas de hasta 30 d\u00edas que rigen para las tripulaciones de aeronaves y buques en ciertos pa\u00edses ha resultado en gran estr\u00e9s operativo y financiero para las empresas de transporte a\u00e9reo y las navieras.<\/p>\n<p>&nbsp;<\/p>\n<p>&nbsp;<\/p>\n<h3>\u00bfQu\u00e9 medidas se est\u00e1n tomando a nivel mundial?<\/h3>\n<p>&nbsp;<\/p>\n<p>&nbsp;<\/p>\n<p>A fin de garantizar el abasto de equipos m\u00e9dicos, varios pa\u00edses han implementados medidas para priorizar el suministro al mercado interno, tales como: restricciones a la exportaci\u00f3n de productos m\u00e9dicos, eliminaci\u00f3n de aranceles a los insumos m\u00e9dicos, e incentivos fiscales y aduaneros para la producci\u00f3n de m\u00e1scaras e insumos m\u00e9dicos.<\/p>\n<p>&nbsp;<\/p>\n<p>&nbsp;<\/p>\n<p>Tambi\u00e9n se est\u00e1 realizando un monitoreo continuo de los precios de los alimentos, generando sistemas de alerta temprana para la intervenci\u00f3n ante desv\u00edos en esas variables. Asimismo, el sector privado ha reaccionado estableciendo horarios especiales en supermercados, farmacias y centros m\u00e9dicos para la atenci\u00f3n para adultos mayores, y l\u00edmites al n\u00famero de productos que pueden adquirirse.<\/p>\n<p>&nbsp;<\/p>\n<p>&nbsp;<\/p>\n<p>Concretamente, en el sector log\u00edstico, -a\u00f1ade moviliblog del BID- los pa\u00edses est\u00e1n implementando medidas para asegurar la circulaci\u00f3n del transporte de carga de larga distancia. Por ejemplo, las normativas de aislamiento de la poblaci\u00f3n implementadas en Espa\u00f1a, Italia y Francia excluyen al transporte de carga.<\/p>\n<p>&nbsp;<\/p>\n<p>&nbsp;<\/p>\n<p>Asimismo, Alemania y Espa\u00f1a han flexibilizado la legislaci\u00f3n sobre tiempos de conducci\u00f3n y descanso de los transportistas (que puedan descansar en sus cabinas, para evitar contaminaci\u00f3n en hoteles o restaurantes). Mientras que Italia ha rebajado la carga fiscal para las empresas de transporte de carga.<\/p>\n<p>&nbsp;<\/p>\n<p>&nbsp;<\/p>\n<p>Estados Unidos est\u00e1 permitiendo que compa\u00f1\u00edas de transporte a\u00e9reo de pasajeros puedan operar vuelos de carga. Adem\u00e1s, la digitalizaci\u00f3n y automatizaci\u00f3n de tr\u00e1mites relacionados con los procesos de cadena de suministro (certificados sanitarios, fitosanitarios, aduanas) est\u00e1n siendo fundamentales para asegurar el funcionamiento de las cadenas de suministro esenciales, a pesar de la cuarentena generalizada. En Europa, por ejemplo, se implementaron canales verdes para la importaci\u00f3n de insumos m\u00e9dicos, reduciendo significativamente el tiempo de desaduanaje.<\/p>\n<p>&nbsp;<\/p>\n<p>&nbsp;<\/p>\n<p>En cuanto a la distribuci\u00f3n urbana de mercanc\u00edas, la facilitaci\u00f3n del comercio electr\u00f3nico ha sido cr\u00edtico para llevar productos de primera necesidad a las poblaciones en aislamiento.<\/p>\n<p>&nbsp;<\/p>\n<p>&nbsp;<\/p>\n<p>En China se facilit\u00f3 la venta de productos v\u00eda comercio electr\u00f3nico, mediante descuentos o eliminaci\u00f3n de cargos por el uso de las plataformas, financiamiento y apoyo t\u00e9cnico a las empresas proveedoras.<\/p>\n<p>&nbsp;<\/p>\n<p>&nbsp;<\/p>\n<p>Tambi\u00e9n se permiti\u00f3 temporalmente el uso de drones y veh\u00edculos aut\u00f3nomos para la distribuci\u00f3n de mercanc\u00edas, transporte de pruebas m\u00e9dicas y desinfecci\u00f3n en las zonas bajo aislamiento, as\u00ed como la presencia de tecnolog\u00eda aut\u00f3noma en almacenes para compensar la menor disponibilidad de mano de obra.<\/p>\n<p>&nbsp;<\/p>\n<p>&nbsp;<\/p>\n<p>En Europa se est\u00e1 incrementando el uso de apps como Glovo o Uber Eats para entrega de alimentos y medicamentos, en muchos casos fomentando la entrega sin contacto humano depositando los paquetes en zonas espec\u00edficas.<\/p>\n<p>&nbsp;<\/p>\n<p>&nbsp;<\/p>\n<p>Las ciudades europeas tambi\u00e9n han extendido los horarios de circulaci\u00f3n de veh\u00edculos de carga, con el fin de reforzar el abastecimiento a supermercados y farmacias. La implementaci\u00f3n de protocolos sanitarios ha sido otro com\u00fan denominador para las empresas del sector, proveyendo a sus empleados de equipo de protecci\u00f3n y adoptando estrictas medidas de desinfecci\u00f3n peri\u00f3dica de almacenes y veh\u00edculos.<\/p>\n<p>&nbsp;<\/p>\n<p>&nbsp;<\/p>\n<h3>\u00bfCu\u00e1les son las implicaciones para Am\u00e9rica Latina y el Caribe?<\/h3>\n<p>&nbsp;<\/p>\n<p>&nbsp;<\/p>\n<p>La regi\u00f3n es una de las principales regiones productoras de alimentos del mundo con suficiencia para satisfacer las necesidades de sus habitantes. Sin embargo, ante un eventual aumento de los precios internacionales de los alimentos, los productores podr\u00edan optar por exportar.<\/p>\n<p>&nbsp;<\/p>\n<p>&nbsp;<\/p>\n<p>A fin de mantener la seguridad alimentaria en tiempos de crisis, es recomendable incrementar la coordinaci\u00f3n a nivel regional, as\u00ed como la colaboraci\u00f3n entre el sector p\u00fablico y privado para monitorear inventarios, acordar prioridades de producci\u00f3n y establecer compromisos de compra por parte del sector p\u00fablico.<\/p>\n<p>&nbsp;<\/p>\n<p>&nbsp;<\/p>\n<p>Dada la naturaleza de las cadenas de suministro y sus dependencias m\u00e1s all\u00e1 del transporte, como medida general, es clave el establecimiento de grupos de trabajo\/comit\u00e9s multisectoriales para la toma de decisi\u00f3n integrada y expedita.<\/p>\n<p>&nbsp;<\/p>\n<p>&nbsp;<\/p>\n<p>Mantener los niveles de producci\u00f3n local de alimentos requiere tambi\u00e9n asegurar la circulaci\u00f3n y la salud de los trabajadores en zonas rurales y urbanas. En ese sentido, es fundamental evaluar el riesgo de los trabajadores del sector log\u00edstico (seg\u00fan su rango de edad y condiciones de salud) y definir protocolos de actuaci\u00f3n por parte de las autoridades sanitarias para el sector log\u00edstico, a fin de reducir riesgos de contaminaci\u00f3n de trabajadores y mercanc\u00edas.<\/p>\n<p>&nbsp;<\/p>\n<p>&nbsp;<\/p>\n<p>El shock econ\u00f3mico provocado por la pandemia requiere tambi\u00e9n de paquetes de apoyo para los sectores clave en el abastecimiento de productos de primera necesidad e insumos m\u00e9dicos, para responder a los desaf\u00edos de liquidez y la ruptura de la cadena de pagos. Es fundamental asegurar la circulaci\u00f3n del transporte de carga en cadenas de suministro esenciales, simplificando normativas y promoviendo la digitalizaci\u00f3n de todo proceso que requerir\u00eda contacto humano.<\/p>\n<p>&nbsp;<\/p>\n<p>&nbsp;<\/p>\n<p>Algunas medidas que la regi\u00f3n debe explorar incluyen realizar acuerdos internacionales para definir protocolos espec\u00edficos de bioseguridad; reformular protocolos de inspecci\u00f3n y facilitar los tr\u00e1mites de comercio internacional para productos esenciales; incorporar tecnolog\u00eda de bajo costo para la inspecci\u00f3n de la carga; eliminar restricciones a la carga a\u00e9rea relacionadas a productos para atender la emergencia COVID-19, as\u00ed como autorizar derechos de tr\u00e1fico para vuelos de carga (donde no existen) y eliminar\/reducir tasas operativas en los aeropuertos para tales vuelos.<\/p>\n<p>&nbsp;<\/p>\n<p>&nbsp;<\/p>\n<p>Finalmente, la facilitaci\u00f3n del comercio electr\u00f3nico y la log\u00edstica de \u00faltima milla promoviendo la coordinaci\u00f3n con las plataformas de entrega existentes ser\u00e1 fundamental para garantizar el acceso a bienes de primera necesidad.<\/p>\n<p>&nbsp;<\/p>\n<p>&nbsp;<\/p>\n<p>Las cadenas de suministro enfrentan hoy un riesgo de disrupci\u00f3n no visto desde la Segunda Guerra Mundial.<\/p>\n<p>&nbsp;<\/p>\n<p>&nbsp;<\/p>\n<p>La experiencia de los pa\u00edses afectados en la primera ola del COVID-19 demuestra que evitar la disrupci\u00f3n en las cadenas de suministro es clave para asegurar el abastecimiento de alimentos a una poblaci\u00f3n en cuarentena, as\u00ed como proveer insumos m\u00e9dicos a los centros de salud para combatir la pandemia. A la vez, el funcionamiento de dichas cadenas contribuye a reducir el grave impacto en la econom\u00eda, manteniendo activos algunos de sus sectores.<\/p>\n<p>&nbsp;<\/p>\n<p>(PUBLICADO EL 25\/03\/2020)<\/p>\n","protected":false},"excerpt":{"rendered":"<p>CIUDAD DE M\u00c9XICO. MX. \u2014 La expansi\u00f3n de la pandemia del COVID-19 (coronavirus) est\u00e1 causando&#8230;<\/p>\n","protected":false},"author":1,"featured_media":81742,"comment_status":"open","ping_status":"open","sticky":false,"template":"","format":"standard","meta":{"_monsterinsights_skip_tracking":false,"_monsterinsights_sitenote_active":false,"_monsterinsights_sitenote_note":"","_monsterinsights_sitenote_category":0,"footnotes":""},"categories":[3],"tags":[],"class_list":["post"],"yoast_head":" \n<title>Sonora en Equipo. Cadenas de suministro, en un riesgo no visto desde la Segunda Guerra Mundial MUNDO<\/title>\n<meta name=\"description\" content=\"CIUDAD DE M\u00c9XICO. MX. \u2014 La expansi\u00f3n de la pandemia del COVID-19 (coronavirus) est\u00e1 causando disrupciones en la forma como las personas acceden a los En Sonora en Equipo publicamos toda la informaci\u00f3n de Sonora, M\u00e9xico y el Mundo de manera oportuna y busca que la libertad de expresi\u00f3n sea real. Visita nuestro medio informativo publicado desde Hermosillo, Sonora. %\" \/>\n<meta name=\"robots\" content=\"index, follow, max-snippet:-1, max-image-preview:large, max-video-preview:-1\" \/>\n<link rel=\"canonical\" href=\"https:\/\/www.sonoraenequipo.com.mx\/cadenas-de-suministro-en-un-riesgo-no-visto-desde-la-segunda-guerra-mundial\/\" \/>\n<meta property=\"og:locale\" content=\"es_ES\" \/>\n<meta property=\"og:type\" content=\"article\" \/>\n<meta property=\"og:title\" content=\"Sonora en Equipo. Cadenas de suministro, en un riesgo no visto desde la Segunda Guerra Mundial MUNDO\" \/>\n<meta property=\"og:description\" content=\"CIUDAD DE M\u00c9XICO. MX. \u2014 La expansi\u00f3n de la pandemia del COVID-19 (coronavirus) est\u00e1 causando disrupciones en la forma como las personas acceden a los En Sonora en Equipo publicamos toda la informaci\u00f3n de Sonora, M\u00e9xico y el Mundo de manera oportuna y busca que la libertad de expresi\u00f3n sea real. Visita nuestro medio informativo publicado desde Hermosillo, Sonora. %\" \/>\n<meta property=\"og:url\" content=\"https:\/\/www.sonoraenequipo.com.mx\/cadenas-de-suministro-en-un-riesgo-no-visto-desde-la-segunda-guerra-mundial\/\" \/>\n<meta property=\"og:site_name\" content=\"Sonora en Equipo.\" \/>\n<meta property=\"article:publisher\" content=\"https:\/\/www.facebook.com\/SonoraEE\/\" \/>\n<meta property=\"article:author\" content=\"https:\/\/www.facebook.com\/SonoraEE\" \/>\n<meta property=\"article:published_time\" content=\"2020-03-26T06:48:35+00:00\" \/>\n<meta property=\"og:image\" content=\"https:\/\/www.sonoraenequipo.com.mx\/storage\/2020\/03\/estante_vacio_okokok_opt.png\" \/>\n\t<meta property=\"og:image:width\" content=\"595\" \/>\n\t<meta property=\"og:image:height\" content=\"350\" \/>\n\t<meta property=\"og:image:type\" content=\"image\/png\" \/>\n<meta name=\"author\" content=\"enequipo\" \/>\n<meta name=\"twitter:card\" content=\"summary_large_image\" \/>\n<meta name=\"twitter:creator\" content=\"@sonoraenequipo\" \/>\n<meta name=\"twitter:site\" content=\"@sonoraenequipo\" \/>\n<meta name=\"twitter:label1\" content=\"Escrito por\" \/>\n\t<meta name=\"twitter:data1\" content=\"enequipo\" \/>\n\t<meta name=\"twitter:label2\" content=\"Tiempo de lectura\" \/>\n\t<meta name=\"twitter:data2\" content=\"7 minutos\" \/>\n<script type=\"application\/ld+json\" class=\"yoast-schema-graph\">{\"@context\":\"https:\/\/schema.org\",\"@graph\":[{\"@type\":\"Article\",\"@id\":\"https:\/\/www.sonoraenequipo.com.mx\/cadenas-de-suministro-en-un-riesgo-no-visto-desde-la-segunda-guerra-mundial\/#article\",\"isPartOf\":{\"@id\":\"https:\/\/www.sonoraenequipo.com.mx\/cadenas-de-suministro-en-un-riesgo-no-visto-desde-la-segunda-guerra-mundial\/\"},\"author\":{\"name\":\"enequipo\",\"@id\":\"https:\/\/www.sonoraenequipo.com.mx\/#\/schema\/person\/50102df0fb23a8fa9e8effad8fa81386\"},\"headline\":\"Cadenas de suministro, en un riesgo no visto desde la Segunda Guerra Mundial\",\"datePublished\":\"2020-03-26T06:48:35+00:00\",\"mainEntityOfPage\":{\"@id\":\"https:\/\/www.sonoraenequipo.com.mx\/cadenas-de-suministro-en-un-riesgo-no-visto-desde-la-segunda-guerra-mundial\/\"},\"wordCount\":1356,\"commentCount\":0,\"publisher\":{\"@id\":\"https:\/\/www.sonoraenequipo.com.mx\/#organization\"},\"image\":{\"@id\":\"https:\/\/www.sonoraenequipo.com.mx\/cadenas-de-suministro-en-un-riesgo-no-visto-desde-la-segunda-guerra-mundial\/#primaryimage\"},\"thumbnailUrl\":\"https:\/\/www.sonoraenequipo.com.mx\/storage\/2020\/03\/estante_vacio_okokok_opt.png\",\"articleSection\":[\"MUNDO\"],\"inLanguage\":\"es\",\"potentialAction\":[{\"@type\":\"CommentAction\",\"name\":\"Comment\",\"target\":[\"https:\/\/www.sonoraenequipo.com.mx\/cadenas-de-suministro-en-un-riesgo-no-visto-desde-la-segunda-guerra-mundial\/#respond\"]}]},{\"@type\":\"WebPage\",\"@id\":\"https:\/\/www.sonoraenequipo.com.mx\/cadenas-de-suministro-en-un-riesgo-no-visto-desde-la-segunda-guerra-mundial\/\",\"url\":\"https:\/\/www.sonoraenequipo.com.mx\/cadenas-de-suministro-en-un-riesgo-no-visto-desde-la-segunda-guerra-mundial\/\",\"name\":\"Sonora en Equipo. Cadenas de suministro, en un riesgo no visto desde la Segunda Guerra Mundial MUNDO\",\"isPartOf\":{\"@id\":\"https:\/\/www.sonoraenequipo.com.mx\/#website\"},\"primaryImageOfPage\":{\"@id\":\"https:\/\/www.sonoraenequipo.com.mx\/cadenas-de-suministro-en-un-riesgo-no-visto-desde-la-segunda-guerra-mundial\/#primaryimage\"},\"image\":{\"@id\":\"https:\/\/www.sonoraenequipo.com.mx\/cadenas-de-suministro-en-un-riesgo-no-visto-desde-la-segunda-guerra-mundial\/#primaryimage\"},\"thumbnailUrl\":\"https:\/\/www.sonoraenequipo.com.mx\/storage\/2020\/03\/estante_vacio_okokok_opt.png\",\"datePublished\":\"2020-03-26T06:48:35+00:00\",\"description\":\"CIUDAD DE M\u00c9XICO. MX. \u2014 La expansi\u00f3n de la pandemia del COVID-19 (coronavirus) est\u00e1 causando disrupciones en la forma como las personas acceden a los En Sonora en Equipo publicamos toda la informaci\u00f3n de Sonora, M\u00e9xico y el Mundo de manera oportuna y busca que la libertad de expresi\u00f3n sea real. Visita nuestro medio informativo publicado desde Hermosillo, Sonora. %\",\"breadcrumb\":{\"@id\":\"https:\/\/www.sonoraenequipo.com.mx\/cadenas-de-suministro-en-un-riesgo-no-visto-desde-la-segunda-guerra-mundial\/#breadcrumb\"},\"inLanguage\":\"es\",\"potentialAction\":[{\"@type\":\"ReadAction\",\"target\":[\"https:\/\/www.sonoraenequipo.com.mx\/cadenas-de-suministro-en-un-riesgo-no-visto-desde-la-segunda-guerra-mundial\/\"]}]},{\"@type\":\"ImageObject\",\"inLanguage\":\"es\",\"@id\":\"https:\/\/www.sonoraenequipo.com.mx\/cadenas-de-suministro-en-un-riesgo-no-visto-desde-la-segunda-guerra-mundial\/#primaryimage\",\"url\":\"https:\/\/www.sonoraenequipo.com.mx\/storage\/2020\/03\/estante_vacio_okokok_opt.png\",\"contentUrl\":\"https:\/\/www.sonoraenequipo.com.mx\/storage\/2020\/03\/estante_vacio_okokok_opt.png\",\"width\":595,\"height\":350},{\"@type\":\"BreadcrumbList\",\"@id\":\"https:\/\/www.sonoraenequipo.com.mx\/cadenas-de-suministro-en-un-riesgo-no-visto-desde-la-segunda-guerra-mundial\/#breadcrumb\",\"itemListElement\":[{\"@type\":\"ListItem\",\"position\":1,\"name\":\"Portada\",\"item\":\"https:\/\/www.sonoraenequipo.com.mx\/\"},{\"@type\":\"ListItem\",\"position\":2,\"name\":\"Cadenas de suministro, en un riesgo no visto desde la Segunda Guerra Mundial\"}]},{\"@type\":\"WebSite\",\"@id\":\"https:\/\/www.sonoraenequipo.com.mx\/#website\",\"url\":\"https:\/\/www.sonoraenequipo.com.mx\/\",\"name\":\"Sonora en Equipo.\",\"description\":\"Diario en l\u00ednea con Noticias desde Hermosillo, Sonora\",\"publisher\":{\"@id\":\"https:\/\/www.sonoraenequipo.com.mx\/#organization\"},\"potentialAction\":[{\"@type\":\"SearchAction\",\"target\":{\"@type\":\"EntryPoint\",\"urlTemplate\":\"https:\/\/www.sonoraenequipo.com.mx\/?s={search_term_string}\"},\"query-input\":{\"@type\":\"PropertyValueSpecification\",\"valueRequired\":true,\"valueName\":\"search_term_string\"}}],\"inLanguage\":\"es\"},{\"@type\":\"Organization\",\"@id\":\"https:\/\/www.sonoraenequipo.com.mx\/#organization\",\"name\":\"Sonoraenequipo.com.mx\",\"url\":\"https:\/\/www.sonoraenequipo.com.mx\/\",\"logo\":{\"@type\":\"ImageObject\",\"inLanguage\":\"es\",\"@id\":\"https:\/\/www.sonoraenequipo.com.mx\/#\/schema\/logo\/image\/\",\"url\":\"https:\/\/www.sonoraenequipo.com.mx\/storage\/2019\/01\/sonoraenequipo_opt.png\",\"contentUrl\":\"https:\/\/www.sonoraenequipo.com.mx\/storage\/2019\/01\/sonoraenequipo_opt.png\",\"width\":375,\"height\":125,\"caption\":\"Sonoraenequipo.com.mx\"},\"image\":{\"@id\":\"https:\/\/www.sonoraenequipo.com.mx\/#\/schema\/logo\/image\/\"},\"sameAs\":[\"https:\/\/www.facebook.com\/SonoraEE\/\",\"https:\/\/x.com\/sonoraenequipo\",\"https:\/\/www.youtube.com\/channel\/UC338nW-lPEYmJQs4ZABQ1SQ\"]},{\"@type\":\"Person\",\"@id\":\"https:\/\/www.sonoraenequipo.com.mx\/#\/schema\/person\/50102df0fb23a8fa9e8effad8fa81386\",\"name\":\"enequipo\",\"image\":{\"@type\":\"ImageObject\",\"inLanguage\":\"es\",\"@id\":\"https:\/\/www.sonoraenequipo.com.mx\/#\/schema\/person\/image\/\",\"url\":\"https:\/\/secure.gravatar.com\/avatar\/049821681b589dabc0bc20695993ccebb09f5b5d4d790cd9251b97faac7c652b?s=96&d=blank&r=g\",\"contentUrl\":\"https:\/\/secure.gravatar.com\/avatar\/049821681b589dabc0bc20695993ccebb09f5b5d4d790cd9251b97faac7c652b?s=96&d=blank&r=g\",\"caption\":\"enequipo\"},\"sameAs\":[\"https:\/\/www.facebook.com\/SonoraEE\"]}]}<\/script>\n ","yoast_head_json":{"title":"Sonora en Equipo. Cadenas de suministro, en un riesgo no visto desde la Segunda Guerra Mundial MUNDO","description":"CIUDAD DE M\u00c9XICO. MX. \u2014 La expansi\u00f3n de la pandemia del COVID-19 (coronavirus) est\u00e1 causando disrupciones en la forma como las personas acceden a los En Sonora en Equipo publicamos toda la informaci\u00f3n de Sonora, M\u00e9xico y el Mundo de manera oportuna y busca que la libertad de expresi\u00f3n sea real. Visita nuestro medio informativo publicado desde Hermosillo, Sonora. %","robots":{"index":"index","follow":"follow","max-snippet":"max-snippet:-1","max-image-preview":"max-image-preview:large","max-video-preview":"max-video-preview:-1"},"canonical":"https:\/\/www.sonoraenequipo.com.mx\/cadenas-de-suministro-en-un-riesgo-no-visto-desde-la-segunda-guerra-mundial\/","og_locale":"es_ES","og_type":"article","og_title":"Sonora en Equipo. Cadenas de suministro, en un riesgo no visto desde la Segunda Guerra Mundial MUNDO","og_description":"CIUDAD DE M\u00c9XICO. MX. \u2014 La expansi\u00f3n de la pandemia del COVID-19 (coronavirus) est\u00e1 causando disrupciones en la forma como las personas acceden a los En Sonora en Equipo publicamos toda la informaci\u00f3n de Sonora, M\u00e9xico y el Mundo de manera oportuna y busca que la libertad de expresi\u00f3n sea real. Visita nuestro medio informativo publicado desde Hermosillo, Sonora. %","og_url":"https:\/\/www.sonoraenequipo.com.mx\/cadenas-de-suministro-en-un-riesgo-no-visto-desde-la-segunda-guerra-mundial\/","og_site_name":"Sonora en Equipo.","article_publisher":"https:\/\/www.facebook.com\/SonoraEE\/","article_author":"https:\/\/www.facebook.com\/SonoraEE","article_published_time":"2020-03-26T06:48:35+00:00","og_image":[{"width":595,"height":350,"url":"https:\/\/www.sonoraenequipo.com.mx\/storage\/2020\/03\/estante_vacio_okokok_opt.png","type":"image\/png"}],"author":"enequipo","twitter_card":"summary_large_image","twitter_creator":"@sonoraenequipo","twitter_site":"@sonoraenequipo","twitter_misc":{"Escrito por":"enequipo","Tiempo de lectura":"7 minutos"},"schema":{"@context":"https:\/\/schema.org","@graph":[{"@type":"Article","@id":"https:\/\/www.sonoraenequipo.com.mx\/cadenas-de-suministro-en-un-riesgo-no-visto-desde-la-segunda-guerra-mundial\/#article","isPartOf":{"@id":"https:\/\/www.sonoraenequipo.com.mx\/cadenas-de-suministro-en-un-riesgo-no-visto-desde-la-segunda-guerra-mundial\/"},"author":{"name":"enequipo","@id":"https:\/\/www.sonoraenequipo.com.mx\/#\/schema\/person\/50102df0fb23a8fa9e8effad8fa81386"},"headline":"Cadenas de suministro, en un riesgo no visto desde la Segunda Guerra Mundial","datePublished":"2020-03-26T06:48:35+00:00","mainEntityOfPage":{"@id":"https:\/\/www.sonoraenequipo.com.mx\/cadenas-de-suministro-en-un-riesgo-no-visto-desde-la-segunda-guerra-mundial\/"},"wordCount":1356,"commentCount":0,"publisher":{"@id":"https:\/\/www.sonoraenequipo.com.mx\/#organization"},"image":{"@id":"https:\/\/www.sonoraenequipo.com.mx\/cadenas-de-suministro-en-un-riesgo-no-visto-desde-la-segunda-guerra-mundial\/#primaryimage"},"thumbnailUrl":"https:\/\/www.sonoraenequipo.com.mx\/storage\/2020\/03\/estante_vacio_okokok_opt.png","articleSection":["MUNDO"],"inLanguage":"es","potentialAction":[{"@type":"CommentAction","name":"Comment","target":["https:\/\/www.sonoraenequipo.com.mx\/cadenas-de-suministro-en-un-riesgo-no-visto-desde-la-segunda-guerra-mundial\/#respond"]}]},{"@type":"WebPage","@id":"https:\/\/www.sonoraenequipo.com.mx\/cadenas-de-suministro-en-un-riesgo-no-visto-desde-la-segunda-guerra-mundial\/","url":"https:\/\/www.sonoraenequipo.com.mx\/cadenas-de-suministro-en-un-riesgo-no-visto-desde-la-segunda-guerra-mundial\/","name":"Sonora en Equipo. Cadenas de suministro, en un riesgo no visto desde la Segunda Guerra Mundial MUNDO","isPartOf":{"@id":"https:\/\/www.sonoraenequipo.com.mx\/#website"},"primaryImageOfPage":{"@id":"https:\/\/www.sonoraenequipo.com.mx\/cadenas-de-suministro-en-un-riesgo-no-visto-desde-la-segunda-guerra-mundial\/#primaryimage"},"image":{"@id":"https:\/\/www.sonoraenequipo.com.mx\/cadenas-de-suministro-en-un-riesgo-no-visto-desde-la-segunda-guerra-mundial\/#primaryimage"},"thumbnailUrl":"https:\/\/www.sonoraenequipo.com.mx\/storage\/2020\/03\/estante_vacio_okokok_opt.png","datePublished":"2020-03-26T06:48:35+00:00","description":"CIUDAD DE M\u00c9XICO. MX. \u2014 La expansi\u00f3n de la pandemia del COVID-19 (coronavirus) est\u00e1 causando disrupciones en la forma como las personas acceden a los En Sonora en Equipo publicamos toda la informaci\u00f3n de Sonora, M\u00e9xico y el Mundo de manera oportuna y busca que la libertad de expresi\u00f3n sea real. Visita nuestro medio informativo publicado desde Hermosillo, Sonora. %","breadcrumb":{"@id":"https:\/\/www.sonoraenequipo.com.mx\/cadenas-de-suministro-en-un-riesgo-no-visto-desde-la-segunda-guerra-mundial\/#breadcrumb"},"inLanguage":"es","potentialAction":[{"@type":"ReadAction","target":["https:\/\/www.sonoraenequipo.com.mx\/cadenas-de-suministro-en-un-riesgo-no-visto-desde-la-segunda-guerra-mundial\/"]}]},{"@type":"ImageObject","inLanguage":"es","@id":"https:\/\/www.sonoraenequipo.com.mx\/cadenas-de-suministro-en-un-riesgo-no-visto-desde-la-segunda-guerra-mundial\/#primaryimage","url":"https:\/\/www.sonoraenequipo.com.mx\/storage\/2020\/03\/estante_vacio_okokok_opt.png","contentUrl":"https:\/\/www.sonoraenequipo.com.mx\/storage\/2020\/03\/estante_vacio_okokok_opt.png","width":595,"height":350},{"@type":"BreadcrumbList","@id":"https:\/\/www.sonoraenequipo.com.mx\/cadenas-de-suministro-en-un-riesgo-no-visto-desde-la-segunda-guerra-mundial\/#breadcrumb","itemListElement":[{"@type":"ListItem","position":1,"name":"Portada","item":"https:\/\/www.sonoraenequipo.com.mx\/"},{"@type":"ListItem","position":2,"name":"Cadenas de suministro, en un riesgo no visto desde la Segunda Guerra Mundial"}]},{"@type":"WebSite","@id":"https:\/\/www.sonoraenequipo.com.mx\/#website","url":"https:\/\/www.sonoraenequipo.com.mx\/","name":"Sonora en Equipo.","description":"Diario en l\u00ednea con Noticias desde Hermosillo, Sonora","publisher":{"@id":"https:\/\/www.sonoraenequipo.com.mx\/#organization"},"potentialAction":[{"@type":"SearchAction","target":{"@type":"EntryPoint","urlTemplate":"https:\/\/www.sonoraenequipo.com.mx\/?s={search_term_string}"},"query-input":{"@type":"PropertyValueSpecification","valueRequired":true,"valueName":"search_term_string"}}],"inLanguage":"es"},{"@type":"Organization","@id":"https:\/\/www.sonoraenequipo.com.mx\/#organization","name":"Sonoraenequipo.com.mx","url":"https:\/\/www.sonoraenequipo.com.mx\/","logo":{"@type":"ImageObject","inLanguage":"es","@id":"https:\/\/www.sonoraenequipo.com.mx\/#\/schema\/logo\/image\/","url":"https:\/\/www.sonoraenequipo.com.mx\/storage\/2019\/01\/sonoraenequipo_opt.png","contentUrl":"https:\/\/www.sonoraenequipo.com.mx\/storage\/2019\/01\/sonoraenequipo_opt.png","width":375,"height":125,"caption":"Sonoraenequipo.com.mx"},"image":{"@id":"https:\/\/www.sonoraenequipo.com.mx\/#\/schema\/logo\/image\/"},"sameAs":["https:\/\/www.facebook.com\/SonoraEE\/","https:\/\/x.com\/sonoraenequipo","https:\/\/www.youtube.com\/channel\/UC338nW-lPEYmJQs4ZABQ1SQ"]},{"@type":"Person","@id":"https:\/\/www.sonoraenequipo.com.mx\/#\/schema\/person\/50102df0fb23a8fa9e8effad8fa81386","name":"enequipo","image":{"@type":"ImageObject","inLanguage":"es","@id":"https:\/\/www.sonoraenequipo.com.mx\/#\/schema\/person\/image\/","url":"https:\/\/secure.gravatar.com\/avatar\/049821681b589dabc0bc20695993ccebb09f5b5d4d790cd9251b97faac7c652b?s=96&d=blank&r=g","contentUrl":"https:\/\/secure.gravatar.com\/avatar\/049821681b589dabc0bc20695993ccebb09f5b5d4d790cd9251b97faac7c652b?s=96&d=blank&r=g","caption":"enequipo"},"sameAs":["https:\/\/www.facebook.com\/SonoraEE"]}]}},"jetpack_featured_media_url":"https:\/\/www.sonoraenequipo.com.mx\/storage\/2020\/03\/estante_vacio_okokok_opt.png","_links":{"self":[{"href":"https:\/\/www.sonoraenequipo.com.mx\/api\/wp\/v2\/posts\/81755","targetHints":{"allow":["GET"]}}],"collection":[{"href":"https:\/\/www.sonoraenequipo.com.mx\/api\/wp\/v2\/posts"}],"about":[{"href":"https:\/\/www.sonoraenequipo.com.mx\/api\/wp\/v2\/types\/post"}],"author":[{"embeddable":true,"href":"https:\/\/www.sonoraenequipo.com.mx\/api\/wp\/v2\/users\/1"}],"replies":[{"embeddable":true,"href":"https:\/\/www.sonoraenequipo.com.mx\/api\/wp\/v2\/comments?post=81755"}],"version-history":[{"count":0,"href":"https:\/\/www.sonoraenequipo.com.mx\/api\/wp\/v2\/posts\/81755\/revisions"}],"wp:featuredmedia":[{"embeddable":true,"href":"https:\/\/www.sonoraenequipo.com.mx\/api\/wp\/v2\/media\/81742"}],"wp:attachment":[{"href":"https:\/\/www.sonoraenequipo.com.mx\/api\/wp\/v2\/media?parent=81755"}],"wp:term":[{"taxonomy":"category","embeddable":true,"href":"https:\/\/www.sonoraenequipo.com.mx\/api\/wp\/v2\/categories?post=81755"},{"taxonomy":"post_tag","embeddable":true,"href":"https:\/\/www.sonoraenequipo.com.mx\/api\/wp\/v2\/tags?post=81755"}],"curies":[{"name":"wp","href":"https:\/\/api.w.org\/{rel}","templated":true}]}}