{"id":81822,"date":"2020-03-26T21:36:15","date_gmt":"2020-03-27T04:36:15","guid":{"rendered":"https:\/\/www.sonoraenequipo.com.mx\/?p=81822"},"modified":"2020-03-26T21:34:58","modified_gmt":"2020-03-27T04:34:58","slug":"blinda-croc-a-2500-trabajadores-de-los-hoteles-pueblo-bonito-en-bcs-por-covid-19","status":"publish","type":"post","link":"https:\/\/www.sonoraenequipo.com.mx\/blinda-croc-a-2500-trabajadores-de-los-hoteles-pueblo-bonito-en-bcs-por-covid-19\/","title":{"rendered":"Blinda CROC  a 2,500 trabajadores de los hoteles Pueblo Bonito en BCS por COVID-19"},"content":{"rendered":"<p>LOS CABOS, BAJA CALIFORNIA SUR. MX. \u2014 Al menos 2,500 trabajadores ser\u00e1n beneficiados con el acuerdo que su sindicato, la Confederaci\u00f3n Revolucionaria de Obreros y Campesinos, alcanz\u00f3 con la firma hotelera Pueblo Bonito, entre lo que destaca que van a mantener su fuente de empleo, que van a respetar sus prestaciones econ\u00f3micas y sociales durante los meses de abril, mayo y junio, as\u00ed como la entrega en calidad de prestamo de propinas equivalente al 50% del ingreso promedio mensual.<\/p>\n<p>&nbsp;<\/p>\n<p>&nbsp;<\/p>\n<p> <\/p>\n<p>&nbsp;<\/p>\n<p>As\u00ed lo dio a conocer el Secretario Estatal de la CROC Esteban Vargas Ju\u00e1rez y destac\u00f3 que con el respaldo del dirigente nacional Diputado Federal Isa\u00edas Gonz\u00e1lez Cuevas, a los sindicalizados se les va a restituir en su n\u00f3mina, antes de mayo del 2021, los 9 d\u00edas solidarios que por los pr\u00f3ximos tres meses (abril, mayo y junio) tendr\u00e1n que aceptar al no tener clientes los resort por la contingencia sanitaria del COVID-19.<\/p>\n<p>&nbsp;<\/p>\n<p>&nbsp;<\/p>\n<p>Asimismo el sindicato logr\u00f3 que la empresa hotelera establezca un fondo de propinas (en calidad de prestamo) equivalente al 50% promedio mensual, para repartirlar de manera equitativa entre la plantilla laboral.<\/p>\n<p>&nbsp;<\/p>\n<p>&nbsp;<\/p>\n<p>La Confederaci\u00f3n Revolucionaria de Obreros y Campesinos tambi\u00e9n logr\u00f3 que de seguir la contingencia sanitaria despu\u00e9s del mes de junio, el presente convenio ser\u00e1 de nueva cuenta negociado y poniendo por encima la operatividad de la empresas y el respeto a las fuentes de empleo y lo establecido en el contrato colectivo.<\/p>\n<p>&nbsp;<\/p>\n<p>&nbsp;<\/p>\n<p>Por el sindicato el convenio fue firmado por el Secretario Estatal Esteban Vargas Ju\u00e1rez y Arturo Miranda Avila, Delegado Especial Comit\u00e9 Ejecutivo Nacional. Por la empresa, su apoderado legal Arturo Alejandro Alanis Lomas.<\/p>\n<p>&nbsp;<\/p>\n<p>&nbsp;<\/p>\n<p>(PUBLICADO EL 26\/03\/2020)<\/p>\n","protected":false},"excerpt":{"rendered":"<p>LOS CABOS, BAJA CALIFORNIA SUR. MX. \u2014 Al menos 2,500 trabajadores ser\u00e1n beneficiados con el&#8230;<\/p>\n","protected":false},"author":1,"featured_media":81828,"comment_status":"open","ping_status":"open","sticky":false,"template":"","format":"standard","meta":{"_monsterinsights_skip_tracking":false,"_monsterinsights_sitenote_active":false,"_monsterinsights_sitenote_note":"","_monsterinsights_sitenote_category":0,"footnotes":""},"categories":[5],"tags":[4198,4288],"class_list":["post"],"yoast_head":" \n<title>Sonora en Equipo. Blinda CROC a 2,500 trabajadores de los hoteles Pueblo Bonito en BCS por COVID-19 Rep\u00fablica<\/title>\n<meta name=\"description\" content=\"LOS CABOS, BAJA CALIFORNIA SUR. MX. \u2014 Al menos 2,500 trabajadores ser\u00e1n beneficiados con el acuerdo que su sindicato, la Confederaci\u00f3n Revolucionaria de En Sonora en Equipo publicamos toda la informaci\u00f3n de Sonora, M\u00e9xico y el Mundo de manera oportuna y busca que la libertad de expresi\u00f3n sea real. Visita nuestro medio informativo publicado desde Hermosillo, Sonora. %\" \/>\n<meta name=\"robots\" content=\"index, follow, max-snippet:-1, max-image-preview:large, max-video-preview:-1\" \/>\n<link rel=\"canonical\" href=\"https:\/\/www.sonoraenequipo.com.mx\/blinda-croc-a-2500-trabajadores-de-los-hoteles-pueblo-bonito-en-bcs-por-covid-19\/\" \/>\n<meta property=\"og:locale\" content=\"es_ES\" \/>\n<meta property=\"og:type\" content=\"article\" \/>\n<meta property=\"og:title\" content=\"Sonora en Equipo. Blinda CROC a 2,500 trabajadores de los hoteles Pueblo Bonito en BCS por COVID-19 Rep\u00fablica\" \/>\n<meta property=\"og:description\" content=\"LOS CABOS, BAJA CALIFORNIA SUR. MX. \u2014 Al menos 2,500 trabajadores ser\u00e1n beneficiados con el acuerdo que su sindicato, la Confederaci\u00f3n Revolucionaria de En Sonora en Equipo publicamos toda la informaci\u00f3n de Sonora, M\u00e9xico y el Mundo de manera oportuna y busca que la libertad de expresi\u00f3n sea real. Visita nuestro medio informativo publicado desde Hermosillo, Sonora. %\" \/>\n<meta property=\"og:url\" content=\"https:\/\/www.sonoraenequipo.com.mx\/blinda-croc-a-2500-trabajadores-de-los-hoteles-pueblo-bonito-en-bcs-por-covid-19\/\" \/>\n<meta property=\"og:site_name\" content=\"Sonora en Equipo.\" \/>\n<meta property=\"article:publisher\" content=\"https:\/\/www.facebook.com\/SonoraEE\/\" \/>\n<meta property=\"article:author\" content=\"https:\/\/www.facebook.com\/SonoraEE\" \/>\n<meta property=\"article:published_time\" content=\"2020-03-27T04:36:15+00:00\" \/>\n<meta property=\"og:image\" content=\"https:\/\/www.sonoraenequipo.com.mx\/storage\/2020\/03\/croc-bcs_opt.jpg\" \/>\n\t<meta property=\"og:image:width\" content=\"600\" \/>\n\t<meta property=\"og:image:height\" content=\"400\" \/>\n\t<meta property=\"og:image:type\" content=\"image\/jpeg\" \/>\n<meta name=\"author\" content=\"enequipo\" \/>\n<meta name=\"twitter:card\" content=\"summary_large_image\" \/>\n<meta name=\"twitter:creator\" content=\"@sonoraenequipo\" \/>\n<meta name=\"twitter:site\" content=\"@sonoraenequipo\" \/>\n<meta name=\"twitter:label1\" content=\"Escrito por\" \/>\n\t<meta name=\"twitter:data1\" content=\"enequipo\" \/>\n\t<meta name=\"twitter:label2\" content=\"Tiempo de lectura\" \/>\n\t<meta name=\"twitter:data2\" content=\"1 minuto\" \/>\n<script type=\"application\/ld+json\" class=\"yoast-schema-graph\">{\"@context\":\"https:\/\/schema.org\",\"@graph\":[{\"@type\":\"Article\",\"@id\":\"https:\/\/www.sonoraenequipo.com.mx\/blinda-croc-a-2500-trabajadores-de-los-hoteles-pueblo-bonito-en-bcs-por-covid-19\/#article\",\"isPartOf\":{\"@id\":\"https:\/\/www.sonoraenequipo.com.mx\/blinda-croc-a-2500-trabajadores-de-los-hoteles-pueblo-bonito-en-bcs-por-covid-19\/\"},\"author\":{\"name\":\"enequipo\",\"@id\":\"https:\/\/www.sonoraenequipo.com.mx\/#\/schema\/person\/50102df0fb23a8fa9e8effad8fa81386\"},\"headline\":\"Blinda CROC a 2,500 trabajadores de los hoteles Pueblo Bonito en BCS por COVID-19\",\"datePublished\":\"2020-03-27T04:36:15+00:00\",\"mainEntityOfPage\":{\"@id\":\"https:\/\/www.sonoraenequipo.com.mx\/blinda-croc-a-2500-trabajadores-de-los-hoteles-pueblo-bonito-en-bcs-por-covid-19\/\"},\"wordCount\":302,\"commentCount\":0,\"publisher\":{\"@id\":\"https:\/\/www.sonoraenequipo.com.mx\/#organization\"},\"image\":{\"@id\":\"https:\/\/www.sonoraenequipo.com.mx\/blinda-croc-a-2500-trabajadores-de-los-hoteles-pueblo-bonito-en-bcs-por-covid-19\/#primaryimage\"},\"thumbnailUrl\":\"https:\/\/www.sonoraenequipo.com.mx\/storage\/2020\/03\/croc-bcs_opt.jpg\",\"keywords\":[\"Covid-19\",\"croc\"],\"articleSection\":[\"Rep\u00fablica\"],\"inLanguage\":\"es\",\"potentialAction\":[{\"@type\":\"CommentAction\",\"name\":\"Comment\",\"target\":[\"https:\/\/www.sonoraenequipo.com.mx\/blinda-croc-a-2500-trabajadores-de-los-hoteles-pueblo-bonito-en-bcs-por-covid-19\/#respond\"]}]},{\"@type\":\"WebPage\",\"@id\":\"https:\/\/www.sonoraenequipo.com.mx\/blinda-croc-a-2500-trabajadores-de-los-hoteles-pueblo-bonito-en-bcs-por-covid-19\/\",\"url\":\"https:\/\/www.sonoraenequipo.com.mx\/blinda-croc-a-2500-trabajadores-de-los-hoteles-pueblo-bonito-en-bcs-por-covid-19\/\",\"name\":\"Sonora en Equipo. Blinda CROC a 2,500 trabajadores de los hoteles Pueblo Bonito en BCS por COVID-19 Rep\u00fablica\",\"isPartOf\":{\"@id\":\"https:\/\/www.sonoraenequipo.com.mx\/#website\"},\"primaryImageOfPage\":{\"@id\":\"https:\/\/www.sonoraenequipo.com.mx\/blinda-croc-a-2500-trabajadores-de-los-hoteles-pueblo-bonito-en-bcs-por-covid-19\/#primaryimage\"},\"image\":{\"@id\":\"https:\/\/www.sonoraenequipo.com.mx\/blinda-croc-a-2500-trabajadores-de-los-hoteles-pueblo-bonito-en-bcs-por-covid-19\/#primaryimage\"},\"thumbnailUrl\":\"https:\/\/www.sonoraenequipo.com.mx\/storage\/2020\/03\/croc-bcs_opt.jpg\",\"datePublished\":\"2020-03-27T04:36:15+00:00\",\"description\":\"LOS CABOS, BAJA CALIFORNIA SUR. MX. \u2014 Al menos 2,500 trabajadores ser\u00e1n beneficiados con el acuerdo que su sindicato, la Confederaci\u00f3n Revolucionaria de En Sonora en Equipo publicamos toda la informaci\u00f3n de Sonora, M\u00e9xico y el Mundo de manera oportuna y busca que la libertad de expresi\u00f3n sea real. Visita nuestro medio informativo publicado desde Hermosillo, Sonora. %\",\"breadcrumb\":{\"@id\":\"https:\/\/www.sonoraenequipo.com.mx\/blinda-croc-a-2500-trabajadores-de-los-hoteles-pueblo-bonito-en-bcs-por-covid-19\/#breadcrumb\"},\"inLanguage\":\"es\",\"potentialAction\":[{\"@type\":\"ReadAction\",\"target\":[\"https:\/\/www.sonoraenequipo.com.mx\/blinda-croc-a-2500-trabajadores-de-los-hoteles-pueblo-bonito-en-bcs-por-covid-19\/\"]}]},{\"@type\":\"ImageObject\",\"inLanguage\":\"es\",\"@id\":\"https:\/\/www.sonoraenequipo.com.mx\/blinda-croc-a-2500-trabajadores-de-los-hoteles-pueblo-bonito-en-bcs-por-covid-19\/#primaryimage\",\"url\":\"https:\/\/www.sonoraenequipo.com.mx\/storage\/2020\/03\/croc-bcs_opt.jpg\",\"contentUrl\":\"https:\/\/www.sonoraenequipo.com.mx\/storage\/2020\/03\/croc-bcs_opt.jpg\",\"width\":600,\"height\":400},{\"@type\":\"BreadcrumbList\",\"@id\":\"https:\/\/www.sonoraenequipo.com.mx\/blinda-croc-a-2500-trabajadores-de-los-hoteles-pueblo-bonito-en-bcs-por-covid-19\/#breadcrumb\",\"itemListElement\":[{\"@type\":\"ListItem\",\"position\":1,\"name\":\"Portada\",\"item\":\"https:\/\/www.sonoraenequipo.com.mx\/\"},{\"@type\":\"ListItem\",\"position\":2,\"name\":\"Blinda CROC a 2,500 trabajadores de los hoteles Pueblo Bonito en BCS por COVID-19\"}]},{\"@type\":\"WebSite\",\"@id\":\"https:\/\/www.sonoraenequipo.com.mx\/#website\",\"url\":\"https:\/\/www.sonoraenequipo.com.mx\/\",\"name\":\"Sonora en Equipo.\",\"description\":\"Diario en l\u00ednea con Noticias desde Hermosillo, Sonora\",\"publisher\":{\"@id\":\"https:\/\/www.sonoraenequipo.com.mx\/#organization\"},\"potentialAction\":[{\"@type\":\"SearchAction\",\"target\":{\"@type\":\"EntryPoint\",\"urlTemplate\":\"https:\/\/www.sonoraenequipo.com.mx\/?s={search_term_string}\"},\"query-input\":{\"@type\":\"PropertyValueSpecification\",\"valueRequired\":true,\"valueName\":\"search_term_string\"}}],\"inLanguage\":\"es\"},{\"@type\":\"Organization\",\"@id\":\"https:\/\/www.sonoraenequipo.com.mx\/#organization\",\"name\":\"Sonoraenequipo.com.mx\",\"url\":\"https:\/\/www.sonoraenequipo.com.mx\/\",\"logo\":{\"@type\":\"ImageObject\",\"inLanguage\":\"es\",\"@id\":\"https:\/\/www.sonoraenequipo.com.mx\/#\/schema\/logo\/image\/\",\"url\":\"https:\/\/www.sonoraenequipo.com.mx\/storage\/2019\/01\/sonoraenequipo_opt.png\",\"contentUrl\":\"https:\/\/www.sonoraenequipo.com.mx\/storage\/2019\/01\/sonoraenequipo_opt.png\",\"width\":375,\"height\":125,\"caption\":\"Sonoraenequipo.com.mx\"},\"image\":{\"@id\":\"https:\/\/www.sonoraenequipo.com.mx\/#\/schema\/logo\/image\/\"},\"sameAs\":[\"https:\/\/www.facebook.com\/SonoraEE\/\",\"https:\/\/x.com\/sonoraenequipo\",\"https:\/\/www.youtube.com\/channel\/UC338nW-lPEYmJQs4ZABQ1SQ\"]},{\"@type\":\"Person\",\"@id\":\"https:\/\/www.sonoraenequipo.com.mx\/#\/schema\/person\/50102df0fb23a8fa9e8effad8fa81386\",\"name\":\"enequipo\",\"image\":{\"@type\":\"ImageObject\",\"inLanguage\":\"es\",\"@id\":\"https:\/\/www.sonoraenequipo.com.mx\/#\/schema\/person\/image\/\",\"url\":\"https:\/\/secure.gravatar.com\/avatar\/049821681b589dabc0bc20695993ccebb09f5b5d4d790cd9251b97faac7c652b?s=96&d=blank&r=g\",\"contentUrl\":\"https:\/\/secure.gravatar.com\/avatar\/049821681b589dabc0bc20695993ccebb09f5b5d4d790cd9251b97faac7c652b?s=96&d=blank&r=g\",\"caption\":\"enequipo\"},\"sameAs\":[\"https:\/\/www.facebook.com\/SonoraEE\"]}]}<\/script>\n ","yoast_head_json":{"title":"Sonora en Equipo. Blinda CROC a 2,500 trabajadores de los hoteles Pueblo Bonito en BCS por COVID-19 Rep\u00fablica","description":"LOS CABOS, BAJA CALIFORNIA SUR. MX. \u2014 Al menos 2,500 trabajadores ser\u00e1n beneficiados con el acuerdo que su sindicato, la Confederaci\u00f3n Revolucionaria de En Sonora en Equipo publicamos toda la informaci\u00f3n de Sonora, M\u00e9xico y el Mundo de manera oportuna y busca que la libertad de expresi\u00f3n sea real. Visita nuestro medio informativo publicado desde Hermosillo, Sonora. %","robots":{"index":"index","follow":"follow","max-snippet":"max-snippet:-1","max-image-preview":"max-image-preview:large","max-video-preview":"max-video-preview:-1"},"canonical":"https:\/\/www.sonoraenequipo.com.mx\/blinda-croc-a-2500-trabajadores-de-los-hoteles-pueblo-bonito-en-bcs-por-covid-19\/","og_locale":"es_ES","og_type":"article","og_title":"Sonora en Equipo. Blinda CROC a 2,500 trabajadores de los hoteles Pueblo Bonito en BCS por COVID-19 Rep\u00fablica","og_description":"LOS CABOS, BAJA CALIFORNIA SUR. MX. \u2014 Al menos 2,500 trabajadores ser\u00e1n beneficiados con el acuerdo que su sindicato, la Confederaci\u00f3n Revolucionaria de En Sonora en Equipo publicamos toda la informaci\u00f3n de Sonora, M\u00e9xico y el Mundo de manera oportuna y busca que la libertad de expresi\u00f3n sea real. Visita nuestro medio informativo publicado desde Hermosillo, Sonora. %","og_url":"https:\/\/www.sonoraenequipo.com.mx\/blinda-croc-a-2500-trabajadores-de-los-hoteles-pueblo-bonito-en-bcs-por-covid-19\/","og_site_name":"Sonora en Equipo.","article_publisher":"https:\/\/www.facebook.com\/SonoraEE\/","article_author":"https:\/\/www.facebook.com\/SonoraEE","article_published_time":"2020-03-27T04:36:15+00:00","og_image":[{"width":600,"height":400,"url":"https:\/\/www.sonoraenequipo.com.mx\/storage\/2020\/03\/croc-bcs_opt.jpg","type":"image\/jpeg"}],"author":"enequipo","twitter_card":"summary_large_image","twitter_creator":"@sonoraenequipo","twitter_site":"@sonoraenequipo","twitter_misc":{"Escrito por":"enequipo","Tiempo de lectura":"1 minuto"},"schema":{"@context":"https:\/\/schema.org","@graph":[{"@type":"Article","@id":"https:\/\/www.sonoraenequipo.com.mx\/blinda-croc-a-2500-trabajadores-de-los-hoteles-pueblo-bonito-en-bcs-por-covid-19\/#article","isPartOf":{"@id":"https:\/\/www.sonoraenequipo.com.mx\/blinda-croc-a-2500-trabajadores-de-los-hoteles-pueblo-bonito-en-bcs-por-covid-19\/"},"author":{"name":"enequipo","@id":"https:\/\/www.sonoraenequipo.com.mx\/#\/schema\/person\/50102df0fb23a8fa9e8effad8fa81386"},"headline":"Blinda CROC a 2,500 trabajadores de los hoteles Pueblo Bonito en BCS por COVID-19","datePublished":"2020-03-27T04:36:15+00:00","mainEntityOfPage":{"@id":"https:\/\/www.sonoraenequipo.com.mx\/blinda-croc-a-2500-trabajadores-de-los-hoteles-pueblo-bonito-en-bcs-por-covid-19\/"},"wordCount":302,"commentCount":0,"publisher":{"@id":"https:\/\/www.sonoraenequipo.com.mx\/#organization"},"image":{"@id":"https:\/\/www.sonoraenequipo.com.mx\/blinda-croc-a-2500-trabajadores-de-los-hoteles-pueblo-bonito-en-bcs-por-covid-19\/#primaryimage"},"thumbnailUrl":"https:\/\/www.sonoraenequipo.com.mx\/storage\/2020\/03\/croc-bcs_opt.jpg","keywords":["Covid-19","croc"],"articleSection":["Rep\u00fablica"],"inLanguage":"es","potentialAction":[{"@type":"CommentAction","name":"Comment","target":["https:\/\/www.sonoraenequipo.com.mx\/blinda-croc-a-2500-trabajadores-de-los-hoteles-pueblo-bonito-en-bcs-por-covid-19\/#respond"]}]},{"@type":"WebPage","@id":"https:\/\/www.sonoraenequipo.com.mx\/blinda-croc-a-2500-trabajadores-de-los-hoteles-pueblo-bonito-en-bcs-por-covid-19\/","url":"https:\/\/www.sonoraenequipo.com.mx\/blinda-croc-a-2500-trabajadores-de-los-hoteles-pueblo-bonito-en-bcs-por-covid-19\/","name":"Sonora en Equipo. Blinda CROC a 2,500 trabajadores de los hoteles Pueblo Bonito en BCS por COVID-19 Rep\u00fablica","isPartOf":{"@id":"https:\/\/www.sonoraenequipo.com.mx\/#website"},"primaryImageOfPage":{"@id":"https:\/\/www.sonoraenequipo.com.mx\/blinda-croc-a-2500-trabajadores-de-los-hoteles-pueblo-bonito-en-bcs-por-covid-19\/#primaryimage"},"image":{"@id":"https:\/\/www.sonoraenequipo.com.mx\/blinda-croc-a-2500-trabajadores-de-los-hoteles-pueblo-bonito-en-bcs-por-covid-19\/#primaryimage"},"thumbnailUrl":"https:\/\/www.sonoraenequipo.com.mx\/storage\/2020\/03\/croc-bcs_opt.jpg","datePublished":"2020-03-27T04:36:15+00:00","description":"LOS CABOS, BAJA CALIFORNIA SUR. MX. \u2014 Al menos 2,500 trabajadores ser\u00e1n beneficiados con el acuerdo que su sindicato, la Confederaci\u00f3n Revolucionaria de En Sonora en Equipo publicamos toda la informaci\u00f3n de Sonora, M\u00e9xico y el Mundo de manera oportuna y busca que la libertad de expresi\u00f3n sea real. Visita nuestro medio informativo publicado desde Hermosillo, Sonora. %","breadcrumb":{"@id":"https:\/\/www.sonoraenequipo.com.mx\/blinda-croc-a-2500-trabajadores-de-los-hoteles-pueblo-bonito-en-bcs-por-covid-19\/#breadcrumb"},"inLanguage":"es","potentialAction":[{"@type":"ReadAction","target":["https:\/\/www.sonoraenequipo.com.mx\/blinda-croc-a-2500-trabajadores-de-los-hoteles-pueblo-bonito-en-bcs-por-covid-19\/"]}]},{"@type":"ImageObject","inLanguage":"es","@id":"https:\/\/www.sonoraenequipo.com.mx\/blinda-croc-a-2500-trabajadores-de-los-hoteles-pueblo-bonito-en-bcs-por-covid-19\/#primaryimage","url":"https:\/\/www.sonoraenequipo.com.mx\/storage\/2020\/03\/croc-bcs_opt.jpg","contentUrl":"https:\/\/www.sonoraenequipo.com.mx\/storage\/2020\/03\/croc-bcs_opt.jpg","width":600,"height":400},{"@type":"BreadcrumbList","@id":"https:\/\/www.sonoraenequipo.com.mx\/blinda-croc-a-2500-trabajadores-de-los-hoteles-pueblo-bonito-en-bcs-por-covid-19\/#breadcrumb","itemListElement":[{"@type":"ListItem","position":1,"name":"Portada","item":"https:\/\/www.sonoraenequipo.com.mx\/"},{"@type":"ListItem","position":2,"name":"Blinda CROC a 2,500 trabajadores de los hoteles Pueblo Bonito en BCS por COVID-19"}]},{"@type":"WebSite","@id":"https:\/\/www.sonoraenequipo.com.mx\/#website","url":"https:\/\/www.sonoraenequipo.com.mx\/","name":"Sonora en Equipo.","description":"Diario en l\u00ednea con Noticias desde Hermosillo, Sonora","publisher":{"@id":"https:\/\/www.sonoraenequipo.com.mx\/#organization"},"potentialAction":[{"@type":"SearchAction","target":{"@type":"EntryPoint","urlTemplate":"https:\/\/www.sonoraenequipo.com.mx\/?s={search_term_string}"},"query-input":{"@type":"PropertyValueSpecification","valueRequired":true,"valueName":"search_term_string"}}],"inLanguage":"es"},{"@type":"Organization","@id":"https:\/\/www.sonoraenequipo.com.mx\/#organization","name":"Sonoraenequipo.com.mx","url":"https:\/\/www.sonoraenequipo.com.mx\/","logo":{"@type":"ImageObject","inLanguage":"es","@id":"https:\/\/www.sonoraenequipo.com.mx\/#\/schema\/logo\/image\/","url":"https:\/\/www.sonoraenequipo.com.mx\/storage\/2019\/01\/sonoraenequipo_opt.png","contentUrl":"https:\/\/www.sonoraenequipo.com.mx\/storage\/2019\/01\/sonoraenequipo_opt.png","width":375,"height":125,"caption":"Sonoraenequipo.com.mx"},"image":{"@id":"https:\/\/www.sonoraenequipo.com.mx\/#\/schema\/logo\/image\/"},"sameAs":["https:\/\/www.facebook.com\/SonoraEE\/","https:\/\/x.com\/sonoraenequipo","https:\/\/www.youtube.com\/channel\/UC338nW-lPEYmJQs4ZABQ1SQ"]},{"@type":"Person","@id":"https:\/\/www.sonoraenequipo.com.mx\/#\/schema\/person\/50102df0fb23a8fa9e8effad8fa81386","name":"enequipo","image":{"@type":"ImageObject","inLanguage":"es","@id":"https:\/\/www.sonoraenequipo.com.mx\/#\/schema\/person\/image\/","url":"https:\/\/secure.gravatar.com\/avatar\/049821681b589dabc0bc20695993ccebb09f5b5d4d790cd9251b97faac7c652b?s=96&d=blank&r=g","contentUrl":"https:\/\/secure.gravatar.com\/avatar\/049821681b589dabc0bc20695993ccebb09f5b5d4d790cd9251b97faac7c652b?s=96&d=blank&r=g","caption":"enequipo"},"sameAs":["https:\/\/www.facebook.com\/SonoraEE"]}]}},"jetpack_featured_media_url":"https:\/\/www.sonoraenequipo.com.mx\/storage\/2020\/03\/croc-bcs_opt.jpg","_links":{"self":[{"href":"https:\/\/www.sonoraenequipo.com.mx\/api\/wp\/v2\/posts\/81822","targetHints":{"allow":["GET"]}}],"collection":[{"href":"https:\/\/www.sonoraenequipo.com.mx\/api\/wp\/v2\/posts"}],"about":[{"href":"https:\/\/www.sonoraenequipo.com.mx\/api\/wp\/v2\/types\/post"}],"author":[{"embeddable":true,"href":"https:\/\/www.sonoraenequipo.com.mx\/api\/wp\/v2\/users\/1"}],"replies":[{"embeddable":true,"href":"https:\/\/www.sonoraenequipo.com.mx\/api\/wp\/v2\/comments?post=81822"}],"version-history":[{"count":0,"href":"https:\/\/www.sonoraenequipo.com.mx\/api\/wp\/v2\/posts\/81822\/revisions"}],"wp:featuredmedia":[{"embeddable":true,"href":"https:\/\/www.sonoraenequipo.com.mx\/api\/wp\/v2\/media\/81828"}],"wp:attachment":[{"href":"https:\/\/www.sonoraenequipo.com.mx\/api\/wp\/v2\/media?parent=81822"}],"wp:term":[{"taxonomy":"category","embeddable":true,"href":"https:\/\/www.sonoraenequipo.com.mx\/api\/wp\/v2\/categories?post=81822"},{"taxonomy":"post_tag","embeddable":true,"href":"https:\/\/www.sonoraenequipo.com.mx\/api\/wp\/v2\/tags?post=81822"}],"curies":[{"name":"wp","href":"https:\/\/api.w.org\/{rel}","templated":true}]}}