{"id":81830,"date":"2020-03-26T23:55:09","date_gmt":"2020-03-27T06:55:09","guid":{"rendered":"https:\/\/www.sonoraenequipo.com.mx\/?p=81830"},"modified":"2020-03-26T21:55:50","modified_gmt":"2020-03-27T04:55:50","slug":"a-partir-del-30-de-marzo-suspende-issste-tramites-de-prestamos-personales","status":"publish","type":"post","link":"https:\/\/www.sonoraenequipo.com.mx\/a-partir-del-30-de-marzo-suspende-issste-tramites-de-prestamos-personales\/","title":{"rendered":"A partir del 30 de marzo, suspende ISSSTE  tr\u00e1mites de pr\u00e9stamos personales"},"content":{"rendered":"<p>LA PAZ, BAJA CALIFORNIA SUR. MX. \u2014 Con la finalidad de salvaguardar el derecho a la protecci\u00f3n de la salud de la derechohabiencia afiliada al Instituto de Seguridad y Servicios Sociales de los Trabajadores del Estado (ISSSTE), as\u00ed como de los trabajadores adscritos a este, y derivado de las recomendaciones de la Secretar\u00eda de Salud de establecer disposiciones administrativas para reforzar las acciones de prevenci\u00f3n, detecci\u00f3n, contenci\u00f3n, control, retraso y reducci\u00f3n de contagios, se suspender\u00e1n de manera provisional, a partir del lunes 30 de marzo y hasta nuevo aviso, las actividades y tr\u00e1mites presenciales relacionados con los pr\u00e9stamos personales.<\/p>\n<p>&nbsp;<\/p>\n<p> <\/p>\n<p>&nbsp;<\/p>\n<p>&nbsp;<\/p>\n<p>En la presente semana se continuar\u00e1 con el tr\u00e1mite de otorgamiento, aplicando las recomendaciones respecto del Covid-19 promovidas por el Gobierno Federal y la Secretar\u00eda de Salud, evitando aglomeraciones, estableciendo la sana distancia entre una persona y otra (de 1.5 metros, dependiendo del espacio), adem\u00e1s de las medidas de prevenci\u00f3n anunciadas por el Instituto.<\/p>\n<p>&nbsp;<\/p>\n<p>&nbsp;<\/p>\n<p>Por lo anterior, los derechohabientes que de acuerdo a los tiempos establecidos ya est\u00e1n en tiempo de cobrar su pr\u00e9stamo personal, deber\u00e1n acudir esta semana a validar su documentaci\u00f3n y proceder a realizar el cobro de su cheque en la caja delegacional.<\/p>\n<p>&nbsp;<\/p>\n<p>&nbsp;<\/p>\n<p>Para el Instituto lo m\u00e1s importante es salvaguardar la salud y el bienestar de sus derechohabientes, por lo que se toman las medidas necesarias y autorizadas, para continuar brindando los 21 seguros, servicios y prestaciones.<\/p>\n<p>&nbsp;<\/p>\n<p>&nbsp;<\/p>\n<p>(PUBLICADO EL 26\/03\/2020)<\/p>\n","protected":false},"excerpt":{"rendered":"<p>LA PAZ, BAJA CALIFORNIA SUR. MX. \u2014 Con la finalidad de salvaguardar el derecho a&#8230;<\/p>\n","protected":false},"author":1,"featured_media":81831,"comment_status":"open","ping_status":"open","sticky":false,"template":"","format":"standard","meta":{"_monsterinsights_skip_tracking":false,"_monsterinsights_sitenote_active":false,"_monsterinsights_sitenote_note":"","_monsterinsights_sitenote_category":0,"footnotes":""},"categories":[5],"tags":[],"class_list":["post"],"yoast_head":" \n<title>Sonora en Equipo. A partir del 30 de marzo, suspende ISSSTE tr\u00e1mites de pr\u00e9stamos personales Rep\u00fablica<\/title>\n<meta name=\"description\" content=\"LA PAZ, BAJA CALIFORNIA SUR. MX. \u2014 Con la finalidad de salvaguardar el derecho a la protecci\u00f3n de la salud de la derechohabiencia afiliada al Instituto de En Sonora en Equipo publicamos toda la informaci\u00f3n de Sonora, M\u00e9xico y el Mundo de manera oportuna y busca que la libertad de expresi\u00f3n sea real. Visita nuestro medio informativo publicado desde Hermosillo, Sonora. %\" \/>\n<meta name=\"robots\" content=\"index, follow, max-snippet:-1, max-image-preview:large, max-video-preview:-1\" \/>\n<link rel=\"canonical\" href=\"https:\/\/www.sonoraenequipo.com.mx\/a-partir-del-30-de-marzo-suspende-issste-tramites-de-prestamos-personales\/\" \/>\n<meta property=\"og:locale\" content=\"es_ES\" \/>\n<meta property=\"og:type\" content=\"article\" \/>\n<meta property=\"og:title\" content=\"Sonora en Equipo. A partir del 30 de marzo, suspende ISSSTE tr\u00e1mites de pr\u00e9stamos personales Rep\u00fablica\" \/>\n<meta property=\"og:description\" content=\"LA PAZ, BAJA CALIFORNIA SUR. MX. \u2014 Con la finalidad de salvaguardar el derecho a la protecci\u00f3n de la salud de la derechohabiencia afiliada al Instituto de En Sonora en Equipo publicamos toda la informaci\u00f3n de Sonora, M\u00e9xico y el Mundo de manera oportuna y busca que la libertad de expresi\u00f3n sea real. Visita nuestro medio informativo publicado desde Hermosillo, Sonora. %\" \/>\n<meta property=\"og:url\" content=\"https:\/\/www.sonoraenequipo.com.mx\/a-partir-del-30-de-marzo-suspende-issste-tramites-de-prestamos-personales\/\" \/>\n<meta property=\"og:site_name\" content=\"Sonora en Equipo.\" \/>\n<meta property=\"article:publisher\" content=\"https:\/\/www.facebook.com\/SonoraEE\/\" \/>\n<meta property=\"article:author\" content=\"https:\/\/www.facebook.com\/SonoraEE\" \/>\n<meta property=\"article:published_time\" content=\"2020-03-27T06:55:09+00:00\" \/>\n<meta property=\"og:image\" content=\"https:\/\/www.sonoraenequipo.com.mx\/storage\/2020\/03\/prestamos_issste_opt.jpg\" \/>\n\t<meta property=\"og:image:width\" content=\"600\" \/>\n\t<meta property=\"og:image:height\" content=\"400\" \/>\n\t<meta property=\"og:image:type\" content=\"image\/jpeg\" \/>\n<meta name=\"author\" content=\"enequipo\" \/>\n<meta name=\"twitter:card\" content=\"summary_large_image\" \/>\n<meta name=\"twitter:creator\" content=\"@sonoraenequipo\" \/>\n<meta name=\"twitter:site\" content=\"@sonoraenequipo\" \/>\n<meta name=\"twitter:label1\" content=\"Escrito por\" \/>\n\t<meta name=\"twitter:data1\" content=\"enequipo\" \/>\n\t<meta name=\"twitter:label2\" content=\"Tiempo de lectura\" \/>\n\t<meta name=\"twitter:data2\" content=\"1 minuto\" \/>\n<script type=\"application\/ld+json\" class=\"yoast-schema-graph\">{\"@context\":\"https:\/\/schema.org\",\"@graph\":[{\"@type\":\"Article\",\"@id\":\"https:\/\/www.sonoraenequipo.com.mx\/a-partir-del-30-de-marzo-suspende-issste-tramites-de-prestamos-personales\/#article\",\"isPartOf\":{\"@id\":\"https:\/\/www.sonoraenequipo.com.mx\/a-partir-del-30-de-marzo-suspende-issste-tramites-de-prestamos-personales\/\"},\"author\":{\"name\":\"enequipo\",\"@id\":\"https:\/\/www.sonoraenequipo.com.mx\/#\/schema\/person\/50102df0fb23a8fa9e8effad8fa81386\"},\"headline\":\"A partir del 30 de marzo, suspende ISSSTE tr\u00e1mites de pr\u00e9stamos personales\",\"datePublished\":\"2020-03-27T06:55:09+00:00\",\"mainEntityOfPage\":{\"@id\":\"https:\/\/www.sonoraenequipo.com.mx\/a-partir-del-30-de-marzo-suspende-issste-tramites-de-prestamos-personales\/\"},\"wordCount\":268,\"commentCount\":0,\"publisher\":{\"@id\":\"https:\/\/www.sonoraenequipo.com.mx\/#organization\"},\"image\":{\"@id\":\"https:\/\/www.sonoraenequipo.com.mx\/a-partir-del-30-de-marzo-suspende-issste-tramites-de-prestamos-personales\/#primaryimage\"},\"thumbnailUrl\":\"https:\/\/www.sonoraenequipo.com.mx\/storage\/2020\/03\/prestamos_issste_opt.jpg\",\"articleSection\":[\"Rep\u00fablica\"],\"inLanguage\":\"es\",\"potentialAction\":[{\"@type\":\"CommentAction\",\"name\":\"Comment\",\"target\":[\"https:\/\/www.sonoraenequipo.com.mx\/a-partir-del-30-de-marzo-suspende-issste-tramites-de-prestamos-personales\/#respond\"]}]},{\"@type\":\"WebPage\",\"@id\":\"https:\/\/www.sonoraenequipo.com.mx\/a-partir-del-30-de-marzo-suspende-issste-tramites-de-prestamos-personales\/\",\"url\":\"https:\/\/www.sonoraenequipo.com.mx\/a-partir-del-30-de-marzo-suspende-issste-tramites-de-prestamos-personales\/\",\"name\":\"Sonora en Equipo. A partir del 30 de marzo, suspende ISSSTE tr\u00e1mites de pr\u00e9stamos personales Rep\u00fablica\",\"isPartOf\":{\"@id\":\"https:\/\/www.sonoraenequipo.com.mx\/#website\"},\"primaryImageOfPage\":{\"@id\":\"https:\/\/www.sonoraenequipo.com.mx\/a-partir-del-30-de-marzo-suspende-issste-tramites-de-prestamos-personales\/#primaryimage\"},\"image\":{\"@id\":\"https:\/\/www.sonoraenequipo.com.mx\/a-partir-del-30-de-marzo-suspende-issste-tramites-de-prestamos-personales\/#primaryimage\"},\"thumbnailUrl\":\"https:\/\/www.sonoraenequipo.com.mx\/storage\/2020\/03\/prestamos_issste_opt.jpg\",\"datePublished\":\"2020-03-27T06:55:09+00:00\",\"description\":\"LA PAZ, BAJA CALIFORNIA SUR. MX. \u2014 Con la finalidad de salvaguardar el derecho a la protecci\u00f3n de la salud de la derechohabiencia afiliada al Instituto de En Sonora en Equipo publicamos toda la informaci\u00f3n de Sonora, M\u00e9xico y el Mundo de manera oportuna y busca que la libertad de expresi\u00f3n sea real. Visita nuestro medio informativo publicado desde Hermosillo, Sonora. %\",\"breadcrumb\":{\"@id\":\"https:\/\/www.sonoraenequipo.com.mx\/a-partir-del-30-de-marzo-suspende-issste-tramites-de-prestamos-personales\/#breadcrumb\"},\"inLanguage\":\"es\",\"potentialAction\":[{\"@type\":\"ReadAction\",\"target\":[\"https:\/\/www.sonoraenequipo.com.mx\/a-partir-del-30-de-marzo-suspende-issste-tramites-de-prestamos-personales\/\"]}]},{\"@type\":\"ImageObject\",\"inLanguage\":\"es\",\"@id\":\"https:\/\/www.sonoraenequipo.com.mx\/a-partir-del-30-de-marzo-suspende-issste-tramites-de-prestamos-personales\/#primaryimage\",\"url\":\"https:\/\/www.sonoraenequipo.com.mx\/storage\/2020\/03\/prestamos_issste_opt.jpg\",\"contentUrl\":\"https:\/\/www.sonoraenequipo.com.mx\/storage\/2020\/03\/prestamos_issste_opt.jpg\",\"width\":600,\"height\":400},{\"@type\":\"BreadcrumbList\",\"@id\":\"https:\/\/www.sonoraenequipo.com.mx\/a-partir-del-30-de-marzo-suspende-issste-tramites-de-prestamos-personales\/#breadcrumb\",\"itemListElement\":[{\"@type\":\"ListItem\",\"position\":1,\"name\":\"Portada\",\"item\":\"https:\/\/www.sonoraenequipo.com.mx\/\"},{\"@type\":\"ListItem\",\"position\":2,\"name\":\"A partir del 30 de marzo, suspende ISSSTE tr\u00e1mites de pr\u00e9stamos personales\"}]},{\"@type\":\"WebSite\",\"@id\":\"https:\/\/www.sonoraenequipo.com.mx\/#website\",\"url\":\"https:\/\/www.sonoraenequipo.com.mx\/\",\"name\":\"Sonora en Equipo.\",\"description\":\"Diario en l\u00ednea con Noticias desde Hermosillo, Sonora\",\"publisher\":{\"@id\":\"https:\/\/www.sonoraenequipo.com.mx\/#organization\"},\"potentialAction\":[{\"@type\":\"SearchAction\",\"target\":{\"@type\":\"EntryPoint\",\"urlTemplate\":\"https:\/\/www.sonoraenequipo.com.mx\/?s={search_term_string}\"},\"query-input\":{\"@type\":\"PropertyValueSpecification\",\"valueRequired\":true,\"valueName\":\"search_term_string\"}}],\"inLanguage\":\"es\"},{\"@type\":\"Organization\",\"@id\":\"https:\/\/www.sonoraenequipo.com.mx\/#organization\",\"name\":\"Sonoraenequipo.com.mx\",\"url\":\"https:\/\/www.sonoraenequipo.com.mx\/\",\"logo\":{\"@type\":\"ImageObject\",\"inLanguage\":\"es\",\"@id\":\"https:\/\/www.sonoraenequipo.com.mx\/#\/schema\/logo\/image\/\",\"url\":\"https:\/\/www.sonoraenequipo.com.mx\/storage\/2019\/01\/sonoraenequipo_opt.png\",\"contentUrl\":\"https:\/\/www.sonoraenequipo.com.mx\/storage\/2019\/01\/sonoraenequipo_opt.png\",\"width\":375,\"height\":125,\"caption\":\"Sonoraenequipo.com.mx\"},\"image\":{\"@id\":\"https:\/\/www.sonoraenequipo.com.mx\/#\/schema\/logo\/image\/\"},\"sameAs\":[\"https:\/\/www.facebook.com\/SonoraEE\/\",\"https:\/\/x.com\/sonoraenequipo\",\"https:\/\/www.youtube.com\/channel\/UC338nW-lPEYmJQs4ZABQ1SQ\"]},{\"@type\":\"Person\",\"@id\":\"https:\/\/www.sonoraenequipo.com.mx\/#\/schema\/person\/50102df0fb23a8fa9e8effad8fa81386\",\"name\":\"enequipo\",\"image\":{\"@type\":\"ImageObject\",\"inLanguage\":\"es\",\"@id\":\"https:\/\/www.sonoraenequipo.com.mx\/#\/schema\/person\/image\/\",\"url\":\"https:\/\/secure.gravatar.com\/avatar\/049821681b589dabc0bc20695993ccebb09f5b5d4d790cd9251b97faac7c652b?s=96&d=blank&r=g\",\"contentUrl\":\"https:\/\/secure.gravatar.com\/avatar\/049821681b589dabc0bc20695993ccebb09f5b5d4d790cd9251b97faac7c652b?s=96&d=blank&r=g\",\"caption\":\"enequipo\"},\"sameAs\":[\"https:\/\/www.facebook.com\/SonoraEE\"]}]}<\/script>\n ","yoast_head_json":{"title":"Sonora en Equipo. A partir del 30 de marzo, suspende ISSSTE tr\u00e1mites de pr\u00e9stamos personales Rep\u00fablica","description":"LA PAZ, BAJA CALIFORNIA SUR. MX. \u2014 Con la finalidad de salvaguardar el derecho a la protecci\u00f3n de la salud de la derechohabiencia afiliada al Instituto de En Sonora en Equipo publicamos toda la informaci\u00f3n de Sonora, M\u00e9xico y el Mundo de manera oportuna y busca que la libertad de expresi\u00f3n sea real. Visita nuestro medio informativo publicado desde Hermosillo, Sonora. %","robots":{"index":"index","follow":"follow","max-snippet":"max-snippet:-1","max-image-preview":"max-image-preview:large","max-video-preview":"max-video-preview:-1"},"canonical":"https:\/\/www.sonoraenequipo.com.mx\/a-partir-del-30-de-marzo-suspende-issste-tramites-de-prestamos-personales\/","og_locale":"es_ES","og_type":"article","og_title":"Sonora en Equipo. A partir del 30 de marzo, suspende ISSSTE tr\u00e1mites de pr\u00e9stamos personales Rep\u00fablica","og_description":"LA PAZ, BAJA CALIFORNIA SUR. MX. \u2014 Con la finalidad de salvaguardar el derecho a la protecci\u00f3n de la salud de la derechohabiencia afiliada al Instituto de En Sonora en Equipo publicamos toda la informaci\u00f3n de Sonora, M\u00e9xico y el Mundo de manera oportuna y busca que la libertad de expresi\u00f3n sea real. Visita nuestro medio informativo publicado desde Hermosillo, Sonora. %","og_url":"https:\/\/www.sonoraenequipo.com.mx\/a-partir-del-30-de-marzo-suspende-issste-tramites-de-prestamos-personales\/","og_site_name":"Sonora en Equipo.","article_publisher":"https:\/\/www.facebook.com\/SonoraEE\/","article_author":"https:\/\/www.facebook.com\/SonoraEE","article_published_time":"2020-03-27T06:55:09+00:00","og_image":[{"width":600,"height":400,"url":"https:\/\/www.sonoraenequipo.com.mx\/storage\/2020\/03\/prestamos_issste_opt.jpg","type":"image\/jpeg"}],"author":"enequipo","twitter_card":"summary_large_image","twitter_creator":"@sonoraenequipo","twitter_site":"@sonoraenequipo","twitter_misc":{"Escrito por":"enequipo","Tiempo de lectura":"1 minuto"},"schema":{"@context":"https:\/\/schema.org","@graph":[{"@type":"Article","@id":"https:\/\/www.sonoraenequipo.com.mx\/a-partir-del-30-de-marzo-suspende-issste-tramites-de-prestamos-personales\/#article","isPartOf":{"@id":"https:\/\/www.sonoraenequipo.com.mx\/a-partir-del-30-de-marzo-suspende-issste-tramites-de-prestamos-personales\/"},"author":{"name":"enequipo","@id":"https:\/\/www.sonoraenequipo.com.mx\/#\/schema\/person\/50102df0fb23a8fa9e8effad8fa81386"},"headline":"A partir del 30 de marzo, suspende ISSSTE tr\u00e1mites de pr\u00e9stamos personales","datePublished":"2020-03-27T06:55:09+00:00","mainEntityOfPage":{"@id":"https:\/\/www.sonoraenequipo.com.mx\/a-partir-del-30-de-marzo-suspende-issste-tramites-de-prestamos-personales\/"},"wordCount":268,"commentCount":0,"publisher":{"@id":"https:\/\/www.sonoraenequipo.com.mx\/#organization"},"image":{"@id":"https:\/\/www.sonoraenequipo.com.mx\/a-partir-del-30-de-marzo-suspende-issste-tramites-de-prestamos-personales\/#primaryimage"},"thumbnailUrl":"https:\/\/www.sonoraenequipo.com.mx\/storage\/2020\/03\/prestamos_issste_opt.jpg","articleSection":["Rep\u00fablica"],"inLanguage":"es","potentialAction":[{"@type":"CommentAction","name":"Comment","target":["https:\/\/www.sonoraenequipo.com.mx\/a-partir-del-30-de-marzo-suspende-issste-tramites-de-prestamos-personales\/#respond"]}]},{"@type":"WebPage","@id":"https:\/\/www.sonoraenequipo.com.mx\/a-partir-del-30-de-marzo-suspende-issste-tramites-de-prestamos-personales\/","url":"https:\/\/www.sonoraenequipo.com.mx\/a-partir-del-30-de-marzo-suspende-issste-tramites-de-prestamos-personales\/","name":"Sonora en Equipo. A partir del 30 de marzo, suspende ISSSTE tr\u00e1mites de pr\u00e9stamos personales Rep\u00fablica","isPartOf":{"@id":"https:\/\/www.sonoraenequipo.com.mx\/#website"},"primaryImageOfPage":{"@id":"https:\/\/www.sonoraenequipo.com.mx\/a-partir-del-30-de-marzo-suspende-issste-tramites-de-prestamos-personales\/#primaryimage"},"image":{"@id":"https:\/\/www.sonoraenequipo.com.mx\/a-partir-del-30-de-marzo-suspende-issste-tramites-de-prestamos-personales\/#primaryimage"},"thumbnailUrl":"https:\/\/www.sonoraenequipo.com.mx\/storage\/2020\/03\/prestamos_issste_opt.jpg","datePublished":"2020-03-27T06:55:09+00:00","description":"LA PAZ, BAJA CALIFORNIA SUR. MX. \u2014 Con la finalidad de salvaguardar el derecho a la protecci\u00f3n de la salud de la derechohabiencia afiliada al Instituto de En Sonora en Equipo publicamos toda la informaci\u00f3n de Sonora, M\u00e9xico y el Mundo de manera oportuna y busca que la libertad de expresi\u00f3n sea real. Visita nuestro medio informativo publicado desde Hermosillo, Sonora. %","breadcrumb":{"@id":"https:\/\/www.sonoraenequipo.com.mx\/a-partir-del-30-de-marzo-suspende-issste-tramites-de-prestamos-personales\/#breadcrumb"},"inLanguage":"es","potentialAction":[{"@type":"ReadAction","target":["https:\/\/www.sonoraenequipo.com.mx\/a-partir-del-30-de-marzo-suspende-issste-tramites-de-prestamos-personales\/"]}]},{"@type":"ImageObject","inLanguage":"es","@id":"https:\/\/www.sonoraenequipo.com.mx\/a-partir-del-30-de-marzo-suspende-issste-tramites-de-prestamos-personales\/#primaryimage","url":"https:\/\/www.sonoraenequipo.com.mx\/storage\/2020\/03\/prestamos_issste_opt.jpg","contentUrl":"https:\/\/www.sonoraenequipo.com.mx\/storage\/2020\/03\/prestamos_issste_opt.jpg","width":600,"height":400},{"@type":"BreadcrumbList","@id":"https:\/\/www.sonoraenequipo.com.mx\/a-partir-del-30-de-marzo-suspende-issste-tramites-de-prestamos-personales\/#breadcrumb","itemListElement":[{"@type":"ListItem","position":1,"name":"Portada","item":"https:\/\/www.sonoraenequipo.com.mx\/"},{"@type":"ListItem","position":2,"name":"A partir del 30 de marzo, suspende ISSSTE tr\u00e1mites de pr\u00e9stamos personales"}]},{"@type":"WebSite","@id":"https:\/\/www.sonoraenequipo.com.mx\/#website","url":"https:\/\/www.sonoraenequipo.com.mx\/","name":"Sonora en Equipo.","description":"Diario en l\u00ednea con Noticias desde Hermosillo, Sonora","publisher":{"@id":"https:\/\/www.sonoraenequipo.com.mx\/#organization"},"potentialAction":[{"@type":"SearchAction","target":{"@type":"EntryPoint","urlTemplate":"https:\/\/www.sonoraenequipo.com.mx\/?s={search_term_string}"},"query-input":{"@type":"PropertyValueSpecification","valueRequired":true,"valueName":"search_term_string"}}],"inLanguage":"es"},{"@type":"Organization","@id":"https:\/\/www.sonoraenequipo.com.mx\/#organization","name":"Sonoraenequipo.com.mx","url":"https:\/\/www.sonoraenequipo.com.mx\/","logo":{"@type":"ImageObject","inLanguage":"es","@id":"https:\/\/www.sonoraenequipo.com.mx\/#\/schema\/logo\/image\/","url":"https:\/\/www.sonoraenequipo.com.mx\/storage\/2019\/01\/sonoraenequipo_opt.png","contentUrl":"https:\/\/www.sonoraenequipo.com.mx\/storage\/2019\/01\/sonoraenequipo_opt.png","width":375,"height":125,"caption":"Sonoraenequipo.com.mx"},"image":{"@id":"https:\/\/www.sonoraenequipo.com.mx\/#\/schema\/logo\/image\/"},"sameAs":["https:\/\/www.facebook.com\/SonoraEE\/","https:\/\/x.com\/sonoraenequipo","https:\/\/www.youtube.com\/channel\/UC338nW-lPEYmJQs4ZABQ1SQ"]},{"@type":"Person","@id":"https:\/\/www.sonoraenequipo.com.mx\/#\/schema\/person\/50102df0fb23a8fa9e8effad8fa81386","name":"enequipo","image":{"@type":"ImageObject","inLanguage":"es","@id":"https:\/\/www.sonoraenequipo.com.mx\/#\/schema\/person\/image\/","url":"https:\/\/secure.gravatar.com\/avatar\/049821681b589dabc0bc20695993ccebb09f5b5d4d790cd9251b97faac7c652b?s=96&d=blank&r=g","contentUrl":"https:\/\/secure.gravatar.com\/avatar\/049821681b589dabc0bc20695993ccebb09f5b5d4d790cd9251b97faac7c652b?s=96&d=blank&r=g","caption":"enequipo"},"sameAs":["https:\/\/www.facebook.com\/SonoraEE"]}]}},"jetpack_featured_media_url":"https:\/\/www.sonoraenequipo.com.mx\/storage\/2020\/03\/prestamos_issste_opt.jpg","_links":{"self":[{"href":"https:\/\/www.sonoraenequipo.com.mx\/api\/wp\/v2\/posts\/81830","targetHints":{"allow":["GET"]}}],"collection":[{"href":"https:\/\/www.sonoraenequipo.com.mx\/api\/wp\/v2\/posts"}],"about":[{"href":"https:\/\/www.sonoraenequipo.com.mx\/api\/wp\/v2\/types\/post"}],"author":[{"embeddable":true,"href":"https:\/\/www.sonoraenequipo.com.mx\/api\/wp\/v2\/users\/1"}],"replies":[{"embeddable":true,"href":"https:\/\/www.sonoraenequipo.com.mx\/api\/wp\/v2\/comments?post=81830"}],"version-history":[{"count":0,"href":"https:\/\/www.sonoraenequipo.com.mx\/api\/wp\/v2\/posts\/81830\/revisions"}],"wp:featuredmedia":[{"embeddable":true,"href":"https:\/\/www.sonoraenequipo.com.mx\/api\/wp\/v2\/media\/81831"}],"wp:attachment":[{"href":"https:\/\/www.sonoraenequipo.com.mx\/api\/wp\/v2\/media?parent=81830"}],"wp:term":[{"taxonomy":"category","embeddable":true,"href":"https:\/\/www.sonoraenequipo.com.mx\/api\/wp\/v2\/categories?post=81830"},{"taxonomy":"post_tag","embeddable":true,"href":"https:\/\/www.sonoraenequipo.com.mx\/api\/wp\/v2\/tags?post=81830"}],"curies":[{"name":"wp","href":"https:\/\/api.w.org\/{rel}","templated":true}]}}